{"id":968,"date":"2023-12-05T19:43:52","date_gmt":"2023-12-06T00:43:52","guid":{"rendered":"http:\/\/comite-civico.org\/?p=968"},"modified":"2023-12-05T20:26:39","modified_gmt":"2023-12-06T01:26:39","slug":"taller-de-politica-hidrica","status":"publish","type":"post","link":"https:\/\/comite-civico.org\/?p=968","title":{"rendered":"Taller de pol\u00edtica h\u00eddrica"},"content":{"rendered":"\n<p>El 29 de noviembre de 2023, se llev\u00f3 a cabo un evento significativo en el campo de la gesti\u00f3n del agua en Colombia: el Taller de Pol\u00edtica H\u00eddrica. Este taller fue organizado por Proagua, la entidad encargada de liderar este proyecto vital, y cont\u00f3 con la participaci\u00f3n activa de miembros de la mesa de ambiente, un grupo diverso de expertos y partes interesadas en la gesti\u00f3n y conservaci\u00f3n del agua.<\/p>\n\n\n\n<iframe src=\"https:\/\/www.facebook.com\/plugins\/video.php?height=314&#038;href=https%3A%2F%2Fwww.facebook.com%2FCOMITEPAROCIVICOBUENAVENTURA%2Fvideos%2F682218574048892%2F&#038;show_text=false&#038;width=560&#038;t=0\" width=\"560\" height=\"314\" style=\"border:none;overflow:hidden\" scrolling=\"no\" frameborder=\"0\" allowfullscreen=\"true\" allow=\"autoplay; clipboard-write; encrypted-media; picture-in-picture; web-share\" allowFullScreen=\"true\"><\/iframe>\n\n\n\n<p>Este taller es un reflejo del compromiso continuo con los acuerdos establecidos por el Movimiento Social Paro C\u00edvico de Buenaventura. El objetivo principal de esta pol\u00edtica h\u00eddrica es proteger el recurso h\u00eddrico del Distrito, una necesidad cada vez m\u00e1s cr\u00edtica en el contexto del cambio clim\u00e1tico y el desarrollo sostenible. La importancia del agua como recurso vital no se limita solo a su disponibilidad, sino tambi\u00e9n a su calidad y gesti\u00f3n, aspectos fundamentales para la salud, la econom\u00eda y el medio ambiente de la regi\u00f3n.<\/p>\n\n\n\n<p>Durante el taller, los participantes discutieron una variedad de temas, incluyendo estrategias de conservaci\u00f3n del agua, pr\u00e1cticas de manejo sostenible, y pol\u00edticas para garantizar el acceso equitativo al agua para todas las comunidades. Se exploraron tambi\u00e9n enfoques innovadores para la gesti\u00f3n de recursos h\u00eddricos, incluyendo tecnolog\u00edas de ahorro de agua y t\u00e9cnicas de recolecci\u00f3n de agua de lluvia.<\/p>\n\n\n\n<p>Adem\u00e1s, se puso \u00e9nfasis en la necesidad de una participaci\u00f3n comunitaria activa en la gesti\u00f3n del agua. La inclusi\u00f3n de voces locales es fundamental para garantizar que las pol\u00edticas y pr\u00e1cticas h\u00eddricas sean efectivas y equitativas. Esto tambi\u00e9n implica educar y sensibilizar a la comunidad sobre la importancia del uso responsable del agua y la protecci\u00f3n de los ecosistemas acu\u00e1ticos.<\/p>\n\n\n\n<p>El Taller de Pol\u00edtica H\u00eddrica es un paso importante hacia la creaci\u00f3n de un marco sostenible y justo para la gesti\u00f3n del agua en Buenaventura. Este evento subraya la importancia de trabajar juntos &#8211; gobiernos, comunidades, expertos y organizaciones &#8211; para enfrentar los desaf\u00edos del agua en el presente y futuro, asegurando que este recurso esencial se gestione de manera que beneficie a todas las personas y proteja el medio ambiente para las generaciones futuras.<\/p>\n","protected":false},"excerpt":{"rendered":"<p>El 29 de noviembre de 2023, se llev\u00f3 a cabo un evento significativo en el campo de la gesti\u00f3n del agua en Colombia: el Taller de Pol\u00edtica H\u00eddrica. Este taller fue organizado por Proagua, la entidad encargada de liderar este proyecto vital, y cont\u00f3 con la participaci\u00f3n activa de miembros de la mesa de ambiente, &#8230; <a title=\"Taller de pol\u00edtica h\u00eddrica\" class=\"read-more\" href=\"https:\/\/comite-civico.org\/?p=968\" aria-label=\"Read more about Taller de pol\u00edtica h\u00eddrica\">Leer m\u00e1s<\/a><\/p>\n","protected":false},"author":1,"featured_media":969,"comment_status":"open","ping_status":"open","sticky":false,"template":"","format":"standard","meta":{"footnotes":""},"categories":[16],"tags":[21],"class_list":["post-968","post","type-post","status-publish","format-standard","has-post-thumbnail","hentry","category-logros","tag-mesa-ambiental"],"acf":[],"yoast_head":"<!-- This site is optimized with the Yoast SEO plugin v25.0 - https:\/\/yoast.com\/wordpress\/plugins\/seo\/ -->\n<title>Taller de pol\u00edtica h\u00eddrica - Movimiento Social Paro C\u00edvico de Buenaventura<\/title>\n<meta name=\"robots\" content=\"index, follow, max-snippet:-1, max-image-preview:large, max-video-preview:-1\" \/>\n<link rel=\"canonical\" href=\"https:\/\/comite-civico.org\/?p=968\" \/>\n<meta property=\"og:locale\" content=\"es_ES\" \/>\n<meta property=\"og:type\" content=\"article\" \/>\n<meta property=\"og:title\" content=\"Taller de pol\u00edtica h\u00eddrica - Movimiento Social Paro C\u00edvico de Buenaventura\" \/>\n<meta property=\"og:description\" content=\"El 29 de noviembre de 2023, se llev\u00f3 a cabo un evento significativo en el campo de la gesti\u00f3n del agua en Colombia: el Taller de Pol\u00edtica H\u00eddrica. Este taller fue organizado por Proagua, la entidad encargada de liderar este proyecto vital, y cont\u00f3 con la participaci\u00f3n activa de miembros de la mesa de ambiente, ... Leer m\u00e1s\" \/>\n<meta property=\"og:url\" content=\"https:\/\/comite-civico.org\/?p=968\" \/>\n<meta property=\"og:site_name\" content=\"Movimiento Social Paro C\u00edvico de Buenaventura\" \/>\n<meta property=\"article:published_time\" content=\"2023-12-06T00:43:52+00:00\" \/>\n<meta property=\"article:modified_time\" content=\"2023-12-06T01:26:39+00:00\" \/>\n<meta property=\"og:image\" content=\"https:\/\/comite-civico.org\/wp-content\/uploads\/2023\/12\/agua-buenaventura-topaz-enhance-faceai.jpg\" \/>\n\t<meta property=\"og:image:width\" content=\"1900\" \/>\n\t<meta property=\"og:image:height\" content=\"1265\" \/>\n\t<meta property=\"og:image:type\" content=\"image\/jpeg\" \/>\n<meta name=\"author\" content=\"comiteadmin\" \/>\n<meta name=\"twitter:card\" content=\"summary_large_image\" \/>\n<meta name=\"twitter:label1\" content=\"Escrito por\" \/>\n\t<meta name=\"twitter:data1\" content=\"comiteadmin\" \/>\n\t<meta name=\"twitter:label2\" content=\"Tiempo de lectura\" \/>\n\t<meta name=\"twitter:data2\" content=\"2 minutos\" \/>\n<script type=\"application\/ld+json\" class=\"yoast-schema-graph\">{\"@context\":\"https:\/\/schema.org\",\"@graph\":[{\"@type\":\"Article\",\"@id\":\"https:\/\/comite-civico.org\/?p=968#article\",\"isPartOf\":{\"@id\":\"https:\/\/comite-civico.org\/?p=968\"},\"author\":{\"name\":\"comiteadmin\",\"@id\":\"https:\/\/comite-civico.org\/#\/schema\/person\/eebdf569aa3565fa603cc9c5b53cea34\"},\"headline\":\"Taller de pol\u00edtica h\u00eddrica\",\"datePublished\":\"2023-12-06T00:43:52+00:00\",\"dateModified\":\"2023-12-06T01:26:39+00:00\",\"mainEntityOfPage\":{\"@id\":\"https:\/\/comite-civico.org\/?p=968\"},\"wordCount\":393,\"commentCount\":0,\"publisher\":{\"@id\":\"https:\/\/comite-civico.org\/#organization\"},\"image\":{\"@id\":\"https:\/\/comite-civico.org\/?p=968#primaryimage\"},\"thumbnailUrl\":\"https:\/\/comite-civico.org\/wp-content\/uploads\/2023\/12\/agua-buenaventura-topaz-enhance-faceai.jpg\",\"keywords\":[\"Mesa Ambiental\"],\"articleSection\":[\"Logros\"],\"inLanguage\":\"es-CO\",\"potentialAction\":[{\"@type\":\"CommentAction\",\"name\":\"Comment\",\"target\":[\"https:\/\/comite-civico.org\/?p=968#respond\"]}]},{\"@type\":\"WebPage\",\"@id\":\"https:\/\/comite-civico.org\/?p=968\",\"url\":\"https:\/\/comite-civico.org\/?p=968\",\"name\":\"Taller de pol\u00edtica h\u00eddrica - Movimiento Social Paro C\u00edvico de Buenaventura\",\"isPartOf\":{\"@id\":\"https:\/\/comite-civico.org\/#website\"},\"primaryImageOfPage\":{\"@id\":\"https:\/\/comite-civico.org\/?p=968#primaryimage\"},\"image\":{\"@id\":\"https:\/\/comite-civico.org\/?p=968#primaryimage\"},\"thumbnailUrl\":\"https:\/\/comite-civico.org\/wp-content\/uploads\/2023\/12\/agua-buenaventura-topaz-enhance-faceai.jpg\",\"datePublished\":\"2023-12-06T00:43:52+00:00\",\"dateModified\":\"2023-12-06T01:26:39+00:00\",\"breadcrumb\":{\"@id\":\"https:\/\/comite-civico.org\/?p=968#breadcrumb\"},\"inLanguage\":\"es-CO\",\"potentialAction\":[{\"@type\":\"ReadAction\",\"target\":[\"https:\/\/comite-civico.org\/?p=968\"]}]},{\"@type\":\"ImageObject\",\"inLanguage\":\"es-CO\",\"@id\":\"https:\/\/comite-civico.org\/?p=968#primaryimage\",\"url\":\"https:\/\/comite-civico.org\/wp-content\/uploads\/2023\/12\/agua-buenaventura-topaz-enhance-faceai.jpg\",\"contentUrl\":\"https:\/\/comite-civico.org\/wp-content\/uploads\/2023\/12\/agua-buenaventura-topaz-enhance-faceai.jpg\",\"width\":1900,\"height\":1265},{\"@type\":\"BreadcrumbList\",\"@id\":\"https:\/\/comite-civico.org\/?p=968#breadcrumb\",\"itemListElement\":[{\"@type\":\"ListItem\",\"position\":1,\"name\":\"Inicio\",\"item\":\"https:\/\/comite-civico.org\/\"},{\"@type\":\"ListItem\",\"position\":2,\"name\":\"Taller de pol\u00edtica h\u00eddrica\"}]},{\"@type\":\"WebSite\",\"@id\":\"https:\/\/comite-civico.org\/#website\",\"url\":\"https:\/\/comite-civico.org\/\",\"name\":\"Movimiento Social Paro C\u00edvico de Buenaventura\",\"description\":\"Movimiento Social Paro C\u00edvico de Buenaventura\",\"publisher\":{\"@id\":\"https:\/\/comite-civico.org\/#organization\"},\"potentialAction\":[{\"@type\":\"SearchAction\",\"target\":{\"@type\":\"EntryPoint\",\"urlTemplate\":\"https:\/\/comite-civico.org\/?s={search_term_string}\"},\"query-input\":{\"@type\":\"PropertyValueSpecification\",\"valueRequired\":true,\"valueName\":\"search_term_string\"}}],\"inLanguage\":\"es-CO\"},{\"@type\":\"Organization\",\"@id\":\"https:\/\/comite-civico.org\/#organization\",\"name\":\"Movimiento Social Paro C\u00edvico de Buenaventura\",\"url\":\"https:\/\/comite-civico.org\/\",\"logo\":{\"@type\":\"ImageObject\",\"inLanguage\":\"es-CO\",\"@id\":\"https:\/\/comite-civico.org\/#\/schema\/logo\/image\/\",\"url\":\"https:\/\/comite-civico.org\/wp-content\/uploads\/2021\/03\/Logo-de-Movimiento-Blanco-scaled.png\",\"contentUrl\":\"https:\/\/comite-civico.org\/wp-content\/uploads\/2021\/03\/Logo-de-Movimiento-Blanco-scaled.png\",\"width\":2560,\"height\":1810,\"caption\":\"Movimiento Social Paro C\u00edvico de Buenaventura\"},\"image\":{\"@id\":\"https:\/\/comite-civico.org\/#\/schema\/logo\/image\/\"}},{\"@type\":\"Person\",\"@id\":\"https:\/\/comite-civico.org\/#\/schema\/person\/eebdf569aa3565fa603cc9c5b53cea34\",\"name\":\"comiteadmin\",\"image\":{\"@type\":\"ImageObject\",\"inLanguage\":\"es-CO\",\"@id\":\"https:\/\/comite-civico.org\/#\/schema\/person\/image\/\",\"url\":\"https:\/\/secure.gravatar.com\/avatar\/516fb540621996b28f565fdf033072d55dd3fe76896ef4af5250b5fec1b457fe?s=96&d=mm&r=g\",\"contentUrl\":\"https:\/\/secure.gravatar.com\/avatar\/516fb540621996b28f565fdf033072d55dd3fe76896ef4af5250b5fec1b457fe?s=96&d=mm&r=g\",\"caption\":\"comiteadmin\"},\"sameAs\":[\"https:\/\/comite-civico.org\/\"],\"url\":\"https:\/\/comite-civico.org\/?author=1\"}]}<\/script>\n<!-- \/ Yoast SEO plugin. -->","yoast_head_json":{"title":"Taller de pol\u00edtica h\u00eddrica - Movimiento Social Paro C\u00edvico de Buenaventura","robots":{"index":"index","follow":"follow","max-snippet":"max-snippet:-1","max-image-preview":"max-image-preview:large","max-video-preview":"max-video-preview:-1"},"canonical":"https:\/\/comite-civico.org\/?p=968","og_locale":"es_ES","og_type":"article","og_title":"Taller de pol\u00edtica h\u00eddrica - Movimiento Social Paro C\u00edvico de Buenaventura","og_description":"El 29 de noviembre de 2023, se llev\u00f3 a cabo un evento significativo en el campo de la gesti\u00f3n del agua en Colombia: el Taller de Pol\u00edtica H\u00eddrica. Este taller fue organizado por Proagua, la entidad encargada de liderar este proyecto vital, y cont\u00f3 con la participaci\u00f3n activa de miembros de la mesa de ambiente, ... Leer m\u00e1s","og_url":"https:\/\/comite-civico.org\/?p=968","og_site_name":"Movimiento Social Paro C\u00edvico de Buenaventura","article_published_time":"2023-12-06T00:43:52+00:00","article_modified_time":"2023-12-06T01:26:39+00:00","og_image":[{"width":1900,"height":1265,"url":"https:\/\/comite-civico.org\/wp-content\/uploads\/2023\/12\/agua-buenaventura-topaz-enhance-faceai.jpg","type":"image\/jpeg"}],"author":"comiteadmin","twitter_card":"summary_large_image","twitter_misc":{"Escrito por":"comiteadmin","Tiempo de lectura":"2 minutos"},"schema":{"@context":"https:\/\/schema.org","@graph":[{"@type":"Article","@id":"https:\/\/comite-civico.org\/?p=968#article","isPartOf":{"@id":"https:\/\/comite-civico.org\/?p=968"},"author":{"name":"comiteadmin","@id":"https:\/\/comite-civico.org\/#\/schema\/person\/eebdf569aa3565fa603cc9c5b53cea34"},"headline":"Taller de pol\u00edtica h\u00eddrica","datePublished":"2023-12-06T00:43:52+00:00","dateModified":"2023-12-06T01:26:39+00:00","mainEntityOfPage":{"@id":"https:\/\/comite-civico.org\/?p=968"},"wordCount":393,"commentCount":0,"publisher":{"@id":"https:\/\/comite-civico.org\/#organization"},"image":{"@id":"https:\/\/comite-civico.org\/?p=968#primaryimage"},"thumbnailUrl":"https:\/\/comite-civico.org\/wp-content\/uploads\/2023\/12\/agua-buenaventura-topaz-enhance-faceai.jpg","keywords":["Mesa Ambiental"],"articleSection":["Logros"],"inLanguage":"es-CO","potentialAction":[{"@type":"CommentAction","name":"Comment","target":["https:\/\/comite-civico.org\/?p=968#respond"]}]},{"@type":"WebPage","@id":"https:\/\/comite-civico.org\/?p=968","url":"https:\/\/comite-civico.org\/?p=968","name":"Taller de pol\u00edtica h\u00eddrica - Movimiento Social Paro C\u00edvico de Buenaventura","isPartOf":{"@id":"https:\/\/comite-civico.org\/#website"},"primaryImageOfPage":{"@id":"https:\/\/comite-civico.org\/?p=968#primaryimage"},"image":{"@id":"https:\/\/comite-civico.org\/?p=968#primaryimage"},"thumbnailUrl":"https:\/\/comite-civico.org\/wp-content\/uploads\/2023\/12\/agua-buenaventura-topaz-enhance-faceai.jpg","datePublished":"2023-12-06T00:43:52+00:00","dateModified":"2023-12-06T01:26:39+00:00","breadcrumb":{"@id":"https:\/\/comite-civico.org\/?p=968#breadcrumb"},"inLanguage":"es-CO","potentialAction":[{"@type":"ReadAction","target":["https:\/\/comite-civico.org\/?p=968"]}]},{"@type":"ImageObject","inLanguage":"es-CO","@id":"https:\/\/comite-civico.org\/?p=968#primaryimage","url":"https:\/\/comite-civico.org\/wp-content\/uploads\/2023\/12\/agua-buenaventura-topaz-enhance-faceai.jpg","contentUrl":"https:\/\/comite-civico.org\/wp-content\/uploads\/2023\/12\/agua-buenaventura-topaz-enhance-faceai.jpg","width":1900,"height":1265},{"@type":"BreadcrumbList","@id":"https:\/\/comite-civico.org\/?p=968#breadcrumb","itemListElement":[{"@type":"ListItem","position":1,"name":"Inicio","item":"https:\/\/comite-civico.org\/"},{"@type":"ListItem","position":2,"name":"Taller de pol\u00edtica h\u00eddrica"}]},{"@type":"WebSite","@id":"https:\/\/comite-civico.org\/#website","url":"https:\/\/comite-civico.org\/","name":"Movimiento Social Paro C\u00edvico de Buenaventura","description":"Movimiento Social Paro C\u00edvico de Buenaventura","publisher":{"@id":"https:\/\/comite-civico.org\/#organization"},"potentialAction":[{"@type":"SearchAction","target":{"@type":"EntryPoint","urlTemplate":"https:\/\/comite-civico.org\/?s={search_term_string}"},"query-input":{"@type":"PropertyValueSpecification","valueRequired":true,"valueName":"search_term_string"}}],"inLanguage":"es-CO"},{"@type":"Organization","@id":"https:\/\/comite-civico.org\/#organization","name":"Movimiento Social Paro C\u00edvico de Buenaventura","url":"https:\/\/comite-civico.org\/","logo":{"@type":"ImageObject","inLanguage":"es-CO","@id":"https:\/\/comite-civico.org\/#\/schema\/logo\/image\/","url":"https:\/\/comite-civico.org\/wp-content\/uploads\/2021\/03\/Logo-de-Movimiento-Blanco-scaled.png","contentUrl":"https:\/\/comite-civico.org\/wp-content\/uploads\/2021\/03\/Logo-de-Movimiento-Blanco-scaled.png","width":2560,"height":1810,"caption":"Movimiento Social Paro C\u00edvico de Buenaventura"},"image":{"@id":"https:\/\/comite-civico.org\/#\/schema\/logo\/image\/"}},{"@type":"Person","@id":"https:\/\/comite-civico.org\/#\/schema\/person\/eebdf569aa3565fa603cc9c5b53cea34","name":"comiteadmin","image":{"@type":"ImageObject","inLanguage":"es-CO","@id":"https:\/\/comite-civico.org\/#\/schema\/person\/image\/","url":"https:\/\/secure.gravatar.com\/avatar\/516fb540621996b28f565fdf033072d55dd3fe76896ef4af5250b5fec1b457fe?s=96&d=mm&r=g","contentUrl":"https:\/\/secure.gravatar.com\/avatar\/516fb540621996b28f565fdf033072d55dd3fe76896ef4af5250b5fec1b457fe?s=96&d=mm&r=g","caption":"comiteadmin"},"sameAs":["https:\/\/comite-civico.org\/"],"url":"https:\/\/comite-civico.org\/?author=1"}]}},"_links":{"self":[{"href":"https:\/\/comite-civico.org\/index.php?rest_route=\/wp\/v2\/posts\/968","targetHints":{"allow":["GET"]}}],"collection":[{"href":"https:\/\/comite-civico.org\/index.php?rest_route=\/wp\/v2\/posts"}],"about":[{"href":"https:\/\/comite-civico.org\/index.php?rest_route=\/wp\/v2\/types\/post"}],"author":[{"embeddable":true,"href":"https:\/\/comite-civico.org\/index.php?rest_route=\/wp\/v2\/users\/1"}],"replies":[{"embeddable":true,"href":"https:\/\/comite-civico.org\/index.php?rest_route=%2Fwp%2Fv2%2Fcomments&post=968"}],"version-history":[{"count":1,"href":"https:\/\/comite-civico.org\/index.php?rest_route=\/wp\/v2\/posts\/968\/revisions"}],"predecessor-version":[{"id":971,"href":"https:\/\/comite-civico.org\/index.php?rest_route=\/wp\/v2\/posts\/968\/revisions\/971"}],"wp:featuredmedia":[{"embeddable":true,"href":"https:\/\/comite-civico.org\/index.php?rest_route=\/wp\/v2\/media\/969"}],"wp:attachment":[{"href":"https:\/\/comite-civico.org\/index.php?rest_route=%2Fwp%2Fv2%2Fmedia&parent=968"}],"wp:term":[{"taxonomy":"category","embeddable":true,"href":"https:\/\/comite-civico.org\/index.php?rest_route=%2Fwp%2Fv2%2Fcategories&post=968"},{"taxonomy":"post_tag","embeddable":true,"href":"https:\/\/comite-civico.org\/index.php?rest_route=%2Fwp%2Fv2%2Ftags&post=968"}],"curies":[{"name":"wp","href":"https:\/\/api.w.org\/{rel}","templated":true}]}}