{"id":964,"date":"2023-12-05T19:11:16","date_gmt":"2023-12-06T00:11:16","guid":{"rendered":"http:\/\/comite-civico.org\/?p=964"},"modified":"2023-12-05T20:26:24","modified_gmt":"2023-12-06T01:26:24","slug":"mesa-de-educacion-icetex-se-cumplen-objetivos","status":"publish","type":"post","link":"https:\/\/comite-civico.org\/?p=964","title":{"rendered":"Mesa de educaci\u00f3n ICETEX se cumplen objetivos"},"content":{"rendered":"\n<p>El compromiso con la educaci\u00f3n sigue siendo una prioridad en Colombia, y en esta l\u00ednea, se ha dado un paso significativo que resuena con los acuerdos alcanzados durante el hist\u00f3rico Paro C\u00edvico de 2017. En un esfuerzo colaborativo y altamente simb\u00f3lico, el ICETEX, que es una entidad crucial del Ministerio de Educaci\u00f3n del gobierno nacional, en uni\u00f3n con la Universidad del Pac\u00edfico, ha marcado un hito importante. Este esfuerzo conjunto ha involucrado tambi\u00e9n a los habitantes y l\u00edderes comunitarios del barrio Nayita, un sector vital en la regi\u00f3n.<\/p>\n\n\n\n<figure class=\"wp-block-image size-large\"><img fetchpriority=\"high\" decoding=\"async\" width=\"1024\" height=\"768\" src=\"http:\/\/comite-civico.org\/wp-content\/uploads\/2023\/12\/image-1024x768.png\" alt=\"\" class=\"wp-image-966\" srcset=\"https:\/\/comite-civico.org\/wp-content\/uploads\/2023\/12\/image-1024x768.png 1024w, https:\/\/comite-civico.org\/wp-content\/uploads\/2023\/12\/image-300x225.png 300w, https:\/\/comite-civico.org\/wp-content\/uploads\/2023\/12\/image-768x576.png 768w, https:\/\/comite-civico.org\/wp-content\/uploads\/2023\/12\/image-1536x1152.png 1536w, https:\/\/comite-civico.org\/wp-content\/uploads\/2023\/12\/image.png 2048w\" sizes=\"(max-width: 1024px) 100vw, 1024px\" \/><\/figure>\n\n\n\n<p>El proyecto en cuesti\u00f3n es el desarrollo de un dise\u00f1o innovador para el futuro edificio que servir\u00e1 como sede de ICETEX en el Pac\u00edfico Colombiano. Este dise\u00f1o no solo simboliza un avance arquitect\u00f3nico, sino que tambi\u00e9n representa un compromiso tangible con la educaci\u00f3n y el desarrollo en la regi\u00f3n. El dise\u00f1o ha sido el resultado de un proceso colaborativo, donde las voces de la comunidad local han sido esenciales para capturar las necesidades y aspiraciones de la poblaci\u00f3n.<\/p>\n\n\n\n<p>El edificio, que pronto entrar\u00e1 en su fase ejecutiva, promete ser un centro de actividad y recurso para los estudiantes de la regi\u00f3n. Se espera que facilite el acceso a recursos educativos, becas y programas de financiamiento que son cruciales para el avance acad\u00e9mico y profesional de los j\u00f3venes en la regi\u00f3n del Pac\u00edfico Colombiano. Adem\u00e1s, este proyecto es un reflejo del compromiso continuo del gobierno y las instituciones educativas para cerrar las brechas en el acceso a la educaci\u00f3n superior en Colombia.<\/p>\n\n\n\n<p>Este proyecto no solo es un paso adelante en t\u00e9rminos de infraestructura educativa, sino que tambi\u00e9n simboliza un modelo de colaboraci\u00f3n entre el gobierno, instituciones educativas y la comunidad. Refleja un esfuerzo por construir soluciones que son sensibles a las necesidades locales y que promueven la participaci\u00f3n comunitaria en la toma de decisiones. En \u00faltima instancia, el nuevo edificio de ICETEX en el Pac\u00edfico Colombiano se perfila como un faro de esperanza y un motor de cambio para la regi\u00f3n, llevando la educaci\u00f3n y el desarrollo a nuevas alturas.<\/p>\n","protected":false},"excerpt":{"rendered":"<p>El compromiso con la educaci\u00f3n sigue siendo una prioridad en Colombia, y en esta l\u00ednea, se ha dado un paso significativo que resuena con los acuerdos alcanzados durante el hist\u00f3rico Paro C\u00edvico de 2017. En un esfuerzo colaborativo y altamente simb\u00f3lico, el ICETEX, que es una entidad crucial del Ministerio de Educaci\u00f3n del gobierno nacional, &#8230; <a title=\"Mesa de educaci\u00f3n ICETEX se cumplen objetivos\" class=\"read-more\" href=\"https:\/\/comite-civico.org\/?p=964\" aria-label=\"Read more about Mesa de educaci\u00f3n ICETEX se cumplen objetivos\">Leer m\u00e1s<\/a><\/p>\n","protected":false},"author":1,"featured_media":965,"comment_status":"open","ping_status":"open","sticky":false,"template":"","format":"standard","meta":{"footnotes":""},"categories":[16],"tags":[20],"class_list":["post-964","post","type-post","status-publish","format-standard","has-post-thumbnail","hentry","category-logros","tag-mesa-de-educacion"],"acf":[],"yoast_head":"<!-- This site is optimized with the Yoast SEO plugin v25.0 - https:\/\/yoast.com\/wordpress\/plugins\/seo\/ -->\n<title>Mesa de educaci\u00f3n ICETEX se cumplen objetivos - Movimiento Social Paro C\u00edvico de Buenaventura<\/title>\n<meta name=\"robots\" content=\"index, follow, max-snippet:-1, max-image-preview:large, max-video-preview:-1\" \/>\n<link rel=\"canonical\" href=\"https:\/\/comite-civico.org\/?p=964\" \/>\n<meta property=\"og:locale\" content=\"es_ES\" \/>\n<meta property=\"og:type\" content=\"article\" \/>\n<meta property=\"og:title\" content=\"Mesa de educaci\u00f3n ICETEX se cumplen objetivos - Movimiento Social Paro C\u00edvico de Buenaventura\" \/>\n<meta property=\"og:description\" content=\"El compromiso con la educaci\u00f3n sigue siendo una prioridad en Colombia, y en esta l\u00ednea, se ha dado un paso significativo que resuena con los acuerdos alcanzados durante el hist\u00f3rico Paro C\u00edvico de 2017. En un esfuerzo colaborativo y altamente simb\u00f3lico, el ICETEX, que es una entidad crucial del Ministerio de Educaci\u00f3n del gobierno nacional, ... Leer m\u00e1s\" \/>\n<meta property=\"og:url\" content=\"https:\/\/comite-civico.org\/?p=964\" \/>\n<meta property=\"og:site_name\" content=\"Movimiento Social Paro C\u00edvico de Buenaventura\" \/>\n<meta property=\"article:published_time\" content=\"2023-12-06T00:11:16+00:00\" \/>\n<meta property=\"article:modified_time\" content=\"2023-12-06T01:26:24+00:00\" \/>\n<meta property=\"og:image\" content=\"https:\/\/comite-civico.org\/wp-content\/uploads\/2023\/12\/406779393_673482898317397_8440365150972581802_n.jpg\" \/>\n\t<meta property=\"og:image:width\" content=\"2048\" \/>\n\t<meta property=\"og:image:height\" content=\"1438\" \/>\n\t<meta property=\"og:image:type\" content=\"image\/jpeg\" \/>\n<meta name=\"author\" content=\"comiteadmin\" \/>\n<meta name=\"twitter:card\" content=\"summary_large_image\" \/>\n<meta name=\"twitter:label1\" content=\"Escrito por\" \/>\n\t<meta name=\"twitter:data1\" content=\"comiteadmin\" \/>\n\t<meta name=\"twitter:label2\" content=\"Tiempo de lectura\" \/>\n\t<meta name=\"twitter:data2\" content=\"2 minutos\" \/>\n<script type=\"application\/ld+json\" class=\"yoast-schema-graph\">{\"@context\":\"https:\/\/schema.org\",\"@graph\":[{\"@type\":\"Article\",\"@id\":\"https:\/\/comite-civico.org\/?p=964#article\",\"isPartOf\":{\"@id\":\"https:\/\/comite-civico.org\/?p=964\"},\"author\":{\"name\":\"comiteadmin\",\"@id\":\"https:\/\/comite-civico.org\/#\/schema\/person\/eebdf569aa3565fa603cc9c5b53cea34\"},\"headline\":\"Mesa de educaci\u00f3n ICETEX se cumplen objetivos\",\"datePublished\":\"2023-12-06T00:11:16+00:00\",\"dateModified\":\"2023-12-06T01:26:24+00:00\",\"mainEntityOfPage\":{\"@id\":\"https:\/\/comite-civico.org\/?p=964\"},\"wordCount\":380,\"commentCount\":0,\"publisher\":{\"@id\":\"https:\/\/comite-civico.org\/#organization\"},\"image\":{\"@id\":\"https:\/\/comite-civico.org\/?p=964#primaryimage\"},\"thumbnailUrl\":\"https:\/\/comite-civico.org\/wp-content\/uploads\/2023\/12\/406779393_673482898317397_8440365150972581802_n.jpg\",\"keywords\":[\"Mesa de educaci\u00f3n\"],\"articleSection\":[\"Logros\"],\"inLanguage\":\"es-CO\",\"potentialAction\":[{\"@type\":\"CommentAction\",\"name\":\"Comment\",\"target\":[\"https:\/\/comite-civico.org\/?p=964#respond\"]}]},{\"@type\":\"WebPage\",\"@id\":\"https:\/\/comite-civico.org\/?p=964\",\"url\":\"https:\/\/comite-civico.org\/?p=964\",\"name\":\"Mesa de educaci\u00f3n ICETEX se cumplen objetivos - Movimiento Social Paro C\u00edvico de Buenaventura\",\"isPartOf\":{\"@id\":\"https:\/\/comite-civico.org\/#website\"},\"primaryImageOfPage\":{\"@id\":\"https:\/\/comite-civico.org\/?p=964#primaryimage\"},\"image\":{\"@id\":\"https:\/\/comite-civico.org\/?p=964#primaryimage\"},\"thumbnailUrl\":\"https:\/\/comite-civico.org\/wp-content\/uploads\/2023\/12\/406779393_673482898317397_8440365150972581802_n.jpg\",\"datePublished\":\"2023-12-06T00:11:16+00:00\",\"dateModified\":\"2023-12-06T01:26:24+00:00\",\"breadcrumb\":{\"@id\":\"https:\/\/comite-civico.org\/?p=964#breadcrumb\"},\"inLanguage\":\"es-CO\",\"potentialAction\":[{\"@type\":\"ReadAction\",\"target\":[\"https:\/\/comite-civico.org\/?p=964\"]}]},{\"@type\":\"ImageObject\",\"inLanguage\":\"es-CO\",\"@id\":\"https:\/\/comite-civico.org\/?p=964#primaryimage\",\"url\":\"https:\/\/comite-civico.org\/wp-content\/uploads\/2023\/12\/406779393_673482898317397_8440365150972581802_n.jpg\",\"contentUrl\":\"https:\/\/comite-civico.org\/wp-content\/uploads\/2023\/12\/406779393_673482898317397_8440365150972581802_n.jpg\",\"width\":2048,\"height\":1438},{\"@type\":\"BreadcrumbList\",\"@id\":\"https:\/\/comite-civico.org\/?p=964#breadcrumb\",\"itemListElement\":[{\"@type\":\"ListItem\",\"position\":1,\"name\":\"Inicio\",\"item\":\"https:\/\/comite-civico.org\/\"},{\"@type\":\"ListItem\",\"position\":2,\"name\":\"Mesa de educaci\u00f3n ICETEX se cumplen objetivos\"}]},{\"@type\":\"WebSite\",\"@id\":\"https:\/\/comite-civico.org\/#website\",\"url\":\"https:\/\/comite-civico.org\/\",\"name\":\"Movimiento Social Paro C\u00edvico de Buenaventura\",\"description\":\"Movimiento Social Paro C\u00edvico de Buenaventura\",\"publisher\":{\"@id\":\"https:\/\/comite-civico.org\/#organization\"},\"potentialAction\":[{\"@type\":\"SearchAction\",\"target\":{\"@type\":\"EntryPoint\",\"urlTemplate\":\"https:\/\/comite-civico.org\/?s={search_term_string}\"},\"query-input\":{\"@type\":\"PropertyValueSpecification\",\"valueRequired\":true,\"valueName\":\"search_term_string\"}}],\"inLanguage\":\"es-CO\"},{\"@type\":\"Organization\",\"@id\":\"https:\/\/comite-civico.org\/#organization\",\"name\":\"Movimiento Social Paro C\u00edvico de Buenaventura\",\"url\":\"https:\/\/comite-civico.org\/\",\"logo\":{\"@type\":\"ImageObject\",\"inLanguage\":\"es-CO\",\"@id\":\"https:\/\/comite-civico.org\/#\/schema\/logo\/image\/\",\"url\":\"https:\/\/comite-civico.org\/wp-content\/uploads\/2021\/03\/Logo-de-Movimiento-Blanco-scaled.png\",\"contentUrl\":\"https:\/\/comite-civico.org\/wp-content\/uploads\/2021\/03\/Logo-de-Movimiento-Blanco-scaled.png\",\"width\":2560,\"height\":1810,\"caption\":\"Movimiento Social Paro C\u00edvico de Buenaventura\"},\"image\":{\"@id\":\"https:\/\/comite-civico.org\/#\/schema\/logo\/image\/\"}},{\"@type\":\"Person\",\"@id\":\"https:\/\/comite-civico.org\/#\/schema\/person\/eebdf569aa3565fa603cc9c5b53cea34\",\"name\":\"comiteadmin\",\"image\":{\"@type\":\"ImageObject\",\"inLanguage\":\"es-CO\",\"@id\":\"https:\/\/comite-civico.org\/#\/schema\/person\/image\/\",\"url\":\"https:\/\/secure.gravatar.com\/avatar\/516fb540621996b28f565fdf033072d55dd3fe76896ef4af5250b5fec1b457fe?s=96&d=mm&r=g\",\"contentUrl\":\"https:\/\/secure.gravatar.com\/avatar\/516fb540621996b28f565fdf033072d55dd3fe76896ef4af5250b5fec1b457fe?s=96&d=mm&r=g\",\"caption\":\"comiteadmin\"},\"sameAs\":[\"https:\/\/comite-civico.org\/\"],\"url\":\"https:\/\/comite-civico.org\/?author=1\"}]}<\/script>\n<!-- \/ Yoast SEO plugin. -->","yoast_head_json":{"title":"Mesa de educaci\u00f3n ICETEX se cumplen objetivos - Movimiento Social Paro C\u00edvico de Buenaventura","robots":{"index":"index","follow":"follow","max-snippet":"max-snippet:-1","max-image-preview":"max-image-preview:large","max-video-preview":"max-video-preview:-1"},"canonical":"https:\/\/comite-civico.org\/?p=964","og_locale":"es_ES","og_type":"article","og_title":"Mesa de educaci\u00f3n ICETEX se cumplen objetivos - Movimiento Social Paro C\u00edvico de Buenaventura","og_description":"El compromiso con la educaci\u00f3n sigue siendo una prioridad en Colombia, y en esta l\u00ednea, se ha dado un paso significativo que resuena con los acuerdos alcanzados durante el hist\u00f3rico Paro C\u00edvico de 2017. En un esfuerzo colaborativo y altamente simb\u00f3lico, el ICETEX, que es una entidad crucial del Ministerio de Educaci\u00f3n del gobierno nacional, ... Leer m\u00e1s","og_url":"https:\/\/comite-civico.org\/?p=964","og_site_name":"Movimiento Social Paro C\u00edvico de Buenaventura","article_published_time":"2023-12-06T00:11:16+00:00","article_modified_time":"2023-12-06T01:26:24+00:00","og_image":[{"width":2048,"height":1438,"url":"https:\/\/comite-civico.org\/wp-content\/uploads\/2023\/12\/406779393_673482898317397_8440365150972581802_n.jpg","type":"image\/jpeg"}],"author":"comiteadmin","twitter_card":"summary_large_image","twitter_misc":{"Escrito por":"comiteadmin","Tiempo de lectura":"2 minutos"},"schema":{"@context":"https:\/\/schema.org","@graph":[{"@type":"Article","@id":"https:\/\/comite-civico.org\/?p=964#article","isPartOf":{"@id":"https:\/\/comite-civico.org\/?p=964"},"author":{"name":"comiteadmin","@id":"https:\/\/comite-civico.org\/#\/schema\/person\/eebdf569aa3565fa603cc9c5b53cea34"},"headline":"Mesa de educaci\u00f3n ICETEX se cumplen objetivos","datePublished":"2023-12-06T00:11:16+00:00","dateModified":"2023-12-06T01:26:24+00:00","mainEntityOfPage":{"@id":"https:\/\/comite-civico.org\/?p=964"},"wordCount":380,"commentCount":0,"publisher":{"@id":"https:\/\/comite-civico.org\/#organization"},"image":{"@id":"https:\/\/comite-civico.org\/?p=964#primaryimage"},"thumbnailUrl":"https:\/\/comite-civico.org\/wp-content\/uploads\/2023\/12\/406779393_673482898317397_8440365150972581802_n.jpg","keywords":["Mesa de educaci\u00f3n"],"articleSection":["Logros"],"inLanguage":"es-CO","potentialAction":[{"@type":"CommentAction","name":"Comment","target":["https:\/\/comite-civico.org\/?p=964#respond"]}]},{"@type":"WebPage","@id":"https:\/\/comite-civico.org\/?p=964","url":"https:\/\/comite-civico.org\/?p=964","name":"Mesa de educaci\u00f3n ICETEX se cumplen objetivos - Movimiento Social Paro C\u00edvico de Buenaventura","isPartOf":{"@id":"https:\/\/comite-civico.org\/#website"},"primaryImageOfPage":{"@id":"https:\/\/comite-civico.org\/?p=964#primaryimage"},"image":{"@id":"https:\/\/comite-civico.org\/?p=964#primaryimage"},"thumbnailUrl":"https:\/\/comite-civico.org\/wp-content\/uploads\/2023\/12\/406779393_673482898317397_8440365150972581802_n.jpg","datePublished":"2023-12-06T00:11:16+00:00","dateModified":"2023-12-06T01:26:24+00:00","breadcrumb":{"@id":"https:\/\/comite-civico.org\/?p=964#breadcrumb"},"inLanguage":"es-CO","potentialAction":[{"@type":"ReadAction","target":["https:\/\/comite-civico.org\/?p=964"]}]},{"@type":"ImageObject","inLanguage":"es-CO","@id":"https:\/\/comite-civico.org\/?p=964#primaryimage","url":"https:\/\/comite-civico.org\/wp-content\/uploads\/2023\/12\/406779393_673482898317397_8440365150972581802_n.jpg","contentUrl":"https:\/\/comite-civico.org\/wp-content\/uploads\/2023\/12\/406779393_673482898317397_8440365150972581802_n.jpg","width":2048,"height":1438},{"@type":"BreadcrumbList","@id":"https:\/\/comite-civico.org\/?p=964#breadcrumb","itemListElement":[{"@type":"ListItem","position":1,"name":"Inicio","item":"https:\/\/comite-civico.org\/"},{"@type":"ListItem","position":2,"name":"Mesa de educaci\u00f3n ICETEX se cumplen objetivos"}]},{"@type":"WebSite","@id":"https:\/\/comite-civico.org\/#website","url":"https:\/\/comite-civico.org\/","name":"Movimiento Social Paro C\u00edvico de Buenaventura","description":"Movimiento Social Paro C\u00edvico de Buenaventura","publisher":{"@id":"https:\/\/comite-civico.org\/#organization"},"potentialAction":[{"@type":"SearchAction","target":{"@type":"EntryPoint","urlTemplate":"https:\/\/comite-civico.org\/?s={search_term_string}"},"query-input":{"@type":"PropertyValueSpecification","valueRequired":true,"valueName":"search_term_string"}}],"inLanguage":"es-CO"},{"@type":"Organization","@id":"https:\/\/comite-civico.org\/#organization","name":"Movimiento Social Paro C\u00edvico de Buenaventura","url":"https:\/\/comite-civico.org\/","logo":{"@type":"ImageObject","inLanguage":"es-CO","@id":"https:\/\/comite-civico.org\/#\/schema\/logo\/image\/","url":"https:\/\/comite-civico.org\/wp-content\/uploads\/2021\/03\/Logo-de-Movimiento-Blanco-scaled.png","contentUrl":"https:\/\/comite-civico.org\/wp-content\/uploads\/2021\/03\/Logo-de-Movimiento-Blanco-scaled.png","width":2560,"height":1810,"caption":"Movimiento Social Paro C\u00edvico de Buenaventura"},"image":{"@id":"https:\/\/comite-civico.org\/#\/schema\/logo\/image\/"}},{"@type":"Person","@id":"https:\/\/comite-civico.org\/#\/schema\/person\/eebdf569aa3565fa603cc9c5b53cea34","name":"comiteadmin","image":{"@type":"ImageObject","inLanguage":"es-CO","@id":"https:\/\/comite-civico.org\/#\/schema\/person\/image\/","url":"https:\/\/secure.gravatar.com\/avatar\/516fb540621996b28f565fdf033072d55dd3fe76896ef4af5250b5fec1b457fe?s=96&d=mm&r=g","contentUrl":"https:\/\/secure.gravatar.com\/avatar\/516fb540621996b28f565fdf033072d55dd3fe76896ef4af5250b5fec1b457fe?s=96&d=mm&r=g","caption":"comiteadmin"},"sameAs":["https:\/\/comite-civico.org\/"],"url":"https:\/\/comite-civico.org\/?author=1"}]}},"_links":{"self":[{"href":"https:\/\/comite-civico.org\/index.php?rest_route=\/wp\/v2\/posts\/964","targetHints":{"allow":["GET"]}}],"collection":[{"href":"https:\/\/comite-civico.org\/index.php?rest_route=\/wp\/v2\/posts"}],"about":[{"href":"https:\/\/comite-civico.org\/index.php?rest_route=\/wp\/v2\/types\/post"}],"author":[{"embeddable":true,"href":"https:\/\/comite-civico.org\/index.php?rest_route=\/wp\/v2\/users\/1"}],"replies":[{"embeddable":true,"href":"https:\/\/comite-civico.org\/index.php?rest_route=%2Fwp%2Fv2%2Fcomments&post=964"}],"version-history":[{"count":1,"href":"https:\/\/comite-civico.org\/index.php?rest_route=\/wp\/v2\/posts\/964\/revisions"}],"predecessor-version":[{"id":967,"href":"https:\/\/comite-civico.org\/index.php?rest_route=\/wp\/v2\/posts\/964\/revisions\/967"}],"wp:featuredmedia":[{"embeddable":true,"href":"https:\/\/comite-civico.org\/index.php?rest_route=\/wp\/v2\/media\/965"}],"wp:attachment":[{"href":"https:\/\/comite-civico.org\/index.php?rest_route=%2Fwp%2Fv2%2Fmedia&parent=964"}],"wp:term":[{"taxonomy":"category","embeddable":true,"href":"https:\/\/comite-civico.org\/index.php?rest_route=%2Fwp%2Fv2%2Fcategories&post=964"},{"taxonomy":"post_tag","embeddable":true,"href":"https:\/\/comite-civico.org\/index.php?rest_route=%2Fwp%2Fv2%2Ftags&post=964"}],"curies":[{"name":"wp","href":"https:\/\/api.w.org\/{rel}","templated":true}]}}