{"id":791,"date":"2023-11-27T23:42:57","date_gmt":"2023-11-28T04:42:57","guid":{"rendered":"http:\/\/comite-civico.org\/?p=791"},"modified":"2023-12-05T20:26:57","modified_gmt":"2023-12-06T01:26:57","slug":"recibimos-con-alegria-a-300-visitantes-de-alemania","status":"publish","type":"post","link":"https:\/\/comite-civico.org\/?p=791","title":{"rendered":"Recibimos con alegr\u00eda a 300 visitantes de Alemania"},"content":{"rendered":"\n<h3 class=\"wp-block-heading\"><strong>As\u00ed fue la llegada del crucero a Buenaventura<\/strong><\/h3>\n\n\n\n<p><strong>Este mi\u00e9rcoles, 22 de noviembre, 306 personas provenientes de Alemania<\/strong>&nbsp;arribaron al principal puerto de Colombia a bordo de la embarcaci\u00f3n MS Hamburg, Se trata del MS Hamburg, de la compa\u00f1\u00eda de barcos alemana Plantours Cruises.<\/p>\n\n\n\n<p><strong>El trabajo articulado del Ministerio de Comercio, Industria y Turismo, Fontur, ProColombia\u00a0<\/strong>y la Alcald\u00eda de Buenaventura permiti\u00f3 la llegada de la embarcaci\u00f3n de uno de los operadores de viajes fluviales m\u00e1s importantes de Europa, que\u00a0busca mostrar el Puerto como un destino emergente con gran potencial.<\/p>\n\n\n\n<p>Los turistas alemanes desembarcaron en la Sociedad Portuaria de Buenaventura en la ma\u00f1ana de este 22 de noviembre, en donde los recibieron con muestras folcl\u00f3ricas y el encuentro de platoneras, en un acercamiento gastron\u00f3mico y cultural al Pac\u00edfico colombiano. \u201cLos ojos del mundo est\u00e1n en este destino con gran potencial tur\u00edstico\u201d, destacaron desde el Ministerio de Comercio.<\/p>\n\n\n\n<p>Para Fernando Estupi\u00f1\u00e1n, gerente de proyectos del Fondo Nacional de Turismo,&nbsp;<strong>la llegada del primer crucero de turismo a Buenaventura marca un momento hist\u00f3rico<\/strong>&nbsp;que se traduce en el fortalecimiento de la econom\u00eda local.<\/p>\n\n\n\n<p>\u201cCuando esos ingresos se irradian a comunidades como esta en Buenaventura, el impacto es gigante\u201d, explic\u00f3 el l\u00edder de Fontur, que estima que cada extranjero que visita el pa\u00eds gasta alrededor de mil d\u00f3lares.<\/p>\n","protected":false},"excerpt":{"rendered":"<p>As\u00ed fue la llegada del crucero a Buenaventura Este mi\u00e9rcoles, 22 de noviembre, 306 personas provenientes de Alemania&nbsp;arribaron al principal puerto de Colombia a bordo de la embarcaci\u00f3n MS Hamburg, Se trata del MS Hamburg, de la compa\u00f1\u00eda de barcos alemana Plantours Cruises. El trabajo articulado del Ministerio de Comercio, Industria y Turismo, Fontur, ProColombia\u00a0y &#8230; <a title=\"Recibimos con alegr\u00eda a 300 visitantes de Alemania\" class=\"read-more\" href=\"https:\/\/comite-civico.org\/?p=791\" aria-label=\"Read more about Recibimos con alegr\u00eda a 300 visitantes de Alemania\">Leer m\u00e1s<\/a><\/p>\n","protected":false},"author":1,"featured_media":787,"comment_status":"open","ping_status":"open","sticky":false,"template":"","format":"standard","meta":{"footnotes":""},"categories":[15],"tags":[19],"class_list":["post-791","post","type-post","status-publish","format-standard","has-post-thumbnail","hentry","category-banner","tag-noticia"],"acf":[],"yoast_head":"<!-- This site is optimized with the Yoast SEO plugin v25.0 - https:\/\/yoast.com\/wordpress\/plugins\/seo\/ -->\n<title>Recibimos con alegr\u00eda a 300 visitantes de Alemania - Movimiento Social Paro C\u00edvico de Buenaventura<\/title>\n<meta name=\"robots\" content=\"index, follow, max-snippet:-1, max-image-preview:large, max-video-preview:-1\" \/>\n<link rel=\"canonical\" href=\"https:\/\/comite-civico.org\/?p=791\" \/>\n<meta property=\"og:locale\" content=\"es_ES\" \/>\n<meta property=\"og:type\" content=\"article\" \/>\n<meta property=\"og:title\" content=\"Recibimos con alegr\u00eda a 300 visitantes de Alemania - Movimiento Social Paro C\u00edvico de Buenaventura\" \/>\n<meta property=\"og:description\" content=\"As\u00ed fue la llegada del crucero a Buenaventura Este mi\u00e9rcoles, 22 de noviembre, 306 personas provenientes de Alemania&nbsp;arribaron al principal puerto de Colombia a bordo de la embarcaci\u00f3n MS Hamburg, Se trata del MS Hamburg, de la compa\u00f1\u00eda de barcos alemana Plantours Cruises. El trabajo articulado del Ministerio de Comercio, Industria y Turismo, Fontur, ProColombia\u00a0y ... Leer m\u00e1s\" \/>\n<meta property=\"og:url\" content=\"https:\/\/comite-civico.org\/?p=791\" \/>\n<meta property=\"og:site_name\" content=\"Movimiento Social Paro C\u00edvico de Buenaventura\" \/>\n<meta property=\"article:published_time\" content=\"2023-11-28T04:42:57+00:00\" \/>\n<meta property=\"article:modified_time\" content=\"2023-12-06T01:26:57+00:00\" \/>\n<meta property=\"og:image\" content=\"https:\/\/comite-civico.org\/wp-content\/uploads\/2023\/11\/cruceroi.jpg\" \/>\n\t<meta property=\"og:image:width\" content=\"1920\" \/>\n\t<meta property=\"og:image:height\" content=\"1236\" \/>\n\t<meta property=\"og:image:type\" content=\"image\/jpeg\" \/>\n<meta name=\"author\" content=\"comiteadmin\" \/>\n<meta name=\"twitter:card\" content=\"summary_large_image\" \/>\n<meta name=\"twitter:label1\" content=\"Escrito por\" \/>\n\t<meta name=\"twitter:data1\" content=\"comiteadmin\" \/>\n\t<meta name=\"twitter:label2\" content=\"Tiempo de lectura\" \/>\n\t<meta name=\"twitter:data2\" content=\"1 minuto\" \/>\n<script type=\"application\/ld+json\" class=\"yoast-schema-graph\">{\"@context\":\"https:\/\/schema.org\",\"@graph\":[{\"@type\":\"Article\",\"@id\":\"https:\/\/comite-civico.org\/?p=791#article\",\"isPartOf\":{\"@id\":\"https:\/\/comite-civico.org\/?p=791\"},\"author\":{\"name\":\"comiteadmin\",\"@id\":\"https:\/\/comite-civico.org\/#\/schema\/person\/eebdf569aa3565fa603cc9c5b53cea34\"},\"headline\":\"Recibimos con alegr\u00eda a 300 visitantes de Alemania\",\"datePublished\":\"2023-11-28T04:42:57+00:00\",\"dateModified\":\"2023-12-06T01:26:57+00:00\",\"mainEntityOfPage\":{\"@id\":\"https:\/\/comite-civico.org\/?p=791\"},\"wordCount\":242,\"commentCount\":0,\"publisher\":{\"@id\":\"https:\/\/comite-civico.org\/#organization\"},\"image\":{\"@id\":\"https:\/\/comite-civico.org\/?p=791#primaryimage\"},\"thumbnailUrl\":\"https:\/\/comite-civico.org\/wp-content\/uploads\/2023\/11\/cruceroi.jpg\",\"keywords\":[\"Noticia\"],\"articleSection\":[\"Banner\"],\"inLanguage\":\"es-CO\",\"potentialAction\":[{\"@type\":\"CommentAction\",\"name\":\"Comment\",\"target\":[\"https:\/\/comite-civico.org\/?p=791#respond\"]}]},{\"@type\":\"WebPage\",\"@id\":\"https:\/\/comite-civico.org\/?p=791\",\"url\":\"https:\/\/comite-civico.org\/?p=791\",\"name\":\"Recibimos con alegr\u00eda a 300 visitantes de Alemania - Movimiento Social Paro C\u00edvico de Buenaventura\",\"isPartOf\":{\"@id\":\"https:\/\/comite-civico.org\/#website\"},\"primaryImageOfPage\":{\"@id\":\"https:\/\/comite-civico.org\/?p=791#primaryimage\"},\"image\":{\"@id\":\"https:\/\/comite-civico.org\/?p=791#primaryimage\"},\"thumbnailUrl\":\"https:\/\/comite-civico.org\/wp-content\/uploads\/2023\/11\/cruceroi.jpg\",\"datePublished\":\"2023-11-28T04:42:57+00:00\",\"dateModified\":\"2023-12-06T01:26:57+00:00\",\"breadcrumb\":{\"@id\":\"https:\/\/comite-civico.org\/?p=791#breadcrumb\"},\"inLanguage\":\"es-CO\",\"potentialAction\":[{\"@type\":\"ReadAction\",\"target\":[\"https:\/\/comite-civico.org\/?p=791\"]}]},{\"@type\":\"ImageObject\",\"inLanguage\":\"es-CO\",\"@id\":\"https:\/\/comite-civico.org\/?p=791#primaryimage\",\"url\":\"https:\/\/comite-civico.org\/wp-content\/uploads\/2023\/11\/cruceroi.jpg\",\"contentUrl\":\"https:\/\/comite-civico.org\/wp-content\/uploads\/2023\/11\/cruceroi.jpg\",\"width\":1920,\"height\":1236},{\"@type\":\"BreadcrumbList\",\"@id\":\"https:\/\/comite-civico.org\/?p=791#breadcrumb\",\"itemListElement\":[{\"@type\":\"ListItem\",\"position\":1,\"name\":\"Inicio\",\"item\":\"https:\/\/comite-civico.org\/\"},{\"@type\":\"ListItem\",\"position\":2,\"name\":\"Recibimos con alegr\u00eda a 300 visitantes de Alemania\"}]},{\"@type\":\"WebSite\",\"@id\":\"https:\/\/comite-civico.org\/#website\",\"url\":\"https:\/\/comite-civico.org\/\",\"name\":\"Movimiento Social Paro C\u00edvico de Buenaventura\",\"description\":\"Movimiento Social Paro C\u00edvico de Buenaventura\",\"publisher\":{\"@id\":\"https:\/\/comite-civico.org\/#organization\"},\"potentialAction\":[{\"@type\":\"SearchAction\",\"target\":{\"@type\":\"EntryPoint\",\"urlTemplate\":\"https:\/\/comite-civico.org\/?s={search_term_string}\"},\"query-input\":{\"@type\":\"PropertyValueSpecification\",\"valueRequired\":true,\"valueName\":\"search_term_string\"}}],\"inLanguage\":\"es-CO\"},{\"@type\":\"Organization\",\"@id\":\"https:\/\/comite-civico.org\/#organization\",\"name\":\"Movimiento Social Paro C\u00edvico de Buenaventura\",\"url\":\"https:\/\/comite-civico.org\/\",\"logo\":{\"@type\":\"ImageObject\",\"inLanguage\":\"es-CO\",\"@id\":\"https:\/\/comite-civico.org\/#\/schema\/logo\/image\/\",\"url\":\"https:\/\/comite-civico.org\/wp-content\/uploads\/2021\/03\/Logo-de-Movimiento-Blanco-scaled.png\",\"contentUrl\":\"https:\/\/comite-civico.org\/wp-content\/uploads\/2021\/03\/Logo-de-Movimiento-Blanco-scaled.png\",\"width\":2560,\"height\":1810,\"caption\":\"Movimiento Social Paro C\u00edvico de Buenaventura\"},\"image\":{\"@id\":\"https:\/\/comite-civico.org\/#\/schema\/logo\/image\/\"}},{\"@type\":\"Person\",\"@id\":\"https:\/\/comite-civico.org\/#\/schema\/person\/eebdf569aa3565fa603cc9c5b53cea34\",\"name\":\"comiteadmin\",\"image\":{\"@type\":\"ImageObject\",\"inLanguage\":\"es-CO\",\"@id\":\"https:\/\/comite-civico.org\/#\/schema\/person\/image\/\",\"url\":\"https:\/\/secure.gravatar.com\/avatar\/516fb540621996b28f565fdf033072d55dd3fe76896ef4af5250b5fec1b457fe?s=96&d=mm&r=g\",\"contentUrl\":\"https:\/\/secure.gravatar.com\/avatar\/516fb540621996b28f565fdf033072d55dd3fe76896ef4af5250b5fec1b457fe?s=96&d=mm&r=g\",\"caption\":\"comiteadmin\"},\"sameAs\":[\"https:\/\/comite-civico.org\/\"],\"url\":\"https:\/\/comite-civico.org\/?author=1\"}]}<\/script>\n<!-- \/ Yoast SEO plugin. -->","yoast_head_json":{"title":"Recibimos con alegr\u00eda a 300 visitantes de Alemania - Movimiento Social Paro C\u00edvico de Buenaventura","robots":{"index":"index","follow":"follow","max-snippet":"max-snippet:-1","max-image-preview":"max-image-preview:large","max-video-preview":"max-video-preview:-1"},"canonical":"https:\/\/comite-civico.org\/?p=791","og_locale":"es_ES","og_type":"article","og_title":"Recibimos con alegr\u00eda a 300 visitantes de Alemania - Movimiento Social Paro C\u00edvico de Buenaventura","og_description":"As\u00ed fue la llegada del crucero a Buenaventura Este mi\u00e9rcoles, 22 de noviembre, 306 personas provenientes de Alemania&nbsp;arribaron al principal puerto de Colombia a bordo de la embarcaci\u00f3n MS Hamburg, Se trata del MS Hamburg, de la compa\u00f1\u00eda de barcos alemana Plantours Cruises. El trabajo articulado del Ministerio de Comercio, Industria y Turismo, Fontur, ProColombia\u00a0y ... Leer m\u00e1s","og_url":"https:\/\/comite-civico.org\/?p=791","og_site_name":"Movimiento Social Paro C\u00edvico de Buenaventura","article_published_time":"2023-11-28T04:42:57+00:00","article_modified_time":"2023-12-06T01:26:57+00:00","og_image":[{"width":1920,"height":1236,"url":"https:\/\/comite-civico.org\/wp-content\/uploads\/2023\/11\/cruceroi.jpg","type":"image\/jpeg"}],"author":"comiteadmin","twitter_card":"summary_large_image","twitter_misc":{"Escrito por":"comiteadmin","Tiempo de lectura":"1 minuto"},"schema":{"@context":"https:\/\/schema.org","@graph":[{"@type":"Article","@id":"https:\/\/comite-civico.org\/?p=791#article","isPartOf":{"@id":"https:\/\/comite-civico.org\/?p=791"},"author":{"name":"comiteadmin","@id":"https:\/\/comite-civico.org\/#\/schema\/person\/eebdf569aa3565fa603cc9c5b53cea34"},"headline":"Recibimos con alegr\u00eda a 300 visitantes de Alemania","datePublished":"2023-11-28T04:42:57+00:00","dateModified":"2023-12-06T01:26:57+00:00","mainEntityOfPage":{"@id":"https:\/\/comite-civico.org\/?p=791"},"wordCount":242,"commentCount":0,"publisher":{"@id":"https:\/\/comite-civico.org\/#organization"},"image":{"@id":"https:\/\/comite-civico.org\/?p=791#primaryimage"},"thumbnailUrl":"https:\/\/comite-civico.org\/wp-content\/uploads\/2023\/11\/cruceroi.jpg","keywords":["Noticia"],"articleSection":["Banner"],"inLanguage":"es-CO","potentialAction":[{"@type":"CommentAction","name":"Comment","target":["https:\/\/comite-civico.org\/?p=791#respond"]}]},{"@type":"WebPage","@id":"https:\/\/comite-civico.org\/?p=791","url":"https:\/\/comite-civico.org\/?p=791","name":"Recibimos con alegr\u00eda a 300 visitantes de Alemania - Movimiento Social Paro C\u00edvico de Buenaventura","isPartOf":{"@id":"https:\/\/comite-civico.org\/#website"},"primaryImageOfPage":{"@id":"https:\/\/comite-civico.org\/?p=791#primaryimage"},"image":{"@id":"https:\/\/comite-civico.org\/?p=791#primaryimage"},"thumbnailUrl":"https:\/\/comite-civico.org\/wp-content\/uploads\/2023\/11\/cruceroi.jpg","datePublished":"2023-11-28T04:42:57+00:00","dateModified":"2023-12-06T01:26:57+00:00","breadcrumb":{"@id":"https:\/\/comite-civico.org\/?p=791#breadcrumb"},"inLanguage":"es-CO","potentialAction":[{"@type":"ReadAction","target":["https:\/\/comite-civico.org\/?p=791"]}]},{"@type":"ImageObject","inLanguage":"es-CO","@id":"https:\/\/comite-civico.org\/?p=791#primaryimage","url":"https:\/\/comite-civico.org\/wp-content\/uploads\/2023\/11\/cruceroi.jpg","contentUrl":"https:\/\/comite-civico.org\/wp-content\/uploads\/2023\/11\/cruceroi.jpg","width":1920,"height":1236},{"@type":"BreadcrumbList","@id":"https:\/\/comite-civico.org\/?p=791#breadcrumb","itemListElement":[{"@type":"ListItem","position":1,"name":"Inicio","item":"https:\/\/comite-civico.org\/"},{"@type":"ListItem","position":2,"name":"Recibimos con alegr\u00eda a 300 visitantes de Alemania"}]},{"@type":"WebSite","@id":"https:\/\/comite-civico.org\/#website","url":"https:\/\/comite-civico.org\/","name":"Movimiento Social Paro C\u00edvico de Buenaventura","description":"Movimiento Social Paro C\u00edvico de Buenaventura","publisher":{"@id":"https:\/\/comite-civico.org\/#organization"},"potentialAction":[{"@type":"SearchAction","target":{"@type":"EntryPoint","urlTemplate":"https:\/\/comite-civico.org\/?s={search_term_string}"},"query-input":{"@type":"PropertyValueSpecification","valueRequired":true,"valueName":"search_term_string"}}],"inLanguage":"es-CO"},{"@type":"Organization","@id":"https:\/\/comite-civico.org\/#organization","name":"Movimiento Social Paro C\u00edvico de Buenaventura","url":"https:\/\/comite-civico.org\/","logo":{"@type":"ImageObject","inLanguage":"es-CO","@id":"https:\/\/comite-civico.org\/#\/schema\/logo\/image\/","url":"https:\/\/comite-civico.org\/wp-content\/uploads\/2021\/03\/Logo-de-Movimiento-Blanco-scaled.png","contentUrl":"https:\/\/comite-civico.org\/wp-content\/uploads\/2021\/03\/Logo-de-Movimiento-Blanco-scaled.png","width":2560,"height":1810,"caption":"Movimiento Social Paro C\u00edvico de Buenaventura"},"image":{"@id":"https:\/\/comite-civico.org\/#\/schema\/logo\/image\/"}},{"@type":"Person","@id":"https:\/\/comite-civico.org\/#\/schema\/person\/eebdf569aa3565fa603cc9c5b53cea34","name":"comiteadmin","image":{"@type":"ImageObject","inLanguage":"es-CO","@id":"https:\/\/comite-civico.org\/#\/schema\/person\/image\/","url":"https:\/\/secure.gravatar.com\/avatar\/516fb540621996b28f565fdf033072d55dd3fe76896ef4af5250b5fec1b457fe?s=96&d=mm&r=g","contentUrl":"https:\/\/secure.gravatar.com\/avatar\/516fb540621996b28f565fdf033072d55dd3fe76896ef4af5250b5fec1b457fe?s=96&d=mm&r=g","caption":"comiteadmin"},"sameAs":["https:\/\/comite-civico.org\/"],"url":"https:\/\/comite-civico.org\/?author=1"}]}},"_links":{"self":[{"href":"https:\/\/comite-civico.org\/index.php?rest_route=\/wp\/v2\/posts\/791","targetHints":{"allow":["GET"]}}],"collection":[{"href":"https:\/\/comite-civico.org\/index.php?rest_route=\/wp\/v2\/posts"}],"about":[{"href":"https:\/\/comite-civico.org\/index.php?rest_route=\/wp\/v2\/types\/post"}],"author":[{"embeddable":true,"href":"https:\/\/comite-civico.org\/index.php?rest_route=\/wp\/v2\/users\/1"}],"replies":[{"embeddable":true,"href":"https:\/\/comite-civico.org\/index.php?rest_route=%2Fwp%2Fv2%2Fcomments&post=791"}],"version-history":[{"count":1,"href":"https:\/\/comite-civico.org\/index.php?rest_route=\/wp\/v2\/posts\/791\/revisions"}],"predecessor-version":[{"id":792,"href":"https:\/\/comite-civico.org\/index.php?rest_route=\/wp\/v2\/posts\/791\/revisions\/792"}],"wp:featuredmedia":[{"embeddable":true,"href":"https:\/\/comite-civico.org\/index.php?rest_route=\/wp\/v2\/media\/787"}],"wp:attachment":[{"href":"https:\/\/comite-civico.org\/index.php?rest_route=%2Fwp%2Fv2%2Fmedia&parent=791"}],"wp:term":[{"taxonomy":"category","embeddable":true,"href":"https:\/\/comite-civico.org\/index.php?rest_route=%2Fwp%2Fv2%2Fcategories&post=791"},{"taxonomy":"post_tag","embeddable":true,"href":"https:\/\/comite-civico.org\/index.php?rest_route=%2Fwp%2Fv2%2Ftags&post=791"}],"curies":[{"name":"wp","href":"https:\/\/api.w.org\/{rel}","templated":true}]}}