{"id":784,"date":"2023-11-27T23:39:25","date_gmt":"2023-11-28T04:39:25","guid":{"rendered":"http:\/\/comite-civico.org\/?p=784"},"modified":"2023-12-05T20:24:50","modified_gmt":"2023-12-06T01:24:50","slug":"iii-cumbre-del-pueblo-negro-afrocolombiano-raizal-y-palenquero","status":"publish","type":"post","link":"https:\/\/comite-civico.org\/?p=784","title":{"rendered":"III Cumbre del Pueblo Negro Afrocolombiano, Raizal y Palenquero."},"content":{"rendered":"\n<p>El Movimiento Social Paro C\u00edvico de Buenaventura particip\u00f3 en la III Cumbre del Pueblo Negro Afrocolombiano Raizal y Palenquero, la cual consisti\u00f3 en evaluar los logros obtenidos en el proceso de coordinaci\u00f3n y articulaci\u00f3n interorganizativa en t\u00e9rminos de una agenda com\u00fan (Juntanza Afrocolombiana), los mandatos que han dejado las Cumbres anteriores, as\u00ed como nuestra participaci\u00f3n <a><\/a>efectiva en la pol\u00edtica de paz total (di\u00e1logos de paz o sometimiento) y las reformas que impulsa el gobierno nacional. Tambi\u00e9n se abord\u00f3 el seguimiento e impulso al cumplimiento del cap\u00edtulo \u00e9tnico del Acuerdo de La Habana, el seguimiento y participaci\u00f3n en la implementaci\u00f3n del plan de desarrollo 2023-2026, los procesos de titulaci\u00f3n colectiva, la reglamentaci\u00f3n e implementaci\u00f3n de la Ley 70 de 1993.<\/p>\n\n\n\n<p>Cada uno de estos temas se aborda desde la perspectiva de g\u00e9nero, diversidad y generaci\u00f3n.<\/p>\n","protected":false},"excerpt":{"rendered":"<p>El Movimiento Social Paro C\u00edvico de Buenaventura particip\u00f3 en la III Cumbre del Pueblo Negro Afrocolombiano Raizal y Palenquero, la cual consisti\u00f3 en evaluar los logros obtenidos en el proceso de coordinaci\u00f3n y articulaci\u00f3n interorganizativa en t\u00e9rminos de una agenda com\u00fan (Juntanza Afrocolombiana), los mandatos que han dejado las Cumbres anteriores, as\u00ed como nuestra participaci\u00f3n &#8230; <a title=\"III Cumbre del Pueblo Negro Afrocolombiano, Raizal y Palenquero.\" class=\"read-more\" href=\"https:\/\/comite-civico.org\/?p=784\" aria-label=\"Read more about III Cumbre del Pueblo Negro Afrocolombiano, Raizal y Palenquero.\">Leer m\u00e1s<\/a><\/p>\n","protected":false},"author":1,"featured_media":786,"comment_status":"open","ping_status":"open","sticky":false,"template":"","format":"standard","meta":{"footnotes":""},"categories":[15,16],"tags":[18],"class_list":["post-784","post","type-post","status-publish","format-standard","has-post-thumbnail","hentry","category-banner","category-logros","tag-mesa-de-cultura"],"acf":[],"yoast_head":"<!-- This site is optimized with the Yoast SEO plugin v25.0 - https:\/\/yoast.com\/wordpress\/plugins\/seo\/ -->\n<title>III Cumbre del Pueblo Negro Afrocolombiano, Raizal y Palenquero. - Movimiento Social Paro C\u00edvico de Buenaventura<\/title>\n<meta name=\"robots\" content=\"index, follow, max-snippet:-1, max-image-preview:large, max-video-preview:-1\" \/>\n<link rel=\"canonical\" href=\"https:\/\/comite-civico.org\/?p=784\" \/>\n<meta property=\"og:locale\" content=\"es_ES\" \/>\n<meta property=\"og:type\" content=\"article\" \/>\n<meta property=\"og:title\" content=\"III Cumbre del Pueblo Negro Afrocolombiano, Raizal y Palenquero. - Movimiento Social Paro C\u00edvico de Buenaventura\" \/>\n<meta property=\"og:description\" content=\"El Movimiento Social Paro C\u00edvico de Buenaventura particip\u00f3 en la III Cumbre del Pueblo Negro Afrocolombiano Raizal y Palenquero, la cual consisti\u00f3 en evaluar los logros obtenidos en el proceso de coordinaci\u00f3n y articulaci\u00f3n interorganizativa en t\u00e9rminos de una agenda com\u00fan (Juntanza Afrocolombiana), los mandatos que han dejado las Cumbres anteriores, as\u00ed como nuestra participaci\u00f3n ... Leer m\u00e1s\" \/>\n<meta property=\"og:url\" content=\"https:\/\/comite-civico.org\/?p=784\" \/>\n<meta property=\"og:site_name\" content=\"Movimiento Social Paro C\u00edvico de Buenaventura\" \/>\n<meta property=\"article:published_time\" content=\"2023-11-28T04:39:25+00:00\" \/>\n<meta property=\"article:modified_time\" content=\"2023-12-06T01:24:50+00:00\" \/>\n<meta property=\"og:image\" content=\"https:\/\/comite-civico.org\/wp-content\/uploads\/2023\/11\/cumbre.jpg\" \/>\n\t<meta property=\"og:image:width\" content=\"1920\" \/>\n\t<meta property=\"og:image:height\" content=\"1214\" \/>\n\t<meta property=\"og:image:type\" content=\"image\/jpeg\" \/>\n<meta name=\"author\" content=\"comiteadmin\" \/>\n<meta name=\"twitter:card\" content=\"summary_large_image\" \/>\n<meta name=\"twitter:label1\" content=\"Escrito por\" \/>\n\t<meta name=\"twitter:data1\" content=\"comiteadmin\" \/>\n\t<meta name=\"twitter:label2\" content=\"Tiempo de lectura\" \/>\n\t<meta name=\"twitter:data2\" content=\"1 minuto\" \/>\n<script type=\"application\/ld+json\" class=\"yoast-schema-graph\">{\"@context\":\"https:\/\/schema.org\",\"@graph\":[{\"@type\":\"Article\",\"@id\":\"https:\/\/comite-civico.org\/?p=784#article\",\"isPartOf\":{\"@id\":\"https:\/\/comite-civico.org\/?p=784\"},\"author\":{\"name\":\"comiteadmin\",\"@id\":\"https:\/\/comite-civico.org\/#\/schema\/person\/eebdf569aa3565fa603cc9c5b53cea34\"},\"headline\":\"III Cumbre del Pueblo Negro Afrocolombiano, Raizal y Palenquero.\",\"datePublished\":\"2023-11-28T04:39:25+00:00\",\"dateModified\":\"2023-12-06T01:24:50+00:00\",\"mainEntityOfPage\":{\"@id\":\"https:\/\/comite-civico.org\/?p=784\"},\"wordCount\":158,\"commentCount\":0,\"publisher\":{\"@id\":\"https:\/\/comite-civico.org\/#organization\"},\"image\":{\"@id\":\"https:\/\/comite-civico.org\/?p=784#primaryimage\"},\"thumbnailUrl\":\"https:\/\/comite-civico.org\/wp-content\/uploads\/2023\/11\/cumbre.jpg\",\"keywords\":[\"Mesa de Cultura\"],\"articleSection\":[\"Banner\",\"Logros\"],\"inLanguage\":\"es-CO\",\"potentialAction\":[{\"@type\":\"CommentAction\",\"name\":\"Comment\",\"target\":[\"https:\/\/comite-civico.org\/?p=784#respond\"]}]},{\"@type\":\"WebPage\",\"@id\":\"https:\/\/comite-civico.org\/?p=784\",\"url\":\"https:\/\/comite-civico.org\/?p=784\",\"name\":\"III Cumbre del Pueblo Negro Afrocolombiano, Raizal y Palenquero. - Movimiento Social Paro C\u00edvico de Buenaventura\",\"isPartOf\":{\"@id\":\"https:\/\/comite-civico.org\/#website\"},\"primaryImageOfPage\":{\"@id\":\"https:\/\/comite-civico.org\/?p=784#primaryimage\"},\"image\":{\"@id\":\"https:\/\/comite-civico.org\/?p=784#primaryimage\"},\"thumbnailUrl\":\"https:\/\/comite-civico.org\/wp-content\/uploads\/2023\/11\/cumbre.jpg\",\"datePublished\":\"2023-11-28T04:39:25+00:00\",\"dateModified\":\"2023-12-06T01:24:50+00:00\",\"breadcrumb\":{\"@id\":\"https:\/\/comite-civico.org\/?p=784#breadcrumb\"},\"inLanguage\":\"es-CO\",\"potentialAction\":[{\"@type\":\"ReadAction\",\"target\":[\"https:\/\/comite-civico.org\/?p=784\"]}]},{\"@type\":\"ImageObject\",\"inLanguage\":\"es-CO\",\"@id\":\"https:\/\/comite-civico.org\/?p=784#primaryimage\",\"url\":\"https:\/\/comite-civico.org\/wp-content\/uploads\/2023\/11\/cumbre.jpg\",\"contentUrl\":\"https:\/\/comite-civico.org\/wp-content\/uploads\/2023\/11\/cumbre.jpg\",\"width\":1920,\"height\":1214},{\"@type\":\"BreadcrumbList\",\"@id\":\"https:\/\/comite-civico.org\/?p=784#breadcrumb\",\"itemListElement\":[{\"@type\":\"ListItem\",\"position\":1,\"name\":\"Inicio\",\"item\":\"https:\/\/comite-civico.org\/\"},{\"@type\":\"ListItem\",\"position\":2,\"name\":\"III Cumbre del Pueblo Negro Afrocolombiano, Raizal y Palenquero.\"}]},{\"@type\":\"WebSite\",\"@id\":\"https:\/\/comite-civico.org\/#website\",\"url\":\"https:\/\/comite-civico.org\/\",\"name\":\"Movimiento Social Paro C\u00edvico de Buenaventura\",\"description\":\"Movimiento Social Paro C\u00edvico de Buenaventura\",\"publisher\":{\"@id\":\"https:\/\/comite-civico.org\/#organization\"},\"potentialAction\":[{\"@type\":\"SearchAction\",\"target\":{\"@type\":\"EntryPoint\",\"urlTemplate\":\"https:\/\/comite-civico.org\/?s={search_term_string}\"},\"query-input\":{\"@type\":\"PropertyValueSpecification\",\"valueRequired\":true,\"valueName\":\"search_term_string\"}}],\"inLanguage\":\"es-CO\"},{\"@type\":\"Organization\",\"@id\":\"https:\/\/comite-civico.org\/#organization\",\"name\":\"Movimiento Social Paro C\u00edvico de Buenaventura\",\"url\":\"https:\/\/comite-civico.org\/\",\"logo\":{\"@type\":\"ImageObject\",\"inLanguage\":\"es-CO\",\"@id\":\"https:\/\/comite-civico.org\/#\/schema\/logo\/image\/\",\"url\":\"https:\/\/comite-civico.org\/wp-content\/uploads\/2021\/03\/Logo-de-Movimiento-Blanco-scaled.png\",\"contentUrl\":\"https:\/\/comite-civico.org\/wp-content\/uploads\/2021\/03\/Logo-de-Movimiento-Blanco-scaled.png\",\"width\":2560,\"height\":1810,\"caption\":\"Movimiento Social Paro C\u00edvico de Buenaventura\"},\"image\":{\"@id\":\"https:\/\/comite-civico.org\/#\/schema\/logo\/image\/\"}},{\"@type\":\"Person\",\"@id\":\"https:\/\/comite-civico.org\/#\/schema\/person\/eebdf569aa3565fa603cc9c5b53cea34\",\"name\":\"comiteadmin\",\"image\":{\"@type\":\"ImageObject\",\"inLanguage\":\"es-CO\",\"@id\":\"https:\/\/comite-civico.org\/#\/schema\/person\/image\/\",\"url\":\"https:\/\/secure.gravatar.com\/avatar\/516fb540621996b28f565fdf033072d55dd3fe76896ef4af5250b5fec1b457fe?s=96&d=mm&r=g\",\"contentUrl\":\"https:\/\/secure.gravatar.com\/avatar\/516fb540621996b28f565fdf033072d55dd3fe76896ef4af5250b5fec1b457fe?s=96&d=mm&r=g\",\"caption\":\"comiteadmin\"},\"sameAs\":[\"https:\/\/comite-civico.org\/\"],\"url\":\"https:\/\/comite-civico.org\/?author=1\"}]}<\/script>\n<!-- \/ Yoast SEO plugin. -->","yoast_head_json":{"title":"III Cumbre del Pueblo Negro Afrocolombiano, Raizal y Palenquero. - Movimiento Social Paro C\u00edvico de Buenaventura","robots":{"index":"index","follow":"follow","max-snippet":"max-snippet:-1","max-image-preview":"max-image-preview:large","max-video-preview":"max-video-preview:-1"},"canonical":"https:\/\/comite-civico.org\/?p=784","og_locale":"es_ES","og_type":"article","og_title":"III Cumbre del Pueblo Negro Afrocolombiano, Raizal y Palenquero. - Movimiento Social Paro C\u00edvico de Buenaventura","og_description":"El Movimiento Social Paro C\u00edvico de Buenaventura particip\u00f3 en la III Cumbre del Pueblo Negro Afrocolombiano Raizal y Palenquero, la cual consisti\u00f3 en evaluar los logros obtenidos en el proceso de coordinaci\u00f3n y articulaci\u00f3n interorganizativa en t\u00e9rminos de una agenda com\u00fan (Juntanza Afrocolombiana), los mandatos que han dejado las Cumbres anteriores, as\u00ed como nuestra participaci\u00f3n ... Leer m\u00e1s","og_url":"https:\/\/comite-civico.org\/?p=784","og_site_name":"Movimiento Social Paro C\u00edvico de Buenaventura","article_published_time":"2023-11-28T04:39:25+00:00","article_modified_time":"2023-12-06T01:24:50+00:00","og_image":[{"width":1920,"height":1214,"url":"https:\/\/comite-civico.org\/wp-content\/uploads\/2023\/11\/cumbre.jpg","type":"image\/jpeg"}],"author":"comiteadmin","twitter_card":"summary_large_image","twitter_misc":{"Escrito por":"comiteadmin","Tiempo de lectura":"1 minuto"},"schema":{"@context":"https:\/\/schema.org","@graph":[{"@type":"Article","@id":"https:\/\/comite-civico.org\/?p=784#article","isPartOf":{"@id":"https:\/\/comite-civico.org\/?p=784"},"author":{"name":"comiteadmin","@id":"https:\/\/comite-civico.org\/#\/schema\/person\/eebdf569aa3565fa603cc9c5b53cea34"},"headline":"III Cumbre del Pueblo Negro Afrocolombiano, Raizal y Palenquero.","datePublished":"2023-11-28T04:39:25+00:00","dateModified":"2023-12-06T01:24:50+00:00","mainEntityOfPage":{"@id":"https:\/\/comite-civico.org\/?p=784"},"wordCount":158,"commentCount":0,"publisher":{"@id":"https:\/\/comite-civico.org\/#organization"},"image":{"@id":"https:\/\/comite-civico.org\/?p=784#primaryimage"},"thumbnailUrl":"https:\/\/comite-civico.org\/wp-content\/uploads\/2023\/11\/cumbre.jpg","keywords":["Mesa de Cultura"],"articleSection":["Banner","Logros"],"inLanguage":"es-CO","potentialAction":[{"@type":"CommentAction","name":"Comment","target":["https:\/\/comite-civico.org\/?p=784#respond"]}]},{"@type":"WebPage","@id":"https:\/\/comite-civico.org\/?p=784","url":"https:\/\/comite-civico.org\/?p=784","name":"III Cumbre del Pueblo Negro Afrocolombiano, Raizal y Palenquero. - Movimiento Social Paro C\u00edvico de Buenaventura","isPartOf":{"@id":"https:\/\/comite-civico.org\/#website"},"primaryImageOfPage":{"@id":"https:\/\/comite-civico.org\/?p=784#primaryimage"},"image":{"@id":"https:\/\/comite-civico.org\/?p=784#primaryimage"},"thumbnailUrl":"https:\/\/comite-civico.org\/wp-content\/uploads\/2023\/11\/cumbre.jpg","datePublished":"2023-11-28T04:39:25+00:00","dateModified":"2023-12-06T01:24:50+00:00","breadcrumb":{"@id":"https:\/\/comite-civico.org\/?p=784#breadcrumb"},"inLanguage":"es-CO","potentialAction":[{"@type":"ReadAction","target":["https:\/\/comite-civico.org\/?p=784"]}]},{"@type":"ImageObject","inLanguage":"es-CO","@id":"https:\/\/comite-civico.org\/?p=784#primaryimage","url":"https:\/\/comite-civico.org\/wp-content\/uploads\/2023\/11\/cumbre.jpg","contentUrl":"https:\/\/comite-civico.org\/wp-content\/uploads\/2023\/11\/cumbre.jpg","width":1920,"height":1214},{"@type":"BreadcrumbList","@id":"https:\/\/comite-civico.org\/?p=784#breadcrumb","itemListElement":[{"@type":"ListItem","position":1,"name":"Inicio","item":"https:\/\/comite-civico.org\/"},{"@type":"ListItem","position":2,"name":"III Cumbre del Pueblo Negro Afrocolombiano, Raizal y Palenquero."}]},{"@type":"WebSite","@id":"https:\/\/comite-civico.org\/#website","url":"https:\/\/comite-civico.org\/","name":"Movimiento Social Paro C\u00edvico de Buenaventura","description":"Movimiento Social Paro C\u00edvico de Buenaventura","publisher":{"@id":"https:\/\/comite-civico.org\/#organization"},"potentialAction":[{"@type":"SearchAction","target":{"@type":"EntryPoint","urlTemplate":"https:\/\/comite-civico.org\/?s={search_term_string}"},"query-input":{"@type":"PropertyValueSpecification","valueRequired":true,"valueName":"search_term_string"}}],"inLanguage":"es-CO"},{"@type":"Organization","@id":"https:\/\/comite-civico.org\/#organization","name":"Movimiento Social Paro C\u00edvico de Buenaventura","url":"https:\/\/comite-civico.org\/","logo":{"@type":"ImageObject","inLanguage":"es-CO","@id":"https:\/\/comite-civico.org\/#\/schema\/logo\/image\/","url":"https:\/\/comite-civico.org\/wp-content\/uploads\/2021\/03\/Logo-de-Movimiento-Blanco-scaled.png","contentUrl":"https:\/\/comite-civico.org\/wp-content\/uploads\/2021\/03\/Logo-de-Movimiento-Blanco-scaled.png","width":2560,"height":1810,"caption":"Movimiento Social Paro C\u00edvico de Buenaventura"},"image":{"@id":"https:\/\/comite-civico.org\/#\/schema\/logo\/image\/"}},{"@type":"Person","@id":"https:\/\/comite-civico.org\/#\/schema\/person\/eebdf569aa3565fa603cc9c5b53cea34","name":"comiteadmin","image":{"@type":"ImageObject","inLanguage":"es-CO","@id":"https:\/\/comite-civico.org\/#\/schema\/person\/image\/","url":"https:\/\/secure.gravatar.com\/avatar\/516fb540621996b28f565fdf033072d55dd3fe76896ef4af5250b5fec1b457fe?s=96&d=mm&r=g","contentUrl":"https:\/\/secure.gravatar.com\/avatar\/516fb540621996b28f565fdf033072d55dd3fe76896ef4af5250b5fec1b457fe?s=96&d=mm&r=g","caption":"comiteadmin"},"sameAs":["https:\/\/comite-civico.org\/"],"url":"https:\/\/comite-civico.org\/?author=1"}]}},"_links":{"self":[{"href":"https:\/\/comite-civico.org\/index.php?rest_route=\/wp\/v2\/posts\/784","targetHints":{"allow":["GET"]}}],"collection":[{"href":"https:\/\/comite-civico.org\/index.php?rest_route=\/wp\/v2\/posts"}],"about":[{"href":"https:\/\/comite-civico.org\/index.php?rest_route=\/wp\/v2\/types\/post"}],"author":[{"embeddable":true,"href":"https:\/\/comite-civico.org\/index.php?rest_route=\/wp\/v2\/users\/1"}],"replies":[{"embeddable":true,"href":"https:\/\/comite-civico.org\/index.php?rest_route=%2Fwp%2Fv2%2Fcomments&post=784"}],"version-history":[{"count":1,"href":"https:\/\/comite-civico.org\/index.php?rest_route=\/wp\/v2\/posts\/784\/revisions"}],"predecessor-version":[{"id":788,"href":"https:\/\/comite-civico.org\/index.php?rest_route=\/wp\/v2\/posts\/784\/revisions\/788"}],"wp:featuredmedia":[{"embeddable":true,"href":"https:\/\/comite-civico.org\/index.php?rest_route=\/wp\/v2\/media\/786"}],"wp:attachment":[{"href":"https:\/\/comite-civico.org\/index.php?rest_route=%2Fwp%2Fv2%2Fmedia&parent=784"}],"wp:term":[{"taxonomy":"category","embeddable":true,"href":"https:\/\/comite-civico.org\/index.php?rest_route=%2Fwp%2Fv2%2Fcategories&post=784"},{"taxonomy":"post_tag","embeddable":true,"href":"https:\/\/comite-civico.org\/index.php?rest_route=%2Fwp%2Fv2%2Ftags&post=784"}],"curies":[{"name":"wp","href":"https:\/\/api.w.org\/{rel}","templated":true}]}}