{"id":4007,"date":"2026-04-27T05:08:21","date_gmt":"2026-04-27T10:08:21","guid":{"rendered":"https:\/\/comite-civico.org\/?p=4007"},"modified":"2026-04-27T05:11:51","modified_gmt":"2026-04-27T10:11:51","slug":"agenda-del-27-de-abril-al-02-de-mayo-2026","status":"publish","type":"post","link":"https:\/\/comite-civico.org\/?p=4007","title":{"rendered":"Agenda del 27 de abril al 02 de mayo 2026"},"content":{"rendered":"\t\t<div data-elementor-type=\"wp-post\" data-elementor-id=\"4007\" class=\"elementor elementor-4007\" data-elementor-post-type=\"post\">\n\t\t\t\t\t\t<section data-particle_enable=\"false\" data-particle-mobile-disabled=\"false\" class=\"elementor-section elementor-top-section elementor-element elementor-element-64a22d0 elementor-section-boxed elementor-section-height-default elementor-section-height-default\" data-id=\"64a22d0\" data-element_type=\"section\" data-settings=\"{&quot;jet_parallax_layout_list&quot;:[]}\">\n\t\t\t\t\t\t<div class=\"elementor-container elementor-column-gap-default\">\n\t\t\t\t\t<div class=\"elementor-column elementor-col-100 elementor-top-column elementor-element elementor-element-4d40a05\" data-id=\"4d40a05\" data-element_type=\"column\">\n\t\t\t<div class=\"elementor-widget-wrap elementor-element-populated\">\n\t\t\t\t\t\t<div class=\"elementor-element elementor-element-302a29b elementor-widget elementor-widget-text-editor\" data-id=\"302a29b\" data-element_type=\"widget\" data-widget_type=\"text-editor.default\">\n\t\t\t\t<div class=\"elementor-widget-container\">\n\t\t\t\t\t\t\t\t\t<h2>Cronograma de actividades<\/h2><h3>Semana del 27 de abril al 02 de mayo de 2026<\/h3><p class=\"isSelectedEnd\">Seguimos trabajando con compromiso en cada una de las mesas, avanzando en los acuerdos del Paro C\u00edvico de Buenaventura y fortaleciendo el proceso organizativo del movimiento.<\/p><div contenteditable=\"false\"><hr \/><\/div><h3>Lunes 27 de abril<\/h3><p class=\"isSelectedEnd\"><strong>9:00 a.m. | Mesa de Derechos Humanos y Garant\u00edas de Protecci\u00f3n<\/strong><br \/>Espacio de revisi\u00f3n para destrabar el proceso de entrega del predio donde funcionar\u00e1 la sede del movimiento.<br \/>Modalidad: Virtual<\/p><p class=\"isSelectedEnd\"><strong>9:00 a.m. | Mesa de Salud<\/strong><br \/>Seguimiento al plan de contingencia del Hospital Luis Ablanque de la Plata, buscando ajustes que respondan a las necesidades del territorio.<br \/>Modalidad: Virtual<\/p><p class=\"isSelectedEnd\"><strong>2:30 p.m. | Mesa de Territorio, Vivienda e Infraestructura (TVI)<\/strong><br \/>Trabajo sobre el alcance del PMISS y el cumplimiento de la ruta cr\u00edtica del proyecto de la terminal intermodal.<br \/>Modalidad: Presencial \u2013 Sede del movimiento<\/p><div contenteditable=\"false\"><hr \/><\/div><h3>Martes 28 de abril<\/h3><p class=\"isSelectedEnd\"><strong>8:00 a.m. | Mesa TVI<\/strong><br \/>Socializaci\u00f3n del convenio que permitir\u00e1 analizar las afectaciones por dragado en la bah\u00eda de Buenaventura.<br \/>Lugar: Hotel Capilla del Sol<\/p><p class=\"isSelectedEnd\"><strong>9:00 a.m. | Mesa TVI<\/strong><br \/>Revisi\u00f3n del avance en el acuerdo sobre el seguro de embarcaciones de cabotaje.<br \/>Modalidad: Virtual<\/p><p class=\"isSelectedEnd\"><strong>5:00 p.m. | Comit\u00e9 Ejecutivo ampliado<\/strong><br \/>Encuentro con coordinaciones comunitarias para revisar avances de FonBuenaventura, procesos conmemorativos y temas estrat\u00e9gicos del territorio.<br \/>Modalidad: Presencial<\/p><div contenteditable=\"false\"><hr \/><\/div><h3>Mi\u00e9rcoles 29 de abril<\/h3><p class=\"isSelectedEnd\"><strong>8:00 a.m. | Mesa de trabajo FonBuenaventura<\/strong><br \/>Construcci\u00f3n de propuestas para mejorar el relacionamiento y la presentaci\u00f3n de proyectos.<br \/>Lugar: Sede PCN<\/p><p class=\"isSelectedEnd\"><strong>9:00 a.m. | Mesa de Salud<\/strong><br \/>Revisi\u00f3n de avances en atenci\u00f3n primaria, medicina tradicional y plan de salvamento del hospital.<br \/>Modalidad: Presencial<\/p><p class=\"isSelectedEnd\"><strong>9:00 a.m. | CORBUENAVENTURA<\/strong><br \/>Reuni\u00f3n de junta directiva.<br \/>Modalidad: Presencial<\/p><p class=\"isSelectedEnd\"><strong>10:00 a.m. | Mesa de Agua y Saneamiento<\/strong><br \/>Definici\u00f3n de acciones sobre la l\u00ednea del sistema Venecia.<br \/>Modalidad: Virtual<\/p><p class=\"isSelectedEnd\"><strong>3:00 p.m. | Comit\u00e9 Ejecutivo<\/strong><br \/>Espacio de di\u00e1logo pol\u00edtico con actores del territorio.<br \/>Modalidad: Presencial<\/p><div contenteditable=\"false\"><hr \/><\/div><h3>Jueves 30 de abril<\/h3><p class=\"isSelectedEnd\"><strong>9:00 a.m. | Mesa de Agua y Saneamiento<\/strong><br \/>Presentaci\u00f3n de proyectos de agua potable y saneamiento en gesti\u00f3n y financiaci\u00f3n.<br \/>Modalidad: Virtual<\/p><p class=\"isSelectedEnd\"><strong>9:00 a.m. | Mesa TVI (por confirmar)<\/strong><br \/>Revisi\u00f3n de medidas sobre movilidad mar\u00edtima comunitaria.<br \/>Modalidad: Virtual<\/p><div contenteditable=\"false\"><hr \/><\/div><h3>Viernes 1 de mayo<\/h3><p class=\"isSelectedEnd\"><strong>9:00 a.m. | Marcha del D\u00eda del Trabajador<\/strong><br \/>Un espacio para seguir defendiendo los derechos y la dignidad del pueblo.<br \/>Punto de encuentro: Plaza de mercado Juan 23<\/p><div contenteditable=\"false\"><hr \/><\/div><p>Seguimos firmes, trabajando desde cada mesa, sosteniendo el proceso y manteniendo viva la lucha por una Buenaventura digna y en paz.<\/p>\t\t\t\t\t\t\t\t<\/div>\n\t\t\t\t<\/div>\n\t\t\t\t\t<\/div>\n\t\t<\/div>\n\t\t\t\t\t<\/div>\n\t\t<\/section>\n\t\t\t\t<section data-particle_enable=\"false\" data-particle-mobile-disabled=\"false\" class=\"elementor-section elementor-top-section elementor-element elementor-element-75ec039 elementor-section-boxed elementor-section-height-default elementor-section-height-default\" data-id=\"75ec039\" data-element_type=\"section\" data-settings=\"{&quot;jet_parallax_layout_list&quot;:[]}\">\n\t\t\t\t\t\t<div class=\"elementor-container elementor-column-gap-default\">\n\t\t\t\t\t<div class=\"elementor-column elementor-col-100 elementor-top-column elementor-element elementor-element-dcb2e04\" data-id=\"dcb2e04\" data-element_type=\"column\">\n\t\t\t<div class=\"elementor-widget-wrap elementor-element-populated\">\n\t\t\t\t\t\t<div class=\"elementor-element elementor-element-8ed495d dce_masking-none elementor-widget elementor-widget-image\" data-id=\"8ed495d\" data-element_type=\"widget\" data-widget_type=\"image.default\">\n\t\t\t\t<div class=\"elementor-widget-container\">\n\t\t\t\t\t\t\t\t\t\t\t\t\t\t\t\t<a href=\"http:\/\/comite-civico.org\/wp-content\/uploads\/2026\/04\/Agenda-del-27-de-abril-al-02-de-mayo-2026.pdf\">\n\t\t\t\t\t\t\t<img fetchpriority=\"high\" decoding=\"async\" width=\"1024\" height=\"213\" src=\"https:\/\/comite-civico.org\/wp-content\/uploads\/2025\/08\/descarga-pdf-paro-civico-1024x213.jpg\" class=\"attachment-large size-large wp-image-2395\" alt=\"\" srcset=\"https:\/\/comite-civico.org\/wp-content\/uploads\/2025\/08\/descarga-pdf-paro-civico-1024x213.jpg 1024w, https:\/\/comite-civico.org\/wp-content\/uploads\/2025\/08\/descarga-pdf-paro-civico-300x63.jpg 300w, https:\/\/comite-civico.org\/wp-content\/uploads\/2025\/08\/descarga-pdf-paro-civico-768x160.jpg 768w, https:\/\/comite-civico.org\/wp-content\/uploads\/2025\/08\/descarga-pdf-paro-civico-1536x320.jpg 1536w, https:\/\/comite-civico.org\/wp-content\/uploads\/2025\/08\/descarga-pdf-paro-civico.jpg 1920w\" sizes=\"(max-width: 1024px) 100vw, 1024px\" \/>\t\t\t\t\t\t\t\t<\/a>\n\t\t\t\t\t\t\t\t\t\t\t\t\t\t\t<\/div>\n\t\t\t\t<\/div>\n\t\t\t\t\t<\/div>\n\t\t<\/div>\n\t\t\t\t\t<\/div>\n\t\t<\/section>\n\t\t\t\t<\/div>\n\t\t","protected":false},"excerpt":{"rendered":"<p>Cronograma de actividades Semana del 27 de abril al 02 de mayo de 2026 Seguimos trabajando con compromiso en cada una de las mesas, avanzando en los acuerdos del Paro C\u00edvico de Buenaventura y fortaleciendo el proceso organizativo del movimiento. Lunes 27 de abril 9:00 a.m. | Mesa de Derechos Humanos y Garant\u00edas de Protecci\u00f3nEspacio &#8230; <a title=\"Agenda del 27 de abril al 02 de mayo 2026\" class=\"read-more\" href=\"https:\/\/comite-civico.org\/?p=4007\" aria-label=\"Read more about Agenda del 27 de abril al 02 de mayo 2026\">Leer m\u00e1s<\/a><\/p>\n","protected":false},"author":1,"featured_media":4009,"comment_status":"open","ping_status":"open","sticky":false,"template":"","format":"standard","meta":{"footnotes":""},"categories":[1],"tags":[],"class_list":["post-4007","post","type-post","status-publish","format-standard","has-post-thumbnail","hentry","category-sin-categoria"],"acf":[],"yoast_head":"<!-- This site is optimized with the Yoast SEO plugin v25.0 - https:\/\/yoast.com\/wordpress\/plugins\/seo\/ -->\n<title>Agenda del 27 de abril al 02 de mayo 2026 - Movimiento Social Paro C\u00edvico de Buenaventura<\/title>\n<meta name=\"robots\" content=\"index, follow, max-snippet:-1, max-image-preview:large, max-video-preview:-1\" \/>\n<link rel=\"canonical\" href=\"https:\/\/comite-civico.org\/?p=4007\" \/>\n<meta property=\"og:locale\" content=\"es_ES\" \/>\n<meta property=\"og:type\" content=\"article\" \/>\n<meta property=\"og:title\" content=\"Agenda del 27 de abril al 02 de mayo 2026 - Movimiento Social Paro C\u00edvico de Buenaventura\" \/>\n<meta property=\"og:description\" content=\"Cronograma de actividades Semana del 27 de abril al 02 de mayo de 2026 Seguimos trabajando con compromiso en cada una de las mesas, avanzando en los acuerdos del Paro C\u00edvico de Buenaventura y fortaleciendo el proceso organizativo del movimiento. Lunes 27 de abril 9:00 a.m. | Mesa de Derechos Humanos y Garant\u00edas de Protecci\u00f3nEspacio ... Leer m\u00e1s\" \/>\n<meta property=\"og:url\" content=\"https:\/\/comite-civico.org\/?p=4007\" \/>\n<meta property=\"og:site_name\" content=\"Movimiento Social Paro C\u00edvico de Buenaventura\" \/>\n<meta property=\"article:published_time\" content=\"2026-04-27T10:08:21+00:00\" \/>\n<meta property=\"article:modified_time\" content=\"2026-04-27T10:11:51+00:00\" \/>\n<meta property=\"og:image\" content=\"http:\/\/comite-civico.org\/wp-content\/uploads\/2026\/04\/27-de-abril-al-2-de-mayo-agenda-semanal.jpg\" \/>\n\t<meta property=\"og:image:width\" content=\"1920\" \/>\n\t<meta property=\"og:image:height\" content=\"1080\" \/>\n\t<meta property=\"og:image:type\" content=\"image\/jpeg\" \/>\n<meta name=\"author\" content=\"comiteadmin\" \/>\n<meta name=\"twitter:card\" content=\"summary_large_image\" \/>\n<meta name=\"twitter:label1\" content=\"Escrito por\" \/>\n\t<meta name=\"twitter:data1\" content=\"comiteadmin\" \/>\n\t<meta name=\"twitter:label2\" content=\"Tiempo de lectura\" \/>\n\t<meta name=\"twitter:data2\" content=\"3 minutos\" \/>\n<script type=\"application\/ld+json\" class=\"yoast-schema-graph\">{\"@context\":\"https:\/\/schema.org\",\"@graph\":[{\"@type\":\"Article\",\"@id\":\"https:\/\/comite-civico.org\/?p=4007#article\",\"isPartOf\":{\"@id\":\"https:\/\/comite-civico.org\/?p=4007\"},\"author\":{\"name\":\"comiteadmin\",\"@id\":\"https:\/\/comite-civico.org\/#\/schema\/person\/eebdf569aa3565fa603cc9c5b53cea34\"},\"headline\":\"Agenda del 27 de abril al 02 de mayo 2026\",\"datePublished\":\"2026-04-27T10:08:21+00:00\",\"dateModified\":\"2026-04-27T10:11:51+00:00\",\"mainEntityOfPage\":{\"@id\":\"https:\/\/comite-civico.org\/?p=4007\"},\"wordCount\":406,\"commentCount\":0,\"publisher\":{\"@id\":\"https:\/\/comite-civico.org\/#organization\"},\"image\":{\"@id\":\"https:\/\/comite-civico.org\/?p=4007#primaryimage\"},\"thumbnailUrl\":\"https:\/\/comite-civico.org\/wp-content\/uploads\/2026\/04\/27-de-abril-al-2-de-mayo-agenda-semanal.jpg\",\"inLanguage\":\"es-CO\",\"potentialAction\":[{\"@type\":\"CommentAction\",\"name\":\"Comment\",\"target\":[\"https:\/\/comite-civico.org\/?p=4007#respond\"]}]},{\"@type\":\"WebPage\",\"@id\":\"https:\/\/comite-civico.org\/?p=4007\",\"url\":\"https:\/\/comite-civico.org\/?p=4007\",\"name\":\"Agenda del 27 de abril al 02 de mayo 2026 - Movimiento Social Paro C\u00edvico de Buenaventura\",\"isPartOf\":{\"@id\":\"https:\/\/comite-civico.org\/#website\"},\"primaryImageOfPage\":{\"@id\":\"https:\/\/comite-civico.org\/?p=4007#primaryimage\"},\"image\":{\"@id\":\"https:\/\/comite-civico.org\/?p=4007#primaryimage\"},\"thumbnailUrl\":\"https:\/\/comite-civico.org\/wp-content\/uploads\/2026\/04\/27-de-abril-al-2-de-mayo-agenda-semanal.jpg\",\"datePublished\":\"2026-04-27T10:08:21+00:00\",\"dateModified\":\"2026-04-27T10:11:51+00:00\",\"breadcrumb\":{\"@id\":\"https:\/\/comite-civico.org\/?p=4007#breadcrumb\"},\"inLanguage\":\"es-CO\",\"potentialAction\":[{\"@type\":\"ReadAction\",\"target\":[\"https:\/\/comite-civico.org\/?p=4007\"]}]},{\"@type\":\"ImageObject\",\"inLanguage\":\"es-CO\",\"@id\":\"https:\/\/comite-civico.org\/?p=4007#primaryimage\",\"url\":\"https:\/\/comite-civico.org\/wp-content\/uploads\/2026\/04\/27-de-abril-al-2-de-mayo-agenda-semanal.jpg\",\"contentUrl\":\"https:\/\/comite-civico.org\/wp-content\/uploads\/2026\/04\/27-de-abril-al-2-de-mayo-agenda-semanal.jpg\",\"width\":1920,\"height\":1080},{\"@type\":\"BreadcrumbList\",\"@id\":\"https:\/\/comite-civico.org\/?p=4007#breadcrumb\",\"itemListElement\":[{\"@type\":\"ListItem\",\"position\":1,\"name\":\"Inicio\",\"item\":\"https:\/\/comite-civico.org\/\"},{\"@type\":\"ListItem\",\"position\":2,\"name\":\"Agenda del 27 de abril al 02 de mayo 2026\"}]},{\"@type\":\"WebSite\",\"@id\":\"https:\/\/comite-civico.org\/#website\",\"url\":\"https:\/\/comite-civico.org\/\",\"name\":\"Movimiento Social Paro C\u00edvico de Buenaventura\",\"description\":\"Movimiento Social Paro C\u00edvico de Buenaventura\",\"publisher\":{\"@id\":\"https:\/\/comite-civico.org\/#organization\"},\"potentialAction\":[{\"@type\":\"SearchAction\",\"target\":{\"@type\":\"EntryPoint\",\"urlTemplate\":\"https:\/\/comite-civico.org\/?s={search_term_string}\"},\"query-input\":{\"@type\":\"PropertyValueSpecification\",\"valueRequired\":true,\"valueName\":\"search_term_string\"}}],\"inLanguage\":\"es-CO\"},{\"@type\":\"Organization\",\"@id\":\"https:\/\/comite-civico.org\/#organization\",\"name\":\"Movimiento Social Paro C\u00edvico de Buenaventura\",\"url\":\"https:\/\/comite-civico.org\/\",\"logo\":{\"@type\":\"ImageObject\",\"inLanguage\":\"es-CO\",\"@id\":\"https:\/\/comite-civico.org\/#\/schema\/logo\/image\/\",\"url\":\"https:\/\/comite-civico.org\/wp-content\/uploads\/2021\/03\/Logo-de-Movimiento-Blanco-scaled.png\",\"contentUrl\":\"https:\/\/comite-civico.org\/wp-content\/uploads\/2021\/03\/Logo-de-Movimiento-Blanco-scaled.png\",\"width\":2560,\"height\":1810,\"caption\":\"Movimiento Social Paro C\u00edvico de Buenaventura\"},\"image\":{\"@id\":\"https:\/\/comite-civico.org\/#\/schema\/logo\/image\/\"}},{\"@type\":\"Person\",\"@id\":\"https:\/\/comite-civico.org\/#\/schema\/person\/eebdf569aa3565fa603cc9c5b53cea34\",\"name\":\"comiteadmin\",\"image\":{\"@type\":\"ImageObject\",\"inLanguage\":\"es-CO\",\"@id\":\"https:\/\/comite-civico.org\/#\/schema\/person\/image\/\",\"url\":\"https:\/\/secure.gravatar.com\/avatar\/516fb540621996b28f565fdf033072d55dd3fe76896ef4af5250b5fec1b457fe?s=96&d=mm&r=g\",\"contentUrl\":\"https:\/\/secure.gravatar.com\/avatar\/516fb540621996b28f565fdf033072d55dd3fe76896ef4af5250b5fec1b457fe?s=96&d=mm&r=g\",\"caption\":\"comiteadmin\"},\"sameAs\":[\"https:\/\/comite-civico.org\/\"],\"url\":\"https:\/\/comite-civico.org\/?author=1\"}]}<\/script>\n<!-- \/ Yoast SEO plugin. -->","yoast_head_json":{"title":"Agenda del 27 de abril al 02 de mayo 2026 - Movimiento Social Paro C\u00edvico de Buenaventura","robots":{"index":"index","follow":"follow","max-snippet":"max-snippet:-1","max-image-preview":"max-image-preview:large","max-video-preview":"max-video-preview:-1"},"canonical":"https:\/\/comite-civico.org\/?p=4007","og_locale":"es_ES","og_type":"article","og_title":"Agenda del 27 de abril al 02 de mayo 2026 - Movimiento Social Paro C\u00edvico de Buenaventura","og_description":"Cronograma de actividades Semana del 27 de abril al 02 de mayo de 2026 Seguimos trabajando con compromiso en cada una de las mesas, avanzando en los acuerdos del Paro C\u00edvico de Buenaventura y fortaleciendo el proceso organizativo del movimiento. Lunes 27 de abril 9:00 a.m. | Mesa de Derechos Humanos y Garant\u00edas de Protecci\u00f3nEspacio ... Leer m\u00e1s","og_url":"https:\/\/comite-civico.org\/?p=4007","og_site_name":"Movimiento Social Paro C\u00edvico de Buenaventura","article_published_time":"2026-04-27T10:08:21+00:00","article_modified_time":"2026-04-27T10:11:51+00:00","og_image":[{"width":1920,"height":1080,"url":"http:\/\/comite-civico.org\/wp-content\/uploads\/2026\/04\/27-de-abril-al-2-de-mayo-agenda-semanal.jpg","type":"image\/jpeg"}],"author":"comiteadmin","twitter_card":"summary_large_image","twitter_misc":{"Escrito por":"comiteadmin","Tiempo de lectura":"3 minutos"},"schema":{"@context":"https:\/\/schema.org","@graph":[{"@type":"Article","@id":"https:\/\/comite-civico.org\/?p=4007#article","isPartOf":{"@id":"https:\/\/comite-civico.org\/?p=4007"},"author":{"name":"comiteadmin","@id":"https:\/\/comite-civico.org\/#\/schema\/person\/eebdf569aa3565fa603cc9c5b53cea34"},"headline":"Agenda del 27 de abril al 02 de mayo 2026","datePublished":"2026-04-27T10:08:21+00:00","dateModified":"2026-04-27T10:11:51+00:00","mainEntityOfPage":{"@id":"https:\/\/comite-civico.org\/?p=4007"},"wordCount":406,"commentCount":0,"publisher":{"@id":"https:\/\/comite-civico.org\/#organization"},"image":{"@id":"https:\/\/comite-civico.org\/?p=4007#primaryimage"},"thumbnailUrl":"https:\/\/comite-civico.org\/wp-content\/uploads\/2026\/04\/27-de-abril-al-2-de-mayo-agenda-semanal.jpg","inLanguage":"es-CO","potentialAction":[{"@type":"CommentAction","name":"Comment","target":["https:\/\/comite-civico.org\/?p=4007#respond"]}]},{"@type":"WebPage","@id":"https:\/\/comite-civico.org\/?p=4007","url":"https:\/\/comite-civico.org\/?p=4007","name":"Agenda del 27 de abril al 02 de mayo 2026 - Movimiento Social Paro C\u00edvico de Buenaventura","isPartOf":{"@id":"https:\/\/comite-civico.org\/#website"},"primaryImageOfPage":{"@id":"https:\/\/comite-civico.org\/?p=4007#primaryimage"},"image":{"@id":"https:\/\/comite-civico.org\/?p=4007#primaryimage"},"thumbnailUrl":"https:\/\/comite-civico.org\/wp-content\/uploads\/2026\/04\/27-de-abril-al-2-de-mayo-agenda-semanal.jpg","datePublished":"2026-04-27T10:08:21+00:00","dateModified":"2026-04-27T10:11:51+00:00","breadcrumb":{"@id":"https:\/\/comite-civico.org\/?p=4007#breadcrumb"},"inLanguage":"es-CO","potentialAction":[{"@type":"ReadAction","target":["https:\/\/comite-civico.org\/?p=4007"]}]},{"@type":"ImageObject","inLanguage":"es-CO","@id":"https:\/\/comite-civico.org\/?p=4007#primaryimage","url":"https:\/\/comite-civico.org\/wp-content\/uploads\/2026\/04\/27-de-abril-al-2-de-mayo-agenda-semanal.jpg","contentUrl":"https:\/\/comite-civico.org\/wp-content\/uploads\/2026\/04\/27-de-abril-al-2-de-mayo-agenda-semanal.jpg","width":1920,"height":1080},{"@type":"BreadcrumbList","@id":"https:\/\/comite-civico.org\/?p=4007#breadcrumb","itemListElement":[{"@type":"ListItem","position":1,"name":"Inicio","item":"https:\/\/comite-civico.org\/"},{"@type":"ListItem","position":2,"name":"Agenda del 27 de abril al 02 de mayo 2026"}]},{"@type":"WebSite","@id":"https:\/\/comite-civico.org\/#website","url":"https:\/\/comite-civico.org\/","name":"Movimiento Social Paro C\u00edvico de Buenaventura","description":"Movimiento Social Paro C\u00edvico de Buenaventura","publisher":{"@id":"https:\/\/comite-civico.org\/#organization"},"potentialAction":[{"@type":"SearchAction","target":{"@type":"EntryPoint","urlTemplate":"https:\/\/comite-civico.org\/?s={search_term_string}"},"query-input":{"@type":"PropertyValueSpecification","valueRequired":true,"valueName":"search_term_string"}}],"inLanguage":"es-CO"},{"@type":"Organization","@id":"https:\/\/comite-civico.org\/#organization","name":"Movimiento Social Paro C\u00edvico de Buenaventura","url":"https:\/\/comite-civico.org\/","logo":{"@type":"ImageObject","inLanguage":"es-CO","@id":"https:\/\/comite-civico.org\/#\/schema\/logo\/image\/","url":"https:\/\/comite-civico.org\/wp-content\/uploads\/2021\/03\/Logo-de-Movimiento-Blanco-scaled.png","contentUrl":"https:\/\/comite-civico.org\/wp-content\/uploads\/2021\/03\/Logo-de-Movimiento-Blanco-scaled.png","width":2560,"height":1810,"caption":"Movimiento Social Paro C\u00edvico de Buenaventura"},"image":{"@id":"https:\/\/comite-civico.org\/#\/schema\/logo\/image\/"}},{"@type":"Person","@id":"https:\/\/comite-civico.org\/#\/schema\/person\/eebdf569aa3565fa603cc9c5b53cea34","name":"comiteadmin","image":{"@type":"ImageObject","inLanguage":"es-CO","@id":"https:\/\/comite-civico.org\/#\/schema\/person\/image\/","url":"https:\/\/secure.gravatar.com\/avatar\/516fb540621996b28f565fdf033072d55dd3fe76896ef4af5250b5fec1b457fe?s=96&d=mm&r=g","contentUrl":"https:\/\/secure.gravatar.com\/avatar\/516fb540621996b28f565fdf033072d55dd3fe76896ef4af5250b5fec1b457fe?s=96&d=mm&r=g","caption":"comiteadmin"},"sameAs":["https:\/\/comite-civico.org\/"],"url":"https:\/\/comite-civico.org\/?author=1"}]}},"_links":{"self":[{"href":"https:\/\/comite-civico.org\/index.php?rest_route=\/wp\/v2\/posts\/4007","targetHints":{"allow":["GET"]}}],"collection":[{"href":"https:\/\/comite-civico.org\/index.php?rest_route=\/wp\/v2\/posts"}],"about":[{"href":"https:\/\/comite-civico.org\/index.php?rest_route=\/wp\/v2\/types\/post"}],"author":[{"embeddable":true,"href":"https:\/\/comite-civico.org\/index.php?rest_route=\/wp\/v2\/users\/1"}],"replies":[{"embeddable":true,"href":"https:\/\/comite-civico.org\/index.php?rest_route=%2Fwp%2Fv2%2Fcomments&post=4007"}],"version-history":[{"count":5,"href":"https:\/\/comite-civico.org\/index.php?rest_route=\/wp\/v2\/posts\/4007\/revisions"}],"predecessor-version":[{"id":4014,"href":"https:\/\/comite-civico.org\/index.php?rest_route=\/wp\/v2\/posts\/4007\/revisions\/4014"}],"wp:featuredmedia":[{"embeddable":true,"href":"https:\/\/comite-civico.org\/index.php?rest_route=\/wp\/v2\/media\/4009"}],"wp:attachment":[{"href":"https:\/\/comite-civico.org\/index.php?rest_route=%2Fwp%2Fv2%2Fmedia&parent=4007"}],"wp:term":[{"taxonomy":"category","embeddable":true,"href":"https:\/\/comite-civico.org\/index.php?rest_route=%2Fwp%2Fv2%2Fcategories&post=4007"},{"taxonomy":"post_tag","embeddable":true,"href":"https:\/\/comite-civico.org\/index.php?rest_route=%2Fwp%2Fv2%2Ftags&post=4007"}],"curies":[{"name":"wp","href":"https:\/\/api.w.org\/{rel}","templated":true}]}}