{"id":3876,"date":"2026-03-15T21:46:12","date_gmt":"2026-03-16T02:46:12","guid":{"rendered":"https:\/\/comite-civico.org\/?p=3876"},"modified":"2026-03-15T21:46:53","modified_gmt":"2026-03-16T02:46:53","slug":"foro-el-derecho-al-agua-en-buenaventura","status":"publish","type":"post","link":"https:\/\/comite-civico.org\/?p=3876","title":{"rendered":"Foro: El derecho al agua en Buenaventura"},"content":{"rendered":"\t\t<div data-elementor-type=\"wp-post\" data-elementor-id=\"3876\" class=\"elementor elementor-3876\" data-elementor-post-type=\"post\">\n\t\t\t\t\t\t<section data-particle_enable=\"false\" data-particle-mobile-disabled=\"false\" class=\"elementor-section elementor-top-section elementor-element elementor-element-5b049e7 elementor-section-boxed elementor-section-height-default elementor-section-height-default\" data-id=\"5b049e7\" data-element_type=\"section\" data-settings=\"{&quot;jet_parallax_layout_list&quot;:[]}\">\n\t\t\t\t\t\t<div class=\"elementor-container elementor-column-gap-default\">\n\t\t\t\t\t<div class=\"elementor-column elementor-col-100 elementor-top-column elementor-element elementor-element-73ecbe7\" data-id=\"73ecbe7\" data-element_type=\"column\">\n\t\t\t<div class=\"elementor-widget-wrap elementor-element-populated\">\n\t\t\t\t\t\t<div class=\"elementor-element elementor-element-8fb0758 elementor-widget elementor-widget-text-editor\" data-id=\"8fb0758\" data-element_type=\"widget\" data-widget_type=\"text-editor.default\">\n\t\t\t\t<div class=\"elementor-widget-container\">\n\t\t\t\t\t\t\t\t\t<h1 data-section-id=\"i0l7h1\" data-start=\"176\" data-end=\"220\">Foro: El derecho al agua en Buenaventura<\/h1><h2 data-section-id=\"1wfpx91\" data-start=\"221\" data-end=\"256\">Problemas, desaf\u00edos y soluciones<\/h2><p data-start=\"258\" data-end=\"705\">El Comit\u00e9 por la defensa del agua y la vida de Buenaventura, la Corporaci\u00f3n Memoria y Paz \u2013Cormepaz\u2013, Arab\u00ed, Haki Kikabila, la Coordinaci\u00f3n Regional del Pac\u00edfico Colombiano \u2013CRPC\u2013 y la Asociaci\u00f3n Sostenibilidad, Equidad y Derechos Ambientales \u2013ENDA\u2013 convocan al foro <strong data-start=\"525\" data-end=\"599\">\u201cEl derecho al Agua en Buenaventura. Problemas, desaf\u00edos y soluciones\u201d<\/strong>, que se realizar\u00e1 el pr\u00f3ximo <strong data-start=\"629\" data-end=\"704\">17 de marzo de 2026, a partir de las 2:00 p.m., en el Club Buenaventura<\/strong>.<\/p><p data-start=\"707\" data-end=\"1242\">Este evento, en el que se espera la participaci\u00f3n de la institucionalidad p\u00fablica, la sociedad civil organizada y la comunidad en general, tiene como prop\u00f3sito realizar una conversaci\u00f3n p\u00fablica sobre la situaci\u00f3n del <strong data-start=\"924\" data-end=\"980\">Derecho Humano al Agua y Saneamiento B\u00e1sico (DHAySB)<\/strong> en el territorio de Buenaventura, a partir de los hallazgos del <strong data-start=\"1045\" data-end=\"1149\">Informe Alterno de Derechos Econ\u00f3micos, Sociales, Culturales y Ambientales (DESCA) \u2013 Regi\u00f3n Pac\u00edfico<\/strong> y las observaciones del <strong data-start=\"1174\" data-end=\"1217\">Relator Especial de la ONU sobre DHAySB<\/strong> en su visita a Colombia.<\/p><p data-start=\"1244\" data-end=\"1463\">Lo anterior, con el fin de <strong data-start=\"1271\" data-end=\"1424\">identificar, articular y movilizar estrategias colectivas que permitan avanzar hacia la garant\u00eda efectiva de este derecho fundamental en Buenaventura<\/strong>.<\/p><hr data-start=\"1465\" data-end=\"1468\" \/><h3 data-section-id=\"vozlf3\" data-start=\"1470\" data-end=\"1494\">Informaci\u00f3n del evento<\/h3><p data-start=\"1496\" data-end=\"1581\"><strong data-start=\"1496\" data-end=\"1506\">Fecha:<\/strong> 17 de marzo de 2026<br data-start=\"1526\" data-end=\"1529\" \/><strong data-start=\"1529\" data-end=\"1538\">Hora:<\/strong> 2:00 p.m.<br data-start=\"1548\" data-end=\"1551\" \/><strong data-start=\"1551\" data-end=\"1561\">Lugar:<\/strong> Club Buenaventura<\/p><hr data-start=\"1583\" data-end=\"1586\" \/><h3 data-section-id=\"1mjuyev\" data-start=\"1588\" data-end=\"1605\">Agenda del foro<\/h3><h3 data-section-id=\"6geu6n\" data-start=\"1607\" data-end=\"1638\">1. Bienvenida y presentaci\u00f3n<\/h3><p data-start=\"1640\" data-end=\"1686\"><strong data-start=\"1640\" data-end=\"1660\">2:00 \u2013 2:20 p.m.<\/strong><br data-start=\"1660\" data-end=\"1663\" \/>Registro de asistencia.<\/p><p data-start=\"1688\" data-end=\"1724\">Exposici\u00f3n fotogr\u00e1fica (30 minutos).<\/p><p data-start=\"1726\" data-end=\"1775\"><strong data-start=\"1726\" data-end=\"1746\">2:20 \u2013 2:35 p.m.<\/strong><br data-start=\"1746\" data-end=\"1749\" \/>Bienvenida y presentaci\u00f3n.<\/p><ul data-start=\"1777\" data-end=\"1942\"><li data-section-id=\"13mn5oe\" data-start=\"1777\" data-end=\"1829\"><p data-start=\"1779\" data-end=\"1829\">Bienvenida e introducci\u00f3n (Maestr@ de ceremonia)<\/p><\/li><li data-section-id=\"a4k2qk\" data-start=\"1830\" data-end=\"1891\"><p data-start=\"1832\" data-end=\"1891\">Palabras de los organizadores del evento: <strong data-start=\"1874\" data-end=\"1889\">Adriel Ru\u00edz<\/strong><\/p><\/li><li data-section-id=\"k8fqbc\" data-start=\"1892\" data-end=\"1942\"><p data-start=\"1894\" data-end=\"1942\">Presentaci\u00f3n de la agenda (Maestr@ de ceremonia)<\/p><\/li><\/ul><hr data-start=\"1944\" data-end=\"1947\" \/><h3 data-section-id=\"d395p9\" data-start=\"1949\" data-end=\"2007\">2. Situaci\u00f3n del derecho humano al agua en Buenaventura<\/h3><p data-start=\"2009\" data-end=\"2029\"><strong data-start=\"2009\" data-end=\"2029\">2:35 \u2013 3:45 p.m.<\/strong><\/p><h3 data-section-id=\"vunezb\" data-start=\"2031\" data-end=\"2050\">Video reportaje<\/h3><p data-start=\"2051\" data-end=\"2168\">Presentaci\u00f3n de video reportaje sobre el <strong data-start=\"2092\" data-end=\"2148\">Derecho Humano al Agua y Saneamiento B\u00e1sico (DHAySB)<\/strong> \u2013 CRPC (5 minutos).<\/p><h3 data-section-id=\"15zqiqx\" data-start=\"2170\" data-end=\"2196\">Primer conversatorio<\/h3><p data-start=\"2197\" data-end=\"2273\"><strong data-start=\"2197\" data-end=\"2260\">Situaci\u00f3n del agua en Buenaventura y el Pac\u00edfico colombiano<\/strong> (45 minutos)<\/p><p data-start=\"2275\" data-end=\"2289\"><strong data-start=\"2275\" data-end=\"2289\">Panelistas<\/strong><\/p><ul data-start=\"2291\" data-end=\"2366\"><li data-section-id=\"kiv9oy\" data-start=\"2291\" data-end=\"2312\"><p data-start=\"2293\" data-end=\"2312\">Yuseth (Cormepaz)<\/p><\/li><li data-section-id=\"10io5ka\" data-start=\"2313\" data-end=\"2337\"><p data-start=\"2315\" data-end=\"2337\">Danna Aguilar (CRPC)<\/p><\/li><li data-section-id=\"2e4w8\" data-start=\"2338\" data-end=\"2366\"><p data-start=\"2340\" data-end=\"2366\">Konti Bikila Lumumba (PCN)<\/p><\/li><\/ul><p data-start=\"2368\" data-end=\"2448\"><strong data-start=\"2368\" data-end=\"2408\">Espacio de participaci\u00f3n del p\u00fablico<\/strong><br data-start=\"2408\" data-end=\"2411\" \/>Preguntas y comentarios (20 minutos).<\/p><hr data-start=\"2450\" data-end=\"2453\" \/><p data-start=\"2455\" data-end=\"2489\"><strong data-start=\"2455\" data-end=\"2475\">3:45 \u2013 4:00 p.m.<\/strong><br data-start=\"2475\" data-end=\"2478\" \/>Refrigerio.<\/p><hr data-start=\"2491\" data-end=\"2494\" \/><h3 data-section-id=\"dbd026\" data-start=\"2496\" data-end=\"2567\">3. Incidencia internacional y nacional alrededor del derecho al agua<\/h3><h5 data-section-id=\"1v4nibv\" data-start=\"2569\" data-end=\"2652\">Aprendizajes, retos y oportunidades para el posicionamiento de una agenda com\u00fan<\/h5><p data-start=\"2654\" data-end=\"2674\"><strong data-start=\"2654\" data-end=\"2674\">4:00 \u2013 5:30 p.m.<\/strong><\/p><h3 data-section-id=\"m38t0s\" data-start=\"2676\" data-end=\"2701\">Intervenci\u00f3n especial<\/h3><p data-start=\"2702\" data-end=\"2836\">Palabras del <strong data-start=\"2715\" data-end=\"2815\">Relator Especial sobre los derechos humanos al agua potable y el saneamiento, Pedro Arrojo Agudo<\/strong> (video \u2013 5 minutos).<\/p><h3 data-section-id=\"u2ntuh\" data-start=\"2838\" data-end=\"2865\">Segundo conversatorio<\/h3><p data-start=\"2866\" data-end=\"2996\"><strong data-start=\"2866\" data-end=\"2983\">Incidencia internacional y nacional: aprendizajes, retos y oportunidades para la exigibilidad del derecho al agua<\/strong> (45 minutos)<\/p><p data-start=\"2998\" data-end=\"3011\"><strong data-start=\"2998\" data-end=\"3011\">Moderador<\/strong><\/p><ul data-start=\"3013\" data-end=\"3037\"><li data-section-id=\"yp8n5f\" data-start=\"3013\" data-end=\"3037\"><p data-start=\"3015\" data-end=\"3037\">Adriel Ru\u00edz (Cormepaz)<\/p><\/li><\/ul><p data-start=\"3039\" data-end=\"3053\"><strong data-start=\"3039\" data-end=\"3053\">Panelistas<\/strong><\/p><ul data-start=\"3055\" data-end=\"3243\"><li data-section-id=\"1y5vkjp\" data-start=\"3055\" data-end=\"3140\"><p data-start=\"3057\" data-end=\"3140\">Adreiev Pinz\u00f3n (Asociaci\u00f3n Equidad, Sostenibilidad y Derechos Ambientales \u2013 ENDA)<\/p><\/li><li data-section-id=\"1x72qw\" data-start=\"3141\" data-end=\"3164\"><p data-start=\"3143\" data-end=\"3164\">Caren Castro (CRPC)<\/p><\/li><li data-section-id=\"rue4v7\" data-start=\"3165\" data-end=\"3243\"><p data-start=\"3167\" data-end=\"3243\">Narcilo Rosero (Comit\u00e9 por la defensa del agua y de la vida de Buenaventura)<\/p><\/li><\/ul><p data-start=\"3245\" data-end=\"3325\"><strong data-start=\"3245\" data-end=\"3285\">Espacio de participaci\u00f3n del p\u00fablico<\/strong><br data-start=\"3285\" data-end=\"3288\" \/>Preguntas y comentarios (20 minutos).<\/p><hr data-start=\"3327\" data-end=\"3330\" \/><h3 data-section-id=\"jdmp35\" data-start=\"3332\" data-end=\"3352\">Cierre del evento<\/h3><p data-start=\"3354\" data-end=\"3424\"><strong data-start=\"3354\" data-end=\"3367\">5:30 p.m.<br \/><br \/><br \/>Descargar agenda completa del evento:<br data-start=\"1578\" data-end=\"1581\" \/><a class=\"decorated-link\" href=\"http:\/\/comite-civico.org\/wp-content\/uploads\/2026\/03\/2026-03-10.-Agenda-Foro-el-DHAySB-en-Buenaventura.pdf\" target=\"_new\" rel=\"noopener\" data-start=\"1581\" data-end=\"1686\">http:\/\/comite-civico.org\/wp-content\/uploads\/2026\/03\/2026-03-10.-Agenda-Foro-el-DHAySB-en-Buenaventura.pdf<\/a><\/strong><br data-start=\"3367\" data-end=\"3370\" \/>Cierre del foro.<\/p>\t\t\t\t\t\t\t\t<\/div>\n\t\t\t\t<\/div>\n\t\t\t\t\t<\/div>\n\t\t<\/div>\n\t\t\t\t\t<\/div>\n\t\t<\/section>\n\t\t\t\t<\/div>\n\t\t","protected":false},"excerpt":{"rendered":"<p>Foro: El derecho al agua en Buenaventura Problemas, desaf\u00edos y soluciones El Comit\u00e9 por la defensa del agua y la vida de Buenaventura, la Corporaci\u00f3n Memoria y Paz \u2013Cormepaz\u2013, Arab\u00ed, Haki Kikabila, la Coordinaci\u00f3n Regional del Pac\u00edfico Colombiano \u2013CRPC\u2013 y la Asociaci\u00f3n Sostenibilidad, Equidad y Derechos Ambientales \u2013ENDA\u2013 convocan al foro \u201cEl derecho al Agua &#8230; <a title=\"Foro: El derecho al agua en Buenaventura\" class=\"read-more\" href=\"https:\/\/comite-civico.org\/?p=3876\" aria-label=\"Read more about Foro: El derecho al agua en Buenaventura\">Leer m\u00e1s<\/a><\/p>\n","protected":false},"author":1,"featured_media":3877,"comment_status":"open","ping_status":"open","sticky":false,"template":"","format":"standard","meta":{"footnotes":""},"categories":[1],"tags":[],"class_list":["post-3876","post","type-post","status-publish","format-standard","has-post-thumbnail","hentry","category-sin-categoria"],"acf":[],"yoast_head":"<!-- This site is optimized with the Yoast SEO plugin v25.0 - https:\/\/yoast.com\/wordpress\/plugins\/seo\/ -->\n<title>Foro: El derecho al agua en Buenaventura - Movimiento Social Paro C\u00edvico de Buenaventura<\/title>\n<meta name=\"robots\" content=\"index, follow, max-snippet:-1, max-image-preview:large, max-video-preview:-1\" \/>\n<link rel=\"canonical\" href=\"https:\/\/comite-civico.org\/?p=3876\" \/>\n<meta property=\"og:locale\" content=\"es_ES\" \/>\n<meta property=\"og:type\" content=\"article\" \/>\n<meta property=\"og:title\" content=\"Foro: El derecho al agua en Buenaventura - Movimiento Social Paro C\u00edvico de Buenaventura\" \/>\n<meta property=\"og:description\" content=\"Foro: El derecho al agua en Buenaventura Problemas, desaf\u00edos y soluciones El Comit\u00e9 por la defensa del agua y la vida de Buenaventura, la Corporaci\u00f3n Memoria y Paz \u2013Cormepaz\u2013, Arab\u00ed, Haki Kikabila, la Coordinaci\u00f3n Regional del Pac\u00edfico Colombiano \u2013CRPC\u2013 y la Asociaci\u00f3n Sostenibilidad, Equidad y Derechos Ambientales \u2013ENDA\u2013 convocan al foro \u201cEl derecho al Agua ... Leer m\u00e1s\" \/>\n<meta property=\"og:url\" content=\"https:\/\/comite-civico.org\/?p=3876\" \/>\n<meta property=\"og:site_name\" content=\"Movimiento Social Paro C\u00edvico de Buenaventura\" \/>\n<meta property=\"article:published_time\" content=\"2026-03-16T02:46:12+00:00\" \/>\n<meta property=\"article:modified_time\" content=\"2026-03-16T02:46:53+00:00\" \/>\n<meta property=\"og:image\" content=\"http:\/\/comite-civico.org\/wp-content\/uploads\/2026\/03\/650775356_1259643916367956_4811858002090833142_n.jpg\" \/>\n\t<meta property=\"og:image:width\" content=\"1920\" \/>\n\t<meta property=\"og:image:height\" content=\"1080\" \/>\n\t<meta property=\"og:image:type\" content=\"image\/jpeg\" \/>\n<meta name=\"author\" content=\"comiteadmin\" \/>\n<meta name=\"twitter:card\" content=\"summary_large_image\" \/>\n<meta name=\"twitter:label1\" content=\"Escrito por\" \/>\n\t<meta name=\"twitter:data1\" content=\"comiteadmin\" \/>\n\t<meta name=\"twitter:label2\" content=\"Tiempo de lectura\" \/>\n\t<meta name=\"twitter:data2\" content=\"2 minutos\" \/>\n<script type=\"application\/ld+json\" class=\"yoast-schema-graph\">{\"@context\":\"https:\/\/schema.org\",\"@graph\":[{\"@type\":\"Article\",\"@id\":\"https:\/\/comite-civico.org\/?p=3876#article\",\"isPartOf\":{\"@id\":\"https:\/\/comite-civico.org\/?p=3876\"},\"author\":{\"name\":\"comiteadmin\",\"@id\":\"https:\/\/comite-civico.org\/#\/schema\/person\/eebdf569aa3565fa603cc9c5b53cea34\"},\"headline\":\"Foro: El derecho al agua en Buenaventura\",\"datePublished\":\"2026-03-16T02:46:12+00:00\",\"dateModified\":\"2026-03-16T02:46:53+00:00\",\"mainEntityOfPage\":{\"@id\":\"https:\/\/comite-civico.org\/?p=3876\"},\"wordCount\":469,\"commentCount\":0,\"publisher\":{\"@id\":\"https:\/\/comite-civico.org\/#organization\"},\"image\":{\"@id\":\"https:\/\/comite-civico.org\/?p=3876#primaryimage\"},\"thumbnailUrl\":\"https:\/\/comite-civico.org\/wp-content\/uploads\/2026\/03\/650775356_1259643916367956_4811858002090833142_n.jpg\",\"inLanguage\":\"es-CO\",\"potentialAction\":[{\"@type\":\"CommentAction\",\"name\":\"Comment\",\"target\":[\"https:\/\/comite-civico.org\/?p=3876#respond\"]}]},{\"@type\":\"WebPage\",\"@id\":\"https:\/\/comite-civico.org\/?p=3876\",\"url\":\"https:\/\/comite-civico.org\/?p=3876\",\"name\":\"Foro: El derecho al agua en Buenaventura - Movimiento Social Paro C\u00edvico de Buenaventura\",\"isPartOf\":{\"@id\":\"https:\/\/comite-civico.org\/#website\"},\"primaryImageOfPage\":{\"@id\":\"https:\/\/comite-civico.org\/?p=3876#primaryimage\"},\"image\":{\"@id\":\"https:\/\/comite-civico.org\/?p=3876#primaryimage\"},\"thumbnailUrl\":\"https:\/\/comite-civico.org\/wp-content\/uploads\/2026\/03\/650775356_1259643916367956_4811858002090833142_n.jpg\",\"datePublished\":\"2026-03-16T02:46:12+00:00\",\"dateModified\":\"2026-03-16T02:46:53+00:00\",\"breadcrumb\":{\"@id\":\"https:\/\/comite-civico.org\/?p=3876#breadcrumb\"},\"inLanguage\":\"es-CO\",\"potentialAction\":[{\"@type\":\"ReadAction\",\"target\":[\"https:\/\/comite-civico.org\/?p=3876\"]}]},{\"@type\":\"ImageObject\",\"inLanguage\":\"es-CO\",\"@id\":\"https:\/\/comite-civico.org\/?p=3876#primaryimage\",\"url\":\"https:\/\/comite-civico.org\/wp-content\/uploads\/2026\/03\/650775356_1259643916367956_4811858002090833142_n.jpg\",\"contentUrl\":\"https:\/\/comite-civico.org\/wp-content\/uploads\/2026\/03\/650775356_1259643916367956_4811858002090833142_n.jpg\",\"width\":1920,\"height\":1080},{\"@type\":\"BreadcrumbList\",\"@id\":\"https:\/\/comite-civico.org\/?p=3876#breadcrumb\",\"itemListElement\":[{\"@type\":\"ListItem\",\"position\":1,\"name\":\"Inicio\",\"item\":\"https:\/\/comite-civico.org\/\"},{\"@type\":\"ListItem\",\"position\":2,\"name\":\"Foro: El derecho al agua en Buenaventura\"}]},{\"@type\":\"WebSite\",\"@id\":\"https:\/\/comite-civico.org\/#website\",\"url\":\"https:\/\/comite-civico.org\/\",\"name\":\"Movimiento Social Paro C\u00edvico de Buenaventura\",\"description\":\"Movimiento Social Paro C\u00edvico de Buenaventura\",\"publisher\":{\"@id\":\"https:\/\/comite-civico.org\/#organization\"},\"potentialAction\":[{\"@type\":\"SearchAction\",\"target\":{\"@type\":\"EntryPoint\",\"urlTemplate\":\"https:\/\/comite-civico.org\/?s={search_term_string}\"},\"query-input\":{\"@type\":\"PropertyValueSpecification\",\"valueRequired\":true,\"valueName\":\"search_term_string\"}}],\"inLanguage\":\"es-CO\"},{\"@type\":\"Organization\",\"@id\":\"https:\/\/comite-civico.org\/#organization\",\"name\":\"Movimiento Social Paro C\u00edvico de Buenaventura\",\"url\":\"https:\/\/comite-civico.org\/\",\"logo\":{\"@type\":\"ImageObject\",\"inLanguage\":\"es-CO\",\"@id\":\"https:\/\/comite-civico.org\/#\/schema\/logo\/image\/\",\"url\":\"https:\/\/comite-civico.org\/wp-content\/uploads\/2021\/03\/Logo-de-Movimiento-Blanco-scaled.png\",\"contentUrl\":\"https:\/\/comite-civico.org\/wp-content\/uploads\/2021\/03\/Logo-de-Movimiento-Blanco-scaled.png\",\"width\":2560,\"height\":1810,\"caption\":\"Movimiento Social Paro C\u00edvico de Buenaventura\"},\"image\":{\"@id\":\"https:\/\/comite-civico.org\/#\/schema\/logo\/image\/\"}},{\"@type\":\"Person\",\"@id\":\"https:\/\/comite-civico.org\/#\/schema\/person\/eebdf569aa3565fa603cc9c5b53cea34\",\"name\":\"comiteadmin\",\"image\":{\"@type\":\"ImageObject\",\"inLanguage\":\"es-CO\",\"@id\":\"https:\/\/comite-civico.org\/#\/schema\/person\/image\/\",\"url\":\"https:\/\/secure.gravatar.com\/avatar\/516fb540621996b28f565fdf033072d55dd3fe76896ef4af5250b5fec1b457fe?s=96&d=mm&r=g\",\"contentUrl\":\"https:\/\/secure.gravatar.com\/avatar\/516fb540621996b28f565fdf033072d55dd3fe76896ef4af5250b5fec1b457fe?s=96&d=mm&r=g\",\"caption\":\"comiteadmin\"},\"sameAs\":[\"https:\/\/comite-civico.org\/\"],\"url\":\"https:\/\/comite-civico.org\/?author=1\"}]}<\/script>\n<!-- \/ Yoast SEO plugin. -->","yoast_head_json":{"title":"Foro: El derecho al agua en Buenaventura - Movimiento Social Paro C\u00edvico de Buenaventura","robots":{"index":"index","follow":"follow","max-snippet":"max-snippet:-1","max-image-preview":"max-image-preview:large","max-video-preview":"max-video-preview:-1"},"canonical":"https:\/\/comite-civico.org\/?p=3876","og_locale":"es_ES","og_type":"article","og_title":"Foro: El derecho al agua en Buenaventura - Movimiento Social Paro C\u00edvico de Buenaventura","og_description":"Foro: El derecho al agua en Buenaventura Problemas, desaf\u00edos y soluciones El Comit\u00e9 por la defensa del agua y la vida de Buenaventura, la Corporaci\u00f3n Memoria y Paz \u2013Cormepaz\u2013, Arab\u00ed, Haki Kikabila, la Coordinaci\u00f3n Regional del Pac\u00edfico Colombiano \u2013CRPC\u2013 y la Asociaci\u00f3n Sostenibilidad, Equidad y Derechos Ambientales \u2013ENDA\u2013 convocan al foro \u201cEl derecho al Agua ... Leer m\u00e1s","og_url":"https:\/\/comite-civico.org\/?p=3876","og_site_name":"Movimiento Social Paro C\u00edvico de Buenaventura","article_published_time":"2026-03-16T02:46:12+00:00","article_modified_time":"2026-03-16T02:46:53+00:00","og_image":[{"width":1920,"height":1080,"url":"http:\/\/comite-civico.org\/wp-content\/uploads\/2026\/03\/650775356_1259643916367956_4811858002090833142_n.jpg","type":"image\/jpeg"}],"author":"comiteadmin","twitter_card":"summary_large_image","twitter_misc":{"Escrito por":"comiteadmin","Tiempo de lectura":"2 minutos"},"schema":{"@context":"https:\/\/schema.org","@graph":[{"@type":"Article","@id":"https:\/\/comite-civico.org\/?p=3876#article","isPartOf":{"@id":"https:\/\/comite-civico.org\/?p=3876"},"author":{"name":"comiteadmin","@id":"https:\/\/comite-civico.org\/#\/schema\/person\/eebdf569aa3565fa603cc9c5b53cea34"},"headline":"Foro: El derecho al agua en Buenaventura","datePublished":"2026-03-16T02:46:12+00:00","dateModified":"2026-03-16T02:46:53+00:00","mainEntityOfPage":{"@id":"https:\/\/comite-civico.org\/?p=3876"},"wordCount":469,"commentCount":0,"publisher":{"@id":"https:\/\/comite-civico.org\/#organization"},"image":{"@id":"https:\/\/comite-civico.org\/?p=3876#primaryimage"},"thumbnailUrl":"https:\/\/comite-civico.org\/wp-content\/uploads\/2026\/03\/650775356_1259643916367956_4811858002090833142_n.jpg","inLanguage":"es-CO","potentialAction":[{"@type":"CommentAction","name":"Comment","target":["https:\/\/comite-civico.org\/?p=3876#respond"]}]},{"@type":"WebPage","@id":"https:\/\/comite-civico.org\/?p=3876","url":"https:\/\/comite-civico.org\/?p=3876","name":"Foro: El derecho al agua en Buenaventura - Movimiento Social Paro C\u00edvico de Buenaventura","isPartOf":{"@id":"https:\/\/comite-civico.org\/#website"},"primaryImageOfPage":{"@id":"https:\/\/comite-civico.org\/?p=3876#primaryimage"},"image":{"@id":"https:\/\/comite-civico.org\/?p=3876#primaryimage"},"thumbnailUrl":"https:\/\/comite-civico.org\/wp-content\/uploads\/2026\/03\/650775356_1259643916367956_4811858002090833142_n.jpg","datePublished":"2026-03-16T02:46:12+00:00","dateModified":"2026-03-16T02:46:53+00:00","breadcrumb":{"@id":"https:\/\/comite-civico.org\/?p=3876#breadcrumb"},"inLanguage":"es-CO","potentialAction":[{"@type":"ReadAction","target":["https:\/\/comite-civico.org\/?p=3876"]}]},{"@type":"ImageObject","inLanguage":"es-CO","@id":"https:\/\/comite-civico.org\/?p=3876#primaryimage","url":"https:\/\/comite-civico.org\/wp-content\/uploads\/2026\/03\/650775356_1259643916367956_4811858002090833142_n.jpg","contentUrl":"https:\/\/comite-civico.org\/wp-content\/uploads\/2026\/03\/650775356_1259643916367956_4811858002090833142_n.jpg","width":1920,"height":1080},{"@type":"BreadcrumbList","@id":"https:\/\/comite-civico.org\/?p=3876#breadcrumb","itemListElement":[{"@type":"ListItem","position":1,"name":"Inicio","item":"https:\/\/comite-civico.org\/"},{"@type":"ListItem","position":2,"name":"Foro: El derecho al agua en Buenaventura"}]},{"@type":"WebSite","@id":"https:\/\/comite-civico.org\/#website","url":"https:\/\/comite-civico.org\/","name":"Movimiento Social Paro C\u00edvico de Buenaventura","description":"Movimiento Social Paro C\u00edvico de Buenaventura","publisher":{"@id":"https:\/\/comite-civico.org\/#organization"},"potentialAction":[{"@type":"SearchAction","target":{"@type":"EntryPoint","urlTemplate":"https:\/\/comite-civico.org\/?s={search_term_string}"},"query-input":{"@type":"PropertyValueSpecification","valueRequired":true,"valueName":"search_term_string"}}],"inLanguage":"es-CO"},{"@type":"Organization","@id":"https:\/\/comite-civico.org\/#organization","name":"Movimiento Social Paro C\u00edvico de Buenaventura","url":"https:\/\/comite-civico.org\/","logo":{"@type":"ImageObject","inLanguage":"es-CO","@id":"https:\/\/comite-civico.org\/#\/schema\/logo\/image\/","url":"https:\/\/comite-civico.org\/wp-content\/uploads\/2021\/03\/Logo-de-Movimiento-Blanco-scaled.png","contentUrl":"https:\/\/comite-civico.org\/wp-content\/uploads\/2021\/03\/Logo-de-Movimiento-Blanco-scaled.png","width":2560,"height":1810,"caption":"Movimiento Social Paro C\u00edvico de Buenaventura"},"image":{"@id":"https:\/\/comite-civico.org\/#\/schema\/logo\/image\/"}},{"@type":"Person","@id":"https:\/\/comite-civico.org\/#\/schema\/person\/eebdf569aa3565fa603cc9c5b53cea34","name":"comiteadmin","image":{"@type":"ImageObject","inLanguage":"es-CO","@id":"https:\/\/comite-civico.org\/#\/schema\/person\/image\/","url":"https:\/\/secure.gravatar.com\/avatar\/516fb540621996b28f565fdf033072d55dd3fe76896ef4af5250b5fec1b457fe?s=96&d=mm&r=g","contentUrl":"https:\/\/secure.gravatar.com\/avatar\/516fb540621996b28f565fdf033072d55dd3fe76896ef4af5250b5fec1b457fe?s=96&d=mm&r=g","caption":"comiteadmin"},"sameAs":["https:\/\/comite-civico.org\/"],"url":"https:\/\/comite-civico.org\/?author=1"}]}},"_links":{"self":[{"href":"https:\/\/comite-civico.org\/index.php?rest_route=\/wp\/v2\/posts\/3876","targetHints":{"allow":["GET"]}}],"collection":[{"href":"https:\/\/comite-civico.org\/index.php?rest_route=\/wp\/v2\/posts"}],"about":[{"href":"https:\/\/comite-civico.org\/index.php?rest_route=\/wp\/v2\/types\/post"}],"author":[{"embeddable":true,"href":"https:\/\/comite-civico.org\/index.php?rest_route=\/wp\/v2\/users\/1"}],"replies":[{"embeddable":true,"href":"https:\/\/comite-civico.org\/index.php?rest_route=%2Fwp%2Fv2%2Fcomments&post=3876"}],"version-history":[{"count":5,"href":"https:\/\/comite-civico.org\/index.php?rest_route=\/wp\/v2\/posts\/3876\/revisions"}],"predecessor-version":[{"id":3883,"href":"https:\/\/comite-civico.org\/index.php?rest_route=\/wp\/v2\/posts\/3876\/revisions\/3883"}],"wp:featuredmedia":[{"embeddable":true,"href":"https:\/\/comite-civico.org\/index.php?rest_route=\/wp\/v2\/media\/3877"}],"wp:attachment":[{"href":"https:\/\/comite-civico.org\/index.php?rest_route=%2Fwp%2Fv2%2Fmedia&parent=3876"}],"wp:term":[{"taxonomy":"category","embeddable":true,"href":"https:\/\/comite-civico.org\/index.php?rest_route=%2Fwp%2Fv2%2Fcategories&post=3876"},{"taxonomy":"post_tag","embeddable":true,"href":"https:\/\/comite-civico.org\/index.php?rest_route=%2Fwp%2Fv2%2Ftags&post=3876"}],"curies":[{"name":"wp","href":"https:\/\/api.w.org\/{rel}","templated":true}]}}