{"id":3867,"date":"2026-03-15T20:38:09","date_gmt":"2026-03-16T01:38:09","guid":{"rendered":"https:\/\/comite-civico.org\/?p=3867"},"modified":"2026-03-15T20:42:09","modified_gmt":"2026-03-16T01:42:09","slug":"agenda-semanal-del-16-al-21-de-marzo-de-2026","status":"publish","type":"post","link":"https:\/\/comite-civico.org\/?p=3867","title":{"rendered":"Agenda Semanal del 16 al 21 de marzo de 2026"},"content":{"rendered":"\t\t<div data-elementor-type=\"wp-post\" data-elementor-id=\"3867\" class=\"elementor elementor-3867\" data-elementor-post-type=\"post\">\n\t\t\t\t\t\t<section data-particle_enable=\"false\" data-particle-mobile-disabled=\"false\" class=\"elementor-section elementor-top-section elementor-element elementor-element-c5d8009 elementor-section-boxed elementor-section-height-default elementor-section-height-default\" data-id=\"c5d8009\" data-element_type=\"section\" data-settings=\"{&quot;jet_parallax_layout_list&quot;:[]}\">\n\t\t\t\t\t\t<div class=\"elementor-container elementor-column-gap-default\">\n\t\t\t\t\t<div class=\"elementor-column elementor-col-100 elementor-top-column elementor-element elementor-element-a5c7374\" data-id=\"a5c7374\" data-element_type=\"column\">\n\t\t\t<div class=\"elementor-widget-wrap elementor-element-populated\">\n\t\t\t\t\t\t<div class=\"elementor-element elementor-element-f7fb0f2 elementor-widget elementor-widget-text-editor\" data-id=\"f7fb0f2\" data-element_type=\"widget\" data-widget_type=\"text-editor.default\">\n\t\t\t\t<div class=\"elementor-widget-container\">\n\t\t\t\t\t\t\t\t\t<h2 data-section-id=\"6vde7v\" data-start=\"219\" data-end=\"245\">Agenda de actividades<\/h2><h3 data-section-id=\"tsf94m\" data-start=\"246\" data-end=\"297\">Movimiento Social Paro C\u00edvico de Buenaventura<\/h3><p data-start=\"298\" data-end=\"338\"><strong data-start=\"298\" data-end=\"338\">Semana del 16 al 21 de marzo de 2026<\/strong><\/p><p data-start=\"340\" data-end=\"573\">El Movimiento Social Paro C\u00edvico de Buenaventura, en el marco del seguimiento al cumplimiento de los acuerdos logrados en el Paro C\u00edvico, presenta la agenda de actividades programadas para la semana del <strong data-start=\"543\" data-end=\"572\">16 al 21 de marzo de 2026<\/strong>.<\/p><p data-start=\"575\" data-end=\"903\">Durante esta semana se desarrollar\u00e1n jornadas de trabajo, reuniones t\u00e9cnicas y espacios de seguimiento en diferentes mesas tem\u00e1ticas, con el prop\u00f3sito de evaluar avances, revisar cuellos de botella y fortalecer las rutas de cumplimiento de los acuerdos que buscan garantizar condiciones de vida digna para el pueblo bonaverense.<\/p><p data-start=\"905\" data-end=\"1049\"><strong data-start=\"905\" data-end=\"947\">Descargue aqu\u00ed el cronograma completo:<\/strong><br data-start=\"947\" data-end=\"950\" \/><a class=\"decorated-link\" href=\"http:\/\/comite-civico.org\/wp-content\/uploads\/2026\/03\/Agenda-semana-del-16-al-21-de-marzo-de-2026.pdf\" target=\"_new\" rel=\"noopener\" data-start=\"950\" data-end=\"1049\">http:\/\/comite-civico.org\/wp-content\/uploads\/2026\/03\/Agenda-semana-del-16-al-21-de-marzo-de-2026.pdf<\/a><\/p><h2 data-section-id=\"6ac6ms\" data-start=\"1051\" data-end=\"1079\">Cronograma de actividades<\/h2><h3 data-section-id=\"16xbppm\" data-start=\"1081\" data-end=\"1102\">Lunes 16 de marzo<\/h3><p data-start=\"1103\" data-end=\"1281\"><strong data-start=\"1103\" data-end=\"1116\">3:00 p.m.<\/strong><br data-start=\"1116\" data-end=\"1119\" \/>Jornada de trabajo con la Alcald\u00eda Distrital para la revisi\u00f3n de cuellos de botella que obstaculizan el cumplimiento de los acuerdos.<br data-start=\"1252\" data-end=\"1255\" \/>Lugar: Alcald\u00eda Distrital.<\/p><h3 data-section-id=\"1opxh9y\" data-start=\"1283\" data-end=\"1305\">Martes 17 de marzo<\/h3><p data-start=\"1307\" data-end=\"1477\"><strong data-start=\"1307\" data-end=\"1320\">9:00 a.m.<\/strong><br data-start=\"1320\" data-end=\"1323\" \/>Mesa de Educaci\u00f3n.<br data-start=\"1341\" data-end=\"1344\" \/>Jornada de seguimiento a las obras de infraestructura de instituciones educativas priorizadas.<br data-start=\"1438\" data-end=\"1441\" \/>Modalidad: Virtual (link pendiente).<\/p><p data-start=\"1479\" data-end=\"1774\"><strong data-start=\"1479\" data-end=\"1505\">10:00 a.m. \u2013 5:00 p.m.<\/strong><br data-start=\"1505\" data-end=\"1508\" \/>Mesa de Territorio, Vivienda e Infraestructura \u2013 TVI.<br data-start=\"1561\" data-end=\"1564\" \/>Jornada de seguimiento a los acuerdos relacionados con el macroproyecto de vivienda San Antonio y ajuste del cronograma de la ruta cr\u00edtica para el cumplimiento de los acuerdos.<br data-start=\"1740\" data-end=\"1743\" \/>Lugar: Megacolegio San Antonio.<\/p><p data-start=\"1776\" data-end=\"1958\"><strong data-start=\"1776\" data-end=\"1789\">2:00 p.m.<\/strong><br data-start=\"1789\" data-end=\"1792\" \/>Mesa de Agua, Saneamiento y Servicios P\u00fablicos \u2013 MASSBUEN.<br data-start=\"1850\" data-end=\"1853\" \/>Foro: \u201cEl derecho al agua en Buenaventura: problemas, desaf\u00edos y soluciones\u201d.<br data-start=\"1930\" data-end=\"1933\" \/>Lugar: Club Buenaventura.<\/p><h3 data-section-id=\"pjstos\" data-start=\"1960\" data-end=\"1985\">Mi\u00e9rcoles 18 de marzo<\/h3><p data-start=\"1987\" data-end=\"2274\"><strong data-start=\"1987\" data-end=\"2000\">8:00 a.m.<\/strong><br data-start=\"2000\" data-end=\"2003\" \/>Mesa de Territorio, Vivienda e Infraestructura \u2013 TVI.<br data-start=\"2056\" data-end=\"2059\" \/>Seguimiento a las certificaciones necesarias para la transferencia de predios del ICT-INURBE al Distrito y apoyo al proceso de titulaci\u00f3n de predios fiscales a los beneficiarios.<br data-start=\"2237\" data-end=\"2240\" \/>Lugar: Alcald\u00eda Distrital, piso 9.<\/p><p data-start=\"2276\" data-end=\"2511\"><strong data-start=\"2276\" data-end=\"2289\">9:00 a.m.<\/strong><br data-start=\"2289\" data-end=\"2292\" \/>Mesa TVI.<br data-start=\"2301\" data-end=\"2304\" \/>Pre-socializaci\u00f3n del convenio suscrito con INVEMAR para elaborar diagn\u00f3stico de las afectaciones generadas por los dragados realizados en el canal de acceso a la Bah\u00eda de Buenaventura.<br data-start=\"2489\" data-end=\"2492\" \/>Modalidad: Virtual.<\/p><p data-start=\"2513\" data-end=\"2682\"><strong data-start=\"2513\" data-end=\"2526\">9:00 a.m.<\/strong><br data-start=\"2526\" data-end=\"2529\" \/>CORBUENAVENTURA.<br data-start=\"2545\" data-end=\"2548\" \/>Reuni\u00f3n ordinaria de junta directiva.<br data-start=\"2585\" data-end=\"2588\" \/>Lugar: Sede del Movimiento Social Paro C\u00edvico \u2013 Centro Comercial Galer\u00eda Central, oficina 604.<\/p><p data-start=\"2684\" data-end=\"2868\"><strong data-start=\"2684\" data-end=\"2697\">2:30 p.m.<\/strong><br data-start=\"2697\" data-end=\"2700\" \/>Mesa TVI.<br data-start=\"2709\" data-end=\"2712\" \/>Jornada virtual de concertaci\u00f3n de la ruta cr\u00edtica para el cumplimiento de los acuerdos de h\u00e1bitat y vivienda en la zona rural del Distrito de Buenaventura.<\/p><p data-start=\"2870\" data-end=\"2980\"><strong data-start=\"2870\" data-end=\"2883\">4:00 p.m.<\/strong><br data-start=\"2883\" data-end=\"2886\" \/>Reuni\u00f3n extraordinaria del Comit\u00e9 Ejecutivo del Movimiento Social Paro C\u00edvico de Buenaventura.<\/p><p data-start=\"2982\" data-end=\"2990\">Temas:<\/p><ul data-start=\"2991\" data-end=\"3285\"><li data-section-id=\"1xj6kl1\" data-start=\"2991\" data-end=\"3140\"><p data-start=\"2993\" data-end=\"3140\">Informe del equipo de seguimiento de la mesa de salud sobre el acuerdo de reforzamiento estructural del Hospital Luis Ablanque de la Plata E.S.E.<\/p><\/li><li data-section-id=\"1jghvk6\" data-start=\"3141\" data-end=\"3275\"><p data-start=\"3143\" data-end=\"3275\">Estado de avance y cuellos de botella sobre el CONPES DIE para el cumplimiento de los acuerdos de agua potable, educaci\u00f3n y salud.<\/p><\/li><li data-section-id=\"vna0wm\" data-start=\"3276\" data-end=\"3285\"><p data-start=\"3278\" data-end=\"3285\">Varios.<\/p><\/li><\/ul><p data-start=\"3287\" data-end=\"3343\">Lugar: Sede Movimiento Social Paro C\u00edvico \u2013 Oficina 604.<\/p><h3 data-section-id=\"48kwqm\" data-start=\"3345\" data-end=\"3367\">Jueves 19 de marzo<\/h3><p data-start=\"3369\" data-end=\"3590\"><strong data-start=\"3369\" data-end=\"3382\">8:00 a.m.<\/strong><br data-start=\"3382\" data-end=\"3385\" \/>Mesa de Acceso a la Justicia, V\u00edctimas, Protecci\u00f3n y Memoria.<br data-start=\"3446\" data-end=\"3449\" \/>Revisi\u00f3n de la ruta cr\u00edtica de los acuerdos de la mesa.<br data-start=\"3504\" data-end=\"3507\" \/>Lugar: Sede Movimiento Social Paro C\u00edvico \u2013 Oficina 604.<br data-start=\"3563\" data-end=\"3566\" \/>Actividad por confirmar.<\/p><h3 data-section-id=\"1iq4et\" data-start=\"3592\" data-end=\"3614\">S\u00e1bado 21 de marzo<\/h3><p data-start=\"3616\" data-end=\"3847\"><strong data-start=\"3616\" data-end=\"3630\">10:00 a.m.<\/strong><br data-start=\"3630\" data-end=\"3633\" \/>Equipo de Comunicaci\u00f3n del Movimiento Social Paro C\u00edvico de Buenaventura.<br data-start=\"3706\" data-end=\"3709\" \/>Reuni\u00f3n semanal del consejo de redacci\u00f3n.<br data-start=\"3750\" data-end=\"3753\" \/>Lugar: Sede del Movimiento Social Paro C\u00edvico \u2013 Centro Comercial Galer\u00eda Central, oficina 604.<\/p><p data-start=\"3849\" data-end=\"4132\">El Movimiento Social Paro C\u00edvico de Buenaventura contin\u00faa trabajando en el seguimiento y cumplimiento de los acuerdos alcanzados, reafirmando su compromiso con la defensa de los derechos del territorio y la construcci\u00f3n de una Buenaventura donde se pueda vivir con dignidad y en paz.<\/p>\t\t\t\t\t\t\t\t<\/div>\n\t\t\t\t<\/div>\n\t\t\t\t\t<\/div>\n\t\t<\/div>\n\t\t\t\t\t<\/div>\n\t\t<\/section>\n\t\t\t\t<section data-particle_enable=\"false\" data-particle-mobile-disabled=\"false\" class=\"elementor-section elementor-top-section elementor-element elementor-element-530d35a elementor-section-boxed elementor-section-height-default elementor-section-height-default\" data-id=\"530d35a\" data-element_type=\"section\" data-settings=\"{&quot;jet_parallax_layout_list&quot;:[]}\">\n\t\t\t\t\t\t<div class=\"elementor-container elementor-column-gap-default\">\n\t\t\t\t\t<div class=\"elementor-column elementor-col-100 elementor-top-column elementor-element elementor-element-e1ec767\" data-id=\"e1ec767\" data-element_type=\"column\">\n\t\t\t<div class=\"elementor-widget-wrap elementor-element-populated\">\n\t\t\t\t\t\t<div class=\"elementor-element elementor-element-edd8108 dce_masking-none elementor-widget elementor-widget-image\" data-id=\"edd8108\" data-element_type=\"widget\" data-widget_type=\"image.default\">\n\t\t\t\t<div class=\"elementor-widget-container\">\n\t\t\t\t\t\t\t\t\t\t\t\t\t\t\t\t<a href=\"http:\/\/comite-civico.org\/wp-content\/uploads\/2026\/03\/Agenda-semana-del-16-al-21-de-marzo-de-2026.pdf\">\n\t\t\t\t\t\t\t<img fetchpriority=\"high\" decoding=\"async\" width=\"1024\" height=\"213\" src=\"https:\/\/comite-civico.org\/wp-content\/uploads\/2025\/08\/descarga-pdf-paro-civico-1024x213.jpg\" class=\"attachment-large size-large wp-image-2395\" alt=\"\" srcset=\"https:\/\/comite-civico.org\/wp-content\/uploads\/2025\/08\/descarga-pdf-paro-civico-1024x213.jpg 1024w, https:\/\/comite-civico.org\/wp-content\/uploads\/2025\/08\/descarga-pdf-paro-civico-300x63.jpg 300w, https:\/\/comite-civico.org\/wp-content\/uploads\/2025\/08\/descarga-pdf-paro-civico-768x160.jpg 768w, https:\/\/comite-civico.org\/wp-content\/uploads\/2025\/08\/descarga-pdf-paro-civico-1536x320.jpg 1536w, https:\/\/comite-civico.org\/wp-content\/uploads\/2025\/08\/descarga-pdf-paro-civico.jpg 1920w\" sizes=\"(max-width: 1024px) 100vw, 1024px\" \/>\t\t\t\t\t\t\t\t<\/a>\n\t\t\t\t\t\t\t\t\t\t\t\t\t\t\t<\/div>\n\t\t\t\t<\/div>\n\t\t\t\t\t<\/div>\n\t\t<\/div>\n\t\t\t\t\t<\/div>\n\t\t<\/section>\n\t\t\t\t<\/div>\n\t\t","protected":false},"excerpt":{"rendered":"<p>Agenda de actividades Movimiento Social Paro C\u00edvico de Buenaventura Semana del 16 al 21 de marzo de 2026 El Movimiento Social Paro C\u00edvico de Buenaventura, en el marco del seguimiento al cumplimiento de los acuerdos logrados en el Paro C\u00edvico, presenta la agenda de actividades programadas para la semana del 16 al 21 de marzo &#8230; <a title=\"Agenda Semanal del 16 al 21 de marzo de 2026\" class=\"read-more\" href=\"https:\/\/comite-civico.org\/?p=3867\" aria-label=\"Read more about Agenda Semanal del 16 al 21 de marzo de 2026\">Leer m\u00e1s<\/a><\/p>\n","protected":false},"author":1,"featured_media":3866,"comment_status":"open","ping_status":"open","sticky":false,"template":"","format":"standard","meta":{"footnotes":""},"categories":[1],"tags":[],"class_list":["post-3867","post","type-post","status-publish","format-standard","has-post-thumbnail","hentry","category-sin-categoria"],"acf":[],"yoast_head":"<!-- This site is optimized with the Yoast SEO plugin v25.0 - https:\/\/yoast.com\/wordpress\/plugins\/seo\/ -->\n<title>Agenda Semanal del 16 al 21 de marzo de 2026 - Movimiento Social Paro C\u00edvico de Buenaventura<\/title>\n<meta name=\"robots\" content=\"index, follow, max-snippet:-1, max-image-preview:large, max-video-preview:-1\" \/>\n<link rel=\"canonical\" href=\"https:\/\/comite-civico.org\/?p=3867\" \/>\n<meta property=\"og:locale\" content=\"es_ES\" \/>\n<meta property=\"og:type\" content=\"article\" \/>\n<meta property=\"og:title\" content=\"Agenda Semanal del 16 al 21 de marzo de 2026 - Movimiento Social Paro C\u00edvico de Buenaventura\" \/>\n<meta property=\"og:description\" content=\"Agenda de actividades Movimiento Social Paro C\u00edvico de Buenaventura Semana del 16 al 21 de marzo de 2026 El Movimiento Social Paro C\u00edvico de Buenaventura, en el marco del seguimiento al cumplimiento de los acuerdos logrados en el Paro C\u00edvico, presenta la agenda de actividades programadas para la semana del 16 al 21 de marzo ... Leer m\u00e1s\" \/>\n<meta property=\"og:url\" content=\"https:\/\/comite-civico.org\/?p=3867\" \/>\n<meta property=\"og:site_name\" content=\"Movimiento Social Paro C\u00edvico de Buenaventura\" \/>\n<meta property=\"article:published_time\" content=\"2026-03-16T01:38:09+00:00\" \/>\n<meta property=\"article:modified_time\" content=\"2026-03-16T01:42:09+00:00\" \/>\n<meta property=\"og:image\" content=\"http:\/\/comite-civico.org\/wp-content\/uploads\/2026\/03\/16-20-de-marzo-agenda-semanal.jpg\" \/>\n\t<meta property=\"og:image:width\" content=\"1920\" \/>\n\t<meta property=\"og:image:height\" content=\"1080\" \/>\n\t<meta property=\"og:image:type\" content=\"image\/jpeg\" \/>\n<meta name=\"author\" content=\"comiteadmin\" \/>\n<meta name=\"twitter:card\" content=\"summary_large_image\" \/>\n<meta name=\"twitter:label1\" content=\"Escrito por\" \/>\n\t<meta name=\"twitter:data1\" content=\"comiteadmin\" \/>\n\t<meta name=\"twitter:label2\" content=\"Tiempo de lectura\" \/>\n\t<meta name=\"twitter:data2\" content=\"3 minutos\" \/>\n<script type=\"application\/ld+json\" class=\"yoast-schema-graph\">{\"@context\":\"https:\/\/schema.org\",\"@graph\":[{\"@type\":\"Article\",\"@id\":\"https:\/\/comite-civico.org\/?p=3867#article\",\"isPartOf\":{\"@id\":\"https:\/\/comite-civico.org\/?p=3867\"},\"author\":{\"name\":\"comiteadmin\",\"@id\":\"https:\/\/comite-civico.org\/#\/schema\/person\/eebdf569aa3565fa603cc9c5b53cea34\"},\"headline\":\"Agenda Semanal del 16 al 21 de marzo de 2026\",\"datePublished\":\"2026-03-16T01:38:09+00:00\",\"dateModified\":\"2026-03-16T01:42:09+00:00\",\"mainEntityOfPage\":{\"@id\":\"https:\/\/comite-civico.org\/?p=3867\"},\"wordCount\":598,\"commentCount\":0,\"publisher\":{\"@id\":\"https:\/\/comite-civico.org\/#organization\"},\"image\":{\"@id\":\"https:\/\/comite-civico.org\/?p=3867#primaryimage\"},\"thumbnailUrl\":\"https:\/\/comite-civico.org\/wp-content\/uploads\/2026\/03\/16-20-de-marzo-agenda-semanal.jpg\",\"inLanguage\":\"es-CO\",\"potentialAction\":[{\"@type\":\"CommentAction\",\"name\":\"Comment\",\"target\":[\"https:\/\/comite-civico.org\/?p=3867#respond\"]}]},{\"@type\":\"WebPage\",\"@id\":\"https:\/\/comite-civico.org\/?p=3867\",\"url\":\"https:\/\/comite-civico.org\/?p=3867\",\"name\":\"Agenda Semanal del 16 al 21 de marzo de 2026 - Movimiento Social Paro C\u00edvico de Buenaventura\",\"isPartOf\":{\"@id\":\"https:\/\/comite-civico.org\/#website\"},\"primaryImageOfPage\":{\"@id\":\"https:\/\/comite-civico.org\/?p=3867#primaryimage\"},\"image\":{\"@id\":\"https:\/\/comite-civico.org\/?p=3867#primaryimage\"},\"thumbnailUrl\":\"https:\/\/comite-civico.org\/wp-content\/uploads\/2026\/03\/16-20-de-marzo-agenda-semanal.jpg\",\"datePublished\":\"2026-03-16T01:38:09+00:00\",\"dateModified\":\"2026-03-16T01:42:09+00:00\",\"breadcrumb\":{\"@id\":\"https:\/\/comite-civico.org\/?p=3867#breadcrumb\"},\"inLanguage\":\"es-CO\",\"potentialAction\":[{\"@type\":\"ReadAction\",\"target\":[\"https:\/\/comite-civico.org\/?p=3867\"]}]},{\"@type\":\"ImageObject\",\"inLanguage\":\"es-CO\",\"@id\":\"https:\/\/comite-civico.org\/?p=3867#primaryimage\",\"url\":\"https:\/\/comite-civico.org\/wp-content\/uploads\/2026\/03\/16-20-de-marzo-agenda-semanal.jpg\",\"contentUrl\":\"https:\/\/comite-civico.org\/wp-content\/uploads\/2026\/03\/16-20-de-marzo-agenda-semanal.jpg\",\"width\":1920,\"height\":1080},{\"@type\":\"BreadcrumbList\",\"@id\":\"https:\/\/comite-civico.org\/?p=3867#breadcrumb\",\"itemListElement\":[{\"@type\":\"ListItem\",\"position\":1,\"name\":\"Inicio\",\"item\":\"https:\/\/comite-civico.org\/\"},{\"@type\":\"ListItem\",\"position\":2,\"name\":\"Agenda Semanal del 16 al 21 de marzo de 2026\"}]},{\"@type\":\"WebSite\",\"@id\":\"https:\/\/comite-civico.org\/#website\",\"url\":\"https:\/\/comite-civico.org\/\",\"name\":\"Movimiento Social Paro C\u00edvico de Buenaventura\",\"description\":\"Movimiento Social Paro C\u00edvico de Buenaventura\",\"publisher\":{\"@id\":\"https:\/\/comite-civico.org\/#organization\"},\"potentialAction\":[{\"@type\":\"SearchAction\",\"target\":{\"@type\":\"EntryPoint\",\"urlTemplate\":\"https:\/\/comite-civico.org\/?s={search_term_string}\"},\"query-input\":{\"@type\":\"PropertyValueSpecification\",\"valueRequired\":true,\"valueName\":\"search_term_string\"}}],\"inLanguage\":\"es-CO\"},{\"@type\":\"Organization\",\"@id\":\"https:\/\/comite-civico.org\/#organization\",\"name\":\"Movimiento Social Paro C\u00edvico de Buenaventura\",\"url\":\"https:\/\/comite-civico.org\/\",\"logo\":{\"@type\":\"ImageObject\",\"inLanguage\":\"es-CO\",\"@id\":\"https:\/\/comite-civico.org\/#\/schema\/logo\/image\/\",\"url\":\"https:\/\/comite-civico.org\/wp-content\/uploads\/2021\/03\/Logo-de-Movimiento-Blanco-scaled.png\",\"contentUrl\":\"https:\/\/comite-civico.org\/wp-content\/uploads\/2021\/03\/Logo-de-Movimiento-Blanco-scaled.png\",\"width\":2560,\"height\":1810,\"caption\":\"Movimiento Social Paro C\u00edvico de Buenaventura\"},\"image\":{\"@id\":\"https:\/\/comite-civico.org\/#\/schema\/logo\/image\/\"}},{\"@type\":\"Person\",\"@id\":\"https:\/\/comite-civico.org\/#\/schema\/person\/eebdf569aa3565fa603cc9c5b53cea34\",\"name\":\"comiteadmin\",\"image\":{\"@type\":\"ImageObject\",\"inLanguage\":\"es-CO\",\"@id\":\"https:\/\/comite-civico.org\/#\/schema\/person\/image\/\",\"url\":\"https:\/\/secure.gravatar.com\/avatar\/516fb540621996b28f565fdf033072d55dd3fe76896ef4af5250b5fec1b457fe?s=96&d=mm&r=g\",\"contentUrl\":\"https:\/\/secure.gravatar.com\/avatar\/516fb540621996b28f565fdf033072d55dd3fe76896ef4af5250b5fec1b457fe?s=96&d=mm&r=g\",\"caption\":\"comiteadmin\"},\"sameAs\":[\"https:\/\/comite-civico.org\/\"],\"url\":\"https:\/\/comite-civico.org\/?author=1\"}]}<\/script>\n<!-- \/ Yoast SEO plugin. -->","yoast_head_json":{"title":"Agenda Semanal del 16 al 21 de marzo de 2026 - Movimiento Social Paro C\u00edvico de Buenaventura","robots":{"index":"index","follow":"follow","max-snippet":"max-snippet:-1","max-image-preview":"max-image-preview:large","max-video-preview":"max-video-preview:-1"},"canonical":"https:\/\/comite-civico.org\/?p=3867","og_locale":"es_ES","og_type":"article","og_title":"Agenda Semanal del 16 al 21 de marzo de 2026 - Movimiento Social Paro C\u00edvico de Buenaventura","og_description":"Agenda de actividades Movimiento Social Paro C\u00edvico de Buenaventura Semana del 16 al 21 de marzo de 2026 El Movimiento Social Paro C\u00edvico de Buenaventura, en el marco del seguimiento al cumplimiento de los acuerdos logrados en el Paro C\u00edvico, presenta la agenda de actividades programadas para la semana del 16 al 21 de marzo ... Leer m\u00e1s","og_url":"https:\/\/comite-civico.org\/?p=3867","og_site_name":"Movimiento Social Paro C\u00edvico de Buenaventura","article_published_time":"2026-03-16T01:38:09+00:00","article_modified_time":"2026-03-16T01:42:09+00:00","og_image":[{"width":1920,"height":1080,"url":"http:\/\/comite-civico.org\/wp-content\/uploads\/2026\/03\/16-20-de-marzo-agenda-semanal.jpg","type":"image\/jpeg"}],"author":"comiteadmin","twitter_card":"summary_large_image","twitter_misc":{"Escrito por":"comiteadmin","Tiempo de lectura":"3 minutos"},"schema":{"@context":"https:\/\/schema.org","@graph":[{"@type":"Article","@id":"https:\/\/comite-civico.org\/?p=3867#article","isPartOf":{"@id":"https:\/\/comite-civico.org\/?p=3867"},"author":{"name":"comiteadmin","@id":"https:\/\/comite-civico.org\/#\/schema\/person\/eebdf569aa3565fa603cc9c5b53cea34"},"headline":"Agenda Semanal del 16 al 21 de marzo de 2026","datePublished":"2026-03-16T01:38:09+00:00","dateModified":"2026-03-16T01:42:09+00:00","mainEntityOfPage":{"@id":"https:\/\/comite-civico.org\/?p=3867"},"wordCount":598,"commentCount":0,"publisher":{"@id":"https:\/\/comite-civico.org\/#organization"},"image":{"@id":"https:\/\/comite-civico.org\/?p=3867#primaryimage"},"thumbnailUrl":"https:\/\/comite-civico.org\/wp-content\/uploads\/2026\/03\/16-20-de-marzo-agenda-semanal.jpg","inLanguage":"es-CO","potentialAction":[{"@type":"CommentAction","name":"Comment","target":["https:\/\/comite-civico.org\/?p=3867#respond"]}]},{"@type":"WebPage","@id":"https:\/\/comite-civico.org\/?p=3867","url":"https:\/\/comite-civico.org\/?p=3867","name":"Agenda Semanal del 16 al 21 de marzo de 2026 - Movimiento Social Paro C\u00edvico de Buenaventura","isPartOf":{"@id":"https:\/\/comite-civico.org\/#website"},"primaryImageOfPage":{"@id":"https:\/\/comite-civico.org\/?p=3867#primaryimage"},"image":{"@id":"https:\/\/comite-civico.org\/?p=3867#primaryimage"},"thumbnailUrl":"https:\/\/comite-civico.org\/wp-content\/uploads\/2026\/03\/16-20-de-marzo-agenda-semanal.jpg","datePublished":"2026-03-16T01:38:09+00:00","dateModified":"2026-03-16T01:42:09+00:00","breadcrumb":{"@id":"https:\/\/comite-civico.org\/?p=3867#breadcrumb"},"inLanguage":"es-CO","potentialAction":[{"@type":"ReadAction","target":["https:\/\/comite-civico.org\/?p=3867"]}]},{"@type":"ImageObject","inLanguage":"es-CO","@id":"https:\/\/comite-civico.org\/?p=3867#primaryimage","url":"https:\/\/comite-civico.org\/wp-content\/uploads\/2026\/03\/16-20-de-marzo-agenda-semanal.jpg","contentUrl":"https:\/\/comite-civico.org\/wp-content\/uploads\/2026\/03\/16-20-de-marzo-agenda-semanal.jpg","width":1920,"height":1080},{"@type":"BreadcrumbList","@id":"https:\/\/comite-civico.org\/?p=3867#breadcrumb","itemListElement":[{"@type":"ListItem","position":1,"name":"Inicio","item":"https:\/\/comite-civico.org\/"},{"@type":"ListItem","position":2,"name":"Agenda Semanal del 16 al 21 de marzo de 2026"}]},{"@type":"WebSite","@id":"https:\/\/comite-civico.org\/#website","url":"https:\/\/comite-civico.org\/","name":"Movimiento Social Paro C\u00edvico de Buenaventura","description":"Movimiento Social Paro C\u00edvico de Buenaventura","publisher":{"@id":"https:\/\/comite-civico.org\/#organization"},"potentialAction":[{"@type":"SearchAction","target":{"@type":"EntryPoint","urlTemplate":"https:\/\/comite-civico.org\/?s={search_term_string}"},"query-input":{"@type":"PropertyValueSpecification","valueRequired":true,"valueName":"search_term_string"}}],"inLanguage":"es-CO"},{"@type":"Organization","@id":"https:\/\/comite-civico.org\/#organization","name":"Movimiento Social Paro C\u00edvico de Buenaventura","url":"https:\/\/comite-civico.org\/","logo":{"@type":"ImageObject","inLanguage":"es-CO","@id":"https:\/\/comite-civico.org\/#\/schema\/logo\/image\/","url":"https:\/\/comite-civico.org\/wp-content\/uploads\/2021\/03\/Logo-de-Movimiento-Blanco-scaled.png","contentUrl":"https:\/\/comite-civico.org\/wp-content\/uploads\/2021\/03\/Logo-de-Movimiento-Blanco-scaled.png","width":2560,"height":1810,"caption":"Movimiento Social Paro C\u00edvico de Buenaventura"},"image":{"@id":"https:\/\/comite-civico.org\/#\/schema\/logo\/image\/"}},{"@type":"Person","@id":"https:\/\/comite-civico.org\/#\/schema\/person\/eebdf569aa3565fa603cc9c5b53cea34","name":"comiteadmin","image":{"@type":"ImageObject","inLanguage":"es-CO","@id":"https:\/\/comite-civico.org\/#\/schema\/person\/image\/","url":"https:\/\/secure.gravatar.com\/avatar\/516fb540621996b28f565fdf033072d55dd3fe76896ef4af5250b5fec1b457fe?s=96&d=mm&r=g","contentUrl":"https:\/\/secure.gravatar.com\/avatar\/516fb540621996b28f565fdf033072d55dd3fe76896ef4af5250b5fec1b457fe?s=96&d=mm&r=g","caption":"comiteadmin"},"sameAs":["https:\/\/comite-civico.org\/"],"url":"https:\/\/comite-civico.org\/?author=1"}]}},"_links":{"self":[{"href":"https:\/\/comite-civico.org\/index.php?rest_route=\/wp\/v2\/posts\/3867","targetHints":{"allow":["GET"]}}],"collection":[{"href":"https:\/\/comite-civico.org\/index.php?rest_route=\/wp\/v2\/posts"}],"about":[{"href":"https:\/\/comite-civico.org\/index.php?rest_route=\/wp\/v2\/types\/post"}],"author":[{"embeddable":true,"href":"https:\/\/comite-civico.org\/index.php?rest_route=\/wp\/v2\/users\/1"}],"replies":[{"embeddable":true,"href":"https:\/\/comite-civico.org\/index.php?rest_route=%2Fwp%2Fv2%2Fcomments&post=3867"}],"version-history":[{"count":5,"href":"https:\/\/comite-civico.org\/index.php?rest_route=\/wp\/v2\/posts\/3867\/revisions"}],"predecessor-version":[{"id":3872,"href":"https:\/\/comite-civico.org\/index.php?rest_route=\/wp\/v2\/posts\/3867\/revisions\/3872"}],"wp:featuredmedia":[{"embeddable":true,"href":"https:\/\/comite-civico.org\/index.php?rest_route=\/wp\/v2\/media\/3866"}],"wp:attachment":[{"href":"https:\/\/comite-civico.org\/index.php?rest_route=%2Fwp%2Fv2%2Fmedia&parent=3867"}],"wp:term":[{"taxonomy":"category","embeddable":true,"href":"https:\/\/comite-civico.org\/index.php?rest_route=%2Fwp%2Fv2%2Fcategories&post=3867"},{"taxonomy":"post_tag","embeddable":true,"href":"https:\/\/comite-civico.org\/index.php?rest_route=%2Fwp%2Fv2%2Ftags&post=3867"}],"curies":[{"name":"wp","href":"https:\/\/api.w.org\/{rel}","templated":true}]}}