{"id":3862,"date":"2026-03-13T09:13:10","date_gmt":"2026-03-13T14:13:10","guid":{"rendered":"https:\/\/comite-civico.org\/?p=3862"},"modified":"2026-03-13T09:13:12","modified_gmt":"2026-03-13T14:13:12","slug":"avanza-la-construccion-de-la-estrategia-de-prevencion-atencion-y-proteccion-de-las-mujeres-victimas-de-violencia-basada-en-genero-en-buenaventura","status":"publish","type":"post","link":"https:\/\/comite-civico.org\/?p=3862","title":{"rendered":"Avanza la construcci\u00f3n de la Estrategia de Prevenci\u00f3n, Atenci\u00f3n y Protecci\u00f3n de las Mujeres V\u00edctimas de Violencia Basada en G\u00e9nero en Buenaventura"},"content":{"rendered":"\n<h3 class=\"wp-block-heading\"><\/h3>\n\n\n\n<p>En el marco del cumplimiento de los acuerdos del <strong>Paro C\u00edvico de Buenaventura<\/strong>, la <strong>Mesa de Cultura, Recreaci\u00f3n y Deporte, G\u00e9nero y Generacional<\/strong>, a trav\u00e9s de su Comisi\u00f3n de Mujeres, contin\u00faa impulsando la <strong>construcci\u00f3n de la Estrategia de Prevenci\u00f3n, Atenci\u00f3n y Protecci\u00f3n de las Mujeres V\u00edctimas de Violencia Basada en G\u00e9nero y sus Familias<\/strong>.<\/p>\n\n\n\n<p>Este proceso se viene desarrollando mediante un trabajo de <strong>construcci\u00f3n social y participativa<\/strong>, que busca identificar las din\u00e1micas de las violencias basadas en g\u00e9nero en el territorio y formular estrategias que respondan a las realidades de las mujeres del Distrito.<\/p>\n\n\n\n<p>Para ello, y gracias a un convenio interadministrativo con el <strong>Ministerio de la Igualdad y la Equidad<\/strong>, se ha conformado un equipo t\u00e9cnico encargado de adelantar un estudio que permita caracterizar estas violencias y proponer rutas integrales de <strong>prevenci\u00f3n, atenci\u00f3n y protecci\u00f3n con enfoque \u00e9tnico y territorial<\/strong>.<\/p>\n\n\n\n<div class=\"wp-block-columns is-layout-flex wp-container-core-columns-is-layout-9d6595d7 wp-block-columns-is-layout-flex\">\n<div class=\"wp-block-column is-layout-flow wp-block-column-is-layout-flow\">\n<figure class=\"wp-block-gallery has-nested-images columns-default is-cropped wp-block-gallery-1 is-layout-flex wp-block-gallery-is-layout-flex\">\n<figure class=\"wp-block-image size-large\"><img fetchpriority=\"high\" decoding=\"async\" width=\"1024\" height=\"576\" data-id=\"3856\" src=\"https:\/\/comite-civico.org\/wp-content\/uploads\/2026\/03\/DSC04639-1024x576.jpg\" alt=\"\" class=\"wp-image-3856\" srcset=\"https:\/\/comite-civico.org\/wp-content\/uploads\/2026\/03\/DSC04639-1024x576.jpg 1024w, https:\/\/comite-civico.org\/wp-content\/uploads\/2026\/03\/DSC04639-300x169.jpg 300w, https:\/\/comite-civico.org\/wp-content\/uploads\/2026\/03\/DSC04639-768x432.jpg 768w, https:\/\/comite-civico.org\/wp-content\/uploads\/2026\/03\/DSC04639-1536x864.jpg 1536w, https:\/\/comite-civico.org\/wp-content\/uploads\/2026\/03\/DSC04639-2048x1152.jpg 2048w\" sizes=\"(max-width: 1024px) 100vw, 1024px\" \/><\/figure>\n<\/figure>\n<\/div>\n\n\n\n<div class=\"wp-block-column is-layout-flow wp-block-column-is-layout-flow\">\n<figure class=\"wp-block-gallery has-nested-images columns-default is-cropped wp-block-gallery-2 is-layout-flex wp-block-gallery-is-layout-flex\">\n<figure class=\"wp-block-image size-large\"><img decoding=\"async\" width=\"1024\" height=\"576\" data-id=\"3857\" src=\"https:\/\/comite-civico.org\/wp-content\/uploads\/2026\/03\/DSC04635-1024x576.jpg\" alt=\"\" class=\"wp-image-3857\" srcset=\"https:\/\/comite-civico.org\/wp-content\/uploads\/2026\/03\/DSC04635-1024x576.jpg 1024w, https:\/\/comite-civico.org\/wp-content\/uploads\/2026\/03\/DSC04635-300x169.jpg 300w, https:\/\/comite-civico.org\/wp-content\/uploads\/2026\/03\/DSC04635-768x432.jpg 768w, https:\/\/comite-civico.org\/wp-content\/uploads\/2026\/03\/DSC04635-1536x864.jpg 1536w, https:\/\/comite-civico.org\/wp-content\/uploads\/2026\/03\/DSC04635-2048x1152.jpg 2048w\" sizes=\"(max-width: 1024px) 100vw, 1024px\" \/><\/figure>\n<\/figure>\n<\/div>\n\n\n\n<div class=\"wp-block-column is-layout-flow wp-block-column-is-layout-flow\">\n<figure class=\"wp-block-gallery has-nested-images columns-default is-cropped wp-block-gallery-3 is-layout-flex wp-block-gallery-is-layout-flex\">\n<figure class=\"wp-block-image size-large\"><img decoding=\"async\" width=\"1024\" height=\"576\" data-id=\"3858\" src=\"https:\/\/comite-civico.org\/wp-content\/uploads\/2026\/03\/DSC04628-1024x576.jpg\" alt=\"\" class=\"wp-image-3858\" srcset=\"https:\/\/comite-civico.org\/wp-content\/uploads\/2026\/03\/DSC04628-1024x576.jpg 1024w, https:\/\/comite-civico.org\/wp-content\/uploads\/2026\/03\/DSC04628-300x169.jpg 300w, https:\/\/comite-civico.org\/wp-content\/uploads\/2026\/03\/DSC04628-768x432.jpg 768w, https:\/\/comite-civico.org\/wp-content\/uploads\/2026\/03\/DSC04628-1536x864.jpg 1536w, https:\/\/comite-civico.org\/wp-content\/uploads\/2026\/03\/DSC04628-2048x1152.jpg 2048w\" sizes=\"(max-width: 1024px) 100vw, 1024px\" \/><\/figure>\n<\/figure>\n<\/div>\n<\/div>\n\n\n\n<p>Como parte de este proceso, durante los \u00faltimos meses se han realizado encuentros y talleres con <strong>mujeres urbanas, rurales, ind\u00edgenas y de comunidades afrodescendientes<\/strong>, tanto en zonas carreteables como fluviales del territorio. A trav\u00e9s de espacios de di\u00e1logo, cartograf\u00eda social y ejercicios de caracterizaci\u00f3n, las mujeres han compartido sus experiencias, identificando las principales problem\u00e1ticas y necesidades frente a la violencia basada en g\u00e9nero.<\/p>\n\n\n\n<p>Entre los principales hallazgos se destacan desaf\u00edos como la <strong>debilidad institucional para brindar atenci\u00f3n oportuna en zonas rurales dispersas<\/strong>, el <strong>desconocimiento de muchas mujeres sobre sus derechos y las rutas de atenci\u00f3n existentes<\/strong>, as\u00ed como la necesidad de <strong>fortalecer las capacidades de las autoridades \u00e9tnicas y los gobiernos propios<\/strong> para responder de manera m\u00e1s efectiva ante estas situaciones.<\/p>\n\n\n\n<p>En este sentido, se ha resaltado el papel fundamental que cumplen las <strong>autoridades \u00e9tnicas y las organizaciones comunitarias<\/strong>, quienes en muchos territorios representan la primera instancia de atenci\u00f3n y protecci\u00f3n para las mujeres, especialmente en contextos donde las dificultades geogr\u00e1ficas y de movilidad limitan la presencia institucional.<\/p>\n\n\n\n<p>El estudio permitir\u00e1 consolidar un documento que recoger\u00e1 una <strong>ruta integral de prevenci\u00f3n, atenci\u00f3n y protecci\u00f3n de las mujeres v\u00edctimas de violencia basada en g\u00e9nero<\/strong>, el cual deber\u00e1 ser adoptado tanto por las instituciones como por las organizaciones sociales y comunitarias del territorio.<\/p>\n\n\n\n<p>El siguiente paso ser\u00e1 avanzar en la <strong>socializaci\u00f3n de esta ruta con las entidades competentes, las autoridades \u00e9tnicas y la comunidad en general<\/strong>, as\u00ed como en la identificaci\u00f3n de proyectos y acciones concretas que permitan materializar estas estrategias mediante recursos institucionales y de cooperaci\u00f3n.<\/p>\n\n\n\n<div class=\"wp-block-columns is-layout-flex wp-container-core-columns-is-layout-9d6595d7 wp-block-columns-is-layout-flex\">\n<div class=\"wp-block-column is-layout-flow wp-block-column-is-layout-flow\">\n<figure class=\"wp-block-gallery has-nested-images columns-default is-cropped wp-block-gallery-4 is-layout-flex wp-block-gallery-is-layout-flex\">\n<figure class=\"wp-block-image size-large\"><img loading=\"lazy\" decoding=\"async\" width=\"1024\" height=\"576\" data-id=\"3859\" src=\"https:\/\/comite-civico.org\/wp-content\/uploads\/2026\/03\/DSC04591-1024x576.jpg\" alt=\"\" class=\"wp-image-3859\" srcset=\"https:\/\/comite-civico.org\/wp-content\/uploads\/2026\/03\/DSC04591-1024x576.jpg 1024w, https:\/\/comite-civico.org\/wp-content\/uploads\/2026\/03\/DSC04591-300x169.jpg 300w, https:\/\/comite-civico.org\/wp-content\/uploads\/2026\/03\/DSC04591-768x432.jpg 768w, https:\/\/comite-civico.org\/wp-content\/uploads\/2026\/03\/DSC04591-1536x864.jpg 1536w, https:\/\/comite-civico.org\/wp-content\/uploads\/2026\/03\/DSC04591-2048x1152.jpg 2048w\" sizes=\"(max-width: 1024px) 100vw, 1024px\" \/><\/figure>\n<\/figure>\n<\/div>\n\n\n\n<div class=\"wp-block-column is-layout-flow wp-block-column-is-layout-flow\">\n<figure class=\"wp-block-gallery has-nested-images columns-default is-cropped wp-block-gallery-5 is-layout-flex wp-block-gallery-is-layout-flex\">\n<figure class=\"wp-block-image size-large\"><img loading=\"lazy\" decoding=\"async\" width=\"1024\" height=\"576\" data-id=\"3860\" src=\"https:\/\/comite-civico.org\/wp-content\/uploads\/2026\/03\/DSC04607-1024x576.jpg\" alt=\"\" class=\"wp-image-3860\" srcset=\"https:\/\/comite-civico.org\/wp-content\/uploads\/2026\/03\/DSC04607-1024x576.jpg 1024w, https:\/\/comite-civico.org\/wp-content\/uploads\/2026\/03\/DSC04607-300x169.jpg 300w, https:\/\/comite-civico.org\/wp-content\/uploads\/2026\/03\/DSC04607-768x432.jpg 768w, https:\/\/comite-civico.org\/wp-content\/uploads\/2026\/03\/DSC04607-1536x864.jpg 1536w, https:\/\/comite-civico.org\/wp-content\/uploads\/2026\/03\/DSC04607-2048x1152.jpg 2048w\" sizes=\"(max-width: 1024px) 100vw, 1024px\" \/><\/figure>\n<\/figure>\n<\/div>\n<\/div>\n\n\n\n<p>Desde el Movimiento Social Paro C\u00edvico de Buenaventura se reafirma el compromiso de seguir trabajando para que las mujeres del territorio puedan <strong>vivir con dignidad, seguridad y libres de violencia<\/strong>, reconociendo que proteger sus derechos tambi\u00e9n significa <strong>proteger la vida, la comunidad y el territorio<\/strong>.<\/p>\n\n\n\n<p><\/p>\n","protected":false},"excerpt":{"rendered":"<p>En el marco del cumplimiento de los acuerdos del Paro C\u00edvico de Buenaventura, la Mesa de Cultura, Recreaci\u00f3n y Deporte, G\u00e9nero y Generacional, a trav\u00e9s de su Comisi\u00f3n de Mujeres, contin\u00faa impulsando la construcci\u00f3n de la Estrategia de Prevenci\u00f3n, Atenci\u00f3n y Protecci\u00f3n de las Mujeres V\u00edctimas de Violencia Basada en G\u00e9nero y sus Familias. Este &#8230; <a title=\"Avanza la construcci\u00f3n de la Estrategia de Prevenci\u00f3n, Atenci\u00f3n y Protecci\u00f3n de las Mujeres V\u00edctimas de Violencia Basada en G\u00e9nero en Buenaventura\" class=\"read-more\" href=\"https:\/\/comite-civico.org\/?p=3862\" aria-label=\"Read more about Avanza la construcci\u00f3n de la Estrategia de Prevenci\u00f3n, Atenci\u00f3n y Protecci\u00f3n de las Mujeres V\u00edctimas de Violencia Basada en G\u00e9nero en Buenaventura\">Leer m\u00e1s<\/a><\/p>\n","protected":false},"author":1,"featured_media":3855,"comment_status":"open","ping_status":"open","sticky":false,"template":"","format":"standard","meta":{"footnotes":""},"categories":[36],"tags":[],"class_list":["post-3862","post","type-post","status-publish","format-standard","has-post-thumbnail","hentry","category-cultura"],"acf":[],"yoast_head":"<!-- This site is optimized with the Yoast SEO plugin v25.0 - https:\/\/yoast.com\/wordpress\/plugins\/seo\/ -->\n<title>Avanza la construcci\u00f3n de la Estrategia de Prevenci\u00f3n, Atenci\u00f3n y Protecci\u00f3n de las Mujeres V\u00edctimas de Violencia Basada en G\u00e9nero en Buenaventura - Movimiento Social Paro C\u00edvico de Buenaventura<\/title>\n<meta name=\"robots\" content=\"index, follow, max-snippet:-1, max-image-preview:large, max-video-preview:-1\" \/>\n<link rel=\"canonical\" href=\"https:\/\/comite-civico.org\/?p=3862\" \/>\n<meta property=\"og:locale\" content=\"es_ES\" \/>\n<meta property=\"og:type\" content=\"article\" \/>\n<meta property=\"og:title\" content=\"Avanza la construcci\u00f3n de la Estrategia de Prevenci\u00f3n, Atenci\u00f3n y Protecci\u00f3n de las Mujeres V\u00edctimas de Violencia Basada en G\u00e9nero en Buenaventura - Movimiento Social Paro C\u00edvico de Buenaventura\" \/>\n<meta property=\"og:description\" content=\"En el marco del cumplimiento de los acuerdos del Paro C\u00edvico de Buenaventura, la Mesa de Cultura, Recreaci\u00f3n y Deporte, G\u00e9nero y Generacional, a trav\u00e9s de su Comisi\u00f3n de Mujeres, contin\u00faa impulsando la construcci\u00f3n de la Estrategia de Prevenci\u00f3n, Atenci\u00f3n y Protecci\u00f3n de las Mujeres V\u00edctimas de Violencia Basada en G\u00e9nero y sus Familias. Este ... Leer m\u00e1s\" \/>\n<meta property=\"og:url\" content=\"https:\/\/comite-civico.org\/?p=3862\" \/>\n<meta property=\"og:site_name\" content=\"Movimiento Social Paro C\u00edvico de Buenaventura\" \/>\n<meta property=\"article:published_time\" content=\"2026-03-13T14:13:10+00:00\" \/>\n<meta property=\"article:modified_time\" content=\"2026-03-13T14:13:12+00:00\" \/>\n<meta property=\"og:image\" content=\"http:\/\/comite-civico.org\/wp-content\/uploads\/2026\/03\/DSC04652-scaled.jpg\" \/>\n\t<meta property=\"og:image:width\" content=\"2560\" \/>\n\t<meta property=\"og:image:height\" content=\"1441\" \/>\n\t<meta property=\"og:image:type\" content=\"image\/jpeg\" \/>\n<meta name=\"author\" content=\"comiteadmin\" \/>\n<meta name=\"twitter:card\" content=\"summary_large_image\" \/>\n<meta name=\"twitter:label1\" content=\"Escrito por\" \/>\n\t<meta name=\"twitter:data1\" content=\"comiteadmin\" \/>\n\t<meta name=\"twitter:label2\" content=\"Tiempo de lectura\" \/>\n\t<meta name=\"twitter:data2\" content=\"4 minutos\" \/>\n<script type=\"application\/ld+json\" class=\"yoast-schema-graph\">{\"@context\":\"https:\/\/schema.org\",\"@graph\":[{\"@type\":\"Article\",\"@id\":\"https:\/\/comite-civico.org\/?p=3862#article\",\"isPartOf\":{\"@id\":\"https:\/\/comite-civico.org\/?p=3862\"},\"author\":{\"name\":\"comiteadmin\",\"@id\":\"https:\/\/comite-civico.org\/#\/schema\/person\/eebdf569aa3565fa603cc9c5b53cea34\"},\"headline\":\"Avanza la construcci\u00f3n de la Estrategia de Prevenci\u00f3n, Atenci\u00f3n y Protecci\u00f3n de las Mujeres V\u00edctimas de Violencia Basada en G\u00e9nero en Buenaventura\",\"datePublished\":\"2026-03-13T14:13:10+00:00\",\"dateModified\":\"2026-03-13T14:13:12+00:00\",\"mainEntityOfPage\":{\"@id\":\"https:\/\/comite-civico.org\/?p=3862\"},\"wordCount\":512,\"commentCount\":0,\"publisher\":{\"@id\":\"https:\/\/comite-civico.org\/#organization\"},\"image\":{\"@id\":\"https:\/\/comite-civico.org\/?p=3862#primaryimage\"},\"thumbnailUrl\":\"https:\/\/comite-civico.org\/wp-content\/uploads\/2026\/03\/DSC04652-scaled.jpg\",\"articleSection\":[\"Cultura\"],\"inLanguage\":\"es-CO\",\"potentialAction\":[{\"@type\":\"CommentAction\",\"name\":\"Comment\",\"target\":[\"https:\/\/comite-civico.org\/?p=3862#respond\"]}]},{\"@type\":\"WebPage\",\"@id\":\"https:\/\/comite-civico.org\/?p=3862\",\"url\":\"https:\/\/comite-civico.org\/?p=3862\",\"name\":\"Avanza la construcci\u00f3n de la Estrategia de Prevenci\u00f3n, Atenci\u00f3n y Protecci\u00f3n de las Mujeres V\u00edctimas de Violencia Basada en G\u00e9nero en Buenaventura - Movimiento Social Paro C\u00edvico de Buenaventura\",\"isPartOf\":{\"@id\":\"https:\/\/comite-civico.org\/#website\"},\"primaryImageOfPage\":{\"@id\":\"https:\/\/comite-civico.org\/?p=3862#primaryimage\"},\"image\":{\"@id\":\"https:\/\/comite-civico.org\/?p=3862#primaryimage\"},\"thumbnailUrl\":\"https:\/\/comite-civico.org\/wp-content\/uploads\/2026\/03\/DSC04652-scaled.jpg\",\"datePublished\":\"2026-03-13T14:13:10+00:00\",\"dateModified\":\"2026-03-13T14:13:12+00:00\",\"breadcrumb\":{\"@id\":\"https:\/\/comite-civico.org\/?p=3862#breadcrumb\"},\"inLanguage\":\"es-CO\",\"potentialAction\":[{\"@type\":\"ReadAction\",\"target\":[\"https:\/\/comite-civico.org\/?p=3862\"]}]},{\"@type\":\"ImageObject\",\"inLanguage\":\"es-CO\",\"@id\":\"https:\/\/comite-civico.org\/?p=3862#primaryimage\",\"url\":\"https:\/\/comite-civico.org\/wp-content\/uploads\/2026\/03\/DSC04652-scaled.jpg\",\"contentUrl\":\"https:\/\/comite-civico.org\/wp-content\/uploads\/2026\/03\/DSC04652-scaled.jpg\",\"width\":2560,\"height\":1441},{\"@type\":\"BreadcrumbList\",\"@id\":\"https:\/\/comite-civico.org\/?p=3862#breadcrumb\",\"itemListElement\":[{\"@type\":\"ListItem\",\"position\":1,\"name\":\"Inicio\",\"item\":\"https:\/\/comite-civico.org\/\"},{\"@type\":\"ListItem\",\"position\":2,\"name\":\"Avanza la construcci\u00f3n de la Estrategia de Prevenci\u00f3n, Atenci\u00f3n y Protecci\u00f3n de las Mujeres V\u00edctimas de Violencia Basada en G\u00e9nero en Buenaventura\"}]},{\"@type\":\"WebSite\",\"@id\":\"https:\/\/comite-civico.org\/#website\",\"url\":\"https:\/\/comite-civico.org\/\",\"name\":\"Movimiento Social Paro C\u00edvico de Buenaventura\",\"description\":\"Movimiento Social Paro C\u00edvico de Buenaventura\",\"publisher\":{\"@id\":\"https:\/\/comite-civico.org\/#organization\"},\"potentialAction\":[{\"@type\":\"SearchAction\",\"target\":{\"@type\":\"EntryPoint\",\"urlTemplate\":\"https:\/\/comite-civico.org\/?s={search_term_string}\"},\"query-input\":{\"@type\":\"PropertyValueSpecification\",\"valueRequired\":true,\"valueName\":\"search_term_string\"}}],\"inLanguage\":\"es-CO\"},{\"@type\":\"Organization\",\"@id\":\"https:\/\/comite-civico.org\/#organization\",\"name\":\"Movimiento Social Paro C\u00edvico de Buenaventura\",\"url\":\"https:\/\/comite-civico.org\/\",\"logo\":{\"@type\":\"ImageObject\",\"inLanguage\":\"es-CO\",\"@id\":\"https:\/\/comite-civico.org\/#\/schema\/logo\/image\/\",\"url\":\"https:\/\/comite-civico.org\/wp-content\/uploads\/2021\/03\/Logo-de-Movimiento-Blanco-scaled.png\",\"contentUrl\":\"https:\/\/comite-civico.org\/wp-content\/uploads\/2021\/03\/Logo-de-Movimiento-Blanco-scaled.png\",\"width\":2560,\"height\":1810,\"caption\":\"Movimiento Social Paro C\u00edvico de Buenaventura\"},\"image\":{\"@id\":\"https:\/\/comite-civico.org\/#\/schema\/logo\/image\/\"}},{\"@type\":\"Person\",\"@id\":\"https:\/\/comite-civico.org\/#\/schema\/person\/eebdf569aa3565fa603cc9c5b53cea34\",\"name\":\"comiteadmin\",\"image\":{\"@type\":\"ImageObject\",\"inLanguage\":\"es-CO\",\"@id\":\"https:\/\/comite-civico.org\/#\/schema\/person\/image\/\",\"url\":\"https:\/\/secure.gravatar.com\/avatar\/516fb540621996b28f565fdf033072d55dd3fe76896ef4af5250b5fec1b457fe?s=96&d=mm&r=g\",\"contentUrl\":\"https:\/\/secure.gravatar.com\/avatar\/516fb540621996b28f565fdf033072d55dd3fe76896ef4af5250b5fec1b457fe?s=96&d=mm&r=g\",\"caption\":\"comiteadmin\"},\"sameAs\":[\"https:\/\/comite-civico.org\/\"],\"url\":\"https:\/\/comite-civico.org\/?author=1\"}]}<\/script>\n<!-- \/ Yoast SEO plugin. -->","yoast_head_json":{"title":"Avanza la construcci\u00f3n de la Estrategia de Prevenci\u00f3n, Atenci\u00f3n y Protecci\u00f3n de las Mujeres V\u00edctimas de Violencia Basada en G\u00e9nero en Buenaventura - Movimiento Social Paro C\u00edvico de Buenaventura","robots":{"index":"index","follow":"follow","max-snippet":"max-snippet:-1","max-image-preview":"max-image-preview:large","max-video-preview":"max-video-preview:-1"},"canonical":"https:\/\/comite-civico.org\/?p=3862","og_locale":"es_ES","og_type":"article","og_title":"Avanza la construcci\u00f3n de la Estrategia de Prevenci\u00f3n, Atenci\u00f3n y Protecci\u00f3n de las Mujeres V\u00edctimas de Violencia Basada en G\u00e9nero en Buenaventura - Movimiento Social Paro C\u00edvico de Buenaventura","og_description":"En el marco del cumplimiento de los acuerdos del Paro C\u00edvico de Buenaventura, la Mesa de Cultura, Recreaci\u00f3n y Deporte, G\u00e9nero y Generacional, a trav\u00e9s de su Comisi\u00f3n de Mujeres, contin\u00faa impulsando la construcci\u00f3n de la Estrategia de Prevenci\u00f3n, Atenci\u00f3n y Protecci\u00f3n de las Mujeres V\u00edctimas de Violencia Basada en G\u00e9nero y sus Familias. Este ... Leer m\u00e1s","og_url":"https:\/\/comite-civico.org\/?p=3862","og_site_name":"Movimiento Social Paro C\u00edvico de Buenaventura","article_published_time":"2026-03-13T14:13:10+00:00","article_modified_time":"2026-03-13T14:13:12+00:00","og_image":[{"width":2560,"height":1441,"url":"http:\/\/comite-civico.org\/wp-content\/uploads\/2026\/03\/DSC04652-scaled.jpg","type":"image\/jpeg"}],"author":"comiteadmin","twitter_card":"summary_large_image","twitter_misc":{"Escrito por":"comiteadmin","Tiempo de lectura":"4 minutos"},"schema":{"@context":"https:\/\/schema.org","@graph":[{"@type":"Article","@id":"https:\/\/comite-civico.org\/?p=3862#article","isPartOf":{"@id":"https:\/\/comite-civico.org\/?p=3862"},"author":{"name":"comiteadmin","@id":"https:\/\/comite-civico.org\/#\/schema\/person\/eebdf569aa3565fa603cc9c5b53cea34"},"headline":"Avanza la construcci\u00f3n de la Estrategia de Prevenci\u00f3n, Atenci\u00f3n y Protecci\u00f3n de las Mujeres V\u00edctimas de Violencia Basada en G\u00e9nero en Buenaventura","datePublished":"2026-03-13T14:13:10+00:00","dateModified":"2026-03-13T14:13:12+00:00","mainEntityOfPage":{"@id":"https:\/\/comite-civico.org\/?p=3862"},"wordCount":512,"commentCount":0,"publisher":{"@id":"https:\/\/comite-civico.org\/#organization"},"image":{"@id":"https:\/\/comite-civico.org\/?p=3862#primaryimage"},"thumbnailUrl":"https:\/\/comite-civico.org\/wp-content\/uploads\/2026\/03\/DSC04652-scaled.jpg","articleSection":["Cultura"],"inLanguage":"es-CO","potentialAction":[{"@type":"CommentAction","name":"Comment","target":["https:\/\/comite-civico.org\/?p=3862#respond"]}]},{"@type":"WebPage","@id":"https:\/\/comite-civico.org\/?p=3862","url":"https:\/\/comite-civico.org\/?p=3862","name":"Avanza la construcci\u00f3n de la Estrategia de Prevenci\u00f3n, Atenci\u00f3n y Protecci\u00f3n de las Mujeres V\u00edctimas de Violencia Basada en G\u00e9nero en Buenaventura - Movimiento Social Paro C\u00edvico de Buenaventura","isPartOf":{"@id":"https:\/\/comite-civico.org\/#website"},"primaryImageOfPage":{"@id":"https:\/\/comite-civico.org\/?p=3862#primaryimage"},"image":{"@id":"https:\/\/comite-civico.org\/?p=3862#primaryimage"},"thumbnailUrl":"https:\/\/comite-civico.org\/wp-content\/uploads\/2026\/03\/DSC04652-scaled.jpg","datePublished":"2026-03-13T14:13:10+00:00","dateModified":"2026-03-13T14:13:12+00:00","breadcrumb":{"@id":"https:\/\/comite-civico.org\/?p=3862#breadcrumb"},"inLanguage":"es-CO","potentialAction":[{"@type":"ReadAction","target":["https:\/\/comite-civico.org\/?p=3862"]}]},{"@type":"ImageObject","inLanguage":"es-CO","@id":"https:\/\/comite-civico.org\/?p=3862#primaryimage","url":"https:\/\/comite-civico.org\/wp-content\/uploads\/2026\/03\/DSC04652-scaled.jpg","contentUrl":"https:\/\/comite-civico.org\/wp-content\/uploads\/2026\/03\/DSC04652-scaled.jpg","width":2560,"height":1441},{"@type":"BreadcrumbList","@id":"https:\/\/comite-civico.org\/?p=3862#breadcrumb","itemListElement":[{"@type":"ListItem","position":1,"name":"Inicio","item":"https:\/\/comite-civico.org\/"},{"@type":"ListItem","position":2,"name":"Avanza la construcci\u00f3n de la Estrategia de Prevenci\u00f3n, Atenci\u00f3n y Protecci\u00f3n de las Mujeres V\u00edctimas de Violencia Basada en G\u00e9nero en Buenaventura"}]},{"@type":"WebSite","@id":"https:\/\/comite-civico.org\/#website","url":"https:\/\/comite-civico.org\/","name":"Movimiento Social Paro C\u00edvico de Buenaventura","description":"Movimiento Social Paro C\u00edvico de Buenaventura","publisher":{"@id":"https:\/\/comite-civico.org\/#organization"},"potentialAction":[{"@type":"SearchAction","target":{"@type":"EntryPoint","urlTemplate":"https:\/\/comite-civico.org\/?s={search_term_string}"},"query-input":{"@type":"PropertyValueSpecification","valueRequired":true,"valueName":"search_term_string"}}],"inLanguage":"es-CO"},{"@type":"Organization","@id":"https:\/\/comite-civico.org\/#organization","name":"Movimiento Social Paro C\u00edvico de Buenaventura","url":"https:\/\/comite-civico.org\/","logo":{"@type":"ImageObject","inLanguage":"es-CO","@id":"https:\/\/comite-civico.org\/#\/schema\/logo\/image\/","url":"https:\/\/comite-civico.org\/wp-content\/uploads\/2021\/03\/Logo-de-Movimiento-Blanco-scaled.png","contentUrl":"https:\/\/comite-civico.org\/wp-content\/uploads\/2021\/03\/Logo-de-Movimiento-Blanco-scaled.png","width":2560,"height":1810,"caption":"Movimiento Social Paro C\u00edvico de Buenaventura"},"image":{"@id":"https:\/\/comite-civico.org\/#\/schema\/logo\/image\/"}},{"@type":"Person","@id":"https:\/\/comite-civico.org\/#\/schema\/person\/eebdf569aa3565fa603cc9c5b53cea34","name":"comiteadmin","image":{"@type":"ImageObject","inLanguage":"es-CO","@id":"https:\/\/comite-civico.org\/#\/schema\/person\/image\/","url":"https:\/\/secure.gravatar.com\/avatar\/516fb540621996b28f565fdf033072d55dd3fe76896ef4af5250b5fec1b457fe?s=96&d=mm&r=g","contentUrl":"https:\/\/secure.gravatar.com\/avatar\/516fb540621996b28f565fdf033072d55dd3fe76896ef4af5250b5fec1b457fe?s=96&d=mm&r=g","caption":"comiteadmin"},"sameAs":["https:\/\/comite-civico.org\/"],"url":"https:\/\/comite-civico.org\/?author=1"}]}},"_links":{"self":[{"href":"https:\/\/comite-civico.org\/index.php?rest_route=\/wp\/v2\/posts\/3862","targetHints":{"allow":["GET"]}}],"collection":[{"href":"https:\/\/comite-civico.org\/index.php?rest_route=\/wp\/v2\/posts"}],"about":[{"href":"https:\/\/comite-civico.org\/index.php?rest_route=\/wp\/v2\/types\/post"}],"author":[{"embeddable":true,"href":"https:\/\/comite-civico.org\/index.php?rest_route=\/wp\/v2\/users\/1"}],"replies":[{"embeddable":true,"href":"https:\/\/comite-civico.org\/index.php?rest_route=%2Fwp%2Fv2%2Fcomments&post=3862"}],"version-history":[{"count":1,"href":"https:\/\/comite-civico.org\/index.php?rest_route=\/wp\/v2\/posts\/3862\/revisions"}],"predecessor-version":[{"id":3863,"href":"https:\/\/comite-civico.org\/index.php?rest_route=\/wp\/v2\/posts\/3862\/revisions\/3863"}],"wp:featuredmedia":[{"embeddable":true,"href":"https:\/\/comite-civico.org\/index.php?rest_route=\/wp\/v2\/media\/3855"}],"wp:attachment":[{"href":"https:\/\/comite-civico.org\/index.php?rest_route=%2Fwp%2Fv2%2Fmedia&parent=3862"}],"wp:term":[{"taxonomy":"category","embeddable":true,"href":"https:\/\/comite-civico.org\/index.php?rest_route=%2Fwp%2Fv2%2Fcategories&post=3862"},{"taxonomy":"post_tag","embeddable":true,"href":"https:\/\/comite-civico.org\/index.php?rest_route=%2Fwp%2Fv2%2Ftags&post=3862"}],"curies":[{"name":"wp","href":"https:\/\/api.w.org\/{rel}","templated":true}]}}