{"id":3814,"date":"2026-03-02T05:40:45","date_gmt":"2026-03-02T10:40:45","guid":{"rendered":"https:\/\/comite-civico.org\/?p=3814"},"modified":"2026-03-02T05:42:26","modified_gmt":"2026-03-02T10:42:26","slug":"agenda-semanal-02-al-07-de-marzo-de-2026","status":"publish","type":"post","link":"https:\/\/comite-civico.org\/?p=3814","title":{"rendered":"Agenda Semanal 02 al 07 de marzo de 2026"},"content":{"rendered":"\t\t<div data-elementor-type=\"wp-post\" data-elementor-id=\"3814\" class=\"elementor elementor-3814\" data-elementor-post-type=\"post\">\n\t\t\t\t\t\t<section data-particle_enable=\"false\" data-particle-mobile-disabled=\"false\" class=\"elementor-section elementor-top-section elementor-element elementor-element-70d8792 elementor-section-boxed elementor-section-height-default elementor-section-height-default\" data-id=\"70d8792\" data-element_type=\"section\" data-settings=\"{&quot;jet_parallax_layout_list&quot;:[]}\">\n\t\t\t\t\t\t<div class=\"elementor-container elementor-column-gap-default\">\n\t\t\t\t\t<div class=\"elementor-column elementor-col-100 elementor-top-column elementor-element elementor-element-ab61452\" data-id=\"ab61452\" data-element_type=\"column\">\n\t\t\t<div class=\"elementor-widget-wrap elementor-element-populated\">\n\t\t\t\t\t\t<div class=\"elementor-element elementor-element-ce1ec77 elementor-widget elementor-widget-text-editor\" data-id=\"ce1ec77\" data-element_type=\"widget\" data-widget_type=\"text-editor.default\">\n\t\t\t\t<div class=\"elementor-widget-container\">\n\t\t\t\t\t\t\t\t\t<h2 data-start=\"206\" data-end=\"251\">Agenda Semanal | 02 al 07 de marzo de 2026<\/h2><p data-start=\"253\" data-end=\"506\">El <strong data-start=\"256\" data-end=\"297\"><span class=\"hover:entity-accent entity-underline inline cursor-pointer align-baseline\"><span class=\"whitespace-normal\">Movimiento Social Paro C\u00edvico de Buenaventura<\/span><\/span><\/strong> contin\u00faa desarrollando jornadas de seguimiento, articulaci\u00f3n y evaluaci\u00f3n para el cumplimiento de los acuerdos establecidos, a trav\u00e9s de sus distintas mesas tem\u00e1ticas y espacios de coordinaci\u00f3n institucional.<\/p><p data-start=\"508\" data-end=\"602\">Durante la semana del 02 al 07 de marzo de 2026 se llevar\u00e1n a cabo las siguientes actividades:<\/p><h3 data-start=\"604\" data-end=\"625\">Lunes 02 de marzo<\/h3><ul data-start=\"626\" data-end=\"1301\"><li data-start=\"626\" data-end=\"790\"><p data-start=\"628\" data-end=\"790\"><strong data-start=\"628\" data-end=\"701\">Mesa de Cultura, Recreaci\u00f3n y Deporte, G\u00e9nero y Generacional (CRDGG):<\/strong> Jornada de revisi\u00f3n de avances de los proyectos que se estructuran en FonBuenaventura.<\/p><\/li><li data-start=\"791\" data-end=\"1020\"><p data-start=\"793\" data-end=\"1020\"><strong data-start=\"793\" data-end=\"862\">Mesa de Agua, Saneamiento B\u00e1sico y Servicios P\u00fablicos (MASSBUEN):<\/strong> Jornada t\u00e9cnica para definir fases y veredas priorizadas del proyecto de acueductos rurales (11 veredas) y ajuste del cronograma del proyecto L\u00ednea de 27\u201d.<\/p><\/li><li data-start=\"1021\" data-end=\"1301\"><p data-start=\"1023\" data-end=\"1082\"><strong data-start=\"1023\" data-end=\"1080\">Mesa de Territorio, Vivienda e Infraestructura (TVI):<\/strong><\/p><ul data-start=\"1085\" data-end=\"1301\"><li data-start=\"1085\" data-end=\"1167\"><p data-start=\"1087\" data-end=\"1167\">Socializaci\u00f3n del estado de avance de los acuerdos del sector vivienda urbana.<\/p><\/li><li data-start=\"1170\" data-end=\"1301\"><p data-start=\"1172\" data-end=\"1301\">Definici\u00f3n de puntos estrat\u00e9gicos e intersecciones para mediciones de flujos vehiculares en el marco de la formulaci\u00f3n del PMISS.<\/p><\/li><\/ul><\/li><\/ul><h3 data-start=\"1303\" data-end=\"1325\">Martes 03 de marzo<\/h3><ul data-start=\"1326\" data-end=\"1829\"><li data-start=\"1326\" data-end=\"1508\"><p data-start=\"1328\" data-end=\"1508\"><strong data-start=\"1328\" data-end=\"1392\">Mesa de Territorio, Vivienda e Infraestructura (Zona Rural):<\/strong> Contextualizaci\u00f3n del acuerdo de h\u00e1bitat y vivienda rural y concertaci\u00f3n de la ruta cr\u00edtica para su cumplimiento.<\/p><\/li><li data-start=\"1509\" data-end=\"1829\"><p data-start=\"1511\" data-end=\"1562\"><strong data-start=\"1511\" data-end=\"1560\">Reuni\u00f3n Ordinaria del Comit\u00e9 Ejecutivo MSPCB:<\/strong><\/p><ul data-start=\"1565\" data-end=\"1829\"><li data-start=\"1565\" data-end=\"1694\"><p data-start=\"1567\" data-end=\"1694\">Informe sobre la jornada de seguimiento al acuerdo de Reforzamiento Estructural del Hospital Luis Ablanque de la Plata E.S.E.<\/p><\/li><li data-start=\"1697\" data-end=\"1817\"><p data-start=\"1699\" data-end=\"1817\">Estado de avance y an\u00e1lisis de cuellos de botella del CONPES DIE en los sectores de agua potable, educaci\u00f3n y salud.<\/p><\/li><li data-start=\"1820\" data-end=\"1829\"><p data-start=\"1822\" data-end=\"1829\">Varios.<\/p><\/li><\/ul><\/li><\/ul><h3 data-start=\"1831\" data-end=\"1856\">Mi\u00e9rcoles 04 de marzo<\/h3><ul data-start=\"1857\" data-end=\"2279\"><li data-start=\"1857\" data-end=\"1926\"><p data-start=\"1859\" data-end=\"1926\"><strong data-start=\"1859\" data-end=\"1924\">Reuni\u00f3n Extraordinaria de Junta Directiva de CORBUENAVENTURA.<\/strong><\/p><\/li><li data-start=\"1927\" data-end=\"2118\"><p data-start=\"1929\" data-end=\"2118\"><strong data-start=\"1929\" data-end=\"1947\">Mesa de Salud:<\/strong> Jornada t\u00e9cnica sobre el plan de contingencia para la ejecuci\u00f3n de las obras de reforzamiento del Hospital Luis Ablanque de la Plata, en el marco del contrato 831-2024.<\/p><\/li><li data-start=\"2119\" data-end=\"2279\"><p data-start=\"2121\" data-end=\"2279\"><strong data-start=\"2121\" data-end=\"2136\">Mesa CRDGG:<\/strong> Jornada de seguimiento con la Contralor\u00eda General de la Rep\u00fablica sobre la reactivaci\u00f3n de la obra de la Casa de la Cultura Margarita Hurtado.<\/p><\/li><\/ul><h3 data-start=\"2281\" data-end=\"2303\">Jueves 05 de marzo<\/h3><ul data-start=\"2304\" data-end=\"2644\"><li data-start=\"2304\" data-end=\"2442\"><p data-start=\"2306\" data-end=\"2442\"><strong data-start=\"2306\" data-end=\"2328\">Mesa de Educaci\u00f3n:<\/strong> Jornada inicial de priorizaci\u00f3n de acuerdos para la formulaci\u00f3n del POAI 2026 y 2027 del PIEDB-FonBuenaventura.<\/p><\/li><li data-start=\"2443\" data-end=\"2644\"><p data-start=\"2445\" data-end=\"2644\"><strong data-start=\"2445\" data-end=\"2480\">Mesa de Productividad y Empleo:<\/strong> Jornada t\u00e9cnica de seguimiento al cumplimiento del acuerdo sobre el Centro de Desarrollo Empresarial (CDE), con liderazgo institucional del Ministerio de Comercio.<\/p><\/li><\/ul><p data-start=\"2646\" data-end=\"2807\">Las actividades presenciales se desarrollar\u00e1n en la sede del Movimiento Social Paro C\u00edvico, ubicada en el Centro Comercial Galer\u00eda Central, piso 6, Buenaventura.<\/p>\t\t\t\t\t\t\t\t<\/div>\n\t\t\t\t<\/div>\n\t\t\t\t\t<\/div>\n\t\t<\/div>\n\t\t\t\t\t<\/div>\n\t\t<\/section>\n\t\t\t\t<section data-particle_enable=\"false\" data-particle-mobile-disabled=\"false\" class=\"elementor-section elementor-top-section elementor-element elementor-element-ea9d36d elementor-section-boxed elementor-section-height-default elementor-section-height-default\" data-id=\"ea9d36d\" data-element_type=\"section\" data-settings=\"{&quot;jet_parallax_layout_list&quot;:[]}\">\n\t\t\t\t\t\t<div class=\"elementor-container elementor-column-gap-default\">\n\t\t\t\t\t<div class=\"elementor-column elementor-col-100 elementor-top-column elementor-element elementor-element-26bd2fe\" data-id=\"26bd2fe\" data-element_type=\"column\">\n\t\t\t<div class=\"elementor-widget-wrap elementor-element-populated\">\n\t\t\t\t\t\t<div class=\"elementor-element elementor-element-024eaff dce_masking-none elementor-widget elementor-widget-image\" data-id=\"024eaff\" data-element_type=\"widget\" data-widget_type=\"image.default\">\n\t\t\t\t<div class=\"elementor-widget-container\">\n\t\t\t\t\t\t\t\t\t\t\t\t\t\t\t\t<a href=\"http:\/\/comite-civico.org\/wp-content\/uploads\/2026\/03\/Agenda-semana-del-02-al-07-de-marzo-de-2026-1.pdf\">\n\t\t\t\t\t\t\t<img fetchpriority=\"high\" decoding=\"async\" width=\"1024\" height=\"213\" src=\"https:\/\/comite-civico.org\/wp-content\/uploads\/2025\/08\/descarga-pdf-paro-civico-1024x213.jpg\" class=\"attachment-large size-large wp-image-2395\" alt=\"\" srcset=\"https:\/\/comite-civico.org\/wp-content\/uploads\/2025\/08\/descarga-pdf-paro-civico-1024x213.jpg 1024w, https:\/\/comite-civico.org\/wp-content\/uploads\/2025\/08\/descarga-pdf-paro-civico-300x63.jpg 300w, https:\/\/comite-civico.org\/wp-content\/uploads\/2025\/08\/descarga-pdf-paro-civico-768x160.jpg 768w, https:\/\/comite-civico.org\/wp-content\/uploads\/2025\/08\/descarga-pdf-paro-civico-1536x320.jpg 1536w, https:\/\/comite-civico.org\/wp-content\/uploads\/2025\/08\/descarga-pdf-paro-civico.jpg 1920w\" sizes=\"(max-width: 1024px) 100vw, 1024px\" \/>\t\t\t\t\t\t\t\t<\/a>\n\t\t\t\t\t\t\t\t\t\t\t\t\t\t\t<\/div>\n\t\t\t\t<\/div>\n\t\t\t\t\t<\/div>\n\t\t<\/div>\n\t\t\t\t\t<\/div>\n\t\t<\/section>\n\t\t\t\t<\/div>\n\t\t","protected":false},"excerpt":{"rendered":"<p>Agenda Semanal | 02 al 07 de marzo de 2026 El Movimiento Social Paro C\u00edvico de Buenaventura contin\u00faa desarrollando jornadas de seguimiento, articulaci\u00f3n y evaluaci\u00f3n para el cumplimiento de los acuerdos establecidos, a trav\u00e9s de sus distintas mesas tem\u00e1ticas y espacios de coordinaci\u00f3n institucional. Durante la semana del 02 al 07 de marzo de 2026 &#8230; <a title=\"Agenda Semanal 02 al 07 de marzo de 2026\" class=\"read-more\" href=\"https:\/\/comite-civico.org\/?p=3814\" aria-label=\"Read more about Agenda Semanal 02 al 07 de marzo de 2026\">Leer m\u00e1s<\/a><\/p>\n","protected":false},"author":1,"featured_media":3813,"comment_status":"open","ping_status":"open","sticky":false,"template":"","format":"standard","meta":{"footnotes":""},"categories":[1],"tags":[],"class_list":["post-3814","post","type-post","status-publish","format-standard","has-post-thumbnail","hentry","category-sin-categoria"],"acf":[],"yoast_head":"<!-- This site is optimized with the Yoast SEO plugin v25.0 - https:\/\/yoast.com\/wordpress\/plugins\/seo\/ -->\n<title>Agenda Semanal 02 al 07 de marzo de 2026 - Movimiento Social Paro C\u00edvico de Buenaventura<\/title>\n<meta name=\"robots\" content=\"index, follow, max-snippet:-1, max-image-preview:large, max-video-preview:-1\" \/>\n<link rel=\"canonical\" href=\"https:\/\/comite-civico.org\/?p=3814\" \/>\n<meta property=\"og:locale\" content=\"es_ES\" \/>\n<meta property=\"og:type\" content=\"article\" \/>\n<meta property=\"og:title\" content=\"Agenda Semanal 02 al 07 de marzo de 2026 - Movimiento Social Paro C\u00edvico de Buenaventura\" \/>\n<meta property=\"og:description\" content=\"Agenda Semanal | 02 al 07 de marzo de 2026 El Movimiento Social Paro C\u00edvico de Buenaventura contin\u00faa desarrollando jornadas de seguimiento, articulaci\u00f3n y evaluaci\u00f3n para el cumplimiento de los acuerdos establecidos, a trav\u00e9s de sus distintas mesas tem\u00e1ticas y espacios de coordinaci\u00f3n institucional. Durante la semana del 02 al 07 de marzo de 2026 ... Leer m\u00e1s\" \/>\n<meta property=\"og:url\" content=\"https:\/\/comite-civico.org\/?p=3814\" \/>\n<meta property=\"og:site_name\" content=\"Movimiento Social Paro C\u00edvico de Buenaventura\" \/>\n<meta property=\"article:published_time\" content=\"2026-03-02T10:40:45+00:00\" \/>\n<meta property=\"article:modified_time\" content=\"2026-03-02T10:42:26+00:00\" \/>\n<meta property=\"og:image\" content=\"http:\/\/comite-civico.org\/wp-content\/uploads\/2026\/03\/02-al-027-de-marzo-agenda-semanal.jpg\" \/>\n\t<meta property=\"og:image:width\" content=\"1920\" \/>\n\t<meta property=\"og:image:height\" content=\"1080\" \/>\n\t<meta property=\"og:image:type\" content=\"image\/jpeg\" \/>\n<meta name=\"author\" content=\"comiteadmin\" \/>\n<meta name=\"twitter:card\" content=\"summary_large_image\" \/>\n<meta name=\"twitter:label1\" content=\"Escrito por\" \/>\n\t<meta name=\"twitter:data1\" content=\"comiteadmin\" \/>\n\t<meta name=\"twitter:label2\" content=\"Tiempo de lectura\" \/>\n\t<meta name=\"twitter:data2\" content=\"2 minutos\" \/>\n<script type=\"application\/ld+json\" class=\"yoast-schema-graph\">{\"@context\":\"https:\/\/schema.org\",\"@graph\":[{\"@type\":\"Article\",\"@id\":\"https:\/\/comite-civico.org\/?p=3814#article\",\"isPartOf\":{\"@id\":\"https:\/\/comite-civico.org\/?p=3814\"},\"author\":{\"name\":\"comiteadmin\",\"@id\":\"https:\/\/comite-civico.org\/#\/schema\/person\/eebdf569aa3565fa603cc9c5b53cea34\"},\"headline\":\"Agenda Semanal 02 al 07 de marzo de 2026\",\"datePublished\":\"2026-03-02T10:40:45+00:00\",\"dateModified\":\"2026-03-02T10:42:26+00:00\",\"mainEntityOfPage\":{\"@id\":\"https:\/\/comite-civico.org\/?p=3814\"},\"wordCount\":409,\"commentCount\":0,\"publisher\":{\"@id\":\"https:\/\/comite-civico.org\/#organization\"},\"image\":{\"@id\":\"https:\/\/comite-civico.org\/?p=3814#primaryimage\"},\"thumbnailUrl\":\"https:\/\/comite-civico.org\/wp-content\/uploads\/2026\/03\/02-al-027-de-marzo-agenda-semanal.jpg\",\"inLanguage\":\"es-CO\",\"potentialAction\":[{\"@type\":\"CommentAction\",\"name\":\"Comment\",\"target\":[\"https:\/\/comite-civico.org\/?p=3814#respond\"]}]},{\"@type\":\"WebPage\",\"@id\":\"https:\/\/comite-civico.org\/?p=3814\",\"url\":\"https:\/\/comite-civico.org\/?p=3814\",\"name\":\"Agenda Semanal 02 al 07 de marzo de 2026 - Movimiento Social Paro C\u00edvico de Buenaventura\",\"isPartOf\":{\"@id\":\"https:\/\/comite-civico.org\/#website\"},\"primaryImageOfPage\":{\"@id\":\"https:\/\/comite-civico.org\/?p=3814#primaryimage\"},\"image\":{\"@id\":\"https:\/\/comite-civico.org\/?p=3814#primaryimage\"},\"thumbnailUrl\":\"https:\/\/comite-civico.org\/wp-content\/uploads\/2026\/03\/02-al-027-de-marzo-agenda-semanal.jpg\",\"datePublished\":\"2026-03-02T10:40:45+00:00\",\"dateModified\":\"2026-03-02T10:42:26+00:00\",\"breadcrumb\":{\"@id\":\"https:\/\/comite-civico.org\/?p=3814#breadcrumb\"},\"inLanguage\":\"es-CO\",\"potentialAction\":[{\"@type\":\"ReadAction\",\"target\":[\"https:\/\/comite-civico.org\/?p=3814\"]}]},{\"@type\":\"ImageObject\",\"inLanguage\":\"es-CO\",\"@id\":\"https:\/\/comite-civico.org\/?p=3814#primaryimage\",\"url\":\"https:\/\/comite-civico.org\/wp-content\/uploads\/2026\/03\/02-al-027-de-marzo-agenda-semanal.jpg\",\"contentUrl\":\"https:\/\/comite-civico.org\/wp-content\/uploads\/2026\/03\/02-al-027-de-marzo-agenda-semanal.jpg\",\"width\":1920,\"height\":1080},{\"@type\":\"BreadcrumbList\",\"@id\":\"https:\/\/comite-civico.org\/?p=3814#breadcrumb\",\"itemListElement\":[{\"@type\":\"ListItem\",\"position\":1,\"name\":\"Inicio\",\"item\":\"https:\/\/comite-civico.org\/\"},{\"@type\":\"ListItem\",\"position\":2,\"name\":\"Agenda Semanal 02 al 07 de marzo de 2026\"}]},{\"@type\":\"WebSite\",\"@id\":\"https:\/\/comite-civico.org\/#website\",\"url\":\"https:\/\/comite-civico.org\/\",\"name\":\"Movimiento Social Paro C\u00edvico de Buenaventura\",\"description\":\"Movimiento Social Paro C\u00edvico de Buenaventura\",\"publisher\":{\"@id\":\"https:\/\/comite-civico.org\/#organization\"},\"potentialAction\":[{\"@type\":\"SearchAction\",\"target\":{\"@type\":\"EntryPoint\",\"urlTemplate\":\"https:\/\/comite-civico.org\/?s={search_term_string}\"},\"query-input\":{\"@type\":\"PropertyValueSpecification\",\"valueRequired\":true,\"valueName\":\"search_term_string\"}}],\"inLanguage\":\"es-CO\"},{\"@type\":\"Organization\",\"@id\":\"https:\/\/comite-civico.org\/#organization\",\"name\":\"Movimiento Social Paro C\u00edvico de Buenaventura\",\"url\":\"https:\/\/comite-civico.org\/\",\"logo\":{\"@type\":\"ImageObject\",\"inLanguage\":\"es-CO\",\"@id\":\"https:\/\/comite-civico.org\/#\/schema\/logo\/image\/\",\"url\":\"https:\/\/comite-civico.org\/wp-content\/uploads\/2021\/03\/Logo-de-Movimiento-Blanco-scaled.png\",\"contentUrl\":\"https:\/\/comite-civico.org\/wp-content\/uploads\/2021\/03\/Logo-de-Movimiento-Blanco-scaled.png\",\"width\":2560,\"height\":1810,\"caption\":\"Movimiento Social Paro C\u00edvico de Buenaventura\"},\"image\":{\"@id\":\"https:\/\/comite-civico.org\/#\/schema\/logo\/image\/\"}},{\"@type\":\"Person\",\"@id\":\"https:\/\/comite-civico.org\/#\/schema\/person\/eebdf569aa3565fa603cc9c5b53cea34\",\"name\":\"comiteadmin\",\"image\":{\"@type\":\"ImageObject\",\"inLanguage\":\"es-CO\",\"@id\":\"https:\/\/comite-civico.org\/#\/schema\/person\/image\/\",\"url\":\"https:\/\/secure.gravatar.com\/avatar\/516fb540621996b28f565fdf033072d55dd3fe76896ef4af5250b5fec1b457fe?s=96&d=mm&r=g\",\"contentUrl\":\"https:\/\/secure.gravatar.com\/avatar\/516fb540621996b28f565fdf033072d55dd3fe76896ef4af5250b5fec1b457fe?s=96&d=mm&r=g\",\"caption\":\"comiteadmin\"},\"sameAs\":[\"https:\/\/comite-civico.org\/\"],\"url\":\"https:\/\/comite-civico.org\/?author=1\"}]}<\/script>\n<!-- \/ Yoast SEO plugin. -->","yoast_head_json":{"title":"Agenda Semanal 02 al 07 de marzo de 2026 - Movimiento Social Paro C\u00edvico de Buenaventura","robots":{"index":"index","follow":"follow","max-snippet":"max-snippet:-1","max-image-preview":"max-image-preview:large","max-video-preview":"max-video-preview:-1"},"canonical":"https:\/\/comite-civico.org\/?p=3814","og_locale":"es_ES","og_type":"article","og_title":"Agenda Semanal 02 al 07 de marzo de 2026 - Movimiento Social Paro C\u00edvico de Buenaventura","og_description":"Agenda Semanal | 02 al 07 de marzo de 2026 El Movimiento Social Paro C\u00edvico de Buenaventura contin\u00faa desarrollando jornadas de seguimiento, articulaci\u00f3n y evaluaci\u00f3n para el cumplimiento de los acuerdos establecidos, a trav\u00e9s de sus distintas mesas tem\u00e1ticas y espacios de coordinaci\u00f3n institucional. Durante la semana del 02 al 07 de marzo de 2026 ... Leer m\u00e1s","og_url":"https:\/\/comite-civico.org\/?p=3814","og_site_name":"Movimiento Social Paro C\u00edvico de Buenaventura","article_published_time":"2026-03-02T10:40:45+00:00","article_modified_time":"2026-03-02T10:42:26+00:00","og_image":[{"width":1920,"height":1080,"url":"http:\/\/comite-civico.org\/wp-content\/uploads\/2026\/03\/02-al-027-de-marzo-agenda-semanal.jpg","type":"image\/jpeg"}],"author":"comiteadmin","twitter_card":"summary_large_image","twitter_misc":{"Escrito por":"comiteadmin","Tiempo de lectura":"2 minutos"},"schema":{"@context":"https:\/\/schema.org","@graph":[{"@type":"Article","@id":"https:\/\/comite-civico.org\/?p=3814#article","isPartOf":{"@id":"https:\/\/comite-civico.org\/?p=3814"},"author":{"name":"comiteadmin","@id":"https:\/\/comite-civico.org\/#\/schema\/person\/eebdf569aa3565fa603cc9c5b53cea34"},"headline":"Agenda Semanal 02 al 07 de marzo de 2026","datePublished":"2026-03-02T10:40:45+00:00","dateModified":"2026-03-02T10:42:26+00:00","mainEntityOfPage":{"@id":"https:\/\/comite-civico.org\/?p=3814"},"wordCount":409,"commentCount":0,"publisher":{"@id":"https:\/\/comite-civico.org\/#organization"},"image":{"@id":"https:\/\/comite-civico.org\/?p=3814#primaryimage"},"thumbnailUrl":"https:\/\/comite-civico.org\/wp-content\/uploads\/2026\/03\/02-al-027-de-marzo-agenda-semanal.jpg","inLanguage":"es-CO","potentialAction":[{"@type":"CommentAction","name":"Comment","target":["https:\/\/comite-civico.org\/?p=3814#respond"]}]},{"@type":"WebPage","@id":"https:\/\/comite-civico.org\/?p=3814","url":"https:\/\/comite-civico.org\/?p=3814","name":"Agenda Semanal 02 al 07 de marzo de 2026 - Movimiento Social Paro C\u00edvico de Buenaventura","isPartOf":{"@id":"https:\/\/comite-civico.org\/#website"},"primaryImageOfPage":{"@id":"https:\/\/comite-civico.org\/?p=3814#primaryimage"},"image":{"@id":"https:\/\/comite-civico.org\/?p=3814#primaryimage"},"thumbnailUrl":"https:\/\/comite-civico.org\/wp-content\/uploads\/2026\/03\/02-al-027-de-marzo-agenda-semanal.jpg","datePublished":"2026-03-02T10:40:45+00:00","dateModified":"2026-03-02T10:42:26+00:00","breadcrumb":{"@id":"https:\/\/comite-civico.org\/?p=3814#breadcrumb"},"inLanguage":"es-CO","potentialAction":[{"@type":"ReadAction","target":["https:\/\/comite-civico.org\/?p=3814"]}]},{"@type":"ImageObject","inLanguage":"es-CO","@id":"https:\/\/comite-civico.org\/?p=3814#primaryimage","url":"https:\/\/comite-civico.org\/wp-content\/uploads\/2026\/03\/02-al-027-de-marzo-agenda-semanal.jpg","contentUrl":"https:\/\/comite-civico.org\/wp-content\/uploads\/2026\/03\/02-al-027-de-marzo-agenda-semanal.jpg","width":1920,"height":1080},{"@type":"BreadcrumbList","@id":"https:\/\/comite-civico.org\/?p=3814#breadcrumb","itemListElement":[{"@type":"ListItem","position":1,"name":"Inicio","item":"https:\/\/comite-civico.org\/"},{"@type":"ListItem","position":2,"name":"Agenda Semanal 02 al 07 de marzo de 2026"}]},{"@type":"WebSite","@id":"https:\/\/comite-civico.org\/#website","url":"https:\/\/comite-civico.org\/","name":"Movimiento Social Paro C\u00edvico de Buenaventura","description":"Movimiento Social Paro C\u00edvico de Buenaventura","publisher":{"@id":"https:\/\/comite-civico.org\/#organization"},"potentialAction":[{"@type":"SearchAction","target":{"@type":"EntryPoint","urlTemplate":"https:\/\/comite-civico.org\/?s={search_term_string}"},"query-input":{"@type":"PropertyValueSpecification","valueRequired":true,"valueName":"search_term_string"}}],"inLanguage":"es-CO"},{"@type":"Organization","@id":"https:\/\/comite-civico.org\/#organization","name":"Movimiento Social Paro C\u00edvico de Buenaventura","url":"https:\/\/comite-civico.org\/","logo":{"@type":"ImageObject","inLanguage":"es-CO","@id":"https:\/\/comite-civico.org\/#\/schema\/logo\/image\/","url":"https:\/\/comite-civico.org\/wp-content\/uploads\/2021\/03\/Logo-de-Movimiento-Blanco-scaled.png","contentUrl":"https:\/\/comite-civico.org\/wp-content\/uploads\/2021\/03\/Logo-de-Movimiento-Blanco-scaled.png","width":2560,"height":1810,"caption":"Movimiento Social Paro C\u00edvico de Buenaventura"},"image":{"@id":"https:\/\/comite-civico.org\/#\/schema\/logo\/image\/"}},{"@type":"Person","@id":"https:\/\/comite-civico.org\/#\/schema\/person\/eebdf569aa3565fa603cc9c5b53cea34","name":"comiteadmin","image":{"@type":"ImageObject","inLanguage":"es-CO","@id":"https:\/\/comite-civico.org\/#\/schema\/person\/image\/","url":"https:\/\/secure.gravatar.com\/avatar\/516fb540621996b28f565fdf033072d55dd3fe76896ef4af5250b5fec1b457fe?s=96&d=mm&r=g","contentUrl":"https:\/\/secure.gravatar.com\/avatar\/516fb540621996b28f565fdf033072d55dd3fe76896ef4af5250b5fec1b457fe?s=96&d=mm&r=g","caption":"comiteadmin"},"sameAs":["https:\/\/comite-civico.org\/"],"url":"https:\/\/comite-civico.org\/?author=1"}]}},"_links":{"self":[{"href":"https:\/\/comite-civico.org\/index.php?rest_route=\/wp\/v2\/posts\/3814","targetHints":{"allow":["GET"]}}],"collection":[{"href":"https:\/\/comite-civico.org\/index.php?rest_route=\/wp\/v2\/posts"}],"about":[{"href":"https:\/\/comite-civico.org\/index.php?rest_route=\/wp\/v2\/types\/post"}],"author":[{"embeddable":true,"href":"https:\/\/comite-civico.org\/index.php?rest_route=\/wp\/v2\/users\/1"}],"replies":[{"embeddable":true,"href":"https:\/\/comite-civico.org\/index.php?rest_route=%2Fwp%2Fv2%2Fcomments&post=3814"}],"version-history":[{"count":7,"href":"https:\/\/comite-civico.org\/index.php?rest_route=\/wp\/v2\/posts\/3814\/revisions"}],"predecessor-version":[{"id":3821,"href":"https:\/\/comite-civico.org\/index.php?rest_route=\/wp\/v2\/posts\/3814\/revisions\/3821"}],"wp:featuredmedia":[{"embeddable":true,"href":"https:\/\/comite-civico.org\/index.php?rest_route=\/wp\/v2\/media\/3813"}],"wp:attachment":[{"href":"https:\/\/comite-civico.org\/index.php?rest_route=%2Fwp%2Fv2%2Fmedia&parent=3814"}],"wp:term":[{"taxonomy":"category","embeddable":true,"href":"https:\/\/comite-civico.org\/index.php?rest_route=%2Fwp%2Fv2%2Fcategories&post=3814"},{"taxonomy":"post_tag","embeddable":true,"href":"https:\/\/comite-civico.org\/index.php?rest_route=%2Fwp%2Fv2%2Ftags&post=3814"}],"curies":[{"name":"wp","href":"https:\/\/api.w.org\/{rel}","templated":true}]}}