{"id":3703,"date":"2026-02-15T20:03:01","date_gmt":"2026-02-16T01:03:01","guid":{"rendered":"https:\/\/comite-civico.org\/?p=3703"},"modified":"2026-02-15T20:11:42","modified_gmt":"2026-02-16T01:11:42","slug":"agenda-semana-del-16-al-22-de-febrero-de-2026","status":"publish","type":"post","link":"https:\/\/comite-civico.org\/?p=3703","title":{"rendered":"Agenda Semana del 16 al 22 de Febrero de 2026"},"content":{"rendered":"\t\t<div data-elementor-type=\"wp-post\" data-elementor-id=\"3703\" class=\"elementor elementor-3703\" data-elementor-post-type=\"post\">\n\t\t\t\t\t\t<section data-particle_enable=\"false\" data-particle-mobile-disabled=\"false\" class=\"elementor-section elementor-top-section elementor-element elementor-element-a1de8e0 elementor-section-boxed elementor-section-height-default elementor-section-height-default\" data-id=\"a1de8e0\" data-element_type=\"section\" data-settings=\"{&quot;jet_parallax_layout_list&quot;:[]}\">\n\t\t\t\t\t\t<div class=\"elementor-container elementor-column-gap-default\">\n\t\t\t\t\t<div class=\"elementor-column elementor-col-100 elementor-top-column elementor-element elementor-element-af087c8\" data-id=\"af087c8\" data-element_type=\"column\">\n\t\t\t<div class=\"elementor-widget-wrap elementor-element-populated\">\n\t\t\t\t\t\t<div class=\"elementor-element elementor-element-83a2deb elementor-widget elementor-widget-text-editor\" data-id=\"83a2deb\" data-element_type=\"widget\" data-widget_type=\"text-editor.default\">\n\t\t\t\t<div class=\"elementor-widget-container\">\n\t\t\t\t\t\t\t\t\t<h2 data-start=\"61\" data-end=\"114\">\ud83d\uddd3\ufe0f Agenda Semanal | 16 al 22 de febrero de 2026<\/h2><p data-start=\"116\" data-end=\"340\">El <strong data-start=\"119\" data-end=\"160\"><span class=\"hover:entity-accent entity-underline inline cursor-pointer align-baseline\"><span class=\"whitespace-normal\">Movimiento Social Paro C\u00edvico de Buenaventura<\/span><\/span><\/strong> contin\u00faa avanzando en el seguimiento y cumplimiento de los acuerdos del Paro C\u00edvico, reafirmando su compromiso de trabajar <em data-start=\"284\" data-end=\"337\">\u201cPara vivir con dignidad y en paz en el territorio\u201d<\/em>.<\/p><p data-start=\"342\" data-end=\"621\">Durante la semana del <strong data-start=\"364\" data-end=\"395\">16 al 22 de febrero de 2026<\/strong>, se desarrollar\u00e1n jornadas t\u00e9cnicas, reuniones ordinarias, espacios de socializaci\u00f3n y el foro conmemorativo por los 12 a\u00f1os de la hist\u00f3rica movilizaci\u00f3n <em data-start=\"550\" data-end=\"618\">\u201cEntierro de la Violencia en Buenaventura para Vivir con Dignidad\u201d<\/em>.<\/p><h3 data-start=\"623\" data-end=\"652\">\ud83d\udccc Martes 17 de febrero<\/h3><ul data-start=\"653\" data-end=\"1321\"><li data-start=\"653\" data-end=\"760\"><p data-start=\"655\" data-end=\"760\"><strong data-start=\"655\" data-end=\"676\">Mesa de Educaci\u00f3n<\/strong> \u2013 Jornada t\u00e9cnica con estructuradores de FonBuenaventura (9:00 a.m., presencial).<\/p><\/li><li data-start=\"761\" data-end=\"886\"><p data-start=\"763\" data-end=\"886\"><strong data-start=\"763\" data-end=\"783\">Mesa de Ambiente<\/strong> \u2013 Revisi\u00f3n metodol\u00f3gica y an\u00e1lisis de indicadores ambientales ante DNP y MADS (10:00 a.m., virtual).<\/p><\/li><li data-start=\"887\" data-end=\"1016\"><p data-start=\"889\" data-end=\"1016\"><strong data-start=\"889\" data-end=\"910\">Mesa de Educaci\u00f3n<\/strong> \u2013 Revisi\u00f3n de avances del convenio para diagn\u00f3sticos de infraestructura educativa (2:00 p.m., virtual).<\/p><\/li><li data-start=\"1017\" data-end=\"1321\"><p data-start=\"1019\" data-end=\"1093\"><strong data-start=\"1019\" data-end=\"1067\">Reuni\u00f3n Ordinaria del Comit\u00e9 Ejecutivo MSPCB<\/strong> (6:00 p.m., presencial)<\/p><ul data-start=\"1096\" data-end=\"1321\"><li data-start=\"1096\" data-end=\"1143\"><p data-start=\"1098\" data-end=\"1143\">Preparaci\u00f3n del foro virtual conmemorativo.<\/p><\/li><li data-start=\"1146\" data-end=\"1235\"><p data-start=\"1148\" data-end=\"1235\">Informe sobre reforzamiento estructural del Hospital Luis Ablanque de la Plata E.S.E.<\/p><\/li><li data-start=\"1238\" data-end=\"1321\"><p data-start=\"1240\" data-end=\"1321\">Avances y cuellos de botella del CONPES DIE en agua potable, educaci\u00f3n y salud.<\/p><\/li><\/ul><\/li><\/ul><h3 data-start=\"1323\" data-end=\"1355\">\ud83d\udccc Mi\u00e9rcoles 18 de febrero<\/h3><ul data-start=\"1356\" data-end=\"1443\"><li data-start=\"1356\" data-end=\"1443\"><p data-start=\"1358\" data-end=\"1443\"><strong data-start=\"1358\" data-end=\"1377\">CORBUENAVENTURA<\/strong> \u2013 Reuni\u00f3n ordinaria de Junta Directiva (9:00 a.m., presencial).<\/p><\/li><\/ul><h3 data-start=\"1445\" data-end=\"1474\">\ud83d\udccc Jueves 19 de febrero<\/h3><ul data-start=\"1475\" data-end=\"2036\"><li data-start=\"1475\" data-end=\"1757\"><p data-start=\"1477\" data-end=\"1532\"><strong data-start=\"1477\" data-end=\"1530\">Mesa TVI (Territorio, Vivienda e Infraestructura)<\/strong><\/p><ul data-start=\"1535\" data-end=\"1757\"><li data-start=\"1535\" data-end=\"1643\"><p data-start=\"1537\" data-end=\"1643\">Socializaci\u00f3n de estudios y dise\u00f1os del mejoramiento del Embarcadero Tur\u00edstico de Pasajeros (9:00 a.m.).<\/p><\/li><li data-start=\"1646\" data-end=\"1757\"><p data-start=\"1648\" data-end=\"1757\">Socializaci\u00f3n de la consultor\u00eda para la revitalizaci\u00f3n urban\u00edstica de la avenida Sim\u00f3n Bol\u00edvar (2:00 p.m.).<\/p><\/li><\/ul><\/li><li data-start=\"1758\" data-end=\"1926\"><p data-start=\"1760\" data-end=\"1926\"><strong data-start=\"1760\" data-end=\"1802\">Foro Virtual Conmemorativo (2:30 p.m.)<\/strong><br data-start=\"1802\" data-end=\"1805\" \/><em data-start=\"1807\" data-end=\"1924\">\u201cDesaparici\u00f3n forzada y violencia en los territorios \u00e9tnicos: Desaf\u00edos para la construcci\u00f3n de la paz territorial.\u201d<\/em><\/p><\/li><li data-start=\"1927\" data-end=\"2036\"><p data-start=\"1929\" data-end=\"2036\"><strong data-start=\"1929\" data-end=\"1963\">Mesa de Productividad y Empleo<\/strong> \u2013 Seguimiento de acuerdos con BANCOLDEX y MinCIT (2:30 p.m., virtual).<\/p><\/li><\/ul><h3 data-start=\"2038\" data-end=\"2068\">\ud83d\udccc Viernes 20 de febrero<\/h3><ul data-start=\"2069\" data-end=\"2194\"><li data-start=\"2069\" data-end=\"2194\"><p data-start=\"2071\" data-end=\"2194\">Recorrido por la avenida Sim\u00f3n Bol\u00edvar para retroalimentaci\u00f3n sobre el proceso de revitalizaci\u00f3n (7:30 a.m., presencial).<\/p><\/li><\/ul><h3 data-start=\"2196\" data-end=\"2238\">\ud83d\udccc S\u00e1bado 21 y Domingo 22 de febrero<\/h3><ul data-start=\"2239\" data-end=\"2379\"><li data-start=\"2239\" data-end=\"2379\"><p data-start=\"2241\" data-end=\"2379\">Invitaci\u00f3n a la <strong data-start=\"2257\" data-end=\"2320\">XII Asamblea de la Universidad Intercultural de los Pueblos<\/strong><br data-start=\"2320\" data-end=\"2323\" \/>\ud83d\udccd Parque de la Salud, Pance \u2013 Cali<br data-start=\"2360\" data-end=\"2363\" \/>\ud83d\udd57 8:00 a.m.<\/p><\/li><\/ul><hr data-start=\"2381\" data-end=\"2384\" \/><p data-start=\"2386\" data-end=\"2532\">\ud83d\udcc4 Descargue aqu\u00ed la agenda completa:<br data-start=\"2423\" data-end=\"2426\" \/>\ud83d\udd17 <a class=\"decorated-link\" href=\"http:\/\/comite-civico.org\/wp-content\/uploads\/2026\/02\/Agenda-semana-del-16-al-22-de-febrero-de-2026.pdf\" target=\"_new\" rel=\"noopener\" data-start=\"2429\" data-end=\"2530\">http:\/\/comite-civico.org\/wp-content\/uploads\/2026\/02\/Agenda-semana-del-16-al-22-de-febrero-de-2026.pdf<\/a><\/p><p data-start=\"2534\" data-end=\"2642\">Seguimos trabajando con responsabilidad, unidad y compromiso por el cumplimiento integral de los acuerdos.<\/p><p data-start=\"2644\" data-end=\"2703\"><strong data-start=\"2644\" data-end=\"2701\">\u00a1Bendecida semana con la guianza y sabidur\u00eda de Dios!<\/strong><\/p>\t\t\t\t\t\t\t\t<\/div>\n\t\t\t\t<\/div>\n\t\t\t\t\t<\/div>\n\t\t<\/div>\n\t\t\t\t\t<\/div>\n\t\t<\/section>\n\t\t\t\t<section data-particle_enable=\"false\" data-particle-mobile-disabled=\"false\" class=\"elementor-section elementor-top-section elementor-element elementor-element-5739e17 elementor-section-boxed elementor-section-height-default elementor-section-height-default\" data-id=\"5739e17\" data-element_type=\"section\" data-settings=\"{&quot;jet_parallax_layout_list&quot;:[]}\">\n\t\t\t\t\t\t<div class=\"elementor-container elementor-column-gap-default\">\n\t\t\t\t\t<div class=\"elementor-column elementor-col-100 elementor-top-column elementor-element elementor-element-434e7fc\" data-id=\"434e7fc\" data-element_type=\"column\">\n\t\t\t<div class=\"elementor-widget-wrap elementor-element-populated\">\n\t\t\t\t\t\t<div class=\"elementor-element elementor-element-f662365 dce_masking-none elementor-widget elementor-widget-image\" data-id=\"f662365\" data-element_type=\"widget\" data-widget_type=\"image.default\">\n\t\t\t\t<div class=\"elementor-widget-container\">\n\t\t\t\t\t\t\t\t\t\t\t\t\t\t\t\t<a href=\"http:\/\/comite-civico.org\/wp-content\/uploads\/2026\/02\/Agenda-semana-del-16-al-22-de-febrero-de-2026.pdf\">\n\t\t\t\t\t\t\t<img fetchpriority=\"high\" decoding=\"async\" width=\"1024\" height=\"213\" src=\"https:\/\/comite-civico.org\/wp-content\/uploads\/2025\/08\/intermedio-02-1024x213.jpg\" class=\"attachment-large size-large wp-image-2336\" alt=\"\" srcset=\"https:\/\/comite-civico.org\/wp-content\/uploads\/2025\/08\/intermedio-02-1024x213.jpg 1024w, https:\/\/comite-civico.org\/wp-content\/uploads\/2025\/08\/intermedio-02-300x63.jpg 300w, https:\/\/comite-civico.org\/wp-content\/uploads\/2025\/08\/intermedio-02-768x160.jpg 768w, https:\/\/comite-civico.org\/wp-content\/uploads\/2025\/08\/intermedio-02-1536x320.jpg 1536w, https:\/\/comite-civico.org\/wp-content\/uploads\/2025\/08\/intermedio-02.jpg 1920w\" sizes=\"(max-width: 1024px) 100vw, 1024px\" \/>\t\t\t\t\t\t\t\t<\/a>\n\t\t\t\t\t\t\t\t\t\t\t\t\t\t\t<\/div>\n\t\t\t\t<\/div>\n\t\t\t\t\t<\/div>\n\t\t<\/div>\n\t\t\t\t\t<\/div>\n\t\t<\/section>\n\t\t\t\t<\/div>\n\t\t","protected":false},"excerpt":{"rendered":"<p>\ud83d\uddd3\ufe0f Agenda Semanal | 16 al 22 de febrero de 2026 El Movimiento Social Paro C\u00edvico de Buenaventura contin\u00faa avanzando en el seguimiento y cumplimiento de los acuerdos del Paro C\u00edvico, reafirmando su compromiso de trabajar \u201cPara vivir con dignidad y en paz en el territorio\u201d. Durante la semana del 16 al 22 de febrero &#8230; <a title=\"Agenda Semana del 16 al 22 de Febrero de 2026\" class=\"read-more\" href=\"https:\/\/comite-civico.org\/?p=3703\" aria-label=\"Read more about Agenda Semana del 16 al 22 de Febrero de 2026\">Leer m\u00e1s<\/a><\/p>\n","protected":false},"author":1,"featured_media":3712,"comment_status":"open","ping_status":"open","sticky":false,"template":"","format":"standard","meta":{"footnotes":""},"categories":[1],"tags":[],"class_list":["post-3703","post","type-post","status-publish","format-standard","has-post-thumbnail","hentry","category-sin-categoria"],"acf":[],"yoast_head":"<!-- This site is optimized with the Yoast SEO plugin v25.0 - https:\/\/yoast.com\/wordpress\/plugins\/seo\/ -->\n<title>Agenda Semana del 16 al 22 de Febrero de 2026 - Movimiento Social Paro C\u00edvico de Buenaventura<\/title>\n<meta name=\"robots\" content=\"index, follow, max-snippet:-1, max-image-preview:large, max-video-preview:-1\" \/>\n<link rel=\"canonical\" href=\"https:\/\/comite-civico.org\/?p=3703\" \/>\n<meta property=\"og:locale\" content=\"es_ES\" \/>\n<meta property=\"og:type\" content=\"article\" \/>\n<meta property=\"og:title\" content=\"Agenda Semana del 16 al 22 de Febrero de 2026 - Movimiento Social Paro C\u00edvico de Buenaventura\" \/>\n<meta property=\"og:description\" content=\"\ud83d\uddd3\ufe0f Agenda Semanal | 16 al 22 de febrero de 2026 El Movimiento Social Paro C\u00edvico de Buenaventura contin\u00faa avanzando en el seguimiento y cumplimiento de los acuerdos del Paro C\u00edvico, reafirmando su compromiso de trabajar \u201cPara vivir con dignidad y en paz en el territorio\u201d. Durante la semana del 16 al 22 de febrero ... Leer m\u00e1s\" \/>\n<meta property=\"og:url\" content=\"https:\/\/comite-civico.org\/?p=3703\" \/>\n<meta property=\"og:site_name\" content=\"Movimiento Social Paro C\u00edvico de Buenaventura\" \/>\n<meta property=\"article:published_time\" content=\"2026-02-16T01:03:01+00:00\" \/>\n<meta property=\"article:modified_time\" content=\"2026-02-16T01:11:42+00:00\" \/>\n<meta property=\"og:image\" content=\"http:\/\/comite-civico.org\/wp-content\/uploads\/2026\/02\/agenda-del-16-22-1.jpg\" \/>\n\t<meta property=\"og:image:width\" content=\"1920\" \/>\n\t<meta property=\"og:image:height\" content=\"1080\" \/>\n\t<meta property=\"og:image:type\" content=\"image\/jpeg\" \/>\n<meta name=\"author\" content=\"comiteadmin\" \/>\n<meta name=\"twitter:card\" content=\"summary_large_image\" \/>\n<meta name=\"twitter:label1\" content=\"Escrito por\" \/>\n\t<meta name=\"twitter:data1\" content=\"comiteadmin\" \/>\n\t<meta name=\"twitter:label2\" content=\"Tiempo de lectura\" \/>\n\t<meta name=\"twitter:data2\" content=\"3 minutos\" \/>\n<script type=\"application\/ld+json\" class=\"yoast-schema-graph\">{\"@context\":\"https:\/\/schema.org\",\"@graph\":[{\"@type\":\"Article\",\"@id\":\"https:\/\/comite-civico.org\/?p=3703#article\",\"isPartOf\":{\"@id\":\"https:\/\/comite-civico.org\/?p=3703\"},\"author\":{\"name\":\"comiteadmin\",\"@id\":\"https:\/\/comite-civico.org\/#\/schema\/person\/eebdf569aa3565fa603cc9c5b53cea34\"},\"headline\":\"Agenda Semana del 16 al 22 de Febrero de 2026\",\"datePublished\":\"2026-02-16T01:03:01+00:00\",\"dateModified\":\"2026-02-16T01:11:42+00:00\",\"mainEntityOfPage\":{\"@id\":\"https:\/\/comite-civico.org\/?p=3703\"},\"wordCount\":384,\"commentCount\":0,\"publisher\":{\"@id\":\"https:\/\/comite-civico.org\/#organization\"},\"image\":{\"@id\":\"https:\/\/comite-civico.org\/?p=3703#primaryimage\"},\"thumbnailUrl\":\"https:\/\/comite-civico.org\/wp-content\/uploads\/2026\/02\/agenda-del-16-22-1.jpg\",\"inLanguage\":\"es-CO\",\"potentialAction\":[{\"@type\":\"CommentAction\",\"name\":\"Comment\",\"target\":[\"https:\/\/comite-civico.org\/?p=3703#respond\"]}]},{\"@type\":\"WebPage\",\"@id\":\"https:\/\/comite-civico.org\/?p=3703\",\"url\":\"https:\/\/comite-civico.org\/?p=3703\",\"name\":\"Agenda Semana del 16 al 22 de Febrero de 2026 - Movimiento Social Paro C\u00edvico de Buenaventura\",\"isPartOf\":{\"@id\":\"https:\/\/comite-civico.org\/#website\"},\"primaryImageOfPage\":{\"@id\":\"https:\/\/comite-civico.org\/?p=3703#primaryimage\"},\"image\":{\"@id\":\"https:\/\/comite-civico.org\/?p=3703#primaryimage\"},\"thumbnailUrl\":\"https:\/\/comite-civico.org\/wp-content\/uploads\/2026\/02\/agenda-del-16-22-1.jpg\",\"datePublished\":\"2026-02-16T01:03:01+00:00\",\"dateModified\":\"2026-02-16T01:11:42+00:00\",\"breadcrumb\":{\"@id\":\"https:\/\/comite-civico.org\/?p=3703#breadcrumb\"},\"inLanguage\":\"es-CO\",\"potentialAction\":[{\"@type\":\"ReadAction\",\"target\":[\"https:\/\/comite-civico.org\/?p=3703\"]}]},{\"@type\":\"ImageObject\",\"inLanguage\":\"es-CO\",\"@id\":\"https:\/\/comite-civico.org\/?p=3703#primaryimage\",\"url\":\"https:\/\/comite-civico.org\/wp-content\/uploads\/2026\/02\/agenda-del-16-22-1.jpg\",\"contentUrl\":\"https:\/\/comite-civico.org\/wp-content\/uploads\/2026\/02\/agenda-del-16-22-1.jpg\",\"width\":1920,\"height\":1080},{\"@type\":\"BreadcrumbList\",\"@id\":\"https:\/\/comite-civico.org\/?p=3703#breadcrumb\",\"itemListElement\":[{\"@type\":\"ListItem\",\"position\":1,\"name\":\"Inicio\",\"item\":\"https:\/\/comite-civico.org\/\"},{\"@type\":\"ListItem\",\"position\":2,\"name\":\"Agenda Semana del 16 al 22 de Febrero de 2026\"}]},{\"@type\":\"WebSite\",\"@id\":\"https:\/\/comite-civico.org\/#website\",\"url\":\"https:\/\/comite-civico.org\/\",\"name\":\"Movimiento Social Paro C\u00edvico de Buenaventura\",\"description\":\"Movimiento Social Paro C\u00edvico de Buenaventura\",\"publisher\":{\"@id\":\"https:\/\/comite-civico.org\/#organization\"},\"potentialAction\":[{\"@type\":\"SearchAction\",\"target\":{\"@type\":\"EntryPoint\",\"urlTemplate\":\"https:\/\/comite-civico.org\/?s={search_term_string}\"},\"query-input\":{\"@type\":\"PropertyValueSpecification\",\"valueRequired\":true,\"valueName\":\"search_term_string\"}}],\"inLanguage\":\"es-CO\"},{\"@type\":\"Organization\",\"@id\":\"https:\/\/comite-civico.org\/#organization\",\"name\":\"Movimiento Social Paro C\u00edvico de Buenaventura\",\"url\":\"https:\/\/comite-civico.org\/\",\"logo\":{\"@type\":\"ImageObject\",\"inLanguage\":\"es-CO\",\"@id\":\"https:\/\/comite-civico.org\/#\/schema\/logo\/image\/\",\"url\":\"https:\/\/comite-civico.org\/wp-content\/uploads\/2021\/03\/Logo-de-Movimiento-Blanco-scaled.png\",\"contentUrl\":\"https:\/\/comite-civico.org\/wp-content\/uploads\/2021\/03\/Logo-de-Movimiento-Blanco-scaled.png\",\"width\":2560,\"height\":1810,\"caption\":\"Movimiento Social Paro C\u00edvico de Buenaventura\"},\"image\":{\"@id\":\"https:\/\/comite-civico.org\/#\/schema\/logo\/image\/\"}},{\"@type\":\"Person\",\"@id\":\"https:\/\/comite-civico.org\/#\/schema\/person\/eebdf569aa3565fa603cc9c5b53cea34\",\"name\":\"comiteadmin\",\"image\":{\"@type\":\"ImageObject\",\"inLanguage\":\"es-CO\",\"@id\":\"https:\/\/comite-civico.org\/#\/schema\/person\/image\/\",\"url\":\"https:\/\/secure.gravatar.com\/avatar\/516fb540621996b28f565fdf033072d55dd3fe76896ef4af5250b5fec1b457fe?s=96&d=mm&r=g\",\"contentUrl\":\"https:\/\/secure.gravatar.com\/avatar\/516fb540621996b28f565fdf033072d55dd3fe76896ef4af5250b5fec1b457fe?s=96&d=mm&r=g\",\"caption\":\"comiteadmin\"},\"sameAs\":[\"https:\/\/comite-civico.org\/\"],\"url\":\"https:\/\/comite-civico.org\/?author=1\"}]}<\/script>\n<!-- \/ Yoast SEO plugin. -->","yoast_head_json":{"title":"Agenda Semana del 16 al 22 de Febrero de 2026 - Movimiento Social Paro C\u00edvico de Buenaventura","robots":{"index":"index","follow":"follow","max-snippet":"max-snippet:-1","max-image-preview":"max-image-preview:large","max-video-preview":"max-video-preview:-1"},"canonical":"https:\/\/comite-civico.org\/?p=3703","og_locale":"es_ES","og_type":"article","og_title":"Agenda Semana del 16 al 22 de Febrero de 2026 - Movimiento Social Paro C\u00edvico de Buenaventura","og_description":"\ud83d\uddd3\ufe0f Agenda Semanal | 16 al 22 de febrero de 2026 El Movimiento Social Paro C\u00edvico de Buenaventura contin\u00faa avanzando en el seguimiento y cumplimiento de los acuerdos del Paro C\u00edvico, reafirmando su compromiso de trabajar \u201cPara vivir con dignidad y en paz en el territorio\u201d. Durante la semana del 16 al 22 de febrero ... Leer m\u00e1s","og_url":"https:\/\/comite-civico.org\/?p=3703","og_site_name":"Movimiento Social Paro C\u00edvico de Buenaventura","article_published_time":"2026-02-16T01:03:01+00:00","article_modified_time":"2026-02-16T01:11:42+00:00","og_image":[{"width":1920,"height":1080,"url":"http:\/\/comite-civico.org\/wp-content\/uploads\/2026\/02\/agenda-del-16-22-1.jpg","type":"image\/jpeg"}],"author":"comiteadmin","twitter_card":"summary_large_image","twitter_misc":{"Escrito por":"comiteadmin","Tiempo de lectura":"3 minutos"},"schema":{"@context":"https:\/\/schema.org","@graph":[{"@type":"Article","@id":"https:\/\/comite-civico.org\/?p=3703#article","isPartOf":{"@id":"https:\/\/comite-civico.org\/?p=3703"},"author":{"name":"comiteadmin","@id":"https:\/\/comite-civico.org\/#\/schema\/person\/eebdf569aa3565fa603cc9c5b53cea34"},"headline":"Agenda Semana del 16 al 22 de Febrero de 2026","datePublished":"2026-02-16T01:03:01+00:00","dateModified":"2026-02-16T01:11:42+00:00","mainEntityOfPage":{"@id":"https:\/\/comite-civico.org\/?p=3703"},"wordCount":384,"commentCount":0,"publisher":{"@id":"https:\/\/comite-civico.org\/#organization"},"image":{"@id":"https:\/\/comite-civico.org\/?p=3703#primaryimage"},"thumbnailUrl":"https:\/\/comite-civico.org\/wp-content\/uploads\/2026\/02\/agenda-del-16-22-1.jpg","inLanguage":"es-CO","potentialAction":[{"@type":"CommentAction","name":"Comment","target":["https:\/\/comite-civico.org\/?p=3703#respond"]}]},{"@type":"WebPage","@id":"https:\/\/comite-civico.org\/?p=3703","url":"https:\/\/comite-civico.org\/?p=3703","name":"Agenda Semana del 16 al 22 de Febrero de 2026 - Movimiento Social Paro C\u00edvico de Buenaventura","isPartOf":{"@id":"https:\/\/comite-civico.org\/#website"},"primaryImageOfPage":{"@id":"https:\/\/comite-civico.org\/?p=3703#primaryimage"},"image":{"@id":"https:\/\/comite-civico.org\/?p=3703#primaryimage"},"thumbnailUrl":"https:\/\/comite-civico.org\/wp-content\/uploads\/2026\/02\/agenda-del-16-22-1.jpg","datePublished":"2026-02-16T01:03:01+00:00","dateModified":"2026-02-16T01:11:42+00:00","breadcrumb":{"@id":"https:\/\/comite-civico.org\/?p=3703#breadcrumb"},"inLanguage":"es-CO","potentialAction":[{"@type":"ReadAction","target":["https:\/\/comite-civico.org\/?p=3703"]}]},{"@type":"ImageObject","inLanguage":"es-CO","@id":"https:\/\/comite-civico.org\/?p=3703#primaryimage","url":"https:\/\/comite-civico.org\/wp-content\/uploads\/2026\/02\/agenda-del-16-22-1.jpg","contentUrl":"https:\/\/comite-civico.org\/wp-content\/uploads\/2026\/02\/agenda-del-16-22-1.jpg","width":1920,"height":1080},{"@type":"BreadcrumbList","@id":"https:\/\/comite-civico.org\/?p=3703#breadcrumb","itemListElement":[{"@type":"ListItem","position":1,"name":"Inicio","item":"https:\/\/comite-civico.org\/"},{"@type":"ListItem","position":2,"name":"Agenda Semana del 16 al 22 de Febrero de 2026"}]},{"@type":"WebSite","@id":"https:\/\/comite-civico.org\/#website","url":"https:\/\/comite-civico.org\/","name":"Movimiento Social Paro C\u00edvico de Buenaventura","description":"Movimiento Social Paro C\u00edvico de Buenaventura","publisher":{"@id":"https:\/\/comite-civico.org\/#organization"},"potentialAction":[{"@type":"SearchAction","target":{"@type":"EntryPoint","urlTemplate":"https:\/\/comite-civico.org\/?s={search_term_string}"},"query-input":{"@type":"PropertyValueSpecification","valueRequired":true,"valueName":"search_term_string"}}],"inLanguage":"es-CO"},{"@type":"Organization","@id":"https:\/\/comite-civico.org\/#organization","name":"Movimiento Social Paro C\u00edvico de Buenaventura","url":"https:\/\/comite-civico.org\/","logo":{"@type":"ImageObject","inLanguage":"es-CO","@id":"https:\/\/comite-civico.org\/#\/schema\/logo\/image\/","url":"https:\/\/comite-civico.org\/wp-content\/uploads\/2021\/03\/Logo-de-Movimiento-Blanco-scaled.png","contentUrl":"https:\/\/comite-civico.org\/wp-content\/uploads\/2021\/03\/Logo-de-Movimiento-Blanco-scaled.png","width":2560,"height":1810,"caption":"Movimiento Social Paro C\u00edvico de Buenaventura"},"image":{"@id":"https:\/\/comite-civico.org\/#\/schema\/logo\/image\/"}},{"@type":"Person","@id":"https:\/\/comite-civico.org\/#\/schema\/person\/eebdf569aa3565fa603cc9c5b53cea34","name":"comiteadmin","image":{"@type":"ImageObject","inLanguage":"es-CO","@id":"https:\/\/comite-civico.org\/#\/schema\/person\/image\/","url":"https:\/\/secure.gravatar.com\/avatar\/516fb540621996b28f565fdf033072d55dd3fe76896ef4af5250b5fec1b457fe?s=96&d=mm&r=g","contentUrl":"https:\/\/secure.gravatar.com\/avatar\/516fb540621996b28f565fdf033072d55dd3fe76896ef4af5250b5fec1b457fe?s=96&d=mm&r=g","caption":"comiteadmin"},"sameAs":["https:\/\/comite-civico.org\/"],"url":"https:\/\/comite-civico.org\/?author=1"}]}},"_links":{"self":[{"href":"https:\/\/comite-civico.org\/index.php?rest_route=\/wp\/v2\/posts\/3703","targetHints":{"allow":["GET"]}}],"collection":[{"href":"https:\/\/comite-civico.org\/index.php?rest_route=\/wp\/v2\/posts"}],"about":[{"href":"https:\/\/comite-civico.org\/index.php?rest_route=\/wp\/v2\/types\/post"}],"author":[{"embeddable":true,"href":"https:\/\/comite-civico.org\/index.php?rest_route=\/wp\/v2\/users\/1"}],"replies":[{"embeddable":true,"href":"https:\/\/comite-civico.org\/index.php?rest_route=%2Fwp%2Fv2%2Fcomments&post=3703"}],"version-history":[{"count":4,"href":"https:\/\/comite-civico.org\/index.php?rest_route=\/wp\/v2\/posts\/3703\/revisions"}],"predecessor-version":[{"id":3707,"href":"https:\/\/comite-civico.org\/index.php?rest_route=\/wp\/v2\/posts\/3703\/revisions\/3707"}],"wp:featuredmedia":[{"embeddable":true,"href":"https:\/\/comite-civico.org\/index.php?rest_route=\/wp\/v2\/media\/3712"}],"wp:attachment":[{"href":"https:\/\/comite-civico.org\/index.php?rest_route=%2Fwp%2Fv2%2Fmedia&parent=3703"}],"wp:term":[{"taxonomy":"category","embeddable":true,"href":"https:\/\/comite-civico.org\/index.php?rest_route=%2Fwp%2Fv2%2Fcategories&post=3703"},{"taxonomy":"post_tag","embeddable":true,"href":"https:\/\/comite-civico.org\/index.php?rest_route=%2Fwp%2Fv2%2Ftags&post=3703"}],"curies":[{"name":"wp","href":"https:\/\/api.w.org\/{rel}","templated":true}]}}