{"id":3670,"date":"2026-02-09T06:21:20","date_gmt":"2026-02-09T11:21:20","guid":{"rendered":"https:\/\/comite-civico.org\/?p=3670"},"modified":"2026-02-09T06:25:38","modified_gmt":"2026-02-09T11:25:38","slug":"agenda-semanal-del-9-al-14-de-febrero-de-2026","status":"publish","type":"post","link":"https:\/\/comite-civico.org\/?p=3670","title":{"rendered":"Agenda Semanal del 9 al 14 de Febrero de 2026"},"content":{"rendered":"\t\t<div data-elementor-type=\"wp-post\" data-elementor-id=\"3670\" class=\"elementor elementor-3670\" data-elementor-post-type=\"post\">\n\t\t\t\t\t\t<section data-particle_enable=\"false\" data-particle-mobile-disabled=\"false\" class=\"elementor-section elementor-top-section elementor-element elementor-element-6307e69 elementor-section-boxed elementor-section-height-default elementor-section-height-default\" data-id=\"6307e69\" data-element_type=\"section\" data-settings=\"{&quot;jet_parallax_layout_list&quot;:[]}\">\n\t\t\t\t\t\t<div class=\"elementor-container elementor-column-gap-default\">\n\t\t\t\t\t<div class=\"elementor-column elementor-col-100 elementor-top-column elementor-element elementor-element-cff98ee\" data-id=\"cff98ee\" data-element_type=\"column\">\n\t\t\t<div class=\"elementor-widget-wrap elementor-element-populated\">\n\t\t\t\t\t\t<div class=\"elementor-element elementor-element-2a6d0e5 elementor-widget elementor-widget-text-editor\" data-id=\"2a6d0e5\" data-element_type=\"widget\" data-widget_type=\"text-editor.default\">\n\t\t\t\t<div class=\"elementor-widget-container\">\n\t\t\t\t\t\t\t\t\t<p data-start=\"257\" data-end=\"344\"><strong data-start=\"257\" data-end=\"306\">Movimiento Social Paro C\u00edvico de Buenaventura<\/strong> <button class=\"ms-1 flex h-[25px] text-[10px] leading-[13px] rounded-xl corner-superellipse\/1.1 items-center justify-center gap-1 px-2 relative text-token-text-secondary! hover:text-token-text-primary! hover:bg-token-bg-secondary dark:bg-token-main-surface-secondary dark:hover:bg-token-bg-secondary bg-[#f4f4f4] \"><\/button><\/p><p class=\"not-prose mt-0! mb-0! flex-auto truncate\">Agenda semana del 09 al 14 de f\u2026<\/p><h3 data-start=\"346\" data-end=\"381\">\ud83d\udd39 Enfoque general de la semana<\/h3><ul data-start=\"382\" data-end=\"790\"><li data-start=\"382\" data-end=\"520\"><p data-start=\"384\" data-end=\"520\">Seguimiento t\u00e9cnico a <strong data-start=\"406\" data-end=\"434\">acuerdos del Paro C\u00edvico<\/strong> en justicia, productividad, ambiente, agua, educaci\u00f3n, salud, cultura y territorio.<\/p><\/li><li data-start=\"521\" data-end=\"601\"><p data-start=\"523\" data-end=\"601\">Articulaci\u00f3n con <strong data-start=\"540\" data-end=\"559\">FONBUENAVENTURA<\/strong>, ministerios y entidades territoriales.<\/p><\/li><li data-start=\"602\" data-end=\"696\"><p data-start=\"604\" data-end=\"696\">Destrabar <strong data-start=\"614\" data-end=\"636\">cuellos de botella<\/strong>, especialmente el <strong data-start=\"655\" data-end=\"680\">Embarcadero Tur\u00edstico<\/strong> y CONPES DIE.<\/p><\/li><li data-start=\"697\" data-end=\"790\"><p data-start=\"699\" data-end=\"790\">Preparaci\u00f3n de la <strong data-start=\"717\" data-end=\"789\">conmemoraci\u00f3n de los 12 a\u00f1os de la Marcha para Enterrar la Violencia<\/strong>.<\/p><\/li><\/ul><hr data-start=\"792\" data-end=\"795\" \/><h2 data-start=\"797\" data-end=\"811\">\ud83d\uddd3\ufe0f Por d\u00eda<\/h2><h3 data-start=\"813\" data-end=\"828\"><strong data-start=\"817\" data-end=\"828\">Lunes 9<\/strong><\/h3><ul data-start=\"829\" data-end=\"988\"><li data-start=\"829\" data-end=\"899\"><p data-start=\"831\" data-end=\"899\">AJVPM: revisi\u00f3n de programas y visita a predio (Casa de Justicia).<\/p><\/li><li data-start=\"900\" data-end=\"988\"><p data-start=\"902\" data-end=\"988\">FONBUENAVENTURA: lineamientos para el <strong data-start=\"940\" data-end=\"948\">POAI<\/strong> con las nueve mesas (virtual, 7:00 pm).<\/p><\/li><\/ul><h3 data-start=\"990\" data-end=\"1007\"><strong data-start=\"994\" data-end=\"1007\">Martes 10<\/strong><\/h3><ul data-start=\"1008\" data-end=\"1338\"><li data-start=\"1008\" data-end=\"1084\"><p data-start=\"1010\" data-end=\"1084\">Productividad y Empleo: revisi\u00f3n predio La Bocana (Capitan\u00eda de Puerto).<\/p><\/li><li data-start=\"1085\" data-end=\"1151\"><p data-start=\"1087\" data-end=\"1151\">AJVPM: recorrido diagn\u00f3stico Casa de Justicia (Nueva Granada).<\/p><\/li><li data-start=\"1152\" data-end=\"1206\"><p data-start=\"1154\" data-end=\"1206\">Ambiente: ajuste de proyectos con FonBuenaventura.<\/p><\/li><li data-start=\"1207\" data-end=\"1338\"><p data-start=\"1209\" data-end=\"1238\"><strong data-start=\"1209\" data-end=\"1235\">Comit\u00e9 Ejecutivo MSPCB<\/strong>:<\/p><ul data-start=\"1241\" data-end=\"1338\"><li data-start=\"1241\" data-end=\"1266\"><p data-start=\"1243\" data-end=\"1266\">Embarcadero Tur\u00edstico<\/p><\/li><li data-start=\"1269\" data-end=\"1308\"><p data-start=\"1271\" data-end=\"1308\">CONPES DIE (agua, educaci\u00f3n, salud)<\/p><\/li><li data-start=\"1311\" data-end=\"1338\"><p data-start=\"1313\" data-end=\"1338\">Planeaci\u00f3n 19 de febrero.<\/p><\/li><\/ul><\/li><\/ul><h3 data-start=\"1340\" data-end=\"1360\"><strong data-start=\"1344\" data-end=\"1360\">Mi\u00e9rcoles 11<\/strong><\/h3><ul data-start=\"1361\" data-end=\"1598\"><li data-start=\"1361\" data-end=\"1427\"><p data-start=\"1363\" data-end=\"1427\">MASSBUEN: seguimiento a <strong data-start=\"1387\" data-end=\"1414\">comunidades energ\u00e9ticas<\/strong> (virtual).<\/p><\/li><li data-start=\"1428\" data-end=\"1502\"><p data-start=\"1430\" data-end=\"1502\">Educaci\u00f3n: formulaci\u00f3n de proyectos con FonBuenaventura (todo el d\u00eda).<\/p><\/li><li data-start=\"1503\" data-end=\"1540\"><p data-start=\"1505\" data-end=\"1540\">CORBUENAVENTURA: Junta Directiva.<\/p><\/li><li data-start=\"1541\" data-end=\"1598\"><p data-start=\"1543\" data-end=\"1598\">Productividad y Empleo: red de <strong data-start=\"1574\" data-end=\"1597\">turismo comunitario<\/strong>.<\/p><\/li><\/ul><h3 data-start=\"1600\" data-end=\"1617\"><strong data-start=\"1604\" data-end=\"1617\">Jueves 12<\/strong><\/h3><ul data-start=\"1618\" data-end=\"1840\"><li data-start=\"1618\" data-end=\"1694\"><p data-start=\"1620\" data-end=\"1694\">CRDGG: reactivaci\u00f3n fase final <strong data-start=\"1651\" data-end=\"1691\">Casa de la Cultura Margarita Hurtado<\/strong>.<\/p><\/li><li data-start=\"1695\" data-end=\"1761\"><p data-start=\"1697\" data-end=\"1761\">Salud: seguimiento a centros\/puestos y Hospital Luis Ablanque.<\/p><\/li><li data-start=\"1762\" data-end=\"1840\"><p data-start=\"1764\" data-end=\"1840\">TVI: <strong data-start=\"1769\" data-end=\"1802\">jornada de alto nivel en Cali<\/strong> para destrabar Embarcadero Tur\u00edstico.<\/p><\/li><\/ul><h3 data-start=\"1842\" data-end=\"1860\"><strong data-start=\"1846\" data-end=\"1860\">Viernes 13<\/strong><\/h3><ul data-start=\"1861\" data-end=\"1972\"><li data-start=\"1861\" data-end=\"1924\"><p data-start=\"1863\" data-end=\"1924\">AJVPM: ajustes finales proyecto Casa de Justicia (virtual).<\/p><\/li><li data-start=\"1925\" data-end=\"1972\"><p data-start=\"1927\" data-end=\"1972\">TVI: estado de avance de acuerdos (aut\u00f3noma).<\/p><\/li><\/ul><h3 data-start=\"1974\" data-end=\"1991\"><strong data-start=\"1978\" data-end=\"1991\">S\u00e1bado 14<\/strong><\/h3><ul data-start=\"1992\" data-end=\"2070\"><li data-start=\"1992\" data-end=\"2070\"><p data-start=\"1994\" data-end=\"2070\">Equipo de Comunicaci\u00f3n: consejo de redacci\u00f3n y piezas para la conmemoraci\u00f3n.<\/p><\/li><\/ul>\t\t\t\t\t\t\t\t<\/div>\n\t\t\t\t<\/div>\n\t\t\t\t\t<\/div>\n\t\t<\/div>\n\t\t\t\t\t<\/div>\n\t\t<\/section>\n\t\t\t\t<section data-particle_enable=\"false\" data-particle-mobile-disabled=\"false\" class=\"elementor-section elementor-top-section elementor-element elementor-element-6c48bd6 elementor-section-boxed elementor-section-height-default elementor-section-height-default\" data-id=\"6c48bd6\" data-element_type=\"section\" data-settings=\"{&quot;jet_parallax_layout_list&quot;:[]}\">\n\t\t\t\t\t\t<div class=\"elementor-container elementor-column-gap-default\">\n\t\t\t\t\t<div class=\"elementor-column elementor-col-100 elementor-top-column elementor-element elementor-element-f994aae\" data-id=\"f994aae\" data-element_type=\"column\">\n\t\t\t<div class=\"elementor-widget-wrap elementor-element-populated\">\n\t\t\t\t\t\t<div class=\"elementor-element elementor-element-c59a618 dce_masking-none elementor-widget elementor-widget-image\" data-id=\"c59a618\" data-element_type=\"widget\" data-widget_type=\"image.default\">\n\t\t\t\t<div class=\"elementor-widget-container\">\n\t\t\t\t\t\t\t\t\t\t\t\t\t\t\t\t<a href=\"http:\/\/comite-civico.org\/wp-content\/uploads\/2026\/02\/Agenda-semana-del-09-al-14-de-febrero-de-2026.pdf\">\n\t\t\t\t\t\t\t<img fetchpriority=\"high\" decoding=\"async\" width=\"1024\" height=\"213\" src=\"https:\/\/comite-civico.org\/wp-content\/uploads\/2025\/08\/intermedio-02-1024x213.jpg\" class=\"attachment-large size-large wp-image-2336\" alt=\"\" srcset=\"https:\/\/comite-civico.org\/wp-content\/uploads\/2025\/08\/intermedio-02-1024x213.jpg 1024w, https:\/\/comite-civico.org\/wp-content\/uploads\/2025\/08\/intermedio-02-300x63.jpg 300w, https:\/\/comite-civico.org\/wp-content\/uploads\/2025\/08\/intermedio-02-768x160.jpg 768w, https:\/\/comite-civico.org\/wp-content\/uploads\/2025\/08\/intermedio-02-1536x320.jpg 1536w, https:\/\/comite-civico.org\/wp-content\/uploads\/2025\/08\/intermedio-02.jpg 1920w\" sizes=\"(max-width: 1024px) 100vw, 1024px\" \/>\t\t\t\t\t\t\t\t<\/a>\n\t\t\t\t\t\t\t\t\t\t\t\t\t\t\t<\/div>\n\t\t\t\t<\/div>\n\t\t\t\t\t<\/div>\n\t\t<\/div>\n\t\t\t\t\t<\/div>\n\t\t<\/section>\n\t\t\t\t<\/div>\n\t\t","protected":false},"excerpt":{"rendered":"<p>Movimiento Social Paro C\u00edvico de Buenaventura Agenda semana del 09 al 14 de f\u2026 \ud83d\udd39 Enfoque general de la semana Seguimiento t\u00e9cnico a acuerdos del Paro C\u00edvico en justicia, productividad, ambiente, agua, educaci\u00f3n, salud, cultura y territorio. Articulaci\u00f3n con FONBUENAVENTURA, ministerios y entidades territoriales. Destrabar cuellos de botella, especialmente el Embarcadero Tur\u00edstico y CONPES DIE. &#8230; <a title=\"Agenda Semanal del 9 al 14 de Febrero de 2026\" class=\"read-more\" href=\"https:\/\/comite-civico.org\/?p=3670\" aria-label=\"Read more about Agenda Semanal del 9 al 14 de Febrero de 2026\">Leer m\u00e1s<\/a><\/p>\n","protected":false},"author":1,"featured_media":3672,"comment_status":"open","ping_status":"open","sticky":false,"template":"","format":"standard","meta":{"footnotes":""},"categories":[1],"tags":[],"class_list":["post-3670","post","type-post","status-publish","format-standard","has-post-thumbnail","hentry","category-sin-categoria"],"acf":[],"yoast_head":"<!-- This site is optimized with the Yoast SEO plugin v25.0 - https:\/\/yoast.com\/wordpress\/plugins\/seo\/ -->\n<title>Agenda Semanal del 9 al 14 de Febrero de 2026 - Movimiento Social Paro C\u00edvico de Buenaventura<\/title>\n<meta name=\"robots\" content=\"index, follow, max-snippet:-1, max-image-preview:large, max-video-preview:-1\" \/>\n<link rel=\"canonical\" href=\"https:\/\/comite-civico.org\/?p=3670\" \/>\n<meta property=\"og:locale\" content=\"es_ES\" \/>\n<meta property=\"og:type\" content=\"article\" \/>\n<meta property=\"og:title\" content=\"Agenda Semanal del 9 al 14 de Febrero de 2026 - Movimiento Social Paro C\u00edvico de Buenaventura\" \/>\n<meta property=\"og:description\" content=\"Movimiento Social Paro C\u00edvico de Buenaventura Agenda semana del 09 al 14 de f\u2026 \ud83d\udd39 Enfoque general de la semana Seguimiento t\u00e9cnico a acuerdos del Paro C\u00edvico en justicia, productividad, ambiente, agua, educaci\u00f3n, salud, cultura y territorio. Articulaci\u00f3n con FONBUENAVENTURA, ministerios y entidades territoriales. Destrabar cuellos de botella, especialmente el Embarcadero Tur\u00edstico y CONPES DIE. ... Leer m\u00e1s\" \/>\n<meta property=\"og:url\" content=\"https:\/\/comite-civico.org\/?p=3670\" \/>\n<meta property=\"og:site_name\" content=\"Movimiento Social Paro C\u00edvico de Buenaventura\" \/>\n<meta property=\"article:published_time\" content=\"2026-02-09T11:21:20+00:00\" \/>\n<meta property=\"article:modified_time\" content=\"2026-02-09T11:25:38+00:00\" \/>\n<meta property=\"og:image\" content=\"http:\/\/comite-civico.org\/wp-content\/uploads\/2026\/02\/agenda-del-9-al-14.jpg\" \/>\n\t<meta property=\"og:image:width\" content=\"1920\" \/>\n\t<meta property=\"og:image:height\" content=\"1080\" \/>\n\t<meta property=\"og:image:type\" content=\"image\/jpeg\" \/>\n<meta name=\"author\" content=\"comiteadmin\" \/>\n<meta name=\"twitter:card\" content=\"summary_large_image\" \/>\n<meta name=\"twitter:label1\" content=\"Escrito por\" \/>\n\t<meta name=\"twitter:data1\" content=\"comiteadmin\" \/>\n\t<meta name=\"twitter:label2\" content=\"Tiempo de lectura\" \/>\n\t<meta name=\"twitter:data2\" content=\"2 minutos\" \/>\n<script type=\"application\/ld+json\" class=\"yoast-schema-graph\">{\"@context\":\"https:\/\/schema.org\",\"@graph\":[{\"@type\":\"Article\",\"@id\":\"https:\/\/comite-civico.org\/?p=3670#article\",\"isPartOf\":{\"@id\":\"https:\/\/comite-civico.org\/?p=3670\"},\"author\":{\"name\":\"comiteadmin\",\"@id\":\"https:\/\/comite-civico.org\/#\/schema\/person\/eebdf569aa3565fa603cc9c5b53cea34\"},\"headline\":\"Agenda Semanal del 9 al 14 de Febrero de 2026\",\"datePublished\":\"2026-02-09T11:21:20+00:00\",\"dateModified\":\"2026-02-09T11:25:38+00:00\",\"mainEntityOfPage\":{\"@id\":\"https:\/\/comite-civico.org\/?p=3670\"},\"wordCount\":250,\"commentCount\":0,\"publisher\":{\"@id\":\"https:\/\/comite-civico.org\/#organization\"},\"image\":{\"@id\":\"https:\/\/comite-civico.org\/?p=3670#primaryimage\"},\"thumbnailUrl\":\"https:\/\/comite-civico.org\/wp-content\/uploads\/2026\/02\/agenda-del-9-al-14.jpg\",\"inLanguage\":\"es-CO\",\"potentialAction\":[{\"@type\":\"CommentAction\",\"name\":\"Comment\",\"target\":[\"https:\/\/comite-civico.org\/?p=3670#respond\"]}]},{\"@type\":\"WebPage\",\"@id\":\"https:\/\/comite-civico.org\/?p=3670\",\"url\":\"https:\/\/comite-civico.org\/?p=3670\",\"name\":\"Agenda Semanal del 9 al 14 de Febrero de 2026 - Movimiento Social Paro C\u00edvico de Buenaventura\",\"isPartOf\":{\"@id\":\"https:\/\/comite-civico.org\/#website\"},\"primaryImageOfPage\":{\"@id\":\"https:\/\/comite-civico.org\/?p=3670#primaryimage\"},\"image\":{\"@id\":\"https:\/\/comite-civico.org\/?p=3670#primaryimage\"},\"thumbnailUrl\":\"https:\/\/comite-civico.org\/wp-content\/uploads\/2026\/02\/agenda-del-9-al-14.jpg\",\"datePublished\":\"2026-02-09T11:21:20+00:00\",\"dateModified\":\"2026-02-09T11:25:38+00:00\",\"breadcrumb\":{\"@id\":\"https:\/\/comite-civico.org\/?p=3670#breadcrumb\"},\"inLanguage\":\"es-CO\",\"potentialAction\":[{\"@type\":\"ReadAction\",\"target\":[\"https:\/\/comite-civico.org\/?p=3670\"]}]},{\"@type\":\"ImageObject\",\"inLanguage\":\"es-CO\",\"@id\":\"https:\/\/comite-civico.org\/?p=3670#primaryimage\",\"url\":\"https:\/\/comite-civico.org\/wp-content\/uploads\/2026\/02\/agenda-del-9-al-14.jpg\",\"contentUrl\":\"https:\/\/comite-civico.org\/wp-content\/uploads\/2026\/02\/agenda-del-9-al-14.jpg\",\"width\":1920,\"height\":1080},{\"@type\":\"BreadcrumbList\",\"@id\":\"https:\/\/comite-civico.org\/?p=3670#breadcrumb\",\"itemListElement\":[{\"@type\":\"ListItem\",\"position\":1,\"name\":\"Inicio\",\"item\":\"https:\/\/comite-civico.org\/\"},{\"@type\":\"ListItem\",\"position\":2,\"name\":\"Agenda Semanal del 9 al 14 de Febrero de 2026\"}]},{\"@type\":\"WebSite\",\"@id\":\"https:\/\/comite-civico.org\/#website\",\"url\":\"https:\/\/comite-civico.org\/\",\"name\":\"Movimiento Social Paro C\u00edvico de Buenaventura\",\"description\":\"Movimiento Social Paro C\u00edvico de Buenaventura\",\"publisher\":{\"@id\":\"https:\/\/comite-civico.org\/#organization\"},\"potentialAction\":[{\"@type\":\"SearchAction\",\"target\":{\"@type\":\"EntryPoint\",\"urlTemplate\":\"https:\/\/comite-civico.org\/?s={search_term_string}\"},\"query-input\":{\"@type\":\"PropertyValueSpecification\",\"valueRequired\":true,\"valueName\":\"search_term_string\"}}],\"inLanguage\":\"es-CO\"},{\"@type\":\"Organization\",\"@id\":\"https:\/\/comite-civico.org\/#organization\",\"name\":\"Movimiento Social Paro C\u00edvico de Buenaventura\",\"url\":\"https:\/\/comite-civico.org\/\",\"logo\":{\"@type\":\"ImageObject\",\"inLanguage\":\"es-CO\",\"@id\":\"https:\/\/comite-civico.org\/#\/schema\/logo\/image\/\",\"url\":\"https:\/\/comite-civico.org\/wp-content\/uploads\/2021\/03\/Logo-de-Movimiento-Blanco-scaled.png\",\"contentUrl\":\"https:\/\/comite-civico.org\/wp-content\/uploads\/2021\/03\/Logo-de-Movimiento-Blanco-scaled.png\",\"width\":2560,\"height\":1810,\"caption\":\"Movimiento Social Paro C\u00edvico de Buenaventura\"},\"image\":{\"@id\":\"https:\/\/comite-civico.org\/#\/schema\/logo\/image\/\"}},{\"@type\":\"Person\",\"@id\":\"https:\/\/comite-civico.org\/#\/schema\/person\/eebdf569aa3565fa603cc9c5b53cea34\",\"name\":\"comiteadmin\",\"image\":{\"@type\":\"ImageObject\",\"inLanguage\":\"es-CO\",\"@id\":\"https:\/\/comite-civico.org\/#\/schema\/person\/image\/\",\"url\":\"https:\/\/secure.gravatar.com\/avatar\/516fb540621996b28f565fdf033072d55dd3fe76896ef4af5250b5fec1b457fe?s=96&d=mm&r=g\",\"contentUrl\":\"https:\/\/secure.gravatar.com\/avatar\/516fb540621996b28f565fdf033072d55dd3fe76896ef4af5250b5fec1b457fe?s=96&d=mm&r=g\",\"caption\":\"comiteadmin\"},\"sameAs\":[\"https:\/\/comite-civico.org\/\"],\"url\":\"https:\/\/comite-civico.org\/?author=1\"}]}<\/script>\n<!-- \/ Yoast SEO plugin. -->","yoast_head_json":{"title":"Agenda Semanal del 9 al 14 de Febrero de 2026 - Movimiento Social Paro C\u00edvico de Buenaventura","robots":{"index":"index","follow":"follow","max-snippet":"max-snippet:-1","max-image-preview":"max-image-preview:large","max-video-preview":"max-video-preview:-1"},"canonical":"https:\/\/comite-civico.org\/?p=3670","og_locale":"es_ES","og_type":"article","og_title":"Agenda Semanal del 9 al 14 de Febrero de 2026 - Movimiento Social Paro C\u00edvico de Buenaventura","og_description":"Movimiento Social Paro C\u00edvico de Buenaventura Agenda semana del 09 al 14 de f\u2026 \ud83d\udd39 Enfoque general de la semana Seguimiento t\u00e9cnico a acuerdos del Paro C\u00edvico en justicia, productividad, ambiente, agua, educaci\u00f3n, salud, cultura y territorio. Articulaci\u00f3n con FONBUENAVENTURA, ministerios y entidades territoriales. Destrabar cuellos de botella, especialmente el Embarcadero Tur\u00edstico y CONPES DIE. ... Leer m\u00e1s","og_url":"https:\/\/comite-civico.org\/?p=3670","og_site_name":"Movimiento Social Paro C\u00edvico de Buenaventura","article_published_time":"2026-02-09T11:21:20+00:00","article_modified_time":"2026-02-09T11:25:38+00:00","og_image":[{"width":1920,"height":1080,"url":"http:\/\/comite-civico.org\/wp-content\/uploads\/2026\/02\/agenda-del-9-al-14.jpg","type":"image\/jpeg"}],"author":"comiteadmin","twitter_card":"summary_large_image","twitter_misc":{"Escrito por":"comiteadmin","Tiempo de lectura":"2 minutos"},"schema":{"@context":"https:\/\/schema.org","@graph":[{"@type":"Article","@id":"https:\/\/comite-civico.org\/?p=3670#article","isPartOf":{"@id":"https:\/\/comite-civico.org\/?p=3670"},"author":{"name":"comiteadmin","@id":"https:\/\/comite-civico.org\/#\/schema\/person\/eebdf569aa3565fa603cc9c5b53cea34"},"headline":"Agenda Semanal del 9 al 14 de Febrero de 2026","datePublished":"2026-02-09T11:21:20+00:00","dateModified":"2026-02-09T11:25:38+00:00","mainEntityOfPage":{"@id":"https:\/\/comite-civico.org\/?p=3670"},"wordCount":250,"commentCount":0,"publisher":{"@id":"https:\/\/comite-civico.org\/#organization"},"image":{"@id":"https:\/\/comite-civico.org\/?p=3670#primaryimage"},"thumbnailUrl":"https:\/\/comite-civico.org\/wp-content\/uploads\/2026\/02\/agenda-del-9-al-14.jpg","inLanguage":"es-CO","potentialAction":[{"@type":"CommentAction","name":"Comment","target":["https:\/\/comite-civico.org\/?p=3670#respond"]}]},{"@type":"WebPage","@id":"https:\/\/comite-civico.org\/?p=3670","url":"https:\/\/comite-civico.org\/?p=3670","name":"Agenda Semanal del 9 al 14 de Febrero de 2026 - Movimiento Social Paro C\u00edvico de Buenaventura","isPartOf":{"@id":"https:\/\/comite-civico.org\/#website"},"primaryImageOfPage":{"@id":"https:\/\/comite-civico.org\/?p=3670#primaryimage"},"image":{"@id":"https:\/\/comite-civico.org\/?p=3670#primaryimage"},"thumbnailUrl":"https:\/\/comite-civico.org\/wp-content\/uploads\/2026\/02\/agenda-del-9-al-14.jpg","datePublished":"2026-02-09T11:21:20+00:00","dateModified":"2026-02-09T11:25:38+00:00","breadcrumb":{"@id":"https:\/\/comite-civico.org\/?p=3670#breadcrumb"},"inLanguage":"es-CO","potentialAction":[{"@type":"ReadAction","target":["https:\/\/comite-civico.org\/?p=3670"]}]},{"@type":"ImageObject","inLanguage":"es-CO","@id":"https:\/\/comite-civico.org\/?p=3670#primaryimage","url":"https:\/\/comite-civico.org\/wp-content\/uploads\/2026\/02\/agenda-del-9-al-14.jpg","contentUrl":"https:\/\/comite-civico.org\/wp-content\/uploads\/2026\/02\/agenda-del-9-al-14.jpg","width":1920,"height":1080},{"@type":"BreadcrumbList","@id":"https:\/\/comite-civico.org\/?p=3670#breadcrumb","itemListElement":[{"@type":"ListItem","position":1,"name":"Inicio","item":"https:\/\/comite-civico.org\/"},{"@type":"ListItem","position":2,"name":"Agenda Semanal del 9 al 14 de Febrero de 2026"}]},{"@type":"WebSite","@id":"https:\/\/comite-civico.org\/#website","url":"https:\/\/comite-civico.org\/","name":"Movimiento Social Paro C\u00edvico de Buenaventura","description":"Movimiento Social Paro C\u00edvico de Buenaventura","publisher":{"@id":"https:\/\/comite-civico.org\/#organization"},"potentialAction":[{"@type":"SearchAction","target":{"@type":"EntryPoint","urlTemplate":"https:\/\/comite-civico.org\/?s={search_term_string}"},"query-input":{"@type":"PropertyValueSpecification","valueRequired":true,"valueName":"search_term_string"}}],"inLanguage":"es-CO"},{"@type":"Organization","@id":"https:\/\/comite-civico.org\/#organization","name":"Movimiento Social Paro C\u00edvico de Buenaventura","url":"https:\/\/comite-civico.org\/","logo":{"@type":"ImageObject","inLanguage":"es-CO","@id":"https:\/\/comite-civico.org\/#\/schema\/logo\/image\/","url":"https:\/\/comite-civico.org\/wp-content\/uploads\/2021\/03\/Logo-de-Movimiento-Blanco-scaled.png","contentUrl":"https:\/\/comite-civico.org\/wp-content\/uploads\/2021\/03\/Logo-de-Movimiento-Blanco-scaled.png","width":2560,"height":1810,"caption":"Movimiento Social Paro C\u00edvico de Buenaventura"},"image":{"@id":"https:\/\/comite-civico.org\/#\/schema\/logo\/image\/"}},{"@type":"Person","@id":"https:\/\/comite-civico.org\/#\/schema\/person\/eebdf569aa3565fa603cc9c5b53cea34","name":"comiteadmin","image":{"@type":"ImageObject","inLanguage":"es-CO","@id":"https:\/\/comite-civico.org\/#\/schema\/person\/image\/","url":"https:\/\/secure.gravatar.com\/avatar\/516fb540621996b28f565fdf033072d55dd3fe76896ef4af5250b5fec1b457fe?s=96&d=mm&r=g","contentUrl":"https:\/\/secure.gravatar.com\/avatar\/516fb540621996b28f565fdf033072d55dd3fe76896ef4af5250b5fec1b457fe?s=96&d=mm&r=g","caption":"comiteadmin"},"sameAs":["https:\/\/comite-civico.org\/"],"url":"https:\/\/comite-civico.org\/?author=1"}]}},"_links":{"self":[{"href":"https:\/\/comite-civico.org\/index.php?rest_route=\/wp\/v2\/posts\/3670","targetHints":{"allow":["GET"]}}],"collection":[{"href":"https:\/\/comite-civico.org\/index.php?rest_route=\/wp\/v2\/posts"}],"about":[{"href":"https:\/\/comite-civico.org\/index.php?rest_route=\/wp\/v2\/types\/post"}],"author":[{"embeddable":true,"href":"https:\/\/comite-civico.org\/index.php?rest_route=\/wp\/v2\/users\/1"}],"replies":[{"embeddable":true,"href":"https:\/\/comite-civico.org\/index.php?rest_route=%2Fwp%2Fv2%2Fcomments&post=3670"}],"version-history":[{"count":10,"href":"https:\/\/comite-civico.org\/index.php?rest_route=\/wp\/v2\/posts\/3670\/revisions"}],"predecessor-version":[{"id":3683,"href":"https:\/\/comite-civico.org\/index.php?rest_route=\/wp\/v2\/posts\/3670\/revisions\/3683"}],"wp:featuredmedia":[{"embeddable":true,"href":"https:\/\/comite-civico.org\/index.php?rest_route=\/wp\/v2\/media\/3672"}],"wp:attachment":[{"href":"https:\/\/comite-civico.org\/index.php?rest_route=%2Fwp%2Fv2%2Fmedia&parent=3670"}],"wp:term":[{"taxonomy":"category","embeddable":true,"href":"https:\/\/comite-civico.org\/index.php?rest_route=%2Fwp%2Fv2%2Fcategories&post=3670"},{"taxonomy":"post_tag","embeddable":true,"href":"https:\/\/comite-civico.org\/index.php?rest_route=%2Fwp%2Fv2%2Ftags&post=3670"}],"curies":[{"name":"wp","href":"https:\/\/api.w.org\/{rel}","templated":true}]}}