{"id":3618,"date":"2026-01-26T11:33:09","date_gmt":"2026-01-26T16:33:09","guid":{"rendered":"https:\/\/comite-civico.org\/?p=3618"},"modified":"2026-01-26T11:53:08","modified_gmt":"2026-01-26T16:53:08","slug":"encuentros-comunitarios-de-mujeres","status":"publish","type":"post","link":"https:\/\/comite-civico.org\/?p=3618","title":{"rendered":"Encuentros Comunitarios de Mujeres"},"content":{"rendered":"\t\t<div data-elementor-type=\"wp-post\" data-elementor-id=\"3618\" class=\"elementor elementor-3618\" data-elementor-post-type=\"post\">\n\t\t\t\t\t\t<section data-particle_enable=\"false\" data-particle-mobile-disabled=\"false\" class=\"elementor-section elementor-top-section elementor-element elementor-element-91bc179 elementor-section-boxed elementor-section-height-default elementor-section-height-default\" data-id=\"91bc179\" data-element_type=\"section\" data-settings=\"{&quot;jet_parallax_layout_list&quot;:[]}\">\n\t\t\t\t\t\t<div class=\"elementor-container elementor-column-gap-default\">\n\t\t\t\t\t<div class=\"elementor-column elementor-col-100 elementor-top-column elementor-element elementor-element-dc4e55a\" data-id=\"dc4e55a\" data-element_type=\"column\">\n\t\t\t<div class=\"elementor-widget-wrap elementor-element-populated\">\n\t\t\t\t\t\t<div class=\"elementor-element elementor-element-3f572bd elementor-widget elementor-widget-text-editor\" data-id=\"3f572bd\" data-element_type=\"widget\" data-widget_type=\"text-editor.default\">\n\t\t\t\t<div class=\"elementor-widget-container\">\n\t\t\t\t\t\t\t\t\t<p data-start=\"145\" data-end=\"444\">En el marco de los acuerdos del <strong data-start=\"177\" data-end=\"208\">Paro C\u00edvico de Buenaventura<\/strong>, se desarrollar\u00e1 el proyecto <strong data-start=\"238\" data-end=\"276\">Encuentros Comunitarios de Mujeres<\/strong>, un proceso comunitario orientado a la <strong data-start=\"316\" data-end=\"443\">construcci\u00f3n de una estrategia de prevenci\u00f3n, atenci\u00f3n y protecci\u00f3n de mujeres v\u00edctimas de Violencia Basada en G\u00e9nero (VBG)<\/strong>.<\/p><p data-start=\"446\" data-end=\"708\">Este espacio busca <strong data-start=\"465\" data-end=\"507\">fortalecer la autonom\u00eda de las mujeres<\/strong>, promover el ejercicio de sus derechos y consolidar mecanismos comunitarios que contribuyan a la protecci\u00f3n y garant\u00eda de una vida libre de violencias, desde los territorios y con enfoque comunitario.<\/p><h3 data-start=\"710\" data-end=\"735\">Objetivos del proceso<\/h3><ul data-start=\"736\" data-end=\"1054\"><li data-start=\"736\" data-end=\"792\"><p data-start=\"738\" data-end=\"792\">Fortalecer la autonom\u00eda y el liderazgo de las mujeres.<\/p><\/li><li data-start=\"793\" data-end=\"863\"><p data-start=\"795\" data-end=\"863\">Promover el conocimiento y ejercicio de los derechos de las mujeres.<\/p><\/li><li data-start=\"864\" data-end=\"979\"><p data-start=\"866\" data-end=\"979\">Construir colectivamente estrategias de prevenci\u00f3n, atenci\u00f3n y protecci\u00f3n frente a la Violencia Basada en G\u00e9nero.<\/p><\/li><li data-start=\"980\" data-end=\"1054\"><p data-start=\"982\" data-end=\"1054\">Impulsar la participaci\u00f3n comunitaria de las mujeres en sus territorios.<\/p><\/li><\/ul><h3 data-start=\"1056\" data-end=\"1094\">Fechas y lugares de los encuentros<\/h3><ul data-start=\"1096\" data-end=\"1352\"><li data-start=\"1096\" data-end=\"1170\"><p data-start=\"1098\" data-end=\"1170\"><strong data-start=\"1098\" data-end=\"1123\">Enero 27, 28, 29 y 30<\/strong><br data-start=\"1123\" data-end=\"1126\" \/><em data-start=\"1128\" data-end=\"1170\">Casa de la Mujer \u2013 Manglar de Vida y Paz<\/em><\/p><\/li><li data-start=\"1172\" data-end=\"1258\"><p data-start=\"1174\" data-end=\"1258\"><strong data-start=\"1174\" data-end=\"1193\">Febrero 05 y 06<\/strong><br data-start=\"1193\" data-end=\"1196\" \/><em data-start=\"1198\" data-end=\"1258\">Zona Carreteable y Costera (C\u00f3rdoba \u2013 Delfina \/ Juanchaco)<\/em><\/p><\/li><li data-start=\"1260\" data-end=\"1308\"><p data-start=\"1262\" data-end=\"1308\"><strong data-start=\"1262\" data-end=\"1281\">Febrero 13 y 14<\/strong><br data-start=\"1281\" data-end=\"1284\" \/><em data-start=\"1286\" data-end=\"1308\">R\u00edos (Naya \u2013 Raposo)<\/em><\/p><\/li><li data-start=\"1310\" data-end=\"1352\"><p data-start=\"1312\" data-end=\"1352\"><strong data-start=\"1312\" data-end=\"1331\">Febrero 20 y 21<\/strong><br data-start=\"1331\" data-end=\"1334\" \/><em data-start=\"1336\" data-end=\"1352\">R\u00edo Yurumangu\u00ed<\/em><\/p><\/li><\/ul><h3 data-start=\"1354\" data-end=\"1369\">Inscripci\u00f3n<\/h3><p data-start=\"1370\" data-end=\"1473\">Las mujeres interesadas en participar pueden realizar su inscripci\u00f3n a trav\u00e9s del siguiente formulario:<\/p><p data-start=\"1475\" data-end=\"1517\">\ud83d\udc49 <strong data-start=\"1478\" data-end=\"1517\"><a class=\"decorated-link\" href=\"https:\/\/forms.gle\/4BHMi7XvuPEEo2cR7\" target=\"_new\" rel=\"noopener\" data-start=\"1480\" data-end=\"1515\">https:\/\/forms.gle\/4BHMi7XvuPEEo2cR7<\/a><\/strong><\/p><p data-start=\"1519\" data-end=\"1718\">Este proceso est\u00e1 dirigido a mujeres de los diferentes territorios de Buenaventura que deseen participar activamente en la construcci\u00f3n de comunidades m\u00e1s seguras, equitativas y libres de violencias.<\/p>\t\t\t\t\t\t\t\t<\/div>\n\t\t\t\t<\/div>\n\t\t\t\t\t<\/div>\n\t\t<\/div>\n\t\t\t\t\t<\/div>\n\t\t<\/section>\n\t\t\t\t<\/div>\n\t\t","protected":false},"excerpt":{"rendered":"<p>En el marco de los acuerdos del Paro C\u00edvico de Buenaventura, se desarrollar\u00e1 el proyecto Encuentros Comunitarios de Mujeres, un proceso comunitario orientado a la construcci\u00f3n de una estrategia de prevenci\u00f3n, atenci\u00f3n y protecci\u00f3n de mujeres v\u00edctimas de Violencia Basada en G\u00e9nero (VBG). Este espacio busca fortalecer la autonom\u00eda de las mujeres, promover el ejercicio &#8230; <a title=\"Encuentros Comunitarios de Mujeres\" class=\"read-more\" href=\"https:\/\/comite-civico.org\/?p=3618\" aria-label=\"Read more about Encuentros Comunitarios de Mujeres\">Leer m\u00e1s<\/a><\/p>\n","protected":false},"author":1,"featured_media":3628,"comment_status":"open","ping_status":"open","sticky":false,"template":"","format":"standard","meta":{"footnotes":""},"categories":[1],"tags":[],"class_list":["post-3618","post","type-post","status-publish","format-standard","has-post-thumbnail","hentry","category-sin-categoria"],"acf":[],"yoast_head":"<!-- This site is optimized with the Yoast SEO plugin v25.0 - https:\/\/yoast.com\/wordpress\/plugins\/seo\/ -->\n<title>Encuentros Comunitarios de Mujeres - Movimiento Social Paro C\u00edvico de Buenaventura<\/title>\n<meta name=\"robots\" content=\"index, follow, max-snippet:-1, max-image-preview:large, max-video-preview:-1\" \/>\n<link rel=\"canonical\" href=\"https:\/\/comite-civico.org\/?p=3618\" \/>\n<meta property=\"og:locale\" content=\"es_ES\" \/>\n<meta property=\"og:type\" content=\"article\" \/>\n<meta property=\"og:title\" content=\"Encuentros Comunitarios de Mujeres - Movimiento Social Paro C\u00edvico de Buenaventura\" \/>\n<meta property=\"og:description\" content=\"En el marco de los acuerdos del Paro C\u00edvico de Buenaventura, se desarrollar\u00e1 el proyecto Encuentros Comunitarios de Mujeres, un proceso comunitario orientado a la construcci\u00f3n de una estrategia de prevenci\u00f3n, atenci\u00f3n y protecci\u00f3n de mujeres v\u00edctimas de Violencia Basada en G\u00e9nero (VBG). Este espacio busca fortalecer la autonom\u00eda de las mujeres, promover el ejercicio ... Leer m\u00e1s\" \/>\n<meta property=\"og:url\" content=\"https:\/\/comite-civico.org\/?p=3618\" \/>\n<meta property=\"og:site_name\" content=\"Movimiento Social Paro C\u00edvico de Buenaventura\" \/>\n<meta property=\"article:published_time\" content=\"2026-01-26T16:33:09+00:00\" \/>\n<meta property=\"article:modified_time\" content=\"2026-01-26T16:53:08+00:00\" \/>\n<meta property=\"og:image\" content=\"http:\/\/comite-civico.org\/wp-content\/uploads\/2026\/01\/f1ff63fb-1235-40ca-a682-63b4c99e20a7.png\" \/>\n\t<meta property=\"og:image:width\" content=\"1536\" \/>\n\t<meta property=\"og:image:height\" content=\"1024\" \/>\n\t<meta property=\"og:image:type\" content=\"image\/png\" \/>\n<meta name=\"author\" content=\"comiteadmin\" \/>\n<meta name=\"twitter:card\" content=\"summary_large_image\" \/>\n<meta name=\"twitter:label1\" content=\"Escrito por\" \/>\n\t<meta name=\"twitter:data1\" content=\"comiteadmin\" \/>\n\t<meta name=\"twitter:label2\" content=\"Tiempo de lectura\" \/>\n\t<meta name=\"twitter:data2\" content=\"2 minutos\" \/>\n<script type=\"application\/ld+json\" class=\"yoast-schema-graph\">{\"@context\":\"https:\/\/schema.org\",\"@graph\":[{\"@type\":\"Article\",\"@id\":\"https:\/\/comite-civico.org\/?p=3618#article\",\"isPartOf\":{\"@id\":\"https:\/\/comite-civico.org\/?p=3618\"},\"author\":{\"name\":\"comiteadmin\",\"@id\":\"https:\/\/comite-civico.org\/#\/schema\/person\/eebdf569aa3565fa603cc9c5b53cea34\"},\"headline\":\"Encuentros Comunitarios de Mujeres\",\"datePublished\":\"2026-01-26T16:33:09+00:00\",\"dateModified\":\"2026-01-26T16:53:08+00:00\",\"mainEntityOfPage\":{\"@id\":\"https:\/\/comite-civico.org\/?p=3618\"},\"wordCount\":242,\"commentCount\":0,\"publisher\":{\"@id\":\"https:\/\/comite-civico.org\/#organization\"},\"image\":{\"@id\":\"https:\/\/comite-civico.org\/?p=3618#primaryimage\"},\"thumbnailUrl\":\"https:\/\/comite-civico.org\/wp-content\/uploads\/2026\/01\/f1ff63fb-1235-40ca-a682-63b4c99e20a7.png\",\"inLanguage\":\"es-CO\",\"potentialAction\":[{\"@type\":\"CommentAction\",\"name\":\"Comment\",\"target\":[\"https:\/\/comite-civico.org\/?p=3618#respond\"]}]},{\"@type\":\"WebPage\",\"@id\":\"https:\/\/comite-civico.org\/?p=3618\",\"url\":\"https:\/\/comite-civico.org\/?p=3618\",\"name\":\"Encuentros Comunitarios de Mujeres - Movimiento Social Paro C\u00edvico de Buenaventura\",\"isPartOf\":{\"@id\":\"https:\/\/comite-civico.org\/#website\"},\"primaryImageOfPage\":{\"@id\":\"https:\/\/comite-civico.org\/?p=3618#primaryimage\"},\"image\":{\"@id\":\"https:\/\/comite-civico.org\/?p=3618#primaryimage\"},\"thumbnailUrl\":\"https:\/\/comite-civico.org\/wp-content\/uploads\/2026\/01\/f1ff63fb-1235-40ca-a682-63b4c99e20a7.png\",\"datePublished\":\"2026-01-26T16:33:09+00:00\",\"dateModified\":\"2026-01-26T16:53:08+00:00\",\"breadcrumb\":{\"@id\":\"https:\/\/comite-civico.org\/?p=3618#breadcrumb\"},\"inLanguage\":\"es-CO\",\"potentialAction\":[{\"@type\":\"ReadAction\",\"target\":[\"https:\/\/comite-civico.org\/?p=3618\"]}]},{\"@type\":\"ImageObject\",\"inLanguage\":\"es-CO\",\"@id\":\"https:\/\/comite-civico.org\/?p=3618#primaryimage\",\"url\":\"https:\/\/comite-civico.org\/wp-content\/uploads\/2026\/01\/f1ff63fb-1235-40ca-a682-63b4c99e20a7.png\",\"contentUrl\":\"https:\/\/comite-civico.org\/wp-content\/uploads\/2026\/01\/f1ff63fb-1235-40ca-a682-63b4c99e20a7.png\",\"width\":1536,\"height\":1024},{\"@type\":\"BreadcrumbList\",\"@id\":\"https:\/\/comite-civico.org\/?p=3618#breadcrumb\",\"itemListElement\":[{\"@type\":\"ListItem\",\"position\":1,\"name\":\"Inicio\",\"item\":\"https:\/\/comite-civico.org\/\"},{\"@type\":\"ListItem\",\"position\":2,\"name\":\"Encuentros Comunitarios de Mujeres\"}]},{\"@type\":\"WebSite\",\"@id\":\"https:\/\/comite-civico.org\/#website\",\"url\":\"https:\/\/comite-civico.org\/\",\"name\":\"Movimiento Social Paro C\u00edvico de Buenaventura\",\"description\":\"Movimiento Social Paro C\u00edvico de Buenaventura\",\"publisher\":{\"@id\":\"https:\/\/comite-civico.org\/#organization\"},\"potentialAction\":[{\"@type\":\"SearchAction\",\"target\":{\"@type\":\"EntryPoint\",\"urlTemplate\":\"https:\/\/comite-civico.org\/?s={search_term_string}\"},\"query-input\":{\"@type\":\"PropertyValueSpecification\",\"valueRequired\":true,\"valueName\":\"search_term_string\"}}],\"inLanguage\":\"es-CO\"},{\"@type\":\"Organization\",\"@id\":\"https:\/\/comite-civico.org\/#organization\",\"name\":\"Movimiento Social Paro C\u00edvico de Buenaventura\",\"url\":\"https:\/\/comite-civico.org\/\",\"logo\":{\"@type\":\"ImageObject\",\"inLanguage\":\"es-CO\",\"@id\":\"https:\/\/comite-civico.org\/#\/schema\/logo\/image\/\",\"url\":\"https:\/\/comite-civico.org\/wp-content\/uploads\/2021\/03\/Logo-de-Movimiento-Blanco-scaled.png\",\"contentUrl\":\"https:\/\/comite-civico.org\/wp-content\/uploads\/2021\/03\/Logo-de-Movimiento-Blanco-scaled.png\",\"width\":2560,\"height\":1810,\"caption\":\"Movimiento Social Paro C\u00edvico de Buenaventura\"},\"image\":{\"@id\":\"https:\/\/comite-civico.org\/#\/schema\/logo\/image\/\"}},{\"@type\":\"Person\",\"@id\":\"https:\/\/comite-civico.org\/#\/schema\/person\/eebdf569aa3565fa603cc9c5b53cea34\",\"name\":\"comiteadmin\",\"image\":{\"@type\":\"ImageObject\",\"inLanguage\":\"es-CO\",\"@id\":\"https:\/\/comite-civico.org\/#\/schema\/person\/image\/\",\"url\":\"https:\/\/secure.gravatar.com\/avatar\/516fb540621996b28f565fdf033072d55dd3fe76896ef4af5250b5fec1b457fe?s=96&d=mm&r=g\",\"contentUrl\":\"https:\/\/secure.gravatar.com\/avatar\/516fb540621996b28f565fdf033072d55dd3fe76896ef4af5250b5fec1b457fe?s=96&d=mm&r=g\",\"caption\":\"comiteadmin\"},\"sameAs\":[\"https:\/\/comite-civico.org\/\"],\"url\":\"https:\/\/comite-civico.org\/?author=1\"}]}<\/script>\n<!-- \/ Yoast SEO plugin. -->","yoast_head_json":{"title":"Encuentros Comunitarios de Mujeres - Movimiento Social Paro C\u00edvico de Buenaventura","robots":{"index":"index","follow":"follow","max-snippet":"max-snippet:-1","max-image-preview":"max-image-preview:large","max-video-preview":"max-video-preview:-1"},"canonical":"https:\/\/comite-civico.org\/?p=3618","og_locale":"es_ES","og_type":"article","og_title":"Encuentros Comunitarios de Mujeres - Movimiento Social Paro C\u00edvico de Buenaventura","og_description":"En el marco de los acuerdos del Paro C\u00edvico de Buenaventura, se desarrollar\u00e1 el proyecto Encuentros Comunitarios de Mujeres, un proceso comunitario orientado a la construcci\u00f3n de una estrategia de prevenci\u00f3n, atenci\u00f3n y protecci\u00f3n de mujeres v\u00edctimas de Violencia Basada en G\u00e9nero (VBG). Este espacio busca fortalecer la autonom\u00eda de las mujeres, promover el ejercicio ... Leer m\u00e1s","og_url":"https:\/\/comite-civico.org\/?p=3618","og_site_name":"Movimiento Social Paro C\u00edvico de Buenaventura","article_published_time":"2026-01-26T16:33:09+00:00","article_modified_time":"2026-01-26T16:53:08+00:00","og_image":[{"width":1536,"height":1024,"url":"http:\/\/comite-civico.org\/wp-content\/uploads\/2026\/01\/f1ff63fb-1235-40ca-a682-63b4c99e20a7.png","type":"image\/png"}],"author":"comiteadmin","twitter_card":"summary_large_image","twitter_misc":{"Escrito por":"comiteadmin","Tiempo de lectura":"2 minutos"},"schema":{"@context":"https:\/\/schema.org","@graph":[{"@type":"Article","@id":"https:\/\/comite-civico.org\/?p=3618#article","isPartOf":{"@id":"https:\/\/comite-civico.org\/?p=3618"},"author":{"name":"comiteadmin","@id":"https:\/\/comite-civico.org\/#\/schema\/person\/eebdf569aa3565fa603cc9c5b53cea34"},"headline":"Encuentros Comunitarios de Mujeres","datePublished":"2026-01-26T16:33:09+00:00","dateModified":"2026-01-26T16:53:08+00:00","mainEntityOfPage":{"@id":"https:\/\/comite-civico.org\/?p=3618"},"wordCount":242,"commentCount":0,"publisher":{"@id":"https:\/\/comite-civico.org\/#organization"},"image":{"@id":"https:\/\/comite-civico.org\/?p=3618#primaryimage"},"thumbnailUrl":"https:\/\/comite-civico.org\/wp-content\/uploads\/2026\/01\/f1ff63fb-1235-40ca-a682-63b4c99e20a7.png","inLanguage":"es-CO","potentialAction":[{"@type":"CommentAction","name":"Comment","target":["https:\/\/comite-civico.org\/?p=3618#respond"]}]},{"@type":"WebPage","@id":"https:\/\/comite-civico.org\/?p=3618","url":"https:\/\/comite-civico.org\/?p=3618","name":"Encuentros Comunitarios de Mujeres - Movimiento Social Paro C\u00edvico de Buenaventura","isPartOf":{"@id":"https:\/\/comite-civico.org\/#website"},"primaryImageOfPage":{"@id":"https:\/\/comite-civico.org\/?p=3618#primaryimage"},"image":{"@id":"https:\/\/comite-civico.org\/?p=3618#primaryimage"},"thumbnailUrl":"https:\/\/comite-civico.org\/wp-content\/uploads\/2026\/01\/f1ff63fb-1235-40ca-a682-63b4c99e20a7.png","datePublished":"2026-01-26T16:33:09+00:00","dateModified":"2026-01-26T16:53:08+00:00","breadcrumb":{"@id":"https:\/\/comite-civico.org\/?p=3618#breadcrumb"},"inLanguage":"es-CO","potentialAction":[{"@type":"ReadAction","target":["https:\/\/comite-civico.org\/?p=3618"]}]},{"@type":"ImageObject","inLanguage":"es-CO","@id":"https:\/\/comite-civico.org\/?p=3618#primaryimage","url":"https:\/\/comite-civico.org\/wp-content\/uploads\/2026\/01\/f1ff63fb-1235-40ca-a682-63b4c99e20a7.png","contentUrl":"https:\/\/comite-civico.org\/wp-content\/uploads\/2026\/01\/f1ff63fb-1235-40ca-a682-63b4c99e20a7.png","width":1536,"height":1024},{"@type":"BreadcrumbList","@id":"https:\/\/comite-civico.org\/?p=3618#breadcrumb","itemListElement":[{"@type":"ListItem","position":1,"name":"Inicio","item":"https:\/\/comite-civico.org\/"},{"@type":"ListItem","position":2,"name":"Encuentros Comunitarios de Mujeres"}]},{"@type":"WebSite","@id":"https:\/\/comite-civico.org\/#website","url":"https:\/\/comite-civico.org\/","name":"Movimiento Social Paro C\u00edvico de Buenaventura","description":"Movimiento Social Paro C\u00edvico de Buenaventura","publisher":{"@id":"https:\/\/comite-civico.org\/#organization"},"potentialAction":[{"@type":"SearchAction","target":{"@type":"EntryPoint","urlTemplate":"https:\/\/comite-civico.org\/?s={search_term_string}"},"query-input":{"@type":"PropertyValueSpecification","valueRequired":true,"valueName":"search_term_string"}}],"inLanguage":"es-CO"},{"@type":"Organization","@id":"https:\/\/comite-civico.org\/#organization","name":"Movimiento Social Paro C\u00edvico de Buenaventura","url":"https:\/\/comite-civico.org\/","logo":{"@type":"ImageObject","inLanguage":"es-CO","@id":"https:\/\/comite-civico.org\/#\/schema\/logo\/image\/","url":"https:\/\/comite-civico.org\/wp-content\/uploads\/2021\/03\/Logo-de-Movimiento-Blanco-scaled.png","contentUrl":"https:\/\/comite-civico.org\/wp-content\/uploads\/2021\/03\/Logo-de-Movimiento-Blanco-scaled.png","width":2560,"height":1810,"caption":"Movimiento Social Paro C\u00edvico de Buenaventura"},"image":{"@id":"https:\/\/comite-civico.org\/#\/schema\/logo\/image\/"}},{"@type":"Person","@id":"https:\/\/comite-civico.org\/#\/schema\/person\/eebdf569aa3565fa603cc9c5b53cea34","name":"comiteadmin","image":{"@type":"ImageObject","inLanguage":"es-CO","@id":"https:\/\/comite-civico.org\/#\/schema\/person\/image\/","url":"https:\/\/secure.gravatar.com\/avatar\/516fb540621996b28f565fdf033072d55dd3fe76896ef4af5250b5fec1b457fe?s=96&d=mm&r=g","contentUrl":"https:\/\/secure.gravatar.com\/avatar\/516fb540621996b28f565fdf033072d55dd3fe76896ef4af5250b5fec1b457fe?s=96&d=mm&r=g","caption":"comiteadmin"},"sameAs":["https:\/\/comite-civico.org\/"],"url":"https:\/\/comite-civico.org\/?author=1"}]}},"_links":{"self":[{"href":"https:\/\/comite-civico.org\/index.php?rest_route=\/wp\/v2\/posts\/3618","targetHints":{"allow":["GET"]}}],"collection":[{"href":"https:\/\/comite-civico.org\/index.php?rest_route=\/wp\/v2\/posts"}],"about":[{"href":"https:\/\/comite-civico.org\/index.php?rest_route=\/wp\/v2\/types\/post"}],"author":[{"embeddable":true,"href":"https:\/\/comite-civico.org\/index.php?rest_route=\/wp\/v2\/users\/1"}],"replies":[{"embeddable":true,"href":"https:\/\/comite-civico.org\/index.php?rest_route=%2Fwp%2Fv2%2Fcomments&post=3618"}],"version-history":[{"count":7,"href":"https:\/\/comite-civico.org\/index.php?rest_route=\/wp\/v2\/posts\/3618\/revisions"}],"predecessor-version":[{"id":3626,"href":"https:\/\/comite-civico.org\/index.php?rest_route=\/wp\/v2\/posts\/3618\/revisions\/3626"}],"wp:featuredmedia":[{"embeddable":true,"href":"https:\/\/comite-civico.org\/index.php?rest_route=\/wp\/v2\/media\/3628"}],"wp:attachment":[{"href":"https:\/\/comite-civico.org\/index.php?rest_route=%2Fwp%2Fv2%2Fmedia&parent=3618"}],"wp:term":[{"taxonomy":"category","embeddable":true,"href":"https:\/\/comite-civico.org\/index.php?rest_route=%2Fwp%2Fv2%2Fcategories&post=3618"},{"taxonomy":"post_tag","embeddable":true,"href":"https:\/\/comite-civico.org\/index.php?rest_route=%2Fwp%2Fv2%2Ftags&post=3618"}],"curies":[{"name":"wp","href":"https:\/\/api.w.org\/{rel}","templated":true}]}}