{"id":3522,"date":"2026-01-16T11:29:49","date_gmt":"2026-01-16T16:29:49","guid":{"rendered":"https:\/\/comite-civico.org\/?p=3522"},"modified":"2026-01-16T11:34:10","modified_gmt":"2026-01-16T16:34:10","slug":"comunidades-y-entidades-hacen-seguimiento-al-reforzamiento-estructural-del-hospital-luis-ablanque-en-buenaventura","status":"publish","type":"post","link":"https:\/\/comite-civico.org\/?p=3522","title":{"rendered":"Comunidades y entidades hacen seguimiento al reforzamiento estructural del Hospital Luis Ablanque en Buenaventura"},"content":{"rendered":"\t\t<div data-elementor-type=\"wp-post\" data-elementor-id=\"3522\" class=\"elementor elementor-3522\" data-elementor-post-type=\"post\">\n\t\t\t\t\t\t<section data-particle_enable=\"false\" data-particle-mobile-disabled=\"false\" class=\"elementor-section elementor-top-section elementor-element elementor-element-2365915 elementor-section-boxed elementor-section-height-default elementor-section-height-default\" data-id=\"2365915\" data-element_type=\"section\" data-settings=\"{&quot;jet_parallax_layout_list&quot;:[]}\">\n\t\t\t\t\t\t<div class=\"elementor-container elementor-column-gap-default\">\n\t\t\t\t\t<div class=\"elementor-column elementor-col-100 elementor-top-column elementor-element elementor-element-4f25891\" data-id=\"4f25891\" data-element_type=\"column\">\n\t\t\t<div class=\"elementor-widget-wrap elementor-element-populated\">\n\t\t\t\t\t\t<div class=\"elementor-element elementor-element-037bdb9 elementor-widget elementor-widget-text-editor\" data-id=\"037bdb9\" data-element_type=\"widget\" data-widget_type=\"text-editor.default\">\n\t\t\t\t<div class=\"elementor-widget-container\">\n\t\t\t\t\t\t\t\t\t<h3 data-start=\"249\" data-end=\"368\">Socializan avances del proyecto de reforzamiento estructural del Hospital Luis Ablanque de La Plata \u2013 Sede El Jorge<\/h3><p data-start=\"370\" data-end=\"731\">El pasado <strong data-start=\"380\" data-end=\"403\">14 de julio de 2026<\/strong>, en el distrito de <strong data-start=\"423\" data-end=\"439\">Buenaventura<\/strong>, se llev\u00f3 a cabo una <strong data-start=\"461\" data-end=\"505\">reuni\u00f3n interinstitucional y comunitaria<\/strong> para la socializaci\u00f3n de los avances del proyecto de <strong data-start=\"559\" data-end=\"648\">reforzamiento estructural del Hospital Luis Ablanque de La Plata \u2013 ESE, sede El Jorge<\/strong>, una obra prioritaria para el fortalecimiento del sistema de salud del territorio.<\/p><p data-start=\"733\" data-end=\"1400\">El encuentro cont\u00f3 con la participaci\u00f3n virtual de entidades del orden nacional como la <strong data-start=\"821\" data-end=\"858\">Procuradur\u00eda General de la Naci\u00f3n<\/strong>, el <strong data-start=\"863\" data-end=\"906\">Ministerio de Salud y Protecci\u00f3n Social<\/strong> y el <strong data-start=\"912\" data-end=\"939\">Ministerio del Interior<\/strong>. De manera presencial participaron la <strong data-start=\"978\" data-end=\"1015\">Mesa T\u00e9cnica Comunitaria de Salud<\/strong>, el <strong data-start=\"1020\" data-end=\"1090\">Comit\u00e9 Ejecutivo del Movimiento Social Paro C\u00edvico de Buenaventura<\/strong>, la <strong data-start=\"1095\" data-end=\"1128\">Secretar\u00eda Distrital de Salud<\/strong>, directivos del <strong data-start=\"1145\" data-end=\"1183\">Hospital Luis Ablanque de La Plata<\/strong>, <strong data-start=\"1185\" data-end=\"1197\">Findeter<\/strong>, la interventor\u00eda del proyecto, la <strong data-start=\"1233\" data-end=\"1255\">veedur\u00eda ciudadana<\/strong> y representantes de las <strong data-start=\"1280\" data-end=\"1308\">Juntas de Acci\u00f3n Comunal<\/strong> de los barrios Monte Chino, Jorge parte alta, Jorge parte baja, Santa Rosa y Olano Borrero.<\/p><h3 data-start=\"1402\" data-end=\"1458\">Socializaci\u00f3n del componente social y comunicacional<\/h3><p data-start=\"1460\" data-end=\"1799\">Durante la jornada se socializ\u00f3 el <strong data-start=\"1495\" data-end=\"1533\">componente social y comunicacional<\/strong> del proyecto con las organizaciones comunitarias y las comunidades del \u00e1rea de influencia directa del hospital, reafirmando el compromiso institucional de mantener informada a la ciudadan\u00eda y garantizar su participaci\u00f3n activa durante todas las etapas de ejecuci\u00f3n.<\/p><h3 data-start=\"1801\" data-end=\"1835\">Aspectos sociales del proyecto<\/h3><p data-start=\"1837\" data-end=\"2160\">Entre los principales anuncios, se inform\u00f3 que el <strong data-start=\"1887\" data-end=\"1943\">inicio de la obra est\u00e1 proyectado para marzo de 2026<\/strong>. El proyecto contempla la <strong data-start=\"1970\" data-end=\"2029\">contrataci\u00f3n de mano de obra calificada y no calificada<\/strong>, priorizando el <strong data-start=\"2046\" data-end=\"2093\">talento humano del distrito de Buenaventura<\/strong>, especialmente de las comunidades cercanas a la sede hospitalaria.<\/p><p data-start=\"2162\" data-end=\"2316\">Este enfoque busca no solo mejorar la infraestructura de salud, sino tambi\u00e9n generar un <strong data-start=\"2250\" data-end=\"2289\">impacto social y econ\u00f3mico positivo<\/strong> en el entorno comunitario.<\/p><h3 data-start=\"2318\" data-end=\"2360\">Revisi\u00f3n t\u00e9cnica de estudios y dise\u00f1os<\/h3><p data-start=\"2362\" data-end=\"2652\">En el componente t\u00e9cnico, se explic\u00f3 que se realizar\u00e1 una <strong data-start=\"2420\" data-end=\"2469\">revisi\u00f3n exhaustiva de los estudios y dise\u00f1os<\/strong> elaborados por la <strong data-start=\"2488\" data-end=\"2513\">Universidad del Valle<\/strong> entre los a\u00f1os 2020 y 2021, los cuales presentaron observaciones por parte del Ministerio de Salud que no fueron subsanadas en su momento.<\/p><p data-start=\"2654\" data-end=\"2874\">Esta etapa permitir\u00e1 ajustar y complementar los dise\u00f1os para garantizar el cumplimiento de las <strong data-start=\"2749\" data-end=\"2780\">normas de sismorresistencia<\/strong>, la <strong data-start=\"2785\" data-end=\"2815\">funcionalidad hospitalaria<\/strong> y la <strong data-start=\"2821\" data-end=\"2873\">seguridad de usuarios y trabajadores de la salud<\/strong>.<\/p><h3 data-start=\"2876\" data-end=\"2921\">Continuidad del servicio y control social<\/h3><p data-start=\"2923\" data-end=\"3213\">Desde la institucionalidad y las organizaciones sociales se reiter\u00f3 la importancia de implementar <strong data-start=\"3021\" data-end=\"3047\">planes de contingencia<\/strong> que aseguren la prestaci\u00f3n continua, oportuna y eficiente de los servicios de salud, especialmente en \u00e1reas cr\u00edticas como urgencias, durante la ejecuci\u00f3n de la obra.<\/p><p data-start=\"3215\" data-end=\"3403\">Asimismo, se destac\u00f3 el rol de la <strong data-start=\"3249\" data-end=\"3271\">veedur\u00eda ciudadana<\/strong> y del <strong data-start=\"3278\" data-end=\"3327\">Movimiento Social Paro C\u00edvico de Buenaventura<\/strong> en el seguimiento permanente al cumplimiento de los compromisos adquiridos.<\/p><h3 data-start=\"3405\" data-end=\"3450\">Un proyecto estrat\u00e9gico para Buenaventura<\/h3><p data-start=\"3452\" data-end=\"3830\">El reforzamiento estructural del Hospital Luis Ablanque de La Plata \u2013 sede El Jorge constituye un <strong data-start=\"3550\" data-end=\"3574\">proyecto estrat\u00e9gico<\/strong> para el fortalecimiento de la red p\u00fablica de salud de Buenaventura, integrando inversi\u00f3n nacional, planeaci\u00f3n t\u00e9cnica, participaci\u00f3n comunitaria y control social, con el objetivo de garantizar una <strong data-start=\"3772\" data-end=\"3811\">atenci\u00f3n digna, segura y de calidad<\/strong> para la poblaci\u00f3n.<\/p>\t\t\t\t\t\t\t\t<\/div>\n\t\t\t\t<\/div>\n\t\t\t\t\t<\/div>\n\t\t<\/div>\n\t\t\t\t\t<\/div>\n\t\t<\/section>\n\t\t\t\t<section data-particle_enable=\"false\" data-particle-mobile-disabled=\"false\" class=\"elementor-section elementor-top-section elementor-element elementor-element-df62c2e elementor-section-boxed elementor-section-height-default elementor-section-height-default\" data-id=\"df62c2e\" data-element_type=\"section\" data-settings=\"{&quot;jet_parallax_layout_list&quot;:[]}\">\n\t\t\t\t\t\t<div class=\"elementor-container elementor-column-gap-default\">\n\t\t\t\t\t<div class=\"elementor-column elementor-col-100 elementor-top-column elementor-element elementor-element-7a2f5cf\" data-id=\"7a2f5cf\" data-element_type=\"column\">\n\t\t\t<div class=\"elementor-widget-wrap elementor-element-populated\">\n\t\t\t\t\t\t<div class=\"elementor-element elementor-element-8b6334c dce_masking-none elementor-widget elementor-widget-image\" data-id=\"8b6334c\" data-element_type=\"widget\" data-widget_type=\"image.default\">\n\t\t\t\t<div class=\"elementor-widget-container\">\n\t\t\t\t\t\t\t\t\t\t\t\t\t\t\t<img fetchpriority=\"high\" decoding=\"async\" width=\"1024\" height=\"576\" src=\"https:\/\/comite-civico.org\/wp-content\/uploads\/2026\/01\/DSC02622-1024x576.jpg\" class=\"attachment-large size-large wp-image-3525\" alt=\"\" srcset=\"https:\/\/comite-civico.org\/wp-content\/uploads\/2026\/01\/DSC02622-1024x576.jpg 1024w, https:\/\/comite-civico.org\/wp-content\/uploads\/2026\/01\/DSC02622-300x169.jpg 300w, https:\/\/comite-civico.org\/wp-content\/uploads\/2026\/01\/DSC02622-768x432.jpg 768w, https:\/\/comite-civico.org\/wp-content\/uploads\/2026\/01\/DSC02622-1536x864.jpg 1536w, https:\/\/comite-civico.org\/wp-content\/uploads\/2026\/01\/DSC02622.jpg 2048w\" sizes=\"(max-width: 1024px) 100vw, 1024px\" \/>\t\t\t\t\t\t\t\t\t\t\t\t\t\t\t<\/div>\n\t\t\t\t<\/div>\n\t\t\t\t\t<\/div>\n\t\t<\/div>\n\t\t\t\t\t<\/div>\n\t\t<\/section>\n\t\t\t\t<section data-particle_enable=\"false\" data-particle-mobile-disabled=\"false\" class=\"elementor-section elementor-top-section elementor-element elementor-element-6d7b996 elementor-section-boxed elementor-section-height-default elementor-section-height-default\" data-id=\"6d7b996\" data-element_type=\"section\" data-settings=\"{&quot;jet_parallax_layout_list&quot;:[]}\">\n\t\t\t\t\t\t<div class=\"elementor-container elementor-column-gap-default\">\n\t\t\t\t\t<div class=\"elementor-column elementor-col-100 elementor-top-column elementor-element elementor-element-f710501\" data-id=\"f710501\" data-element_type=\"column\">\n\t\t\t<div class=\"elementor-widget-wrap elementor-element-populated\">\n\t\t\t\t\t\t<div class=\"elementor-element elementor-element-c1e07f7 dce_masking-none elementor-widget elementor-widget-image\" data-id=\"c1e07f7\" data-element_type=\"widget\" data-widget_type=\"image.default\">\n\t\t\t\t<div class=\"elementor-widget-container\">\n\t\t\t\t\t\t\t\t\t\t\t\t\t\t\t<img decoding=\"async\" width=\"1024\" height=\"576\" src=\"https:\/\/comite-civico.org\/wp-content\/uploads\/2026\/01\/DSC02623-1024x576.jpg\" class=\"attachment-large size-large wp-image-3526\" alt=\"\" srcset=\"https:\/\/comite-civico.org\/wp-content\/uploads\/2026\/01\/DSC02623-1024x576.jpg 1024w, https:\/\/comite-civico.org\/wp-content\/uploads\/2026\/01\/DSC02623-300x169.jpg 300w, https:\/\/comite-civico.org\/wp-content\/uploads\/2026\/01\/DSC02623-768x432.jpg 768w, https:\/\/comite-civico.org\/wp-content\/uploads\/2026\/01\/DSC02623-1536x864.jpg 1536w, https:\/\/comite-civico.org\/wp-content\/uploads\/2026\/01\/DSC02623.jpg 2048w\" sizes=\"(max-width: 1024px) 100vw, 1024px\" \/>\t\t\t\t\t\t\t\t\t\t\t\t\t\t\t<\/div>\n\t\t\t\t<\/div>\n\t\t\t\t\t<\/div>\n\t\t<\/div>\n\t\t\t\t\t<\/div>\n\t\t<\/section>\n\t\t\t\t<section data-particle_enable=\"false\" data-particle-mobile-disabled=\"false\" class=\"elementor-section elementor-top-section elementor-element elementor-element-4895f02 elementor-section-boxed elementor-section-height-default elementor-section-height-default\" data-id=\"4895f02\" data-element_type=\"section\" data-settings=\"{&quot;jet_parallax_layout_list&quot;:[]}\">\n\t\t\t\t\t\t<div class=\"elementor-container elementor-column-gap-default\">\n\t\t\t\t\t<div class=\"elementor-column elementor-col-100 elementor-top-column elementor-element elementor-element-445ac14\" data-id=\"445ac14\" data-element_type=\"column\">\n\t\t\t<div class=\"elementor-widget-wrap elementor-element-populated\">\n\t\t\t\t\t\t<div class=\"elementor-element elementor-element-7c5afdf dce_masking-none elementor-widget elementor-widget-image\" data-id=\"7c5afdf\" data-element_type=\"widget\" data-widget_type=\"image.default\">\n\t\t\t\t<div class=\"elementor-widget-container\">\n\t\t\t\t\t\t\t\t\t\t\t\t\t\t\t<img decoding=\"async\" width=\"1024\" height=\"576\" src=\"https:\/\/comite-civico.org\/wp-content\/uploads\/2026\/01\/DSC02630-1024x576.jpg\" class=\"attachment-large size-large wp-image-3528\" alt=\"\" srcset=\"https:\/\/comite-civico.org\/wp-content\/uploads\/2026\/01\/DSC02630-1024x576.jpg 1024w, https:\/\/comite-civico.org\/wp-content\/uploads\/2026\/01\/DSC02630-300x169.jpg 300w, https:\/\/comite-civico.org\/wp-content\/uploads\/2026\/01\/DSC02630-768x432.jpg 768w, https:\/\/comite-civico.org\/wp-content\/uploads\/2026\/01\/DSC02630-1536x864.jpg 1536w, https:\/\/comite-civico.org\/wp-content\/uploads\/2026\/01\/DSC02630.jpg 2048w\" sizes=\"(max-width: 1024px) 100vw, 1024px\" \/>\t\t\t\t\t\t\t\t\t\t\t\t\t\t\t<\/div>\n\t\t\t\t<\/div>\n\t\t\t\t\t<\/div>\n\t\t<\/div>\n\t\t\t\t\t<\/div>\n\t\t<\/section>\n\t\t\t\t<section data-particle_enable=\"false\" data-particle-mobile-disabled=\"false\" class=\"elementor-section elementor-top-section elementor-element elementor-element-2d2e7bf elementor-section-boxed elementor-section-height-default elementor-section-height-default\" data-id=\"2d2e7bf\" data-element_type=\"section\" data-settings=\"{&quot;jet_parallax_layout_list&quot;:[]}\">\n\t\t\t\t\t\t<div class=\"elementor-container elementor-column-gap-default\">\n\t\t\t\t\t<div class=\"elementor-column elementor-col-100 elementor-top-column elementor-element elementor-element-0399e5e\" data-id=\"0399e5e\" data-element_type=\"column\">\n\t\t\t<div class=\"elementor-widget-wrap elementor-element-populated\">\n\t\t\t\t\t\t<div class=\"elementor-element elementor-element-28a86b4 dce_masking-none elementor-widget elementor-widget-image\" data-id=\"28a86b4\" data-element_type=\"widget\" data-widget_type=\"image.default\">\n\t\t\t\t<div class=\"elementor-widget-container\">\n\t\t\t\t\t\t\t\t\t\t\t\t\t\t\t<img loading=\"lazy\" decoding=\"async\" width=\"1024\" height=\"662\" src=\"https:\/\/comite-civico.org\/wp-content\/uploads\/2026\/01\/DSC02637-1024x662.jpg\" class=\"attachment-large size-large wp-image-3532\" alt=\"\" srcset=\"https:\/\/comite-civico.org\/wp-content\/uploads\/2026\/01\/DSC02637-1024x662.jpg 1024w, https:\/\/comite-civico.org\/wp-content\/uploads\/2026\/01\/DSC02637-300x194.jpg 300w, https:\/\/comite-civico.org\/wp-content\/uploads\/2026\/01\/DSC02637-768x496.jpg 768w, https:\/\/comite-civico.org\/wp-content\/uploads\/2026\/01\/DSC02637-1536x992.jpg 1536w, https:\/\/comite-civico.org\/wp-content\/uploads\/2026\/01\/DSC02637.jpg 2048w\" sizes=\"(max-width: 1024px) 100vw, 1024px\" \/>\t\t\t\t\t\t\t\t\t\t\t\t\t\t\t<\/div>\n\t\t\t\t<\/div>\n\t\t\t\t\t<\/div>\n\t\t<\/div>\n\t\t\t\t\t<\/div>\n\t\t<\/section>\n\t\t\t\t<\/div>\n\t\t","protected":false},"excerpt":{"rendered":"<p>Socializan avances del proyecto de reforzamiento estructural del Hospital Luis Ablanque de La Plata \u2013 Sede El Jorge El pasado 14 de julio de 2026, en el distrito de Buenaventura, se llev\u00f3 a cabo una reuni\u00f3n interinstitucional y comunitaria para la socializaci\u00f3n de los avances del proyecto de reforzamiento estructural del Hospital Luis Ablanque de &#8230; <a title=\"Comunidades y entidades hacen seguimiento al reforzamiento estructural del Hospital Luis Ablanque en Buenaventura\" class=\"read-more\" href=\"https:\/\/comite-civico.org\/?p=3522\" aria-label=\"Read more about Comunidades y entidades hacen seguimiento al reforzamiento estructural del Hospital Luis Ablanque en Buenaventura\">Leer m\u00e1s<\/a><\/p>\n","protected":false},"author":1,"featured_media":3538,"comment_status":"open","ping_status":"open","sticky":false,"template":"","format":"standard","meta":{"footnotes":""},"categories":[1],"tags":[],"class_list":["post-3522","post","type-post","status-publish","format-standard","has-post-thumbnail","hentry","category-sin-categoria"],"acf":[],"yoast_head":"<!-- This site is optimized with the Yoast SEO plugin v25.0 - https:\/\/yoast.com\/wordpress\/plugins\/seo\/ -->\n<title>Comunidades y entidades hacen seguimiento al reforzamiento estructural del Hospital Luis Ablanque en Buenaventura - Movimiento Social Paro C\u00edvico de Buenaventura<\/title>\n<meta name=\"robots\" content=\"index, follow, max-snippet:-1, max-image-preview:large, max-video-preview:-1\" \/>\n<link rel=\"canonical\" href=\"https:\/\/comite-civico.org\/?p=3522\" \/>\n<meta property=\"og:locale\" content=\"es_ES\" \/>\n<meta property=\"og:type\" content=\"article\" \/>\n<meta property=\"og:title\" content=\"Comunidades y entidades hacen seguimiento al reforzamiento estructural del Hospital Luis Ablanque en Buenaventura - Movimiento Social Paro C\u00edvico de Buenaventura\" \/>\n<meta property=\"og:description\" content=\"Socializan avances del proyecto de reforzamiento estructural del Hospital Luis Ablanque de La Plata \u2013 Sede El Jorge El pasado 14 de julio de 2026, en el distrito de Buenaventura, se llev\u00f3 a cabo una reuni\u00f3n interinstitucional y comunitaria para la socializaci\u00f3n de los avances del proyecto de reforzamiento estructural del Hospital Luis Ablanque de ... Leer m\u00e1s\" \/>\n<meta property=\"og:url\" content=\"https:\/\/comite-civico.org\/?p=3522\" \/>\n<meta property=\"og:site_name\" content=\"Movimiento Social Paro C\u00edvico de Buenaventura\" \/>\n<meta property=\"article:published_time\" content=\"2026-01-16T16:29:49+00:00\" \/>\n<meta property=\"article:modified_time\" content=\"2026-01-16T16:34:10+00:00\" \/>\n<meta property=\"og:image\" content=\"http:\/\/comite-civico.org\/wp-content\/uploads\/2026\/01\/hospital-2-1.jpg\" \/>\n\t<meta property=\"og:image:width\" content=\"1920\" \/>\n\t<meta property=\"og:image:height\" content=\"1080\" \/>\n\t<meta property=\"og:image:type\" content=\"image\/jpeg\" \/>\n<meta name=\"author\" content=\"comiteadmin\" \/>\n<meta name=\"twitter:card\" content=\"summary_large_image\" \/>\n<meta name=\"twitter:label1\" content=\"Escrito por\" \/>\n\t<meta name=\"twitter:data1\" content=\"comiteadmin\" \/>\n\t<meta name=\"twitter:label2\" content=\"Tiempo de lectura\" \/>\n\t<meta name=\"twitter:data2\" content=\"4 minutos\" \/>\n<script type=\"application\/ld+json\" class=\"yoast-schema-graph\">{\"@context\":\"https:\/\/schema.org\",\"@graph\":[{\"@type\":\"Article\",\"@id\":\"https:\/\/comite-civico.org\/?p=3522#article\",\"isPartOf\":{\"@id\":\"https:\/\/comite-civico.org\/?p=3522\"},\"author\":{\"name\":\"comiteadmin\",\"@id\":\"https:\/\/comite-civico.org\/#\/schema\/person\/eebdf569aa3565fa603cc9c5b53cea34\"},\"headline\":\"Comunidades y entidades hacen seguimiento al reforzamiento estructural del Hospital Luis Ablanque en Buenaventura\",\"datePublished\":\"2026-01-16T16:29:49+00:00\",\"dateModified\":\"2026-01-16T16:34:10+00:00\",\"mainEntityOfPage\":{\"@id\":\"https:\/\/comite-civico.org\/?p=3522\"},\"wordCount\":560,\"commentCount\":0,\"publisher\":{\"@id\":\"https:\/\/comite-civico.org\/#organization\"},\"image\":{\"@id\":\"https:\/\/comite-civico.org\/?p=3522#primaryimage\"},\"thumbnailUrl\":\"https:\/\/comite-civico.org\/wp-content\/uploads\/2026\/01\/hospital-2-1.jpg\",\"inLanguage\":\"es-CO\",\"potentialAction\":[{\"@type\":\"CommentAction\",\"name\":\"Comment\",\"target\":[\"https:\/\/comite-civico.org\/?p=3522#respond\"]}]},{\"@type\":\"WebPage\",\"@id\":\"https:\/\/comite-civico.org\/?p=3522\",\"url\":\"https:\/\/comite-civico.org\/?p=3522\",\"name\":\"Comunidades y entidades hacen seguimiento al reforzamiento estructural del Hospital Luis Ablanque en Buenaventura - Movimiento Social Paro C\u00edvico de Buenaventura\",\"isPartOf\":{\"@id\":\"https:\/\/comite-civico.org\/#website\"},\"primaryImageOfPage\":{\"@id\":\"https:\/\/comite-civico.org\/?p=3522#primaryimage\"},\"image\":{\"@id\":\"https:\/\/comite-civico.org\/?p=3522#primaryimage\"},\"thumbnailUrl\":\"https:\/\/comite-civico.org\/wp-content\/uploads\/2026\/01\/hospital-2-1.jpg\",\"datePublished\":\"2026-01-16T16:29:49+00:00\",\"dateModified\":\"2026-01-16T16:34:10+00:00\",\"breadcrumb\":{\"@id\":\"https:\/\/comite-civico.org\/?p=3522#breadcrumb\"},\"inLanguage\":\"es-CO\",\"potentialAction\":[{\"@type\":\"ReadAction\",\"target\":[\"https:\/\/comite-civico.org\/?p=3522\"]}]},{\"@type\":\"ImageObject\",\"inLanguage\":\"es-CO\",\"@id\":\"https:\/\/comite-civico.org\/?p=3522#primaryimage\",\"url\":\"https:\/\/comite-civico.org\/wp-content\/uploads\/2026\/01\/hospital-2-1.jpg\",\"contentUrl\":\"https:\/\/comite-civico.org\/wp-content\/uploads\/2026\/01\/hospital-2-1.jpg\",\"width\":1920,\"height\":1080},{\"@type\":\"BreadcrumbList\",\"@id\":\"https:\/\/comite-civico.org\/?p=3522#breadcrumb\",\"itemListElement\":[{\"@type\":\"ListItem\",\"position\":1,\"name\":\"Inicio\",\"item\":\"https:\/\/comite-civico.org\/\"},{\"@type\":\"ListItem\",\"position\":2,\"name\":\"Comunidades y entidades hacen seguimiento al reforzamiento estructural del Hospital Luis Ablanque en Buenaventura\"}]},{\"@type\":\"WebSite\",\"@id\":\"https:\/\/comite-civico.org\/#website\",\"url\":\"https:\/\/comite-civico.org\/\",\"name\":\"Movimiento Social Paro C\u00edvico de Buenaventura\",\"description\":\"Movimiento Social Paro C\u00edvico de Buenaventura\",\"publisher\":{\"@id\":\"https:\/\/comite-civico.org\/#organization\"},\"potentialAction\":[{\"@type\":\"SearchAction\",\"target\":{\"@type\":\"EntryPoint\",\"urlTemplate\":\"https:\/\/comite-civico.org\/?s={search_term_string}\"},\"query-input\":{\"@type\":\"PropertyValueSpecification\",\"valueRequired\":true,\"valueName\":\"search_term_string\"}}],\"inLanguage\":\"es-CO\"},{\"@type\":\"Organization\",\"@id\":\"https:\/\/comite-civico.org\/#organization\",\"name\":\"Movimiento Social Paro C\u00edvico de Buenaventura\",\"url\":\"https:\/\/comite-civico.org\/\",\"logo\":{\"@type\":\"ImageObject\",\"inLanguage\":\"es-CO\",\"@id\":\"https:\/\/comite-civico.org\/#\/schema\/logo\/image\/\",\"url\":\"https:\/\/comite-civico.org\/wp-content\/uploads\/2021\/03\/Logo-de-Movimiento-Blanco-scaled.png\",\"contentUrl\":\"https:\/\/comite-civico.org\/wp-content\/uploads\/2021\/03\/Logo-de-Movimiento-Blanco-scaled.png\",\"width\":2560,\"height\":1810,\"caption\":\"Movimiento Social Paro C\u00edvico de Buenaventura\"},\"image\":{\"@id\":\"https:\/\/comite-civico.org\/#\/schema\/logo\/image\/\"}},{\"@type\":\"Person\",\"@id\":\"https:\/\/comite-civico.org\/#\/schema\/person\/eebdf569aa3565fa603cc9c5b53cea34\",\"name\":\"comiteadmin\",\"image\":{\"@type\":\"ImageObject\",\"inLanguage\":\"es-CO\",\"@id\":\"https:\/\/comite-civico.org\/#\/schema\/person\/image\/\",\"url\":\"https:\/\/secure.gravatar.com\/avatar\/516fb540621996b28f565fdf033072d55dd3fe76896ef4af5250b5fec1b457fe?s=96&d=mm&r=g\",\"contentUrl\":\"https:\/\/secure.gravatar.com\/avatar\/516fb540621996b28f565fdf033072d55dd3fe76896ef4af5250b5fec1b457fe?s=96&d=mm&r=g\",\"caption\":\"comiteadmin\"},\"sameAs\":[\"https:\/\/comite-civico.org\/\"],\"url\":\"https:\/\/comite-civico.org\/?author=1\"}]}<\/script>\n<!-- \/ Yoast SEO plugin. -->","yoast_head_json":{"title":"Comunidades y entidades hacen seguimiento al reforzamiento estructural del Hospital Luis Ablanque en Buenaventura - Movimiento Social Paro C\u00edvico de Buenaventura","robots":{"index":"index","follow":"follow","max-snippet":"max-snippet:-1","max-image-preview":"max-image-preview:large","max-video-preview":"max-video-preview:-1"},"canonical":"https:\/\/comite-civico.org\/?p=3522","og_locale":"es_ES","og_type":"article","og_title":"Comunidades y entidades hacen seguimiento al reforzamiento estructural del Hospital Luis Ablanque en Buenaventura - Movimiento Social Paro C\u00edvico de Buenaventura","og_description":"Socializan avances del proyecto de reforzamiento estructural del Hospital Luis Ablanque de La Plata \u2013 Sede El Jorge El pasado 14 de julio de 2026, en el distrito de Buenaventura, se llev\u00f3 a cabo una reuni\u00f3n interinstitucional y comunitaria para la socializaci\u00f3n de los avances del proyecto de reforzamiento estructural del Hospital Luis Ablanque de ... Leer m\u00e1s","og_url":"https:\/\/comite-civico.org\/?p=3522","og_site_name":"Movimiento Social Paro C\u00edvico de Buenaventura","article_published_time":"2026-01-16T16:29:49+00:00","article_modified_time":"2026-01-16T16:34:10+00:00","og_image":[{"width":1920,"height":1080,"url":"http:\/\/comite-civico.org\/wp-content\/uploads\/2026\/01\/hospital-2-1.jpg","type":"image\/jpeg"}],"author":"comiteadmin","twitter_card":"summary_large_image","twitter_misc":{"Escrito por":"comiteadmin","Tiempo de lectura":"4 minutos"},"schema":{"@context":"https:\/\/schema.org","@graph":[{"@type":"Article","@id":"https:\/\/comite-civico.org\/?p=3522#article","isPartOf":{"@id":"https:\/\/comite-civico.org\/?p=3522"},"author":{"name":"comiteadmin","@id":"https:\/\/comite-civico.org\/#\/schema\/person\/eebdf569aa3565fa603cc9c5b53cea34"},"headline":"Comunidades y entidades hacen seguimiento al reforzamiento estructural del Hospital Luis Ablanque en Buenaventura","datePublished":"2026-01-16T16:29:49+00:00","dateModified":"2026-01-16T16:34:10+00:00","mainEntityOfPage":{"@id":"https:\/\/comite-civico.org\/?p=3522"},"wordCount":560,"commentCount":0,"publisher":{"@id":"https:\/\/comite-civico.org\/#organization"},"image":{"@id":"https:\/\/comite-civico.org\/?p=3522#primaryimage"},"thumbnailUrl":"https:\/\/comite-civico.org\/wp-content\/uploads\/2026\/01\/hospital-2-1.jpg","inLanguage":"es-CO","potentialAction":[{"@type":"CommentAction","name":"Comment","target":["https:\/\/comite-civico.org\/?p=3522#respond"]}]},{"@type":"WebPage","@id":"https:\/\/comite-civico.org\/?p=3522","url":"https:\/\/comite-civico.org\/?p=3522","name":"Comunidades y entidades hacen seguimiento al reforzamiento estructural del Hospital Luis Ablanque en Buenaventura - Movimiento Social Paro C\u00edvico de Buenaventura","isPartOf":{"@id":"https:\/\/comite-civico.org\/#website"},"primaryImageOfPage":{"@id":"https:\/\/comite-civico.org\/?p=3522#primaryimage"},"image":{"@id":"https:\/\/comite-civico.org\/?p=3522#primaryimage"},"thumbnailUrl":"https:\/\/comite-civico.org\/wp-content\/uploads\/2026\/01\/hospital-2-1.jpg","datePublished":"2026-01-16T16:29:49+00:00","dateModified":"2026-01-16T16:34:10+00:00","breadcrumb":{"@id":"https:\/\/comite-civico.org\/?p=3522#breadcrumb"},"inLanguage":"es-CO","potentialAction":[{"@type":"ReadAction","target":["https:\/\/comite-civico.org\/?p=3522"]}]},{"@type":"ImageObject","inLanguage":"es-CO","@id":"https:\/\/comite-civico.org\/?p=3522#primaryimage","url":"https:\/\/comite-civico.org\/wp-content\/uploads\/2026\/01\/hospital-2-1.jpg","contentUrl":"https:\/\/comite-civico.org\/wp-content\/uploads\/2026\/01\/hospital-2-1.jpg","width":1920,"height":1080},{"@type":"BreadcrumbList","@id":"https:\/\/comite-civico.org\/?p=3522#breadcrumb","itemListElement":[{"@type":"ListItem","position":1,"name":"Inicio","item":"https:\/\/comite-civico.org\/"},{"@type":"ListItem","position":2,"name":"Comunidades y entidades hacen seguimiento al reforzamiento estructural del Hospital Luis Ablanque en Buenaventura"}]},{"@type":"WebSite","@id":"https:\/\/comite-civico.org\/#website","url":"https:\/\/comite-civico.org\/","name":"Movimiento Social Paro C\u00edvico de Buenaventura","description":"Movimiento Social Paro C\u00edvico de Buenaventura","publisher":{"@id":"https:\/\/comite-civico.org\/#organization"},"potentialAction":[{"@type":"SearchAction","target":{"@type":"EntryPoint","urlTemplate":"https:\/\/comite-civico.org\/?s={search_term_string}"},"query-input":{"@type":"PropertyValueSpecification","valueRequired":true,"valueName":"search_term_string"}}],"inLanguage":"es-CO"},{"@type":"Organization","@id":"https:\/\/comite-civico.org\/#organization","name":"Movimiento Social Paro C\u00edvico de Buenaventura","url":"https:\/\/comite-civico.org\/","logo":{"@type":"ImageObject","inLanguage":"es-CO","@id":"https:\/\/comite-civico.org\/#\/schema\/logo\/image\/","url":"https:\/\/comite-civico.org\/wp-content\/uploads\/2021\/03\/Logo-de-Movimiento-Blanco-scaled.png","contentUrl":"https:\/\/comite-civico.org\/wp-content\/uploads\/2021\/03\/Logo-de-Movimiento-Blanco-scaled.png","width":2560,"height":1810,"caption":"Movimiento Social Paro C\u00edvico de Buenaventura"},"image":{"@id":"https:\/\/comite-civico.org\/#\/schema\/logo\/image\/"}},{"@type":"Person","@id":"https:\/\/comite-civico.org\/#\/schema\/person\/eebdf569aa3565fa603cc9c5b53cea34","name":"comiteadmin","image":{"@type":"ImageObject","inLanguage":"es-CO","@id":"https:\/\/comite-civico.org\/#\/schema\/person\/image\/","url":"https:\/\/secure.gravatar.com\/avatar\/516fb540621996b28f565fdf033072d55dd3fe76896ef4af5250b5fec1b457fe?s=96&d=mm&r=g","contentUrl":"https:\/\/secure.gravatar.com\/avatar\/516fb540621996b28f565fdf033072d55dd3fe76896ef4af5250b5fec1b457fe?s=96&d=mm&r=g","caption":"comiteadmin"},"sameAs":["https:\/\/comite-civico.org\/"],"url":"https:\/\/comite-civico.org\/?author=1"}]}},"_links":{"self":[{"href":"https:\/\/comite-civico.org\/index.php?rest_route=\/wp\/v2\/posts\/3522","targetHints":{"allow":["GET"]}}],"collection":[{"href":"https:\/\/comite-civico.org\/index.php?rest_route=\/wp\/v2\/posts"}],"about":[{"href":"https:\/\/comite-civico.org\/index.php?rest_route=\/wp\/v2\/types\/post"}],"author":[{"embeddable":true,"href":"https:\/\/comite-civico.org\/index.php?rest_route=\/wp\/v2\/users\/1"}],"replies":[{"embeddable":true,"href":"https:\/\/comite-civico.org\/index.php?rest_route=%2Fwp%2Fv2%2Fcomments&post=3522"}],"version-history":[{"count":4,"href":"https:\/\/comite-civico.org\/index.php?rest_route=\/wp\/v2\/posts\/3522\/revisions"}],"predecessor-version":[{"id":3536,"href":"https:\/\/comite-civico.org\/index.php?rest_route=\/wp\/v2\/posts\/3522\/revisions\/3536"}],"wp:featuredmedia":[{"embeddable":true,"href":"https:\/\/comite-civico.org\/index.php?rest_route=\/wp\/v2\/media\/3538"}],"wp:attachment":[{"href":"https:\/\/comite-civico.org\/index.php?rest_route=%2Fwp%2Fv2%2Fmedia&parent=3522"}],"wp:term":[{"taxonomy":"category","embeddable":true,"href":"https:\/\/comite-civico.org\/index.php?rest_route=%2Fwp%2Fv2%2Fcategories&post=3522"},{"taxonomy":"post_tag","embeddable":true,"href":"https:\/\/comite-civico.org\/index.php?rest_route=%2Fwp%2Fv2%2Ftags&post=3522"}],"curies":[{"name":"wp","href":"https:\/\/api.w.org\/{rel}","templated":true}]}}