{"id":3436,"date":"2026-01-06T20:37:15","date_gmt":"2026-01-07T01:37:15","guid":{"rendered":"https:\/\/comite-civico.org\/?p=3436"},"modified":"2026-01-06T20:39:27","modified_gmt":"2026-01-07T01:39:27","slug":"defendamos-la-democracia-y-la-soberania-de-colombia","status":"publish","type":"post","link":"https:\/\/comite-civico.org\/?p=3436","title":{"rendered":"\u00a1Defendamos la democracia y la soberan\u00eda de Colombia!"},"content":{"rendered":"\t\t<div data-elementor-type=\"wp-post\" data-elementor-id=\"3436\" class=\"elementor elementor-3436\" data-elementor-post-type=\"post\">\n\t\t\t\t\t\t<section data-particle_enable=\"false\" data-particle-mobile-disabled=\"false\" class=\"elementor-section elementor-top-section elementor-element elementor-element-6324f5d elementor-section-boxed elementor-section-height-default elementor-section-height-default\" data-id=\"6324f5d\" data-element_type=\"section\" data-settings=\"{&quot;jet_parallax_layout_list&quot;:[]}\">\n\t\t\t\t\t\t<div class=\"elementor-container elementor-column-gap-default\">\n\t\t\t\t\t<div class=\"elementor-column elementor-col-100 elementor-top-column elementor-element elementor-element-8a2ba36\" data-id=\"8a2ba36\" data-element_type=\"column\">\n\t\t\t<div class=\"elementor-widget-wrap elementor-element-populated\">\n\t\t\t\t\t\t<div class=\"elementor-element elementor-element-4818122 elementor-widget elementor-widget-text-editor\" data-id=\"4818122\" data-element_type=\"widget\" data-widget_type=\"text-editor.default\">\n\t\t\t\t<div class=\"elementor-widget-container\">\n\t\t\t\t\t\t\t\t\t<h2 data-start=\"227\" data-end=\"286\">Contexto de la situaci\u00f3n entre Estados Unidos y Colombia<\/h2>\n<p data-start=\"288\" data-end=\"586\">En los \u00faltimos d\u00edas se ha intensificado una <strong data-start=\"332\" data-end=\"398\">tensi\u00f3n diplom\u00e1tica y pol\u00edtica entre Estados Unidos y Colombia<\/strong> tras declaraciones del presidente estadounidense <strong data-start=\"448\" data-end=\"464\">Donald Trump<\/strong> dirigidas directamente al gobierno colombiano y a su mandatario, <strong data-start=\"530\" data-end=\"547\">Gustavo Petro<\/strong>. <span class=\"\" data-state=\"closed\"><span class=\"ms-1 inline-flex max-w-full items-center relative top-[-0.094rem] animate-[show_150ms_ease-in]\" data-testid=\"webpage-citation-pill\"><a class=\"flex h-4.5 overflow-hidden rounded-xl px-2 text-[9px] font-medium transition-colors duration-150 ease-in-out text-token-text-secondary! bg-[#F4F4F4]! dark:bg-[#303030]!\" href=\"https:\/\/www.nacion.com\/el-mundo\/trump-amenaza-a-colombia-y-lanza-ataques\/L5VYG2MIH5FLVD6ZD765J4KF7M\/story\/\" target=\"_blank\" rel=\"noopener\"><span class=\"relative start-0 bottom-0 flex h-full w-full items-center\"><span class=\"flex h-4 w-full items-center justify-between\"><span class=\"max-w-[15ch] grow truncate overflow-hidden text-center\">La Naci\u00f3n<\/span><span class=\"-me-1 flex h-full items-center rounded-full px-1 text-[#8F8F8F]\">+1<\/span><\/span><\/span><\/a><\/span><\/span><\/p>\n<p data-start=\"588\" data-end=\"960\">Seg\u00fan lo reportado, desde el avi\u00f3n presidencial y ante la prensa, Trump afirm\u00f3 que <strong data-start=\"671\" data-end=\"724\">Colombia estar\u00eda \u201cdirigida por un hombre enfermo\u201d<\/strong> y sugiri\u00f3 que el pa\u00eds podr\u00eda ser objeto de acciones directas por parte de Estados Unidos, haciendo alusi\u00f3n a supuestos v\u00ednculos con la producci\u00f3n y venta de coca\u00edna hacia territorio estadounidense.\u00a0<\/p>\n<p data-start=\"962\" data-end=\"1214\">Estas afirmaciones, realizadas sin presentar pruebas verificables, han sido interpretadas como <strong data-start=\"1057\" data-end=\"1120\">amenazas verbales que profundizan una escalada de tensiones<\/strong> entre ambos estados en un momento diplom\u00e1tico delicado. <span class=\"\" data-state=\"closed\"><span class=\"ms-1 inline-flex max-w-full items-center relative top-[-0.094rem] animate-[show_150ms_ease-in]\" data-testid=\"webpage-citation-pill\"><a class=\"flex h-4.5 overflow-hidden rounded-xl px-2 text-[9px] font-medium transition-colors duration-150 ease-in-out text-token-text-secondary! bg-[#F4F4F4]! dark:bg-[#303030]!\" href=\"https:\/\/www.reuters.com\/world\/americas\/colombia-continue-work-with-us-drug-trafficking-government-says-2026-01-05\/?utm_source=chatgpt.com\" target=\"_blank\" rel=\"noopener\"><span class=\"relative start-0 bottom-0 flex h-full w-full items-center\"><span class=\"flex h-4 w-full items-center justify-between overflow-hidden\"><span class=\"max-w-[15ch] grow truncate overflow-hidden text-center\">Reuters<\/span><\/span><\/span><\/a><\/span><\/span><\/p>\n<p data-start=\"1216\" data-end=\"1779\">El gobierno del presidente Petro ha rechazado tajantemente estas declaraciones, se\u00f1al\u00e1ndolas como una <strong data-start=\"1318\" data-end=\"1368\">injerencia en los asuntos internos de Colombia<\/strong> y un intento de deslegitimar el combate que el pa\u00eds ha desarrollado contra el narcotr\u00e1fico. <span class=\"\" data-state=\"closed\"><span class=\"ms-1 inline-flex max-w-full items-center relative top-[-0.094rem] animate-[show_150ms_ease-in]\" data-testid=\"webpage-citation-pill\"><a class=\"flex h-4.5 overflow-hidden rounded-xl px-2 text-[9px] font-medium transition-colors duration-150 ease-in-out text-token-text-secondary! bg-[#F4F4F4]! dark:bg-[#303030]!\" href=\"https:\/\/www.reuters.com\/world\/americas\/colombia-continue-work-with-us-drug-trafficking-government-says-2026-01-05\/?utm_source=chatgpt.com\" target=\"_blank\" rel=\"noopener\"><span class=\"relative start-0 bottom-0 flex h-full w-full items-center\"><span class=\"flex h-4 w-full items-center justify-between overflow-hidden\"><span class=\"max-w-[15ch] grow truncate overflow-hidden text-center\">Reuters<\/span><\/span><\/span><\/a><\/span><\/span> Las autoridades han reiterado que, a pesar de las diferencias pol\u00edticas y de enfoques, Colombia continuar\u00e1 <strong data-start=\"1606\" data-end=\"1687\">cooperando en la lucha contra el narcotr\u00e1fico y la criminalidad transnacional<\/strong>, bajo sus propias pol\u00edticas y respeto a su soberan\u00eda. <span class=\"\" data-state=\"closed\"><span class=\"ms-1 inline-flex max-w-full items-center relative top-[-0.094rem] animate-[show_150ms_ease-in]\" data-testid=\"webpage-citation-pill\"><a class=\"flex h-4.5 overflow-hidden rounded-xl px-2 text-[9px] font-medium transition-colors duration-150 ease-in-out text-token-text-secondary! bg-[#F4F4F4]! dark:bg-[#303030]!\" href=\"https:\/\/www.reuters.com\/world\/americas\/colombia-continue-work-with-us-drug-trafficking-government-says-2026-01-05\/?utm_source=chatgpt.com\" target=\"_blank\" rel=\"noopener\"><span class=\"relative start-0 bottom-0 flex h-full w-full items-center\"><span class=\"flex h-4 w-full items-center justify-between overflow-hidden\"><span class=\"max-w-[15ch] grow truncate overflow-hidden text-center\">Reuters<\/span><\/span><\/span><\/a><\/span><\/span><\/p>\n<p data-start=\"1781\" data-end=\"2136\">Este episodio se enmarca tambi\u00e9n en un contexto m\u00e1s amplio de tensiones regionales, tras acciones militares de Estados Unidos en pa\u00edses vecinos y debates sobre la legalidad de intervenciones extraterritoriales, lo cual ha generado profunda preocupaci\u00f3n en sectores pol\u00edticos, sociales y diplom\u00e1ticos de Latinoam\u00e9rica. <span class=\"\" data-state=\"closed\"><span class=\"ms-1 inline-flex max-w-full items-center relative top-[-0.094rem] animate-[show_150ms_ease-in]\" data-testid=\"webpage-citation-pill\"><a class=\"flex h-4.5 overflow-hidden rounded-xl px-2 text-[9px] font-medium transition-colors duration-150 ease-in-out text-token-text-secondary! bg-[#F4F4F4]! dark:bg-[#303030]!\" href=\"https:\/\/apnews.com\/article\/2e400f5753570b70487fd3d3fa50261e?utm_source=chatgpt.com\" target=\"_blank\" rel=\"noopener\"><span class=\"relative start-0 bottom-0 flex h-full w-full items-center\"><span class=\"flex h-4 w-full items-center justify-between overflow-hidden\"><span class=\"max-w-[15ch] grow truncate overflow-hidden text-center\">AP News<\/span><\/span><\/span><\/a><\/span><\/span><\/p>\n<p data-start=\"2138\" data-end=\"2406\">El avance de estos hechos ha generado una respuesta unitaria en distintos sectores de la sociedad colombiana que <strong data-start=\"2251\" data-end=\"2352\">ven en estas declaraciones una amenaza directa a la independencia pol\u00edtica y territorial del pa\u00eds<\/strong>, y exigen una defensa firme de la soberan\u00eda nacional.<\/p>\n<hr data-start=\"2408\" data-end=\"2411\" \/>\n<h2 data-start=\"2413\" data-end=\"2449\">Convocatoria al plant\u00f3n de ma\u00f1ana<\/h2>\n<p data-start=\"2451\" data-end=\"2733\">La <strong data-start=\"2454\" data-end=\"2496\">Central Unitaria de Trabajadores (CUT)<\/strong>, ante esta situaci\u00f3n de presi\u00f3n y agresi\u00f3n verbal desde el exterior, convoca a toda la ciudadan\u00eda colombiana, <strong data-start=\"2607\" data-end=\"2655\">especialmente en el distrito de Buenaventura<\/strong>, a un <strong data-start=\"2662\" data-end=\"2732\">plant\u00f3n masivo en defensa de la democracia y la soberan\u00eda nacional<\/strong>.<\/p>\n<p data-start=\"2735\" data-end=\"2787\"><strong data-start=\"2735\" data-end=\"2745\">Lugar:<\/strong> Bulevar del Centro<br data-start=\"2764\" data-end=\"2767\" \/><strong data-start=\"2767\" data-end=\"2776\">Hora:<\/strong> 4:00 p. m.<\/p>\n<p data-start=\"2789\" data-end=\"2989\">Este encuentro busca rechazar cualquier forma de <strong data-start=\"2838\" data-end=\"2863\">injerencia extranjera<\/strong> en los asuntos internos de nuestro pa\u00eds y manifestar la <strong data-start=\"2920\" data-end=\"2988\">unidad popular en defensa de la autodeterminaci\u00f3n de los pueblos<\/strong>.<\/p>\n<p data-start=\"2991\" data-end=\"3043\">Colombia se defiende desde su pueblo y con dignidad.<\/p>\t\t\t\t\t\t\t\t<\/div>\n\t\t\t\t<\/div>\n\t\t\t\t\t<\/div>\n\t\t<\/div>\n\t\t\t\t\t<\/div>\n\t\t<\/section>\n\t\t\t\t<section data-particle_enable=\"false\" data-particle-mobile-disabled=\"false\" class=\"elementor-section elementor-top-section elementor-element elementor-element-d373ad5 elementor-section-boxed elementor-section-height-default elementor-section-height-default\" data-id=\"d373ad5\" data-element_type=\"section\" data-settings=\"{&quot;jet_parallax_layout_list&quot;:[]}\">\n\t\t\t\t\t\t<div class=\"elementor-container elementor-column-gap-default\">\n\t\t\t\t\t<div class=\"elementor-column elementor-col-100 elementor-top-column elementor-element elementor-element-930bc10\" data-id=\"930bc10\" data-element_type=\"column\">\n\t\t\t<div class=\"elementor-widget-wrap elementor-element-populated\">\n\t\t\t\t\t\t<div class=\"elementor-element elementor-element-364cbb5 dce_masking-none elementor-widget elementor-widget-image\" data-id=\"364cbb5\" data-element_type=\"widget\" data-widget_type=\"image.default\">\n\t\t\t\t<div class=\"elementor-widget-container\">\n\t\t\t\t\t\t\t\t\t\t\t\t\t\t\t<img fetchpriority=\"high\" decoding=\"async\" width=\"671\" height=\"1024\" src=\"https:\/\/comite-civico.org\/wp-content\/uploads\/2026\/01\/planton-2026-671x1024.jpeg\" class=\"attachment-large size-large wp-image-3428\" alt=\"\" srcset=\"https:\/\/comite-civico.org\/wp-content\/uploads\/2026\/01\/planton-2026-671x1024.jpeg 671w, https:\/\/comite-civico.org\/wp-content\/uploads\/2026\/01\/planton-2026-197x300.jpeg 197w, https:\/\/comite-civico.org\/wp-content\/uploads\/2026\/01\/planton-2026-768x1172.jpeg 768w, https:\/\/comite-civico.org\/wp-content\/uploads\/2026\/01\/planton-2026.jpeg 839w\" sizes=\"(max-width: 671px) 100vw, 671px\" \/>\t\t\t\t\t\t\t\t\t\t\t\t\t\t\t<\/div>\n\t\t\t\t<\/div>\n\t\t\t\t\t<\/div>\n\t\t<\/div>\n\t\t\t\t\t<\/div>\n\t\t<\/section>\n\t\t\t\t<\/div>\n\t\t","protected":false},"excerpt":{"rendered":"<p>Contexto de la situaci\u00f3n entre Estados Unidos y Colombia En los \u00faltimos d\u00edas se ha intensificado una tensi\u00f3n diplom\u00e1tica y pol\u00edtica entre Estados Unidos y Colombia tras declaraciones del presidente estadounidense Donald Trump dirigidas directamente al gobierno colombiano y a su mandatario, Gustavo Petro. La Naci\u00f3n+1 Seg\u00fan lo reportado, desde el avi\u00f3n presidencial y ante &#8230; <a title=\"\u00a1Defendamos la democracia y la soberan\u00eda de Colombia!\" class=\"read-more\" href=\"https:\/\/comite-civico.org\/?p=3436\" aria-label=\"Read more about \u00a1Defendamos la democracia y la soberan\u00eda de Colombia!\">Leer m\u00e1s<\/a><\/p>\n","protected":false},"author":1,"featured_media":3432,"comment_status":"open","ping_status":"open","sticky":false,"template":"","format":"standard","meta":{"footnotes":""},"categories":[1],"tags":[],"class_list":["post-3436","post","type-post","status-publish","format-standard","has-post-thumbnail","hentry","category-sin-categoria"],"acf":[],"yoast_head":"<!-- This site is optimized with the Yoast SEO plugin v25.0 - https:\/\/yoast.com\/wordpress\/plugins\/seo\/ -->\n<title>\u00a1Defendamos la democracia y la soberan\u00eda de Colombia! - Movimiento Social Paro C\u00edvico de Buenaventura<\/title>\n<meta name=\"robots\" content=\"index, follow, max-snippet:-1, max-image-preview:large, max-video-preview:-1\" \/>\n<link rel=\"canonical\" href=\"https:\/\/comite-civico.org\/?p=3436\" \/>\n<meta property=\"og:locale\" content=\"es_ES\" \/>\n<meta property=\"og:type\" content=\"article\" \/>\n<meta property=\"og:title\" content=\"\u00a1Defendamos la democracia y la soberan\u00eda de Colombia! - Movimiento Social Paro C\u00edvico de Buenaventura\" \/>\n<meta property=\"og:description\" content=\"Contexto de la situaci\u00f3n entre Estados Unidos y Colombia En los \u00faltimos d\u00edas se ha intensificado una tensi\u00f3n diplom\u00e1tica y pol\u00edtica entre Estados Unidos y Colombia tras declaraciones del presidente estadounidense Donald Trump dirigidas directamente al gobierno colombiano y a su mandatario, Gustavo Petro. La Naci\u00f3n+1 Seg\u00fan lo reportado, desde el avi\u00f3n presidencial y ante ... Leer m\u00e1s\" \/>\n<meta property=\"og:url\" content=\"https:\/\/comite-civico.org\/?p=3436\" \/>\n<meta property=\"og:site_name\" content=\"Movimiento Social Paro C\u00edvico de Buenaventura\" \/>\n<meta property=\"article:published_time\" content=\"2026-01-07T01:37:15+00:00\" \/>\n<meta property=\"article:modified_time\" content=\"2026-01-07T01:39:27+00:00\" \/>\n<meta property=\"og:image\" content=\"http:\/\/comite-civico.org\/wp-content\/uploads\/2026\/01\/btura-planton-2026-1.jpg\" \/>\n\t<meta property=\"og:image:width\" content=\"1920\" \/>\n\t<meta property=\"og:image:height\" content=\"1080\" \/>\n\t<meta property=\"og:image:type\" content=\"image\/jpeg\" \/>\n<meta name=\"author\" content=\"comiteadmin\" \/>\n<meta name=\"twitter:card\" content=\"summary_large_image\" \/>\n<meta name=\"twitter:label1\" content=\"Escrito por\" \/>\n\t<meta name=\"twitter:data1\" content=\"comiteadmin\" \/>\n\t<meta name=\"twitter:label2\" content=\"Tiempo de lectura\" \/>\n\t<meta name=\"twitter:data2\" content=\"2 minutos\" \/>\n<script type=\"application\/ld+json\" class=\"yoast-schema-graph\">{\"@context\":\"https:\/\/schema.org\",\"@graph\":[{\"@type\":\"Article\",\"@id\":\"https:\/\/comite-civico.org\/?p=3436#article\",\"isPartOf\":{\"@id\":\"https:\/\/comite-civico.org\/?p=3436\"},\"author\":{\"name\":\"comiteadmin\",\"@id\":\"https:\/\/comite-civico.org\/#\/schema\/person\/eebdf569aa3565fa603cc9c5b53cea34\"},\"headline\":\"\u00a1Defendamos la democracia y la soberan\u00eda de Colombia!\",\"datePublished\":\"2026-01-07T01:37:15+00:00\",\"dateModified\":\"2026-01-07T01:39:27+00:00\",\"mainEntityOfPage\":{\"@id\":\"https:\/\/comite-civico.org\/?p=3436\"},\"wordCount\":432,\"commentCount\":0,\"publisher\":{\"@id\":\"https:\/\/comite-civico.org\/#organization\"},\"image\":{\"@id\":\"https:\/\/comite-civico.org\/?p=3436#primaryimage\"},\"thumbnailUrl\":\"https:\/\/comite-civico.org\/wp-content\/uploads\/2026\/01\/btura-planton-2026-1.jpg\",\"inLanguage\":\"es-CO\",\"potentialAction\":[{\"@type\":\"CommentAction\",\"name\":\"Comment\",\"target\":[\"https:\/\/comite-civico.org\/?p=3436#respond\"]}]},{\"@type\":\"WebPage\",\"@id\":\"https:\/\/comite-civico.org\/?p=3436\",\"url\":\"https:\/\/comite-civico.org\/?p=3436\",\"name\":\"\u00a1Defendamos la democracia y la soberan\u00eda de Colombia! - Movimiento Social Paro C\u00edvico de Buenaventura\",\"isPartOf\":{\"@id\":\"https:\/\/comite-civico.org\/#website\"},\"primaryImageOfPage\":{\"@id\":\"https:\/\/comite-civico.org\/?p=3436#primaryimage\"},\"image\":{\"@id\":\"https:\/\/comite-civico.org\/?p=3436#primaryimage\"},\"thumbnailUrl\":\"https:\/\/comite-civico.org\/wp-content\/uploads\/2026\/01\/btura-planton-2026-1.jpg\",\"datePublished\":\"2026-01-07T01:37:15+00:00\",\"dateModified\":\"2026-01-07T01:39:27+00:00\",\"breadcrumb\":{\"@id\":\"https:\/\/comite-civico.org\/?p=3436#breadcrumb\"},\"inLanguage\":\"es-CO\",\"potentialAction\":[{\"@type\":\"ReadAction\",\"target\":[\"https:\/\/comite-civico.org\/?p=3436\"]}]},{\"@type\":\"ImageObject\",\"inLanguage\":\"es-CO\",\"@id\":\"https:\/\/comite-civico.org\/?p=3436#primaryimage\",\"url\":\"https:\/\/comite-civico.org\/wp-content\/uploads\/2026\/01\/btura-planton-2026-1.jpg\",\"contentUrl\":\"https:\/\/comite-civico.org\/wp-content\/uploads\/2026\/01\/btura-planton-2026-1.jpg\",\"width\":1920,\"height\":1080},{\"@type\":\"BreadcrumbList\",\"@id\":\"https:\/\/comite-civico.org\/?p=3436#breadcrumb\",\"itemListElement\":[{\"@type\":\"ListItem\",\"position\":1,\"name\":\"Inicio\",\"item\":\"https:\/\/comite-civico.org\/\"},{\"@type\":\"ListItem\",\"position\":2,\"name\":\"\u00a1Defendamos la democracia y la soberan\u00eda de Colombia!\"}]},{\"@type\":\"WebSite\",\"@id\":\"https:\/\/comite-civico.org\/#website\",\"url\":\"https:\/\/comite-civico.org\/\",\"name\":\"Movimiento Social Paro C\u00edvico de Buenaventura\",\"description\":\"Movimiento Social Paro C\u00edvico de Buenaventura\",\"publisher\":{\"@id\":\"https:\/\/comite-civico.org\/#organization\"},\"potentialAction\":[{\"@type\":\"SearchAction\",\"target\":{\"@type\":\"EntryPoint\",\"urlTemplate\":\"https:\/\/comite-civico.org\/?s={search_term_string}\"},\"query-input\":{\"@type\":\"PropertyValueSpecification\",\"valueRequired\":true,\"valueName\":\"search_term_string\"}}],\"inLanguage\":\"es-CO\"},{\"@type\":\"Organization\",\"@id\":\"https:\/\/comite-civico.org\/#organization\",\"name\":\"Movimiento Social Paro C\u00edvico de Buenaventura\",\"url\":\"https:\/\/comite-civico.org\/\",\"logo\":{\"@type\":\"ImageObject\",\"inLanguage\":\"es-CO\",\"@id\":\"https:\/\/comite-civico.org\/#\/schema\/logo\/image\/\",\"url\":\"https:\/\/comite-civico.org\/wp-content\/uploads\/2021\/03\/Logo-de-Movimiento-Blanco-scaled.png\",\"contentUrl\":\"https:\/\/comite-civico.org\/wp-content\/uploads\/2021\/03\/Logo-de-Movimiento-Blanco-scaled.png\",\"width\":2560,\"height\":1810,\"caption\":\"Movimiento Social Paro C\u00edvico de Buenaventura\"},\"image\":{\"@id\":\"https:\/\/comite-civico.org\/#\/schema\/logo\/image\/\"}},{\"@type\":\"Person\",\"@id\":\"https:\/\/comite-civico.org\/#\/schema\/person\/eebdf569aa3565fa603cc9c5b53cea34\",\"name\":\"comiteadmin\",\"image\":{\"@type\":\"ImageObject\",\"inLanguage\":\"es-CO\",\"@id\":\"https:\/\/comite-civico.org\/#\/schema\/person\/image\/\",\"url\":\"https:\/\/secure.gravatar.com\/avatar\/516fb540621996b28f565fdf033072d55dd3fe76896ef4af5250b5fec1b457fe?s=96&d=mm&r=g\",\"contentUrl\":\"https:\/\/secure.gravatar.com\/avatar\/516fb540621996b28f565fdf033072d55dd3fe76896ef4af5250b5fec1b457fe?s=96&d=mm&r=g\",\"caption\":\"comiteadmin\"},\"sameAs\":[\"https:\/\/comite-civico.org\/\"],\"url\":\"https:\/\/comite-civico.org\/?author=1\"}]}<\/script>\n<!-- \/ Yoast SEO plugin. -->","yoast_head_json":{"title":"\u00a1Defendamos la democracia y la soberan\u00eda de Colombia! - Movimiento Social Paro C\u00edvico de Buenaventura","robots":{"index":"index","follow":"follow","max-snippet":"max-snippet:-1","max-image-preview":"max-image-preview:large","max-video-preview":"max-video-preview:-1"},"canonical":"https:\/\/comite-civico.org\/?p=3436","og_locale":"es_ES","og_type":"article","og_title":"\u00a1Defendamos la democracia y la soberan\u00eda de Colombia! - Movimiento Social Paro C\u00edvico de Buenaventura","og_description":"Contexto de la situaci\u00f3n entre Estados Unidos y Colombia En los \u00faltimos d\u00edas se ha intensificado una tensi\u00f3n diplom\u00e1tica y pol\u00edtica entre Estados Unidos y Colombia tras declaraciones del presidente estadounidense Donald Trump dirigidas directamente al gobierno colombiano y a su mandatario, Gustavo Petro. La Naci\u00f3n+1 Seg\u00fan lo reportado, desde el avi\u00f3n presidencial y ante ... Leer m\u00e1s","og_url":"https:\/\/comite-civico.org\/?p=3436","og_site_name":"Movimiento Social Paro C\u00edvico de Buenaventura","article_published_time":"2026-01-07T01:37:15+00:00","article_modified_time":"2026-01-07T01:39:27+00:00","og_image":[{"width":1920,"height":1080,"url":"http:\/\/comite-civico.org\/wp-content\/uploads\/2026\/01\/btura-planton-2026-1.jpg","type":"image\/jpeg"}],"author":"comiteadmin","twitter_card":"summary_large_image","twitter_misc":{"Escrito por":"comiteadmin","Tiempo de lectura":"2 minutos"},"schema":{"@context":"https:\/\/schema.org","@graph":[{"@type":"Article","@id":"https:\/\/comite-civico.org\/?p=3436#article","isPartOf":{"@id":"https:\/\/comite-civico.org\/?p=3436"},"author":{"name":"comiteadmin","@id":"https:\/\/comite-civico.org\/#\/schema\/person\/eebdf569aa3565fa603cc9c5b53cea34"},"headline":"\u00a1Defendamos la democracia y la soberan\u00eda de Colombia!","datePublished":"2026-01-07T01:37:15+00:00","dateModified":"2026-01-07T01:39:27+00:00","mainEntityOfPage":{"@id":"https:\/\/comite-civico.org\/?p=3436"},"wordCount":432,"commentCount":0,"publisher":{"@id":"https:\/\/comite-civico.org\/#organization"},"image":{"@id":"https:\/\/comite-civico.org\/?p=3436#primaryimage"},"thumbnailUrl":"https:\/\/comite-civico.org\/wp-content\/uploads\/2026\/01\/btura-planton-2026-1.jpg","inLanguage":"es-CO","potentialAction":[{"@type":"CommentAction","name":"Comment","target":["https:\/\/comite-civico.org\/?p=3436#respond"]}]},{"@type":"WebPage","@id":"https:\/\/comite-civico.org\/?p=3436","url":"https:\/\/comite-civico.org\/?p=3436","name":"\u00a1Defendamos la democracia y la soberan\u00eda de Colombia! - Movimiento Social Paro C\u00edvico de Buenaventura","isPartOf":{"@id":"https:\/\/comite-civico.org\/#website"},"primaryImageOfPage":{"@id":"https:\/\/comite-civico.org\/?p=3436#primaryimage"},"image":{"@id":"https:\/\/comite-civico.org\/?p=3436#primaryimage"},"thumbnailUrl":"https:\/\/comite-civico.org\/wp-content\/uploads\/2026\/01\/btura-planton-2026-1.jpg","datePublished":"2026-01-07T01:37:15+00:00","dateModified":"2026-01-07T01:39:27+00:00","breadcrumb":{"@id":"https:\/\/comite-civico.org\/?p=3436#breadcrumb"},"inLanguage":"es-CO","potentialAction":[{"@type":"ReadAction","target":["https:\/\/comite-civico.org\/?p=3436"]}]},{"@type":"ImageObject","inLanguage":"es-CO","@id":"https:\/\/comite-civico.org\/?p=3436#primaryimage","url":"https:\/\/comite-civico.org\/wp-content\/uploads\/2026\/01\/btura-planton-2026-1.jpg","contentUrl":"https:\/\/comite-civico.org\/wp-content\/uploads\/2026\/01\/btura-planton-2026-1.jpg","width":1920,"height":1080},{"@type":"BreadcrumbList","@id":"https:\/\/comite-civico.org\/?p=3436#breadcrumb","itemListElement":[{"@type":"ListItem","position":1,"name":"Inicio","item":"https:\/\/comite-civico.org\/"},{"@type":"ListItem","position":2,"name":"\u00a1Defendamos la democracia y la soberan\u00eda de Colombia!"}]},{"@type":"WebSite","@id":"https:\/\/comite-civico.org\/#website","url":"https:\/\/comite-civico.org\/","name":"Movimiento Social Paro C\u00edvico de Buenaventura","description":"Movimiento Social Paro C\u00edvico de Buenaventura","publisher":{"@id":"https:\/\/comite-civico.org\/#organization"},"potentialAction":[{"@type":"SearchAction","target":{"@type":"EntryPoint","urlTemplate":"https:\/\/comite-civico.org\/?s={search_term_string}"},"query-input":{"@type":"PropertyValueSpecification","valueRequired":true,"valueName":"search_term_string"}}],"inLanguage":"es-CO"},{"@type":"Organization","@id":"https:\/\/comite-civico.org\/#organization","name":"Movimiento Social Paro C\u00edvico de Buenaventura","url":"https:\/\/comite-civico.org\/","logo":{"@type":"ImageObject","inLanguage":"es-CO","@id":"https:\/\/comite-civico.org\/#\/schema\/logo\/image\/","url":"https:\/\/comite-civico.org\/wp-content\/uploads\/2021\/03\/Logo-de-Movimiento-Blanco-scaled.png","contentUrl":"https:\/\/comite-civico.org\/wp-content\/uploads\/2021\/03\/Logo-de-Movimiento-Blanco-scaled.png","width":2560,"height":1810,"caption":"Movimiento Social Paro C\u00edvico de Buenaventura"},"image":{"@id":"https:\/\/comite-civico.org\/#\/schema\/logo\/image\/"}},{"@type":"Person","@id":"https:\/\/comite-civico.org\/#\/schema\/person\/eebdf569aa3565fa603cc9c5b53cea34","name":"comiteadmin","image":{"@type":"ImageObject","inLanguage":"es-CO","@id":"https:\/\/comite-civico.org\/#\/schema\/person\/image\/","url":"https:\/\/secure.gravatar.com\/avatar\/516fb540621996b28f565fdf033072d55dd3fe76896ef4af5250b5fec1b457fe?s=96&d=mm&r=g","contentUrl":"https:\/\/secure.gravatar.com\/avatar\/516fb540621996b28f565fdf033072d55dd3fe76896ef4af5250b5fec1b457fe?s=96&d=mm&r=g","caption":"comiteadmin"},"sameAs":["https:\/\/comite-civico.org\/"],"url":"https:\/\/comite-civico.org\/?author=1"}]}},"_links":{"self":[{"href":"https:\/\/comite-civico.org\/index.php?rest_route=\/wp\/v2\/posts\/3436","targetHints":{"allow":["GET"]}}],"collection":[{"href":"https:\/\/comite-civico.org\/index.php?rest_route=\/wp\/v2\/posts"}],"about":[{"href":"https:\/\/comite-civico.org\/index.php?rest_route=\/wp\/v2\/types\/post"}],"author":[{"embeddable":true,"href":"https:\/\/comite-civico.org\/index.php?rest_route=\/wp\/v2\/users\/1"}],"replies":[{"embeddable":true,"href":"https:\/\/comite-civico.org\/index.php?rest_route=%2Fwp%2Fv2%2Fcomments&post=3436"}],"version-history":[{"count":10,"href":"https:\/\/comite-civico.org\/index.php?rest_route=\/wp\/v2\/posts\/3436\/revisions"}],"predecessor-version":[{"id":3448,"href":"https:\/\/comite-civico.org\/index.php?rest_route=\/wp\/v2\/posts\/3436\/revisions\/3448"}],"wp:featuredmedia":[{"embeddable":true,"href":"https:\/\/comite-civico.org\/index.php?rest_route=\/wp\/v2\/media\/3432"}],"wp:attachment":[{"href":"https:\/\/comite-civico.org\/index.php?rest_route=%2Fwp%2Fv2%2Fmedia&parent=3436"}],"wp:term":[{"taxonomy":"category","embeddable":true,"href":"https:\/\/comite-civico.org\/index.php?rest_route=%2Fwp%2Fv2%2Fcategories&post=3436"},{"taxonomy":"post_tag","embeddable":true,"href":"https:\/\/comite-civico.org\/index.php?rest_route=%2Fwp%2Fv2%2Ftags&post=3436"}],"curies":[{"name":"wp","href":"https:\/\/api.w.org\/{rel}","templated":true}]}}