{"id":3411,"date":"2025-12-31T17:27:16","date_gmt":"2025-12-31T22:27:16","guid":{"rendered":"https:\/\/comite-civico.org\/?p=3411"},"modified":"2025-12-31T17:30:08","modified_gmt":"2025-12-31T22:30:08","slug":"cierre-de-ano-del-movimiento-social-paro-civico","status":"publish","type":"post","link":"https:\/\/comite-civico.org\/?p=3411","title":{"rendered":"Cierre de a\u00f1o del Movimiento Social Paro C\u00edvico"},"content":{"rendered":"\n<p>El pasado 13 de diciembre, el Movimiento Social Paro C\u00edvico de Buenaventura comparti\u00f3 una emotiva cena de despedida junto a varios de sus integrantes, un espacio para agradecer el compromiso, la entrega y el trabajo colectivo que, durante este a\u00f1o, ha permitido seguir avanzando en la defensa de los derechos, la dignidad y el bienestar de nuestra comunidad.<\/p>\n\n\n\n<figure class=\"wp-block-gallery has-nested-images columns-default is-cropped wp-block-gallery-1 is-layout-flex wp-block-gallery-is-layout-flex\">\n<figure class=\"wp-block-image size-large\"><img fetchpriority=\"high\" decoding=\"async\" width=\"1024\" height=\"576\" data-id=\"3412\" src=\"https:\/\/comite-civico.org\/wp-content\/uploads\/2025\/12\/MG_8457-1024x576.jpg\" alt=\"\" class=\"wp-image-3412\" srcset=\"https:\/\/comite-civico.org\/wp-content\/uploads\/2025\/12\/MG_8457-1024x576.jpg 1024w, https:\/\/comite-civico.org\/wp-content\/uploads\/2025\/12\/MG_8457-300x169.jpg 300w, https:\/\/comite-civico.org\/wp-content\/uploads\/2025\/12\/MG_8457-768x432.jpg 768w, https:\/\/comite-civico.org\/wp-content\/uploads\/2025\/12\/MG_8457-1536x864.jpg 1536w, https:\/\/comite-civico.org\/wp-content\/uploads\/2025\/12\/MG_8457.jpg 2048w\" sizes=\"(max-width: 1024px) 100vw, 1024px\" \/><\/figure>\n\n\n\n<figure class=\"wp-block-image size-large\"><img decoding=\"async\" width=\"1024\" height=\"576\" data-id=\"3423\" src=\"https:\/\/comite-civico.org\/wp-content\/uploads\/2025\/12\/MG_8473-1024x576.jpg\" alt=\"\" class=\"wp-image-3423\" srcset=\"https:\/\/comite-civico.org\/wp-content\/uploads\/2025\/12\/MG_8473-1024x576.jpg 1024w, https:\/\/comite-civico.org\/wp-content\/uploads\/2025\/12\/MG_8473-300x169.jpg 300w, https:\/\/comite-civico.org\/wp-content\/uploads\/2025\/12\/MG_8473-768x432.jpg 768w, https:\/\/comite-civico.org\/wp-content\/uploads\/2025\/12\/MG_8473-1536x864.jpg 1536w, https:\/\/comite-civico.org\/wp-content\/uploads\/2025\/12\/MG_8473.jpg 2048w\" sizes=\"(max-width: 1024px) 100vw, 1024px\" \/><\/figure>\n\n\n\n<figure class=\"wp-block-image size-large\"><img decoding=\"async\" width=\"1024\" height=\"576\" data-id=\"3413\" src=\"https:\/\/comite-civico.org\/wp-content\/uploads\/2025\/12\/DSC02426-1024x576.jpg\" alt=\"\" class=\"wp-image-3413\" srcset=\"https:\/\/comite-civico.org\/wp-content\/uploads\/2025\/12\/DSC02426-1024x576.jpg 1024w, https:\/\/comite-civico.org\/wp-content\/uploads\/2025\/12\/DSC02426-300x169.jpg 300w, https:\/\/comite-civico.org\/wp-content\/uploads\/2025\/12\/DSC02426-768x432.jpg 768w, https:\/\/comite-civico.org\/wp-content\/uploads\/2025\/12\/DSC02426-1536x864.jpg 1536w, https:\/\/comite-civico.org\/wp-content\/uploads\/2025\/12\/DSC02426.jpg 2048w\" sizes=\"(max-width: 1024px) 100vw, 1024px\" \/><\/figure>\n<\/figure>\n\n\n\n<p>Fue una noche de encuentro, reflexi\u00f3n y fraternidad, donde reafirmamos que cada logro alcanzado es fruto del esfuerzo colectivo y del amor por Buenaventura. Este cierre de a\u00f1o nos impulsa a seguir caminando unidos, fortaleciendo la organizaci\u00f3n y renovando la esperanza en lo que viene.<\/p>\n\n\n\n<figure class=\"wp-block-gallery has-nested-images columns-default is-cropped wp-block-gallery-2 is-layout-flex wp-block-gallery-is-layout-flex\">\n<figure class=\"wp-block-image size-large\"><img loading=\"lazy\" decoding=\"async\" width=\"1024\" height=\"576\" data-id=\"3416\" src=\"https:\/\/comite-civico.org\/wp-content\/uploads\/2025\/12\/DSC02354-1024x576.jpg\" alt=\"\" class=\"wp-image-3416\" srcset=\"https:\/\/comite-civico.org\/wp-content\/uploads\/2025\/12\/DSC02354-1024x576.jpg 1024w, https:\/\/comite-civico.org\/wp-content\/uploads\/2025\/12\/DSC02354-300x169.jpg 300w, https:\/\/comite-civico.org\/wp-content\/uploads\/2025\/12\/DSC02354-768x432.jpg 768w, https:\/\/comite-civico.org\/wp-content\/uploads\/2025\/12\/DSC02354-1536x864.jpg 1536w, https:\/\/comite-civico.org\/wp-content\/uploads\/2025\/12\/DSC02354.jpg 2048w\" sizes=\"(max-width: 1024px) 100vw, 1024px\" \/><\/figure>\n\n\n\n<figure class=\"wp-block-image size-large\"><img loading=\"lazy\" decoding=\"async\" width=\"1024\" height=\"576\" data-id=\"3417\" src=\"https:\/\/comite-civico.org\/wp-content\/uploads\/2025\/12\/DSC02415-1024x576.jpg\" alt=\"\" class=\"wp-image-3417\" srcset=\"https:\/\/comite-civico.org\/wp-content\/uploads\/2025\/12\/DSC02415-1024x576.jpg 1024w, https:\/\/comite-civico.org\/wp-content\/uploads\/2025\/12\/DSC02415-300x169.jpg 300w, https:\/\/comite-civico.org\/wp-content\/uploads\/2025\/12\/DSC02415-768x432.jpg 768w, https:\/\/comite-civico.org\/wp-content\/uploads\/2025\/12\/DSC02415-1536x864.jpg 1536w, https:\/\/comite-civico.org\/wp-content\/uploads\/2025\/12\/DSC02415.jpg 2048w\" sizes=\"(max-width: 1024px) 100vw, 1024px\" \/><\/figure>\n\n\n\n<figure class=\"wp-block-image size-large\"><img loading=\"lazy\" decoding=\"async\" width=\"1024\" height=\"576\" data-id=\"3418\" src=\"https:\/\/comite-civico.org\/wp-content\/uploads\/2025\/12\/DSC02430-1024x576.jpg\" alt=\"\" class=\"wp-image-3418\" srcset=\"https:\/\/comite-civico.org\/wp-content\/uploads\/2025\/12\/DSC02430-1024x576.jpg 1024w, https:\/\/comite-civico.org\/wp-content\/uploads\/2025\/12\/DSC02430-300x169.jpg 300w, https:\/\/comite-civico.org\/wp-content\/uploads\/2025\/12\/DSC02430-768x432.jpg 768w, https:\/\/comite-civico.org\/wp-content\/uploads\/2025\/12\/DSC02430-1536x864.jpg 1536w, https:\/\/comite-civico.org\/wp-content\/uploads\/2025\/12\/DSC02430.jpg 2048w\" sizes=\"(max-width: 1024px) 100vw, 1024px\" \/><\/figure>\n<\/figure>\n\n\n\n<p>Cerramos el 2025 con gratitud y convicci\u00f3n, y damos la bienvenida a un nuevo a\u00f1o de luchas, construcci\u00f3n y esperanza para nuestro territorio. Porque juntos y juntas seguimos demostrando que <strong>el pueblo no se rinde\u2026 \u00a1carajo!<\/strong><\/p>\n","protected":false},"excerpt":{"rendered":"<p>El pasado 13 de diciembre, el Movimiento Social Paro C\u00edvico de Buenaventura comparti\u00f3 una emotiva cena de despedida junto a varios de sus integrantes, un espacio para agradecer el compromiso, la entrega y el trabajo colectivo que, durante este a\u00f1o, ha permitido seguir avanzando en la defensa de los derechos, la dignidad y el bienestar &#8230; <a title=\"Cierre de a\u00f1o del Movimiento Social Paro C\u00edvico\" class=\"read-more\" href=\"https:\/\/comite-civico.org\/?p=3411\" aria-label=\"Read more about Cierre de a\u00f1o del Movimiento Social Paro C\u00edvico\">Leer m\u00e1s<\/a><\/p>\n","protected":false},"author":1,"featured_media":3421,"comment_status":"open","ping_status":"open","sticky":false,"template":"","format":"standard","meta":{"footnotes":""},"categories":[1],"tags":[],"class_list":["post-3411","post","type-post","status-publish","format-standard","has-post-thumbnail","hentry","category-sin-categoria"],"acf":[],"yoast_head":"<!-- This site is optimized with the Yoast SEO plugin v25.0 - https:\/\/yoast.com\/wordpress\/plugins\/seo\/ -->\n<title>Cierre de a\u00f1o del Movimiento Social Paro C\u00edvico - Movimiento Social Paro C\u00edvico de Buenaventura<\/title>\n<meta name=\"robots\" content=\"index, follow, max-snippet:-1, max-image-preview:large, max-video-preview:-1\" \/>\n<link rel=\"canonical\" href=\"https:\/\/comite-civico.org\/?p=3411\" \/>\n<meta property=\"og:locale\" content=\"es_ES\" \/>\n<meta property=\"og:type\" content=\"article\" \/>\n<meta property=\"og:title\" content=\"Cierre de a\u00f1o del Movimiento Social Paro C\u00edvico - Movimiento Social Paro C\u00edvico de Buenaventura\" \/>\n<meta property=\"og:description\" content=\"El pasado 13 de diciembre, el Movimiento Social Paro C\u00edvico de Buenaventura comparti\u00f3 una emotiva cena de despedida junto a varios de sus integrantes, un espacio para agradecer el compromiso, la entrega y el trabajo colectivo que, durante este a\u00f1o, ha permitido seguir avanzando en la defensa de los derechos, la dignidad y el bienestar ... Leer m\u00e1s\" \/>\n<meta property=\"og:url\" content=\"https:\/\/comite-civico.org\/?p=3411\" \/>\n<meta property=\"og:site_name\" content=\"Movimiento Social Paro C\u00edvico de Buenaventura\" \/>\n<meta property=\"article:published_time\" content=\"2025-12-31T22:27:16+00:00\" \/>\n<meta property=\"article:modified_time\" content=\"2025-12-31T22:30:08+00:00\" \/>\n<meta property=\"og:image\" content=\"http:\/\/comite-civico.org\/wp-content\/uploads\/2025\/12\/DSC02411-1.jpg\" \/>\n\t<meta property=\"og:image:width\" content=\"2048\" \/>\n\t<meta property=\"og:image:height\" content=\"1152\" \/>\n\t<meta property=\"og:image:type\" content=\"image\/jpeg\" \/>\n<meta name=\"author\" content=\"comiteadmin\" \/>\n<meta name=\"twitter:card\" content=\"summary_large_image\" \/>\n<meta name=\"twitter:label1\" content=\"Escrito por\" \/>\n\t<meta name=\"twitter:data1\" content=\"comiteadmin\" \/>\n\t<meta name=\"twitter:label2\" content=\"Tiempo de lectura\" \/>\n\t<meta name=\"twitter:data2\" content=\"3 minutos\" \/>\n<script type=\"application\/ld+json\" class=\"yoast-schema-graph\">{\"@context\":\"https:\/\/schema.org\",\"@graph\":[{\"@type\":\"Article\",\"@id\":\"https:\/\/comite-civico.org\/?p=3411#article\",\"isPartOf\":{\"@id\":\"https:\/\/comite-civico.org\/?p=3411\"},\"author\":{\"name\":\"comiteadmin\",\"@id\":\"https:\/\/comite-civico.org\/#\/schema\/person\/eebdf569aa3565fa603cc9c5b53cea34\"},\"headline\":\"Cierre de a\u00f1o del Movimiento Social Paro C\u00edvico\",\"datePublished\":\"2025-12-31T22:27:16+00:00\",\"dateModified\":\"2025-12-31T22:30:08+00:00\",\"mainEntityOfPage\":{\"@id\":\"https:\/\/comite-civico.org\/?p=3411\"},\"wordCount\":155,\"commentCount\":0,\"publisher\":{\"@id\":\"https:\/\/comite-civico.org\/#organization\"},\"image\":{\"@id\":\"https:\/\/comite-civico.org\/?p=3411#primaryimage\"},\"thumbnailUrl\":\"https:\/\/comite-civico.org\/wp-content\/uploads\/2025\/12\/DSC02411-1.jpg\",\"inLanguage\":\"es-CO\",\"potentialAction\":[{\"@type\":\"CommentAction\",\"name\":\"Comment\",\"target\":[\"https:\/\/comite-civico.org\/?p=3411#respond\"]}]},{\"@type\":\"WebPage\",\"@id\":\"https:\/\/comite-civico.org\/?p=3411\",\"url\":\"https:\/\/comite-civico.org\/?p=3411\",\"name\":\"Cierre de a\u00f1o del Movimiento Social Paro C\u00edvico - Movimiento Social Paro C\u00edvico de Buenaventura\",\"isPartOf\":{\"@id\":\"https:\/\/comite-civico.org\/#website\"},\"primaryImageOfPage\":{\"@id\":\"https:\/\/comite-civico.org\/?p=3411#primaryimage\"},\"image\":{\"@id\":\"https:\/\/comite-civico.org\/?p=3411#primaryimage\"},\"thumbnailUrl\":\"https:\/\/comite-civico.org\/wp-content\/uploads\/2025\/12\/DSC02411-1.jpg\",\"datePublished\":\"2025-12-31T22:27:16+00:00\",\"dateModified\":\"2025-12-31T22:30:08+00:00\",\"breadcrumb\":{\"@id\":\"https:\/\/comite-civico.org\/?p=3411#breadcrumb\"},\"inLanguage\":\"es-CO\",\"potentialAction\":[{\"@type\":\"ReadAction\",\"target\":[\"https:\/\/comite-civico.org\/?p=3411\"]}]},{\"@type\":\"ImageObject\",\"inLanguage\":\"es-CO\",\"@id\":\"https:\/\/comite-civico.org\/?p=3411#primaryimage\",\"url\":\"https:\/\/comite-civico.org\/wp-content\/uploads\/2025\/12\/DSC02411-1.jpg\",\"contentUrl\":\"https:\/\/comite-civico.org\/wp-content\/uploads\/2025\/12\/DSC02411-1.jpg\",\"width\":2048,\"height\":1152},{\"@type\":\"BreadcrumbList\",\"@id\":\"https:\/\/comite-civico.org\/?p=3411#breadcrumb\",\"itemListElement\":[{\"@type\":\"ListItem\",\"position\":1,\"name\":\"Inicio\",\"item\":\"https:\/\/comite-civico.org\/\"},{\"@type\":\"ListItem\",\"position\":2,\"name\":\"Cierre de a\u00f1o del Movimiento Social Paro C\u00edvico\"}]},{\"@type\":\"WebSite\",\"@id\":\"https:\/\/comite-civico.org\/#website\",\"url\":\"https:\/\/comite-civico.org\/\",\"name\":\"Movimiento Social Paro C\u00edvico de Buenaventura\",\"description\":\"Movimiento Social Paro C\u00edvico de Buenaventura\",\"publisher\":{\"@id\":\"https:\/\/comite-civico.org\/#organization\"},\"potentialAction\":[{\"@type\":\"SearchAction\",\"target\":{\"@type\":\"EntryPoint\",\"urlTemplate\":\"https:\/\/comite-civico.org\/?s={search_term_string}\"},\"query-input\":{\"@type\":\"PropertyValueSpecification\",\"valueRequired\":true,\"valueName\":\"search_term_string\"}}],\"inLanguage\":\"es-CO\"},{\"@type\":\"Organization\",\"@id\":\"https:\/\/comite-civico.org\/#organization\",\"name\":\"Movimiento Social Paro C\u00edvico de Buenaventura\",\"url\":\"https:\/\/comite-civico.org\/\",\"logo\":{\"@type\":\"ImageObject\",\"inLanguage\":\"es-CO\",\"@id\":\"https:\/\/comite-civico.org\/#\/schema\/logo\/image\/\",\"url\":\"https:\/\/comite-civico.org\/wp-content\/uploads\/2021\/03\/Logo-de-Movimiento-Blanco-scaled.png\",\"contentUrl\":\"https:\/\/comite-civico.org\/wp-content\/uploads\/2021\/03\/Logo-de-Movimiento-Blanco-scaled.png\",\"width\":2560,\"height\":1810,\"caption\":\"Movimiento Social Paro C\u00edvico de Buenaventura\"},\"image\":{\"@id\":\"https:\/\/comite-civico.org\/#\/schema\/logo\/image\/\"}},{\"@type\":\"Person\",\"@id\":\"https:\/\/comite-civico.org\/#\/schema\/person\/eebdf569aa3565fa603cc9c5b53cea34\",\"name\":\"comiteadmin\",\"image\":{\"@type\":\"ImageObject\",\"inLanguage\":\"es-CO\",\"@id\":\"https:\/\/comite-civico.org\/#\/schema\/person\/image\/\",\"url\":\"https:\/\/secure.gravatar.com\/avatar\/516fb540621996b28f565fdf033072d55dd3fe76896ef4af5250b5fec1b457fe?s=96&d=mm&r=g\",\"contentUrl\":\"https:\/\/secure.gravatar.com\/avatar\/516fb540621996b28f565fdf033072d55dd3fe76896ef4af5250b5fec1b457fe?s=96&d=mm&r=g\",\"caption\":\"comiteadmin\"},\"sameAs\":[\"https:\/\/comite-civico.org\/\"],\"url\":\"https:\/\/comite-civico.org\/?author=1\"}]}<\/script>\n<!-- \/ Yoast SEO plugin. -->","yoast_head_json":{"title":"Cierre de a\u00f1o del Movimiento Social Paro C\u00edvico - Movimiento Social Paro C\u00edvico de Buenaventura","robots":{"index":"index","follow":"follow","max-snippet":"max-snippet:-1","max-image-preview":"max-image-preview:large","max-video-preview":"max-video-preview:-1"},"canonical":"https:\/\/comite-civico.org\/?p=3411","og_locale":"es_ES","og_type":"article","og_title":"Cierre de a\u00f1o del Movimiento Social Paro C\u00edvico - Movimiento Social Paro C\u00edvico de Buenaventura","og_description":"El pasado 13 de diciembre, el Movimiento Social Paro C\u00edvico de Buenaventura comparti\u00f3 una emotiva cena de despedida junto a varios de sus integrantes, un espacio para agradecer el compromiso, la entrega y el trabajo colectivo que, durante este a\u00f1o, ha permitido seguir avanzando en la defensa de los derechos, la dignidad y el bienestar ... Leer m\u00e1s","og_url":"https:\/\/comite-civico.org\/?p=3411","og_site_name":"Movimiento Social Paro C\u00edvico de Buenaventura","article_published_time":"2025-12-31T22:27:16+00:00","article_modified_time":"2025-12-31T22:30:08+00:00","og_image":[{"width":2048,"height":1152,"url":"http:\/\/comite-civico.org\/wp-content\/uploads\/2025\/12\/DSC02411-1.jpg","type":"image\/jpeg"}],"author":"comiteadmin","twitter_card":"summary_large_image","twitter_misc":{"Escrito por":"comiteadmin","Tiempo de lectura":"3 minutos"},"schema":{"@context":"https:\/\/schema.org","@graph":[{"@type":"Article","@id":"https:\/\/comite-civico.org\/?p=3411#article","isPartOf":{"@id":"https:\/\/comite-civico.org\/?p=3411"},"author":{"name":"comiteadmin","@id":"https:\/\/comite-civico.org\/#\/schema\/person\/eebdf569aa3565fa603cc9c5b53cea34"},"headline":"Cierre de a\u00f1o del Movimiento Social Paro C\u00edvico","datePublished":"2025-12-31T22:27:16+00:00","dateModified":"2025-12-31T22:30:08+00:00","mainEntityOfPage":{"@id":"https:\/\/comite-civico.org\/?p=3411"},"wordCount":155,"commentCount":0,"publisher":{"@id":"https:\/\/comite-civico.org\/#organization"},"image":{"@id":"https:\/\/comite-civico.org\/?p=3411#primaryimage"},"thumbnailUrl":"https:\/\/comite-civico.org\/wp-content\/uploads\/2025\/12\/DSC02411-1.jpg","inLanguage":"es-CO","potentialAction":[{"@type":"CommentAction","name":"Comment","target":["https:\/\/comite-civico.org\/?p=3411#respond"]}]},{"@type":"WebPage","@id":"https:\/\/comite-civico.org\/?p=3411","url":"https:\/\/comite-civico.org\/?p=3411","name":"Cierre de a\u00f1o del Movimiento Social Paro C\u00edvico - Movimiento Social Paro C\u00edvico de Buenaventura","isPartOf":{"@id":"https:\/\/comite-civico.org\/#website"},"primaryImageOfPage":{"@id":"https:\/\/comite-civico.org\/?p=3411#primaryimage"},"image":{"@id":"https:\/\/comite-civico.org\/?p=3411#primaryimage"},"thumbnailUrl":"https:\/\/comite-civico.org\/wp-content\/uploads\/2025\/12\/DSC02411-1.jpg","datePublished":"2025-12-31T22:27:16+00:00","dateModified":"2025-12-31T22:30:08+00:00","breadcrumb":{"@id":"https:\/\/comite-civico.org\/?p=3411#breadcrumb"},"inLanguage":"es-CO","potentialAction":[{"@type":"ReadAction","target":["https:\/\/comite-civico.org\/?p=3411"]}]},{"@type":"ImageObject","inLanguage":"es-CO","@id":"https:\/\/comite-civico.org\/?p=3411#primaryimage","url":"https:\/\/comite-civico.org\/wp-content\/uploads\/2025\/12\/DSC02411-1.jpg","contentUrl":"https:\/\/comite-civico.org\/wp-content\/uploads\/2025\/12\/DSC02411-1.jpg","width":2048,"height":1152},{"@type":"BreadcrumbList","@id":"https:\/\/comite-civico.org\/?p=3411#breadcrumb","itemListElement":[{"@type":"ListItem","position":1,"name":"Inicio","item":"https:\/\/comite-civico.org\/"},{"@type":"ListItem","position":2,"name":"Cierre de a\u00f1o del Movimiento Social Paro C\u00edvico"}]},{"@type":"WebSite","@id":"https:\/\/comite-civico.org\/#website","url":"https:\/\/comite-civico.org\/","name":"Movimiento Social Paro C\u00edvico de Buenaventura","description":"Movimiento Social Paro C\u00edvico de Buenaventura","publisher":{"@id":"https:\/\/comite-civico.org\/#organization"},"potentialAction":[{"@type":"SearchAction","target":{"@type":"EntryPoint","urlTemplate":"https:\/\/comite-civico.org\/?s={search_term_string}"},"query-input":{"@type":"PropertyValueSpecification","valueRequired":true,"valueName":"search_term_string"}}],"inLanguage":"es-CO"},{"@type":"Organization","@id":"https:\/\/comite-civico.org\/#organization","name":"Movimiento Social Paro C\u00edvico de Buenaventura","url":"https:\/\/comite-civico.org\/","logo":{"@type":"ImageObject","inLanguage":"es-CO","@id":"https:\/\/comite-civico.org\/#\/schema\/logo\/image\/","url":"https:\/\/comite-civico.org\/wp-content\/uploads\/2021\/03\/Logo-de-Movimiento-Blanco-scaled.png","contentUrl":"https:\/\/comite-civico.org\/wp-content\/uploads\/2021\/03\/Logo-de-Movimiento-Blanco-scaled.png","width":2560,"height":1810,"caption":"Movimiento Social Paro C\u00edvico de Buenaventura"},"image":{"@id":"https:\/\/comite-civico.org\/#\/schema\/logo\/image\/"}},{"@type":"Person","@id":"https:\/\/comite-civico.org\/#\/schema\/person\/eebdf569aa3565fa603cc9c5b53cea34","name":"comiteadmin","image":{"@type":"ImageObject","inLanguage":"es-CO","@id":"https:\/\/comite-civico.org\/#\/schema\/person\/image\/","url":"https:\/\/secure.gravatar.com\/avatar\/516fb540621996b28f565fdf033072d55dd3fe76896ef4af5250b5fec1b457fe?s=96&d=mm&r=g","contentUrl":"https:\/\/secure.gravatar.com\/avatar\/516fb540621996b28f565fdf033072d55dd3fe76896ef4af5250b5fec1b457fe?s=96&d=mm&r=g","caption":"comiteadmin"},"sameAs":["https:\/\/comite-civico.org\/"],"url":"https:\/\/comite-civico.org\/?author=1"}]}},"_links":{"self":[{"href":"https:\/\/comite-civico.org\/index.php?rest_route=\/wp\/v2\/posts\/3411","targetHints":{"allow":["GET"]}}],"collection":[{"href":"https:\/\/comite-civico.org\/index.php?rest_route=\/wp\/v2\/posts"}],"about":[{"href":"https:\/\/comite-civico.org\/index.php?rest_route=\/wp\/v2\/types\/post"}],"author":[{"embeddable":true,"href":"https:\/\/comite-civico.org\/index.php?rest_route=\/wp\/v2\/users\/1"}],"replies":[{"embeddable":true,"href":"https:\/\/comite-civico.org\/index.php?rest_route=%2Fwp%2Fv2%2Fcomments&post=3411"}],"version-history":[{"count":2,"href":"https:\/\/comite-civico.org\/index.php?rest_route=\/wp\/v2\/posts\/3411\/revisions"}],"predecessor-version":[{"id":3424,"href":"https:\/\/comite-civico.org\/index.php?rest_route=\/wp\/v2\/posts\/3411\/revisions\/3424"}],"wp:featuredmedia":[{"embeddable":true,"href":"https:\/\/comite-civico.org\/index.php?rest_route=\/wp\/v2\/media\/3421"}],"wp:attachment":[{"href":"https:\/\/comite-civico.org\/index.php?rest_route=%2Fwp%2Fv2%2Fmedia&parent=3411"}],"wp:term":[{"taxonomy":"category","embeddable":true,"href":"https:\/\/comite-civico.org\/index.php?rest_route=%2Fwp%2Fv2%2Fcategories&post=3411"},{"taxonomy":"post_tag","embeddable":true,"href":"https:\/\/comite-civico.org\/index.php?rest_route=%2Fwp%2Fv2%2Ftags&post=3411"}],"curies":[{"name":"wp","href":"https:\/\/api.w.org\/{rel}","templated":true}]}}