{"id":3401,"date":"2025-12-22T18:52:45","date_gmt":"2025-12-22T23:52:45","guid":{"rendered":"https:\/\/comite-civico.org\/?p=3401"},"modified":"2025-12-22T18:53:11","modified_gmt":"2025-12-22T23:53:11","slug":"sindicato-metalurgico-de-canada-respalda-al-paro-civico-de-buenaventura","status":"publish","type":"post","link":"https:\/\/comite-civico.org\/?p=3401","title":{"rendered":"Sindicato Metal\u00fargico de Canad\u00e1 respalda al Paro C\u00edvico de Buenaventura"},"content":{"rendered":"\t\t<div data-elementor-type=\"wp-post\" data-elementor-id=\"3401\" class=\"elementor elementor-3401\" data-elementor-post-type=\"post\">\n\t\t\t\t\t\t<section data-particle_enable=\"false\" data-particle-mobile-disabled=\"false\" class=\"elementor-section elementor-top-section elementor-element elementor-element-61b4494 elementor-section-boxed elementor-section-height-default elementor-section-height-default\" data-id=\"61b4494\" data-element_type=\"section\" data-settings=\"{&quot;jet_parallax_layout_list&quot;:[]}\">\n\t\t\t\t\t\t<div class=\"elementor-container elementor-column-gap-default\">\n\t\t\t\t\t<div class=\"elementor-column elementor-col-100 elementor-top-column elementor-element elementor-element-f9da446\" data-id=\"f9da446\" data-element_type=\"column\">\n\t\t\t<div class=\"elementor-widget-wrap elementor-element-populated\">\n\t\t\t\t\t\t<div class=\"elementor-element elementor-element-1bb360b elementor-widget elementor-widget-text-editor\" data-id=\"1bb360b\" data-element_type=\"widget\" data-widget_type=\"text-editor.default\">\n\t\t\t\t<div class=\"elementor-widget-container\">\n\t\t\t\t\t\t\t\t\t<p data-start=\"303\" data-end=\"682\">Desde el Movimiento Social Paro C\u00edvico de Buenaventura expresamos nuestro profundo agradecimiento al Sindicato Metal\u00fargico de Canad\u00e1 \u2013 United Steelworkers (USW) por su carta de solidaridad y por alzar su voz ante el Gobierno Nacional de Colombia, exigiendo un di\u00e1logo serio, oportuno y efectivo, as\u00ed como la implementaci\u00f3n real de los acuerdos pactados con el pueblo bonaverense.<\/p><p data-start=\"684\" data-end=\"1060\">La solidaridad internacional es un respaldo fundamental para nuestra lucha pac\u00edfica y leg\u00edtima. Despu\u00e9s de m\u00e1s de ocho a\u00f1os desde el Paro C\u00edvico de 2017, los acuerdos firmados siguen enfrentando retrasos, incumplimientos y falta de voluntad pol\u00edtica, especialmente en temas tan urgentes como el acceso al agua potable, la educaci\u00f3n digna, la salud y la infraestructura b\u00e1sica.<\/p><p data-start=\"1062\" data-end=\"1443\">El acompa\u00f1amiento de organizaciones sindicales y sociales a nivel internacional reafirma que las demandas de Buenaventura no son aisladas ni exageradas, sino que responden a derechos fundamentales hist\u00f3ricamente vulnerados. El cumplimiento de los acuerdos no es una concesi\u00f3n del Estado, es una obligaci\u00f3n constitucional y \u00e9tica con una ciudad que ha resistido d\u00e9cadas de abandono.<\/p><p data-start=\"1445\" data-end=\"1729\">Seguiremos insistiendo en la necesidad de una implementaci\u00f3n verificable, con recursos asegurados, cronogramas claros y mecanismos de seguimiento efectivos, hasta que los acuerdos del Paro C\u00edvico se traduzcan en transformaciones reales para la vida de las comunidades de Buenaventura.<\/p><p data-start=\"1731\" data-end=\"1910\">La lucha de Buenaventura no est\u00e1 sola. La solidaridad internacional fortalece nuestra resistencia y mantiene viva la exigencia de justicia, dignidad y paz para nuestro territorio.<\/p>\t\t\t\t\t\t\t\t<\/div>\n\t\t\t\t<\/div>\n\t\t\t\t\t<\/div>\n\t\t<\/div>\n\t\t\t\t\t<\/div>\n\t\t<\/section>\n\t\t\t\t<section data-particle_enable=\"false\" data-particle-mobile-disabled=\"false\" class=\"elementor-section elementor-top-section elementor-element elementor-element-416cb2b elementor-section-boxed elementor-section-height-default elementor-section-height-default\" data-id=\"416cb2b\" data-element_type=\"section\" data-settings=\"{&quot;jet_parallax_layout_list&quot;:[]}\">\n\t\t\t\t\t\t<div class=\"elementor-container elementor-column-gap-default\">\n\t\t\t\t\t<div class=\"elementor-column elementor-col-100 elementor-top-column elementor-element elementor-element-95f0512\" data-id=\"95f0512\" data-element_type=\"column\">\n\t\t\t<div class=\"elementor-widget-wrap elementor-element-populated\">\n\t\t\t\t\t\t<div class=\"elementor-element elementor-element-201d865 dce_masking-none elementor-widget elementor-widget-image\" data-id=\"201d865\" data-element_type=\"widget\" data-widget_type=\"image.default\">\n\t\t\t\t<div class=\"elementor-widget-container\">\n\t\t\t\t\t\t\t\t\t\t\t\t\t\t\t<img fetchpriority=\"high\" decoding=\"async\" width=\"791\" height=\"1024\" src=\"https:\/\/comite-civico.org\/wp-content\/uploads\/2025\/12\/WhatsApp-Image-2025-12-22-at-6.03.08-PM-791x1024.jpeg\" class=\"attachment-large size-large wp-image-3403\" alt=\"\" srcset=\"https:\/\/comite-civico.org\/wp-content\/uploads\/2025\/12\/WhatsApp-Image-2025-12-22-at-6.03.08-PM-791x1024.jpeg 791w, https:\/\/comite-civico.org\/wp-content\/uploads\/2025\/12\/WhatsApp-Image-2025-12-22-at-6.03.08-PM-232x300.jpeg 232w, https:\/\/comite-civico.org\/wp-content\/uploads\/2025\/12\/WhatsApp-Image-2025-12-22-at-6.03.08-PM-768x994.jpeg 768w, https:\/\/comite-civico.org\/wp-content\/uploads\/2025\/12\/WhatsApp-Image-2025-12-22-at-6.03.08-PM.jpeg 989w\" sizes=\"(max-width: 791px) 100vw, 791px\" \/>\t\t\t\t\t\t\t\t\t\t\t\t\t\t\t<\/div>\n\t\t\t\t<\/div>\n\t\t\t\t\t<\/div>\n\t\t<\/div>\n\t\t\t\t\t<\/div>\n\t\t<\/section>\n\t\t\t\t<\/div>\n\t\t","protected":false},"excerpt":{"rendered":"<p>Desde el Movimiento Social Paro C\u00edvico de Buenaventura expresamos nuestro profundo agradecimiento al Sindicato Metal\u00fargico de Canad\u00e1 \u2013 United Steelworkers (USW) por su carta de solidaridad y por alzar su voz ante el Gobierno Nacional de Colombia, exigiendo un di\u00e1logo serio, oportuno y efectivo, as\u00ed como la implementaci\u00f3n real de los acuerdos pactados con el &#8230; <a title=\"Sindicato Metal\u00fargico de Canad\u00e1 respalda al Paro C\u00edvico de Buenaventura\" class=\"read-more\" href=\"https:\/\/comite-civico.org\/?p=3401\" aria-label=\"Read more about Sindicato Metal\u00fargico de Canad\u00e1 respalda al Paro C\u00edvico de Buenaventura\">Leer m\u00e1s<\/a><\/p>\n","protected":false},"author":1,"featured_media":3400,"comment_status":"open","ping_status":"open","sticky":false,"template":"","format":"standard","meta":{"footnotes":""},"categories":[1],"tags":[],"class_list":["post-3401","post","type-post","status-publish","format-standard","has-post-thumbnail","hentry","category-sin-categoria"],"acf":[],"yoast_head":"<!-- This site is optimized with the Yoast SEO plugin v25.0 - https:\/\/yoast.com\/wordpress\/plugins\/seo\/ -->\n<title>Sindicato Metal\u00fargico de Canad\u00e1 respalda al Paro C\u00edvico de Buenaventura - Movimiento Social Paro C\u00edvico de Buenaventura<\/title>\n<meta name=\"robots\" content=\"index, follow, max-snippet:-1, max-image-preview:large, max-video-preview:-1\" \/>\n<link rel=\"canonical\" href=\"https:\/\/comite-civico.org\/?p=3401\" \/>\n<meta property=\"og:locale\" content=\"es_ES\" \/>\n<meta property=\"og:type\" content=\"article\" \/>\n<meta property=\"og:title\" content=\"Sindicato Metal\u00fargico de Canad\u00e1 respalda al Paro C\u00edvico de Buenaventura - Movimiento Social Paro C\u00edvico de Buenaventura\" \/>\n<meta property=\"og:description\" content=\"Desde el Movimiento Social Paro C\u00edvico de Buenaventura expresamos nuestro profundo agradecimiento al Sindicato Metal\u00fargico de Canad\u00e1 \u2013 United Steelworkers (USW) por su carta de solidaridad y por alzar su voz ante el Gobierno Nacional de Colombia, exigiendo un di\u00e1logo serio, oportuno y efectivo, as\u00ed como la implementaci\u00f3n real de los acuerdos pactados con el ... Leer m\u00e1s\" \/>\n<meta property=\"og:url\" content=\"https:\/\/comite-civico.org\/?p=3401\" \/>\n<meta property=\"og:site_name\" content=\"Movimiento Social Paro C\u00edvico de Buenaventura\" \/>\n<meta property=\"article:published_time\" content=\"2025-12-22T23:52:45+00:00\" \/>\n<meta property=\"article:modified_time\" content=\"2025-12-22T23:53:11+00:00\" \/>\n<meta property=\"og:image\" content=\"http:\/\/comite-civico.org\/wp-content\/uploads\/2025\/12\/poyo-desde-canada-1.jpg\" \/>\n\t<meta property=\"og:image:width\" content=\"1920\" \/>\n\t<meta property=\"og:image:height\" content=\"1080\" \/>\n\t<meta property=\"og:image:type\" content=\"image\/jpeg\" \/>\n<meta name=\"author\" content=\"comiteadmin\" \/>\n<meta name=\"twitter:card\" content=\"summary_large_image\" \/>\n<meta name=\"twitter:label1\" content=\"Escrito por\" \/>\n\t<meta name=\"twitter:data1\" content=\"comiteadmin\" \/>\n\t<meta name=\"twitter:label2\" content=\"Tiempo de lectura\" \/>\n\t<meta name=\"twitter:data2\" content=\"2 minutos\" \/>\n<script type=\"application\/ld+json\" class=\"yoast-schema-graph\">{\"@context\":\"https:\/\/schema.org\",\"@graph\":[{\"@type\":\"Article\",\"@id\":\"https:\/\/comite-civico.org\/?p=3401#article\",\"isPartOf\":{\"@id\":\"https:\/\/comite-civico.org\/?p=3401\"},\"author\":{\"name\":\"comiteadmin\",\"@id\":\"https:\/\/comite-civico.org\/#\/schema\/person\/eebdf569aa3565fa603cc9c5b53cea34\"},\"headline\":\"Sindicato Metal\u00fargico de Canad\u00e1 respalda al Paro C\u00edvico de Buenaventura\",\"datePublished\":\"2025-12-22T23:52:45+00:00\",\"dateModified\":\"2025-12-22T23:53:11+00:00\",\"mainEntityOfPage\":{\"@id\":\"https:\/\/comite-civico.org\/?p=3401\"},\"wordCount\":264,\"commentCount\":0,\"publisher\":{\"@id\":\"https:\/\/comite-civico.org\/#organization\"},\"image\":{\"@id\":\"https:\/\/comite-civico.org\/?p=3401#primaryimage\"},\"thumbnailUrl\":\"https:\/\/comite-civico.org\/wp-content\/uploads\/2025\/12\/poyo-desde-canada-1.jpg\",\"inLanguage\":\"es-CO\",\"potentialAction\":[{\"@type\":\"CommentAction\",\"name\":\"Comment\",\"target\":[\"https:\/\/comite-civico.org\/?p=3401#respond\"]}]},{\"@type\":\"WebPage\",\"@id\":\"https:\/\/comite-civico.org\/?p=3401\",\"url\":\"https:\/\/comite-civico.org\/?p=3401\",\"name\":\"Sindicato Metal\u00fargico de Canad\u00e1 respalda al Paro C\u00edvico de Buenaventura - Movimiento Social Paro C\u00edvico de Buenaventura\",\"isPartOf\":{\"@id\":\"https:\/\/comite-civico.org\/#website\"},\"primaryImageOfPage\":{\"@id\":\"https:\/\/comite-civico.org\/?p=3401#primaryimage\"},\"image\":{\"@id\":\"https:\/\/comite-civico.org\/?p=3401#primaryimage\"},\"thumbnailUrl\":\"https:\/\/comite-civico.org\/wp-content\/uploads\/2025\/12\/poyo-desde-canada-1.jpg\",\"datePublished\":\"2025-12-22T23:52:45+00:00\",\"dateModified\":\"2025-12-22T23:53:11+00:00\",\"breadcrumb\":{\"@id\":\"https:\/\/comite-civico.org\/?p=3401#breadcrumb\"},\"inLanguage\":\"es-CO\",\"potentialAction\":[{\"@type\":\"ReadAction\",\"target\":[\"https:\/\/comite-civico.org\/?p=3401\"]}]},{\"@type\":\"ImageObject\",\"inLanguage\":\"es-CO\",\"@id\":\"https:\/\/comite-civico.org\/?p=3401#primaryimage\",\"url\":\"https:\/\/comite-civico.org\/wp-content\/uploads\/2025\/12\/poyo-desde-canada-1.jpg\",\"contentUrl\":\"https:\/\/comite-civico.org\/wp-content\/uploads\/2025\/12\/poyo-desde-canada-1.jpg\",\"width\":1920,\"height\":1080},{\"@type\":\"BreadcrumbList\",\"@id\":\"https:\/\/comite-civico.org\/?p=3401#breadcrumb\",\"itemListElement\":[{\"@type\":\"ListItem\",\"position\":1,\"name\":\"Inicio\",\"item\":\"https:\/\/comite-civico.org\/\"},{\"@type\":\"ListItem\",\"position\":2,\"name\":\"Sindicato Metal\u00fargico de Canad\u00e1 respalda al Paro C\u00edvico de Buenaventura\"}]},{\"@type\":\"WebSite\",\"@id\":\"https:\/\/comite-civico.org\/#website\",\"url\":\"https:\/\/comite-civico.org\/\",\"name\":\"Movimiento Social Paro C\u00edvico de Buenaventura\",\"description\":\"Movimiento Social Paro C\u00edvico de Buenaventura\",\"publisher\":{\"@id\":\"https:\/\/comite-civico.org\/#organization\"},\"potentialAction\":[{\"@type\":\"SearchAction\",\"target\":{\"@type\":\"EntryPoint\",\"urlTemplate\":\"https:\/\/comite-civico.org\/?s={search_term_string}\"},\"query-input\":{\"@type\":\"PropertyValueSpecification\",\"valueRequired\":true,\"valueName\":\"search_term_string\"}}],\"inLanguage\":\"es-CO\"},{\"@type\":\"Organization\",\"@id\":\"https:\/\/comite-civico.org\/#organization\",\"name\":\"Movimiento Social Paro C\u00edvico de Buenaventura\",\"url\":\"https:\/\/comite-civico.org\/\",\"logo\":{\"@type\":\"ImageObject\",\"inLanguage\":\"es-CO\",\"@id\":\"https:\/\/comite-civico.org\/#\/schema\/logo\/image\/\",\"url\":\"https:\/\/comite-civico.org\/wp-content\/uploads\/2021\/03\/Logo-de-Movimiento-Blanco-scaled.png\",\"contentUrl\":\"https:\/\/comite-civico.org\/wp-content\/uploads\/2021\/03\/Logo-de-Movimiento-Blanco-scaled.png\",\"width\":2560,\"height\":1810,\"caption\":\"Movimiento Social Paro C\u00edvico de Buenaventura\"},\"image\":{\"@id\":\"https:\/\/comite-civico.org\/#\/schema\/logo\/image\/\"}},{\"@type\":\"Person\",\"@id\":\"https:\/\/comite-civico.org\/#\/schema\/person\/eebdf569aa3565fa603cc9c5b53cea34\",\"name\":\"comiteadmin\",\"image\":{\"@type\":\"ImageObject\",\"inLanguage\":\"es-CO\",\"@id\":\"https:\/\/comite-civico.org\/#\/schema\/person\/image\/\",\"url\":\"https:\/\/secure.gravatar.com\/avatar\/516fb540621996b28f565fdf033072d55dd3fe76896ef4af5250b5fec1b457fe?s=96&d=mm&r=g\",\"contentUrl\":\"https:\/\/secure.gravatar.com\/avatar\/516fb540621996b28f565fdf033072d55dd3fe76896ef4af5250b5fec1b457fe?s=96&d=mm&r=g\",\"caption\":\"comiteadmin\"},\"sameAs\":[\"https:\/\/comite-civico.org\/\"],\"url\":\"https:\/\/comite-civico.org\/?author=1\"}]}<\/script>\n<!-- \/ Yoast SEO plugin. -->","yoast_head_json":{"title":"Sindicato Metal\u00fargico de Canad\u00e1 respalda al Paro C\u00edvico de Buenaventura - Movimiento Social Paro C\u00edvico de Buenaventura","robots":{"index":"index","follow":"follow","max-snippet":"max-snippet:-1","max-image-preview":"max-image-preview:large","max-video-preview":"max-video-preview:-1"},"canonical":"https:\/\/comite-civico.org\/?p=3401","og_locale":"es_ES","og_type":"article","og_title":"Sindicato Metal\u00fargico de Canad\u00e1 respalda al Paro C\u00edvico de Buenaventura - Movimiento Social Paro C\u00edvico de Buenaventura","og_description":"Desde el Movimiento Social Paro C\u00edvico de Buenaventura expresamos nuestro profundo agradecimiento al Sindicato Metal\u00fargico de Canad\u00e1 \u2013 United Steelworkers (USW) por su carta de solidaridad y por alzar su voz ante el Gobierno Nacional de Colombia, exigiendo un di\u00e1logo serio, oportuno y efectivo, as\u00ed como la implementaci\u00f3n real de los acuerdos pactados con el ... Leer m\u00e1s","og_url":"https:\/\/comite-civico.org\/?p=3401","og_site_name":"Movimiento Social Paro C\u00edvico de Buenaventura","article_published_time":"2025-12-22T23:52:45+00:00","article_modified_time":"2025-12-22T23:53:11+00:00","og_image":[{"width":1920,"height":1080,"url":"http:\/\/comite-civico.org\/wp-content\/uploads\/2025\/12\/poyo-desde-canada-1.jpg","type":"image\/jpeg"}],"author":"comiteadmin","twitter_card":"summary_large_image","twitter_misc":{"Escrito por":"comiteadmin","Tiempo de lectura":"2 minutos"},"schema":{"@context":"https:\/\/schema.org","@graph":[{"@type":"Article","@id":"https:\/\/comite-civico.org\/?p=3401#article","isPartOf":{"@id":"https:\/\/comite-civico.org\/?p=3401"},"author":{"name":"comiteadmin","@id":"https:\/\/comite-civico.org\/#\/schema\/person\/eebdf569aa3565fa603cc9c5b53cea34"},"headline":"Sindicato Metal\u00fargico de Canad\u00e1 respalda al Paro C\u00edvico de Buenaventura","datePublished":"2025-12-22T23:52:45+00:00","dateModified":"2025-12-22T23:53:11+00:00","mainEntityOfPage":{"@id":"https:\/\/comite-civico.org\/?p=3401"},"wordCount":264,"commentCount":0,"publisher":{"@id":"https:\/\/comite-civico.org\/#organization"},"image":{"@id":"https:\/\/comite-civico.org\/?p=3401#primaryimage"},"thumbnailUrl":"https:\/\/comite-civico.org\/wp-content\/uploads\/2025\/12\/poyo-desde-canada-1.jpg","inLanguage":"es-CO","potentialAction":[{"@type":"CommentAction","name":"Comment","target":["https:\/\/comite-civico.org\/?p=3401#respond"]}]},{"@type":"WebPage","@id":"https:\/\/comite-civico.org\/?p=3401","url":"https:\/\/comite-civico.org\/?p=3401","name":"Sindicato Metal\u00fargico de Canad\u00e1 respalda al Paro C\u00edvico de Buenaventura - Movimiento Social Paro C\u00edvico de Buenaventura","isPartOf":{"@id":"https:\/\/comite-civico.org\/#website"},"primaryImageOfPage":{"@id":"https:\/\/comite-civico.org\/?p=3401#primaryimage"},"image":{"@id":"https:\/\/comite-civico.org\/?p=3401#primaryimage"},"thumbnailUrl":"https:\/\/comite-civico.org\/wp-content\/uploads\/2025\/12\/poyo-desde-canada-1.jpg","datePublished":"2025-12-22T23:52:45+00:00","dateModified":"2025-12-22T23:53:11+00:00","breadcrumb":{"@id":"https:\/\/comite-civico.org\/?p=3401#breadcrumb"},"inLanguage":"es-CO","potentialAction":[{"@type":"ReadAction","target":["https:\/\/comite-civico.org\/?p=3401"]}]},{"@type":"ImageObject","inLanguage":"es-CO","@id":"https:\/\/comite-civico.org\/?p=3401#primaryimage","url":"https:\/\/comite-civico.org\/wp-content\/uploads\/2025\/12\/poyo-desde-canada-1.jpg","contentUrl":"https:\/\/comite-civico.org\/wp-content\/uploads\/2025\/12\/poyo-desde-canada-1.jpg","width":1920,"height":1080},{"@type":"BreadcrumbList","@id":"https:\/\/comite-civico.org\/?p=3401#breadcrumb","itemListElement":[{"@type":"ListItem","position":1,"name":"Inicio","item":"https:\/\/comite-civico.org\/"},{"@type":"ListItem","position":2,"name":"Sindicato Metal\u00fargico de Canad\u00e1 respalda al Paro C\u00edvico de Buenaventura"}]},{"@type":"WebSite","@id":"https:\/\/comite-civico.org\/#website","url":"https:\/\/comite-civico.org\/","name":"Movimiento Social Paro C\u00edvico de Buenaventura","description":"Movimiento Social Paro C\u00edvico de Buenaventura","publisher":{"@id":"https:\/\/comite-civico.org\/#organization"},"potentialAction":[{"@type":"SearchAction","target":{"@type":"EntryPoint","urlTemplate":"https:\/\/comite-civico.org\/?s={search_term_string}"},"query-input":{"@type":"PropertyValueSpecification","valueRequired":true,"valueName":"search_term_string"}}],"inLanguage":"es-CO"},{"@type":"Organization","@id":"https:\/\/comite-civico.org\/#organization","name":"Movimiento Social Paro C\u00edvico de Buenaventura","url":"https:\/\/comite-civico.org\/","logo":{"@type":"ImageObject","inLanguage":"es-CO","@id":"https:\/\/comite-civico.org\/#\/schema\/logo\/image\/","url":"https:\/\/comite-civico.org\/wp-content\/uploads\/2021\/03\/Logo-de-Movimiento-Blanco-scaled.png","contentUrl":"https:\/\/comite-civico.org\/wp-content\/uploads\/2021\/03\/Logo-de-Movimiento-Blanco-scaled.png","width":2560,"height":1810,"caption":"Movimiento Social Paro C\u00edvico de Buenaventura"},"image":{"@id":"https:\/\/comite-civico.org\/#\/schema\/logo\/image\/"}},{"@type":"Person","@id":"https:\/\/comite-civico.org\/#\/schema\/person\/eebdf569aa3565fa603cc9c5b53cea34","name":"comiteadmin","image":{"@type":"ImageObject","inLanguage":"es-CO","@id":"https:\/\/comite-civico.org\/#\/schema\/person\/image\/","url":"https:\/\/secure.gravatar.com\/avatar\/516fb540621996b28f565fdf033072d55dd3fe76896ef4af5250b5fec1b457fe?s=96&d=mm&r=g","contentUrl":"https:\/\/secure.gravatar.com\/avatar\/516fb540621996b28f565fdf033072d55dd3fe76896ef4af5250b5fec1b457fe?s=96&d=mm&r=g","caption":"comiteadmin"},"sameAs":["https:\/\/comite-civico.org\/"],"url":"https:\/\/comite-civico.org\/?author=1"}]}},"_links":{"self":[{"href":"https:\/\/comite-civico.org\/index.php?rest_route=\/wp\/v2\/posts\/3401","targetHints":{"allow":["GET"]}}],"collection":[{"href":"https:\/\/comite-civico.org\/index.php?rest_route=\/wp\/v2\/posts"}],"about":[{"href":"https:\/\/comite-civico.org\/index.php?rest_route=\/wp\/v2\/types\/post"}],"author":[{"embeddable":true,"href":"https:\/\/comite-civico.org\/index.php?rest_route=\/wp\/v2\/users\/1"}],"replies":[{"embeddable":true,"href":"https:\/\/comite-civico.org\/index.php?rest_route=%2Fwp%2Fv2%2Fcomments&post=3401"}],"version-history":[{"count":7,"href":"https:\/\/comite-civico.org\/index.php?rest_route=\/wp\/v2\/posts\/3401\/revisions"}],"predecessor-version":[{"id":3409,"href":"https:\/\/comite-civico.org\/index.php?rest_route=\/wp\/v2\/posts\/3401\/revisions\/3409"}],"wp:featuredmedia":[{"embeddable":true,"href":"https:\/\/comite-civico.org\/index.php?rest_route=\/wp\/v2\/media\/3400"}],"wp:attachment":[{"href":"https:\/\/comite-civico.org\/index.php?rest_route=%2Fwp%2Fv2%2Fmedia&parent=3401"}],"wp:term":[{"taxonomy":"category","embeddable":true,"href":"https:\/\/comite-civico.org\/index.php?rest_route=%2Fwp%2Fv2%2Fcategories&post=3401"},{"taxonomy":"post_tag","embeddable":true,"href":"https:\/\/comite-civico.org\/index.php?rest_route=%2Fwp%2Fv2%2Ftags&post=3401"}],"curies":[{"name":"wp","href":"https:\/\/api.w.org\/{rel}","templated":true}]}}