{"id":3388,"date":"2025-12-22T11:32:08","date_gmt":"2025-12-22T16:32:08","guid":{"rendered":"https:\/\/comite-civico.org\/?p=3388"},"modified":"2025-12-22T11:34:49","modified_gmt":"2025-12-22T16:34:49","slug":"convocatoria-laboral-plan-de-movilidad-sostenible-y-segura-pmss","status":"publish","type":"post","link":"https:\/\/comite-civico.org\/?p=3388","title":{"rendered":"CONVOCATORIA LABORAL \u2013 PLAN DE MOVILIDAD SOSTENIBLE Y SEGURA (PMSS)"},"content":{"rendered":"\t\t<div data-elementor-type=\"wp-post\" data-elementor-id=\"3388\" class=\"elementor elementor-3388\" data-elementor-post-type=\"post\">\n\t\t\t\t\t\t<section data-particle_enable=\"false\" data-particle-mobile-disabled=\"false\" class=\"elementor-section elementor-top-section elementor-element elementor-element-3104a8f elementor-section-boxed elementor-section-height-default elementor-section-height-default\" data-id=\"3104a8f\" data-element_type=\"section\" data-settings=\"{&quot;jet_parallax_layout_list&quot;:[]}\">\n\t\t\t\t\t\t<div class=\"elementor-container elementor-column-gap-default\">\n\t\t\t\t\t<div class=\"elementor-column elementor-col-100 elementor-top-column elementor-element elementor-element-7fd6658\" data-id=\"7fd6658\" data-element_type=\"column\">\n\t\t\t<div class=\"elementor-widget-wrap elementor-element-populated\">\n\t\t\t\t\t\t<div class=\"elementor-element elementor-element-734a39f elementor-widget elementor-widget-text-editor\" data-id=\"734a39f\" data-element_type=\"widget\" data-widget_type=\"text-editor.default\">\n\t\t\t\t<div class=\"elementor-widget-container\">\n\t\t\t\t\t\t\t\t\t<h2 data-start=\"170\" data-end=\"219\">Convocatoria para profesionales y t\u00e9cnicos<\/h2><p data-start=\"220\" data-end=\"311\">Formulaci\u00f3n del Plan de Movilidad Sostenible y Segura (PMSS) del Distrito de Buenaventura**<\/p><p data-start=\"313\" data-end=\"615\">El <strong data-start=\"316\" data-end=\"338\">Consorcio PMB 2025<\/strong>, en el marco de la ejecuci\u00f3n del contrato <strong data-start=\"381\" data-end=\"401\">FONBUE 05 \u2013 2025<\/strong>, invita a profesionales, t\u00e9cnicos y personal de apoyo <strong data-start=\"456\" data-end=\"501\">residentes en el Distrito de Buenaventura<\/strong> a participar en el proceso de selecci\u00f3n para la <strong data-start=\"550\" data-end=\"614\">Formulaci\u00f3n del Plan de Movilidad Sostenible y Segura (PMSS)<\/strong>.<\/p><p data-start=\"617\" data-end=\"1005\">El proyecto tiene como objetivo formular el PMSS del Distrito de Buenaventura, con \u00e9nfasis en la intermodalidad de los sistemas de transporte motorizado, no motorizado, terrestre, f\u00e9rreo, a\u00e9reo, fluvial y mar\u00edtimo, incorporando criterios territoriales, ambientales y culturales, as\u00ed como la definici\u00f3n de estrategias, programas, proyectos y fuentes de financiaci\u00f3n para su implementaci\u00f3n.<\/p><hr data-start=\"1007\" data-end=\"1010\" \/><h3 data-start=\"1012\" data-end=\"1039\"><strong data-start=\"1016\" data-end=\"1039\">Perfiles requeridos<\/strong><\/h3><p data-start=\"1041\" data-end=\"1097\">La convocatoria est\u00e1 dirigida a los siguientes perfiles:<\/p><ul data-start=\"1099\" data-end=\"1399\"><li data-start=\"1099\" data-end=\"1121\"><p data-start=\"1101\" data-end=\"1121\">Experto financiero<\/p><\/li><li data-start=\"1122\" data-end=\"1143\"><p data-start=\"1124\" data-end=\"1143\">Experto ambiental<\/p><\/li><li data-start=\"1144\" data-end=\"1183\"><p data-start=\"1146\" data-end=\"1183\">Experto en modelaci\u00f3n de transporte<\/p><\/li><li data-start=\"1184\" data-end=\"1235\"><p data-start=\"1186\" data-end=\"1235\">Experto en legislaci\u00f3n de transporte y tr\u00e1nsito<\/p><\/li><li data-start=\"1236\" data-end=\"1265\"><p data-start=\"1238\" data-end=\"1265\">Experto en gesti\u00f3n social<\/p><\/li><li data-start=\"1266\" data-end=\"1299\"><p data-start=\"1268\" data-end=\"1299\">Experto en movilidad acu\u00e1tica<\/p><\/li><li data-start=\"1300\" data-end=\"1323\"><p data-start=\"1302\" data-end=\"1323\">Experto tecnol\u00f3gico<\/p><\/li><li data-start=\"1324\" data-end=\"1352\"><p data-start=\"1326\" data-end=\"1352\">Ingeniero civil de apoyo<\/p><\/li><li data-start=\"1353\" data-end=\"1381\"><p data-start=\"1355\" data-end=\"1381\">Asistente administrativa<\/p><\/li><li data-start=\"1382\" data-end=\"1399\"><p data-start=\"1384\" data-end=\"1399\">Encuestadores<\/p><\/li><\/ul><p data-start=\"1401\" data-end=\"1571\">Cada perfil cuenta con requisitos espec\u00edficos de formaci\u00f3n acad\u00e9mica y experiencia profesional, de acuerdo con los t\u00e9rminos de referencia establecidos en la convocatoria.<\/p><hr data-start=\"1573\" data-end=\"1576\" \/><h3 data-start=\"1578\" data-end=\"1606\"><strong data-start=\"1582\" data-end=\"1606\">Requisitos generales<\/strong><\/h3><p data-start=\"1608\" data-end=\"1670\">Los aspirantes deber\u00e1n cumplir con las siguientes condiciones:<\/p><ul data-start=\"1672\" data-end=\"2207\"><li data-start=\"1672\" data-end=\"1764\"><p data-start=\"1674\" data-end=\"1764\">Ser residentes del Distrito de Buenaventura con una permanencia m\u00ednima de cinco (5) a\u00f1os<\/p><\/li><li data-start=\"1765\" data-end=\"2207\"><p data-start=\"1767\" data-end=\"1858\">Acreditar el cumplimiento del perfil mediante la presentaci\u00f3n de los siguientes documentos:<\/p><ul data-start=\"1861\" data-end=\"2207\"><li data-start=\"1861\" data-end=\"1889\"><p data-start=\"1863\" data-end=\"1889\">Hoja de vida actualizada<\/p><\/li><li data-start=\"1892\" data-end=\"1918\"><p data-start=\"1894\" data-end=\"1918\">Documento de identidad<\/p><\/li><li data-start=\"1921\" data-end=\"1960\"><p data-start=\"1923\" data-end=\"1960\">T\u00edtulos acad\u00e9micos y actas de grado<\/p><\/li><li data-start=\"1963\" data-end=\"2003\"><p data-start=\"1965\" data-end=\"2003\">Tarjeta profesional (cuando aplique)<\/p><\/li><li data-start=\"2006\" data-end=\"2074\"><p data-start=\"2008\" data-end=\"2074\">Certificaciones laborales que acrediten la experiencia requerida<\/p><\/li><li data-start=\"2077\" data-end=\"2124\"><p data-start=\"2079\" data-end=\"2124\">Antecedentes disciplinarios y profesionales<\/p><\/li><li data-start=\"2127\" data-end=\"2207\"><p data-start=\"2129\" data-end=\"2207\">Certificado de residencia expedido por la Alcald\u00eda Distrital de Buenaventura<\/p><\/li><\/ul><\/li><\/ul><hr data-start=\"2209\" data-end=\"2212\" \/><h3 data-start=\"2214\" data-end=\"2233\"><strong data-start=\"2218\" data-end=\"2233\">Postulaci\u00f3n<\/strong><\/h3><p data-start=\"2235\" data-end=\"2346\">Los interesados deber\u00e1n enviar la hoja de vida con todos los anexos requeridos al siguiente correo electr\u00f3nico:<\/p><p data-start=\"2348\" data-end=\"2386\"><strong data-start=\"2348\" data-end=\"2386\"><a class=\"decorated-link cursor-pointer\" rel=\"noopener\" data-start=\"2350\" data-end=\"2384\">ingenieria@movilidadsostenible.com<\/a><\/strong><\/p><p data-start=\"2388\" data-end=\"2472\">En el asunto del correo se debe indicar claramente el <strong data-start=\"2442\" data-end=\"2471\">perfil al cual se postula<\/strong>.<\/p><hr data-start=\"2474\" data-end=\"2477\" \/><h3 data-start=\"2479\" data-end=\"2502\"><strong data-start=\"2483\" data-end=\"2502\">Fecha de cierre<\/strong><\/h3><p data-start=\"2504\" data-end=\"2548\">La convocatoria estar\u00e1 abierta hasta el d\u00eda:<\/p><p data-start=\"2550\" data-end=\"2602\"><strong data-start=\"2550\" data-end=\"2602\">Viernes 26 de diciembre de 2025 a las 5:00 p. m.<\/strong><\/p><p data-start=\"2604\" data-end=\"2745\">Las hojas de vida incompletas o recibidas despu\u00e9s de la fecha y hora establecidas no ser\u00e1n tenidas en cuenta dentro del proceso de selecci\u00f3n.<\/p><hr data-start=\"2747\" data-end=\"2750\" \/><h3 data-start=\"2752\" data-end=\"2787\"><strong data-start=\"2756\" data-end=\"2787\">Descarga de la convocatoria<\/strong><\/h3><p data-start=\"2789\" data-end=\"2898\">La convocatoria completa, con los perfiles y requisitos detallados, puede descargarse en el siguiente enlace:<\/p><p data-start=\"2900\" data-end=\"3020\"><a class=\"decorated-link\" href=\"http:\/\/comite-civico.org\/wp-content\/uploads\/2025\/12\/CONVOCATORIA-PROFESIONALES-Y-TECNICOS-PARA-FORMULACION-DEL-PMISS.pdf\" target=\"_new\" rel=\"noopener\" data-start=\"2900\" data-end=\"3020\">http:\/\/comite-civico.org\/wp-content\/uploads\/2025\/12\/CONVOCATORIA-PROFESIONALES-Y-TECNICOS-PARA-FORMULACION-DEL-PMISS.pdf<\/a><\/p>\t\t\t\t\t\t\t\t<\/div>\n\t\t\t\t<\/div>\n\t\t\t\t\t<\/div>\n\t\t<\/div>\n\t\t\t\t\t<\/div>\n\t\t<\/section>\n\t\t\t\t<section data-particle_enable=\"false\" data-particle-mobile-disabled=\"false\" class=\"elementor-section elementor-top-section elementor-element elementor-element-abdb03b elementor-section-boxed elementor-section-height-default elementor-section-height-default\" data-id=\"abdb03b\" data-element_type=\"section\" data-settings=\"{&quot;jet_parallax_layout_list&quot;:[]}\">\n\t\t\t\t\t\t<div class=\"elementor-container elementor-column-gap-default\">\n\t\t\t\t\t<div class=\"elementor-column elementor-col-100 elementor-top-column elementor-element elementor-element-fbf6045\" data-id=\"fbf6045\" data-element_type=\"column\">\n\t\t\t<div class=\"elementor-widget-wrap elementor-element-populated\">\n\t\t\t\t\t\t<div class=\"elementor-element elementor-element-8a66464 dce_masking-none elementor-widget elementor-widget-image\" data-id=\"8a66464\" data-element_type=\"widget\" data-widget_type=\"image.default\">\n\t\t\t\t<div class=\"elementor-widget-container\">\n\t\t\t\t\t\t\t\t\t\t\t\t\t\t\t\t<a href=\"http:\/\/comite-civico.org\/wp-content\/uploads\/2025\/12\/CONVOCATORIA-PROFESIONALES-Y-TECNICOS-PARA-FORMULACION-DEL-PMISS.pdf\">\n\t\t\t\t\t\t\t<img fetchpriority=\"high\" decoding=\"async\" width=\"1024\" height=\"213\" src=\"https:\/\/comite-civico.org\/wp-content\/uploads\/2025\/12\/DESCARGA-EL-PDF-1024x213.jpg\" class=\"attachment-large size-large wp-image-3394\" alt=\"\" srcset=\"https:\/\/comite-civico.org\/wp-content\/uploads\/2025\/12\/DESCARGA-EL-PDF-1024x213.jpg 1024w, https:\/\/comite-civico.org\/wp-content\/uploads\/2025\/12\/DESCARGA-EL-PDF-300x63.jpg 300w, https:\/\/comite-civico.org\/wp-content\/uploads\/2025\/12\/DESCARGA-EL-PDF-768x160.jpg 768w, https:\/\/comite-civico.org\/wp-content\/uploads\/2025\/12\/DESCARGA-EL-PDF-1536x320.jpg 1536w, https:\/\/comite-civico.org\/wp-content\/uploads\/2025\/12\/DESCARGA-EL-PDF.jpg 1920w\" sizes=\"(max-width: 1024px) 100vw, 1024px\" \/>\t\t\t\t\t\t\t\t<\/a>\n\t\t\t\t\t\t\t\t\t\t\t\t\t\t\t<\/div>\n\t\t\t\t<\/div>\n\t\t\t\t\t<\/div>\n\t\t<\/div>\n\t\t\t\t\t<\/div>\n\t\t<\/section>\n\t\t\t\t<\/div>\n\t\t","protected":false},"excerpt":{"rendered":"<p>Convocatoria para profesionales y t\u00e9cnicos Formulaci\u00f3n del Plan de Movilidad Sostenible y Segura (PMSS) del Distrito de Buenaventura** El Consorcio PMB 2025, en el marco de la ejecuci\u00f3n del contrato FONBUE 05 \u2013 2025, invita a profesionales, t\u00e9cnicos y personal de apoyo residentes en el Distrito de Buenaventura a participar en el proceso de selecci\u00f3n &#8230; <a title=\"CONVOCATORIA LABORAL \u2013 PLAN DE MOVILIDAD SOSTENIBLE Y SEGURA (PMSS)\" class=\"read-more\" href=\"https:\/\/comite-civico.org\/?p=3388\" aria-label=\"Read more about CONVOCATORIA LABORAL \u2013 PLAN DE MOVILIDAD SOSTENIBLE Y SEGURA (PMSS)\">Leer m\u00e1s<\/a><\/p>\n","protected":false},"author":1,"featured_media":3392,"comment_status":"open","ping_status":"open","sticky":false,"template":"","format":"standard","meta":{"footnotes":""},"categories":[1],"tags":[],"class_list":["post-3388","post","type-post","status-publish","format-standard","has-post-thumbnail","hentry","category-sin-categoria"],"acf":[],"yoast_head":"<!-- This site is optimized with the Yoast SEO plugin v25.0 - https:\/\/yoast.com\/wordpress\/plugins\/seo\/ -->\n<title>CONVOCATORIA LABORAL \u2013 PLAN DE MOVILIDAD SOSTENIBLE Y SEGURA (PMSS) - Movimiento Social Paro C\u00edvico de Buenaventura<\/title>\n<meta name=\"robots\" content=\"index, follow, max-snippet:-1, max-image-preview:large, max-video-preview:-1\" \/>\n<link rel=\"canonical\" href=\"https:\/\/comite-civico.org\/?p=3388\" \/>\n<meta property=\"og:locale\" content=\"es_ES\" \/>\n<meta property=\"og:type\" content=\"article\" \/>\n<meta property=\"og:title\" content=\"CONVOCATORIA LABORAL \u2013 PLAN DE MOVILIDAD SOSTENIBLE Y SEGURA (PMSS) - Movimiento Social Paro C\u00edvico de Buenaventura\" \/>\n<meta property=\"og:description\" content=\"Convocatoria para profesionales y t\u00e9cnicos Formulaci\u00f3n del Plan de Movilidad Sostenible y Segura (PMSS) del Distrito de Buenaventura** El Consorcio PMB 2025, en el marco de la ejecuci\u00f3n del contrato FONBUE 05 \u2013 2025, invita a profesionales, t\u00e9cnicos y personal de apoyo residentes en el Distrito de Buenaventura a participar en el proceso de selecci\u00f3n ... Leer m\u00e1s\" \/>\n<meta property=\"og:url\" content=\"https:\/\/comite-civico.org\/?p=3388\" \/>\n<meta property=\"og:site_name\" content=\"Movimiento Social Paro C\u00edvico de Buenaventura\" \/>\n<meta property=\"article:published_time\" content=\"2025-12-22T16:32:08+00:00\" \/>\n<meta property=\"article:modified_time\" content=\"2025-12-22T16:34:49+00:00\" \/>\n<meta property=\"og:image\" content=\"http:\/\/comite-civico.org\/wp-content\/uploads\/2025\/12\/CONVOCATORIA-PROFESIONALES-Y-TECNICOS-PARA-FORMULACION-DEL-PMISS-0.jpg\" \/>\n\t<meta property=\"og:image:width\" content=\"1920\" \/>\n\t<meta property=\"og:image:height\" content=\"1080\" \/>\n\t<meta property=\"og:image:type\" content=\"image\/jpeg\" \/>\n<meta name=\"author\" content=\"comiteadmin\" \/>\n<meta name=\"twitter:card\" content=\"summary_large_image\" \/>\n<meta name=\"twitter:label1\" content=\"Escrito por\" \/>\n\t<meta name=\"twitter:data1\" content=\"comiteadmin\" \/>\n\t<meta name=\"twitter:label2\" content=\"Tiempo de lectura\" \/>\n\t<meta name=\"twitter:data2\" content=\"2 minutos\" \/>\n<script type=\"application\/ld+json\" class=\"yoast-schema-graph\">{\"@context\":\"https:\/\/schema.org\",\"@graph\":[{\"@type\":\"Article\",\"@id\":\"https:\/\/comite-civico.org\/?p=3388#article\",\"isPartOf\":{\"@id\":\"https:\/\/comite-civico.org\/?p=3388\"},\"author\":{\"name\":\"comiteadmin\",\"@id\":\"https:\/\/comite-civico.org\/#\/schema\/person\/eebdf569aa3565fa603cc9c5b53cea34\"},\"headline\":\"CONVOCATORIA LABORAL \u2013 PLAN DE MOVILIDAD SOSTENIBLE Y SEGURA (PMSS)\",\"datePublished\":\"2025-12-22T16:32:08+00:00\",\"dateModified\":\"2025-12-22T16:34:49+00:00\",\"mainEntityOfPage\":{\"@id\":\"https:\/\/comite-civico.org\/?p=3388\"},\"wordCount\":402,\"commentCount\":0,\"publisher\":{\"@id\":\"https:\/\/comite-civico.org\/#organization\"},\"image\":{\"@id\":\"https:\/\/comite-civico.org\/?p=3388#primaryimage\"},\"thumbnailUrl\":\"https:\/\/comite-civico.org\/wp-content\/uploads\/2025\/12\/CONVOCATORIA-PROFESIONALES-Y-TECNICOS-PARA-FORMULACION-DEL-PMISS-0.jpg\",\"inLanguage\":\"es-CO\",\"potentialAction\":[{\"@type\":\"CommentAction\",\"name\":\"Comment\",\"target\":[\"https:\/\/comite-civico.org\/?p=3388#respond\"]}]},{\"@type\":\"WebPage\",\"@id\":\"https:\/\/comite-civico.org\/?p=3388\",\"url\":\"https:\/\/comite-civico.org\/?p=3388\",\"name\":\"CONVOCATORIA LABORAL \u2013 PLAN DE MOVILIDAD SOSTENIBLE Y SEGURA (PMSS) - Movimiento Social Paro C\u00edvico de Buenaventura\",\"isPartOf\":{\"@id\":\"https:\/\/comite-civico.org\/#website\"},\"primaryImageOfPage\":{\"@id\":\"https:\/\/comite-civico.org\/?p=3388#primaryimage\"},\"image\":{\"@id\":\"https:\/\/comite-civico.org\/?p=3388#primaryimage\"},\"thumbnailUrl\":\"https:\/\/comite-civico.org\/wp-content\/uploads\/2025\/12\/CONVOCATORIA-PROFESIONALES-Y-TECNICOS-PARA-FORMULACION-DEL-PMISS-0.jpg\",\"datePublished\":\"2025-12-22T16:32:08+00:00\",\"dateModified\":\"2025-12-22T16:34:49+00:00\",\"breadcrumb\":{\"@id\":\"https:\/\/comite-civico.org\/?p=3388#breadcrumb\"},\"inLanguage\":\"es-CO\",\"potentialAction\":[{\"@type\":\"ReadAction\",\"target\":[\"https:\/\/comite-civico.org\/?p=3388\"]}]},{\"@type\":\"ImageObject\",\"inLanguage\":\"es-CO\",\"@id\":\"https:\/\/comite-civico.org\/?p=3388#primaryimage\",\"url\":\"https:\/\/comite-civico.org\/wp-content\/uploads\/2025\/12\/CONVOCATORIA-PROFESIONALES-Y-TECNICOS-PARA-FORMULACION-DEL-PMISS-0.jpg\",\"contentUrl\":\"https:\/\/comite-civico.org\/wp-content\/uploads\/2025\/12\/CONVOCATORIA-PROFESIONALES-Y-TECNICOS-PARA-FORMULACION-DEL-PMISS-0.jpg\",\"width\":1920,\"height\":1080},{\"@type\":\"BreadcrumbList\",\"@id\":\"https:\/\/comite-civico.org\/?p=3388#breadcrumb\",\"itemListElement\":[{\"@type\":\"ListItem\",\"position\":1,\"name\":\"Inicio\",\"item\":\"https:\/\/comite-civico.org\/\"},{\"@type\":\"ListItem\",\"position\":2,\"name\":\"CONVOCATORIA LABORAL \u2013 PLAN DE MOVILIDAD SOSTENIBLE Y SEGURA (PMSS)\"}]},{\"@type\":\"WebSite\",\"@id\":\"https:\/\/comite-civico.org\/#website\",\"url\":\"https:\/\/comite-civico.org\/\",\"name\":\"Movimiento Social Paro C\u00edvico de Buenaventura\",\"description\":\"Movimiento Social Paro C\u00edvico de Buenaventura\",\"publisher\":{\"@id\":\"https:\/\/comite-civico.org\/#organization\"},\"potentialAction\":[{\"@type\":\"SearchAction\",\"target\":{\"@type\":\"EntryPoint\",\"urlTemplate\":\"https:\/\/comite-civico.org\/?s={search_term_string}\"},\"query-input\":{\"@type\":\"PropertyValueSpecification\",\"valueRequired\":true,\"valueName\":\"search_term_string\"}}],\"inLanguage\":\"es-CO\"},{\"@type\":\"Organization\",\"@id\":\"https:\/\/comite-civico.org\/#organization\",\"name\":\"Movimiento Social Paro C\u00edvico de Buenaventura\",\"url\":\"https:\/\/comite-civico.org\/\",\"logo\":{\"@type\":\"ImageObject\",\"inLanguage\":\"es-CO\",\"@id\":\"https:\/\/comite-civico.org\/#\/schema\/logo\/image\/\",\"url\":\"https:\/\/comite-civico.org\/wp-content\/uploads\/2021\/03\/Logo-de-Movimiento-Blanco-scaled.png\",\"contentUrl\":\"https:\/\/comite-civico.org\/wp-content\/uploads\/2021\/03\/Logo-de-Movimiento-Blanco-scaled.png\",\"width\":2560,\"height\":1810,\"caption\":\"Movimiento Social Paro C\u00edvico de Buenaventura\"},\"image\":{\"@id\":\"https:\/\/comite-civico.org\/#\/schema\/logo\/image\/\"}},{\"@type\":\"Person\",\"@id\":\"https:\/\/comite-civico.org\/#\/schema\/person\/eebdf569aa3565fa603cc9c5b53cea34\",\"name\":\"comiteadmin\",\"image\":{\"@type\":\"ImageObject\",\"inLanguage\":\"es-CO\",\"@id\":\"https:\/\/comite-civico.org\/#\/schema\/person\/image\/\",\"url\":\"https:\/\/secure.gravatar.com\/avatar\/516fb540621996b28f565fdf033072d55dd3fe76896ef4af5250b5fec1b457fe?s=96&d=mm&r=g\",\"contentUrl\":\"https:\/\/secure.gravatar.com\/avatar\/516fb540621996b28f565fdf033072d55dd3fe76896ef4af5250b5fec1b457fe?s=96&d=mm&r=g\",\"caption\":\"comiteadmin\"},\"sameAs\":[\"https:\/\/comite-civico.org\/\"],\"url\":\"https:\/\/comite-civico.org\/?author=1\"}]}<\/script>\n<!-- \/ Yoast SEO plugin. -->","yoast_head_json":{"title":"CONVOCATORIA LABORAL \u2013 PLAN DE MOVILIDAD SOSTENIBLE Y SEGURA (PMSS) - Movimiento Social Paro C\u00edvico de Buenaventura","robots":{"index":"index","follow":"follow","max-snippet":"max-snippet:-1","max-image-preview":"max-image-preview:large","max-video-preview":"max-video-preview:-1"},"canonical":"https:\/\/comite-civico.org\/?p=3388","og_locale":"es_ES","og_type":"article","og_title":"CONVOCATORIA LABORAL \u2013 PLAN DE MOVILIDAD SOSTENIBLE Y SEGURA (PMSS) - Movimiento Social Paro C\u00edvico de Buenaventura","og_description":"Convocatoria para profesionales y t\u00e9cnicos Formulaci\u00f3n del Plan de Movilidad Sostenible y Segura (PMSS) del Distrito de Buenaventura** El Consorcio PMB 2025, en el marco de la ejecuci\u00f3n del contrato FONBUE 05 \u2013 2025, invita a profesionales, t\u00e9cnicos y personal de apoyo residentes en el Distrito de Buenaventura a participar en el proceso de selecci\u00f3n ... Leer m\u00e1s","og_url":"https:\/\/comite-civico.org\/?p=3388","og_site_name":"Movimiento Social Paro C\u00edvico de Buenaventura","article_published_time":"2025-12-22T16:32:08+00:00","article_modified_time":"2025-12-22T16:34:49+00:00","og_image":[{"width":1920,"height":1080,"url":"http:\/\/comite-civico.org\/wp-content\/uploads\/2025\/12\/CONVOCATORIA-PROFESIONALES-Y-TECNICOS-PARA-FORMULACION-DEL-PMISS-0.jpg","type":"image\/jpeg"}],"author":"comiteadmin","twitter_card":"summary_large_image","twitter_misc":{"Escrito por":"comiteadmin","Tiempo de lectura":"2 minutos"},"schema":{"@context":"https:\/\/schema.org","@graph":[{"@type":"Article","@id":"https:\/\/comite-civico.org\/?p=3388#article","isPartOf":{"@id":"https:\/\/comite-civico.org\/?p=3388"},"author":{"name":"comiteadmin","@id":"https:\/\/comite-civico.org\/#\/schema\/person\/eebdf569aa3565fa603cc9c5b53cea34"},"headline":"CONVOCATORIA LABORAL \u2013 PLAN DE MOVILIDAD SOSTENIBLE Y SEGURA (PMSS)","datePublished":"2025-12-22T16:32:08+00:00","dateModified":"2025-12-22T16:34:49+00:00","mainEntityOfPage":{"@id":"https:\/\/comite-civico.org\/?p=3388"},"wordCount":402,"commentCount":0,"publisher":{"@id":"https:\/\/comite-civico.org\/#organization"},"image":{"@id":"https:\/\/comite-civico.org\/?p=3388#primaryimage"},"thumbnailUrl":"https:\/\/comite-civico.org\/wp-content\/uploads\/2025\/12\/CONVOCATORIA-PROFESIONALES-Y-TECNICOS-PARA-FORMULACION-DEL-PMISS-0.jpg","inLanguage":"es-CO","potentialAction":[{"@type":"CommentAction","name":"Comment","target":["https:\/\/comite-civico.org\/?p=3388#respond"]}]},{"@type":"WebPage","@id":"https:\/\/comite-civico.org\/?p=3388","url":"https:\/\/comite-civico.org\/?p=3388","name":"CONVOCATORIA LABORAL \u2013 PLAN DE MOVILIDAD SOSTENIBLE Y SEGURA (PMSS) - Movimiento Social Paro C\u00edvico de Buenaventura","isPartOf":{"@id":"https:\/\/comite-civico.org\/#website"},"primaryImageOfPage":{"@id":"https:\/\/comite-civico.org\/?p=3388#primaryimage"},"image":{"@id":"https:\/\/comite-civico.org\/?p=3388#primaryimage"},"thumbnailUrl":"https:\/\/comite-civico.org\/wp-content\/uploads\/2025\/12\/CONVOCATORIA-PROFESIONALES-Y-TECNICOS-PARA-FORMULACION-DEL-PMISS-0.jpg","datePublished":"2025-12-22T16:32:08+00:00","dateModified":"2025-12-22T16:34:49+00:00","breadcrumb":{"@id":"https:\/\/comite-civico.org\/?p=3388#breadcrumb"},"inLanguage":"es-CO","potentialAction":[{"@type":"ReadAction","target":["https:\/\/comite-civico.org\/?p=3388"]}]},{"@type":"ImageObject","inLanguage":"es-CO","@id":"https:\/\/comite-civico.org\/?p=3388#primaryimage","url":"https:\/\/comite-civico.org\/wp-content\/uploads\/2025\/12\/CONVOCATORIA-PROFESIONALES-Y-TECNICOS-PARA-FORMULACION-DEL-PMISS-0.jpg","contentUrl":"https:\/\/comite-civico.org\/wp-content\/uploads\/2025\/12\/CONVOCATORIA-PROFESIONALES-Y-TECNICOS-PARA-FORMULACION-DEL-PMISS-0.jpg","width":1920,"height":1080},{"@type":"BreadcrumbList","@id":"https:\/\/comite-civico.org\/?p=3388#breadcrumb","itemListElement":[{"@type":"ListItem","position":1,"name":"Inicio","item":"https:\/\/comite-civico.org\/"},{"@type":"ListItem","position":2,"name":"CONVOCATORIA LABORAL \u2013 PLAN DE MOVILIDAD SOSTENIBLE Y SEGURA (PMSS)"}]},{"@type":"WebSite","@id":"https:\/\/comite-civico.org\/#website","url":"https:\/\/comite-civico.org\/","name":"Movimiento Social Paro C\u00edvico de Buenaventura","description":"Movimiento Social Paro C\u00edvico de Buenaventura","publisher":{"@id":"https:\/\/comite-civico.org\/#organization"},"potentialAction":[{"@type":"SearchAction","target":{"@type":"EntryPoint","urlTemplate":"https:\/\/comite-civico.org\/?s={search_term_string}"},"query-input":{"@type":"PropertyValueSpecification","valueRequired":true,"valueName":"search_term_string"}}],"inLanguage":"es-CO"},{"@type":"Organization","@id":"https:\/\/comite-civico.org\/#organization","name":"Movimiento Social Paro C\u00edvico de Buenaventura","url":"https:\/\/comite-civico.org\/","logo":{"@type":"ImageObject","inLanguage":"es-CO","@id":"https:\/\/comite-civico.org\/#\/schema\/logo\/image\/","url":"https:\/\/comite-civico.org\/wp-content\/uploads\/2021\/03\/Logo-de-Movimiento-Blanco-scaled.png","contentUrl":"https:\/\/comite-civico.org\/wp-content\/uploads\/2021\/03\/Logo-de-Movimiento-Blanco-scaled.png","width":2560,"height":1810,"caption":"Movimiento Social Paro C\u00edvico de Buenaventura"},"image":{"@id":"https:\/\/comite-civico.org\/#\/schema\/logo\/image\/"}},{"@type":"Person","@id":"https:\/\/comite-civico.org\/#\/schema\/person\/eebdf569aa3565fa603cc9c5b53cea34","name":"comiteadmin","image":{"@type":"ImageObject","inLanguage":"es-CO","@id":"https:\/\/comite-civico.org\/#\/schema\/person\/image\/","url":"https:\/\/secure.gravatar.com\/avatar\/516fb540621996b28f565fdf033072d55dd3fe76896ef4af5250b5fec1b457fe?s=96&d=mm&r=g","contentUrl":"https:\/\/secure.gravatar.com\/avatar\/516fb540621996b28f565fdf033072d55dd3fe76896ef4af5250b5fec1b457fe?s=96&d=mm&r=g","caption":"comiteadmin"},"sameAs":["https:\/\/comite-civico.org\/"],"url":"https:\/\/comite-civico.org\/?author=1"}]}},"_links":{"self":[{"href":"https:\/\/comite-civico.org\/index.php?rest_route=\/wp\/v2\/posts\/3388","targetHints":{"allow":["GET"]}}],"collection":[{"href":"https:\/\/comite-civico.org\/index.php?rest_route=\/wp\/v2\/posts"}],"about":[{"href":"https:\/\/comite-civico.org\/index.php?rest_route=\/wp\/v2\/types\/post"}],"author":[{"embeddable":true,"href":"https:\/\/comite-civico.org\/index.php?rest_route=\/wp\/v2\/users\/1"}],"replies":[{"embeddable":true,"href":"https:\/\/comite-civico.org\/index.php?rest_route=%2Fwp%2Fv2%2Fcomments&post=3388"}],"version-history":[{"count":5,"href":"https:\/\/comite-civico.org\/index.php?rest_route=\/wp\/v2\/posts\/3388\/revisions"}],"predecessor-version":[{"id":3398,"href":"https:\/\/comite-civico.org\/index.php?rest_route=\/wp\/v2\/posts\/3388\/revisions\/3398"}],"wp:featuredmedia":[{"embeddable":true,"href":"https:\/\/comite-civico.org\/index.php?rest_route=\/wp\/v2\/media\/3392"}],"wp:attachment":[{"href":"https:\/\/comite-civico.org\/index.php?rest_route=%2Fwp%2Fv2%2Fmedia&parent=3388"}],"wp:term":[{"taxonomy":"category","embeddable":true,"href":"https:\/\/comite-civico.org\/index.php?rest_route=%2Fwp%2Fv2%2Fcategories&post=3388"},{"taxonomy":"post_tag","embeddable":true,"href":"https:\/\/comite-civico.org\/index.php?rest_route=%2Fwp%2Fv2%2Ftags&post=3388"}],"curies":[{"name":"wp","href":"https:\/\/api.w.org\/{rel}","templated":true}]}}