{"id":3368,"date":"2025-12-18T15:26:47","date_gmt":"2025-12-18T20:26:47","guid":{"rendered":"https:\/\/comite-civico.org\/?p=3368"},"modified":"2025-12-18T15:43:00","modified_gmt":"2025-12-18T20:43:00","slug":"el-paro-civico-y-la-defensa-de-los-acuerdos-fonbuenaventura-continuara-por-10-anos-mas","status":"publish","type":"post","link":"https:\/\/comite-civico.org\/?p=3368","title":{"rendered":"El Paro C\u00edvico y la defensa de los acuerdos: FonBuenaventura continuar\u00e1 por 10 a\u00f1os m\u00e1s"},"content":{"rendered":"\t\t<div data-elementor-type=\"wp-post\" data-elementor-id=\"3368\" class=\"elementor elementor-3368\" data-elementor-post-type=\"post\">\n\t\t\t\t\t\t<section data-particle_enable=\"false\" data-particle-mobile-disabled=\"false\" class=\"elementor-section elementor-top-section elementor-element elementor-element-9f4c998 elementor-section-boxed elementor-section-height-default elementor-section-height-default\" data-id=\"9f4c998\" data-element_type=\"section\" data-settings=\"{&quot;jet_parallax_layout_list&quot;:[]}\">\n\t\t\t\t\t\t<div class=\"elementor-container elementor-column-gap-default\">\n\t\t\t\t\t<div class=\"elementor-column elementor-col-100 elementor-top-column elementor-element elementor-element-6ae5e32\" data-id=\"6ae5e32\" data-element_type=\"column\">\n\t\t\t<div class=\"elementor-widget-wrap elementor-element-populated\">\n\t\t\t\t\t\t<div class=\"elementor-element elementor-element-9272523 elementor-widget elementor-widget-text-editor\" data-id=\"9272523\" data-element_type=\"widget\" data-widget_type=\"text-editor.default\">\n\t\t\t\t<div class=\"elementor-widget-container\">\n\t\t\t\t\t\t\t\t\t<p data-start=\"932\" data-end=\"1281\">El Movimiento Paro C\u00edvico de Buenaventura informa a la comunidad que fue aprobada la <strong data-start=\"1017\" data-end=\"1067\">pr\u00f3rroga de FonBuenaventura por diez (10) a\u00f1os<\/strong>, una decisi\u00f3n fundamental para asegurar la continuidad de los compromisos pactados tras el Paro C\u00edvico y avanzar en la implementaci\u00f3n del <strong data-start=\"1206\" data-end=\"1280\">Plan Integral Especial para el Desarrollo de Buenaventura \u2013 PIEDB 2040<\/strong>.<\/p><p data-start=\"1283\" data-end=\"1519\">Esta decisi\u00f3n permite dar continuidad a proyectos estrat\u00e9gicos en <strong data-start=\"1349\" data-end=\"1410\">agua potable, saneamiento b\u00e1sico, salud e infraestructura<\/strong>, as\u00ed como fortalecer la transparencia y eficiencia en la ejecuci\u00f3n de los recursos destinados al territorio.<\/p><p data-start=\"1521\" data-end=\"1770\">Desde el Movimiento Paro C\u00edvico reiteramos nuestro compromiso con el <strong data-start=\"1590\" data-end=\"1665\">control social, la participaci\u00f3n ciudadana y la defensa de los acuerdos<\/strong>, para que estos avances se traduzcan en mejoras reales en la calidad de vida del pueblo de Buenaventura.<\/p><p data-start=\"1772\" data-end=\"1940\">\ud83d\udcc4 <strong data-start=\"1775\" data-end=\"1828\">Descargue aqu\u00ed el Bolet\u00edn de Prensa \u2013 JAF N.\u00b0 23:<\/strong><br data-start=\"1828\" data-end=\"1831\" \/>\ud83d\udc49 <a class=\"decorated-link\" href=\"http:\/\/comite-civico.org\/wp-content\/uploads\/2025\/12\/Boletin-de-Prensa-JAF-N.-23-JAF-Aprueba-Propuestas.pdf\" target=\"_new\" rel=\"noopener\" data-start=\"1834\" data-end=\"1940\">http:\/\/comite-civico.org\/wp-content\/uploads\/2025\/12\/Boletin-de-Prensa-JAF-N.-23-JAF-Aprueba-Propuestas.pdf<\/a><\/p><p data-start=\"1942\" data-end=\"2013\">\u270a\ud83c\udffe <em data-start=\"1946\" data-end=\"2013\">El Paro C\u00edvico no fue un hecho aislado, es un proceso permanente.<\/em><\/p>\t\t\t\t\t\t\t\t<\/div>\n\t\t\t\t<\/div>\n\t\t\t\t\t<\/div>\n\t\t<\/div>\n\t\t\t\t\t<\/div>\n\t\t<\/section>\n\t\t\t\t<section data-particle_enable=\"false\" data-particle-mobile-disabled=\"false\" class=\"elementor-section elementor-top-section elementor-element elementor-element-3f914d9 elementor-section-boxed elementor-section-height-default elementor-section-height-default\" data-id=\"3f914d9\" data-element_type=\"section\" data-settings=\"{&quot;jet_parallax_layout_list&quot;:[]}\">\n\t\t\t\t\t\t<div class=\"elementor-container elementor-column-gap-default\">\n\t\t\t\t\t<div class=\"elementor-column elementor-col-100 elementor-top-column elementor-element elementor-element-3298cfc\" data-id=\"3298cfc\" data-element_type=\"column\">\n\t\t\t<div class=\"elementor-widget-wrap elementor-element-populated\">\n\t\t\t\t\t\t<div class=\"elementor-element elementor-element-1ec917d dce_masking-none elementor-widget elementor-widget-image\" data-id=\"1ec917d\" data-element_type=\"widget\" data-widget_type=\"image.default\">\n\t\t\t\t<div class=\"elementor-widget-container\">\n\t\t\t\t\t\t\t\t\t\t\t\t\t\t\t\t<a href=\"http:\/\/comite-civico.org\/wp-content\/uploads\/2025\/12\/Boletin-de-Prensa-JAF-N.-23-JAF-Aprueba-Propuestas.pdf\">\n\t\t\t\t\t\t\t<img fetchpriority=\"high\" decoding=\"async\" width=\"1024\" height=\"213\" src=\"https:\/\/comite-civico.org\/wp-content\/uploads\/2025\/11\/descarga-PDF-FONBUENAVENTURA-1024x213.jpg\" class=\"attachment-large size-large wp-image-2997\" alt=\"\" srcset=\"https:\/\/comite-civico.org\/wp-content\/uploads\/2025\/11\/descarga-PDF-FONBUENAVENTURA-1024x213.jpg 1024w, https:\/\/comite-civico.org\/wp-content\/uploads\/2025\/11\/descarga-PDF-FONBUENAVENTURA-300x63.jpg 300w, https:\/\/comite-civico.org\/wp-content\/uploads\/2025\/11\/descarga-PDF-FONBUENAVENTURA-768x160.jpg 768w, https:\/\/comite-civico.org\/wp-content\/uploads\/2025\/11\/descarga-PDF-FONBUENAVENTURA-1536x320.jpg 1536w, https:\/\/comite-civico.org\/wp-content\/uploads\/2025\/11\/descarga-PDF-FONBUENAVENTURA.jpg 1920w\" sizes=\"(max-width: 1024px) 100vw, 1024px\" \/>\t\t\t\t\t\t\t\t<\/a>\n\t\t\t\t\t\t\t\t\t\t\t\t\t\t\t<\/div>\n\t\t\t\t<\/div>\n\t\t\t\t\t<\/div>\n\t\t<\/div>\n\t\t\t\t\t<\/div>\n\t\t<\/section>\n\t\t\t\t<\/div>\n\t\t","protected":false},"excerpt":{"rendered":"<p>El Movimiento Paro C\u00edvico de Buenaventura informa a la comunidad que fue aprobada la pr\u00f3rroga de FonBuenaventura por diez (10) a\u00f1os, una decisi\u00f3n fundamental para asegurar la continuidad de los compromisos pactados tras el Paro C\u00edvico y avanzar en la implementaci\u00f3n del Plan Integral Especial para el Desarrollo de Buenaventura \u2013 PIEDB 2040. Esta decisi\u00f3n &#8230; <a title=\"El Paro C\u00edvico y la defensa de los acuerdos: FonBuenaventura continuar\u00e1 por 10 a\u00f1os m\u00e1s\" class=\"read-more\" href=\"https:\/\/comite-civico.org\/?p=3368\" aria-label=\"Read more about El Paro C\u00edvico y la defensa de los acuerdos: FonBuenaventura continuar\u00e1 por 10 a\u00f1os m\u00e1s\">Leer m\u00e1s<\/a><\/p>\n","protected":false},"author":1,"featured_media":3379,"comment_status":"open","ping_status":"open","sticky":false,"template":"","format":"standard","meta":{"footnotes":""},"categories":[1],"tags":[],"class_list":["post-3368","post","type-post","status-publish","format-standard","has-post-thumbnail","hentry","category-sin-categoria"],"acf":[],"yoast_head":"<!-- This site is optimized with the Yoast SEO plugin v25.0 - https:\/\/yoast.com\/wordpress\/plugins\/seo\/ -->\n<title>El Paro C\u00edvico y la defensa de los acuerdos: FonBuenaventura continuar\u00e1 por 10 a\u00f1os m\u00e1s - Movimiento Social Paro C\u00edvico de Buenaventura<\/title>\n<meta name=\"robots\" content=\"index, follow, max-snippet:-1, max-image-preview:large, max-video-preview:-1\" \/>\n<link rel=\"canonical\" href=\"https:\/\/comite-civico.org\/?p=3368\" \/>\n<meta property=\"og:locale\" content=\"es_ES\" \/>\n<meta property=\"og:type\" content=\"article\" \/>\n<meta property=\"og:title\" content=\"El Paro C\u00edvico y la defensa de los acuerdos: FonBuenaventura continuar\u00e1 por 10 a\u00f1os m\u00e1s - Movimiento Social Paro C\u00edvico de Buenaventura\" \/>\n<meta property=\"og:description\" content=\"El Movimiento Paro C\u00edvico de Buenaventura informa a la comunidad que fue aprobada la pr\u00f3rroga de FonBuenaventura por diez (10) a\u00f1os, una decisi\u00f3n fundamental para asegurar la continuidad de los compromisos pactados tras el Paro C\u00edvico y avanzar en la implementaci\u00f3n del Plan Integral Especial para el Desarrollo de Buenaventura \u2013 PIEDB 2040. Esta decisi\u00f3n ... Leer m\u00e1s\" \/>\n<meta property=\"og:url\" content=\"https:\/\/comite-civico.org\/?p=3368\" \/>\n<meta property=\"og:site_name\" content=\"Movimiento Social Paro C\u00edvico de Buenaventura\" \/>\n<meta property=\"article:published_time\" content=\"2025-12-18T20:26:47+00:00\" \/>\n<meta property=\"article:modified_time\" content=\"2025-12-18T20:43:00+00:00\" \/>\n<meta property=\"og:image\" content=\"http:\/\/comite-civico.org\/wp-content\/uploads\/2025\/12\/post-10-anos-fon-1-scaled.jpg\" \/>\n\t<meta property=\"og:image:width\" content=\"2560\" \/>\n\t<meta property=\"og:image:height\" content=\"1440\" \/>\n\t<meta property=\"og:image:type\" content=\"image\/jpeg\" \/>\n<meta name=\"author\" content=\"comiteadmin\" \/>\n<meta name=\"twitter:card\" content=\"summary_large_image\" \/>\n<meta name=\"twitter:label1\" content=\"Escrito por\" \/>\n\t<meta name=\"twitter:data1\" content=\"comiteadmin\" \/>\n\t<meta name=\"twitter:label2\" content=\"Tiempo de lectura\" \/>\n\t<meta name=\"twitter:data2\" content=\"2 minutos\" \/>\n<script type=\"application\/ld+json\" class=\"yoast-schema-graph\">{\"@context\":\"https:\/\/schema.org\",\"@graph\":[{\"@type\":\"Article\",\"@id\":\"https:\/\/comite-civico.org\/?p=3368#article\",\"isPartOf\":{\"@id\":\"https:\/\/comite-civico.org\/?p=3368\"},\"author\":{\"name\":\"comiteadmin\",\"@id\":\"https:\/\/comite-civico.org\/#\/schema\/person\/eebdf569aa3565fa603cc9c5b53cea34\"},\"headline\":\"El Paro C\u00edvico y la defensa de los acuerdos: FonBuenaventura continuar\u00e1 por 10 a\u00f1os m\u00e1s\",\"datePublished\":\"2025-12-18T20:26:47+00:00\",\"dateModified\":\"2025-12-18T20:43:00+00:00\",\"mainEntityOfPage\":{\"@id\":\"https:\/\/comite-civico.org\/?p=3368\"},\"wordCount\":181,\"commentCount\":0,\"publisher\":{\"@id\":\"https:\/\/comite-civico.org\/#organization\"},\"image\":{\"@id\":\"https:\/\/comite-civico.org\/?p=3368#primaryimage\"},\"thumbnailUrl\":\"https:\/\/comite-civico.org\/wp-content\/uploads\/2025\/12\/post-10-anos-fon-1-scaled.jpg\",\"inLanguage\":\"es-CO\",\"potentialAction\":[{\"@type\":\"CommentAction\",\"name\":\"Comment\",\"target\":[\"https:\/\/comite-civico.org\/?p=3368#respond\"]}]},{\"@type\":\"WebPage\",\"@id\":\"https:\/\/comite-civico.org\/?p=3368\",\"url\":\"https:\/\/comite-civico.org\/?p=3368\",\"name\":\"El Paro C\u00edvico y la defensa de los acuerdos: FonBuenaventura continuar\u00e1 por 10 a\u00f1os m\u00e1s - Movimiento Social Paro C\u00edvico de Buenaventura\",\"isPartOf\":{\"@id\":\"https:\/\/comite-civico.org\/#website\"},\"primaryImageOfPage\":{\"@id\":\"https:\/\/comite-civico.org\/?p=3368#primaryimage\"},\"image\":{\"@id\":\"https:\/\/comite-civico.org\/?p=3368#primaryimage\"},\"thumbnailUrl\":\"https:\/\/comite-civico.org\/wp-content\/uploads\/2025\/12\/post-10-anos-fon-1-scaled.jpg\",\"datePublished\":\"2025-12-18T20:26:47+00:00\",\"dateModified\":\"2025-12-18T20:43:00+00:00\",\"breadcrumb\":{\"@id\":\"https:\/\/comite-civico.org\/?p=3368#breadcrumb\"},\"inLanguage\":\"es-CO\",\"potentialAction\":[{\"@type\":\"ReadAction\",\"target\":[\"https:\/\/comite-civico.org\/?p=3368\"]}]},{\"@type\":\"ImageObject\",\"inLanguage\":\"es-CO\",\"@id\":\"https:\/\/comite-civico.org\/?p=3368#primaryimage\",\"url\":\"https:\/\/comite-civico.org\/wp-content\/uploads\/2025\/12\/post-10-anos-fon-1-scaled.jpg\",\"contentUrl\":\"https:\/\/comite-civico.org\/wp-content\/uploads\/2025\/12\/post-10-anos-fon-1-scaled.jpg\",\"width\":2560,\"height\":1440},{\"@type\":\"BreadcrumbList\",\"@id\":\"https:\/\/comite-civico.org\/?p=3368#breadcrumb\",\"itemListElement\":[{\"@type\":\"ListItem\",\"position\":1,\"name\":\"Inicio\",\"item\":\"https:\/\/comite-civico.org\/\"},{\"@type\":\"ListItem\",\"position\":2,\"name\":\"El Paro C\u00edvico y la defensa de los acuerdos: FonBuenaventura continuar\u00e1 por 10 a\u00f1os m\u00e1s\"}]},{\"@type\":\"WebSite\",\"@id\":\"https:\/\/comite-civico.org\/#website\",\"url\":\"https:\/\/comite-civico.org\/\",\"name\":\"Movimiento Social Paro C\u00edvico de Buenaventura\",\"description\":\"Movimiento Social Paro C\u00edvico de Buenaventura\",\"publisher\":{\"@id\":\"https:\/\/comite-civico.org\/#organization\"},\"potentialAction\":[{\"@type\":\"SearchAction\",\"target\":{\"@type\":\"EntryPoint\",\"urlTemplate\":\"https:\/\/comite-civico.org\/?s={search_term_string}\"},\"query-input\":{\"@type\":\"PropertyValueSpecification\",\"valueRequired\":true,\"valueName\":\"search_term_string\"}}],\"inLanguage\":\"es-CO\"},{\"@type\":\"Organization\",\"@id\":\"https:\/\/comite-civico.org\/#organization\",\"name\":\"Movimiento Social Paro C\u00edvico de Buenaventura\",\"url\":\"https:\/\/comite-civico.org\/\",\"logo\":{\"@type\":\"ImageObject\",\"inLanguage\":\"es-CO\",\"@id\":\"https:\/\/comite-civico.org\/#\/schema\/logo\/image\/\",\"url\":\"https:\/\/comite-civico.org\/wp-content\/uploads\/2021\/03\/Logo-de-Movimiento-Blanco-scaled.png\",\"contentUrl\":\"https:\/\/comite-civico.org\/wp-content\/uploads\/2021\/03\/Logo-de-Movimiento-Blanco-scaled.png\",\"width\":2560,\"height\":1810,\"caption\":\"Movimiento Social Paro C\u00edvico de Buenaventura\"},\"image\":{\"@id\":\"https:\/\/comite-civico.org\/#\/schema\/logo\/image\/\"}},{\"@type\":\"Person\",\"@id\":\"https:\/\/comite-civico.org\/#\/schema\/person\/eebdf569aa3565fa603cc9c5b53cea34\",\"name\":\"comiteadmin\",\"image\":{\"@type\":\"ImageObject\",\"inLanguage\":\"es-CO\",\"@id\":\"https:\/\/comite-civico.org\/#\/schema\/person\/image\/\",\"url\":\"https:\/\/secure.gravatar.com\/avatar\/516fb540621996b28f565fdf033072d55dd3fe76896ef4af5250b5fec1b457fe?s=96&d=mm&r=g\",\"contentUrl\":\"https:\/\/secure.gravatar.com\/avatar\/516fb540621996b28f565fdf033072d55dd3fe76896ef4af5250b5fec1b457fe?s=96&d=mm&r=g\",\"caption\":\"comiteadmin\"},\"sameAs\":[\"https:\/\/comite-civico.org\/\"],\"url\":\"https:\/\/comite-civico.org\/?author=1\"}]}<\/script>\n<!-- \/ Yoast SEO plugin. -->","yoast_head_json":{"title":"El Paro C\u00edvico y la defensa de los acuerdos: FonBuenaventura continuar\u00e1 por 10 a\u00f1os m\u00e1s - Movimiento Social Paro C\u00edvico de Buenaventura","robots":{"index":"index","follow":"follow","max-snippet":"max-snippet:-1","max-image-preview":"max-image-preview:large","max-video-preview":"max-video-preview:-1"},"canonical":"https:\/\/comite-civico.org\/?p=3368","og_locale":"es_ES","og_type":"article","og_title":"El Paro C\u00edvico y la defensa de los acuerdos: FonBuenaventura continuar\u00e1 por 10 a\u00f1os m\u00e1s - Movimiento Social Paro C\u00edvico de Buenaventura","og_description":"El Movimiento Paro C\u00edvico de Buenaventura informa a la comunidad que fue aprobada la pr\u00f3rroga de FonBuenaventura por diez (10) a\u00f1os, una decisi\u00f3n fundamental para asegurar la continuidad de los compromisos pactados tras el Paro C\u00edvico y avanzar en la implementaci\u00f3n del Plan Integral Especial para el Desarrollo de Buenaventura \u2013 PIEDB 2040. Esta decisi\u00f3n ... Leer m\u00e1s","og_url":"https:\/\/comite-civico.org\/?p=3368","og_site_name":"Movimiento Social Paro C\u00edvico de Buenaventura","article_published_time":"2025-12-18T20:26:47+00:00","article_modified_time":"2025-12-18T20:43:00+00:00","og_image":[{"width":2560,"height":1440,"url":"http:\/\/comite-civico.org\/wp-content\/uploads\/2025\/12\/post-10-anos-fon-1-scaled.jpg","type":"image\/jpeg"}],"author":"comiteadmin","twitter_card":"summary_large_image","twitter_misc":{"Escrito por":"comiteadmin","Tiempo de lectura":"2 minutos"},"schema":{"@context":"https:\/\/schema.org","@graph":[{"@type":"Article","@id":"https:\/\/comite-civico.org\/?p=3368#article","isPartOf":{"@id":"https:\/\/comite-civico.org\/?p=3368"},"author":{"name":"comiteadmin","@id":"https:\/\/comite-civico.org\/#\/schema\/person\/eebdf569aa3565fa603cc9c5b53cea34"},"headline":"El Paro C\u00edvico y la defensa de los acuerdos: FonBuenaventura continuar\u00e1 por 10 a\u00f1os m\u00e1s","datePublished":"2025-12-18T20:26:47+00:00","dateModified":"2025-12-18T20:43:00+00:00","mainEntityOfPage":{"@id":"https:\/\/comite-civico.org\/?p=3368"},"wordCount":181,"commentCount":0,"publisher":{"@id":"https:\/\/comite-civico.org\/#organization"},"image":{"@id":"https:\/\/comite-civico.org\/?p=3368#primaryimage"},"thumbnailUrl":"https:\/\/comite-civico.org\/wp-content\/uploads\/2025\/12\/post-10-anos-fon-1-scaled.jpg","inLanguage":"es-CO","potentialAction":[{"@type":"CommentAction","name":"Comment","target":["https:\/\/comite-civico.org\/?p=3368#respond"]}]},{"@type":"WebPage","@id":"https:\/\/comite-civico.org\/?p=3368","url":"https:\/\/comite-civico.org\/?p=3368","name":"El Paro C\u00edvico y la defensa de los acuerdos: FonBuenaventura continuar\u00e1 por 10 a\u00f1os m\u00e1s - Movimiento Social Paro C\u00edvico de Buenaventura","isPartOf":{"@id":"https:\/\/comite-civico.org\/#website"},"primaryImageOfPage":{"@id":"https:\/\/comite-civico.org\/?p=3368#primaryimage"},"image":{"@id":"https:\/\/comite-civico.org\/?p=3368#primaryimage"},"thumbnailUrl":"https:\/\/comite-civico.org\/wp-content\/uploads\/2025\/12\/post-10-anos-fon-1-scaled.jpg","datePublished":"2025-12-18T20:26:47+00:00","dateModified":"2025-12-18T20:43:00+00:00","breadcrumb":{"@id":"https:\/\/comite-civico.org\/?p=3368#breadcrumb"},"inLanguage":"es-CO","potentialAction":[{"@type":"ReadAction","target":["https:\/\/comite-civico.org\/?p=3368"]}]},{"@type":"ImageObject","inLanguage":"es-CO","@id":"https:\/\/comite-civico.org\/?p=3368#primaryimage","url":"https:\/\/comite-civico.org\/wp-content\/uploads\/2025\/12\/post-10-anos-fon-1-scaled.jpg","contentUrl":"https:\/\/comite-civico.org\/wp-content\/uploads\/2025\/12\/post-10-anos-fon-1-scaled.jpg","width":2560,"height":1440},{"@type":"BreadcrumbList","@id":"https:\/\/comite-civico.org\/?p=3368#breadcrumb","itemListElement":[{"@type":"ListItem","position":1,"name":"Inicio","item":"https:\/\/comite-civico.org\/"},{"@type":"ListItem","position":2,"name":"El Paro C\u00edvico y la defensa de los acuerdos: FonBuenaventura continuar\u00e1 por 10 a\u00f1os m\u00e1s"}]},{"@type":"WebSite","@id":"https:\/\/comite-civico.org\/#website","url":"https:\/\/comite-civico.org\/","name":"Movimiento Social Paro C\u00edvico de Buenaventura","description":"Movimiento Social Paro C\u00edvico de Buenaventura","publisher":{"@id":"https:\/\/comite-civico.org\/#organization"},"potentialAction":[{"@type":"SearchAction","target":{"@type":"EntryPoint","urlTemplate":"https:\/\/comite-civico.org\/?s={search_term_string}"},"query-input":{"@type":"PropertyValueSpecification","valueRequired":true,"valueName":"search_term_string"}}],"inLanguage":"es-CO"},{"@type":"Organization","@id":"https:\/\/comite-civico.org\/#organization","name":"Movimiento Social Paro C\u00edvico de Buenaventura","url":"https:\/\/comite-civico.org\/","logo":{"@type":"ImageObject","inLanguage":"es-CO","@id":"https:\/\/comite-civico.org\/#\/schema\/logo\/image\/","url":"https:\/\/comite-civico.org\/wp-content\/uploads\/2021\/03\/Logo-de-Movimiento-Blanco-scaled.png","contentUrl":"https:\/\/comite-civico.org\/wp-content\/uploads\/2021\/03\/Logo-de-Movimiento-Blanco-scaled.png","width":2560,"height":1810,"caption":"Movimiento Social Paro C\u00edvico de Buenaventura"},"image":{"@id":"https:\/\/comite-civico.org\/#\/schema\/logo\/image\/"}},{"@type":"Person","@id":"https:\/\/comite-civico.org\/#\/schema\/person\/eebdf569aa3565fa603cc9c5b53cea34","name":"comiteadmin","image":{"@type":"ImageObject","inLanguage":"es-CO","@id":"https:\/\/comite-civico.org\/#\/schema\/person\/image\/","url":"https:\/\/secure.gravatar.com\/avatar\/516fb540621996b28f565fdf033072d55dd3fe76896ef4af5250b5fec1b457fe?s=96&d=mm&r=g","contentUrl":"https:\/\/secure.gravatar.com\/avatar\/516fb540621996b28f565fdf033072d55dd3fe76896ef4af5250b5fec1b457fe?s=96&d=mm&r=g","caption":"comiteadmin"},"sameAs":["https:\/\/comite-civico.org\/"],"url":"https:\/\/comite-civico.org\/?author=1"}]}},"_links":{"self":[{"href":"https:\/\/comite-civico.org\/index.php?rest_route=\/wp\/v2\/posts\/3368","targetHints":{"allow":["GET"]}}],"collection":[{"href":"https:\/\/comite-civico.org\/index.php?rest_route=\/wp\/v2\/posts"}],"about":[{"href":"https:\/\/comite-civico.org\/index.php?rest_route=\/wp\/v2\/types\/post"}],"author":[{"embeddable":true,"href":"https:\/\/comite-civico.org\/index.php?rest_route=\/wp\/v2\/users\/1"}],"replies":[{"embeddable":true,"href":"https:\/\/comite-civico.org\/index.php?rest_route=%2Fwp%2Fv2%2Fcomments&post=3368"}],"version-history":[{"count":7,"href":"https:\/\/comite-civico.org\/index.php?rest_route=\/wp\/v2\/posts\/3368\/revisions"}],"predecessor-version":[{"id":3378,"href":"https:\/\/comite-civico.org\/index.php?rest_route=\/wp\/v2\/posts\/3368\/revisions\/3378"}],"wp:featuredmedia":[{"embeddable":true,"href":"https:\/\/comite-civico.org\/index.php?rest_route=\/wp\/v2\/media\/3379"}],"wp:attachment":[{"href":"https:\/\/comite-civico.org\/index.php?rest_route=%2Fwp%2Fv2%2Fmedia&parent=3368"}],"wp:term":[{"taxonomy":"category","embeddable":true,"href":"https:\/\/comite-civico.org\/index.php?rest_route=%2Fwp%2Fv2%2Fcategories&post=3368"},{"taxonomy":"post_tag","embeddable":true,"href":"https:\/\/comite-civico.org\/index.php?rest_route=%2Fwp%2Fv2%2Ftags&post=3368"}],"curies":[{"name":"wp","href":"https:\/\/api.w.org\/{rel}","templated":true}]}}