{"id":3340,"date":"2025-12-18T13:19:10","date_gmt":"2025-12-18T18:19:10","guid":{"rendered":"https:\/\/comite-civico.org\/?p=3340"},"modified":"2025-12-18T13:19:46","modified_gmt":"2025-12-18T18:19:46","slug":"movimiento-social-paro-civico-hace-llamado-urgente-al-presidente-petro","status":"publish","type":"post","link":"https:\/\/comite-civico.org\/?p=3340","title":{"rendered":"Movimiento Social Paro C\u00edvico hace llamado urgente al Presidente Petro"},"content":{"rendered":"\t\t<div data-elementor-type=\"wp-post\" data-elementor-id=\"3340\" class=\"elementor elementor-3340\" data-elementor-post-type=\"post\">\n\t\t\t\t\t\t<section data-particle_enable=\"false\" data-particle-mobile-disabled=\"false\" class=\"elementor-section elementor-top-section elementor-element elementor-element-1841f0b elementor-section-boxed elementor-section-height-default elementor-section-height-default\" data-id=\"1841f0b\" data-element_type=\"section\" data-settings=\"{&quot;jet_parallax_layout_list&quot;:[]}\">\n\t\t\t\t\t\t<div class=\"elementor-container elementor-column-gap-default\">\n\t\t\t\t\t<div class=\"elementor-column elementor-col-100 elementor-top-column elementor-element elementor-element-7a4b693\" data-id=\"7a4b693\" data-element_type=\"column\">\n\t\t\t<div class=\"elementor-widget-wrap elementor-element-populated\">\n\t\t\t\t\t\t<div class=\"elementor-element elementor-element-6a50c8d elementor-widget elementor-widget-text-editor\" data-id=\"6a50c8d\" data-element_type=\"widget\" data-widget_type=\"text-editor.default\">\n\t\t\t\t<div class=\"elementor-widget-container\">\n\t\t\t\t\t\t\t\t\t<h2 data-start=\"110\" data-end=\"186\">El Paro C\u00edvico de Buenaventura demanda acciones inmediatas del Gobierno Nacional\u00a0<\/h2><p data-start=\"188\" data-end=\"499\">El <strong data-start=\"191\" data-end=\"240\">Movimiento Social Paro C\u00edvico de Buenaventura<\/strong>, en el marco de su compromiso hist\u00f3rico con la defensa de los derechos fundamentales del pueblo bonaverense, hace p\u00fablica la <strong data-start=\"366\" data-end=\"459\">Carta dirigida al se\u00f1or Presidente de la Rep\u00fablica, doctor Gustavo Francisco Petro Urrego<\/strong>, con fecha <strong data-start=\"471\" data-end=\"498\">18 de diciembre de 2025<\/strong>.<\/p><p data-start=\"501\" data-end=\"956\">En este pronunciamiento, el Movimiento expone su profunda preocupaci\u00f3n ante la <strong data-start=\"580\" data-end=\"652\">falta de voluntad pol\u00edtica de algunos sectores del Gobierno Nacional<\/strong> para cumplir las instrucciones presidenciales orientadas a garantizar derechos esenciales como el <strong data-start=\"751\" data-end=\"870\">acceso al agua potable, la educaci\u00f3n digna, la salud, el saneamiento b\u00e1sico y el desarrollo integral del territorio<\/strong>, en concordancia con los acuerdos del Paro C\u00edvico y el <strong data-start=\"926\" data-end=\"955\">PIEDB \u2013 Buenaventura 2040<\/strong>.<\/p><p data-start=\"958\" data-end=\"1336\">Asimismo, la carta explica las acciones pac\u00edficas y propositivas adelantadas recientemente en Bogot\u00e1, motivadas por la urgencia de avanzar en la elaboraci\u00f3n y formalizaci\u00f3n de los <strong data-start=\"1138\" data-end=\"1197\">CONPES de Declaratoria de Importancia Estrat\u00e9gica (DIE)<\/strong>, herramienta clave para asegurar inversiones sostenidas que permitan transformar estructuralmente las condiciones de vida en Buenaventura.<\/p><p data-start=\"1338\" data-end=\"1665\">El Movimiento Social Paro C\u00edvico de Buenaventura <strong data-start=\"1387\" data-end=\"1421\">reitera su voluntad de di\u00e1logo<\/strong>, pero tambi\u00e9n <strong data-start=\"1436\" data-end=\"1544\">exige la presencia del m\u00e1s alto nivel de los Ministerios de Educaci\u00f3n y de Vivienda, Ciudad y Territorio<\/strong>, en el marco de la Comisi\u00f3n del Alto Nivel, para dar cumplimiento inmediato a los compromisos asumidos con la comunidad.<\/p><p data-start=\"1667\" data-end=\"1854\">\ud83d\udcc4 <strong data-start=\"1670\" data-end=\"1726\">Consulte y descargue la Carta P\u00fablica completa aqu\u00ed:<\/strong><br data-start=\"1726\" data-end=\"1729\" \/>\ud83d\udc49 <a class=\"decorated-link\" href=\"http:\/\/comite-civico.org\/wp-content\/uploads\/2025\/12\/CARTA-PUBLICA-AL-PRESIDENTE-GUSTAVO-PETRO-PARO-CIVICO-BUENAVENTURA.pdf\" target=\"_new\" rel=\"noopener\" data-start=\"1732\" data-end=\"1854\">http:\/\/comite-civico.org\/wp-content\/uploads\/2025\/12\/CARTA-PUBLICA-AL-PRESIDENTE-GUSTAVO-PETRO-PARO-CIVICO-BUENAVENTURA.pdf<\/a><\/p><p data-start=\"1856\" data-end=\"2023\"><strong data-start=\"1856\" data-end=\"1976\">Nuestra visi\u00f3n y prop\u00f3sito es vivir con dignidad y en paz en nuestro territorio, como parte de la Naci\u00f3n Colombiana.<\/strong><br data-start=\"1976\" data-end=\"1979\" \/>\u270a\ud83c\udffd <em data-start=\"1983\" data-end=\"2023\">\u00a1Porque el pueblo no se rinde, carajo!<\/em><\/p>\t\t\t\t\t\t\t\t<\/div>\n\t\t\t\t<\/div>\n\t\t\t\t\t<\/div>\n\t\t<\/div>\n\t\t\t\t\t<\/div>\n\t\t<\/section>\n\t\t\t\t<\/div>\n\t\t","protected":false},"excerpt":{"rendered":"<p>El Paro C\u00edvico de Buenaventura demanda acciones inmediatas del Gobierno Nacional\u00a0 El Movimiento Social Paro C\u00edvico de Buenaventura, en el marco de su compromiso hist\u00f3rico con la defensa de los derechos fundamentales del pueblo bonaverense, hace p\u00fablica la Carta dirigida al se\u00f1or Presidente de la Rep\u00fablica, doctor Gustavo Francisco Petro Urrego, con fecha 18 de &#8230; <a title=\"Movimiento Social Paro C\u00edvico hace llamado urgente al Presidente Petro\" class=\"read-more\" href=\"https:\/\/comite-civico.org\/?p=3340\" aria-label=\"Read more about Movimiento Social Paro C\u00edvico hace llamado urgente al Presidente Petro\">Leer m\u00e1s<\/a><\/p>\n","protected":false},"author":1,"featured_media":3342,"comment_status":"open","ping_status":"open","sticky":false,"template":"","format":"standard","meta":{"footnotes":""},"categories":[1],"tags":[],"class_list":["post-3340","post","type-post","status-publish","format-standard","has-post-thumbnail","hentry","category-sin-categoria"],"acf":[],"yoast_head":"<!-- This site is optimized with the Yoast SEO plugin v25.0 - https:\/\/yoast.com\/wordpress\/plugins\/seo\/ -->\n<title>Movimiento Social Paro C\u00edvico hace llamado urgente al Presidente Petro - Movimiento Social Paro C\u00edvico de Buenaventura<\/title>\n<meta name=\"robots\" content=\"index, follow, max-snippet:-1, max-image-preview:large, max-video-preview:-1\" \/>\n<link rel=\"canonical\" href=\"https:\/\/comite-civico.org\/?p=3340\" \/>\n<meta property=\"og:locale\" content=\"es_ES\" \/>\n<meta property=\"og:type\" content=\"article\" \/>\n<meta property=\"og:title\" content=\"Movimiento Social Paro C\u00edvico hace llamado urgente al Presidente Petro - Movimiento Social Paro C\u00edvico de Buenaventura\" \/>\n<meta property=\"og:description\" content=\"El Paro C\u00edvico de Buenaventura demanda acciones inmediatas del Gobierno Nacional\u00a0 El Movimiento Social Paro C\u00edvico de Buenaventura, en el marco de su compromiso hist\u00f3rico con la defensa de los derechos fundamentales del pueblo bonaverense, hace p\u00fablica la Carta dirigida al se\u00f1or Presidente de la Rep\u00fablica, doctor Gustavo Francisco Petro Urrego, con fecha 18 de ... Leer m\u00e1s\" \/>\n<meta property=\"og:url\" content=\"https:\/\/comite-civico.org\/?p=3340\" \/>\n<meta property=\"og:site_name\" content=\"Movimiento Social Paro C\u00edvico de Buenaventura\" \/>\n<meta property=\"article:published_time\" content=\"2025-12-18T18:19:10+00:00\" \/>\n<meta property=\"article:modified_time\" content=\"2025-12-18T18:19:46+00:00\" \/>\n<meta property=\"og:image\" content=\"http:\/\/comite-civico.org\/wp-content\/uploads\/2025\/12\/CARTA-PUBLICA-AL-PRESIDENTE-GUSTAVO-PETRO-PARO-CIVICO-BUENAVENTURA-post.jpg\" \/>\n\t<meta property=\"og:image:width\" content=\"1920\" \/>\n\t<meta property=\"og:image:height\" content=\"1080\" \/>\n\t<meta property=\"og:image:type\" content=\"image\/jpeg\" \/>\n<meta name=\"author\" content=\"comiteadmin\" \/>\n<meta name=\"twitter:card\" content=\"summary_large_image\" \/>\n<meta name=\"twitter:label1\" content=\"Escrito por\" \/>\n\t<meta name=\"twitter:data1\" content=\"comiteadmin\" \/>\n\t<meta name=\"twitter:label2\" content=\"Tiempo de lectura\" \/>\n\t<meta name=\"twitter:data2\" content=\"2 minutos\" \/>\n<script type=\"application\/ld+json\" class=\"yoast-schema-graph\">{\"@context\":\"https:\/\/schema.org\",\"@graph\":[{\"@type\":\"Article\",\"@id\":\"https:\/\/comite-civico.org\/?p=3340#article\",\"isPartOf\":{\"@id\":\"https:\/\/comite-civico.org\/?p=3340\"},\"author\":{\"name\":\"comiteadmin\",\"@id\":\"https:\/\/comite-civico.org\/#\/schema\/person\/eebdf569aa3565fa603cc9c5b53cea34\"},\"headline\":\"Movimiento Social Paro C\u00edvico hace llamado urgente al Presidente Petro\",\"datePublished\":\"2025-12-18T18:19:10+00:00\",\"dateModified\":\"2025-12-18T18:19:46+00:00\",\"mainEntityOfPage\":{\"@id\":\"https:\/\/comite-civico.org\/?p=3340\"},\"wordCount\":298,\"commentCount\":0,\"publisher\":{\"@id\":\"https:\/\/comite-civico.org\/#organization\"},\"image\":{\"@id\":\"https:\/\/comite-civico.org\/?p=3340#primaryimage\"},\"thumbnailUrl\":\"https:\/\/comite-civico.org\/wp-content\/uploads\/2025\/12\/CARTA-PUBLICA-AL-PRESIDENTE-GUSTAVO-PETRO-PARO-CIVICO-BUENAVENTURA-post.jpg\",\"inLanguage\":\"es-CO\",\"potentialAction\":[{\"@type\":\"CommentAction\",\"name\":\"Comment\",\"target\":[\"https:\/\/comite-civico.org\/?p=3340#respond\"]}]},{\"@type\":\"WebPage\",\"@id\":\"https:\/\/comite-civico.org\/?p=3340\",\"url\":\"https:\/\/comite-civico.org\/?p=3340\",\"name\":\"Movimiento Social Paro C\u00edvico hace llamado urgente al Presidente Petro - Movimiento Social Paro C\u00edvico de Buenaventura\",\"isPartOf\":{\"@id\":\"https:\/\/comite-civico.org\/#website\"},\"primaryImageOfPage\":{\"@id\":\"https:\/\/comite-civico.org\/?p=3340#primaryimage\"},\"image\":{\"@id\":\"https:\/\/comite-civico.org\/?p=3340#primaryimage\"},\"thumbnailUrl\":\"https:\/\/comite-civico.org\/wp-content\/uploads\/2025\/12\/CARTA-PUBLICA-AL-PRESIDENTE-GUSTAVO-PETRO-PARO-CIVICO-BUENAVENTURA-post.jpg\",\"datePublished\":\"2025-12-18T18:19:10+00:00\",\"dateModified\":\"2025-12-18T18:19:46+00:00\",\"breadcrumb\":{\"@id\":\"https:\/\/comite-civico.org\/?p=3340#breadcrumb\"},\"inLanguage\":\"es-CO\",\"potentialAction\":[{\"@type\":\"ReadAction\",\"target\":[\"https:\/\/comite-civico.org\/?p=3340\"]}]},{\"@type\":\"ImageObject\",\"inLanguage\":\"es-CO\",\"@id\":\"https:\/\/comite-civico.org\/?p=3340#primaryimage\",\"url\":\"https:\/\/comite-civico.org\/wp-content\/uploads\/2025\/12\/CARTA-PUBLICA-AL-PRESIDENTE-GUSTAVO-PETRO-PARO-CIVICO-BUENAVENTURA-post.jpg\",\"contentUrl\":\"https:\/\/comite-civico.org\/wp-content\/uploads\/2025\/12\/CARTA-PUBLICA-AL-PRESIDENTE-GUSTAVO-PETRO-PARO-CIVICO-BUENAVENTURA-post.jpg\",\"width\":1920,\"height\":1080},{\"@type\":\"BreadcrumbList\",\"@id\":\"https:\/\/comite-civico.org\/?p=3340#breadcrumb\",\"itemListElement\":[{\"@type\":\"ListItem\",\"position\":1,\"name\":\"Inicio\",\"item\":\"https:\/\/comite-civico.org\/\"},{\"@type\":\"ListItem\",\"position\":2,\"name\":\"Movimiento Social Paro C\u00edvico hace llamado urgente al Presidente Petro\"}]},{\"@type\":\"WebSite\",\"@id\":\"https:\/\/comite-civico.org\/#website\",\"url\":\"https:\/\/comite-civico.org\/\",\"name\":\"Movimiento Social Paro C\u00edvico de Buenaventura\",\"description\":\"Movimiento Social Paro C\u00edvico de Buenaventura\",\"publisher\":{\"@id\":\"https:\/\/comite-civico.org\/#organization\"},\"potentialAction\":[{\"@type\":\"SearchAction\",\"target\":{\"@type\":\"EntryPoint\",\"urlTemplate\":\"https:\/\/comite-civico.org\/?s={search_term_string}\"},\"query-input\":{\"@type\":\"PropertyValueSpecification\",\"valueRequired\":true,\"valueName\":\"search_term_string\"}}],\"inLanguage\":\"es-CO\"},{\"@type\":\"Organization\",\"@id\":\"https:\/\/comite-civico.org\/#organization\",\"name\":\"Movimiento Social Paro C\u00edvico de Buenaventura\",\"url\":\"https:\/\/comite-civico.org\/\",\"logo\":{\"@type\":\"ImageObject\",\"inLanguage\":\"es-CO\",\"@id\":\"https:\/\/comite-civico.org\/#\/schema\/logo\/image\/\",\"url\":\"https:\/\/comite-civico.org\/wp-content\/uploads\/2021\/03\/Logo-de-Movimiento-Blanco-scaled.png\",\"contentUrl\":\"https:\/\/comite-civico.org\/wp-content\/uploads\/2021\/03\/Logo-de-Movimiento-Blanco-scaled.png\",\"width\":2560,\"height\":1810,\"caption\":\"Movimiento Social Paro C\u00edvico de Buenaventura\"},\"image\":{\"@id\":\"https:\/\/comite-civico.org\/#\/schema\/logo\/image\/\"}},{\"@type\":\"Person\",\"@id\":\"https:\/\/comite-civico.org\/#\/schema\/person\/eebdf569aa3565fa603cc9c5b53cea34\",\"name\":\"comiteadmin\",\"image\":{\"@type\":\"ImageObject\",\"inLanguage\":\"es-CO\",\"@id\":\"https:\/\/comite-civico.org\/#\/schema\/person\/image\/\",\"url\":\"https:\/\/secure.gravatar.com\/avatar\/516fb540621996b28f565fdf033072d55dd3fe76896ef4af5250b5fec1b457fe?s=96&d=mm&r=g\",\"contentUrl\":\"https:\/\/secure.gravatar.com\/avatar\/516fb540621996b28f565fdf033072d55dd3fe76896ef4af5250b5fec1b457fe?s=96&d=mm&r=g\",\"caption\":\"comiteadmin\"},\"sameAs\":[\"https:\/\/comite-civico.org\/\"],\"url\":\"https:\/\/comite-civico.org\/?author=1\"}]}<\/script>\n<!-- \/ Yoast SEO plugin. -->","yoast_head_json":{"title":"Movimiento Social Paro C\u00edvico hace llamado urgente al Presidente Petro - Movimiento Social Paro C\u00edvico de Buenaventura","robots":{"index":"index","follow":"follow","max-snippet":"max-snippet:-1","max-image-preview":"max-image-preview:large","max-video-preview":"max-video-preview:-1"},"canonical":"https:\/\/comite-civico.org\/?p=3340","og_locale":"es_ES","og_type":"article","og_title":"Movimiento Social Paro C\u00edvico hace llamado urgente al Presidente Petro - Movimiento Social Paro C\u00edvico de Buenaventura","og_description":"El Paro C\u00edvico de Buenaventura demanda acciones inmediatas del Gobierno Nacional\u00a0 El Movimiento Social Paro C\u00edvico de Buenaventura, en el marco de su compromiso hist\u00f3rico con la defensa de los derechos fundamentales del pueblo bonaverense, hace p\u00fablica la Carta dirigida al se\u00f1or Presidente de la Rep\u00fablica, doctor Gustavo Francisco Petro Urrego, con fecha 18 de ... Leer m\u00e1s","og_url":"https:\/\/comite-civico.org\/?p=3340","og_site_name":"Movimiento Social Paro C\u00edvico de Buenaventura","article_published_time":"2025-12-18T18:19:10+00:00","article_modified_time":"2025-12-18T18:19:46+00:00","og_image":[{"width":1920,"height":1080,"url":"http:\/\/comite-civico.org\/wp-content\/uploads\/2025\/12\/CARTA-PUBLICA-AL-PRESIDENTE-GUSTAVO-PETRO-PARO-CIVICO-BUENAVENTURA-post.jpg","type":"image\/jpeg"}],"author":"comiteadmin","twitter_card":"summary_large_image","twitter_misc":{"Escrito por":"comiteadmin","Tiempo de lectura":"2 minutos"},"schema":{"@context":"https:\/\/schema.org","@graph":[{"@type":"Article","@id":"https:\/\/comite-civico.org\/?p=3340#article","isPartOf":{"@id":"https:\/\/comite-civico.org\/?p=3340"},"author":{"name":"comiteadmin","@id":"https:\/\/comite-civico.org\/#\/schema\/person\/eebdf569aa3565fa603cc9c5b53cea34"},"headline":"Movimiento Social Paro C\u00edvico hace llamado urgente al Presidente Petro","datePublished":"2025-12-18T18:19:10+00:00","dateModified":"2025-12-18T18:19:46+00:00","mainEntityOfPage":{"@id":"https:\/\/comite-civico.org\/?p=3340"},"wordCount":298,"commentCount":0,"publisher":{"@id":"https:\/\/comite-civico.org\/#organization"},"image":{"@id":"https:\/\/comite-civico.org\/?p=3340#primaryimage"},"thumbnailUrl":"https:\/\/comite-civico.org\/wp-content\/uploads\/2025\/12\/CARTA-PUBLICA-AL-PRESIDENTE-GUSTAVO-PETRO-PARO-CIVICO-BUENAVENTURA-post.jpg","inLanguage":"es-CO","potentialAction":[{"@type":"CommentAction","name":"Comment","target":["https:\/\/comite-civico.org\/?p=3340#respond"]}]},{"@type":"WebPage","@id":"https:\/\/comite-civico.org\/?p=3340","url":"https:\/\/comite-civico.org\/?p=3340","name":"Movimiento Social Paro C\u00edvico hace llamado urgente al Presidente Petro - Movimiento Social Paro C\u00edvico de Buenaventura","isPartOf":{"@id":"https:\/\/comite-civico.org\/#website"},"primaryImageOfPage":{"@id":"https:\/\/comite-civico.org\/?p=3340#primaryimage"},"image":{"@id":"https:\/\/comite-civico.org\/?p=3340#primaryimage"},"thumbnailUrl":"https:\/\/comite-civico.org\/wp-content\/uploads\/2025\/12\/CARTA-PUBLICA-AL-PRESIDENTE-GUSTAVO-PETRO-PARO-CIVICO-BUENAVENTURA-post.jpg","datePublished":"2025-12-18T18:19:10+00:00","dateModified":"2025-12-18T18:19:46+00:00","breadcrumb":{"@id":"https:\/\/comite-civico.org\/?p=3340#breadcrumb"},"inLanguage":"es-CO","potentialAction":[{"@type":"ReadAction","target":["https:\/\/comite-civico.org\/?p=3340"]}]},{"@type":"ImageObject","inLanguage":"es-CO","@id":"https:\/\/comite-civico.org\/?p=3340#primaryimage","url":"https:\/\/comite-civico.org\/wp-content\/uploads\/2025\/12\/CARTA-PUBLICA-AL-PRESIDENTE-GUSTAVO-PETRO-PARO-CIVICO-BUENAVENTURA-post.jpg","contentUrl":"https:\/\/comite-civico.org\/wp-content\/uploads\/2025\/12\/CARTA-PUBLICA-AL-PRESIDENTE-GUSTAVO-PETRO-PARO-CIVICO-BUENAVENTURA-post.jpg","width":1920,"height":1080},{"@type":"BreadcrumbList","@id":"https:\/\/comite-civico.org\/?p=3340#breadcrumb","itemListElement":[{"@type":"ListItem","position":1,"name":"Inicio","item":"https:\/\/comite-civico.org\/"},{"@type":"ListItem","position":2,"name":"Movimiento Social Paro C\u00edvico hace llamado urgente al Presidente Petro"}]},{"@type":"WebSite","@id":"https:\/\/comite-civico.org\/#website","url":"https:\/\/comite-civico.org\/","name":"Movimiento Social Paro C\u00edvico de Buenaventura","description":"Movimiento Social Paro C\u00edvico de Buenaventura","publisher":{"@id":"https:\/\/comite-civico.org\/#organization"},"potentialAction":[{"@type":"SearchAction","target":{"@type":"EntryPoint","urlTemplate":"https:\/\/comite-civico.org\/?s={search_term_string}"},"query-input":{"@type":"PropertyValueSpecification","valueRequired":true,"valueName":"search_term_string"}}],"inLanguage":"es-CO"},{"@type":"Organization","@id":"https:\/\/comite-civico.org\/#organization","name":"Movimiento Social Paro C\u00edvico de Buenaventura","url":"https:\/\/comite-civico.org\/","logo":{"@type":"ImageObject","inLanguage":"es-CO","@id":"https:\/\/comite-civico.org\/#\/schema\/logo\/image\/","url":"https:\/\/comite-civico.org\/wp-content\/uploads\/2021\/03\/Logo-de-Movimiento-Blanco-scaled.png","contentUrl":"https:\/\/comite-civico.org\/wp-content\/uploads\/2021\/03\/Logo-de-Movimiento-Blanco-scaled.png","width":2560,"height":1810,"caption":"Movimiento Social Paro C\u00edvico de Buenaventura"},"image":{"@id":"https:\/\/comite-civico.org\/#\/schema\/logo\/image\/"}},{"@type":"Person","@id":"https:\/\/comite-civico.org\/#\/schema\/person\/eebdf569aa3565fa603cc9c5b53cea34","name":"comiteadmin","image":{"@type":"ImageObject","inLanguage":"es-CO","@id":"https:\/\/comite-civico.org\/#\/schema\/person\/image\/","url":"https:\/\/secure.gravatar.com\/avatar\/516fb540621996b28f565fdf033072d55dd3fe76896ef4af5250b5fec1b457fe?s=96&d=mm&r=g","contentUrl":"https:\/\/secure.gravatar.com\/avatar\/516fb540621996b28f565fdf033072d55dd3fe76896ef4af5250b5fec1b457fe?s=96&d=mm&r=g","caption":"comiteadmin"},"sameAs":["https:\/\/comite-civico.org\/"],"url":"https:\/\/comite-civico.org\/?author=1"}]}},"_links":{"self":[{"href":"https:\/\/comite-civico.org\/index.php?rest_route=\/wp\/v2\/posts\/3340","targetHints":{"allow":["GET"]}}],"collection":[{"href":"https:\/\/comite-civico.org\/index.php?rest_route=\/wp\/v2\/posts"}],"about":[{"href":"https:\/\/comite-civico.org\/index.php?rest_route=\/wp\/v2\/types\/post"}],"author":[{"embeddable":true,"href":"https:\/\/comite-civico.org\/index.php?rest_route=\/wp\/v2\/users\/1"}],"replies":[{"embeddable":true,"href":"https:\/\/comite-civico.org\/index.php?rest_route=%2Fwp%2Fv2%2Fcomments&post=3340"}],"version-history":[{"count":5,"href":"https:\/\/comite-civico.org\/index.php?rest_route=\/wp\/v2\/posts\/3340\/revisions"}],"predecessor-version":[{"id":3353,"href":"https:\/\/comite-civico.org\/index.php?rest_route=\/wp\/v2\/posts\/3340\/revisions\/3353"}],"wp:featuredmedia":[{"embeddable":true,"href":"https:\/\/comite-civico.org\/index.php?rest_route=\/wp\/v2\/media\/3342"}],"wp:attachment":[{"href":"https:\/\/comite-civico.org\/index.php?rest_route=%2Fwp%2Fv2%2Fmedia&parent=3340"}],"wp:term":[{"taxonomy":"category","embeddable":true,"href":"https:\/\/comite-civico.org\/index.php?rest_route=%2Fwp%2Fv2%2Fcategories&post=3340"},{"taxonomy":"post_tag","embeddable":true,"href":"https:\/\/comite-civico.org\/index.php?rest_route=%2Fwp%2Fv2%2Ftags&post=3340"}],"curies":[{"name":"wp","href":"https:\/\/api.w.org\/{rel}","templated":true}]}}