{"id":3324,"date":"2025-12-15T12:16:38","date_gmt":"2025-12-15T17:16:38","guid":{"rendered":"https:\/\/comite-civico.org\/?p=3324"},"modified":"2025-12-15T16:40:03","modified_gmt":"2025-12-15T21:40:03","slug":"agenda-semanal-15-al-20-de-diciembre-de-2025","status":"publish","type":"post","link":"https:\/\/comite-civico.org\/?p=3324","title":{"rendered":"Agenda Semanal 15 al 20 de Diciembre de 2025"},"content":{"rendered":"\t\t<div data-elementor-type=\"wp-post\" data-elementor-id=\"3324\" class=\"elementor elementor-3324\" data-elementor-post-type=\"post\">\n\t\t\t\t\t\t<section data-particle_enable=\"false\" data-particle-mobile-disabled=\"false\" class=\"elementor-section elementor-top-section elementor-element elementor-element-bc826d4 elementor-section-boxed elementor-section-height-default elementor-section-height-default\" data-id=\"bc826d4\" data-element_type=\"section\" data-settings=\"{&quot;jet_parallax_layout_list&quot;:[]}\">\n\t\t\t\t\t\t<div class=\"elementor-container elementor-column-gap-default\">\n\t\t\t\t\t<div class=\"elementor-column elementor-col-100 elementor-top-column elementor-element elementor-element-552cc34\" data-id=\"552cc34\" data-element_type=\"column\">\n\t\t\t<div class=\"elementor-widget-wrap elementor-element-populated\">\n\t\t\t\t\t\t<div class=\"elementor-element elementor-element-9c1f5ac elementor-widget elementor-widget-text-editor\" data-id=\"9c1f5ac\" data-element_type=\"widget\" data-widget_type=\"text-editor.default\">\n\t\t\t\t<div class=\"elementor-widget-container\">\n\t\t\t\t\t\t\t\t\t<h1><strong>CRONOGRAMA DE ACTIVIDADES<\/strong><\/h1><h2><strong>SEMANA DEL 15 AL 20 DE DICIEMBRE DE 2025<\/strong><\/h2><div contenteditable=\"false\"><hr \/><\/div><h2><strong>LUNES 15 DE DICIEMBRE<\/strong><\/h2><p>\u2022 <strong>Mesa de Derechos Humanos y Garant\u00edas de Protecci\u00f3n \u2013 CERREM del sujeto colectivo MSPCB<\/strong><br \/><strong>Hora:<\/strong> 9:00 a.m.<br \/><strong>Lugar:<\/strong> Sala de reuniones de la UNP Buenaventura. Presencial.<\/p><div contenteditable=\"false\"><hr \/><\/div><h2><strong>MARTES 16 DE DICIEMBRE<\/strong><\/h2><p>\u2022 <strong>Invitaci\u00f3n a la jornada de la Ruta Humanitaria y Construcci\u00f3n de Paz<\/strong><br \/><strong>Hora:<\/strong> 8:30 a.m.<br \/><strong>Lugar:<\/strong> Restaurante \u00c1ncora. Presencial.<\/p><p>\u2022 <strong>Mesa de Derechos Humanos y Garant\u00edas de Protecci\u00f3n. Revisi\u00f3n de casos con medidas de protecci\u00f3n individual<\/strong><br \/><strong>Hora:<\/strong> 9:00 a.m.<br \/><strong>Lugar:<\/strong> Sala de reuniones de la UNP Buenaventura. Presencial.<\/p><p>\u2022 <strong>Mesa de Cultura, Recreaci\u00f3n y Deportes, G\u00e9nero y Generacional (CRDGG). Seguimiento al acuerdo de reconstrucci\u00f3n de la Casa de la Cultura \u201cMargarita Hurtado\u201d<\/strong><br \/><strong>Hora:<\/strong> 9:00 a.m.<br \/><strong>Lugar:<\/strong> Modalidad virtual.<\/p><p>\u2022 <strong>Reuni\u00f3n ordinaria de la Junta Administradora de FonBuenaventura<\/strong><br \/><strong>Hora:<\/strong> 2:00 p.m.<br \/><strong>Lugar:<\/strong> Centro Comercial Galer\u00eda Central, piso 6, oficina 604. Presencial.<\/p><p>\u2022 <strong>Mesa de Salud. Socializaci\u00f3n del inicio del contrato de reforzamiento del Hospital Luis Ablanque de la Plata<\/strong><br \/><strong>Hora:<\/strong> 2:00 p.m.<br \/><strong>Lugar:<\/strong> Hospital Luis Ablanque de la Plata, auditorio piso 4, barrio El Jorge. Presencial.<\/p><p>\u2022 <strong>Mesa CRDGG. Jornada con j\u00f3venes para socializaci\u00f3n del acuerdo FonBuenaventura y ruta de estructuraci\u00f3n de proyectos<\/strong><br \/><strong>Hora:<\/strong> 4:00 p.m.<br \/><strong>Lugar:<\/strong> Modalidad virtual.<\/p><p>\u2022 <strong>Reuni\u00f3n ordinaria del Comit\u00e9 Ejecutivo del MSPCB<\/strong><br \/><strong>Hora:<\/strong> 6:00 p.m.<br \/><strong>Lugar:<\/strong> Sede del MSPCB, Centro Comercial Galer\u00eda Central, oficina 603. Presencial.<\/p><div contenteditable=\"false\"><hr \/><\/div><h2><strong>MI\u00c9RCOLES 17 DE DICIEMBRE<\/strong><\/h2><p>\u2022 <strong>Mesa de Agua, Saneamiento y Servicios P\u00fablicos (MASSBUEN). Seguimiento quincenal al Plan de Acci\u00f3n l\u00ednea 39\u201d, sistema Venecia<\/strong><br \/><strong>Hora:<\/strong> 8:30 a.m.<br \/><strong>Lugar:<\/strong> Modalidad virtual.<\/p><p>\u2022 <strong>Mesa de Derechos Humanos y Garant\u00edas de Protecci\u00f3n. Jornada de preparaci\u00f3n del diplomado con la ESAP<\/strong><br \/><strong>Hora:<\/strong> 9:00 a.m.<br \/><strong>Lugar:<\/strong> Modalidad virtual.<\/p><p>\u2022 <strong>Mesa de Educaci\u00f3n. Jornada t\u00e9cnica para la formulaci\u00f3n del cap\u00edtulo Buenaventura en el CONPES Pac\u00edfico<\/strong><br \/><strong>Hora:<\/strong> 9:00 a.m.<br \/><strong>Lugar:<\/strong> Ministerio de Educaci\u00f3n Nacional, Bogot\u00e1. Presencial.<\/p><p>\u2022 <strong>Mesa de Territorio, Vivienda e Infraestructura (TVI). Jornada t\u00e9cnica sobre estudios y dise\u00f1os del Embarcadero Tur\u00edstico<\/strong><br \/><strong>Hora:<\/strong> 9:00 a.m.<br \/><strong>Lugar:<\/strong> Buenaventura. Pendiente confirmaci\u00f3n y reprogramaci\u00f3n.<\/p><p>\u2022 <strong>Mesa TVI. Presentaci\u00f3n formal del contratista del Plan de Movilidad Sostenible y Segura<\/strong><br \/><strong>Hora:<\/strong> 10:00 a.m.<br \/><strong>Lugar:<\/strong> Modalidad virtual.<\/p><p>\u2022 <strong>Mesa de Alto Nivel de Territorio, Vivienda e Infraestructura. An\u00e1lisis sobre la figura de administraci\u00f3n mixta del Embarcadero Tur\u00edstico de Pasajeros<\/strong><br \/><strong>Hora:<\/strong> 2:00 p.m.<br \/><strong>Lugar:<\/strong> Buenaventura, por definir. Presencial.<\/p><div contenteditable=\"false\"><hr \/><\/div><h2><strong>JUEVES 18 DE DICIEMBRE<\/strong><\/h2><p>\u2022 <strong>Mesa de Territorio, Vivienda e Infraestructura. Continuaci\u00f3n de la jornada de socializaci\u00f3n de los estudios y dise\u00f1os del Embarcadero Tur\u00edstico de Pasajeros<\/strong><br \/><strong>Hora:<\/strong> 8:30 a.m.<br \/><strong>Lugar:<\/strong> Buenaventura. Pendiente convocatoria oficial de la PGN.<\/p><p>\u2022 <strong>Mesa de Educaci\u00f3n. Jornada t\u00e9cnica de revisi\u00f3n de la normativa de autonom\u00eda de comunidades negras, afrocolombianas, raizales y palenqueras<\/strong><br \/><strong>Hora:<\/strong> 8:00 a.m.<br \/><strong>Lugar:<\/strong> Sede del FFIE, Bogot\u00e1. Presencial.<\/p><p>\u2022 <strong>Mesa de Alto Nivel de Territorio, Vivienda e Infraestructura. Concertaci\u00f3n de la estrategia de gobernanza para la ampliaci\u00f3n de la v\u00eda alterna-interna<\/strong><br \/><strong>Hora:<\/strong> 2:30 p.m.<br \/><strong>Lugar:<\/strong> Modalidad virtual.<\/p><div contenteditable=\"false\"><hr \/><\/div><h2><strong>VIERNES 19 DE DICIEMBRE<\/strong><\/h2><p>\u2022 <strong>Mesa de Agua, Saneamiento y Servicios P\u00fablicos (MASBUEN). Jornada de trabajo sobre comunidades energ\u00e9ticas<\/strong><br \/><strong>Hora:<\/strong> 9:00 a.m.<br \/><strong>Lugar:<\/strong> Modalidad virtual.<\/p><p>\u2022 <strong>Mesa de Educaci\u00f3n. Seguimiento al acuerdo de educaci\u00f3n superior \u2013 Universidad del Pac\u00edfico<\/strong><br \/><strong>Hora:<\/strong> 9:00 a.m.<br \/><strong>Lugar:<\/strong> Ministerio de Educaci\u00f3n Nacional, Bogot\u00e1. Presencial.<\/p><p>\u2022 <strong>Mesa de Territorio, Vivienda e Infraestructura. Concertaci\u00f3n de la ruta cr\u00edtica para el cumplimiento del acuerdo de h\u00e1bitat y vivienda rural<\/strong><br \/><strong>Hora:<\/strong> 9:00 a.m.<br \/><strong>Lugar:<\/strong> Modalidad virtual. Enlace pendiente.<\/p><p>\u2022 <strong>Mesa de Territorio, Vivienda e Infraestructura. Concertaci\u00f3n de t\u00e9rminos de referencia para la modificaci\u00f3n de la normatividad urban\u00edstica del Macroproyecto San Antonio<\/strong><br \/><strong>Hora:<\/strong> 2:00 p.m.<br \/><strong>Lugar:<\/strong> Modalidad virtual. Por confirmar.<\/p><div contenteditable=\"false\"><hr \/><\/div><h2><strong>S\u00c1BADO 20 DE DICIEMBRE<\/strong><\/h2><p>\u2022 <strong>Mesa de Educaci\u00f3n. Jornada de concertaci\u00f3n de la ruta cr\u00edtica y reactivaci\u00f3n de la mesa de educaci\u00f3n superior<\/strong><br \/><strong>Hora:<\/strong> 9:00 a.m.<br \/><strong>Lugar:<\/strong> Universidad del Pac\u00edfico. Presencial.<\/p><p>\u2022 <strong>Equipo de Comunicaciones del MSPCB. Reuni\u00f3n semanal del consejo de redacci\u00f3n<\/strong><br \/><strong>Hora:<\/strong> 10:00 a.m.<br \/><strong>Lugar:<\/strong> Sede del MSPCB, Centro Comercial Galer\u00eda Central, oficina 603. Presencial.<\/p>\t\t\t\t\t\t\t\t<\/div>\n\t\t\t\t<\/div>\n\t\t\t\t\t<\/div>\n\t\t<\/div>\n\t\t\t\t\t<\/div>\n\t\t<\/section>\n\t\t\t\t<section data-particle_enable=\"false\" data-particle-mobile-disabled=\"false\" class=\"elementor-section elementor-top-section elementor-element elementor-element-53278f1 elementor-section-boxed elementor-section-height-default elementor-section-height-default\" data-id=\"53278f1\" data-element_type=\"section\" data-settings=\"{&quot;jet_parallax_layout_list&quot;:[]}\">\n\t\t\t\t\t\t<div class=\"elementor-container elementor-column-gap-default\">\n\t\t\t\t\t<div class=\"elementor-column elementor-col-100 elementor-top-column elementor-element elementor-element-21cd3cf\" data-id=\"21cd3cf\" data-element_type=\"column\">\n\t\t\t<div class=\"elementor-widget-wrap elementor-element-populated\">\n\t\t\t\t\t\t<div class=\"elementor-element elementor-element-b3432b5 dce_masking-none elementor-widget elementor-widget-image\" data-id=\"b3432b5\" data-element_type=\"widget\" data-widget_type=\"image.default\">\n\t\t\t\t<div class=\"elementor-widget-container\">\n\t\t\t\t\t\t\t\t\t\t\t\t\t\t\t\t<a href=\"\">\n\t\t\t\t\t\t\t<img fetchpriority=\"high\" decoding=\"async\" width=\"1920\" height=\"400\" src=\"https:\/\/comite-civico.org\/wp-content\/uploads\/2025\/08\/descarga-pdf-paro-civico.jpg\" class=\"attachment-full size-full wp-image-2395\" alt=\"\" srcset=\"https:\/\/comite-civico.org\/wp-content\/uploads\/2025\/08\/descarga-pdf-paro-civico.jpg 1920w, https:\/\/comite-civico.org\/wp-content\/uploads\/2025\/08\/descarga-pdf-paro-civico-300x63.jpg 300w, https:\/\/comite-civico.org\/wp-content\/uploads\/2025\/08\/descarga-pdf-paro-civico-1024x213.jpg 1024w, https:\/\/comite-civico.org\/wp-content\/uploads\/2025\/08\/descarga-pdf-paro-civico-768x160.jpg 768w, https:\/\/comite-civico.org\/wp-content\/uploads\/2025\/08\/descarga-pdf-paro-civico-1536x320.jpg 1536w\" sizes=\"(max-width: 1920px) 100vw, 1920px\" \/>\t\t\t\t\t\t\t\t<\/a>\n\t\t\t\t\t\t\t\t\t\t\t\t\t\t\t<\/div>\n\t\t\t\t<\/div>\n\t\t\t\t\t<\/div>\n\t\t<\/div>\n\t\t\t\t\t<\/div>\n\t\t<\/section>\n\t\t\t\t<\/div>\n\t\t","protected":false},"excerpt":{"rendered":"<p>CRONOGRAMA DE ACTIVIDADES SEMANA DEL 15 AL 20 DE DICIEMBRE DE 2025 LUNES 15 DE DICIEMBRE \u2022 Mesa de Derechos Humanos y Garant\u00edas de Protecci\u00f3n \u2013 CERREM del sujeto colectivo MSPCBHora: 9:00 a.m.Lugar: Sala de reuniones de la UNP Buenaventura. Presencial. MARTES 16 DE DICIEMBRE \u2022 Invitaci\u00f3n a la jornada de la Ruta Humanitaria y &#8230; <a title=\"Agenda Semanal 15 al 20 de Diciembre de 2025\" class=\"read-more\" href=\"https:\/\/comite-civico.org\/?p=3324\" aria-label=\"Read more about Agenda Semanal 15 al 20 de Diciembre de 2025\">Leer m\u00e1s<\/a><\/p>\n","protected":false},"author":1,"featured_media":3317,"comment_status":"open","ping_status":"open","sticky":false,"template":"","format":"standard","meta":{"footnotes":""},"categories":[1],"tags":[],"class_list":["post-3324","post","type-post","status-publish","format-standard","has-post-thumbnail","hentry","category-sin-categoria"],"acf":[],"yoast_head":"<!-- This site is optimized with the Yoast SEO plugin v25.0 - https:\/\/yoast.com\/wordpress\/plugins\/seo\/ -->\n<title>Agenda Semanal 15 al 20 de Diciembre de 2025 - Movimiento Social Paro C\u00edvico de Buenaventura<\/title>\n<meta name=\"robots\" content=\"index, follow, max-snippet:-1, max-image-preview:large, max-video-preview:-1\" \/>\n<link rel=\"canonical\" href=\"https:\/\/comite-civico.org\/?p=3324\" \/>\n<meta property=\"og:locale\" content=\"es_ES\" \/>\n<meta property=\"og:type\" content=\"article\" \/>\n<meta property=\"og:title\" content=\"Agenda Semanal 15 al 20 de Diciembre de 2025 - Movimiento Social Paro C\u00edvico de Buenaventura\" \/>\n<meta property=\"og:description\" content=\"CRONOGRAMA DE ACTIVIDADES SEMANA DEL 15 AL 20 DE DICIEMBRE DE 2025 LUNES 15 DE DICIEMBRE \u2022 Mesa de Derechos Humanos y Garant\u00edas de Protecci\u00f3n \u2013 CERREM del sujeto colectivo MSPCBHora: 9:00 a.m.Lugar: Sala de reuniones de la UNP Buenaventura. Presencial. MARTES 16 DE DICIEMBRE \u2022 Invitaci\u00f3n a la jornada de la Ruta Humanitaria y ... Leer m\u00e1s\" \/>\n<meta property=\"og:url\" content=\"https:\/\/comite-civico.org\/?p=3324\" \/>\n<meta property=\"og:site_name\" content=\"Movimiento Social Paro C\u00edvico de Buenaventura\" \/>\n<meta property=\"article:published_time\" content=\"2025-12-15T17:16:38+00:00\" \/>\n<meta property=\"article:modified_time\" content=\"2025-12-15T21:40:03+00:00\" \/>\n<meta property=\"og:image\" content=\"http:\/\/comite-civico.org\/wp-content\/uploads\/2025\/12\/agenda-paro-civico-15-al-20-dic-2025-scaled.jpg\" \/>\n\t<meta property=\"og:image:width\" content=\"2560\" \/>\n\t<meta property=\"og:image:height\" content=\"1440\" \/>\n\t<meta property=\"og:image:type\" content=\"image\/jpeg\" \/>\n<meta name=\"author\" content=\"comiteadmin\" \/>\n<meta name=\"twitter:card\" content=\"summary_large_image\" \/>\n<meta name=\"twitter:label1\" content=\"Escrito por\" \/>\n\t<meta name=\"twitter:data1\" content=\"comiteadmin\" \/>\n\t<meta name=\"twitter:label2\" content=\"Tiempo de lectura\" \/>\n\t<meta name=\"twitter:data2\" content=\"4 minutos\" \/>\n<script type=\"application\/ld+json\" class=\"yoast-schema-graph\">{\"@context\":\"https:\/\/schema.org\",\"@graph\":[{\"@type\":\"Article\",\"@id\":\"https:\/\/comite-civico.org\/?p=3324#article\",\"isPartOf\":{\"@id\":\"https:\/\/comite-civico.org\/?p=3324\"},\"author\":{\"name\":\"comiteadmin\",\"@id\":\"https:\/\/comite-civico.org\/#\/schema\/person\/eebdf569aa3565fa603cc9c5b53cea34\"},\"headline\":\"Agenda Semanal 15 al 20 de Diciembre de 2025\",\"datePublished\":\"2025-12-15T17:16:38+00:00\",\"dateModified\":\"2025-12-15T21:40:03+00:00\",\"mainEntityOfPage\":{\"@id\":\"https:\/\/comite-civico.org\/?p=3324\"},\"wordCount\":686,\"commentCount\":0,\"publisher\":{\"@id\":\"https:\/\/comite-civico.org\/#organization\"},\"image\":{\"@id\":\"https:\/\/comite-civico.org\/?p=3324#primaryimage\"},\"thumbnailUrl\":\"https:\/\/comite-civico.org\/wp-content\/uploads\/2025\/12\/agenda-paro-civico-15-al-20-dic-2025-scaled.jpg\",\"inLanguage\":\"es-CO\",\"potentialAction\":[{\"@type\":\"CommentAction\",\"name\":\"Comment\",\"target\":[\"https:\/\/comite-civico.org\/?p=3324#respond\"]}]},{\"@type\":\"WebPage\",\"@id\":\"https:\/\/comite-civico.org\/?p=3324\",\"url\":\"https:\/\/comite-civico.org\/?p=3324\",\"name\":\"Agenda Semanal 15 al 20 de Diciembre de 2025 - Movimiento Social Paro C\u00edvico de Buenaventura\",\"isPartOf\":{\"@id\":\"https:\/\/comite-civico.org\/#website\"},\"primaryImageOfPage\":{\"@id\":\"https:\/\/comite-civico.org\/?p=3324#primaryimage\"},\"image\":{\"@id\":\"https:\/\/comite-civico.org\/?p=3324#primaryimage\"},\"thumbnailUrl\":\"https:\/\/comite-civico.org\/wp-content\/uploads\/2025\/12\/agenda-paro-civico-15-al-20-dic-2025-scaled.jpg\",\"datePublished\":\"2025-12-15T17:16:38+00:00\",\"dateModified\":\"2025-12-15T21:40:03+00:00\",\"breadcrumb\":{\"@id\":\"https:\/\/comite-civico.org\/?p=3324#breadcrumb\"},\"inLanguage\":\"es-CO\",\"potentialAction\":[{\"@type\":\"ReadAction\",\"target\":[\"https:\/\/comite-civico.org\/?p=3324\"]}]},{\"@type\":\"ImageObject\",\"inLanguage\":\"es-CO\",\"@id\":\"https:\/\/comite-civico.org\/?p=3324#primaryimage\",\"url\":\"https:\/\/comite-civico.org\/wp-content\/uploads\/2025\/12\/agenda-paro-civico-15-al-20-dic-2025-scaled.jpg\",\"contentUrl\":\"https:\/\/comite-civico.org\/wp-content\/uploads\/2025\/12\/agenda-paro-civico-15-al-20-dic-2025-scaled.jpg\",\"width\":2560,\"height\":1440},{\"@type\":\"BreadcrumbList\",\"@id\":\"https:\/\/comite-civico.org\/?p=3324#breadcrumb\",\"itemListElement\":[{\"@type\":\"ListItem\",\"position\":1,\"name\":\"Inicio\",\"item\":\"https:\/\/comite-civico.org\/\"},{\"@type\":\"ListItem\",\"position\":2,\"name\":\"Agenda Semanal 15 al 20 de Diciembre de 2025\"}]},{\"@type\":\"WebSite\",\"@id\":\"https:\/\/comite-civico.org\/#website\",\"url\":\"https:\/\/comite-civico.org\/\",\"name\":\"Movimiento Social Paro C\u00edvico de Buenaventura\",\"description\":\"Movimiento Social Paro C\u00edvico de Buenaventura\",\"publisher\":{\"@id\":\"https:\/\/comite-civico.org\/#organization\"},\"potentialAction\":[{\"@type\":\"SearchAction\",\"target\":{\"@type\":\"EntryPoint\",\"urlTemplate\":\"https:\/\/comite-civico.org\/?s={search_term_string}\"},\"query-input\":{\"@type\":\"PropertyValueSpecification\",\"valueRequired\":true,\"valueName\":\"search_term_string\"}}],\"inLanguage\":\"es-CO\"},{\"@type\":\"Organization\",\"@id\":\"https:\/\/comite-civico.org\/#organization\",\"name\":\"Movimiento Social Paro C\u00edvico de Buenaventura\",\"url\":\"https:\/\/comite-civico.org\/\",\"logo\":{\"@type\":\"ImageObject\",\"inLanguage\":\"es-CO\",\"@id\":\"https:\/\/comite-civico.org\/#\/schema\/logo\/image\/\",\"url\":\"https:\/\/comite-civico.org\/wp-content\/uploads\/2021\/03\/Logo-de-Movimiento-Blanco-scaled.png\",\"contentUrl\":\"https:\/\/comite-civico.org\/wp-content\/uploads\/2021\/03\/Logo-de-Movimiento-Blanco-scaled.png\",\"width\":2560,\"height\":1810,\"caption\":\"Movimiento Social Paro C\u00edvico de Buenaventura\"},\"image\":{\"@id\":\"https:\/\/comite-civico.org\/#\/schema\/logo\/image\/\"}},{\"@type\":\"Person\",\"@id\":\"https:\/\/comite-civico.org\/#\/schema\/person\/eebdf569aa3565fa603cc9c5b53cea34\",\"name\":\"comiteadmin\",\"image\":{\"@type\":\"ImageObject\",\"inLanguage\":\"es-CO\",\"@id\":\"https:\/\/comite-civico.org\/#\/schema\/person\/image\/\",\"url\":\"https:\/\/secure.gravatar.com\/avatar\/516fb540621996b28f565fdf033072d55dd3fe76896ef4af5250b5fec1b457fe?s=96&d=mm&r=g\",\"contentUrl\":\"https:\/\/secure.gravatar.com\/avatar\/516fb540621996b28f565fdf033072d55dd3fe76896ef4af5250b5fec1b457fe?s=96&d=mm&r=g\",\"caption\":\"comiteadmin\"},\"sameAs\":[\"https:\/\/comite-civico.org\/\"],\"url\":\"https:\/\/comite-civico.org\/?author=1\"}]}<\/script>\n<!-- \/ Yoast SEO plugin. -->","yoast_head_json":{"title":"Agenda Semanal 15 al 20 de Diciembre de 2025 - Movimiento Social Paro C\u00edvico de Buenaventura","robots":{"index":"index","follow":"follow","max-snippet":"max-snippet:-1","max-image-preview":"max-image-preview:large","max-video-preview":"max-video-preview:-1"},"canonical":"https:\/\/comite-civico.org\/?p=3324","og_locale":"es_ES","og_type":"article","og_title":"Agenda Semanal 15 al 20 de Diciembre de 2025 - Movimiento Social Paro C\u00edvico de Buenaventura","og_description":"CRONOGRAMA DE ACTIVIDADES SEMANA DEL 15 AL 20 DE DICIEMBRE DE 2025 LUNES 15 DE DICIEMBRE \u2022 Mesa de Derechos Humanos y Garant\u00edas de Protecci\u00f3n \u2013 CERREM del sujeto colectivo MSPCBHora: 9:00 a.m.Lugar: Sala de reuniones de la UNP Buenaventura. Presencial. MARTES 16 DE DICIEMBRE \u2022 Invitaci\u00f3n a la jornada de la Ruta Humanitaria y ... Leer m\u00e1s","og_url":"https:\/\/comite-civico.org\/?p=3324","og_site_name":"Movimiento Social Paro C\u00edvico de Buenaventura","article_published_time":"2025-12-15T17:16:38+00:00","article_modified_time":"2025-12-15T21:40:03+00:00","og_image":[{"width":2560,"height":1440,"url":"http:\/\/comite-civico.org\/wp-content\/uploads\/2025\/12\/agenda-paro-civico-15-al-20-dic-2025-scaled.jpg","type":"image\/jpeg"}],"author":"comiteadmin","twitter_card":"summary_large_image","twitter_misc":{"Escrito por":"comiteadmin","Tiempo de lectura":"4 minutos"},"schema":{"@context":"https:\/\/schema.org","@graph":[{"@type":"Article","@id":"https:\/\/comite-civico.org\/?p=3324#article","isPartOf":{"@id":"https:\/\/comite-civico.org\/?p=3324"},"author":{"name":"comiteadmin","@id":"https:\/\/comite-civico.org\/#\/schema\/person\/eebdf569aa3565fa603cc9c5b53cea34"},"headline":"Agenda Semanal 15 al 20 de Diciembre de 2025","datePublished":"2025-12-15T17:16:38+00:00","dateModified":"2025-12-15T21:40:03+00:00","mainEntityOfPage":{"@id":"https:\/\/comite-civico.org\/?p=3324"},"wordCount":686,"commentCount":0,"publisher":{"@id":"https:\/\/comite-civico.org\/#organization"},"image":{"@id":"https:\/\/comite-civico.org\/?p=3324#primaryimage"},"thumbnailUrl":"https:\/\/comite-civico.org\/wp-content\/uploads\/2025\/12\/agenda-paro-civico-15-al-20-dic-2025-scaled.jpg","inLanguage":"es-CO","potentialAction":[{"@type":"CommentAction","name":"Comment","target":["https:\/\/comite-civico.org\/?p=3324#respond"]}]},{"@type":"WebPage","@id":"https:\/\/comite-civico.org\/?p=3324","url":"https:\/\/comite-civico.org\/?p=3324","name":"Agenda Semanal 15 al 20 de Diciembre de 2025 - Movimiento Social Paro C\u00edvico de Buenaventura","isPartOf":{"@id":"https:\/\/comite-civico.org\/#website"},"primaryImageOfPage":{"@id":"https:\/\/comite-civico.org\/?p=3324#primaryimage"},"image":{"@id":"https:\/\/comite-civico.org\/?p=3324#primaryimage"},"thumbnailUrl":"https:\/\/comite-civico.org\/wp-content\/uploads\/2025\/12\/agenda-paro-civico-15-al-20-dic-2025-scaled.jpg","datePublished":"2025-12-15T17:16:38+00:00","dateModified":"2025-12-15T21:40:03+00:00","breadcrumb":{"@id":"https:\/\/comite-civico.org\/?p=3324#breadcrumb"},"inLanguage":"es-CO","potentialAction":[{"@type":"ReadAction","target":["https:\/\/comite-civico.org\/?p=3324"]}]},{"@type":"ImageObject","inLanguage":"es-CO","@id":"https:\/\/comite-civico.org\/?p=3324#primaryimage","url":"https:\/\/comite-civico.org\/wp-content\/uploads\/2025\/12\/agenda-paro-civico-15-al-20-dic-2025-scaled.jpg","contentUrl":"https:\/\/comite-civico.org\/wp-content\/uploads\/2025\/12\/agenda-paro-civico-15-al-20-dic-2025-scaled.jpg","width":2560,"height":1440},{"@type":"BreadcrumbList","@id":"https:\/\/comite-civico.org\/?p=3324#breadcrumb","itemListElement":[{"@type":"ListItem","position":1,"name":"Inicio","item":"https:\/\/comite-civico.org\/"},{"@type":"ListItem","position":2,"name":"Agenda Semanal 15 al 20 de Diciembre de 2025"}]},{"@type":"WebSite","@id":"https:\/\/comite-civico.org\/#website","url":"https:\/\/comite-civico.org\/","name":"Movimiento Social Paro C\u00edvico de Buenaventura","description":"Movimiento Social Paro C\u00edvico de Buenaventura","publisher":{"@id":"https:\/\/comite-civico.org\/#organization"},"potentialAction":[{"@type":"SearchAction","target":{"@type":"EntryPoint","urlTemplate":"https:\/\/comite-civico.org\/?s={search_term_string}"},"query-input":{"@type":"PropertyValueSpecification","valueRequired":true,"valueName":"search_term_string"}}],"inLanguage":"es-CO"},{"@type":"Organization","@id":"https:\/\/comite-civico.org\/#organization","name":"Movimiento Social Paro C\u00edvico de Buenaventura","url":"https:\/\/comite-civico.org\/","logo":{"@type":"ImageObject","inLanguage":"es-CO","@id":"https:\/\/comite-civico.org\/#\/schema\/logo\/image\/","url":"https:\/\/comite-civico.org\/wp-content\/uploads\/2021\/03\/Logo-de-Movimiento-Blanco-scaled.png","contentUrl":"https:\/\/comite-civico.org\/wp-content\/uploads\/2021\/03\/Logo-de-Movimiento-Blanco-scaled.png","width":2560,"height":1810,"caption":"Movimiento Social Paro C\u00edvico de Buenaventura"},"image":{"@id":"https:\/\/comite-civico.org\/#\/schema\/logo\/image\/"}},{"@type":"Person","@id":"https:\/\/comite-civico.org\/#\/schema\/person\/eebdf569aa3565fa603cc9c5b53cea34","name":"comiteadmin","image":{"@type":"ImageObject","inLanguage":"es-CO","@id":"https:\/\/comite-civico.org\/#\/schema\/person\/image\/","url":"https:\/\/secure.gravatar.com\/avatar\/516fb540621996b28f565fdf033072d55dd3fe76896ef4af5250b5fec1b457fe?s=96&d=mm&r=g","contentUrl":"https:\/\/secure.gravatar.com\/avatar\/516fb540621996b28f565fdf033072d55dd3fe76896ef4af5250b5fec1b457fe?s=96&d=mm&r=g","caption":"comiteadmin"},"sameAs":["https:\/\/comite-civico.org\/"],"url":"https:\/\/comite-civico.org\/?author=1"}]}},"_links":{"self":[{"href":"https:\/\/comite-civico.org\/index.php?rest_route=\/wp\/v2\/posts\/3324","targetHints":{"allow":["GET"]}}],"collection":[{"href":"https:\/\/comite-civico.org\/index.php?rest_route=\/wp\/v2\/posts"}],"about":[{"href":"https:\/\/comite-civico.org\/index.php?rest_route=\/wp\/v2\/types\/post"}],"author":[{"embeddable":true,"href":"https:\/\/comite-civico.org\/index.php?rest_route=\/wp\/v2\/users\/1"}],"replies":[{"embeddable":true,"href":"https:\/\/comite-civico.org\/index.php?rest_route=%2Fwp%2Fv2%2Fcomments&post=3324"}],"version-history":[{"count":13,"href":"https:\/\/comite-civico.org\/index.php?rest_route=\/wp\/v2\/posts\/3324\/revisions"}],"predecessor-version":[{"id":3339,"href":"https:\/\/comite-civico.org\/index.php?rest_route=\/wp\/v2\/posts\/3324\/revisions\/3339"}],"wp:featuredmedia":[{"embeddable":true,"href":"https:\/\/comite-civico.org\/index.php?rest_route=\/wp\/v2\/media\/3317"}],"wp:attachment":[{"href":"https:\/\/comite-civico.org\/index.php?rest_route=%2Fwp%2Fv2%2Fmedia&parent=3324"}],"wp:term":[{"taxonomy":"category","embeddable":true,"href":"https:\/\/comite-civico.org\/index.php?rest_route=%2Fwp%2Fv2%2Fcategories&post=3324"},{"taxonomy":"post_tag","embeddable":true,"href":"https:\/\/comite-civico.org\/index.php?rest_route=%2Fwp%2Fv2%2Ftags&post=3324"}],"curies":[{"name":"wp","href":"https:\/\/api.w.org\/{rel}","templated":true}]}}