{"id":3303,"date":"2025-12-08T03:06:11","date_gmt":"2025-12-08T08:06:11","guid":{"rendered":"https:\/\/comite-civico.org\/?p=3303"},"modified":"2025-12-08T03:08:01","modified_gmt":"2025-12-08T08:08:01","slug":"pedagogia-territorial-para-el-cumplimiento-de-los-acuerdos-del-paro-civico","status":"publish","type":"post","link":"https:\/\/comite-civico.org\/?p=3303","title":{"rendered":"Pedagog\u00eda Territorial para el Cumplimiento de los Acuerdos del Paro C\u00edvico"},"content":{"rendered":"\t\t<div data-elementor-type=\"wp-post\" data-elementor-id=\"3303\" class=\"elementor elementor-3303\" data-elementor-post-type=\"post\">\n\t\t\t\t\t\t<section data-particle_enable=\"false\" data-particle-mobile-disabled=\"false\" class=\"elementor-section elementor-top-section elementor-element elementor-element-d4b2af5 elementor-section-boxed elementor-section-height-default elementor-section-height-default\" data-id=\"d4b2af5\" data-element_type=\"section\" data-settings=\"{&quot;jet_parallax_layout_list&quot;:[]}\">\n\t\t\t\t\t\t<div class=\"elementor-container elementor-column-gap-default\">\n\t\t\t\t\t<div class=\"elementor-column elementor-col-100 elementor-top-column elementor-element elementor-element-404b4c6\" data-id=\"404b4c6\" data-element_type=\"column\">\n\t\t\t<div class=\"elementor-widget-wrap elementor-element-populated\">\n\t\t\t\t\t\t<div class=\"elementor-element elementor-element-604c745 elementor-widget elementor-widget-text-editor\" data-id=\"604c745\" data-element_type=\"widget\" data-widget_type=\"text-editor.default\">\n\t\t\t\t<div class=\"elementor-widget-container\">\n\t\t\t\t\t\t\t\t\t<p data-start=\"429\" data-end=\"934\">El Movimiento Social Paro C\u00edvico Buenaventura contin\u00faa fortaleciendo el proceso de pedagog\u00eda territorial con las comunidades rurales, con el prop\u00f3sito de consolidar una participaci\u00f3n informada y activa en el seguimiento y cumplimiento de los acuerdos logrados en 2017. En esta ocasi\u00f3n, la comisi\u00f3n del movimiento desarroll\u00f3 encuentros presenciales en Puerto Espa\u00f1a el pasado 29 de noviembre, y posteriormente, durante los d\u00edas 6 y 7 de diciembre, visit\u00f3 las veredas Joaquincito y San Pedro en el r\u00edo Naya.<\/p><p data-start=\"936\" data-end=\"1368\">Estos espacios permitieron dialogar sobre las responsabilidades compartidas entre las comunidades, el movimiento y el Estado frente a los compromisos establecidos en la Ley 1872 de 2017, el PIEDB 2040 y la institucionalidad creada para garantizar soluciones estructurales en materia de salud, educaci\u00f3n, agua potable, saneamiento b\u00e1sico, infraestructura, ambiente, vivienda, empleo, cultura, acceso a la justicia y derechos humanos.<\/p><p data-start=\"1370\" data-end=\"2044\">Durante la jornada realizada en Puerto Espa\u00f1a se socializaron adem\u00e1s los renders de las obras proyectadas para la comunidad, entre ellas el mejoramiento de la escuela, la recuperaci\u00f3n de la cancha y la construcci\u00f3n de un parque recreativo. Estas iniciativas responden a necesidades priorizadas por la comunidad y fueron presentadas como parte del proceso de exigibilidad y planeaci\u00f3n territorial que el movimiento impulsa de manera articulada con las mesas tem\u00e1ticas y FonBuenaventura. Las im\u00e1genes que se compartieron en el espacio permiten visualizar avances en dise\u00f1o y representan un paso importante hacia la materializaci\u00f3n de infraestructuras dignas para la ruralidad.<\/p><p data-start=\"2046\" data-end=\"2525\">Estas jornadas pedag\u00f3gicas buscan cerrar brechas hist\u00f3ricas de informaci\u00f3n entre la zona urbana y las comunidades fluviales, mar\u00edtimas y carreteables que representan el 99.5 % del territorio bonaverense. El movimiento reafirma que la ruralidad es parte fundamental del proceso y que su participaci\u00f3n amplia y consciente garantiza que los acuerdos de 2017 contin\u00faen siendo herramientas colectivas para transformar Buenaventura y asegurar la defensa de los derechos del territorio.<\/p><p data-start=\"2527\" data-end=\"2922\">El Movimiento Social Paro C\u00edvico invita a las comunidades rurales y urbanas a mantenerse vinculadas, fortalecer la organizaci\u00f3n y seguir avanzando en la vigilancia ciudadana, la apropiaci\u00f3n del PIEDB 2040 y la construcci\u00f3n de gobernanza comunitaria. La lucha que inici\u00f3 en las calles y r\u00edos de Buenaventura sigue siendo un camino colectivo para vivir con dignidad y en paz en todo el territorio.<\/p>\t\t\t\t\t\t\t\t<\/div>\n\t\t\t\t<\/div>\n\t\t\t\t\t<\/div>\n\t\t<\/div>\n\t\t\t\t\t<\/div>\n\t\t<\/section>\n\t\t\t\t<section data-particle_enable=\"false\" data-particle-mobile-disabled=\"false\" class=\"elementor-section elementor-top-section elementor-element elementor-element-7835d5e elementor-section-boxed elementor-section-height-default elementor-section-height-default\" data-id=\"7835d5e\" data-element_type=\"section\" data-settings=\"{&quot;jet_parallax_layout_list&quot;:[]}\">\n\t\t\t\t\t\t<div class=\"elementor-container elementor-column-gap-default\">\n\t\t\t\t\t<div class=\"elementor-column elementor-col-100 elementor-top-column elementor-element elementor-element-36dcc21\" data-id=\"36dcc21\" data-element_type=\"column\">\n\t\t\t<div class=\"elementor-widget-wrap elementor-element-populated\">\n\t\t\t\t\t\t<div class=\"elementor-element elementor-element-361f3ed dce_masking-none elementor-widget elementor-widget-image\" data-id=\"361f3ed\" data-element_type=\"widget\" data-widget_type=\"image.default\">\n\t\t\t\t<div class=\"elementor-widget-container\">\n\t\t\t\t\t\t\t\t\t\t\t\t\t\t\t<img fetchpriority=\"high\" decoding=\"async\" width=\"1024\" height=\"576\" src=\"https:\/\/comite-civico.org\/wp-content\/uploads\/2025\/12\/photo_2025-12-07_18-06-50-1024x576.jpg\" class=\"attachment-large size-large wp-image-3278\" alt=\"\" srcset=\"https:\/\/comite-civico.org\/wp-content\/uploads\/2025\/12\/photo_2025-12-07_18-06-50-1024x576.jpg 1024w, https:\/\/comite-civico.org\/wp-content\/uploads\/2025\/12\/photo_2025-12-07_18-06-50-300x169.jpg 300w, https:\/\/comite-civico.org\/wp-content\/uploads\/2025\/12\/photo_2025-12-07_18-06-50-768x432.jpg 768w, https:\/\/comite-civico.org\/wp-content\/uploads\/2025\/12\/photo_2025-12-07_18-06-50.jpg 1280w\" sizes=\"(max-width: 1024px) 100vw, 1024px\" \/>\t\t\t\t\t\t\t\t\t\t\t\t\t\t\t<\/div>\n\t\t\t\t<\/div>\n\t\t\t\t\t<\/div>\n\t\t<\/div>\n\t\t\t\t\t<\/div>\n\t\t<\/section>\n\t\t\t\t<section data-particle_enable=\"false\" data-particle-mobile-disabled=\"false\" class=\"elementor-section elementor-top-section elementor-element elementor-element-4dbd786 elementor-section-boxed elementor-section-height-default elementor-section-height-default\" data-id=\"4dbd786\" data-element_type=\"section\" data-settings=\"{&quot;jet_parallax_layout_list&quot;:[]}\">\n\t\t\t\t\t\t<div class=\"elementor-container elementor-column-gap-default\">\n\t\t\t\t\t<div class=\"elementor-column elementor-col-100 elementor-top-column elementor-element elementor-element-4988bef\" data-id=\"4988bef\" data-element_type=\"column\">\n\t\t\t<div class=\"elementor-widget-wrap elementor-element-populated\">\n\t\t\t\t\t\t<div class=\"elementor-element elementor-element-3fca109 dce_masking-none elementor-widget elementor-widget-image\" data-id=\"3fca109\" data-element_type=\"widget\" data-widget_type=\"image.default\">\n\t\t\t\t<div class=\"elementor-widget-container\">\n\t\t\t\t\t\t\t\t\t\t\t\t\t\t\t<img decoding=\"async\" width=\"1024\" height=\"682\" src=\"https:\/\/comite-civico.org\/wp-content\/uploads\/2025\/12\/photo_2025-12-07_18-07-17-1024x682.jpg\" class=\"attachment-large size-large wp-image-3283\" alt=\"\" srcset=\"https:\/\/comite-civico.org\/wp-content\/uploads\/2025\/12\/photo_2025-12-07_18-07-17-1024x682.jpg 1024w, https:\/\/comite-civico.org\/wp-content\/uploads\/2025\/12\/photo_2025-12-07_18-07-17-300x200.jpg 300w, https:\/\/comite-civico.org\/wp-content\/uploads\/2025\/12\/photo_2025-12-07_18-07-17-768x512.jpg 768w, https:\/\/comite-civico.org\/wp-content\/uploads\/2025\/12\/photo_2025-12-07_18-07-17.jpg 1280w\" sizes=\"(max-width: 1024px) 100vw, 1024px\" \/>\t\t\t\t\t\t\t\t\t\t\t\t\t\t\t<\/div>\n\t\t\t\t<\/div>\n\t\t\t\t\t<\/div>\n\t\t<\/div>\n\t\t\t\t\t<\/div>\n\t\t<\/section>\n\t\t\t\t<section data-particle_enable=\"false\" data-particle-mobile-disabled=\"false\" class=\"elementor-section elementor-top-section elementor-element elementor-element-75dea66 elementor-section-boxed elementor-section-height-default elementor-section-height-default\" data-id=\"75dea66\" data-element_type=\"section\" data-settings=\"{&quot;jet_parallax_layout_list&quot;:[]}\">\n\t\t\t\t\t\t<div class=\"elementor-container elementor-column-gap-default\">\n\t\t\t\t\t<div class=\"elementor-column elementor-col-100 elementor-top-column elementor-element elementor-element-8bcab48\" data-id=\"8bcab48\" data-element_type=\"column\">\n\t\t\t<div class=\"elementor-widget-wrap elementor-element-populated\">\n\t\t\t\t\t\t<div class=\"elementor-element elementor-element-d271069 dce_masking-none elementor-widget elementor-widget-image\" data-id=\"d271069\" data-element_type=\"widget\" data-widget_type=\"image.default\">\n\t\t\t\t<div class=\"elementor-widget-container\">\n\t\t\t\t\t\t\t\t\t\t\t\t\t\t\t<img decoding=\"async\" width=\"1024\" height=\"576\" src=\"https:\/\/comite-civico.org\/wp-content\/uploads\/2025\/12\/f8497280-1024x576.jpg\" class=\"attachment-large size-large wp-image-3302\" alt=\"\" srcset=\"https:\/\/comite-civico.org\/wp-content\/uploads\/2025\/12\/f8497280-1024x576.jpg 1024w, https:\/\/comite-civico.org\/wp-content\/uploads\/2025\/12\/f8497280-300x169.jpg 300w, https:\/\/comite-civico.org\/wp-content\/uploads\/2025\/12\/f8497280-768x432.jpg 768w, https:\/\/comite-civico.org\/wp-content\/uploads\/2025\/12\/f8497280-1536x864.jpg 1536w, https:\/\/comite-civico.org\/wp-content\/uploads\/2025\/12\/f8497280-2048x1152.jpg 2048w\" sizes=\"(max-width: 1024px) 100vw, 1024px\" \/>\t\t\t\t\t\t\t\t\t\t\t\t\t\t\t<\/div>\n\t\t\t\t<\/div>\n\t\t\t\t\t<\/div>\n\t\t<\/div>\n\t\t\t\t\t<\/div>\n\t\t<\/section>\n\t\t\t\t<section data-particle_enable=\"false\" data-particle-mobile-disabled=\"false\" class=\"elementor-section elementor-top-section elementor-element elementor-element-a44f4cb elementor-section-boxed elementor-section-height-default elementor-section-height-default\" data-id=\"a44f4cb\" data-element_type=\"section\" data-settings=\"{&quot;jet_parallax_layout_list&quot;:[]}\">\n\t\t\t\t\t\t<div class=\"elementor-container elementor-column-gap-default\">\n\t\t\t\t\t<div class=\"elementor-column elementor-col-100 elementor-top-column elementor-element elementor-element-d4e8481\" data-id=\"d4e8481\" data-element_type=\"column\">\n\t\t\t<div class=\"elementor-widget-wrap elementor-element-populated\">\n\t\t\t\t\t\t<div class=\"elementor-element elementor-element-b99ba89 dce_masking-none elementor-widget elementor-widget-image\" data-id=\"b99ba89\" data-element_type=\"widget\" data-widget_type=\"image.default\">\n\t\t\t\t<div class=\"elementor-widget-container\">\n\t\t\t\t\t\t\t\t\t\t\t\t\t\t\t<img loading=\"lazy\" decoding=\"async\" width=\"1024\" height=\"576\" src=\"https:\/\/comite-civico.org\/wp-content\/uploads\/2025\/12\/photo_2025-12-07_18-06-50-2-1024x576.jpg\" class=\"attachment-large size-large wp-image-3294\" alt=\"\" srcset=\"https:\/\/comite-civico.org\/wp-content\/uploads\/2025\/12\/photo_2025-12-07_18-06-50-2-1024x576.jpg 1024w, https:\/\/comite-civico.org\/wp-content\/uploads\/2025\/12\/photo_2025-12-07_18-06-50-2-300x169.jpg 300w, https:\/\/comite-civico.org\/wp-content\/uploads\/2025\/12\/photo_2025-12-07_18-06-50-2-768x432.jpg 768w, https:\/\/comite-civico.org\/wp-content\/uploads\/2025\/12\/photo_2025-12-07_18-06-50-2.jpg 1280w\" sizes=\"(max-width: 1024px) 100vw, 1024px\" \/>\t\t\t\t\t\t\t\t\t\t\t\t\t\t\t<\/div>\n\t\t\t\t<\/div>\n\t\t\t\t\t<\/div>\n\t\t<\/div>\n\t\t\t\t\t<\/div>\n\t\t<\/section>\n\t\t\t\t<\/div>\n\t\t","protected":false},"excerpt":{"rendered":"<p>El Movimiento Social Paro C\u00edvico Buenaventura contin\u00faa fortaleciendo el proceso de pedagog\u00eda territorial con las comunidades rurales, con el prop\u00f3sito de consolidar una participaci\u00f3n informada y activa en el seguimiento y cumplimiento de los acuerdos logrados en 2017. En esta ocasi\u00f3n, la comisi\u00f3n del movimiento desarroll\u00f3 encuentros presenciales en Puerto Espa\u00f1a el pasado 29 de &#8230; <a title=\"Pedagog\u00eda Territorial para el Cumplimiento de los Acuerdos del Paro C\u00edvico\" class=\"read-more\" href=\"https:\/\/comite-civico.org\/?p=3303\" aria-label=\"Read more about Pedagog\u00eda Territorial para el Cumplimiento de los Acuerdos del Paro C\u00edvico\">Leer m\u00e1s<\/a><\/p>\n","protected":false},"author":1,"featured_media":3304,"comment_status":"open","ping_status":"open","sticky":false,"template":"","format":"standard","meta":{"footnotes":""},"categories":[1],"tags":[],"class_list":["post-3303","post","type-post","status-publish","format-standard","has-post-thumbnail","hentry","category-sin-categoria"],"acf":[],"yoast_head":"<!-- This site is optimized with the Yoast SEO plugin v25.0 - https:\/\/yoast.com\/wordpress\/plugins\/seo\/ -->\n<title>Pedagog\u00eda Territorial para el Cumplimiento de los Acuerdos del Paro C\u00edvico - Movimiento Social Paro C\u00edvico de Buenaventura<\/title>\n<meta name=\"robots\" content=\"index, follow, max-snippet:-1, max-image-preview:large, max-video-preview:-1\" \/>\n<link rel=\"canonical\" href=\"https:\/\/comite-civico.org\/?p=3303\" \/>\n<meta property=\"og:locale\" content=\"es_ES\" \/>\n<meta property=\"og:type\" content=\"article\" \/>\n<meta property=\"og:title\" content=\"Pedagog\u00eda Territorial para el Cumplimiento de los Acuerdos del Paro C\u00edvico - Movimiento Social Paro C\u00edvico de Buenaventura\" \/>\n<meta property=\"og:description\" content=\"El Movimiento Social Paro C\u00edvico Buenaventura contin\u00faa fortaleciendo el proceso de pedagog\u00eda territorial con las comunidades rurales, con el prop\u00f3sito de consolidar una participaci\u00f3n informada y activa en el seguimiento y cumplimiento de los acuerdos logrados en 2017. En esta ocasi\u00f3n, la comisi\u00f3n del movimiento desarroll\u00f3 encuentros presenciales en Puerto Espa\u00f1a el pasado 29 de ... Leer m\u00e1s\" \/>\n<meta property=\"og:url\" content=\"https:\/\/comite-civico.org\/?p=3303\" \/>\n<meta property=\"og:site_name\" content=\"Movimiento Social Paro C\u00edvico de Buenaventura\" \/>\n<meta property=\"article:published_time\" content=\"2025-12-08T08:06:11+00:00\" \/>\n<meta property=\"article:modified_time\" content=\"2025-12-08T08:08:01+00:00\" \/>\n<meta property=\"og:image\" content=\"http:\/\/comite-civico.org\/wp-content\/uploads\/2025\/12\/Pedagogia-territorial-scaled.jpg\" \/>\n\t<meta property=\"og:image:width\" content=\"2560\" \/>\n\t<meta property=\"og:image:height\" content=\"1440\" \/>\n\t<meta property=\"og:image:type\" content=\"image\/jpeg\" \/>\n<meta name=\"author\" content=\"comiteadmin\" \/>\n<meta name=\"twitter:card\" content=\"summary_large_image\" \/>\n<meta name=\"twitter:label1\" content=\"Escrito por\" \/>\n\t<meta name=\"twitter:data1\" content=\"comiteadmin\" \/>\n\t<meta name=\"twitter:label2\" content=\"Tiempo de lectura\" \/>\n\t<meta name=\"twitter:data2\" content=\"1 minuto\" \/>\n<script type=\"application\/ld+json\" class=\"yoast-schema-graph\">{\"@context\":\"https:\/\/schema.org\",\"@graph\":[{\"@type\":\"Article\",\"@id\":\"https:\/\/comite-civico.org\/?p=3303#article\",\"isPartOf\":{\"@id\":\"https:\/\/comite-civico.org\/?p=3303\"},\"author\":{\"name\":\"comiteadmin\",\"@id\":\"https:\/\/comite-civico.org\/#\/schema\/person\/eebdf569aa3565fa603cc9c5b53cea34\"},\"headline\":\"Pedagog\u00eda Territorial para el Cumplimiento de los Acuerdos del Paro C\u00edvico\",\"datePublished\":\"2025-12-08T08:06:11+00:00\",\"dateModified\":\"2025-12-08T08:08:01+00:00\",\"mainEntityOfPage\":{\"@id\":\"https:\/\/comite-civico.org\/?p=3303\"},\"wordCount\":400,\"commentCount\":0,\"publisher\":{\"@id\":\"https:\/\/comite-civico.org\/#organization\"},\"image\":{\"@id\":\"https:\/\/comite-civico.org\/?p=3303#primaryimage\"},\"thumbnailUrl\":\"https:\/\/comite-civico.org\/wp-content\/uploads\/2025\/12\/Pedagogia-territorial-scaled.jpg\",\"inLanguage\":\"es-CO\",\"potentialAction\":[{\"@type\":\"CommentAction\",\"name\":\"Comment\",\"target\":[\"https:\/\/comite-civico.org\/?p=3303#respond\"]}]},{\"@type\":\"WebPage\",\"@id\":\"https:\/\/comite-civico.org\/?p=3303\",\"url\":\"https:\/\/comite-civico.org\/?p=3303\",\"name\":\"Pedagog\u00eda Territorial para el Cumplimiento de los Acuerdos del Paro C\u00edvico - Movimiento Social Paro C\u00edvico de Buenaventura\",\"isPartOf\":{\"@id\":\"https:\/\/comite-civico.org\/#website\"},\"primaryImageOfPage\":{\"@id\":\"https:\/\/comite-civico.org\/?p=3303#primaryimage\"},\"image\":{\"@id\":\"https:\/\/comite-civico.org\/?p=3303#primaryimage\"},\"thumbnailUrl\":\"https:\/\/comite-civico.org\/wp-content\/uploads\/2025\/12\/Pedagogia-territorial-scaled.jpg\",\"datePublished\":\"2025-12-08T08:06:11+00:00\",\"dateModified\":\"2025-12-08T08:08:01+00:00\",\"breadcrumb\":{\"@id\":\"https:\/\/comite-civico.org\/?p=3303#breadcrumb\"},\"inLanguage\":\"es-CO\",\"potentialAction\":[{\"@type\":\"ReadAction\",\"target\":[\"https:\/\/comite-civico.org\/?p=3303\"]}]},{\"@type\":\"ImageObject\",\"inLanguage\":\"es-CO\",\"@id\":\"https:\/\/comite-civico.org\/?p=3303#primaryimage\",\"url\":\"https:\/\/comite-civico.org\/wp-content\/uploads\/2025\/12\/Pedagogia-territorial-scaled.jpg\",\"contentUrl\":\"https:\/\/comite-civico.org\/wp-content\/uploads\/2025\/12\/Pedagogia-territorial-scaled.jpg\",\"width\":2560,\"height\":1440},{\"@type\":\"BreadcrumbList\",\"@id\":\"https:\/\/comite-civico.org\/?p=3303#breadcrumb\",\"itemListElement\":[{\"@type\":\"ListItem\",\"position\":1,\"name\":\"Inicio\",\"item\":\"https:\/\/comite-civico.org\/\"},{\"@type\":\"ListItem\",\"position\":2,\"name\":\"Pedagog\u00eda Territorial para el Cumplimiento de los Acuerdos del Paro C\u00edvico\"}]},{\"@type\":\"WebSite\",\"@id\":\"https:\/\/comite-civico.org\/#website\",\"url\":\"https:\/\/comite-civico.org\/\",\"name\":\"Movimiento Social Paro C\u00edvico de Buenaventura\",\"description\":\"Movimiento Social Paro C\u00edvico de Buenaventura\",\"publisher\":{\"@id\":\"https:\/\/comite-civico.org\/#organization\"},\"potentialAction\":[{\"@type\":\"SearchAction\",\"target\":{\"@type\":\"EntryPoint\",\"urlTemplate\":\"https:\/\/comite-civico.org\/?s={search_term_string}\"},\"query-input\":{\"@type\":\"PropertyValueSpecification\",\"valueRequired\":true,\"valueName\":\"search_term_string\"}}],\"inLanguage\":\"es-CO\"},{\"@type\":\"Organization\",\"@id\":\"https:\/\/comite-civico.org\/#organization\",\"name\":\"Movimiento Social Paro C\u00edvico de Buenaventura\",\"url\":\"https:\/\/comite-civico.org\/\",\"logo\":{\"@type\":\"ImageObject\",\"inLanguage\":\"es-CO\",\"@id\":\"https:\/\/comite-civico.org\/#\/schema\/logo\/image\/\",\"url\":\"https:\/\/comite-civico.org\/wp-content\/uploads\/2021\/03\/Logo-de-Movimiento-Blanco-scaled.png\",\"contentUrl\":\"https:\/\/comite-civico.org\/wp-content\/uploads\/2021\/03\/Logo-de-Movimiento-Blanco-scaled.png\",\"width\":2560,\"height\":1810,\"caption\":\"Movimiento Social Paro C\u00edvico de Buenaventura\"},\"image\":{\"@id\":\"https:\/\/comite-civico.org\/#\/schema\/logo\/image\/\"}},{\"@type\":\"Person\",\"@id\":\"https:\/\/comite-civico.org\/#\/schema\/person\/eebdf569aa3565fa603cc9c5b53cea34\",\"name\":\"comiteadmin\",\"image\":{\"@type\":\"ImageObject\",\"inLanguage\":\"es-CO\",\"@id\":\"https:\/\/comite-civico.org\/#\/schema\/person\/image\/\",\"url\":\"https:\/\/secure.gravatar.com\/avatar\/516fb540621996b28f565fdf033072d55dd3fe76896ef4af5250b5fec1b457fe?s=96&d=mm&r=g\",\"contentUrl\":\"https:\/\/secure.gravatar.com\/avatar\/516fb540621996b28f565fdf033072d55dd3fe76896ef4af5250b5fec1b457fe?s=96&d=mm&r=g\",\"caption\":\"comiteadmin\"},\"sameAs\":[\"https:\/\/comite-civico.org\/\"],\"url\":\"https:\/\/comite-civico.org\/?author=1\"}]}<\/script>\n<!-- \/ Yoast SEO plugin. -->","yoast_head_json":{"title":"Pedagog\u00eda Territorial para el Cumplimiento de los Acuerdos del Paro C\u00edvico - Movimiento Social Paro C\u00edvico de Buenaventura","robots":{"index":"index","follow":"follow","max-snippet":"max-snippet:-1","max-image-preview":"max-image-preview:large","max-video-preview":"max-video-preview:-1"},"canonical":"https:\/\/comite-civico.org\/?p=3303","og_locale":"es_ES","og_type":"article","og_title":"Pedagog\u00eda Territorial para el Cumplimiento de los Acuerdos del Paro C\u00edvico - Movimiento Social Paro C\u00edvico de Buenaventura","og_description":"El Movimiento Social Paro C\u00edvico Buenaventura contin\u00faa fortaleciendo el proceso de pedagog\u00eda territorial con las comunidades rurales, con el prop\u00f3sito de consolidar una participaci\u00f3n informada y activa en el seguimiento y cumplimiento de los acuerdos logrados en 2017. En esta ocasi\u00f3n, la comisi\u00f3n del movimiento desarroll\u00f3 encuentros presenciales en Puerto Espa\u00f1a el pasado 29 de ... Leer m\u00e1s","og_url":"https:\/\/comite-civico.org\/?p=3303","og_site_name":"Movimiento Social Paro C\u00edvico de Buenaventura","article_published_time":"2025-12-08T08:06:11+00:00","article_modified_time":"2025-12-08T08:08:01+00:00","og_image":[{"width":2560,"height":1440,"url":"http:\/\/comite-civico.org\/wp-content\/uploads\/2025\/12\/Pedagogia-territorial-scaled.jpg","type":"image\/jpeg"}],"author":"comiteadmin","twitter_card":"summary_large_image","twitter_misc":{"Escrito por":"comiteadmin","Tiempo de lectura":"1 minuto"},"schema":{"@context":"https:\/\/schema.org","@graph":[{"@type":"Article","@id":"https:\/\/comite-civico.org\/?p=3303#article","isPartOf":{"@id":"https:\/\/comite-civico.org\/?p=3303"},"author":{"name":"comiteadmin","@id":"https:\/\/comite-civico.org\/#\/schema\/person\/eebdf569aa3565fa603cc9c5b53cea34"},"headline":"Pedagog\u00eda Territorial para el Cumplimiento de los Acuerdos del Paro C\u00edvico","datePublished":"2025-12-08T08:06:11+00:00","dateModified":"2025-12-08T08:08:01+00:00","mainEntityOfPage":{"@id":"https:\/\/comite-civico.org\/?p=3303"},"wordCount":400,"commentCount":0,"publisher":{"@id":"https:\/\/comite-civico.org\/#organization"},"image":{"@id":"https:\/\/comite-civico.org\/?p=3303#primaryimage"},"thumbnailUrl":"https:\/\/comite-civico.org\/wp-content\/uploads\/2025\/12\/Pedagogia-territorial-scaled.jpg","inLanguage":"es-CO","potentialAction":[{"@type":"CommentAction","name":"Comment","target":["https:\/\/comite-civico.org\/?p=3303#respond"]}]},{"@type":"WebPage","@id":"https:\/\/comite-civico.org\/?p=3303","url":"https:\/\/comite-civico.org\/?p=3303","name":"Pedagog\u00eda Territorial para el Cumplimiento de los Acuerdos del Paro C\u00edvico - Movimiento Social Paro C\u00edvico de Buenaventura","isPartOf":{"@id":"https:\/\/comite-civico.org\/#website"},"primaryImageOfPage":{"@id":"https:\/\/comite-civico.org\/?p=3303#primaryimage"},"image":{"@id":"https:\/\/comite-civico.org\/?p=3303#primaryimage"},"thumbnailUrl":"https:\/\/comite-civico.org\/wp-content\/uploads\/2025\/12\/Pedagogia-territorial-scaled.jpg","datePublished":"2025-12-08T08:06:11+00:00","dateModified":"2025-12-08T08:08:01+00:00","breadcrumb":{"@id":"https:\/\/comite-civico.org\/?p=3303#breadcrumb"},"inLanguage":"es-CO","potentialAction":[{"@type":"ReadAction","target":["https:\/\/comite-civico.org\/?p=3303"]}]},{"@type":"ImageObject","inLanguage":"es-CO","@id":"https:\/\/comite-civico.org\/?p=3303#primaryimage","url":"https:\/\/comite-civico.org\/wp-content\/uploads\/2025\/12\/Pedagogia-territorial-scaled.jpg","contentUrl":"https:\/\/comite-civico.org\/wp-content\/uploads\/2025\/12\/Pedagogia-territorial-scaled.jpg","width":2560,"height":1440},{"@type":"BreadcrumbList","@id":"https:\/\/comite-civico.org\/?p=3303#breadcrumb","itemListElement":[{"@type":"ListItem","position":1,"name":"Inicio","item":"https:\/\/comite-civico.org\/"},{"@type":"ListItem","position":2,"name":"Pedagog\u00eda Territorial para el Cumplimiento de los Acuerdos del Paro C\u00edvico"}]},{"@type":"WebSite","@id":"https:\/\/comite-civico.org\/#website","url":"https:\/\/comite-civico.org\/","name":"Movimiento Social Paro C\u00edvico de Buenaventura","description":"Movimiento Social Paro C\u00edvico de Buenaventura","publisher":{"@id":"https:\/\/comite-civico.org\/#organization"},"potentialAction":[{"@type":"SearchAction","target":{"@type":"EntryPoint","urlTemplate":"https:\/\/comite-civico.org\/?s={search_term_string}"},"query-input":{"@type":"PropertyValueSpecification","valueRequired":true,"valueName":"search_term_string"}}],"inLanguage":"es-CO"},{"@type":"Organization","@id":"https:\/\/comite-civico.org\/#organization","name":"Movimiento Social Paro C\u00edvico de Buenaventura","url":"https:\/\/comite-civico.org\/","logo":{"@type":"ImageObject","inLanguage":"es-CO","@id":"https:\/\/comite-civico.org\/#\/schema\/logo\/image\/","url":"https:\/\/comite-civico.org\/wp-content\/uploads\/2021\/03\/Logo-de-Movimiento-Blanco-scaled.png","contentUrl":"https:\/\/comite-civico.org\/wp-content\/uploads\/2021\/03\/Logo-de-Movimiento-Blanco-scaled.png","width":2560,"height":1810,"caption":"Movimiento Social Paro C\u00edvico de Buenaventura"},"image":{"@id":"https:\/\/comite-civico.org\/#\/schema\/logo\/image\/"}},{"@type":"Person","@id":"https:\/\/comite-civico.org\/#\/schema\/person\/eebdf569aa3565fa603cc9c5b53cea34","name":"comiteadmin","image":{"@type":"ImageObject","inLanguage":"es-CO","@id":"https:\/\/comite-civico.org\/#\/schema\/person\/image\/","url":"https:\/\/secure.gravatar.com\/avatar\/516fb540621996b28f565fdf033072d55dd3fe76896ef4af5250b5fec1b457fe?s=96&d=mm&r=g","contentUrl":"https:\/\/secure.gravatar.com\/avatar\/516fb540621996b28f565fdf033072d55dd3fe76896ef4af5250b5fec1b457fe?s=96&d=mm&r=g","caption":"comiteadmin"},"sameAs":["https:\/\/comite-civico.org\/"],"url":"https:\/\/comite-civico.org\/?author=1"}]}},"_links":{"self":[{"href":"https:\/\/comite-civico.org\/index.php?rest_route=\/wp\/v2\/posts\/3303","targetHints":{"allow":["GET"]}}],"collection":[{"href":"https:\/\/comite-civico.org\/index.php?rest_route=\/wp\/v2\/posts"}],"about":[{"href":"https:\/\/comite-civico.org\/index.php?rest_route=\/wp\/v2\/types\/post"}],"author":[{"embeddable":true,"href":"https:\/\/comite-civico.org\/index.php?rest_route=\/wp\/v2\/users\/1"}],"replies":[{"embeddable":true,"href":"https:\/\/comite-civico.org\/index.php?rest_route=%2Fwp%2Fv2%2Fcomments&post=3303"}],"version-history":[{"count":10,"href":"https:\/\/comite-civico.org\/index.php?rest_route=\/wp\/v2\/posts\/3303\/revisions"}],"predecessor-version":[{"id":3315,"href":"https:\/\/comite-civico.org\/index.php?rest_route=\/wp\/v2\/posts\/3303\/revisions\/3315"}],"wp:featuredmedia":[{"embeddable":true,"href":"https:\/\/comite-civico.org\/index.php?rest_route=\/wp\/v2\/media\/3304"}],"wp:attachment":[{"href":"https:\/\/comite-civico.org\/index.php?rest_route=%2Fwp%2Fv2%2Fmedia&parent=3303"}],"wp:term":[{"taxonomy":"category","embeddable":true,"href":"https:\/\/comite-civico.org\/index.php?rest_route=%2Fwp%2Fv2%2Fcategories&post=3303"},{"taxonomy":"post_tag","embeddable":true,"href":"https:\/\/comite-civico.org\/index.php?rest_route=%2Fwp%2Fv2%2Ftags&post=3303"}],"curies":[{"name":"wp","href":"https:\/\/api.w.org\/{rel}","templated":true}]}}