{"id":3254,"date":"2025-12-04T11:26:28","date_gmt":"2025-12-04T16:26:28","guid":{"rendered":"https:\/\/comite-civico.org\/?p=3254"},"modified":"2025-12-04T11:49:38","modified_gmt":"2025-12-04T16:49:38","slug":"garantias-para-el-paro-civico-de-buenaventura","status":"publish","type":"post","link":"https:\/\/comite-civico.org\/?p=3254","title":{"rendered":"Garant\u00edas para el Paro C\u00edvico de Buenaventura"},"content":{"rendered":"\t\t<div data-elementor-type=\"wp-post\" data-elementor-id=\"3254\" class=\"elementor elementor-3254\" data-elementor-post-type=\"post\">\n\t\t\t\t\t\t<section data-particle_enable=\"false\" data-particle-mobile-disabled=\"false\" class=\"elementor-section elementor-top-section elementor-element elementor-element-3a27b86 elementor-section-boxed elementor-section-height-default elementor-section-height-default\" data-id=\"3a27b86\" data-element_type=\"section\" data-settings=\"{&quot;jet_parallax_layout_list&quot;:[]}\">\n\t\t\t\t\t\t<div class=\"elementor-container elementor-column-gap-default\">\n\t\t\t\t\t<div class=\"elementor-column elementor-col-100 elementor-top-column elementor-element elementor-element-d9d3505\" data-id=\"d9d3505\" data-element_type=\"column\">\n\t\t\t<div class=\"elementor-widget-wrap elementor-element-populated\">\n\t\t\t\t\t\t<div class=\"elementor-element elementor-element-3f68d37 elementor-widget elementor-widget-text-editor\" data-id=\"3f68d37\" data-element_type=\"widget\" data-widget_type=\"text-editor.default\">\n\t\t\t\t<div class=\"elementor-widget-container\">\n\t\t\t\t\t\t\t\t\t<p data-start=\"447\" data-end=\"940\">El Presidente de la Rep\u00fablica, Gustavo Petro Urrego, expidi\u00f3 la Directiva Presidencial No. 08 del 2 de diciembre de 2025, dirigida a los ministerios, departamentos administrativos y entidades del sector central y descentralizado de la Rama Ejecutiva del orden nacional.<br data-start=\"733\" data-end=\"736\" \/>El documento establece lineamientos para garantizar la libertad de expresi\u00f3n, la libertad de reuni\u00f3n y el derecho a la protesta social de los miembros y voceros del Comit\u00e9 del Paro C\u00edvico de Buenaventura.<\/p><p data-start=\"942\" data-end=\"1401\">La Directiva reconoce la legitimidad hist\u00f3rica del Movimiento del Paro C\u00edvico y hace referencia a decisiones de la Corte Constitucional que ordenan medidas diferenciales de protecci\u00f3n para l\u00edderes sociales, defensores de derechos humanos y comunidades \u00e9tnicas del Pac\u00edfico. Asimismo, destaca la necesidad de prevenir la estigmatizaci\u00f3n, promover un debate p\u00fablico incluyente y asegurar canales de comunicaci\u00f3n efectivos entre el Gobierno nacional y el Comit\u00e9.<\/p><p data-start=\"1403\" data-end=\"1465\">El documento orienta acciones institucionales en materia de:<\/p><ul data-start=\"1466\" data-end=\"1767\"><li data-start=\"1466\" data-end=\"1502\"><p data-start=\"1468\" data-end=\"1502\">Prevenci\u00f3n y no estigmatizaci\u00f3n.<\/p><\/li><li data-start=\"1503\" data-end=\"1549\"><p data-start=\"1505\" data-end=\"1549\">Garant\u00eda del acceso a informaci\u00f3n p\u00fablica.<\/p><\/li><li data-start=\"1550\" data-end=\"1597\"><p data-start=\"1552\" data-end=\"1597\">Respeto al ejercicio de la protesta social.<\/p><\/li><li data-start=\"1598\" data-end=\"1656\"><p data-start=\"1600\" data-end=\"1656\">Medidas de protecci\u00f3n para voceros y l\u00edderes sociales.<\/p><\/li><li data-start=\"1657\" data-end=\"1724\"><p data-start=\"1659\" data-end=\"1724\">Formaci\u00f3n de funcionarios en materia de derechos fundamentales.<\/p><\/li><li data-start=\"1725\" data-end=\"1767\"><p data-start=\"1727\" data-end=\"1767\">Mecanismos de seguimiento y divulgaci\u00f3n.<\/p><\/li><\/ul><p data-start=\"1769\" data-end=\"2027\">Con esta Directiva, la Presidencia reafirma su compromiso con la protecci\u00f3n de los derechos fundamentales, el fortalecimiento de la gobernanza comunitaria y la garant\u00eda del cumplimiento de los acuerdos suscritos con el Paro C\u00edvico de Buenaventura desde 2017.<\/p>\t\t\t\t\t\t\t\t<\/div>\n\t\t\t\t<\/div>\n\t\t\t\t\t<\/div>\n\t\t<\/div>\n\t\t\t\t\t<\/div>\n\t\t<\/section>\n\t\t\t\t<section data-particle_enable=\"false\" data-particle-mobile-disabled=\"false\" class=\"elementor-section elementor-top-section elementor-element elementor-element-d05d4f6 elementor-section-boxed elementor-section-height-default elementor-section-height-default\" data-id=\"d05d4f6\" data-element_type=\"section\" data-settings=\"{&quot;jet_parallax_layout_list&quot;:[]}\">\n\t\t\t\t\t\t<div class=\"elementor-container elementor-column-gap-default\">\n\t\t\t\t\t<div class=\"elementor-column elementor-col-100 elementor-top-column elementor-element elementor-element-36bd075\" data-id=\"36bd075\" data-element_type=\"column\">\n\t\t\t<div class=\"elementor-widget-wrap elementor-element-populated\">\n\t\t\t\t\t\t<div class=\"elementor-element elementor-element-3a8509d dce_masking-none elementor-widget elementor-widget-image\" data-id=\"3a8509d\" data-element_type=\"widget\" data-widget_type=\"image.default\">\n\t\t\t\t<div class=\"elementor-widget-container\">\n\t\t\t\t\t\t\t\t\t\t\t\t\t\t\t\t<a href=\"http:\/\/comite-civico.org\/wp-content\/uploads\/2025\/12\/DIRECTIVA-PRESIDENCIAL-No-08-DE-2025.pdf\">\n\t\t\t\t\t\t\t<img fetchpriority=\"high\" decoding=\"async\" width=\"1024\" height=\"213\" src=\"https:\/\/comite-civico.org\/wp-content\/uploads\/2025\/08\/intermedio-03-1024x213.jpg\" class=\"attachment-large size-large wp-image-2349\" alt=\"\" srcset=\"https:\/\/comite-civico.org\/wp-content\/uploads\/2025\/08\/intermedio-03-1024x213.jpg 1024w, https:\/\/comite-civico.org\/wp-content\/uploads\/2025\/08\/intermedio-03-300x63.jpg 300w, https:\/\/comite-civico.org\/wp-content\/uploads\/2025\/08\/intermedio-03-768x160.jpg 768w, https:\/\/comite-civico.org\/wp-content\/uploads\/2025\/08\/intermedio-03-1536x320.jpg 1536w, https:\/\/comite-civico.org\/wp-content\/uploads\/2025\/08\/intermedio-03.jpg 1920w\" sizes=\"(max-width: 1024px) 100vw, 1024px\" \/>\t\t\t\t\t\t\t\t<\/a>\n\t\t\t\t\t\t\t\t\t\t\t\t\t\t\t<\/div>\n\t\t\t\t<\/div>\n\t\t\t\t\t<\/div>\n\t\t<\/div>\n\t\t\t\t\t<\/div>\n\t\t<\/section>\n\t\t\t\t<\/div>\n\t\t","protected":false},"excerpt":{"rendered":"<p>El Presidente de la Rep\u00fablica, Gustavo Petro Urrego, expidi\u00f3 la Directiva Presidencial No. 08 del 2 de diciembre de 2025, dirigida a los ministerios, departamentos administrativos y entidades del sector central y descentralizado de la Rama Ejecutiva del orden nacional.El documento establece lineamientos para garantizar la libertad de expresi\u00f3n, la libertad de reuni\u00f3n y el &#8230; <a title=\"Garant\u00edas para el Paro C\u00edvico de Buenaventura\" class=\"read-more\" href=\"https:\/\/comite-civico.org\/?p=3254\" aria-label=\"Read more about Garant\u00edas para el Paro C\u00edvico de Buenaventura\">Leer m\u00e1s<\/a><\/p>\n","protected":false},"author":1,"featured_media":3252,"comment_status":"open","ping_status":"open","sticky":false,"template":"","format":"standard","meta":{"footnotes":""},"categories":[1],"tags":[],"class_list":["post-3254","post","type-post","status-publish","format-standard","has-post-thumbnail","hentry","category-sin-categoria"],"acf":[],"yoast_head":"<!-- This site is optimized with the Yoast SEO plugin v25.0 - https:\/\/yoast.com\/wordpress\/plugins\/seo\/ -->\n<title>Garant\u00edas para el Paro C\u00edvico de Buenaventura - Movimiento Social Paro C\u00edvico de Buenaventura<\/title>\n<meta name=\"robots\" content=\"index, follow, max-snippet:-1, max-image-preview:large, max-video-preview:-1\" \/>\n<link rel=\"canonical\" href=\"https:\/\/comite-civico.org\/?p=3254\" \/>\n<meta property=\"og:locale\" content=\"es_ES\" \/>\n<meta property=\"og:type\" content=\"article\" \/>\n<meta property=\"og:title\" content=\"Garant\u00edas para el Paro C\u00edvico de Buenaventura - Movimiento Social Paro C\u00edvico de Buenaventura\" \/>\n<meta property=\"og:description\" content=\"El Presidente de la Rep\u00fablica, Gustavo Petro Urrego, expidi\u00f3 la Directiva Presidencial No. 08 del 2 de diciembre de 2025, dirigida a los ministerios, departamentos administrativos y entidades del sector central y descentralizado de la Rama Ejecutiva del orden nacional.El documento establece lineamientos para garantizar la libertad de expresi\u00f3n, la libertad de reuni\u00f3n y el ... Leer m\u00e1s\" \/>\n<meta property=\"og:url\" content=\"https:\/\/comite-civico.org\/?p=3254\" \/>\n<meta property=\"og:site_name\" content=\"Movimiento Social Paro C\u00edvico de Buenaventura\" \/>\n<meta property=\"article:published_time\" content=\"2025-12-04T16:26:28+00:00\" \/>\n<meta property=\"article:modified_time\" content=\"2025-12-04T16:49:38+00:00\" \/>\n<meta property=\"og:image\" content=\"http:\/\/comite-civico.org\/wp-content\/uploads\/2025\/12\/portada-comunicado-presidencia-scaled.jpg\" \/>\n\t<meta property=\"og:image:width\" content=\"2560\" \/>\n\t<meta property=\"og:image:height\" content=\"1440\" \/>\n\t<meta property=\"og:image:type\" content=\"image\/jpeg\" \/>\n<meta name=\"author\" content=\"comiteadmin\" \/>\n<meta name=\"twitter:card\" content=\"summary_large_image\" \/>\n<meta name=\"twitter:label1\" content=\"Escrito por\" \/>\n\t<meta name=\"twitter:data1\" content=\"comiteadmin\" \/>\n\t<meta name=\"twitter:label2\" content=\"Tiempo de lectura\" \/>\n\t<meta name=\"twitter:data2\" content=\"2 minutos\" \/>\n<script type=\"application\/ld+json\" class=\"yoast-schema-graph\">{\"@context\":\"https:\/\/schema.org\",\"@graph\":[{\"@type\":\"Article\",\"@id\":\"https:\/\/comite-civico.org\/?p=3254#article\",\"isPartOf\":{\"@id\":\"https:\/\/comite-civico.org\/?p=3254\"},\"author\":{\"name\":\"comiteadmin\",\"@id\":\"https:\/\/comite-civico.org\/#\/schema\/person\/eebdf569aa3565fa603cc9c5b53cea34\"},\"headline\":\"Garant\u00edas para el Paro C\u00edvico de Buenaventura\",\"datePublished\":\"2025-12-04T16:26:28+00:00\",\"dateModified\":\"2025-12-04T16:49:38+00:00\",\"mainEntityOfPage\":{\"@id\":\"https:\/\/comite-civico.org\/?p=3254\"},\"wordCount\":250,\"commentCount\":0,\"publisher\":{\"@id\":\"https:\/\/comite-civico.org\/#organization\"},\"image\":{\"@id\":\"https:\/\/comite-civico.org\/?p=3254#primaryimage\"},\"thumbnailUrl\":\"https:\/\/comite-civico.org\/wp-content\/uploads\/2025\/12\/portada-comunicado-presidencia-scaled.jpg\",\"inLanguage\":\"es-CO\",\"potentialAction\":[{\"@type\":\"CommentAction\",\"name\":\"Comment\",\"target\":[\"https:\/\/comite-civico.org\/?p=3254#respond\"]}]},{\"@type\":\"WebPage\",\"@id\":\"https:\/\/comite-civico.org\/?p=3254\",\"url\":\"https:\/\/comite-civico.org\/?p=3254\",\"name\":\"Garant\u00edas para el Paro C\u00edvico de Buenaventura - Movimiento Social Paro C\u00edvico de Buenaventura\",\"isPartOf\":{\"@id\":\"https:\/\/comite-civico.org\/#website\"},\"primaryImageOfPage\":{\"@id\":\"https:\/\/comite-civico.org\/?p=3254#primaryimage\"},\"image\":{\"@id\":\"https:\/\/comite-civico.org\/?p=3254#primaryimage\"},\"thumbnailUrl\":\"https:\/\/comite-civico.org\/wp-content\/uploads\/2025\/12\/portada-comunicado-presidencia-scaled.jpg\",\"datePublished\":\"2025-12-04T16:26:28+00:00\",\"dateModified\":\"2025-12-04T16:49:38+00:00\",\"breadcrumb\":{\"@id\":\"https:\/\/comite-civico.org\/?p=3254#breadcrumb\"},\"inLanguage\":\"es-CO\",\"potentialAction\":[{\"@type\":\"ReadAction\",\"target\":[\"https:\/\/comite-civico.org\/?p=3254\"]}]},{\"@type\":\"ImageObject\",\"inLanguage\":\"es-CO\",\"@id\":\"https:\/\/comite-civico.org\/?p=3254#primaryimage\",\"url\":\"https:\/\/comite-civico.org\/wp-content\/uploads\/2025\/12\/portada-comunicado-presidencia-scaled.jpg\",\"contentUrl\":\"https:\/\/comite-civico.org\/wp-content\/uploads\/2025\/12\/portada-comunicado-presidencia-scaled.jpg\",\"width\":2560,\"height\":1440},{\"@type\":\"BreadcrumbList\",\"@id\":\"https:\/\/comite-civico.org\/?p=3254#breadcrumb\",\"itemListElement\":[{\"@type\":\"ListItem\",\"position\":1,\"name\":\"Inicio\",\"item\":\"https:\/\/comite-civico.org\/\"},{\"@type\":\"ListItem\",\"position\":2,\"name\":\"Garant\u00edas para el Paro C\u00edvico de Buenaventura\"}]},{\"@type\":\"WebSite\",\"@id\":\"https:\/\/comite-civico.org\/#website\",\"url\":\"https:\/\/comite-civico.org\/\",\"name\":\"Movimiento Social Paro C\u00edvico de Buenaventura\",\"description\":\"Movimiento Social Paro C\u00edvico de Buenaventura\",\"publisher\":{\"@id\":\"https:\/\/comite-civico.org\/#organization\"},\"potentialAction\":[{\"@type\":\"SearchAction\",\"target\":{\"@type\":\"EntryPoint\",\"urlTemplate\":\"https:\/\/comite-civico.org\/?s={search_term_string}\"},\"query-input\":{\"@type\":\"PropertyValueSpecification\",\"valueRequired\":true,\"valueName\":\"search_term_string\"}}],\"inLanguage\":\"es-CO\"},{\"@type\":\"Organization\",\"@id\":\"https:\/\/comite-civico.org\/#organization\",\"name\":\"Movimiento Social Paro C\u00edvico de Buenaventura\",\"url\":\"https:\/\/comite-civico.org\/\",\"logo\":{\"@type\":\"ImageObject\",\"inLanguage\":\"es-CO\",\"@id\":\"https:\/\/comite-civico.org\/#\/schema\/logo\/image\/\",\"url\":\"https:\/\/comite-civico.org\/wp-content\/uploads\/2021\/03\/Logo-de-Movimiento-Blanco-scaled.png\",\"contentUrl\":\"https:\/\/comite-civico.org\/wp-content\/uploads\/2021\/03\/Logo-de-Movimiento-Blanco-scaled.png\",\"width\":2560,\"height\":1810,\"caption\":\"Movimiento Social Paro C\u00edvico de Buenaventura\"},\"image\":{\"@id\":\"https:\/\/comite-civico.org\/#\/schema\/logo\/image\/\"}},{\"@type\":\"Person\",\"@id\":\"https:\/\/comite-civico.org\/#\/schema\/person\/eebdf569aa3565fa603cc9c5b53cea34\",\"name\":\"comiteadmin\",\"image\":{\"@type\":\"ImageObject\",\"inLanguage\":\"es-CO\",\"@id\":\"https:\/\/comite-civico.org\/#\/schema\/person\/image\/\",\"url\":\"https:\/\/secure.gravatar.com\/avatar\/516fb540621996b28f565fdf033072d55dd3fe76896ef4af5250b5fec1b457fe?s=96&d=mm&r=g\",\"contentUrl\":\"https:\/\/secure.gravatar.com\/avatar\/516fb540621996b28f565fdf033072d55dd3fe76896ef4af5250b5fec1b457fe?s=96&d=mm&r=g\",\"caption\":\"comiteadmin\"},\"sameAs\":[\"https:\/\/comite-civico.org\/\"],\"url\":\"https:\/\/comite-civico.org\/?author=1\"}]}<\/script>\n<!-- \/ Yoast SEO plugin. -->","yoast_head_json":{"title":"Garant\u00edas para el Paro C\u00edvico de Buenaventura - Movimiento Social Paro C\u00edvico de Buenaventura","robots":{"index":"index","follow":"follow","max-snippet":"max-snippet:-1","max-image-preview":"max-image-preview:large","max-video-preview":"max-video-preview:-1"},"canonical":"https:\/\/comite-civico.org\/?p=3254","og_locale":"es_ES","og_type":"article","og_title":"Garant\u00edas para el Paro C\u00edvico de Buenaventura - Movimiento Social Paro C\u00edvico de Buenaventura","og_description":"El Presidente de la Rep\u00fablica, Gustavo Petro Urrego, expidi\u00f3 la Directiva Presidencial No. 08 del 2 de diciembre de 2025, dirigida a los ministerios, departamentos administrativos y entidades del sector central y descentralizado de la Rama Ejecutiva del orden nacional.El documento establece lineamientos para garantizar la libertad de expresi\u00f3n, la libertad de reuni\u00f3n y el ... Leer m\u00e1s","og_url":"https:\/\/comite-civico.org\/?p=3254","og_site_name":"Movimiento Social Paro C\u00edvico de Buenaventura","article_published_time":"2025-12-04T16:26:28+00:00","article_modified_time":"2025-12-04T16:49:38+00:00","og_image":[{"width":2560,"height":1440,"url":"http:\/\/comite-civico.org\/wp-content\/uploads\/2025\/12\/portada-comunicado-presidencia-scaled.jpg","type":"image\/jpeg"}],"author":"comiteadmin","twitter_card":"summary_large_image","twitter_misc":{"Escrito por":"comiteadmin","Tiempo de lectura":"2 minutos"},"schema":{"@context":"https:\/\/schema.org","@graph":[{"@type":"Article","@id":"https:\/\/comite-civico.org\/?p=3254#article","isPartOf":{"@id":"https:\/\/comite-civico.org\/?p=3254"},"author":{"name":"comiteadmin","@id":"https:\/\/comite-civico.org\/#\/schema\/person\/eebdf569aa3565fa603cc9c5b53cea34"},"headline":"Garant\u00edas para el Paro C\u00edvico de Buenaventura","datePublished":"2025-12-04T16:26:28+00:00","dateModified":"2025-12-04T16:49:38+00:00","mainEntityOfPage":{"@id":"https:\/\/comite-civico.org\/?p=3254"},"wordCount":250,"commentCount":0,"publisher":{"@id":"https:\/\/comite-civico.org\/#organization"},"image":{"@id":"https:\/\/comite-civico.org\/?p=3254#primaryimage"},"thumbnailUrl":"https:\/\/comite-civico.org\/wp-content\/uploads\/2025\/12\/portada-comunicado-presidencia-scaled.jpg","inLanguage":"es-CO","potentialAction":[{"@type":"CommentAction","name":"Comment","target":["https:\/\/comite-civico.org\/?p=3254#respond"]}]},{"@type":"WebPage","@id":"https:\/\/comite-civico.org\/?p=3254","url":"https:\/\/comite-civico.org\/?p=3254","name":"Garant\u00edas para el Paro C\u00edvico de Buenaventura - Movimiento Social Paro C\u00edvico de Buenaventura","isPartOf":{"@id":"https:\/\/comite-civico.org\/#website"},"primaryImageOfPage":{"@id":"https:\/\/comite-civico.org\/?p=3254#primaryimage"},"image":{"@id":"https:\/\/comite-civico.org\/?p=3254#primaryimage"},"thumbnailUrl":"https:\/\/comite-civico.org\/wp-content\/uploads\/2025\/12\/portada-comunicado-presidencia-scaled.jpg","datePublished":"2025-12-04T16:26:28+00:00","dateModified":"2025-12-04T16:49:38+00:00","breadcrumb":{"@id":"https:\/\/comite-civico.org\/?p=3254#breadcrumb"},"inLanguage":"es-CO","potentialAction":[{"@type":"ReadAction","target":["https:\/\/comite-civico.org\/?p=3254"]}]},{"@type":"ImageObject","inLanguage":"es-CO","@id":"https:\/\/comite-civico.org\/?p=3254#primaryimage","url":"https:\/\/comite-civico.org\/wp-content\/uploads\/2025\/12\/portada-comunicado-presidencia-scaled.jpg","contentUrl":"https:\/\/comite-civico.org\/wp-content\/uploads\/2025\/12\/portada-comunicado-presidencia-scaled.jpg","width":2560,"height":1440},{"@type":"BreadcrumbList","@id":"https:\/\/comite-civico.org\/?p=3254#breadcrumb","itemListElement":[{"@type":"ListItem","position":1,"name":"Inicio","item":"https:\/\/comite-civico.org\/"},{"@type":"ListItem","position":2,"name":"Garant\u00edas para el Paro C\u00edvico de Buenaventura"}]},{"@type":"WebSite","@id":"https:\/\/comite-civico.org\/#website","url":"https:\/\/comite-civico.org\/","name":"Movimiento Social Paro C\u00edvico de Buenaventura","description":"Movimiento Social Paro C\u00edvico de Buenaventura","publisher":{"@id":"https:\/\/comite-civico.org\/#organization"},"potentialAction":[{"@type":"SearchAction","target":{"@type":"EntryPoint","urlTemplate":"https:\/\/comite-civico.org\/?s={search_term_string}"},"query-input":{"@type":"PropertyValueSpecification","valueRequired":true,"valueName":"search_term_string"}}],"inLanguage":"es-CO"},{"@type":"Organization","@id":"https:\/\/comite-civico.org\/#organization","name":"Movimiento Social Paro C\u00edvico de Buenaventura","url":"https:\/\/comite-civico.org\/","logo":{"@type":"ImageObject","inLanguage":"es-CO","@id":"https:\/\/comite-civico.org\/#\/schema\/logo\/image\/","url":"https:\/\/comite-civico.org\/wp-content\/uploads\/2021\/03\/Logo-de-Movimiento-Blanco-scaled.png","contentUrl":"https:\/\/comite-civico.org\/wp-content\/uploads\/2021\/03\/Logo-de-Movimiento-Blanco-scaled.png","width":2560,"height":1810,"caption":"Movimiento Social Paro C\u00edvico de Buenaventura"},"image":{"@id":"https:\/\/comite-civico.org\/#\/schema\/logo\/image\/"}},{"@type":"Person","@id":"https:\/\/comite-civico.org\/#\/schema\/person\/eebdf569aa3565fa603cc9c5b53cea34","name":"comiteadmin","image":{"@type":"ImageObject","inLanguage":"es-CO","@id":"https:\/\/comite-civico.org\/#\/schema\/person\/image\/","url":"https:\/\/secure.gravatar.com\/avatar\/516fb540621996b28f565fdf033072d55dd3fe76896ef4af5250b5fec1b457fe?s=96&d=mm&r=g","contentUrl":"https:\/\/secure.gravatar.com\/avatar\/516fb540621996b28f565fdf033072d55dd3fe76896ef4af5250b5fec1b457fe?s=96&d=mm&r=g","caption":"comiteadmin"},"sameAs":["https:\/\/comite-civico.org\/"],"url":"https:\/\/comite-civico.org\/?author=1"}]}},"_links":{"self":[{"href":"https:\/\/comite-civico.org\/index.php?rest_route=\/wp\/v2\/posts\/3254","targetHints":{"allow":["GET"]}}],"collection":[{"href":"https:\/\/comite-civico.org\/index.php?rest_route=\/wp\/v2\/posts"}],"about":[{"href":"https:\/\/comite-civico.org\/index.php?rest_route=\/wp\/v2\/types\/post"}],"author":[{"embeddable":true,"href":"https:\/\/comite-civico.org\/index.php?rest_route=\/wp\/v2\/users\/1"}],"replies":[{"embeddable":true,"href":"https:\/\/comite-civico.org\/index.php?rest_route=%2Fwp%2Fv2%2Fcomments&post=3254"}],"version-history":[{"count":7,"href":"https:\/\/comite-civico.org\/index.php?rest_route=\/wp\/v2\/posts\/3254\/revisions"}],"predecessor-version":[{"id":3262,"href":"https:\/\/comite-civico.org\/index.php?rest_route=\/wp\/v2\/posts\/3254\/revisions\/3262"}],"wp:featuredmedia":[{"embeddable":true,"href":"https:\/\/comite-civico.org\/index.php?rest_route=\/wp\/v2\/media\/3252"}],"wp:attachment":[{"href":"https:\/\/comite-civico.org\/index.php?rest_route=%2Fwp%2Fv2%2Fmedia&parent=3254"}],"wp:term":[{"taxonomy":"category","embeddable":true,"href":"https:\/\/comite-civico.org\/index.php?rest_route=%2Fwp%2Fv2%2Fcategories&post=3254"},{"taxonomy":"post_tag","embeddable":true,"href":"https:\/\/comite-civico.org\/index.php?rest_route=%2Fwp%2Fv2%2Ftags&post=3254"}],"curies":[{"name":"wp","href":"https:\/\/api.w.org\/{rel}","templated":true}]}}