{"id":3194,"date":"2025-12-04T06:39:33","date_gmt":"2025-12-04T11:39:33","guid":{"rendered":"https:\/\/comite-civico.org\/?p=3194"},"modified":"2025-12-04T07:13:37","modified_gmt":"2025-12-04T12:13:37","slug":"mesa-de-alto-nivel-transformar-buenaventura","status":"publish","type":"post","link":"https:\/\/comite-civico.org\/?p=3194","title":{"rendered":"Mesa de Alto Nivel: Transformar Buenaventura"},"content":{"rendered":"\t\t<div data-elementor-type=\"wp-post\" data-elementor-id=\"3194\" class=\"elementor elementor-3194\" data-elementor-post-type=\"post\">\n\t\t\t\t\t\t<section data-particle_enable=\"false\" data-particle-mobile-disabled=\"false\" class=\"elementor-section elementor-top-section elementor-element elementor-element-c5e185d elementor-section-boxed elementor-section-height-default elementor-section-height-default\" data-id=\"c5e185d\" data-element_type=\"section\" data-settings=\"{&quot;jet_parallax_layout_list&quot;:[]}\">\n\t\t\t\t\t\t<div class=\"elementor-container elementor-column-gap-default\">\n\t\t\t\t\t<div class=\"elementor-column elementor-col-100 elementor-top-column elementor-element elementor-element-b9e34e4\" data-id=\"b9e34e4\" data-element_type=\"column\">\n\t\t\t<div class=\"elementor-widget-wrap elementor-element-populated\">\n\t\t\t\t\t\t<div class=\"elementor-element elementor-element-67fdebb elementor-widget elementor-widget-text-editor\" data-id=\"67fdebb\" data-element_type=\"widget\" data-widget_type=\"text-editor.default\">\n\t\t\t\t<div class=\"elementor-widget-container\">\n\t\t\t\t\t\t\t\t\t<p data-start=\"288\" data-end=\"673\">El Movimiento Social Paro C\u00edvico informa a la comunidad que el pasado 20 de noviembre se desarroll\u00f3 en Bogot\u00e1 la <strong data-start=\"401\" data-end=\"483\">D\u00e9cima Primera Comisi\u00f3n de Seguimiento de los Acuerdos del Paro C\u00edvico de 2017<\/strong> con la presencia del Presidente de la Rep\u00fablica, Gustavo Petro.<br data-start=\"547\" data-end=\"550\" \/>En esta sesi\u00f3n se alcanzaron acuerdos fundamentales para acelerar la ejecuci\u00f3n de proyectos estrat\u00e9gicos para Buenaventura.<\/p><p data-start=\"675\" data-end=\"944\">El Presidente instruy\u00f3 a su gabinete a generar las condiciones administrativas, t\u00e9cnicas y presupuestales necesarias para destrabar los proyectos y avanzar sin nuevos retrasos, se\u00f1alando que <strong data-start=\"866\" data-end=\"943\">la transformaci\u00f3n del territorio depende de una ejecuci\u00f3n real y oportuna<\/strong>.<\/p><h3 data-start=\"946\" data-end=\"969\">Principales avances<\/h3><p data-start=\"971\" data-end=\"1323\"><strong data-start=\"971\" data-end=\"1011\">1. Agua potable y saneamiento b\u00e1sico<\/strong><br data-start=\"1011\" data-end=\"1014\" \/>Se confirm\u00f3 la estructuraci\u00f3n de un CONPES de Inversi\u00f3n Estrat\u00e9gica por 2.5 billones de pesos, orientado a culminar las obras esenciales que permitir\u00e1n avanzar hacia el suministro continuo de agua. Tambi\u00e9n se garantiz\u00f3 la destinaci\u00f3n de recursos para la gesti\u00f3n predial requerida para la l\u00ednea de 27 pulgadas.<\/p><p data-start=\"1325\" data-end=\"1523\"><strong data-start=\"1325\" data-end=\"1354\">2. Estadio Marino Kl\u00ednger<\/strong><br data-start=\"1354\" data-end=\"1357\" \/>Se aprob\u00f3 un mecanismo de ejecuci\u00f3n mediante un contrato integral que abarque estudios t\u00e9cnicos y desarrollo completo de la obra, con el fin de evitar nuevas demoras.<\/p><p data-start=\"1525\" data-end=\"1752\"><strong data-start=\"1525\" data-end=\"1541\">3. Educaci\u00f3n<\/strong><br data-start=\"1541\" data-end=\"1544\" \/>Se asegur\u00f3 la financiaci\u00f3n para intervenir 15 sedes educativas, la mayor\u00eda ubicadas en zonas rurales. Adem\u00e1s, se registraron progresos en la implementaci\u00f3n del Plan Maestro de Turismo, Productividad y Empleo.<\/p><p data-start=\"1754\" data-end=\"2319\"><strong data-start=\"1754\" data-end=\"1766\">4. Salud<\/strong><br data-start=\"1766\" data-end=\"1769\" \/>Se confirm\u00f3 la construcci\u00f3n de 14 Centros de Atenci\u00f3n Primaria en Salud, as\u00ed como la asignaci\u00f3n de recursos por 66 mil millones de pesos para reforzar el Hospital Distrital Luis Ablanque de la Plata.<br data-start=\"1968\" data-end=\"1971\" \/>Adicionalmente, se ratificaron los recursos para la reconstrucci\u00f3n del Hospital San Agust\u00edn en Puerto Merizalde y la transformaci\u00f3n del centro de salud de Mat\u00edas Mulumba en hospital de primer nivel.<br data-start=\"2169\" data-end=\"2172\" \/>El Movimiento reiter\u00f3 su preocupaci\u00f3n por los retrasos atribuibles a Findeter en la ejecuci\u00f3n de proyectos, pese a contar con recursos disponibles.<\/p><p data-start=\"2321\" data-end=\"2713\"><strong data-start=\"2321\" data-end=\"2355\">5. Infraestructura estrat\u00e9gica<\/strong><br data-start=\"2355\" data-end=\"2358\" \/>Se ratific\u00f3 la disponibilidad de predios de la SAE para la ejecuci\u00f3n de proyectos como el Palacio de Justicia, Tecnoparque, el Puesto de Salud de la Comuna 7 y el Embarcadero de Cabotaje.<br data-start=\"2545\" data-end=\"2548\" \/>Tambi\u00e9n se confirmaron el lote y los recursos requeridos para la construcci\u00f3n de la Ciudadela Hospitalaria y la ampliaci\u00f3n del campus de la Universidad del Pac\u00edfico.<\/p><p data-start=\"2715\" data-end=\"3037\"><strong data-start=\"2715\" data-end=\"2752\">6. Gobernanza e institucionalidad<\/strong><br data-start=\"2752\" data-end=\"2755\" \/>El Ministerio de Hacienda garantiz\u00f3 apertura para tramitar nuevas apropiaciones cuando sean necesarias.<br data-start=\"2858\" data-end=\"2861\" \/>As\u00ed mismo, se confirm\u00f3 la continuidad del FonBuenaventura por un periodo adicional de diez a\u00f1os, lo que proporciona estabilidad para el cumplimiento progresivo de los acuerdos.<\/p><h3 data-start=\"3039\" data-end=\"3069\">Declaraci\u00f3n del Movimiento<\/h3><p data-start=\"3071\" data-end=\"3340\">\u201cEl logro m\u00e1s importante fue que el presidente comprendi\u00f3 plenamente la urgencia de cumplirle a Buenaventura y dio la orden de ejecutar sin m\u00e1s retrasos. Este es un paso hist\u00f3rico para nuestra lucha.\u201d<br data-start=\"3271\" data-end=\"3274\" \/>\u2014 Padre John Reina, vocero del Comit\u00e9 Paro C\u00edvico de Buenaventura.<\/p><p data-start=\"3342\" data-end=\"3675\">El Movimiento Social Paro C\u00edvico ratifica su compromiso con la veedur\u00eda activa, el seguimiento permanente y la movilizaci\u00f3n pac\u00edfica para asegurar que estos acuerdos se traduzcan en obras y bienestar para el territorio.<br data-start=\"3561\" data-end=\"3564\" \/>Reafirmamos que nuestro trabajo es por la buena inversi\u00f3n de los recursos comprometidos; no somos contratistas.<\/p><h3 data-start=\"3677\" data-end=\"3715\">Descargue el comunicado completo<\/h3><p data-start=\"3716\" data-end=\"3909\">En el siguiente enlace puede consultar el comunicado de prensa oficial:<br data-start=\"3787\" data-end=\"3790\" \/><strong data-start=\"3790\" data-end=\"3909\"><a class=\"decorated-link\" href=\"http:\/\/comite-civico.org\/wp-content\/uploads\/2025\/12\/comunicado_de_prensa_-_mesa_con_el_presidente_Gustavo_Petro.pdf\" target=\"_new\" rel=\"noopener\" data-start=\"3792\" data-end=\"3907\">http:\/\/comite-civico.org\/wp-content\/uploads\/2025\/12\/comunicado_de_prensa_-_mesa_con_el_presidente_Gustavo_Petro.pdf<\/a><\/strong><\/p>\t\t\t\t\t\t\t\t<\/div>\n\t\t\t\t<\/div>\n\t\t\t\t\t<\/div>\n\t\t<\/div>\n\t\t\t\t\t<\/div>\n\t\t<\/section>\n\t\t\t\t<section data-particle_enable=\"false\" data-particle-mobile-disabled=\"false\" class=\"elementor-section elementor-top-section elementor-element elementor-element-e0139a6 elementor-section-boxed elementor-section-height-default elementor-section-height-default\" data-id=\"e0139a6\" data-element_type=\"section\" data-settings=\"{&quot;jet_parallax_layout_list&quot;:[]}\">\n\t\t\t\t\t\t<div class=\"elementor-container elementor-column-gap-default\">\n\t\t\t\t\t<div class=\"elementor-column elementor-col-100 elementor-top-column elementor-element elementor-element-df64a96\" data-id=\"df64a96\" data-element_type=\"column\">\n\t\t\t<div class=\"elementor-widget-wrap elementor-element-populated\">\n\t\t\t\t\t\t<div class=\"elementor-element elementor-element-2fa9eef dce_masking-none elementor-widget elementor-widget-image\" data-id=\"2fa9eef\" data-element_type=\"widget\" data-widget_type=\"image.default\">\n\t\t\t\t<div class=\"elementor-widget-container\">\n\t\t\t\t\t\t\t\t\t\t\t\t\t\t\t\t<a href=\"\">\n\t\t\t\t\t\t\t<img fetchpriority=\"high\" decoding=\"async\" width=\"1024\" height=\"213\" src=\"https:\/\/comite-civico.org\/wp-content\/uploads\/2025\/08\/descarga-pdf-paro-civico-1024x213.jpg\" class=\"attachment-large size-large wp-image-2395\" alt=\"\" srcset=\"https:\/\/comite-civico.org\/wp-content\/uploads\/2025\/08\/descarga-pdf-paro-civico-1024x213.jpg 1024w, https:\/\/comite-civico.org\/wp-content\/uploads\/2025\/08\/descarga-pdf-paro-civico-300x63.jpg 300w, https:\/\/comite-civico.org\/wp-content\/uploads\/2025\/08\/descarga-pdf-paro-civico-768x160.jpg 768w, https:\/\/comite-civico.org\/wp-content\/uploads\/2025\/08\/descarga-pdf-paro-civico-1536x320.jpg 1536w, https:\/\/comite-civico.org\/wp-content\/uploads\/2025\/08\/descarga-pdf-paro-civico.jpg 1920w\" sizes=\"(max-width: 1024px) 100vw, 1024px\" \/>\t\t\t\t\t\t\t\t<\/a>\n\t\t\t\t\t\t\t\t\t\t\t\t\t\t\t<\/div>\n\t\t\t\t<\/div>\n\t\t\t\t\t<\/div>\n\t\t<\/div>\n\t\t\t\t\t<\/div>\n\t\t<\/section>\n\t\t\t\t<section data-particle_enable=\"false\" data-particle-mobile-disabled=\"false\" class=\"elementor-section elementor-top-section elementor-element elementor-element-743d642 elementor-section-boxed elementor-section-height-default elementor-section-height-default\" data-id=\"743d642\" data-element_type=\"section\" data-settings=\"{&quot;jet_parallax_layout_list&quot;:[]}\">\n\t\t\t\t\t\t<div class=\"elementor-container elementor-column-gap-default\">\n\t\t\t\t\t<div class=\"elementor-column elementor-col-50 elementor-top-column elementor-element elementor-element-fee6a64\" data-id=\"fee6a64\" data-element_type=\"column\">\n\t\t\t<div class=\"elementor-widget-wrap elementor-element-populated\">\n\t\t\t\t\t\t<div class=\"elementor-element elementor-element-b9acb3f dce_masking-none elementor-widget elementor-widget-image\" data-id=\"b9acb3f\" data-element_type=\"widget\" data-widget_type=\"image.default\">\n\t\t\t\t<div class=\"elementor-widget-container\">\n\t\t\t\t\t\t\t\t\t\t\t\t\t\t\t<img decoding=\"async\" width=\"1024\" height=\"576\" src=\"https:\/\/comite-civico.org\/wp-content\/uploads\/2025\/12\/MG_0640-1024x576.jpg\" class=\"attachment-large size-large wp-image-3212\" alt=\"\" srcset=\"https:\/\/comite-civico.org\/wp-content\/uploads\/2025\/12\/MG_0640-1024x576.jpg 1024w, https:\/\/comite-civico.org\/wp-content\/uploads\/2025\/12\/MG_0640-300x169.jpg 300w, https:\/\/comite-civico.org\/wp-content\/uploads\/2025\/12\/MG_0640-768x432.jpg 768w, https:\/\/comite-civico.org\/wp-content\/uploads\/2025\/12\/MG_0640-1536x864.jpg 1536w, https:\/\/comite-civico.org\/wp-content\/uploads\/2025\/12\/MG_0640-2048x1152.jpg 2048w\" sizes=\"(max-width: 1024px) 100vw, 1024px\" \/>\t\t\t\t\t\t\t\t\t\t\t\t\t\t\t<\/div>\n\t\t\t\t<\/div>\n\t\t\t\t\t<\/div>\n\t\t<\/div>\n\t\t\t\t<div class=\"elementor-column elementor-col-50 elementor-top-column elementor-element elementor-element-9dbf724\" data-id=\"9dbf724\" data-element_type=\"column\">\n\t\t\t<div class=\"elementor-widget-wrap elementor-element-populated\">\n\t\t\t\t\t\t<div class=\"elementor-element elementor-element-3585368 dce_masking-none elementor-widget elementor-widget-image\" data-id=\"3585368\" data-element_type=\"widget\" data-widget_type=\"image.default\">\n\t\t\t\t<div class=\"elementor-widget-container\">\n\t\t\t\t\t\t\t\t\t\t\t\t\t\t\t<img decoding=\"async\" width=\"1024\" height=\"576\" src=\"https:\/\/comite-civico.org\/wp-content\/uploads\/2025\/12\/MG_0575-1024x576.jpg\" class=\"attachment-large size-large wp-image-3204\" alt=\"\" srcset=\"https:\/\/comite-civico.org\/wp-content\/uploads\/2025\/12\/MG_0575-1024x576.jpg 1024w, https:\/\/comite-civico.org\/wp-content\/uploads\/2025\/12\/MG_0575-300x169.jpg 300w, https:\/\/comite-civico.org\/wp-content\/uploads\/2025\/12\/MG_0575-768x432.jpg 768w, https:\/\/comite-civico.org\/wp-content\/uploads\/2025\/12\/MG_0575-1536x864.jpg 1536w, https:\/\/comite-civico.org\/wp-content\/uploads\/2025\/12\/MG_0575-2048x1152.jpg 2048w\" sizes=\"(max-width: 1024px) 100vw, 1024px\" \/>\t\t\t\t\t\t\t\t\t\t\t\t\t\t\t<\/div>\n\t\t\t\t<\/div>\n\t\t\t\t\t<\/div>\n\t\t<\/div>\n\t\t\t\t\t<\/div>\n\t\t<\/section>\n\t\t\t\t<section data-particle_enable=\"false\" data-particle-mobile-disabled=\"false\" class=\"elementor-section elementor-top-section elementor-element elementor-element-82809d5 elementor-section-boxed elementor-section-height-default elementor-section-height-default\" data-id=\"82809d5\" data-element_type=\"section\" data-settings=\"{&quot;jet_parallax_layout_list&quot;:[]}\">\n\t\t\t\t\t\t<div class=\"elementor-container elementor-column-gap-default\">\n\t\t\t\t\t<div class=\"elementor-column elementor-col-100 elementor-top-column elementor-element elementor-element-b1894e5\" data-id=\"b1894e5\" data-element_type=\"column\">\n\t\t\t<div class=\"elementor-widget-wrap elementor-element-populated\">\n\t\t\t\t\t\t<div class=\"elementor-element elementor-element-4031357 dce_masking-none elementor-widget elementor-widget-image\" data-id=\"4031357\" data-element_type=\"widget\" data-widget_type=\"image.default\">\n\t\t\t\t<div class=\"elementor-widget-container\">\n\t\t\t\t\t\t\t\t\t\t\t\t\t\t\t<img loading=\"lazy\" decoding=\"async\" width=\"1024\" height=\"576\" src=\"https:\/\/comite-civico.org\/wp-content\/uploads\/2025\/12\/MG_0699-1024x576.jpg\" class=\"attachment-large size-large wp-image-3221\" alt=\"\" srcset=\"https:\/\/comite-civico.org\/wp-content\/uploads\/2025\/12\/MG_0699-1024x576.jpg 1024w, https:\/\/comite-civico.org\/wp-content\/uploads\/2025\/12\/MG_0699-300x169.jpg 300w, https:\/\/comite-civico.org\/wp-content\/uploads\/2025\/12\/MG_0699-768x432.jpg 768w, https:\/\/comite-civico.org\/wp-content\/uploads\/2025\/12\/MG_0699-1536x864.jpg 1536w, https:\/\/comite-civico.org\/wp-content\/uploads\/2025\/12\/MG_0699-2048x1152.jpg 2048w\" sizes=\"(max-width: 1024px) 100vw, 1024px\" \/>\t\t\t\t\t\t\t\t\t\t\t\t\t\t\t<\/div>\n\t\t\t\t<\/div>\n\t\t\t\t\t<\/div>\n\t\t<\/div>\n\t\t\t\t\t<\/div>\n\t\t<\/section>\n\t\t\t\t<section data-particle_enable=\"false\" data-particle-mobile-disabled=\"false\" class=\"elementor-section elementor-top-section elementor-element elementor-element-7f2cd1f elementor-section-boxed elementor-section-height-default elementor-section-height-default\" data-id=\"7f2cd1f\" data-element_type=\"section\" data-settings=\"{&quot;jet_parallax_layout_list&quot;:[]}\">\n\t\t\t\t\t\t<div class=\"elementor-container elementor-column-gap-default\">\n\t\t\t\t\t<div class=\"elementor-column elementor-col-100 elementor-top-column elementor-element elementor-element-9d13b31\" data-id=\"9d13b31\" data-element_type=\"column\">\n\t\t\t<div class=\"elementor-widget-wrap elementor-element-populated\">\n\t\t\t\t\t\t<div class=\"elementor-element elementor-element-65de4b3 dce_masking-none elementor-widget elementor-widget-image\" data-id=\"65de4b3\" data-element_type=\"widget\" data-widget_type=\"image.default\">\n\t\t\t\t<div class=\"elementor-widget-container\">\n\t\t\t\t\t\t\t\t\t\t\t\t\t\t\t<img loading=\"lazy\" decoding=\"async\" width=\"1024\" height=\"577\" src=\"https:\/\/comite-civico.org\/wp-content\/uploads\/2025\/12\/MG_0577-1024x577.jpg\" class=\"attachment-large size-large wp-image-3205\" alt=\"\" srcset=\"https:\/\/comite-civico.org\/wp-content\/uploads\/2025\/12\/MG_0577-1024x577.jpg 1024w, https:\/\/comite-civico.org\/wp-content\/uploads\/2025\/12\/MG_0577-300x169.jpg 300w, https:\/\/comite-civico.org\/wp-content\/uploads\/2025\/12\/MG_0577-768x433.jpg 768w, https:\/\/comite-civico.org\/wp-content\/uploads\/2025\/12\/MG_0577-1536x866.jpg 1536w, https:\/\/comite-civico.org\/wp-content\/uploads\/2025\/12\/MG_0577-2048x1154.jpg 2048w\" sizes=\"(max-width: 1024px) 100vw, 1024px\" \/>\t\t\t\t\t\t\t\t\t\t\t\t\t\t\t<\/div>\n\t\t\t\t<\/div>\n\t\t\t\t\t<\/div>\n\t\t<\/div>\n\t\t\t\t\t<\/div>\n\t\t<\/section>\n\t\t\t\t<section data-particle_enable=\"false\" data-particle-mobile-disabled=\"false\" class=\"elementor-section elementor-top-section elementor-element elementor-element-179ad4e elementor-section-boxed elementor-section-height-default elementor-section-height-default\" data-id=\"179ad4e\" data-element_type=\"section\" data-settings=\"{&quot;jet_parallax_layout_list&quot;:[]}\">\n\t\t\t\t\t\t<div class=\"elementor-container elementor-column-gap-default\">\n\t\t\t\t\t<div class=\"elementor-column elementor-col-100 elementor-top-column elementor-element elementor-element-8f8475b\" data-id=\"8f8475b\" data-element_type=\"column\">\n\t\t\t<div class=\"elementor-widget-wrap elementor-element-populated\">\n\t\t\t\t\t\t<div class=\"elementor-element elementor-element-61f4ef3 dce_masking-none elementor-widget elementor-widget-image\" data-id=\"61f4ef3\" data-element_type=\"widget\" data-widget_type=\"image.default\">\n\t\t\t\t<div class=\"elementor-widget-container\">\n\t\t\t\t\t\t\t\t\t\t\t\t\t\t\t<img loading=\"lazy\" decoding=\"async\" width=\"1024\" height=\"576\" src=\"https:\/\/comite-civico.org\/wp-content\/uploads\/2025\/12\/MG_0600-1024x576.jpg\" class=\"attachment-large size-large wp-image-3207\" alt=\"\" srcset=\"https:\/\/comite-civico.org\/wp-content\/uploads\/2025\/12\/MG_0600-1024x576.jpg 1024w, https:\/\/comite-civico.org\/wp-content\/uploads\/2025\/12\/MG_0600-300x169.jpg 300w, https:\/\/comite-civico.org\/wp-content\/uploads\/2025\/12\/MG_0600-768x432.jpg 768w, https:\/\/comite-civico.org\/wp-content\/uploads\/2025\/12\/MG_0600-1536x864.jpg 1536w, https:\/\/comite-civico.org\/wp-content\/uploads\/2025\/12\/MG_0600-2048x1152.jpg 2048w\" sizes=\"(max-width: 1024px) 100vw, 1024px\" \/>\t\t\t\t\t\t\t\t\t\t\t\t\t\t\t<\/div>\n\t\t\t\t<\/div>\n\t\t\t\t\t<\/div>\n\t\t<\/div>\n\t\t\t\t\t<\/div>\n\t\t<\/section>\n\t\t\t\t<section data-particle_enable=\"false\" data-particle-mobile-disabled=\"false\" class=\"elementor-section elementor-top-section elementor-element elementor-element-8ef06b3 elementor-section-boxed elementor-section-height-default elementor-section-height-default\" data-id=\"8ef06b3\" data-element_type=\"section\" data-settings=\"{&quot;jet_parallax_layout_list&quot;:[]}\">\n\t\t\t\t\t\t<div class=\"elementor-container elementor-column-gap-default\">\n\t\t\t\t\t<div class=\"elementor-column elementor-col-100 elementor-top-column elementor-element elementor-element-66d6892\" data-id=\"66d6892\" data-element_type=\"column\">\n\t\t\t<div class=\"elementor-widget-wrap elementor-element-populated\">\n\t\t\t\t\t\t<div class=\"elementor-element elementor-element-e9cba4f dce_masking-none elementor-widget elementor-widget-image\" data-id=\"e9cba4f\" data-element_type=\"widget\" data-widget_type=\"image.default\">\n\t\t\t\t<div class=\"elementor-widget-container\">\n\t\t\t\t\t\t\t\t\t\t\t\t\t\t\t<img loading=\"lazy\" decoding=\"async\" width=\"1024\" height=\"636\" src=\"https:\/\/comite-civico.org\/wp-content\/uploads\/2025\/12\/MG_0674-2-1024x636.jpg\" class=\"attachment-large size-large wp-image-3217\" alt=\"\" srcset=\"https:\/\/comite-civico.org\/wp-content\/uploads\/2025\/12\/MG_0674-2-1024x636.jpg 1024w, https:\/\/comite-civico.org\/wp-content\/uploads\/2025\/12\/MG_0674-2-300x186.jpg 300w, https:\/\/comite-civico.org\/wp-content\/uploads\/2025\/12\/MG_0674-2-768x477.jpg 768w, https:\/\/comite-civico.org\/wp-content\/uploads\/2025\/12\/MG_0674-2-1536x955.jpg 1536w, https:\/\/comite-civico.org\/wp-content\/uploads\/2025\/12\/MG_0674-2-2048x1273.jpg 2048w\" sizes=\"(max-width: 1024px) 100vw, 1024px\" \/>\t\t\t\t\t\t\t\t\t\t\t\t\t\t\t<\/div>\n\t\t\t\t<\/div>\n\t\t\t\t\t<\/div>\n\t\t<\/div>\n\t\t\t\t\t<\/div>\n\t\t<\/section>\n\t\t\t\t<section data-particle_enable=\"false\" data-particle-mobile-disabled=\"false\" class=\"elementor-section elementor-top-section elementor-element elementor-element-c9962e2 elementor-section-boxed elementor-section-height-default elementor-section-height-default\" data-id=\"c9962e2\" data-element_type=\"section\" data-settings=\"{&quot;jet_parallax_layout_list&quot;:[]}\">\n\t\t\t\t\t\t<div class=\"elementor-container elementor-column-gap-default\">\n\t\t\t\t\t<div class=\"elementor-column elementor-col-100 elementor-top-column elementor-element elementor-element-e1f7934\" data-id=\"e1f7934\" data-element_type=\"column\">\n\t\t\t<div class=\"elementor-widget-wrap elementor-element-populated\">\n\t\t\t\t\t\t<div class=\"elementor-element elementor-element-7e37ccd dce_masking-none elementor-widget elementor-widget-image\" data-id=\"7e37ccd\" data-element_type=\"widget\" data-widget_type=\"image.default\">\n\t\t\t\t<div class=\"elementor-widget-container\">\n\t\t\t\t\t\t\t\t\t\t\t\t\t\t\t<img loading=\"lazy\" decoding=\"async\" width=\"1024\" height=\"576\" src=\"https:\/\/comite-civico.org\/wp-content\/uploads\/2025\/12\/MG_0627-1024x576.jpg\" class=\"attachment-large size-large wp-image-3211\" alt=\"\" srcset=\"https:\/\/comite-civico.org\/wp-content\/uploads\/2025\/12\/MG_0627-1024x576.jpg 1024w, https:\/\/comite-civico.org\/wp-content\/uploads\/2025\/12\/MG_0627-300x169.jpg 300w, https:\/\/comite-civico.org\/wp-content\/uploads\/2025\/12\/MG_0627-768x432.jpg 768w, https:\/\/comite-civico.org\/wp-content\/uploads\/2025\/12\/MG_0627-1536x864.jpg 1536w, https:\/\/comite-civico.org\/wp-content\/uploads\/2025\/12\/MG_0627-2048x1152.jpg 2048w\" sizes=\"(max-width: 1024px) 100vw, 1024px\" \/>\t\t\t\t\t\t\t\t\t\t\t\t\t\t\t<\/div>\n\t\t\t\t<\/div>\n\t\t\t\t\t<\/div>\n\t\t<\/div>\n\t\t\t\t\t<\/div>\n\t\t<\/section>\n\t\t\t\t<section data-particle_enable=\"false\" data-particle-mobile-disabled=\"false\" class=\"elementor-section elementor-top-section elementor-element elementor-element-488a92b elementor-section-boxed elementor-section-height-default elementor-section-height-default\" data-id=\"488a92b\" data-element_type=\"section\" data-settings=\"{&quot;jet_parallax_layout_list&quot;:[]}\">\n\t\t\t\t\t\t<div class=\"elementor-container elementor-column-gap-default\">\n\t\t\t\t\t<div class=\"elementor-column elementor-col-100 elementor-top-column elementor-element elementor-element-4d9eab8\" data-id=\"4d9eab8\" data-element_type=\"column\">\n\t\t\t<div class=\"elementor-widget-wrap elementor-element-populated\">\n\t\t\t\t\t\t<div class=\"elementor-element elementor-element-f4c0f8e dce_masking-none elementor-widget elementor-widget-image\" data-id=\"f4c0f8e\" data-element_type=\"widget\" data-widget_type=\"image.default\">\n\t\t\t\t<div class=\"elementor-widget-container\">\n\t\t\t\t\t\t\t\t\t\t\t\t\t\t\t<img loading=\"lazy\" decoding=\"async\" width=\"1024\" height=\"576\" src=\"https:\/\/comite-civico.org\/wp-content\/uploads\/2025\/12\/MG_0653-1024x576.jpg\" class=\"attachment-large size-large wp-image-3214\" alt=\"\" srcset=\"https:\/\/comite-civico.org\/wp-content\/uploads\/2025\/12\/MG_0653-1024x576.jpg 1024w, https:\/\/comite-civico.org\/wp-content\/uploads\/2025\/12\/MG_0653-300x169.jpg 300w, https:\/\/comite-civico.org\/wp-content\/uploads\/2025\/12\/MG_0653-768x432.jpg 768w, https:\/\/comite-civico.org\/wp-content\/uploads\/2025\/12\/MG_0653-1536x864.jpg 1536w, https:\/\/comite-civico.org\/wp-content\/uploads\/2025\/12\/MG_0653-2048x1152.jpg 2048w\" sizes=\"(max-width: 1024px) 100vw, 1024px\" \/>\t\t\t\t\t\t\t\t\t\t\t\t\t\t\t<\/div>\n\t\t\t\t<\/div>\n\t\t\t\t\t<\/div>\n\t\t<\/div>\n\t\t\t\t\t<\/div>\n\t\t<\/section>\n\t\t\t\t<section data-particle_enable=\"false\" data-particle-mobile-disabled=\"false\" class=\"elementor-section elementor-top-section elementor-element elementor-element-43afb40 elementor-section-boxed elementor-section-height-default elementor-section-height-default\" data-id=\"43afb40\" data-element_type=\"section\" data-settings=\"{&quot;jet_parallax_layout_list&quot;:[]}\">\n\t\t\t\t\t\t<div class=\"elementor-container elementor-column-gap-default\">\n\t\t\t\t\t<div class=\"elementor-column elementor-col-100 elementor-top-column elementor-element elementor-element-4aaf032\" data-id=\"4aaf032\" data-element_type=\"column\">\n\t\t\t<div class=\"elementor-widget-wrap elementor-element-populated\">\n\t\t\t\t\t\t<div class=\"elementor-element elementor-element-b8ef6d5 dce_masking-none elementor-widget elementor-widget-image\" data-id=\"b8ef6d5\" data-element_type=\"widget\" data-widget_type=\"image.default\">\n\t\t\t\t<div class=\"elementor-widget-container\">\n\t\t\t\t\t\t\t\t\t\t\t\t\t\t\t<img loading=\"lazy\" decoding=\"async\" width=\"1024\" height=\"576\" src=\"https:\/\/comite-civico.org\/wp-content\/uploads\/2025\/12\/MG_0778-1024x576.jpg\" class=\"attachment-large size-large wp-image-3235\" alt=\"\" srcset=\"https:\/\/comite-civico.org\/wp-content\/uploads\/2025\/12\/MG_0778-1024x576.jpg 1024w, https:\/\/comite-civico.org\/wp-content\/uploads\/2025\/12\/MG_0778-300x169.jpg 300w, https:\/\/comite-civico.org\/wp-content\/uploads\/2025\/12\/MG_0778-768x432.jpg 768w, https:\/\/comite-civico.org\/wp-content\/uploads\/2025\/12\/MG_0778-1536x864.jpg 1536w, https:\/\/comite-civico.org\/wp-content\/uploads\/2025\/12\/MG_0778-2048x1152.jpg 2048w\" sizes=\"(max-width: 1024px) 100vw, 1024px\" \/>\t\t\t\t\t\t\t\t\t\t\t\t\t\t\t<\/div>\n\t\t\t\t<\/div>\n\t\t\t\t\t<\/div>\n\t\t<\/div>\n\t\t\t\t\t<\/div>\n\t\t<\/section>\n\t\t\t\t<section data-particle_enable=\"false\" data-particle-mobile-disabled=\"false\" class=\"elementor-section elementor-top-section elementor-element elementor-element-e3e3246 elementor-section-boxed elementor-section-height-default elementor-section-height-default\" data-id=\"e3e3246\" data-element_type=\"section\" data-settings=\"{&quot;jet_parallax_layout_list&quot;:[]}\">\n\t\t\t\t\t\t<div class=\"elementor-container elementor-column-gap-default\">\n\t\t\t\t\t<div class=\"elementor-column elementor-col-100 elementor-top-column elementor-element elementor-element-0615d85\" data-id=\"0615d85\" data-element_type=\"column\">\n\t\t\t<div class=\"elementor-widget-wrap elementor-element-populated\">\n\t\t\t\t\t\t<div class=\"elementor-element elementor-element-21994ce dce_masking-none elementor-widget elementor-widget-image\" data-id=\"21994ce\" data-element_type=\"widget\" data-widget_type=\"image.default\">\n\t\t\t\t<div class=\"elementor-widget-container\">\n\t\t\t\t\t\t\t\t\t\t\t\t\t\t\t<img loading=\"lazy\" decoding=\"async\" width=\"1024\" height=\"576\" src=\"https:\/\/comite-civico.org\/wp-content\/uploads\/2025\/12\/MG_0963-1024x576.jpg\" class=\"attachment-large size-large wp-image-3238\" alt=\"\" srcset=\"https:\/\/comite-civico.org\/wp-content\/uploads\/2025\/12\/MG_0963-1024x576.jpg 1024w, https:\/\/comite-civico.org\/wp-content\/uploads\/2025\/12\/MG_0963-300x169.jpg 300w, https:\/\/comite-civico.org\/wp-content\/uploads\/2025\/12\/MG_0963-768x432.jpg 768w, https:\/\/comite-civico.org\/wp-content\/uploads\/2025\/12\/MG_0963-1536x864.jpg 1536w, https:\/\/comite-civico.org\/wp-content\/uploads\/2025\/12\/MG_0963-2048x1152.jpg 2048w\" sizes=\"(max-width: 1024px) 100vw, 1024px\" \/>\t\t\t\t\t\t\t\t\t\t\t\t\t\t\t<\/div>\n\t\t\t\t<\/div>\n\t\t\t\t\t<\/div>\n\t\t<\/div>\n\t\t\t\t\t<\/div>\n\t\t<\/section>\n\t\t\t\t<section data-particle_enable=\"false\" data-particle-mobile-disabled=\"false\" class=\"elementor-section elementor-top-section elementor-element elementor-element-89d91c4 elementor-section-boxed elementor-section-height-default elementor-section-height-default\" data-id=\"89d91c4\" data-element_type=\"section\" data-settings=\"{&quot;jet_parallax_layout_list&quot;:[]}\">\n\t\t\t\t\t\t<div class=\"elementor-container elementor-column-gap-default\">\n\t\t\t\t\t<div class=\"elementor-column elementor-col-100 elementor-top-column elementor-element elementor-element-afa143c\" data-id=\"afa143c\" data-element_type=\"column\">\n\t\t\t<div class=\"elementor-widget-wrap elementor-element-populated\">\n\t\t\t\t\t\t<div class=\"elementor-element elementor-element-d1cb794 dce_masking-none elementor-widget elementor-widget-image\" data-id=\"d1cb794\" data-element_type=\"widget\" data-widget_type=\"image.default\">\n\t\t\t\t<div class=\"elementor-widget-container\">\n\t\t\t\t\t\t\t\t\t\t\t\t\t\t\t<img loading=\"lazy\" decoding=\"async\" width=\"1024\" height=\"576\" src=\"https:\/\/comite-civico.org\/wp-content\/uploads\/2025\/12\/MG_0967-1024x576.jpg\" class=\"attachment-large size-large wp-image-3239\" alt=\"\" srcset=\"https:\/\/comite-civico.org\/wp-content\/uploads\/2025\/12\/MG_0967-1024x576.jpg 1024w, https:\/\/comite-civico.org\/wp-content\/uploads\/2025\/12\/MG_0967-300x169.jpg 300w, https:\/\/comite-civico.org\/wp-content\/uploads\/2025\/12\/MG_0967-768x432.jpg 768w, https:\/\/comite-civico.org\/wp-content\/uploads\/2025\/12\/MG_0967-1536x864.jpg 1536w, https:\/\/comite-civico.org\/wp-content\/uploads\/2025\/12\/MG_0967-2048x1152.jpg 2048w\" sizes=\"(max-width: 1024px) 100vw, 1024px\" \/>\t\t\t\t\t\t\t\t\t\t\t\t\t\t\t<\/div>\n\t\t\t\t<\/div>\n\t\t\t\t\t<\/div>\n\t\t<\/div>\n\t\t\t\t\t<\/div>\n\t\t<\/section>\n\t\t\t\t<section data-particle_enable=\"false\" data-particle-mobile-disabled=\"false\" class=\"elementor-section elementor-top-section elementor-element elementor-element-dc63ea6 elementor-section-boxed elementor-section-height-default elementor-section-height-default\" data-id=\"dc63ea6\" data-element_type=\"section\" data-settings=\"{&quot;jet_parallax_layout_list&quot;:[]}\">\n\t\t\t\t\t\t<div class=\"elementor-container elementor-column-gap-default\">\n\t\t\t\t\t<div class=\"elementor-column elementor-col-100 elementor-top-column elementor-element elementor-element-30ce570\" data-id=\"30ce570\" data-element_type=\"column\">\n\t\t\t<div class=\"elementor-widget-wrap\">\n\t\t\t\t\t\t\t<\/div>\n\t\t<\/div>\n\t\t\t\t\t<\/div>\n\t\t<\/section>\n\t\t\t\t<\/div>\n\t\t","protected":false},"excerpt":{"rendered":"<p>El Movimiento Social Paro C\u00edvico informa a la comunidad que el pasado 20 de noviembre se desarroll\u00f3 en Bogot\u00e1 la D\u00e9cima Primera Comisi\u00f3n de Seguimiento de los Acuerdos del Paro C\u00edvico de 2017 con la presencia del Presidente de la Rep\u00fablica, Gustavo Petro.En esta sesi\u00f3n se alcanzaron acuerdos fundamentales para acelerar la ejecuci\u00f3n de proyectos &#8230; <a title=\"Mesa de Alto Nivel: Transformar Buenaventura\" class=\"read-more\" href=\"https:\/\/comite-civico.org\/?p=3194\" aria-label=\"Read more about Mesa de Alto Nivel: Transformar Buenaventura\">Leer m\u00e1s<\/a><\/p>\n","protected":false},"author":1,"featured_media":3195,"comment_status":"open","ping_status":"open","sticky":false,"template":"","format":"standard","meta":{"footnotes":""},"categories":[1],"tags":[],"class_list":["post-3194","post","type-post","status-publish","format-standard","has-post-thumbnail","hentry","category-sin-categoria"],"acf":[],"yoast_head":"<!-- This site is optimized with the Yoast SEO plugin v25.0 - https:\/\/yoast.com\/wordpress\/plugins\/seo\/ -->\n<title>Mesa de Alto Nivel: Transformar Buenaventura - Movimiento Social Paro C\u00edvico de Buenaventura<\/title>\n<meta name=\"robots\" content=\"index, follow, max-snippet:-1, max-image-preview:large, max-video-preview:-1\" \/>\n<link rel=\"canonical\" href=\"https:\/\/comite-civico.org\/?p=3194\" \/>\n<meta property=\"og:locale\" content=\"es_ES\" \/>\n<meta property=\"og:type\" content=\"article\" \/>\n<meta property=\"og:title\" content=\"Mesa de Alto Nivel: Transformar Buenaventura - Movimiento Social Paro C\u00edvico de Buenaventura\" \/>\n<meta property=\"og:description\" content=\"El Movimiento Social Paro C\u00edvico informa a la comunidad que el pasado 20 de noviembre se desarroll\u00f3 en Bogot\u00e1 la D\u00e9cima Primera Comisi\u00f3n de Seguimiento de los Acuerdos del Paro C\u00edvico de 2017 con la presencia del Presidente de la Rep\u00fablica, Gustavo Petro.En esta sesi\u00f3n se alcanzaron acuerdos fundamentales para acelerar la ejecuci\u00f3n de proyectos ... Leer m\u00e1s\" \/>\n<meta property=\"og:url\" content=\"https:\/\/comite-civico.org\/?p=3194\" \/>\n<meta property=\"og:site_name\" content=\"Movimiento Social Paro C\u00edvico de Buenaventura\" \/>\n<meta property=\"article:published_time\" content=\"2025-12-04T11:39:33+00:00\" \/>\n<meta property=\"article:modified_time\" content=\"2025-12-04T12:13:37+00:00\" \/>\n<meta property=\"og:image\" content=\"http:\/\/comite-civico.org\/wp-content\/uploads\/2025\/12\/gobierno-y-comunidad-04-scaled.jpg\" \/>\n\t<meta property=\"og:image:width\" content=\"2560\" \/>\n\t<meta property=\"og:image:height\" content=\"1440\" \/>\n\t<meta property=\"og:image:type\" content=\"image\/jpeg\" \/>\n<meta name=\"author\" content=\"comiteadmin\" \/>\n<meta name=\"twitter:card\" content=\"summary_large_image\" \/>\n<meta name=\"twitter:label1\" content=\"Escrito por\" \/>\n\t<meta name=\"twitter:data1\" content=\"comiteadmin\" \/>\n\t<meta name=\"twitter:label2\" content=\"Tiempo de lectura\" \/>\n\t<meta name=\"twitter:data2\" content=\"5 minutos\" \/>\n<script type=\"application\/ld+json\" class=\"yoast-schema-graph\">{\"@context\":\"https:\/\/schema.org\",\"@graph\":[{\"@type\":\"Article\",\"@id\":\"https:\/\/comite-civico.org\/?p=3194#article\",\"isPartOf\":{\"@id\":\"https:\/\/comite-civico.org\/?p=3194\"},\"author\":{\"name\":\"comiteadmin\",\"@id\":\"https:\/\/comite-civico.org\/#\/schema\/person\/eebdf569aa3565fa603cc9c5b53cea34\"},\"headline\":\"Mesa de Alto Nivel: Transformar Buenaventura\",\"datePublished\":\"2025-12-04T11:39:33+00:00\",\"dateModified\":\"2025-12-04T12:13:37+00:00\",\"mainEntityOfPage\":{\"@id\":\"https:\/\/comite-civico.org\/?p=3194\"},\"wordCount\":581,\"commentCount\":0,\"publisher\":{\"@id\":\"https:\/\/comite-civico.org\/#organization\"},\"image\":{\"@id\":\"https:\/\/comite-civico.org\/?p=3194#primaryimage\"},\"thumbnailUrl\":\"https:\/\/comite-civico.org\/wp-content\/uploads\/2025\/12\/gobierno-y-comunidad-04-scaled.jpg\",\"inLanguage\":\"es-CO\",\"potentialAction\":[{\"@type\":\"CommentAction\",\"name\":\"Comment\",\"target\":[\"https:\/\/comite-civico.org\/?p=3194#respond\"]}]},{\"@type\":\"WebPage\",\"@id\":\"https:\/\/comite-civico.org\/?p=3194\",\"url\":\"https:\/\/comite-civico.org\/?p=3194\",\"name\":\"Mesa de Alto Nivel: Transformar Buenaventura - Movimiento Social Paro C\u00edvico de Buenaventura\",\"isPartOf\":{\"@id\":\"https:\/\/comite-civico.org\/#website\"},\"primaryImageOfPage\":{\"@id\":\"https:\/\/comite-civico.org\/?p=3194#primaryimage\"},\"image\":{\"@id\":\"https:\/\/comite-civico.org\/?p=3194#primaryimage\"},\"thumbnailUrl\":\"https:\/\/comite-civico.org\/wp-content\/uploads\/2025\/12\/gobierno-y-comunidad-04-scaled.jpg\",\"datePublished\":\"2025-12-04T11:39:33+00:00\",\"dateModified\":\"2025-12-04T12:13:37+00:00\",\"breadcrumb\":{\"@id\":\"https:\/\/comite-civico.org\/?p=3194#breadcrumb\"},\"inLanguage\":\"es-CO\",\"potentialAction\":[{\"@type\":\"ReadAction\",\"target\":[\"https:\/\/comite-civico.org\/?p=3194\"]}]},{\"@type\":\"ImageObject\",\"inLanguage\":\"es-CO\",\"@id\":\"https:\/\/comite-civico.org\/?p=3194#primaryimage\",\"url\":\"https:\/\/comite-civico.org\/wp-content\/uploads\/2025\/12\/gobierno-y-comunidad-04-scaled.jpg\",\"contentUrl\":\"https:\/\/comite-civico.org\/wp-content\/uploads\/2025\/12\/gobierno-y-comunidad-04-scaled.jpg\",\"width\":2560,\"height\":1440},{\"@type\":\"BreadcrumbList\",\"@id\":\"https:\/\/comite-civico.org\/?p=3194#breadcrumb\",\"itemListElement\":[{\"@type\":\"ListItem\",\"position\":1,\"name\":\"Inicio\",\"item\":\"https:\/\/comite-civico.org\/\"},{\"@type\":\"ListItem\",\"position\":2,\"name\":\"Mesa de Alto Nivel: Transformar Buenaventura\"}]},{\"@type\":\"WebSite\",\"@id\":\"https:\/\/comite-civico.org\/#website\",\"url\":\"https:\/\/comite-civico.org\/\",\"name\":\"Movimiento Social Paro C\u00edvico de Buenaventura\",\"description\":\"Movimiento Social Paro C\u00edvico de Buenaventura\",\"publisher\":{\"@id\":\"https:\/\/comite-civico.org\/#organization\"},\"potentialAction\":[{\"@type\":\"SearchAction\",\"target\":{\"@type\":\"EntryPoint\",\"urlTemplate\":\"https:\/\/comite-civico.org\/?s={search_term_string}\"},\"query-input\":{\"@type\":\"PropertyValueSpecification\",\"valueRequired\":true,\"valueName\":\"search_term_string\"}}],\"inLanguage\":\"es-CO\"},{\"@type\":\"Organization\",\"@id\":\"https:\/\/comite-civico.org\/#organization\",\"name\":\"Movimiento Social Paro C\u00edvico de Buenaventura\",\"url\":\"https:\/\/comite-civico.org\/\",\"logo\":{\"@type\":\"ImageObject\",\"inLanguage\":\"es-CO\",\"@id\":\"https:\/\/comite-civico.org\/#\/schema\/logo\/image\/\",\"url\":\"https:\/\/comite-civico.org\/wp-content\/uploads\/2021\/03\/Logo-de-Movimiento-Blanco-scaled.png\",\"contentUrl\":\"https:\/\/comite-civico.org\/wp-content\/uploads\/2021\/03\/Logo-de-Movimiento-Blanco-scaled.png\",\"width\":2560,\"height\":1810,\"caption\":\"Movimiento Social Paro C\u00edvico de Buenaventura\"},\"image\":{\"@id\":\"https:\/\/comite-civico.org\/#\/schema\/logo\/image\/\"}},{\"@type\":\"Person\",\"@id\":\"https:\/\/comite-civico.org\/#\/schema\/person\/eebdf569aa3565fa603cc9c5b53cea34\",\"name\":\"comiteadmin\",\"image\":{\"@type\":\"ImageObject\",\"inLanguage\":\"es-CO\",\"@id\":\"https:\/\/comite-civico.org\/#\/schema\/person\/image\/\",\"url\":\"https:\/\/secure.gravatar.com\/avatar\/516fb540621996b28f565fdf033072d55dd3fe76896ef4af5250b5fec1b457fe?s=96&d=mm&r=g\",\"contentUrl\":\"https:\/\/secure.gravatar.com\/avatar\/516fb540621996b28f565fdf033072d55dd3fe76896ef4af5250b5fec1b457fe?s=96&d=mm&r=g\",\"caption\":\"comiteadmin\"},\"sameAs\":[\"https:\/\/comite-civico.org\/\"],\"url\":\"https:\/\/comite-civico.org\/?author=1\"}]}<\/script>\n<!-- \/ Yoast SEO plugin. -->","yoast_head_json":{"title":"Mesa de Alto Nivel: Transformar Buenaventura - Movimiento Social Paro C\u00edvico de Buenaventura","robots":{"index":"index","follow":"follow","max-snippet":"max-snippet:-1","max-image-preview":"max-image-preview:large","max-video-preview":"max-video-preview:-1"},"canonical":"https:\/\/comite-civico.org\/?p=3194","og_locale":"es_ES","og_type":"article","og_title":"Mesa de Alto Nivel: Transformar Buenaventura - Movimiento Social Paro C\u00edvico de Buenaventura","og_description":"El Movimiento Social Paro C\u00edvico informa a la comunidad que el pasado 20 de noviembre se desarroll\u00f3 en Bogot\u00e1 la D\u00e9cima Primera Comisi\u00f3n de Seguimiento de los Acuerdos del Paro C\u00edvico de 2017 con la presencia del Presidente de la Rep\u00fablica, Gustavo Petro.En esta sesi\u00f3n se alcanzaron acuerdos fundamentales para acelerar la ejecuci\u00f3n de proyectos ... Leer m\u00e1s","og_url":"https:\/\/comite-civico.org\/?p=3194","og_site_name":"Movimiento Social Paro C\u00edvico de Buenaventura","article_published_time":"2025-12-04T11:39:33+00:00","article_modified_time":"2025-12-04T12:13:37+00:00","og_image":[{"width":2560,"height":1440,"url":"http:\/\/comite-civico.org\/wp-content\/uploads\/2025\/12\/gobierno-y-comunidad-04-scaled.jpg","type":"image\/jpeg"}],"author":"comiteadmin","twitter_card":"summary_large_image","twitter_misc":{"Escrito por":"comiteadmin","Tiempo de lectura":"5 minutos"},"schema":{"@context":"https:\/\/schema.org","@graph":[{"@type":"Article","@id":"https:\/\/comite-civico.org\/?p=3194#article","isPartOf":{"@id":"https:\/\/comite-civico.org\/?p=3194"},"author":{"name":"comiteadmin","@id":"https:\/\/comite-civico.org\/#\/schema\/person\/eebdf569aa3565fa603cc9c5b53cea34"},"headline":"Mesa de Alto Nivel: Transformar Buenaventura","datePublished":"2025-12-04T11:39:33+00:00","dateModified":"2025-12-04T12:13:37+00:00","mainEntityOfPage":{"@id":"https:\/\/comite-civico.org\/?p=3194"},"wordCount":581,"commentCount":0,"publisher":{"@id":"https:\/\/comite-civico.org\/#organization"},"image":{"@id":"https:\/\/comite-civico.org\/?p=3194#primaryimage"},"thumbnailUrl":"https:\/\/comite-civico.org\/wp-content\/uploads\/2025\/12\/gobierno-y-comunidad-04-scaled.jpg","inLanguage":"es-CO","potentialAction":[{"@type":"CommentAction","name":"Comment","target":["https:\/\/comite-civico.org\/?p=3194#respond"]}]},{"@type":"WebPage","@id":"https:\/\/comite-civico.org\/?p=3194","url":"https:\/\/comite-civico.org\/?p=3194","name":"Mesa de Alto Nivel: Transformar Buenaventura - Movimiento Social Paro C\u00edvico de Buenaventura","isPartOf":{"@id":"https:\/\/comite-civico.org\/#website"},"primaryImageOfPage":{"@id":"https:\/\/comite-civico.org\/?p=3194#primaryimage"},"image":{"@id":"https:\/\/comite-civico.org\/?p=3194#primaryimage"},"thumbnailUrl":"https:\/\/comite-civico.org\/wp-content\/uploads\/2025\/12\/gobierno-y-comunidad-04-scaled.jpg","datePublished":"2025-12-04T11:39:33+00:00","dateModified":"2025-12-04T12:13:37+00:00","breadcrumb":{"@id":"https:\/\/comite-civico.org\/?p=3194#breadcrumb"},"inLanguage":"es-CO","potentialAction":[{"@type":"ReadAction","target":["https:\/\/comite-civico.org\/?p=3194"]}]},{"@type":"ImageObject","inLanguage":"es-CO","@id":"https:\/\/comite-civico.org\/?p=3194#primaryimage","url":"https:\/\/comite-civico.org\/wp-content\/uploads\/2025\/12\/gobierno-y-comunidad-04-scaled.jpg","contentUrl":"https:\/\/comite-civico.org\/wp-content\/uploads\/2025\/12\/gobierno-y-comunidad-04-scaled.jpg","width":2560,"height":1440},{"@type":"BreadcrumbList","@id":"https:\/\/comite-civico.org\/?p=3194#breadcrumb","itemListElement":[{"@type":"ListItem","position":1,"name":"Inicio","item":"https:\/\/comite-civico.org\/"},{"@type":"ListItem","position":2,"name":"Mesa de Alto Nivel: Transformar Buenaventura"}]},{"@type":"WebSite","@id":"https:\/\/comite-civico.org\/#website","url":"https:\/\/comite-civico.org\/","name":"Movimiento Social Paro C\u00edvico de Buenaventura","description":"Movimiento Social Paro C\u00edvico de Buenaventura","publisher":{"@id":"https:\/\/comite-civico.org\/#organization"},"potentialAction":[{"@type":"SearchAction","target":{"@type":"EntryPoint","urlTemplate":"https:\/\/comite-civico.org\/?s={search_term_string}"},"query-input":{"@type":"PropertyValueSpecification","valueRequired":true,"valueName":"search_term_string"}}],"inLanguage":"es-CO"},{"@type":"Organization","@id":"https:\/\/comite-civico.org\/#organization","name":"Movimiento Social Paro C\u00edvico de Buenaventura","url":"https:\/\/comite-civico.org\/","logo":{"@type":"ImageObject","inLanguage":"es-CO","@id":"https:\/\/comite-civico.org\/#\/schema\/logo\/image\/","url":"https:\/\/comite-civico.org\/wp-content\/uploads\/2021\/03\/Logo-de-Movimiento-Blanco-scaled.png","contentUrl":"https:\/\/comite-civico.org\/wp-content\/uploads\/2021\/03\/Logo-de-Movimiento-Blanco-scaled.png","width":2560,"height":1810,"caption":"Movimiento Social Paro C\u00edvico de Buenaventura"},"image":{"@id":"https:\/\/comite-civico.org\/#\/schema\/logo\/image\/"}},{"@type":"Person","@id":"https:\/\/comite-civico.org\/#\/schema\/person\/eebdf569aa3565fa603cc9c5b53cea34","name":"comiteadmin","image":{"@type":"ImageObject","inLanguage":"es-CO","@id":"https:\/\/comite-civico.org\/#\/schema\/person\/image\/","url":"https:\/\/secure.gravatar.com\/avatar\/516fb540621996b28f565fdf033072d55dd3fe76896ef4af5250b5fec1b457fe?s=96&d=mm&r=g","contentUrl":"https:\/\/secure.gravatar.com\/avatar\/516fb540621996b28f565fdf033072d55dd3fe76896ef4af5250b5fec1b457fe?s=96&d=mm&r=g","caption":"comiteadmin"},"sameAs":["https:\/\/comite-civico.org\/"],"url":"https:\/\/comite-civico.org\/?author=1"}]}},"_links":{"self":[{"href":"https:\/\/comite-civico.org\/index.php?rest_route=\/wp\/v2\/posts\/3194","targetHints":{"allow":["GET"]}}],"collection":[{"href":"https:\/\/comite-civico.org\/index.php?rest_route=\/wp\/v2\/posts"}],"about":[{"href":"https:\/\/comite-civico.org\/index.php?rest_route=\/wp\/v2\/types\/post"}],"author":[{"embeddable":true,"href":"https:\/\/comite-civico.org\/index.php?rest_route=\/wp\/v2\/users\/1"}],"replies":[{"embeddable":true,"href":"https:\/\/comite-civico.org\/index.php?rest_route=%2Fwp%2Fv2%2Fcomments&post=3194"}],"version-history":[{"count":10,"href":"https:\/\/comite-civico.org\/index.php?rest_route=\/wp\/v2\/posts\/3194\/revisions"}],"predecessor-version":[{"id":3246,"href":"https:\/\/comite-civico.org\/index.php?rest_route=\/wp\/v2\/posts\/3194\/revisions\/3246"}],"wp:featuredmedia":[{"embeddable":true,"href":"https:\/\/comite-civico.org\/index.php?rest_route=\/wp\/v2\/media\/3195"}],"wp:attachment":[{"href":"https:\/\/comite-civico.org\/index.php?rest_route=%2Fwp%2Fv2%2Fmedia&parent=3194"}],"wp:term":[{"taxonomy":"category","embeddable":true,"href":"https:\/\/comite-civico.org\/index.php?rest_route=%2Fwp%2Fv2%2Fcategories&post=3194"},{"taxonomy":"post_tag","embeddable":true,"href":"https:\/\/comite-civico.org\/index.php?rest_route=%2Fwp%2Fv2%2Ftags&post=3194"}],"curies":[{"name":"wp","href":"https:\/\/api.w.org\/{rel}","templated":true}]}}