{"id":3180,"date":"2025-12-01T09:55:06","date_gmt":"2025-12-01T14:55:06","guid":{"rendered":"https:\/\/comite-civico.org\/?p=3180"},"modified":"2025-12-01T09:55:11","modified_gmt":"2025-12-01T14:55:11","slug":"agenda-semana-del-01-al-06-de-diciembre-de-2025","status":"publish","type":"post","link":"https:\/\/comite-civico.org\/?p=3180","title":{"rendered":"Agenda semana del 01 al 06 de diciembre de 2025"},"content":{"rendered":"\t\t<div data-elementor-type=\"wp-post\" data-elementor-id=\"3180\" class=\"elementor elementor-3180\" data-elementor-post-type=\"post\">\n\t\t\t\t\t\t<section data-particle_enable=\"false\" data-particle-mobile-disabled=\"false\" class=\"elementor-section elementor-top-section elementor-element elementor-element-c48ce4c elementor-section-boxed elementor-section-height-default elementor-section-height-default\" data-id=\"c48ce4c\" data-element_type=\"section\" data-settings=\"{&quot;jet_parallax_layout_list&quot;:[]}\">\n\t\t\t\t\t\t<div class=\"elementor-container elementor-column-gap-default\">\n\t\t\t\t\t<div class=\"elementor-column elementor-col-100 elementor-top-column elementor-element elementor-element-a54a8cd\" data-id=\"a54a8cd\" data-element_type=\"column\">\n\t\t\t<div class=\"elementor-widget-wrap elementor-element-populated\">\n\t\t\t\t\t\t<div class=\"elementor-element elementor-element-1fcb13c elementor-widget elementor-widget-text-editor\" data-id=\"1fcb13c\" data-element_type=\"widget\" data-widget_type=\"text-editor.default\">\n\t\t\t\t<div class=\"elementor-widget-container\">\n\t\t\t\t\t\t\t\t\t<p data-start=\"225\" data-end=\"564\">El Movimiento Social Paro C\u00edvico de Buenaventura informa el siguiente cronograma de actividades programadas para la semana comprendida entre el 01 y el 06 de diciembre de 2025. Estas acciones fortalecen el seguimiento, la concertaci\u00f3n y el avance de los acuerdos del Paro C\u00edvico junto a instituciones, comunidades y actores del territorio.<\/p><hr data-start=\"566\" data-end=\"569\" \/><h2 data-start=\"571\" data-end=\"607\"><strong data-start=\"574\" data-end=\"607\">Lunes 01 de diciembre de 2025<\/strong><\/h2><p data-start=\"609\" data-end=\"766\"><strong data-start=\"609\" data-end=\"678\">1. Foro Nacional Voces de Bajamar, Territorio, Identidad y Futuro<\/strong><br data-start=\"678\" data-end=\"681\" \/>Horario: 8:00 a. m. a 5:00 p. m.<br data-start=\"713\" data-end=\"716\" \/>Modalidad: Presencial<br data-start=\"737\" data-end=\"740\" \/>Lugar: Restaurante Kalunga<\/p><p data-start=\"768\" data-end=\"1010\"><strong data-start=\"768\" data-end=\"827\">2. Mesa de Territorio, Vivienda e Infraestructura \u2013 TVI<\/strong><br data-start=\"827\" data-end=\"830\" \/>Tema: An\u00e1lisis y concertaci\u00f3n del mecanismo de gobernanza para el cumplimiento de los acuerdos del Macroproyecto de Vivienda San Antonio.<br data-start=\"967\" data-end=\"970\" \/>Horario: 4:00 p. m.<br data-start=\"989\" data-end=\"992\" \/>Modalidad: Virtual<\/p><hr data-start=\"1012\" data-end=\"1015\" \/><h2 data-start=\"1017\" data-end=\"1054\"><strong data-start=\"1020\" data-end=\"1054\">Martes 02 de diciembre de 2025<\/strong><\/h2><p data-start=\"1056\" data-end=\"1222\"><strong data-start=\"1056\" data-end=\"1079\">1. Mesa de Ambiente<\/strong><br data-start=\"1079\" data-end=\"1082\" \/>Tema: Preparaci\u00f3n del taller de construcci\u00f3n de indicadores de la mesa de ambiente.<br data-start=\"1165\" data-end=\"1168\" \/>Horario: 8:00 a. m. a 10:00 a. m.<br data-start=\"1201\" data-end=\"1204\" \/>Modalidad: Virtual<\/p><p data-start=\"1224\" data-end=\"1403\"><strong data-start=\"1224\" data-end=\"1293\">2. Foro Nacional Voces de Bajamar, Territorio, Identidad y Futuro<\/strong><br data-start=\"1293\" data-end=\"1296\" \/>Horario: 8:00 a. m. a 1:00 p. m.<br data-start=\"1328\" data-end=\"1331\" \/>Modalidad: Presencial<br data-start=\"1352\" data-end=\"1355\" \/>Lugar: CDU Universidad del Valle \u2013 sede Pac\u00edfico<\/p><p data-start=\"1405\" data-end=\"1593\"><strong data-start=\"1405\" data-end=\"1429\">3. Mesa de Educaci\u00f3n<\/strong><br data-start=\"1429\" data-end=\"1432\" \/>Tema: Jornada con el sindicato de etnoeducaci\u00f3n.<br data-start=\"1480\" data-end=\"1483\" \/>Horario: 2:00 p. m.<br data-start=\"1502\" data-end=\"1505\" \/>Modalidad: Presencial<br data-start=\"1526\" data-end=\"1529\" \/>Lugar: Sede MSPC \u2013 Centro Comercial Galer\u00eda Central, oficina 603<\/p><p data-start=\"1595\" data-end=\"1863\"><strong data-start=\"1595\" data-end=\"1654\">4. Mesa de Territorio, Vivienda e Infraestructura \u2013 TVI<\/strong><br data-start=\"1654\" data-end=\"1657\" \/>Tema: Seguimiento aut\u00f3nomo al acuerdo del Embarcadero Tur\u00edstico de Pasajeros de Buenaventura.<br data-start=\"1750\" data-end=\"1753\" \/>Horario: 3:30 p. m.<br data-start=\"1772\" data-end=\"1775\" \/>Modalidad: Presencial<br data-start=\"1796\" data-end=\"1799\" \/>Lugar: Sede MSPC \u2013 Centro Comercial Galer\u00eda Central, oficina 603<\/p><p data-start=\"1865\" data-end=\"2149\"><strong data-start=\"1865\" data-end=\"1911\">5. Reuni\u00f3n Especial Comit\u00e9 Ejecutivo MSPCB<\/strong><br data-start=\"1911\" data-end=\"1914\" \/>Tema: Misa de celebraci\u00f3n por los 25 a\u00f1os de ordenaci\u00f3n sacerdotal del presb\u00edtero Jhon Reina Ram\u00edrez.<br data-start=\"2015\" data-end=\"2018\" \/>Horario: 6:00 p. m.<br data-start=\"2037\" data-end=\"2040\" \/>Lugar: Parroquia Sagrada Familia, barrio 14 de Julio<br data-start=\"2092\" data-end=\"2095\" \/>Vestuario: Mujeres traje blanco, hombres camisa blanca<\/p><hr data-start=\"2151\" data-end=\"2154\" \/><h2 data-start=\"2156\" data-end=\"2196\"><strong data-start=\"2159\" data-end=\"2196\">Mi\u00e9rcoles 03 de diciembre de 2025<\/strong><\/h2><p data-start=\"2198\" data-end=\"2446\"><strong data-start=\"2198\" data-end=\"2259\">1. Comisi\u00f3n de Seguimiento a los Acuerdos del Paro C\u00edvico<\/strong><br data-start=\"2259\" data-end=\"2262\" \/>Tema: Presentaci\u00f3n a la comunidad del avance de cumplimiento de los acuerdos y protocolizaci\u00f3n de acuerdos parcial y totalmente cumplidos.<br data-start=\"2400\" data-end=\"2403\" \/>Horario: 8:00 a. m.<br data-start=\"2422\" data-end=\"2425\" \/>Modalidad: Presencial<\/p><p data-start=\"2448\" data-end=\"2742\"><strong data-start=\"2448\" data-end=\"2507\">2. Mesa de Territorio, Vivienda e Infraestructura \u2013 TVI<\/strong><br data-start=\"2507\" data-end=\"2510\" \/>Tema: Socializaci\u00f3n de estudios y dise\u00f1os detallados para el mejoramiento del Embarcadero Tur\u00edstico de Pasajeros.<br data-start=\"2623\" data-end=\"2626\" \/>Horario: 8:30 a. m.<br data-start=\"2645\" data-end=\"2648\" \/>Modalidad: Presencial<br data-start=\"2669\" data-end=\"2672\" \/>Lugar: FONBUENAVENTURA \u2013 Centro Comercial Galer\u00eda Central, oficina 604<\/p><p data-start=\"2744\" data-end=\"2928\"><strong data-start=\"2744\" data-end=\"2819\">3. Mesa de Cultura, Recreaci\u00f3n y Deporte, G\u00e9nero y Generacional \u2013 CRDGG<\/strong><br data-start=\"2819\" data-end=\"2822\" \/>Tema: Seguimiento al acuerdo de profesionalizaci\u00f3n de artistas.<br data-start=\"2885\" data-end=\"2888\" \/>Horario: 3:00 p. m.<br data-start=\"2907\" data-end=\"2910\" \/>Modalidad: Virtual<\/p><hr data-start=\"2930\" data-end=\"2933\" \/><h2 data-start=\"2935\" data-end=\"2972\"><strong data-start=\"2938\" data-end=\"2972\">Jueves 04 de diciembre de 2025<\/strong><\/h2><p data-start=\"2974\" data-end=\"3297\"><strong data-start=\"2974\" data-end=\"3033\">1. Mesa de Territorio, Vivienda e Infraestructura \u2013 TVI<\/strong><br data-start=\"3033\" data-end=\"3036\" \/>Tema: Socializaci\u00f3n de estudios previos para ajuste y complementaci\u00f3n de dise\u00f1os y construcci\u00f3n del Complejo Embarcadero Regional de Cabotaje.<br data-start=\"3178\" data-end=\"3181\" \/>Horario: 9:00 a. m.<br data-start=\"3200\" data-end=\"3203\" \/>Modalidad: Presencial<br data-start=\"3224\" data-end=\"3227\" \/>Lugar: FONBUENAVENTURA \u2013 Centro Comercial Galer\u00eda Central, oficina 604<\/p><p data-start=\"3299\" data-end=\"3635\"><strong data-start=\"3299\" data-end=\"3363\">2. Mesa de Agua, Saneamiento y Servicios P\u00fablicos \u2013 MASSBUEN<\/strong><br data-start=\"3363\" data-end=\"3366\" \/>Tema: Concertaci\u00f3n de la ruta cr\u00edtica del proyecto de abastecimiento y confiabilidad de gas con proyecci\u00f3n de cobertura al 100 por ciento para Buenaventura.<br data-start=\"3522\" data-end=\"3525\" \/>Horario: 9:00 a. m.<br data-start=\"3544\" data-end=\"3547\" \/>Modalidad: Presencial<br data-start=\"3568\" data-end=\"3571\" \/>Lugar: Sede MSPC \u2013 Centro Comercial Galer\u00eda Central, oficina 603<\/p><hr data-start=\"3637\" data-end=\"3640\" \/><h2 data-start=\"3642\" data-end=\"3680\"><strong data-start=\"3645\" data-end=\"3680\">Viernes 05 de diciembre de 2025<\/strong><\/h2><p data-start=\"3682\" data-end=\"3825\"><strong data-start=\"3682\" data-end=\"3705\">1. Mesa de Ambiente<\/strong><br data-start=\"3705\" data-end=\"3708\" \/>Tema: Preparaci\u00f3n del taller de construcci\u00f3n de indicadores.<br data-start=\"3768\" data-end=\"3771\" \/>Horario: 8:00 a. m. a 10:00 a. m.<br data-start=\"3804\" data-end=\"3807\" \/>Modalidad: Virtual<\/p><p data-start=\"3827\" data-end=\"4011\"><strong data-start=\"3827\" data-end=\"3885\">2. Taller sobre el Plan Estrat\u00e9gico de FONBUENAVENTURA<\/strong><br data-start=\"3885\" data-end=\"3888\" \/>Horario: 9:00 a. m. a 5:00 p. m.<br data-start=\"3920\" data-end=\"3923\" \/>Modalidad: Presencial<br data-start=\"3944\" data-end=\"3947\" \/>Lugar: Sede MSPC \u2013 Centro Comercial Galer\u00eda Central, oficina 603<\/p><p data-start=\"4013\" data-end=\"4264\"><strong data-start=\"4013\" data-end=\"4072\">3. Mesa de Territorio, Vivienda e Infraestructura \u2013 TVI<\/strong><br data-start=\"4072\" data-end=\"4075\" \/>Tema: Revisi\u00f3n y concertaci\u00f3n del acto administrativo que reconoce la junta administradora del Embarcadero Tur\u00edstico de Pasajeros de Buenaventura.<br data-start=\"4221\" data-end=\"4224\" \/>Horario: 4:00 p. m.<br data-start=\"4243\" data-end=\"4246\" \/>Modalidad: Virtual<\/p><p data-start=\"4266\" data-end=\"4411\"><strong data-start=\"4266\" data-end=\"4301\">4. Socializaci\u00f3n en el R\u00edo Naya<\/strong><br data-start=\"4301\" data-end=\"4304\" \/>Tema: Avance de los acuerdos del Paro C\u00edvico de Buenaventura.<br data-start=\"4365\" data-end=\"4368\" \/>Horario: 7:30 a. m.<br data-start=\"4387\" data-end=\"4390\" \/>Modalidad: Presencial<\/p>\t\t\t\t\t\t\t\t<\/div>\n\t\t\t\t<\/div>\n\t\t\t\t\t<\/div>\n\t\t<\/div>\n\t\t\t\t\t<\/div>\n\t\t<\/section>\n\t\t\t\t<section data-particle_enable=\"false\" data-particle-mobile-disabled=\"false\" class=\"elementor-section elementor-top-section elementor-element elementor-element-a889718 elementor-section-boxed elementor-section-height-default elementor-section-height-default\" data-id=\"a889718\" data-element_type=\"section\" data-settings=\"{&quot;jet_parallax_layout_list&quot;:[]}\">\n\t\t\t\t\t\t<div class=\"elementor-container elementor-column-gap-default\">\n\t\t\t\t\t<div class=\"elementor-column elementor-col-100 elementor-top-column elementor-element elementor-element-e21640b\" data-id=\"e21640b\" data-element_type=\"column\">\n\t\t\t<div class=\"elementor-widget-wrap elementor-element-populated\">\n\t\t\t\t\t\t<div class=\"elementor-element elementor-element-fada2b2 dce_masking-none elementor-widget elementor-widget-image\" data-id=\"fada2b2\" data-element_type=\"widget\" data-widget_type=\"image.default\">\n\t\t\t\t<div class=\"elementor-widget-container\">\n\t\t\t\t\t\t\t\t\t\t\t\t\t\t\t\t<a href=\"http:\/\/comite-civico.org\/wp-content\/uploads\/2025\/12\/Agenda-semana-del-01-al-06-de-diciembre-de-2025.pdf\">\n\t\t\t\t\t\t\t<img fetchpriority=\"high\" decoding=\"async\" width=\"1024\" height=\"213\" src=\"https:\/\/comite-civico.org\/wp-content\/uploads\/2025\/08\/descarga-pdf-paro-civico-1024x213.jpg\" class=\"attachment-large size-large wp-image-2395\" alt=\"\" srcset=\"https:\/\/comite-civico.org\/wp-content\/uploads\/2025\/08\/descarga-pdf-paro-civico-1024x213.jpg 1024w, https:\/\/comite-civico.org\/wp-content\/uploads\/2025\/08\/descarga-pdf-paro-civico-300x63.jpg 300w, https:\/\/comite-civico.org\/wp-content\/uploads\/2025\/08\/descarga-pdf-paro-civico-768x160.jpg 768w, https:\/\/comite-civico.org\/wp-content\/uploads\/2025\/08\/descarga-pdf-paro-civico-1536x320.jpg 1536w, https:\/\/comite-civico.org\/wp-content\/uploads\/2025\/08\/descarga-pdf-paro-civico.jpg 1920w\" sizes=\"(max-width: 1024px) 100vw, 1024px\" \/>\t\t\t\t\t\t\t\t<\/a>\n\t\t\t\t\t\t\t\t\t\t\t\t\t\t\t<\/div>\n\t\t\t\t<\/div>\n\t\t\t\t\t<\/div>\n\t\t<\/div>\n\t\t\t\t\t<\/div>\n\t\t<\/section>\n\t\t\t\t<\/div>\n\t\t","protected":false},"excerpt":{"rendered":"<p>El Movimiento Social Paro C\u00edvico de Buenaventura informa el siguiente cronograma de actividades programadas para la semana comprendida entre el 01 y el 06 de diciembre de 2025. Estas acciones fortalecen el seguimiento, la concertaci\u00f3n y el avance de los acuerdos del Paro C\u00edvico junto a instituciones, comunidades y actores del territorio. Lunes 01 de &#8230; <a title=\"Agenda semana del 01 al 06 de diciembre de 2025\" class=\"read-more\" href=\"https:\/\/comite-civico.org\/?p=3180\" aria-label=\"Read more about Agenda semana del 01 al 06 de diciembre de 2025\">Leer m\u00e1s<\/a><\/p>\n","protected":false},"author":1,"featured_media":3181,"comment_status":"open","ping_status":"open","sticky":false,"template":"","format":"standard","meta":{"footnotes":""},"categories":[1],"tags":[],"class_list":["post-3180","post","type-post","status-publish","format-standard","has-post-thumbnail","hentry","category-sin-categoria"],"acf":[],"yoast_head":"<!-- This site is optimized with the Yoast SEO plugin v25.0 - https:\/\/yoast.com\/wordpress\/plugins\/seo\/ -->\n<title>Agenda semana del 01 al 06 de diciembre de 2025 - Movimiento Social Paro C\u00edvico de Buenaventura<\/title>\n<meta name=\"robots\" content=\"index, follow, max-snippet:-1, max-image-preview:large, max-video-preview:-1\" \/>\n<link rel=\"canonical\" href=\"https:\/\/comite-civico.org\/?p=3180\" \/>\n<meta property=\"og:locale\" content=\"es_ES\" \/>\n<meta property=\"og:type\" content=\"article\" \/>\n<meta property=\"og:title\" content=\"Agenda semana del 01 al 06 de diciembre de 2025 - Movimiento Social Paro C\u00edvico de Buenaventura\" \/>\n<meta property=\"og:description\" content=\"El Movimiento Social Paro C\u00edvico de Buenaventura informa el siguiente cronograma de actividades programadas para la semana comprendida entre el 01 y el 06 de diciembre de 2025. Estas acciones fortalecen el seguimiento, la concertaci\u00f3n y el avance de los acuerdos del Paro C\u00edvico junto a instituciones, comunidades y actores del territorio. Lunes 01 de ... Leer m\u00e1s\" \/>\n<meta property=\"og:url\" content=\"https:\/\/comite-civico.org\/?p=3180\" \/>\n<meta property=\"og:site_name\" content=\"Movimiento Social Paro C\u00edvico de Buenaventura\" \/>\n<meta property=\"article:published_time\" content=\"2025-12-01T14:55:06+00:00\" \/>\n<meta property=\"article:modified_time\" content=\"2025-12-01T14:55:11+00:00\" \/>\n<meta property=\"og:image\" content=\"http:\/\/comite-civico.org\/wp-content\/uploads\/2025\/11\/post-01-al-06-diciembre-scaled.jpg\" \/>\n\t<meta property=\"og:image:width\" content=\"2560\" \/>\n\t<meta property=\"og:image:height\" content=\"1440\" \/>\n\t<meta property=\"og:image:type\" content=\"image\/jpeg\" \/>\n<meta name=\"author\" content=\"comiteadmin\" \/>\n<meta name=\"twitter:card\" content=\"summary_large_image\" \/>\n<meta name=\"twitter:label1\" content=\"Escrito por\" \/>\n\t<meta name=\"twitter:data1\" content=\"comiteadmin\" \/>\n\t<meta name=\"twitter:label2\" content=\"Tiempo de lectura\" \/>\n\t<meta name=\"twitter:data2\" content=\"3 minutos\" \/>\n<script type=\"application\/ld+json\" class=\"yoast-schema-graph\">{\"@context\":\"https:\/\/schema.org\",\"@graph\":[{\"@type\":\"Article\",\"@id\":\"https:\/\/comite-civico.org\/?p=3180#article\",\"isPartOf\":{\"@id\":\"https:\/\/comite-civico.org\/?p=3180\"},\"author\":{\"name\":\"comiteadmin\",\"@id\":\"https:\/\/comite-civico.org\/#\/schema\/person\/eebdf569aa3565fa603cc9c5b53cea34\"},\"headline\":\"Agenda semana del 01 al 06 de diciembre de 2025\",\"datePublished\":\"2025-12-01T14:55:06+00:00\",\"dateModified\":\"2025-12-01T14:55:11+00:00\",\"mainEntityOfPage\":{\"@id\":\"https:\/\/comite-civico.org\/?p=3180\"},\"wordCount\":577,\"commentCount\":0,\"publisher\":{\"@id\":\"https:\/\/comite-civico.org\/#organization\"},\"image\":{\"@id\":\"https:\/\/comite-civico.org\/?p=3180#primaryimage\"},\"thumbnailUrl\":\"https:\/\/comite-civico.org\/wp-content\/uploads\/2025\/11\/post-01-al-06-diciembre-scaled.jpg\",\"inLanguage\":\"es-CO\",\"potentialAction\":[{\"@type\":\"CommentAction\",\"name\":\"Comment\",\"target\":[\"https:\/\/comite-civico.org\/?p=3180#respond\"]}]},{\"@type\":\"WebPage\",\"@id\":\"https:\/\/comite-civico.org\/?p=3180\",\"url\":\"https:\/\/comite-civico.org\/?p=3180\",\"name\":\"Agenda semana del 01 al 06 de diciembre de 2025 - Movimiento Social Paro C\u00edvico de Buenaventura\",\"isPartOf\":{\"@id\":\"https:\/\/comite-civico.org\/#website\"},\"primaryImageOfPage\":{\"@id\":\"https:\/\/comite-civico.org\/?p=3180#primaryimage\"},\"image\":{\"@id\":\"https:\/\/comite-civico.org\/?p=3180#primaryimage\"},\"thumbnailUrl\":\"https:\/\/comite-civico.org\/wp-content\/uploads\/2025\/11\/post-01-al-06-diciembre-scaled.jpg\",\"datePublished\":\"2025-12-01T14:55:06+00:00\",\"dateModified\":\"2025-12-01T14:55:11+00:00\",\"breadcrumb\":{\"@id\":\"https:\/\/comite-civico.org\/?p=3180#breadcrumb\"},\"inLanguage\":\"es-CO\",\"potentialAction\":[{\"@type\":\"ReadAction\",\"target\":[\"https:\/\/comite-civico.org\/?p=3180\"]}]},{\"@type\":\"ImageObject\",\"inLanguage\":\"es-CO\",\"@id\":\"https:\/\/comite-civico.org\/?p=3180#primaryimage\",\"url\":\"https:\/\/comite-civico.org\/wp-content\/uploads\/2025\/11\/post-01-al-06-diciembre-scaled.jpg\",\"contentUrl\":\"https:\/\/comite-civico.org\/wp-content\/uploads\/2025\/11\/post-01-al-06-diciembre-scaled.jpg\",\"width\":2560,\"height\":1440},{\"@type\":\"BreadcrumbList\",\"@id\":\"https:\/\/comite-civico.org\/?p=3180#breadcrumb\",\"itemListElement\":[{\"@type\":\"ListItem\",\"position\":1,\"name\":\"Inicio\",\"item\":\"https:\/\/comite-civico.org\/\"},{\"@type\":\"ListItem\",\"position\":2,\"name\":\"Agenda semana del 01 al 06 de diciembre de 2025\"}]},{\"@type\":\"WebSite\",\"@id\":\"https:\/\/comite-civico.org\/#website\",\"url\":\"https:\/\/comite-civico.org\/\",\"name\":\"Movimiento Social Paro C\u00edvico de Buenaventura\",\"description\":\"Movimiento Social Paro C\u00edvico de Buenaventura\",\"publisher\":{\"@id\":\"https:\/\/comite-civico.org\/#organization\"},\"potentialAction\":[{\"@type\":\"SearchAction\",\"target\":{\"@type\":\"EntryPoint\",\"urlTemplate\":\"https:\/\/comite-civico.org\/?s={search_term_string}\"},\"query-input\":{\"@type\":\"PropertyValueSpecification\",\"valueRequired\":true,\"valueName\":\"search_term_string\"}}],\"inLanguage\":\"es-CO\"},{\"@type\":\"Organization\",\"@id\":\"https:\/\/comite-civico.org\/#organization\",\"name\":\"Movimiento Social Paro C\u00edvico de Buenaventura\",\"url\":\"https:\/\/comite-civico.org\/\",\"logo\":{\"@type\":\"ImageObject\",\"inLanguage\":\"es-CO\",\"@id\":\"https:\/\/comite-civico.org\/#\/schema\/logo\/image\/\",\"url\":\"https:\/\/comite-civico.org\/wp-content\/uploads\/2021\/03\/Logo-de-Movimiento-Blanco-scaled.png\",\"contentUrl\":\"https:\/\/comite-civico.org\/wp-content\/uploads\/2021\/03\/Logo-de-Movimiento-Blanco-scaled.png\",\"width\":2560,\"height\":1810,\"caption\":\"Movimiento Social Paro C\u00edvico de Buenaventura\"},\"image\":{\"@id\":\"https:\/\/comite-civico.org\/#\/schema\/logo\/image\/\"}},{\"@type\":\"Person\",\"@id\":\"https:\/\/comite-civico.org\/#\/schema\/person\/eebdf569aa3565fa603cc9c5b53cea34\",\"name\":\"comiteadmin\",\"image\":{\"@type\":\"ImageObject\",\"inLanguage\":\"es-CO\",\"@id\":\"https:\/\/comite-civico.org\/#\/schema\/person\/image\/\",\"url\":\"https:\/\/secure.gravatar.com\/avatar\/516fb540621996b28f565fdf033072d55dd3fe76896ef4af5250b5fec1b457fe?s=96&d=mm&r=g\",\"contentUrl\":\"https:\/\/secure.gravatar.com\/avatar\/516fb540621996b28f565fdf033072d55dd3fe76896ef4af5250b5fec1b457fe?s=96&d=mm&r=g\",\"caption\":\"comiteadmin\"},\"sameAs\":[\"https:\/\/comite-civico.org\/\"],\"url\":\"https:\/\/comite-civico.org\/?author=1\"}]}<\/script>\n<!-- \/ Yoast SEO plugin. -->","yoast_head_json":{"title":"Agenda semana del 01 al 06 de diciembre de 2025 - Movimiento Social Paro C\u00edvico de Buenaventura","robots":{"index":"index","follow":"follow","max-snippet":"max-snippet:-1","max-image-preview":"max-image-preview:large","max-video-preview":"max-video-preview:-1"},"canonical":"https:\/\/comite-civico.org\/?p=3180","og_locale":"es_ES","og_type":"article","og_title":"Agenda semana del 01 al 06 de diciembre de 2025 - Movimiento Social Paro C\u00edvico de Buenaventura","og_description":"El Movimiento Social Paro C\u00edvico de Buenaventura informa el siguiente cronograma de actividades programadas para la semana comprendida entre el 01 y el 06 de diciembre de 2025. Estas acciones fortalecen el seguimiento, la concertaci\u00f3n y el avance de los acuerdos del Paro C\u00edvico junto a instituciones, comunidades y actores del territorio. Lunes 01 de ... Leer m\u00e1s","og_url":"https:\/\/comite-civico.org\/?p=3180","og_site_name":"Movimiento Social Paro C\u00edvico de Buenaventura","article_published_time":"2025-12-01T14:55:06+00:00","article_modified_time":"2025-12-01T14:55:11+00:00","og_image":[{"width":2560,"height":1440,"url":"http:\/\/comite-civico.org\/wp-content\/uploads\/2025\/11\/post-01-al-06-diciembre-scaled.jpg","type":"image\/jpeg"}],"author":"comiteadmin","twitter_card":"summary_large_image","twitter_misc":{"Escrito por":"comiteadmin","Tiempo de lectura":"3 minutos"},"schema":{"@context":"https:\/\/schema.org","@graph":[{"@type":"Article","@id":"https:\/\/comite-civico.org\/?p=3180#article","isPartOf":{"@id":"https:\/\/comite-civico.org\/?p=3180"},"author":{"name":"comiteadmin","@id":"https:\/\/comite-civico.org\/#\/schema\/person\/eebdf569aa3565fa603cc9c5b53cea34"},"headline":"Agenda semana del 01 al 06 de diciembre de 2025","datePublished":"2025-12-01T14:55:06+00:00","dateModified":"2025-12-01T14:55:11+00:00","mainEntityOfPage":{"@id":"https:\/\/comite-civico.org\/?p=3180"},"wordCount":577,"commentCount":0,"publisher":{"@id":"https:\/\/comite-civico.org\/#organization"},"image":{"@id":"https:\/\/comite-civico.org\/?p=3180#primaryimage"},"thumbnailUrl":"https:\/\/comite-civico.org\/wp-content\/uploads\/2025\/11\/post-01-al-06-diciembre-scaled.jpg","inLanguage":"es-CO","potentialAction":[{"@type":"CommentAction","name":"Comment","target":["https:\/\/comite-civico.org\/?p=3180#respond"]}]},{"@type":"WebPage","@id":"https:\/\/comite-civico.org\/?p=3180","url":"https:\/\/comite-civico.org\/?p=3180","name":"Agenda semana del 01 al 06 de diciembre de 2025 - Movimiento Social Paro C\u00edvico de Buenaventura","isPartOf":{"@id":"https:\/\/comite-civico.org\/#website"},"primaryImageOfPage":{"@id":"https:\/\/comite-civico.org\/?p=3180#primaryimage"},"image":{"@id":"https:\/\/comite-civico.org\/?p=3180#primaryimage"},"thumbnailUrl":"https:\/\/comite-civico.org\/wp-content\/uploads\/2025\/11\/post-01-al-06-diciembre-scaled.jpg","datePublished":"2025-12-01T14:55:06+00:00","dateModified":"2025-12-01T14:55:11+00:00","breadcrumb":{"@id":"https:\/\/comite-civico.org\/?p=3180#breadcrumb"},"inLanguage":"es-CO","potentialAction":[{"@type":"ReadAction","target":["https:\/\/comite-civico.org\/?p=3180"]}]},{"@type":"ImageObject","inLanguage":"es-CO","@id":"https:\/\/comite-civico.org\/?p=3180#primaryimage","url":"https:\/\/comite-civico.org\/wp-content\/uploads\/2025\/11\/post-01-al-06-diciembre-scaled.jpg","contentUrl":"https:\/\/comite-civico.org\/wp-content\/uploads\/2025\/11\/post-01-al-06-diciembre-scaled.jpg","width":2560,"height":1440},{"@type":"BreadcrumbList","@id":"https:\/\/comite-civico.org\/?p=3180#breadcrumb","itemListElement":[{"@type":"ListItem","position":1,"name":"Inicio","item":"https:\/\/comite-civico.org\/"},{"@type":"ListItem","position":2,"name":"Agenda semana del 01 al 06 de diciembre de 2025"}]},{"@type":"WebSite","@id":"https:\/\/comite-civico.org\/#website","url":"https:\/\/comite-civico.org\/","name":"Movimiento Social Paro C\u00edvico de Buenaventura","description":"Movimiento Social Paro C\u00edvico de Buenaventura","publisher":{"@id":"https:\/\/comite-civico.org\/#organization"},"potentialAction":[{"@type":"SearchAction","target":{"@type":"EntryPoint","urlTemplate":"https:\/\/comite-civico.org\/?s={search_term_string}"},"query-input":{"@type":"PropertyValueSpecification","valueRequired":true,"valueName":"search_term_string"}}],"inLanguage":"es-CO"},{"@type":"Organization","@id":"https:\/\/comite-civico.org\/#organization","name":"Movimiento Social Paro C\u00edvico de Buenaventura","url":"https:\/\/comite-civico.org\/","logo":{"@type":"ImageObject","inLanguage":"es-CO","@id":"https:\/\/comite-civico.org\/#\/schema\/logo\/image\/","url":"https:\/\/comite-civico.org\/wp-content\/uploads\/2021\/03\/Logo-de-Movimiento-Blanco-scaled.png","contentUrl":"https:\/\/comite-civico.org\/wp-content\/uploads\/2021\/03\/Logo-de-Movimiento-Blanco-scaled.png","width":2560,"height":1810,"caption":"Movimiento Social Paro C\u00edvico de Buenaventura"},"image":{"@id":"https:\/\/comite-civico.org\/#\/schema\/logo\/image\/"}},{"@type":"Person","@id":"https:\/\/comite-civico.org\/#\/schema\/person\/eebdf569aa3565fa603cc9c5b53cea34","name":"comiteadmin","image":{"@type":"ImageObject","inLanguage":"es-CO","@id":"https:\/\/comite-civico.org\/#\/schema\/person\/image\/","url":"https:\/\/secure.gravatar.com\/avatar\/516fb540621996b28f565fdf033072d55dd3fe76896ef4af5250b5fec1b457fe?s=96&d=mm&r=g","contentUrl":"https:\/\/secure.gravatar.com\/avatar\/516fb540621996b28f565fdf033072d55dd3fe76896ef4af5250b5fec1b457fe?s=96&d=mm&r=g","caption":"comiteadmin"},"sameAs":["https:\/\/comite-civico.org\/"],"url":"https:\/\/comite-civico.org\/?author=1"}]}},"_links":{"self":[{"href":"https:\/\/comite-civico.org\/index.php?rest_route=\/wp\/v2\/posts\/3180","targetHints":{"allow":["GET"]}}],"collection":[{"href":"https:\/\/comite-civico.org\/index.php?rest_route=\/wp\/v2\/posts"}],"about":[{"href":"https:\/\/comite-civico.org\/index.php?rest_route=\/wp\/v2\/types\/post"}],"author":[{"embeddable":true,"href":"https:\/\/comite-civico.org\/index.php?rest_route=\/wp\/v2\/users\/1"}],"replies":[{"embeddable":true,"href":"https:\/\/comite-civico.org\/index.php?rest_route=%2Fwp%2Fv2%2Fcomments&post=3180"}],"version-history":[{"count":8,"href":"https:\/\/comite-civico.org\/index.php?rest_route=\/wp\/v2\/posts\/3180\/revisions"}],"predecessor-version":[{"id":3190,"href":"https:\/\/comite-civico.org\/index.php?rest_route=\/wp\/v2\/posts\/3180\/revisions\/3190"}],"wp:featuredmedia":[{"embeddable":true,"href":"https:\/\/comite-civico.org\/index.php?rest_route=\/wp\/v2\/media\/3181"}],"wp:attachment":[{"href":"https:\/\/comite-civico.org\/index.php?rest_route=%2Fwp%2Fv2%2Fmedia&parent=3180"}],"wp:term":[{"taxonomy":"category","embeddable":true,"href":"https:\/\/comite-civico.org\/index.php?rest_route=%2Fwp%2Fv2%2Fcategories&post=3180"},{"taxonomy":"post_tag","embeddable":true,"href":"https:\/\/comite-civico.org\/index.php?rest_route=%2Fwp%2Fv2%2Ftags&post=3180"}],"curies":[{"name":"wp","href":"https:\/\/api.w.org\/{rel}","templated":true}]}}