{"id":3162,"date":"2025-11-25T08:52:17","date_gmt":"2025-11-25T13:52:17","guid":{"rendered":"https:\/\/comite-civico.org\/?p=3162"},"modified":"2025-11-25T09:10:03","modified_gmt":"2025-11-25T14:10:03","slug":"agenda-del-24-al-29-de-noviembre-de-2025","status":"publish","type":"post","link":"https:\/\/comite-civico.org\/?p=3162","title":{"rendered":"Agenda del 24 al 29 de noviembre de 2025"},"content":{"rendered":"\t\t<div data-elementor-type=\"wp-post\" data-elementor-id=\"3162\" class=\"elementor elementor-3162\" data-elementor-post-type=\"post\">\n\t\t\t\t\t\t<section data-particle_enable=\"false\" data-particle-mobile-disabled=\"false\" class=\"elementor-section elementor-top-section elementor-element elementor-element-fa618f1 elementor-section-boxed elementor-section-height-default elementor-section-height-default\" data-id=\"fa618f1\" data-element_type=\"section\" data-settings=\"{&quot;jet_parallax_layout_list&quot;:[]}\">\n\t\t\t\t\t\t<div class=\"elementor-container elementor-column-gap-default\">\n\t\t\t\t\t<div class=\"elementor-column elementor-col-100 elementor-top-column elementor-element elementor-element-455cdeb\" data-id=\"455cdeb\" data-element_type=\"column\">\n\t\t\t<div class=\"elementor-widget-wrap elementor-element-populated\">\n\t\t\t\t\t\t<div class=\"elementor-element elementor-element-34f1d13 elementor-widget elementor-widget-text-editor\" data-id=\"34f1d13\" data-element_type=\"widget\" data-widget_type=\"text-editor.default\">\n\t\t\t\t<div class=\"elementor-widget-container\">\n\t\t\t\t\t\t\t\t\t<div class=\"flex h-full w-full flex-col\"><div class=\"relative flex h-full w-full flex-1 transition-colors z-0\"><div class=\"relative flex h-full w-full flex-row\"><div class=\"relative flex h-full max-w-full min-w-0 flex-1 flex-col\"><p>\u00a0<\/p><div id=\"thread\" class=\"group\/thread @container\/thread h-full w-full\"><div class=\"composer-parent flex flex-col focus-visible:outline-0 overflow-hidden h-full\" role=\"presentation\"><div class=\"relative basis-auto flex-col -mb-(--composer-overlap-px) [--composer-overlap-px:28px] grow flex overflow-hidden\"><div class=\"relative h-full\"><div class=\"flex h-full flex-col overflow-y-auto thread-xl:pt-(--header-height) [scrollbar-gutter:stable_both-edges]\"><div class=\"flex flex-col text-sm thread-xl:pt-header-height pb-25\"><article class=\"text-token-text-primary w-full focus:outline-none [--shadow-height:45px] has-data-writing-block:pointer-events-none has-data-writing-block:-mt-(--shadow-height) has-data-writing-block:pt-(--shadow-height) [&amp;:has([data-writing-block])&gt;*]:pointer-events-auto [content-visibility:auto] supports-[content-visibility:auto]:[contain-intrinsic-size:auto_100lvh] scroll-mt-[calc(var(--header-height)+min(200px,max(70px,20svh)))]\" dir=\"auto\" tabindex=\"-1\" data-turn-id=\"ed877333-3554-4542-ae56-d6bf8cb7b6c2\" data-testid=\"conversation-turn-2\" data-scroll-anchor=\"false\" data-turn=\"assistant\"><div class=\"text-base my-auto mx-auto [--thread-content-margin:--spacing(4)] thread-sm:[--thread-content-margin:--spacing(6)] thread-lg:[--thread-content-margin:--spacing(16)] px-(--thread-content-margin)\"><div class=\"[--thread-content-max-width:40rem] thread-lg:[--thread-content-max-width:48rem] mx-auto max-w-(--thread-content-max-width) flex-1 group\/turn-messages focus-visible:outline-hidden relative flex w-full min-w-0 flex-col agent-turn\" tabindex=\"-1\"><div class=\"flex max-w-full flex-col grow\"><div class=\"min-h-8 text-message relative flex w-full flex-col items-end gap-2 text-start break-words whitespace-normal [.text-message+&amp;]:mt-1\" dir=\"auto\" data-message-author-role=\"assistant\" data-message-id=\"f58a669d-194d-456e-b89d-7168c32f5063\" data-message-model-slug=\"gpt-5-t-mini\"><div class=\"flex w-full flex-col gap-1 empty:hidden first:pt-[1px]\"><div class=\"markdown prose dark:prose-invert w-full break-words light markdown-new-styling\"><p data-start=\"287\" data-end=\"737\">Invitamos a la comunidad y a las organizaciones aliadas a conocer y participar en la Semana de seguimiento a los acuerdos del Paro C\u00edvico de Buenaventura. En esta jornada tendremos espacios de gobernanza anticipatoria, seguimiento a proyectos, mesas tem\u00e1ticas y visitas de monitoreo a beneficiarias de los procesos de integraci\u00f3n socioecon\u00f3mica. Consulte aqu\u00ed la agenda completa y los detalles de cada actividad.<\/p><p data-start=\"287\" data-end=\"737\">Agenda semana del 24 al 29 de noviembre<\/p><p data-start=\"739\" data-end=\"766\"><strong data-start=\"739\" data-end=\"766\">Destacados de la semana<\/strong><\/p><ul data-start=\"767\" data-end=\"2024\"><li data-start=\"767\" data-end=\"1012\"><p data-start=\"769\" data-end=\"1012\"><strong data-start=\"769\" data-end=\"806\">Lunes 24 de noviembre (9:00 a.m.)<\/strong> \u2014 Campamento para la cooperaci\u00f3n estrat\u00e9gica: estaciones de trabajo y plenaria de priorizaci\u00f3n. (Centro de Reconciliaci\u00f3n y Perd\u00f3n, entrada a la ciudadela COMFAMAR).<\/p><p>Agenda semana del 24 al 29 de noviembre<\/p><p><strong data-start=\"1015\" data-end=\"1052\">Lunes 24 de noviembre (9:30 a.m.)<\/strong> \u2014 Junta extraordinaria de FonBuenaventura (modalidad virtual, link pendiente).\u00a0<\/p><p class=\"not-prose mt-0! mb-0! flex-auto truncate\">Agenda semana del 24 al 29 de n\u2026<\/p><\/li><li data-start=\"1172\" data-end=\"1408\"><p data-start=\"1174\" data-end=\"1408\"><strong data-start=\"1174\" data-end=\"1200\">Martes 25 de noviembre<\/strong> \u2014 Continuaci\u00f3n del campamento (recopilaci\u00f3n y panel ciudadano) y visitas de monitoreo post Proyecto PACE BUENA (sede del Movimiento Social Paro C\u00edvico y otros puntos).<\/p><p>Agenda semana del 24 al 29 de noviembre<\/p><\/li><li data-start=\"1409\" data-end=\"1612\"><p data-start=\"1411\" data-end=\"1612\"><strong data-start=\"1411\" data-end=\"1440\">Mi\u00e9rcoles 26 de noviembre<\/strong> \u2014 Jornada del Comit\u00e9 Ejecutivo y visitas a la Casa de la Mujer \u201cManglar de Vida y Paz\u201d y al centro multimodal del barrio El Jard\u00edn.<\/p><p>Agenda semana del 24 al 29 de noviembre<\/p><\/li><li data-start=\"1613\" data-end=\"1835\"><p data-start=\"1615\" data-end=\"1835\"><strong data-start=\"1615\" data-end=\"1653\">Jueves 27 de noviembre (8:30 a.m.)<\/strong> \u2014 Mesa de Acceso a la Justicia, V\u00edctimas, Protecci\u00f3n y Memoria (validaci\u00f3n de hallazgos sobre gobernanzas criminales). Inscripci\u00f3n requerida.<\/p><p>Agenda semana del 24 al 29 de noviembre<\/p><\/li><li data-start=\"1836\" data-end=\"2024\"><p data-start=\"1838\" data-end=\"2024\"><strong data-start=\"1838\" data-end=\"1877\">Viernes 28 y S\u00e1bado 29 de noviembre<\/strong> \u2014 Reuniones finales de retroalimentaci\u00f3n del proyecto PACE BUENA y socializaci\u00f3n del PIEDB en Puerto Espa\u00f1a.<\/p><p>Agenda semana del 24 al 29 de noviembre<\/p><\/li><\/ul><p data-start=\"2026\" data-end=\"2255\"><strong data-start=\"2026\" data-end=\"2045\">C\u00f3mo participar<\/strong><br \/>Consulte la agenda completa y los lugares de encuentro en el documento de la agenda semanal (descargar):<\/p><p data-start=\"2257\" data-end=\"2584\">Agradecemos el compromiso de las comunidades, organizaciones y entidades p\u00fablicas para garantizar el cumplimiento de los acuerdos y fortalecer la presencia del Estado en el territorio. Les esperamos para construir de manera colectiva los caminos hacia la dignidad y la paz en Buenaventura.<\/p><\/div><\/div><\/div><\/div><\/div><\/div><\/article><\/div><\/div><\/div><\/div><\/div><\/div><p>\u00a0<\/p><\/div><\/div><\/div><\/div><div id=\"live-region-polite\" class=\"sr-only\" aria-live=\"polite\" aria-atomic=\"true\">\u00a0<\/div>\t\t\t\t\t\t\t\t<\/div>\n\t\t\t\t<\/div>\n\t\t\t\t\t<\/div>\n\t\t<\/div>\n\t\t\t\t\t<\/div>\n\t\t<\/section>\n\t\t\t\t<section data-particle_enable=\"false\" data-particle-mobile-disabled=\"false\" class=\"elementor-section elementor-top-section elementor-element elementor-element-7f713ee elementor-section-boxed elementor-section-height-default elementor-section-height-default\" data-id=\"7f713ee\" data-element_type=\"section\" data-settings=\"{&quot;jet_parallax_layout_list&quot;:[]}\">\n\t\t\t\t\t\t<div class=\"elementor-container elementor-column-gap-default\">\n\t\t\t\t\t<div class=\"elementor-column elementor-col-100 elementor-top-column elementor-element elementor-element-634db4c\" data-id=\"634db4c\" data-element_type=\"column\">\n\t\t\t<div class=\"elementor-widget-wrap elementor-element-populated\">\n\t\t\t\t\t\t<div class=\"elementor-element elementor-element-aea4e3e dce_masking-none elementor-widget elementor-widget-image\" data-id=\"aea4e3e\" data-element_type=\"widget\" data-widget_type=\"image.default\">\n\t\t\t\t<div class=\"elementor-widget-container\">\n\t\t\t\t\t\t\t\t\t\t\t\t\t\t\t\t<a href=\"http:\/\/comite-civico.org\/wp-content\/uploads\/2025\/11\/Agenda-semana-del-24-al-29-de-noviembre-de-2025.pdf\">\n\t\t\t\t\t\t\t<img fetchpriority=\"high\" decoding=\"async\" width=\"1024\" height=\"213\" src=\"https:\/\/comite-civico.org\/wp-content\/uploads\/2025\/08\/descarga-pdf-paro-civico-1024x213.jpg\" class=\"attachment-large size-large wp-image-2395\" alt=\"\" srcset=\"https:\/\/comite-civico.org\/wp-content\/uploads\/2025\/08\/descarga-pdf-paro-civico-1024x213.jpg 1024w, https:\/\/comite-civico.org\/wp-content\/uploads\/2025\/08\/descarga-pdf-paro-civico-300x63.jpg 300w, https:\/\/comite-civico.org\/wp-content\/uploads\/2025\/08\/descarga-pdf-paro-civico-768x160.jpg 768w, https:\/\/comite-civico.org\/wp-content\/uploads\/2025\/08\/descarga-pdf-paro-civico-1536x320.jpg 1536w, https:\/\/comite-civico.org\/wp-content\/uploads\/2025\/08\/descarga-pdf-paro-civico.jpg 1920w\" sizes=\"(max-width: 1024px) 100vw, 1024px\" \/>\t\t\t\t\t\t\t\t<\/a>\n\t\t\t\t\t\t\t\t\t\t\t\t\t\t\t<\/div>\n\t\t\t\t<\/div>\n\t\t\t\t\t<\/div>\n\t\t<\/div>\n\t\t\t\t\t<\/div>\n\t\t<\/section>\n\t\t\t\t<\/div>\n\t\t","protected":false},"excerpt":{"rendered":"<p>\u00a0 Invitamos a la comunidad y a las organizaciones aliadas a conocer y participar en la Semana de seguimiento a los acuerdos del Paro C\u00edvico de Buenaventura. En esta jornada tendremos espacios de gobernanza anticipatoria, seguimiento a proyectos, mesas tem\u00e1ticas y visitas de monitoreo a beneficiarias de los procesos de integraci\u00f3n socioecon\u00f3mica. Consulte aqu\u00ed la &#8230; <a title=\"Agenda del 24 al 29 de noviembre de 2025\" class=\"read-more\" href=\"https:\/\/comite-civico.org\/?p=3162\" aria-label=\"Read more about Agenda del 24 al 29 de noviembre de 2025\">Leer m\u00e1s<\/a><\/p>\n","protected":false},"author":1,"featured_media":3146,"comment_status":"open","ping_status":"open","sticky":false,"template":"","format":"standard","meta":{"footnotes":""},"categories":[1],"tags":[],"class_list":["post-3162","post","type-post","status-publish","format-standard","has-post-thumbnail","hentry","category-sin-categoria"],"acf":[],"yoast_head":"<!-- This site is optimized with the Yoast SEO plugin v25.0 - https:\/\/yoast.com\/wordpress\/plugins\/seo\/ -->\n<title>Agenda del 24 al 29 de noviembre de 2025 - Movimiento Social Paro C\u00edvico de Buenaventura<\/title>\n<meta name=\"robots\" content=\"index, follow, max-snippet:-1, max-image-preview:large, max-video-preview:-1\" \/>\n<link rel=\"canonical\" href=\"https:\/\/comite-civico.org\/?p=3162\" \/>\n<meta property=\"og:locale\" content=\"es_ES\" \/>\n<meta property=\"og:type\" content=\"article\" \/>\n<meta property=\"og:title\" content=\"Agenda del 24 al 29 de noviembre de 2025 - Movimiento Social Paro C\u00edvico de Buenaventura\" \/>\n<meta property=\"og:description\" content=\"\u00a0 Invitamos a la comunidad y a las organizaciones aliadas a conocer y participar en la Semana de seguimiento a los acuerdos del Paro C\u00edvico de Buenaventura. En esta jornada tendremos espacios de gobernanza anticipatoria, seguimiento a proyectos, mesas tem\u00e1ticas y visitas de monitoreo a beneficiarias de los procesos de integraci\u00f3n socioecon\u00f3mica. Consulte aqu\u00ed la ... Leer m\u00e1s\" \/>\n<meta property=\"og:url\" content=\"https:\/\/comite-civico.org\/?p=3162\" \/>\n<meta property=\"og:site_name\" content=\"Movimiento Social Paro C\u00edvico de Buenaventura\" \/>\n<meta property=\"article:published_time\" content=\"2025-11-25T13:52:17+00:00\" \/>\n<meta property=\"article:modified_time\" content=\"2025-11-25T14:10:03+00:00\" \/>\n<meta property=\"og:image\" content=\"http:\/\/comite-civico.org\/wp-content\/uploads\/2025\/11\/post-24-29-NV-scaled.jpg\" \/>\n\t<meta property=\"og:image:width\" content=\"2560\" \/>\n\t<meta property=\"og:image:height\" content=\"1440\" \/>\n\t<meta property=\"og:image:type\" content=\"image\/jpeg\" \/>\n<meta name=\"author\" content=\"comiteadmin\" \/>\n<meta name=\"twitter:card\" content=\"summary_large_image\" \/>\n<meta name=\"twitter:label1\" content=\"Escrito por\" \/>\n\t<meta name=\"twitter:data1\" content=\"comiteadmin\" \/>\n\t<meta name=\"twitter:label2\" content=\"Tiempo de lectura\" \/>\n\t<meta name=\"twitter:data2\" content=\"2 minutos\" \/>\n<script type=\"application\/ld+json\" class=\"yoast-schema-graph\">{\"@context\":\"https:\/\/schema.org\",\"@graph\":[{\"@type\":\"Article\",\"@id\":\"https:\/\/comite-civico.org\/?p=3162#article\",\"isPartOf\":{\"@id\":\"https:\/\/comite-civico.org\/?p=3162\"},\"author\":{\"name\":\"comiteadmin\",\"@id\":\"https:\/\/comite-civico.org\/#\/schema\/person\/eebdf569aa3565fa603cc9c5b53cea34\"},\"headline\":\"Agenda del 24 al 29 de noviembre de 2025\",\"datePublished\":\"2025-11-25T13:52:17+00:00\",\"dateModified\":\"2025-11-25T14:10:03+00:00\",\"mainEntityOfPage\":{\"@id\":\"https:\/\/comite-civico.org\/?p=3162\"},\"wordCount\":338,\"commentCount\":0,\"publisher\":{\"@id\":\"https:\/\/comite-civico.org\/#organization\"},\"image\":{\"@id\":\"https:\/\/comite-civico.org\/?p=3162#primaryimage\"},\"thumbnailUrl\":\"https:\/\/comite-civico.org\/wp-content\/uploads\/2025\/11\/post-24-29-NV-scaled.jpg\",\"inLanguage\":\"es-CO\",\"potentialAction\":[{\"@type\":\"CommentAction\",\"name\":\"Comment\",\"target\":[\"https:\/\/comite-civico.org\/?p=3162#respond\"]}]},{\"@type\":\"WebPage\",\"@id\":\"https:\/\/comite-civico.org\/?p=3162\",\"url\":\"https:\/\/comite-civico.org\/?p=3162\",\"name\":\"Agenda del 24 al 29 de noviembre de 2025 - Movimiento Social Paro C\u00edvico de Buenaventura\",\"isPartOf\":{\"@id\":\"https:\/\/comite-civico.org\/#website\"},\"primaryImageOfPage\":{\"@id\":\"https:\/\/comite-civico.org\/?p=3162#primaryimage\"},\"image\":{\"@id\":\"https:\/\/comite-civico.org\/?p=3162#primaryimage\"},\"thumbnailUrl\":\"https:\/\/comite-civico.org\/wp-content\/uploads\/2025\/11\/post-24-29-NV-scaled.jpg\",\"datePublished\":\"2025-11-25T13:52:17+00:00\",\"dateModified\":\"2025-11-25T14:10:03+00:00\",\"breadcrumb\":{\"@id\":\"https:\/\/comite-civico.org\/?p=3162#breadcrumb\"},\"inLanguage\":\"es-CO\",\"potentialAction\":[{\"@type\":\"ReadAction\",\"target\":[\"https:\/\/comite-civico.org\/?p=3162\"]}]},{\"@type\":\"ImageObject\",\"inLanguage\":\"es-CO\",\"@id\":\"https:\/\/comite-civico.org\/?p=3162#primaryimage\",\"url\":\"https:\/\/comite-civico.org\/wp-content\/uploads\/2025\/11\/post-24-29-NV-scaled.jpg\",\"contentUrl\":\"https:\/\/comite-civico.org\/wp-content\/uploads\/2025\/11\/post-24-29-NV-scaled.jpg\",\"width\":2560,\"height\":1440},{\"@type\":\"BreadcrumbList\",\"@id\":\"https:\/\/comite-civico.org\/?p=3162#breadcrumb\",\"itemListElement\":[{\"@type\":\"ListItem\",\"position\":1,\"name\":\"Inicio\",\"item\":\"https:\/\/comite-civico.org\/\"},{\"@type\":\"ListItem\",\"position\":2,\"name\":\"Agenda del 24 al 29 de noviembre de 2025\"}]},{\"@type\":\"WebSite\",\"@id\":\"https:\/\/comite-civico.org\/#website\",\"url\":\"https:\/\/comite-civico.org\/\",\"name\":\"Movimiento Social Paro C\u00edvico de Buenaventura\",\"description\":\"Movimiento Social Paro C\u00edvico de Buenaventura\",\"publisher\":{\"@id\":\"https:\/\/comite-civico.org\/#organization\"},\"potentialAction\":[{\"@type\":\"SearchAction\",\"target\":{\"@type\":\"EntryPoint\",\"urlTemplate\":\"https:\/\/comite-civico.org\/?s={search_term_string}\"},\"query-input\":{\"@type\":\"PropertyValueSpecification\",\"valueRequired\":true,\"valueName\":\"search_term_string\"}}],\"inLanguage\":\"es-CO\"},{\"@type\":\"Organization\",\"@id\":\"https:\/\/comite-civico.org\/#organization\",\"name\":\"Movimiento Social Paro C\u00edvico de Buenaventura\",\"url\":\"https:\/\/comite-civico.org\/\",\"logo\":{\"@type\":\"ImageObject\",\"inLanguage\":\"es-CO\",\"@id\":\"https:\/\/comite-civico.org\/#\/schema\/logo\/image\/\",\"url\":\"https:\/\/comite-civico.org\/wp-content\/uploads\/2021\/03\/Logo-de-Movimiento-Blanco-scaled.png\",\"contentUrl\":\"https:\/\/comite-civico.org\/wp-content\/uploads\/2021\/03\/Logo-de-Movimiento-Blanco-scaled.png\",\"width\":2560,\"height\":1810,\"caption\":\"Movimiento Social Paro C\u00edvico de Buenaventura\"},\"image\":{\"@id\":\"https:\/\/comite-civico.org\/#\/schema\/logo\/image\/\"}},{\"@type\":\"Person\",\"@id\":\"https:\/\/comite-civico.org\/#\/schema\/person\/eebdf569aa3565fa603cc9c5b53cea34\",\"name\":\"comiteadmin\",\"image\":{\"@type\":\"ImageObject\",\"inLanguage\":\"es-CO\",\"@id\":\"https:\/\/comite-civico.org\/#\/schema\/person\/image\/\",\"url\":\"https:\/\/secure.gravatar.com\/avatar\/516fb540621996b28f565fdf033072d55dd3fe76896ef4af5250b5fec1b457fe?s=96&d=mm&r=g\",\"contentUrl\":\"https:\/\/secure.gravatar.com\/avatar\/516fb540621996b28f565fdf033072d55dd3fe76896ef4af5250b5fec1b457fe?s=96&d=mm&r=g\",\"caption\":\"comiteadmin\"},\"sameAs\":[\"https:\/\/comite-civico.org\/\"],\"url\":\"https:\/\/comite-civico.org\/?author=1\"}]}<\/script>\n<!-- \/ Yoast SEO plugin. -->","yoast_head_json":{"title":"Agenda del 24 al 29 de noviembre de 2025 - Movimiento Social Paro C\u00edvico de Buenaventura","robots":{"index":"index","follow":"follow","max-snippet":"max-snippet:-1","max-image-preview":"max-image-preview:large","max-video-preview":"max-video-preview:-1"},"canonical":"https:\/\/comite-civico.org\/?p=3162","og_locale":"es_ES","og_type":"article","og_title":"Agenda del 24 al 29 de noviembre de 2025 - Movimiento Social Paro C\u00edvico de Buenaventura","og_description":"\u00a0 Invitamos a la comunidad y a las organizaciones aliadas a conocer y participar en la Semana de seguimiento a los acuerdos del Paro C\u00edvico de Buenaventura. En esta jornada tendremos espacios de gobernanza anticipatoria, seguimiento a proyectos, mesas tem\u00e1ticas y visitas de monitoreo a beneficiarias de los procesos de integraci\u00f3n socioecon\u00f3mica. Consulte aqu\u00ed la ... Leer m\u00e1s","og_url":"https:\/\/comite-civico.org\/?p=3162","og_site_name":"Movimiento Social Paro C\u00edvico de Buenaventura","article_published_time":"2025-11-25T13:52:17+00:00","article_modified_time":"2025-11-25T14:10:03+00:00","og_image":[{"width":2560,"height":1440,"url":"http:\/\/comite-civico.org\/wp-content\/uploads\/2025\/11\/post-24-29-NV-scaled.jpg","type":"image\/jpeg"}],"author":"comiteadmin","twitter_card":"summary_large_image","twitter_misc":{"Escrito por":"comiteadmin","Tiempo de lectura":"2 minutos"},"schema":{"@context":"https:\/\/schema.org","@graph":[{"@type":"Article","@id":"https:\/\/comite-civico.org\/?p=3162#article","isPartOf":{"@id":"https:\/\/comite-civico.org\/?p=3162"},"author":{"name":"comiteadmin","@id":"https:\/\/comite-civico.org\/#\/schema\/person\/eebdf569aa3565fa603cc9c5b53cea34"},"headline":"Agenda del 24 al 29 de noviembre de 2025","datePublished":"2025-11-25T13:52:17+00:00","dateModified":"2025-11-25T14:10:03+00:00","mainEntityOfPage":{"@id":"https:\/\/comite-civico.org\/?p=3162"},"wordCount":338,"commentCount":0,"publisher":{"@id":"https:\/\/comite-civico.org\/#organization"},"image":{"@id":"https:\/\/comite-civico.org\/?p=3162#primaryimage"},"thumbnailUrl":"https:\/\/comite-civico.org\/wp-content\/uploads\/2025\/11\/post-24-29-NV-scaled.jpg","inLanguage":"es-CO","potentialAction":[{"@type":"CommentAction","name":"Comment","target":["https:\/\/comite-civico.org\/?p=3162#respond"]}]},{"@type":"WebPage","@id":"https:\/\/comite-civico.org\/?p=3162","url":"https:\/\/comite-civico.org\/?p=3162","name":"Agenda del 24 al 29 de noviembre de 2025 - Movimiento Social Paro C\u00edvico de Buenaventura","isPartOf":{"@id":"https:\/\/comite-civico.org\/#website"},"primaryImageOfPage":{"@id":"https:\/\/comite-civico.org\/?p=3162#primaryimage"},"image":{"@id":"https:\/\/comite-civico.org\/?p=3162#primaryimage"},"thumbnailUrl":"https:\/\/comite-civico.org\/wp-content\/uploads\/2025\/11\/post-24-29-NV-scaled.jpg","datePublished":"2025-11-25T13:52:17+00:00","dateModified":"2025-11-25T14:10:03+00:00","breadcrumb":{"@id":"https:\/\/comite-civico.org\/?p=3162#breadcrumb"},"inLanguage":"es-CO","potentialAction":[{"@type":"ReadAction","target":["https:\/\/comite-civico.org\/?p=3162"]}]},{"@type":"ImageObject","inLanguage":"es-CO","@id":"https:\/\/comite-civico.org\/?p=3162#primaryimage","url":"https:\/\/comite-civico.org\/wp-content\/uploads\/2025\/11\/post-24-29-NV-scaled.jpg","contentUrl":"https:\/\/comite-civico.org\/wp-content\/uploads\/2025\/11\/post-24-29-NV-scaled.jpg","width":2560,"height":1440},{"@type":"BreadcrumbList","@id":"https:\/\/comite-civico.org\/?p=3162#breadcrumb","itemListElement":[{"@type":"ListItem","position":1,"name":"Inicio","item":"https:\/\/comite-civico.org\/"},{"@type":"ListItem","position":2,"name":"Agenda del 24 al 29 de noviembre de 2025"}]},{"@type":"WebSite","@id":"https:\/\/comite-civico.org\/#website","url":"https:\/\/comite-civico.org\/","name":"Movimiento Social Paro C\u00edvico de Buenaventura","description":"Movimiento Social Paro C\u00edvico de Buenaventura","publisher":{"@id":"https:\/\/comite-civico.org\/#organization"},"potentialAction":[{"@type":"SearchAction","target":{"@type":"EntryPoint","urlTemplate":"https:\/\/comite-civico.org\/?s={search_term_string}"},"query-input":{"@type":"PropertyValueSpecification","valueRequired":true,"valueName":"search_term_string"}}],"inLanguage":"es-CO"},{"@type":"Organization","@id":"https:\/\/comite-civico.org\/#organization","name":"Movimiento Social Paro C\u00edvico de Buenaventura","url":"https:\/\/comite-civico.org\/","logo":{"@type":"ImageObject","inLanguage":"es-CO","@id":"https:\/\/comite-civico.org\/#\/schema\/logo\/image\/","url":"https:\/\/comite-civico.org\/wp-content\/uploads\/2021\/03\/Logo-de-Movimiento-Blanco-scaled.png","contentUrl":"https:\/\/comite-civico.org\/wp-content\/uploads\/2021\/03\/Logo-de-Movimiento-Blanco-scaled.png","width":2560,"height":1810,"caption":"Movimiento Social Paro C\u00edvico de Buenaventura"},"image":{"@id":"https:\/\/comite-civico.org\/#\/schema\/logo\/image\/"}},{"@type":"Person","@id":"https:\/\/comite-civico.org\/#\/schema\/person\/eebdf569aa3565fa603cc9c5b53cea34","name":"comiteadmin","image":{"@type":"ImageObject","inLanguage":"es-CO","@id":"https:\/\/comite-civico.org\/#\/schema\/person\/image\/","url":"https:\/\/secure.gravatar.com\/avatar\/516fb540621996b28f565fdf033072d55dd3fe76896ef4af5250b5fec1b457fe?s=96&d=mm&r=g","contentUrl":"https:\/\/secure.gravatar.com\/avatar\/516fb540621996b28f565fdf033072d55dd3fe76896ef4af5250b5fec1b457fe?s=96&d=mm&r=g","caption":"comiteadmin"},"sameAs":["https:\/\/comite-civico.org\/"],"url":"https:\/\/comite-civico.org\/?author=1"}]}},"_links":{"self":[{"href":"https:\/\/comite-civico.org\/index.php?rest_route=\/wp\/v2\/posts\/3162","targetHints":{"allow":["GET"]}}],"collection":[{"href":"https:\/\/comite-civico.org\/index.php?rest_route=\/wp\/v2\/posts"}],"about":[{"href":"https:\/\/comite-civico.org\/index.php?rest_route=\/wp\/v2\/types\/post"}],"author":[{"embeddable":true,"href":"https:\/\/comite-civico.org\/index.php?rest_route=\/wp\/v2\/users\/1"}],"replies":[{"embeddable":true,"href":"https:\/\/comite-civico.org\/index.php?rest_route=%2Fwp%2Fv2%2Fcomments&post=3162"}],"version-history":[{"count":13,"href":"https:\/\/comite-civico.org\/index.php?rest_route=\/wp\/v2\/posts\/3162\/revisions"}],"predecessor-version":[{"id":3177,"href":"https:\/\/comite-civico.org\/index.php?rest_route=\/wp\/v2\/posts\/3162\/revisions\/3177"}],"wp:featuredmedia":[{"embeddable":true,"href":"https:\/\/comite-civico.org\/index.php?rest_route=\/wp\/v2\/media\/3146"}],"wp:attachment":[{"href":"https:\/\/comite-civico.org\/index.php?rest_route=%2Fwp%2Fv2%2Fmedia&parent=3162"}],"wp:term":[{"taxonomy":"category","embeddable":true,"href":"https:\/\/comite-civico.org\/index.php?rest_route=%2Fwp%2Fv2%2Fcategories&post=3162"},{"taxonomy":"post_tag","embeddable":true,"href":"https:\/\/comite-civico.org\/index.php?rest_route=%2Fwp%2Fv2%2Ftags&post=3162"}],"curies":[{"name":"wp","href":"https:\/\/api.w.org\/{rel}","templated":true}]}}