{"id":3145,"date":"2025-11-25T08:10:34","date_gmt":"2025-11-25T13:10:34","guid":{"rendered":"https:\/\/comite-civico.org\/?p=3145"},"modified":"2025-11-25T08:19:56","modified_gmt":"2025-11-25T13:19:56","slug":"se-reinicia-de-la-obra-del-estadio-marino-klinger","status":"publish","type":"post","link":"https:\/\/comite-civico.org\/?p=3145","title":{"rendered":"SE REINICIA DE LA OBRA DEL ESTADIO MARINO KL\u00cdNGER"},"content":{"rendered":"\t\t<div data-elementor-type=\"wp-post\" data-elementor-id=\"3145\" class=\"elementor elementor-3145\" data-elementor-post-type=\"post\">\n\t\t\t\t\t\t<section data-particle_enable=\"false\" data-particle-mobile-disabled=\"false\" class=\"elementor-section elementor-top-section elementor-element elementor-element-608a6c6 elementor-section-boxed elementor-section-height-default elementor-section-height-default\" data-id=\"608a6c6\" data-element_type=\"section\" data-settings=\"{&quot;jet_parallax_layout_list&quot;:[]}\">\n\t\t\t\t\t\t<div class=\"elementor-container elementor-column-gap-default\">\n\t\t\t\t\t<div class=\"elementor-column elementor-col-100 elementor-top-column elementor-element elementor-element-a2ca4af\" data-id=\"a2ca4af\" data-element_type=\"column\">\n\t\t\t<div class=\"elementor-widget-wrap elementor-element-populated\">\n\t\t\t\t\t\t<div class=\"elementor-element elementor-element-51c8001 elementor-widget elementor-widget-text-editor\" data-id=\"51c8001\" data-element_type=\"widget\" data-widget_type=\"text-editor.default\">\n\t\t\t\t<div class=\"elementor-widget-container\">\n\t\t\t\t\t\t\t\t\t<p>Buenaventura D.E., 24 de noviembre de 2025. El Fondo para el Desarrollo Integral del Distrito Especial de Buenaventura \u2013 FonBuenaventura informa a la ciudadan\u00eda que, durante la Sesi\u00f3n Extraordinaria de la Junta Administradora del Fondo (JAF) realizada este lunes 24 de noviembre, se aprob\u00f3 el reinicio de la Fase 1 del Estadio Marino Kl\u00ednger.<br \/>La Junta Administradora del Fondo, integrada por delegados de alto nivel del Gobierno Nacional \u2014Ministerio de Hacienda, Ministerio del Interior, Ministerio de Vivienda, el Departamento Nacional de Planeaci\u00f3n y la Alta Consejer\u00eda para las Regiones\u2014 junto con la Gobernaci\u00f3n del Valle del Cauca, la Alcald\u00eda Distrital de Buenaventura y los representantes de la comunidad, particip\u00f3 activamente en la toma de esta decisi\u00f3n garantizando que el avance del Estadio Marino Klinger responda a criterios t\u00e9cnicos, transparencia y al compromiso colectivo por el desarrollo integral del Distrito Especial de Buenaventura.<\/p><p>Esta decisi\u00f3n representa un paso decisivo para avanzar en la culminaci\u00f3n de una obra prioritaria para el deporte, la juventud y el desarrollo urbano del Distrito. El deporte es, para la comunidad bonaverense, un derecho fundamental y un eje clave para la formaci\u00f3n integral, la salud f\u00edsica y mental, la inclusi\u00f3n social y la construcci\u00f3n de paz. Por ello, el reinicio de esta fase representa un avance significativo para el bienestar y las oportunidades de la poblaci\u00f3n.<br \/>\u00bfEn qu\u00e9 consiste la propuesta para reinicio de la construcci\u00f3n?<br \/>La propuesta integra la valoraci\u00f3n estructural de la cimentaci\u00f3n dentro del contrato de obra, lo cual permite optimizar tiempos, recursos y etapas del proceso. Esta opci\u00f3n permite:<\/p><p>\u2022 Comenzar el proceso de selecci\u00f3n del contratista en un plazo estimado de 2 meses a partir de la entrega de la Certificaci\u00f3n de Disponibilidad Presupuestal (CDP) por parte del Ministerio del Deporte.<br \/>\u2022 Avanzar hacia la reactivaci\u00f3n de obra en mayo de 2026.<br \/>\u2022 Asegurar una ejecuci\u00f3n m\u00e1s eficiente, sin sacrificar calidad t\u00e9cnica ni alcance.<\/p><p>Acciones aprobadas por la JAF<br \/>En el marco de esta propuesta, la Junta aprob\u00f3 los siguientes componentes fundamentales:<\/p><p>1. Estudios y chequeos estructurales de la cimentaci\u00f3n, incluidos en el contrato de obra.<br \/>2. Renovaci\u00f3n de la licencia de construcci\u00f3n del Estadio Marino Kl\u00ednger.<br \/>3. Construcci\u00f3n de 620 metros lineales de cerramiento provisional en l\u00e1mina de zinc y tuber\u00eda met\u00e1lica para protecci\u00f3n del predio.<br \/>4. Servicio de vigilancia con un rondero durante 5 meses.<br \/>Estas acciones garantizan la protecci\u00f3n de las obras ejecutadas, el cumplimiento normativo y las condiciones necesarias para iniciar la fase de ejecuci\u00f3n en los tiempos definidos.<\/p><p>La aprobaci\u00f3n de la propuesta reafirma el compromiso de FonBuenaventura y de las entidades que integran la Junta con la transparencia, la eficiencia y el avance de proyectos estrat\u00e9gicos que aportan al bienestar de la comunidad.<br \/>El Estadio Marino Kl\u00ednger es una obra emblem\u00e1tica para la ciudad, y su reactivaci\u00f3n permitir\u00e1 avanzar hacia un escenario deportivo moderno, seguro y acorde a las necesidades del territorio.<br \/>FonBuenaventura continuar\u00e1 informando de manera oportuna cada avance para garantizar que la ciudadan\u00eda conozca el progreso del proyecto.<\/p><p>Asesora de Comunicaciones \u2013 FonBuenaventura karoldelacruz.angulo@gestiondelriesgo.gov.co Facebook \/ LinkedIn \/ X: FonBuenaventura \u2013 PIEDB 2040<\/p>\t\t\t\t\t\t\t\t<\/div>\n\t\t\t\t<\/div>\n\t\t\t\t\t<\/div>\n\t\t<\/div>\n\t\t\t\t\t<\/div>\n\t\t<\/section>\n\t\t\t\t<section data-particle_enable=\"false\" data-particle-mobile-disabled=\"false\" class=\"elementor-section elementor-top-section elementor-element elementor-element-f2cb28b elementor-section-boxed elementor-section-height-default elementor-section-height-default\" data-id=\"f2cb28b\" data-element_type=\"section\" data-settings=\"{&quot;jet_parallax_layout_list&quot;:[]}\">\n\t\t\t\t\t\t<div class=\"elementor-container elementor-column-gap-default\">\n\t\t\t\t\t<div class=\"elementor-column elementor-col-100 elementor-top-column elementor-element elementor-element-9fa043d\" data-id=\"9fa043d\" data-element_type=\"column\">\n\t\t\t<div class=\"elementor-widget-wrap elementor-element-populated\">\n\t\t\t\t\t\t<div class=\"elementor-element elementor-element-03b142f dce_masking-none elementor-widget elementor-widget-image\" data-id=\"03b142f\" data-element_type=\"widget\" data-widget_type=\"image.default\">\n\t\t\t\t<div class=\"elementor-widget-container\">\n\t\t\t\t\t\t\t\t\t\t\t\t\t\t\t\t<a href=\"http:\/\/comite-civico.org\/wp-content\/uploads\/2025\/11\/Comunicado-de-Prensa-sobre-JE-Aprobacion-de-reinicio-de-obra-del-MK_25Nov.pdfhttp:\/\/comite-civico.org\/wp-content\/uploads\/2025\/11\/Comunicado-de-Prensa-sobre-JE-Aprobacion-de-reinicio-de-obra-del-MK_25Nov.pdf\">\n\t\t\t\t\t\t\t<img fetchpriority=\"high\" decoding=\"async\" width=\"1024\" height=\"213\" src=\"https:\/\/comite-civico.org\/wp-content\/uploads\/2025\/11\/descarga-PDF-FONBUENAVENTURA-1024x213.jpg\" class=\"attachment-large size-large wp-image-2997\" alt=\"\" srcset=\"https:\/\/comite-civico.org\/wp-content\/uploads\/2025\/11\/descarga-PDF-FONBUENAVENTURA-1024x213.jpg 1024w, https:\/\/comite-civico.org\/wp-content\/uploads\/2025\/11\/descarga-PDF-FONBUENAVENTURA-300x63.jpg 300w, https:\/\/comite-civico.org\/wp-content\/uploads\/2025\/11\/descarga-PDF-FONBUENAVENTURA-768x160.jpg 768w, https:\/\/comite-civico.org\/wp-content\/uploads\/2025\/11\/descarga-PDF-FONBUENAVENTURA-1536x320.jpg 1536w, https:\/\/comite-civico.org\/wp-content\/uploads\/2025\/11\/descarga-PDF-FONBUENAVENTURA.jpg 1920w\" sizes=\"(max-width: 1024px) 100vw, 1024px\" \/>\t\t\t\t\t\t\t\t<\/a>\n\t\t\t\t\t\t\t\t\t\t\t\t\t\t\t<\/div>\n\t\t\t\t<\/div>\n\t\t\t\t\t<\/div>\n\t\t<\/div>\n\t\t\t\t\t<\/div>\n\t\t<\/section>\n\t\t\t\t<\/div>\n\t\t","protected":false},"excerpt":{"rendered":"<p>Buenaventura D.E., 24 de noviembre de 2025. El Fondo para el Desarrollo Integral del Distrito Especial de Buenaventura \u2013 FonBuenaventura informa a la ciudadan\u00eda que, durante la Sesi\u00f3n Extraordinaria de la Junta Administradora del Fondo (JAF) realizada este lunes 24 de noviembre, se aprob\u00f3 el reinicio de la Fase 1 del Estadio Marino Kl\u00ednger.La Junta &#8230; <a title=\"SE REINICIA DE LA OBRA DEL ESTADIO MARINO KL\u00cdNGER\" class=\"read-more\" href=\"https:\/\/comite-civico.org\/?p=3145\" aria-label=\"Read more about SE REINICIA DE LA OBRA DEL ESTADIO MARINO KL\u00cdNGER\">Leer m\u00e1s<\/a><\/p>\n","protected":false},"author":1,"featured_media":3152,"comment_status":"open","ping_status":"open","sticky":false,"template":"","format":"standard","meta":{"footnotes":""},"categories":[1],"tags":[],"class_list":["post-3145","post","type-post","status-publish","format-standard","has-post-thumbnail","hentry","category-sin-categoria"],"acf":[],"yoast_head":"<!-- This site is optimized with the Yoast SEO plugin v25.0 - https:\/\/yoast.com\/wordpress\/plugins\/seo\/ -->\n<title>SE REINICIA DE LA OBRA DEL ESTADIO MARINO KL\u00cdNGER - Movimiento Social Paro C\u00edvico de Buenaventura<\/title>\n<meta name=\"robots\" content=\"index, follow, max-snippet:-1, max-image-preview:large, max-video-preview:-1\" \/>\n<link rel=\"canonical\" href=\"https:\/\/comite-civico.org\/?p=3145\" \/>\n<meta property=\"og:locale\" content=\"es_ES\" \/>\n<meta property=\"og:type\" content=\"article\" \/>\n<meta property=\"og:title\" content=\"SE REINICIA DE LA OBRA DEL ESTADIO MARINO KL\u00cdNGER - Movimiento Social Paro C\u00edvico de Buenaventura\" \/>\n<meta property=\"og:description\" content=\"Buenaventura D.E., 24 de noviembre de 2025. El Fondo para el Desarrollo Integral del Distrito Especial de Buenaventura \u2013 FonBuenaventura informa a la ciudadan\u00eda que, durante la Sesi\u00f3n Extraordinaria de la Junta Administradora del Fondo (JAF) realizada este lunes 24 de noviembre, se aprob\u00f3 el reinicio de la Fase 1 del Estadio Marino Kl\u00ednger.La Junta ... Leer m\u00e1s\" \/>\n<meta property=\"og:url\" content=\"https:\/\/comite-civico.org\/?p=3145\" \/>\n<meta property=\"og:site_name\" content=\"Movimiento Social Paro C\u00edvico de Buenaventura\" \/>\n<meta property=\"article:published_time\" content=\"2025-11-25T13:10:34+00:00\" \/>\n<meta property=\"article:modified_time\" content=\"2025-11-25T13:19:56+00:00\" \/>\n<meta property=\"og:image\" content=\"http:\/\/comite-civico.org\/wp-content\/uploads\/2025\/11\/MARINO-KLINGER-02-scaled.jpg\" \/>\n\t<meta property=\"og:image:width\" content=\"2560\" \/>\n\t<meta property=\"og:image:height\" content=\"1440\" \/>\n\t<meta property=\"og:image:type\" content=\"image\/jpeg\" \/>\n<meta name=\"author\" content=\"comiteadmin\" \/>\n<meta name=\"twitter:card\" content=\"summary_large_image\" \/>\n<meta name=\"twitter:label1\" content=\"Escrito por\" \/>\n\t<meta name=\"twitter:data1\" content=\"comiteadmin\" \/>\n\t<meta name=\"twitter:label2\" content=\"Tiempo de lectura\" \/>\n\t<meta name=\"twitter:data2\" content=\"3 minutos\" \/>\n<script type=\"application\/ld+json\" class=\"yoast-schema-graph\">{\"@context\":\"https:\/\/schema.org\",\"@graph\":[{\"@type\":\"Article\",\"@id\":\"https:\/\/comite-civico.org\/?p=3145#article\",\"isPartOf\":{\"@id\":\"https:\/\/comite-civico.org\/?p=3145\"},\"author\":{\"name\":\"comiteadmin\",\"@id\":\"https:\/\/comite-civico.org\/#\/schema\/person\/eebdf569aa3565fa603cc9c5b53cea34\"},\"headline\":\"SE REINICIA DE LA OBRA DEL ESTADIO MARINO KL\u00cdNGER\",\"datePublished\":\"2025-11-25T13:10:34+00:00\",\"dateModified\":\"2025-11-25T13:19:56+00:00\",\"mainEntityOfPage\":{\"@id\":\"https:\/\/comite-civico.org\/?p=3145\"},\"wordCount\":545,\"commentCount\":0,\"publisher\":{\"@id\":\"https:\/\/comite-civico.org\/#organization\"},\"image\":{\"@id\":\"https:\/\/comite-civico.org\/?p=3145#primaryimage\"},\"thumbnailUrl\":\"https:\/\/comite-civico.org\/wp-content\/uploads\/2025\/11\/MARINO-KLINGER-02-scaled.jpg\",\"inLanguage\":\"es-CO\",\"potentialAction\":[{\"@type\":\"CommentAction\",\"name\":\"Comment\",\"target\":[\"https:\/\/comite-civico.org\/?p=3145#respond\"]}]},{\"@type\":\"WebPage\",\"@id\":\"https:\/\/comite-civico.org\/?p=3145\",\"url\":\"https:\/\/comite-civico.org\/?p=3145\",\"name\":\"SE REINICIA DE LA OBRA DEL ESTADIO MARINO KL\u00cdNGER - Movimiento Social Paro C\u00edvico de Buenaventura\",\"isPartOf\":{\"@id\":\"https:\/\/comite-civico.org\/#website\"},\"primaryImageOfPage\":{\"@id\":\"https:\/\/comite-civico.org\/?p=3145#primaryimage\"},\"image\":{\"@id\":\"https:\/\/comite-civico.org\/?p=3145#primaryimage\"},\"thumbnailUrl\":\"https:\/\/comite-civico.org\/wp-content\/uploads\/2025\/11\/MARINO-KLINGER-02-scaled.jpg\",\"datePublished\":\"2025-11-25T13:10:34+00:00\",\"dateModified\":\"2025-11-25T13:19:56+00:00\",\"breadcrumb\":{\"@id\":\"https:\/\/comite-civico.org\/?p=3145#breadcrumb\"},\"inLanguage\":\"es-CO\",\"potentialAction\":[{\"@type\":\"ReadAction\",\"target\":[\"https:\/\/comite-civico.org\/?p=3145\"]}]},{\"@type\":\"ImageObject\",\"inLanguage\":\"es-CO\",\"@id\":\"https:\/\/comite-civico.org\/?p=3145#primaryimage\",\"url\":\"https:\/\/comite-civico.org\/wp-content\/uploads\/2025\/11\/MARINO-KLINGER-02-scaled.jpg\",\"contentUrl\":\"https:\/\/comite-civico.org\/wp-content\/uploads\/2025\/11\/MARINO-KLINGER-02-scaled.jpg\",\"width\":2560,\"height\":1440},{\"@type\":\"BreadcrumbList\",\"@id\":\"https:\/\/comite-civico.org\/?p=3145#breadcrumb\",\"itemListElement\":[{\"@type\":\"ListItem\",\"position\":1,\"name\":\"Inicio\",\"item\":\"https:\/\/comite-civico.org\/\"},{\"@type\":\"ListItem\",\"position\":2,\"name\":\"SE REINICIA DE LA OBRA DEL ESTADIO MARINO KL\u00cdNGER\"}]},{\"@type\":\"WebSite\",\"@id\":\"https:\/\/comite-civico.org\/#website\",\"url\":\"https:\/\/comite-civico.org\/\",\"name\":\"Movimiento Social Paro C\u00edvico de Buenaventura\",\"description\":\"Movimiento Social Paro C\u00edvico de Buenaventura\",\"publisher\":{\"@id\":\"https:\/\/comite-civico.org\/#organization\"},\"potentialAction\":[{\"@type\":\"SearchAction\",\"target\":{\"@type\":\"EntryPoint\",\"urlTemplate\":\"https:\/\/comite-civico.org\/?s={search_term_string}\"},\"query-input\":{\"@type\":\"PropertyValueSpecification\",\"valueRequired\":true,\"valueName\":\"search_term_string\"}}],\"inLanguage\":\"es-CO\"},{\"@type\":\"Organization\",\"@id\":\"https:\/\/comite-civico.org\/#organization\",\"name\":\"Movimiento Social Paro C\u00edvico de Buenaventura\",\"url\":\"https:\/\/comite-civico.org\/\",\"logo\":{\"@type\":\"ImageObject\",\"inLanguage\":\"es-CO\",\"@id\":\"https:\/\/comite-civico.org\/#\/schema\/logo\/image\/\",\"url\":\"https:\/\/comite-civico.org\/wp-content\/uploads\/2021\/03\/Logo-de-Movimiento-Blanco-scaled.png\",\"contentUrl\":\"https:\/\/comite-civico.org\/wp-content\/uploads\/2021\/03\/Logo-de-Movimiento-Blanco-scaled.png\",\"width\":2560,\"height\":1810,\"caption\":\"Movimiento Social Paro C\u00edvico de Buenaventura\"},\"image\":{\"@id\":\"https:\/\/comite-civico.org\/#\/schema\/logo\/image\/\"}},{\"@type\":\"Person\",\"@id\":\"https:\/\/comite-civico.org\/#\/schema\/person\/eebdf569aa3565fa603cc9c5b53cea34\",\"name\":\"comiteadmin\",\"image\":{\"@type\":\"ImageObject\",\"inLanguage\":\"es-CO\",\"@id\":\"https:\/\/comite-civico.org\/#\/schema\/person\/image\/\",\"url\":\"https:\/\/secure.gravatar.com\/avatar\/516fb540621996b28f565fdf033072d55dd3fe76896ef4af5250b5fec1b457fe?s=96&d=mm&r=g\",\"contentUrl\":\"https:\/\/secure.gravatar.com\/avatar\/516fb540621996b28f565fdf033072d55dd3fe76896ef4af5250b5fec1b457fe?s=96&d=mm&r=g\",\"caption\":\"comiteadmin\"},\"sameAs\":[\"https:\/\/comite-civico.org\/\"],\"url\":\"https:\/\/comite-civico.org\/?author=1\"}]}<\/script>\n<!-- \/ Yoast SEO plugin. -->","yoast_head_json":{"title":"SE REINICIA DE LA OBRA DEL ESTADIO MARINO KL\u00cdNGER - Movimiento Social Paro C\u00edvico de Buenaventura","robots":{"index":"index","follow":"follow","max-snippet":"max-snippet:-1","max-image-preview":"max-image-preview:large","max-video-preview":"max-video-preview:-1"},"canonical":"https:\/\/comite-civico.org\/?p=3145","og_locale":"es_ES","og_type":"article","og_title":"SE REINICIA DE LA OBRA DEL ESTADIO MARINO KL\u00cdNGER - Movimiento Social Paro C\u00edvico de Buenaventura","og_description":"Buenaventura D.E., 24 de noviembre de 2025. El Fondo para el Desarrollo Integral del Distrito Especial de Buenaventura \u2013 FonBuenaventura informa a la ciudadan\u00eda que, durante la Sesi\u00f3n Extraordinaria de la Junta Administradora del Fondo (JAF) realizada este lunes 24 de noviembre, se aprob\u00f3 el reinicio de la Fase 1 del Estadio Marino Kl\u00ednger.La Junta ... Leer m\u00e1s","og_url":"https:\/\/comite-civico.org\/?p=3145","og_site_name":"Movimiento Social Paro C\u00edvico de Buenaventura","article_published_time":"2025-11-25T13:10:34+00:00","article_modified_time":"2025-11-25T13:19:56+00:00","og_image":[{"width":2560,"height":1440,"url":"http:\/\/comite-civico.org\/wp-content\/uploads\/2025\/11\/MARINO-KLINGER-02-scaled.jpg","type":"image\/jpeg"}],"author":"comiteadmin","twitter_card":"summary_large_image","twitter_misc":{"Escrito por":"comiteadmin","Tiempo de lectura":"3 minutos"},"schema":{"@context":"https:\/\/schema.org","@graph":[{"@type":"Article","@id":"https:\/\/comite-civico.org\/?p=3145#article","isPartOf":{"@id":"https:\/\/comite-civico.org\/?p=3145"},"author":{"name":"comiteadmin","@id":"https:\/\/comite-civico.org\/#\/schema\/person\/eebdf569aa3565fa603cc9c5b53cea34"},"headline":"SE REINICIA DE LA OBRA DEL ESTADIO MARINO KL\u00cdNGER","datePublished":"2025-11-25T13:10:34+00:00","dateModified":"2025-11-25T13:19:56+00:00","mainEntityOfPage":{"@id":"https:\/\/comite-civico.org\/?p=3145"},"wordCount":545,"commentCount":0,"publisher":{"@id":"https:\/\/comite-civico.org\/#organization"},"image":{"@id":"https:\/\/comite-civico.org\/?p=3145#primaryimage"},"thumbnailUrl":"https:\/\/comite-civico.org\/wp-content\/uploads\/2025\/11\/MARINO-KLINGER-02-scaled.jpg","inLanguage":"es-CO","potentialAction":[{"@type":"CommentAction","name":"Comment","target":["https:\/\/comite-civico.org\/?p=3145#respond"]}]},{"@type":"WebPage","@id":"https:\/\/comite-civico.org\/?p=3145","url":"https:\/\/comite-civico.org\/?p=3145","name":"SE REINICIA DE LA OBRA DEL ESTADIO MARINO KL\u00cdNGER - Movimiento Social Paro C\u00edvico de Buenaventura","isPartOf":{"@id":"https:\/\/comite-civico.org\/#website"},"primaryImageOfPage":{"@id":"https:\/\/comite-civico.org\/?p=3145#primaryimage"},"image":{"@id":"https:\/\/comite-civico.org\/?p=3145#primaryimage"},"thumbnailUrl":"https:\/\/comite-civico.org\/wp-content\/uploads\/2025\/11\/MARINO-KLINGER-02-scaled.jpg","datePublished":"2025-11-25T13:10:34+00:00","dateModified":"2025-11-25T13:19:56+00:00","breadcrumb":{"@id":"https:\/\/comite-civico.org\/?p=3145#breadcrumb"},"inLanguage":"es-CO","potentialAction":[{"@type":"ReadAction","target":["https:\/\/comite-civico.org\/?p=3145"]}]},{"@type":"ImageObject","inLanguage":"es-CO","@id":"https:\/\/comite-civico.org\/?p=3145#primaryimage","url":"https:\/\/comite-civico.org\/wp-content\/uploads\/2025\/11\/MARINO-KLINGER-02-scaled.jpg","contentUrl":"https:\/\/comite-civico.org\/wp-content\/uploads\/2025\/11\/MARINO-KLINGER-02-scaled.jpg","width":2560,"height":1440},{"@type":"BreadcrumbList","@id":"https:\/\/comite-civico.org\/?p=3145#breadcrumb","itemListElement":[{"@type":"ListItem","position":1,"name":"Inicio","item":"https:\/\/comite-civico.org\/"},{"@type":"ListItem","position":2,"name":"SE REINICIA DE LA OBRA DEL ESTADIO MARINO KL\u00cdNGER"}]},{"@type":"WebSite","@id":"https:\/\/comite-civico.org\/#website","url":"https:\/\/comite-civico.org\/","name":"Movimiento Social Paro C\u00edvico de Buenaventura","description":"Movimiento Social Paro C\u00edvico de Buenaventura","publisher":{"@id":"https:\/\/comite-civico.org\/#organization"},"potentialAction":[{"@type":"SearchAction","target":{"@type":"EntryPoint","urlTemplate":"https:\/\/comite-civico.org\/?s={search_term_string}"},"query-input":{"@type":"PropertyValueSpecification","valueRequired":true,"valueName":"search_term_string"}}],"inLanguage":"es-CO"},{"@type":"Organization","@id":"https:\/\/comite-civico.org\/#organization","name":"Movimiento Social Paro C\u00edvico de Buenaventura","url":"https:\/\/comite-civico.org\/","logo":{"@type":"ImageObject","inLanguage":"es-CO","@id":"https:\/\/comite-civico.org\/#\/schema\/logo\/image\/","url":"https:\/\/comite-civico.org\/wp-content\/uploads\/2021\/03\/Logo-de-Movimiento-Blanco-scaled.png","contentUrl":"https:\/\/comite-civico.org\/wp-content\/uploads\/2021\/03\/Logo-de-Movimiento-Blanco-scaled.png","width":2560,"height":1810,"caption":"Movimiento Social Paro C\u00edvico de Buenaventura"},"image":{"@id":"https:\/\/comite-civico.org\/#\/schema\/logo\/image\/"}},{"@type":"Person","@id":"https:\/\/comite-civico.org\/#\/schema\/person\/eebdf569aa3565fa603cc9c5b53cea34","name":"comiteadmin","image":{"@type":"ImageObject","inLanguage":"es-CO","@id":"https:\/\/comite-civico.org\/#\/schema\/person\/image\/","url":"https:\/\/secure.gravatar.com\/avatar\/516fb540621996b28f565fdf033072d55dd3fe76896ef4af5250b5fec1b457fe?s=96&d=mm&r=g","contentUrl":"https:\/\/secure.gravatar.com\/avatar\/516fb540621996b28f565fdf033072d55dd3fe76896ef4af5250b5fec1b457fe?s=96&d=mm&r=g","caption":"comiteadmin"},"sameAs":["https:\/\/comite-civico.org\/"],"url":"https:\/\/comite-civico.org\/?author=1"}]}},"_links":{"self":[{"href":"https:\/\/comite-civico.org\/index.php?rest_route=\/wp\/v2\/posts\/3145","targetHints":{"allow":["GET"]}}],"collection":[{"href":"https:\/\/comite-civico.org\/index.php?rest_route=\/wp\/v2\/posts"}],"about":[{"href":"https:\/\/comite-civico.org\/index.php?rest_route=\/wp\/v2\/types\/post"}],"author":[{"embeddable":true,"href":"https:\/\/comite-civico.org\/index.php?rest_route=\/wp\/v2\/users\/1"}],"replies":[{"embeddable":true,"href":"https:\/\/comite-civico.org\/index.php?rest_route=%2Fwp%2Fv2%2Fcomments&post=3145"}],"version-history":[{"count":10,"href":"https:\/\/comite-civico.org\/index.php?rest_route=\/wp\/v2\/posts\/3145\/revisions"}],"predecessor-version":[{"id":3160,"href":"https:\/\/comite-civico.org\/index.php?rest_route=\/wp\/v2\/posts\/3145\/revisions\/3160"}],"wp:featuredmedia":[{"embeddable":true,"href":"https:\/\/comite-civico.org\/index.php?rest_route=\/wp\/v2\/media\/3152"}],"wp:attachment":[{"href":"https:\/\/comite-civico.org\/index.php?rest_route=%2Fwp%2Fv2%2Fmedia&parent=3145"}],"wp:term":[{"taxonomy":"category","embeddable":true,"href":"https:\/\/comite-civico.org\/index.php?rest_route=%2Fwp%2Fv2%2Fcategories&post=3145"},{"taxonomy":"post_tag","embeddable":true,"href":"https:\/\/comite-civico.org\/index.php?rest_route=%2Fwp%2Fv2%2Ftags&post=3145"}],"curies":[{"name":"wp","href":"https:\/\/api.w.org\/{rel}","templated":true}]}}