{"id":3101,"date":"2025-11-18T12:20:37","date_gmt":"2025-11-18T17:20:37","guid":{"rendered":"https:\/\/comite-civico.org\/?p=3101"},"modified":"2025-11-18T12:30:51","modified_gmt":"2025-11-18T17:30:51","slug":"agenda-del-8-al-22-de-noviembre-de-2025","status":"publish","type":"post","link":"https:\/\/comite-civico.org\/?p=3101","title":{"rendered":"Agenda del 8 al 22 de noviembre de 2025"},"content":{"rendered":"\t\t<div data-elementor-type=\"wp-post\" data-elementor-id=\"3101\" class=\"elementor elementor-3101\" data-elementor-post-type=\"post\">\n\t\t\t\t\t\t<section data-particle_enable=\"false\" data-particle-mobile-disabled=\"false\" class=\"elementor-section elementor-top-section elementor-element elementor-element-5764284 elementor-section-boxed elementor-section-height-default elementor-section-height-default\" data-id=\"5764284\" data-element_type=\"section\" data-settings=\"{&quot;jet_parallax_layout_list&quot;:[]}\">\n\t\t\t\t\t\t<div class=\"elementor-container elementor-column-gap-default\">\n\t\t\t\t\t<div class=\"elementor-column elementor-col-100 elementor-top-column elementor-element elementor-element-3ff8640\" data-id=\"3ff8640\" data-element_type=\"column\">\n\t\t\t<div class=\"elementor-widget-wrap elementor-element-populated\">\n\t\t\t\t\t\t<div class=\"elementor-element elementor-element-e10d1fc elementor-widget elementor-widget-heading\" data-id=\"e10d1fc\" data-element_type=\"widget\" data-widget_type=\"heading.default\">\n\t\t\t\t<div class=\"elementor-widget-container\">\n\t\t\t\t\t<h2 class=\"elementor-heading-title elementor-size-default\">Agenda semanal del 18 al 22 \nde noviembre de 2025<\/h2>\t\t\t\t<\/div>\n\t\t\t\t<\/div>\n\t\t\t\t\t<\/div>\n\t\t<\/div>\n\t\t\t\t\t<\/div>\n\t\t<\/section>\n\t\t\t\t<section data-particle_enable=\"false\" data-particle-mobile-disabled=\"false\" class=\"elementor-section elementor-top-section elementor-element elementor-element-1271086 elementor-section-boxed elementor-section-height-default elementor-section-height-default\" data-id=\"1271086\" data-element_type=\"section\" data-settings=\"{&quot;jet_parallax_layout_list&quot;:[]}\">\n\t\t\t\t\t\t<div class=\"elementor-container elementor-column-gap-default\">\n\t\t\t\t\t<div class=\"elementor-column elementor-col-100 elementor-top-column elementor-element elementor-element-4366c82\" data-id=\"4366c82\" data-element_type=\"column\">\n\t\t\t<div class=\"elementor-widget-wrap elementor-element-populated\">\n\t\t\t\t\t\t<div class=\"elementor-element elementor-element-060312c elementor-widget elementor-widget-text-editor\" data-id=\"060312c\" data-element_type=\"widget\" data-widget_type=\"text-editor.default\">\n\t\t\t\t<div class=\"elementor-widget-container\">\n\t\t\t\t\t\t\t\t\t<p data-start=\"176\" data-end=\"454\">El Movimiento Social Paro C\u00edvico de Buenaventura presenta el cronograma de actividades de la semana del 18 al 22 de noviembre de 2025, correspondiente a los espacios de seguimiento y coordinaci\u00f3n de los acuerdos establecidos. A continuaci\u00f3n, se detalla la programaci\u00f3n completa:<\/p><p data-start=\"456\" data-end=\"492\"><strong data-start=\"456\" data-end=\"490\">Martes 18 de noviembre de 2025<\/strong><\/p><ul data-start=\"493\" data-end=\"820\"><li data-start=\"493\" data-end=\"650\"><p data-start=\"495\" data-end=\"650\">Jornada de cierre de la XI Comisi\u00f3n de Seguimiento a los acuerdos del Paro C\u00edvico de Buenaventura.<br data-start=\"593\" data-end=\"596\" \/>Hora: 8:00 a.m.<br data-start=\"613\" data-end=\"616\" \/>Modalidad: Presencial, Bogot\u00e1.<\/p><\/li><li data-start=\"652\" data-end=\"820\"><p data-start=\"654\" data-end=\"820\">Mesa de Derechos Humanos: primera reuni\u00f3n con la ESAP para preparaci\u00f3n de medidas colectivas.<br data-start=\"747\" data-end=\"750\" \/>Hora: 8:00 a.m.<br data-start=\"767\" data-end=\"770\" \/>Modalidad: Virtual (link en documento original).<\/p><\/li><\/ul><p data-start=\"822\" data-end=\"861\"><strong data-start=\"822\" data-end=\"859\">Mi\u00e9rcoles 19 de noviembre de 2025<\/strong><\/p><ul data-start=\"862\" data-end=\"1541\"><li data-start=\"862\" data-end=\"1038\"><p data-start=\"864\" data-end=\"1038\">Continuaci\u00f3n de la jornada de cierre de la XI Comisi\u00f3n de Seguimiento a los acuerdos del Paro C\u00edvico de Buenaventura.<br data-start=\"981\" data-end=\"984\" \/>Hora: 8:00 a.m.<br data-start=\"1001\" data-end=\"1004\" \/>Modalidad: Presencial, Bogot\u00e1.<\/p><\/li><li data-start=\"1040\" data-end=\"1310\"><p data-start=\"1042\" data-end=\"1310\">Mesa de Territorio, Vivienda e Infraestructura (TVI): junta administradora del embarcadero tur\u00edstico de pasajeros de Buenaventura.<br data-start=\"1172\" data-end=\"1175\" \/>Nota: Actividad incluida en la Comisi\u00f3n de Seguimiento, por confirmar.<br data-start=\"1247\" data-end=\"1250\" \/>Hora: 8:00 a.m.<br data-start=\"1267\" data-end=\"1270\" \/>Modalidad: Virtual (pendiente link).<\/p><\/li><li data-start=\"1312\" data-end=\"1541\"><p data-start=\"1314\" data-end=\"1541\">Mesa de Agua, Saneamiento y Servicios P\u00fablicos (MASSBUEN): Plan de Acci\u00f3n, consultor\u00eda para optimizaci\u00f3n y reubicaci\u00f3n de la l\u00ednea 39 del sistema Venecia.<br data-start=\"1468\" data-end=\"1471\" \/>Hora: 8:00 a.m.<br data-start=\"1488\" data-end=\"1491\" \/>Modalidad: Virtual (link en documento original).<\/p><\/li><\/ul><p data-start=\"1543\" data-end=\"1579\"><strong data-start=\"1543\" data-end=\"1577\">Jueves 20 de noviembre de 2025<\/strong><\/p><ul data-start=\"1580\" data-end=\"1754\"><li data-start=\"1580\" data-end=\"1754\"><p data-start=\"1582\" data-end=\"1754\">Continuaci\u00f3n de la jornada de cierre de la XI Comisi\u00f3n de Seguimiento a los acuerdos del Paro C\u00edvico de Buenaventura.<br data-start=\"1699\" data-end=\"1702\" \/>Hora: 8:00 a.m.<br data-start=\"1719\" data-end=\"1722\" \/>Modalidad: Presencial, Bogot\u00e1.<\/p><\/li><\/ul><p data-start=\"1756\" data-end=\"1793\"><strong data-start=\"1756\" data-end=\"1791\">Viernes 21 de noviembre de 2025<\/strong><\/p><ul data-start=\"1794\" data-end=\"1888\"><li data-start=\"1794\" data-end=\"1888\"><p data-start=\"1796\" data-end=\"1888\">Comit\u00e9 Fonbuenaventura \u2013 EACID.<br data-start=\"1827\" data-end=\"1830\" \/>Hora: 9:00 a.m.<br data-start=\"1847\" data-end=\"1850\" \/>Modalidad: Virtual (pendiente link).<\/p><\/li><\/ul><p data-start=\"1890\" data-end=\"1926\"><strong data-start=\"1890\" data-end=\"1924\">S\u00e1bado 22 de noviembre de 2025<\/strong><\/p><ul data-start=\"1927\" data-end=\"2123\"><li data-start=\"1927\" data-end=\"2123\"><p data-start=\"1929\" data-end=\"2123\">Equipo de Comunicaci\u00f3n del Movimiento Social Paro C\u00edvico: reuni\u00f3n semanal del consejo de redacci\u00f3n.<br data-start=\"2028\" data-end=\"2031\" \/>Hora: 10:00 a.m.<br data-start=\"2049\" data-end=\"2052\" \/>Modalidad: Presencial, Centro Comercial Galer\u00eda Central, oficina 603.<\/p><\/li><\/ul>\t\t\t\t\t\t\t\t<\/div>\n\t\t\t\t<\/div>\n\t\t\t\t\t<\/div>\n\t\t<\/div>\n\t\t\t\t\t<\/div>\n\t\t<\/section>\n\t\t\t\t<section data-particle_enable=\"false\" data-particle-mobile-disabled=\"false\" class=\"elementor-section elementor-top-section elementor-element elementor-element-24c84be elementor-section-boxed elementor-section-height-default elementor-section-height-default\" data-id=\"24c84be\" data-element_type=\"section\" data-settings=\"{&quot;jet_parallax_layout_list&quot;:[]}\">\n\t\t\t\t\t\t<div class=\"elementor-container elementor-column-gap-default\">\n\t\t\t\t\t<div class=\"elementor-column elementor-col-100 elementor-top-column elementor-element elementor-element-4e7c631\" data-id=\"4e7c631\" data-element_type=\"column\">\n\t\t\t<div class=\"elementor-widget-wrap elementor-element-populated\">\n\t\t\t\t\t\t<div class=\"elementor-element elementor-element-5939a6a dce_masking-none elementor-widget elementor-widget-image\" data-id=\"5939a6a\" data-element_type=\"widget\" data-widget_type=\"image.default\">\n\t\t\t\t<div class=\"elementor-widget-container\">\n\t\t\t\t\t\t\t\t\t\t\t\t\t\t\t\t<a href=\"http:\/\/comite-civico.org\/wp-content\/uploads\/2025\/11\/Agenda-semana-del-18-al-22-de-noviembre-de-2025.pdf\">\n\t\t\t\t\t\t\t<img fetchpriority=\"high\" decoding=\"async\" width=\"1920\" height=\"400\" src=\"https:\/\/comite-civico.org\/wp-content\/uploads\/2025\/08\/descarga-pdf-paro-civico.jpg\" class=\"attachment-full size-full wp-image-2395\" alt=\"\" srcset=\"https:\/\/comite-civico.org\/wp-content\/uploads\/2025\/08\/descarga-pdf-paro-civico.jpg 1920w, https:\/\/comite-civico.org\/wp-content\/uploads\/2025\/08\/descarga-pdf-paro-civico-300x63.jpg 300w, https:\/\/comite-civico.org\/wp-content\/uploads\/2025\/08\/descarga-pdf-paro-civico-1024x213.jpg 1024w, https:\/\/comite-civico.org\/wp-content\/uploads\/2025\/08\/descarga-pdf-paro-civico-768x160.jpg 768w, https:\/\/comite-civico.org\/wp-content\/uploads\/2025\/08\/descarga-pdf-paro-civico-1536x320.jpg 1536w\" sizes=\"(max-width: 1920px) 100vw, 1920px\" \/>\t\t\t\t\t\t\t\t<\/a>\n\t\t\t\t\t\t\t\t\t\t\t\t\t\t\t<\/div>\n\t\t\t\t<\/div>\n\t\t\t\t\t<\/div>\n\t\t<\/div>\n\t\t\t\t\t<\/div>\n\t\t<\/section>\n\t\t\t\t<\/div>\n\t\t","protected":false},"excerpt":{"rendered":"<p>Agenda semanal del 18 al 22 de noviembre de 2025 El Movimiento Social Paro C\u00edvico de Buenaventura presenta el cronograma de actividades de la semana del 18 al 22 de noviembre de 2025, correspondiente a los espacios de seguimiento y coordinaci\u00f3n de los acuerdos establecidos. A continuaci\u00f3n, se detalla la programaci\u00f3n completa: Martes 18 de &#8230; <a title=\"Agenda del 8 al 22 de noviembre de 2025\" class=\"read-more\" href=\"https:\/\/comite-civico.org\/?p=3101\" aria-label=\"Read more about Agenda del 8 al 22 de noviembre de 2025\">Leer m\u00e1s<\/a><\/p>\n","protected":false},"author":1,"featured_media":3102,"comment_status":"open","ping_status":"open","sticky":false,"template":"","format":"standard","meta":{"footnotes":""},"categories":[1],"tags":[],"class_list":["post-3101","post","type-post","status-publish","format-standard","has-post-thumbnail","hentry","category-sin-categoria"],"acf":[],"yoast_head":"<!-- This site is optimized with the Yoast SEO plugin v25.0 - https:\/\/yoast.com\/wordpress\/plugins\/seo\/ -->\n<title>Agenda del 8 al 22 de noviembre de 2025 - Movimiento Social Paro C\u00edvico de Buenaventura<\/title>\n<meta name=\"robots\" content=\"index, follow, max-snippet:-1, max-image-preview:large, max-video-preview:-1\" \/>\n<link rel=\"canonical\" href=\"https:\/\/comite-civico.org\/?p=3101\" \/>\n<meta property=\"og:locale\" content=\"es_ES\" \/>\n<meta property=\"og:type\" content=\"article\" \/>\n<meta property=\"og:title\" content=\"Agenda del 8 al 22 de noviembre de 2025 - Movimiento Social Paro C\u00edvico de Buenaventura\" \/>\n<meta property=\"og:description\" content=\"Agenda semanal del 18 al 22 de noviembre de 2025 El Movimiento Social Paro C\u00edvico de Buenaventura presenta el cronograma de actividades de la semana del 18 al 22 de noviembre de 2025, correspondiente a los espacios de seguimiento y coordinaci\u00f3n de los acuerdos establecidos. A continuaci\u00f3n, se detalla la programaci\u00f3n completa: Martes 18 de ... Leer m\u00e1s\" \/>\n<meta property=\"og:url\" content=\"https:\/\/comite-civico.org\/?p=3101\" \/>\n<meta property=\"og:site_name\" content=\"Movimiento Social Paro C\u00edvico de Buenaventura\" \/>\n<meta property=\"article:published_time\" content=\"2025-11-18T17:20:37+00:00\" \/>\n<meta property=\"article:modified_time\" content=\"2025-11-18T17:30:51+00:00\" \/>\n<meta property=\"og:image\" content=\"http:\/\/comite-civico.org\/wp-content\/uploads\/2025\/11\/post-paro-civicoNov-002-scaled.jpg\" \/>\n\t<meta property=\"og:image:width\" content=\"2560\" \/>\n\t<meta property=\"og:image:height\" content=\"1440\" \/>\n\t<meta property=\"og:image:type\" content=\"image\/jpeg\" \/>\n<meta name=\"author\" content=\"comiteadmin\" \/>\n<meta name=\"twitter:card\" content=\"summary_large_image\" \/>\n<meta name=\"twitter:label1\" content=\"Escrito por\" \/>\n\t<meta name=\"twitter:data1\" content=\"comiteadmin\" \/>\n\t<meta name=\"twitter:label2\" content=\"Tiempo de lectura\" \/>\n\t<meta name=\"twitter:data2\" content=\"2 minutos\" \/>\n<script type=\"application\/ld+json\" class=\"yoast-schema-graph\">{\"@context\":\"https:\/\/schema.org\",\"@graph\":[{\"@type\":\"Article\",\"@id\":\"https:\/\/comite-civico.org\/?p=3101#article\",\"isPartOf\":{\"@id\":\"https:\/\/comite-civico.org\/?p=3101\"},\"author\":{\"name\":\"comiteadmin\",\"@id\":\"https:\/\/comite-civico.org\/#\/schema\/person\/eebdf569aa3565fa603cc9c5b53cea34\"},\"headline\":\"Agenda del 8 al 22 de noviembre de 2025\",\"datePublished\":\"2025-11-18T17:20:37+00:00\",\"dateModified\":\"2025-11-18T17:30:51+00:00\",\"mainEntityOfPage\":{\"@id\":\"https:\/\/comite-civico.org\/?p=3101\"},\"wordCount\":297,\"commentCount\":0,\"publisher\":{\"@id\":\"https:\/\/comite-civico.org\/#organization\"},\"image\":{\"@id\":\"https:\/\/comite-civico.org\/?p=3101#primaryimage\"},\"thumbnailUrl\":\"https:\/\/comite-civico.org\/wp-content\/uploads\/2025\/11\/post-paro-civicoNov-002-scaled.jpg\",\"inLanguage\":\"es-CO\",\"potentialAction\":[{\"@type\":\"CommentAction\",\"name\":\"Comment\",\"target\":[\"https:\/\/comite-civico.org\/?p=3101#respond\"]}]},{\"@type\":\"WebPage\",\"@id\":\"https:\/\/comite-civico.org\/?p=3101\",\"url\":\"https:\/\/comite-civico.org\/?p=3101\",\"name\":\"Agenda del 8 al 22 de noviembre de 2025 - Movimiento Social Paro C\u00edvico de Buenaventura\",\"isPartOf\":{\"@id\":\"https:\/\/comite-civico.org\/#website\"},\"primaryImageOfPage\":{\"@id\":\"https:\/\/comite-civico.org\/?p=3101#primaryimage\"},\"image\":{\"@id\":\"https:\/\/comite-civico.org\/?p=3101#primaryimage\"},\"thumbnailUrl\":\"https:\/\/comite-civico.org\/wp-content\/uploads\/2025\/11\/post-paro-civicoNov-002-scaled.jpg\",\"datePublished\":\"2025-11-18T17:20:37+00:00\",\"dateModified\":\"2025-11-18T17:30:51+00:00\",\"breadcrumb\":{\"@id\":\"https:\/\/comite-civico.org\/?p=3101#breadcrumb\"},\"inLanguage\":\"es-CO\",\"potentialAction\":[{\"@type\":\"ReadAction\",\"target\":[\"https:\/\/comite-civico.org\/?p=3101\"]}]},{\"@type\":\"ImageObject\",\"inLanguage\":\"es-CO\",\"@id\":\"https:\/\/comite-civico.org\/?p=3101#primaryimage\",\"url\":\"https:\/\/comite-civico.org\/wp-content\/uploads\/2025\/11\/post-paro-civicoNov-002-scaled.jpg\",\"contentUrl\":\"https:\/\/comite-civico.org\/wp-content\/uploads\/2025\/11\/post-paro-civicoNov-002-scaled.jpg\",\"width\":2560,\"height\":1440},{\"@type\":\"BreadcrumbList\",\"@id\":\"https:\/\/comite-civico.org\/?p=3101#breadcrumb\",\"itemListElement\":[{\"@type\":\"ListItem\",\"position\":1,\"name\":\"Inicio\",\"item\":\"https:\/\/comite-civico.org\/\"},{\"@type\":\"ListItem\",\"position\":2,\"name\":\"Agenda del 8 al 22 de noviembre de 2025\"}]},{\"@type\":\"WebSite\",\"@id\":\"https:\/\/comite-civico.org\/#website\",\"url\":\"https:\/\/comite-civico.org\/\",\"name\":\"Movimiento Social Paro C\u00edvico de Buenaventura\",\"description\":\"Movimiento Social Paro C\u00edvico de Buenaventura\",\"publisher\":{\"@id\":\"https:\/\/comite-civico.org\/#organization\"},\"potentialAction\":[{\"@type\":\"SearchAction\",\"target\":{\"@type\":\"EntryPoint\",\"urlTemplate\":\"https:\/\/comite-civico.org\/?s={search_term_string}\"},\"query-input\":{\"@type\":\"PropertyValueSpecification\",\"valueRequired\":true,\"valueName\":\"search_term_string\"}}],\"inLanguage\":\"es-CO\"},{\"@type\":\"Organization\",\"@id\":\"https:\/\/comite-civico.org\/#organization\",\"name\":\"Movimiento Social Paro C\u00edvico de Buenaventura\",\"url\":\"https:\/\/comite-civico.org\/\",\"logo\":{\"@type\":\"ImageObject\",\"inLanguage\":\"es-CO\",\"@id\":\"https:\/\/comite-civico.org\/#\/schema\/logo\/image\/\",\"url\":\"https:\/\/comite-civico.org\/wp-content\/uploads\/2021\/03\/Logo-de-Movimiento-Blanco-scaled.png\",\"contentUrl\":\"https:\/\/comite-civico.org\/wp-content\/uploads\/2021\/03\/Logo-de-Movimiento-Blanco-scaled.png\",\"width\":2560,\"height\":1810,\"caption\":\"Movimiento Social Paro C\u00edvico de Buenaventura\"},\"image\":{\"@id\":\"https:\/\/comite-civico.org\/#\/schema\/logo\/image\/\"}},{\"@type\":\"Person\",\"@id\":\"https:\/\/comite-civico.org\/#\/schema\/person\/eebdf569aa3565fa603cc9c5b53cea34\",\"name\":\"comiteadmin\",\"image\":{\"@type\":\"ImageObject\",\"inLanguage\":\"es-CO\",\"@id\":\"https:\/\/comite-civico.org\/#\/schema\/person\/image\/\",\"url\":\"https:\/\/secure.gravatar.com\/avatar\/516fb540621996b28f565fdf033072d55dd3fe76896ef4af5250b5fec1b457fe?s=96&d=mm&r=g\",\"contentUrl\":\"https:\/\/secure.gravatar.com\/avatar\/516fb540621996b28f565fdf033072d55dd3fe76896ef4af5250b5fec1b457fe?s=96&d=mm&r=g\",\"caption\":\"comiteadmin\"},\"sameAs\":[\"https:\/\/comite-civico.org\/\"],\"url\":\"https:\/\/comite-civico.org\/?author=1\"}]}<\/script>\n<!-- \/ Yoast SEO plugin. -->","yoast_head_json":{"title":"Agenda del 8 al 22 de noviembre de 2025 - Movimiento Social Paro C\u00edvico de Buenaventura","robots":{"index":"index","follow":"follow","max-snippet":"max-snippet:-1","max-image-preview":"max-image-preview:large","max-video-preview":"max-video-preview:-1"},"canonical":"https:\/\/comite-civico.org\/?p=3101","og_locale":"es_ES","og_type":"article","og_title":"Agenda del 8 al 22 de noviembre de 2025 - Movimiento Social Paro C\u00edvico de Buenaventura","og_description":"Agenda semanal del 18 al 22 de noviembre de 2025 El Movimiento Social Paro C\u00edvico de Buenaventura presenta el cronograma de actividades de la semana del 18 al 22 de noviembre de 2025, correspondiente a los espacios de seguimiento y coordinaci\u00f3n de los acuerdos establecidos. A continuaci\u00f3n, se detalla la programaci\u00f3n completa: Martes 18 de ... Leer m\u00e1s","og_url":"https:\/\/comite-civico.org\/?p=3101","og_site_name":"Movimiento Social Paro C\u00edvico de Buenaventura","article_published_time":"2025-11-18T17:20:37+00:00","article_modified_time":"2025-11-18T17:30:51+00:00","og_image":[{"width":2560,"height":1440,"url":"http:\/\/comite-civico.org\/wp-content\/uploads\/2025\/11\/post-paro-civicoNov-002-scaled.jpg","type":"image\/jpeg"}],"author":"comiteadmin","twitter_card":"summary_large_image","twitter_misc":{"Escrito por":"comiteadmin","Tiempo de lectura":"2 minutos"},"schema":{"@context":"https:\/\/schema.org","@graph":[{"@type":"Article","@id":"https:\/\/comite-civico.org\/?p=3101#article","isPartOf":{"@id":"https:\/\/comite-civico.org\/?p=3101"},"author":{"name":"comiteadmin","@id":"https:\/\/comite-civico.org\/#\/schema\/person\/eebdf569aa3565fa603cc9c5b53cea34"},"headline":"Agenda del 8 al 22 de noviembre de 2025","datePublished":"2025-11-18T17:20:37+00:00","dateModified":"2025-11-18T17:30:51+00:00","mainEntityOfPage":{"@id":"https:\/\/comite-civico.org\/?p=3101"},"wordCount":297,"commentCount":0,"publisher":{"@id":"https:\/\/comite-civico.org\/#organization"},"image":{"@id":"https:\/\/comite-civico.org\/?p=3101#primaryimage"},"thumbnailUrl":"https:\/\/comite-civico.org\/wp-content\/uploads\/2025\/11\/post-paro-civicoNov-002-scaled.jpg","inLanguage":"es-CO","potentialAction":[{"@type":"CommentAction","name":"Comment","target":["https:\/\/comite-civico.org\/?p=3101#respond"]}]},{"@type":"WebPage","@id":"https:\/\/comite-civico.org\/?p=3101","url":"https:\/\/comite-civico.org\/?p=3101","name":"Agenda del 8 al 22 de noviembre de 2025 - Movimiento Social Paro C\u00edvico de Buenaventura","isPartOf":{"@id":"https:\/\/comite-civico.org\/#website"},"primaryImageOfPage":{"@id":"https:\/\/comite-civico.org\/?p=3101#primaryimage"},"image":{"@id":"https:\/\/comite-civico.org\/?p=3101#primaryimage"},"thumbnailUrl":"https:\/\/comite-civico.org\/wp-content\/uploads\/2025\/11\/post-paro-civicoNov-002-scaled.jpg","datePublished":"2025-11-18T17:20:37+00:00","dateModified":"2025-11-18T17:30:51+00:00","breadcrumb":{"@id":"https:\/\/comite-civico.org\/?p=3101#breadcrumb"},"inLanguage":"es-CO","potentialAction":[{"@type":"ReadAction","target":["https:\/\/comite-civico.org\/?p=3101"]}]},{"@type":"ImageObject","inLanguage":"es-CO","@id":"https:\/\/comite-civico.org\/?p=3101#primaryimage","url":"https:\/\/comite-civico.org\/wp-content\/uploads\/2025\/11\/post-paro-civicoNov-002-scaled.jpg","contentUrl":"https:\/\/comite-civico.org\/wp-content\/uploads\/2025\/11\/post-paro-civicoNov-002-scaled.jpg","width":2560,"height":1440},{"@type":"BreadcrumbList","@id":"https:\/\/comite-civico.org\/?p=3101#breadcrumb","itemListElement":[{"@type":"ListItem","position":1,"name":"Inicio","item":"https:\/\/comite-civico.org\/"},{"@type":"ListItem","position":2,"name":"Agenda del 8 al 22 de noviembre de 2025"}]},{"@type":"WebSite","@id":"https:\/\/comite-civico.org\/#website","url":"https:\/\/comite-civico.org\/","name":"Movimiento Social Paro C\u00edvico de Buenaventura","description":"Movimiento Social Paro C\u00edvico de Buenaventura","publisher":{"@id":"https:\/\/comite-civico.org\/#organization"},"potentialAction":[{"@type":"SearchAction","target":{"@type":"EntryPoint","urlTemplate":"https:\/\/comite-civico.org\/?s={search_term_string}"},"query-input":{"@type":"PropertyValueSpecification","valueRequired":true,"valueName":"search_term_string"}}],"inLanguage":"es-CO"},{"@type":"Organization","@id":"https:\/\/comite-civico.org\/#organization","name":"Movimiento Social Paro C\u00edvico de Buenaventura","url":"https:\/\/comite-civico.org\/","logo":{"@type":"ImageObject","inLanguage":"es-CO","@id":"https:\/\/comite-civico.org\/#\/schema\/logo\/image\/","url":"https:\/\/comite-civico.org\/wp-content\/uploads\/2021\/03\/Logo-de-Movimiento-Blanco-scaled.png","contentUrl":"https:\/\/comite-civico.org\/wp-content\/uploads\/2021\/03\/Logo-de-Movimiento-Blanco-scaled.png","width":2560,"height":1810,"caption":"Movimiento Social Paro C\u00edvico de Buenaventura"},"image":{"@id":"https:\/\/comite-civico.org\/#\/schema\/logo\/image\/"}},{"@type":"Person","@id":"https:\/\/comite-civico.org\/#\/schema\/person\/eebdf569aa3565fa603cc9c5b53cea34","name":"comiteadmin","image":{"@type":"ImageObject","inLanguage":"es-CO","@id":"https:\/\/comite-civico.org\/#\/schema\/person\/image\/","url":"https:\/\/secure.gravatar.com\/avatar\/516fb540621996b28f565fdf033072d55dd3fe76896ef4af5250b5fec1b457fe?s=96&d=mm&r=g","contentUrl":"https:\/\/secure.gravatar.com\/avatar\/516fb540621996b28f565fdf033072d55dd3fe76896ef4af5250b5fec1b457fe?s=96&d=mm&r=g","caption":"comiteadmin"},"sameAs":["https:\/\/comite-civico.org\/"],"url":"https:\/\/comite-civico.org\/?author=1"}]}},"_links":{"self":[{"href":"https:\/\/comite-civico.org\/index.php?rest_route=\/wp\/v2\/posts\/3101","targetHints":{"allow":["GET"]}}],"collection":[{"href":"https:\/\/comite-civico.org\/index.php?rest_route=\/wp\/v2\/posts"}],"about":[{"href":"https:\/\/comite-civico.org\/index.php?rest_route=\/wp\/v2\/types\/post"}],"author":[{"embeddable":true,"href":"https:\/\/comite-civico.org\/index.php?rest_route=\/wp\/v2\/users\/1"}],"replies":[{"embeddable":true,"href":"https:\/\/comite-civico.org\/index.php?rest_route=%2Fwp%2Fv2%2Fcomments&post=3101"}],"version-history":[{"count":13,"href":"https:\/\/comite-civico.org\/index.php?rest_route=\/wp\/v2\/posts\/3101\/revisions"}],"predecessor-version":[{"id":3118,"href":"https:\/\/comite-civico.org\/index.php?rest_route=\/wp\/v2\/posts\/3101\/revisions\/3118"}],"wp:featuredmedia":[{"embeddable":true,"href":"https:\/\/comite-civico.org\/index.php?rest_route=\/wp\/v2\/media\/3102"}],"wp:attachment":[{"href":"https:\/\/comite-civico.org\/index.php?rest_route=%2Fwp%2Fv2%2Fmedia&parent=3101"}],"wp:term":[{"taxonomy":"category","embeddable":true,"href":"https:\/\/comite-civico.org\/index.php?rest_route=%2Fwp%2Fv2%2Fcategories&post=3101"},{"taxonomy":"post_tag","embeddable":true,"href":"https:\/\/comite-civico.org\/index.php?rest_route=%2Fwp%2Fv2%2Ftags&post=3101"}],"curies":[{"name":"wp","href":"https:\/\/api.w.org\/{rel}","templated":true}]}}