{"id":3012,"date":"2025-11-10T06:26:34","date_gmt":"2025-11-10T11:26:34","guid":{"rendered":"https:\/\/comite-civico.org\/?p=3012"},"modified":"2025-11-10T06:46:15","modified_gmt":"2025-11-10T11:46:15","slug":"agenda-del-10-al-15-de-noviembre","status":"publish","type":"post","link":"https:\/\/comite-civico.org\/?p=3012","title":{"rendered":"Agenda del 10 al 15 de Noviembre"},"content":{"rendered":"\t\t<div data-elementor-type=\"wp-post\" data-elementor-id=\"3012\" class=\"elementor elementor-3012\" data-elementor-post-type=\"post\">\n\t\t\t\t\t\t<section data-particle_enable=\"false\" data-particle-mobile-disabled=\"false\" class=\"elementor-section elementor-top-section elementor-element elementor-element-f2fb325 elementor-section-boxed elementor-section-height-default elementor-section-height-default\" data-id=\"f2fb325\" data-element_type=\"section\" data-settings=\"{&quot;jet_parallax_layout_list&quot;:[]}\">\n\t\t\t\t\t\t<div class=\"elementor-container elementor-column-gap-default\">\n\t\t\t\t\t<div class=\"elementor-column elementor-col-100 elementor-top-column elementor-element elementor-element-14d775e\" data-id=\"14d775e\" data-element_type=\"column\">\n\t\t\t<div class=\"elementor-widget-wrap elementor-element-populated\">\n\t\t\t\t\t\t<div class=\"elementor-element elementor-element-2ffde85 elementor-widget elementor-widget-text-editor\" data-id=\"2ffde85\" data-element_type=\"widget\" data-widget_type=\"text-editor.default\">\n\t\t\t\t<div class=\"elementor-widget-container\">\n\t\t\t\t\t\t\t\t\t<h2 data-start=\"132\" data-end=\"181\"><strong data-start=\"135\" data-end=\"179\">Agenda del 10 al 15 de noviembre de 2025<\/strong><\/h2><p data-start=\"182\" data-end=\"289\"><strong data-start=\"182\" data-end=\"231\">Movimiento Social Paro C\u00edvico de Buenaventura<\/strong><br data-start=\"231\" data-end=\"234\" \/><strong data-start=\"234\" data-end=\"289\">\u201cPara vivir con dignidad y en paz en el territorio\u201d<\/strong><\/p><h3 data-start=\"291\" data-end=\"320\"><strong data-start=\"295\" data-end=\"320\">Lunes 10 de noviembre<\/strong><\/h3><ul data-start=\"321\" data-end=\"492\"><li data-start=\"321\" data-end=\"492\"><p data-start=\"323\" data-end=\"492\"><strong data-start=\"323\" data-end=\"341\">Mesa de Salud:<\/strong> seguimiento al acuerdo de la Ciudadela Hospitalaria sobre el dimensionamiento de la obra.<br data-start=\"431\" data-end=\"434\" \/><strong data-start=\"436\" data-end=\"445\">Hora:<\/strong> 9:00 a. m.<br data-start=\"456\" data-end=\"459\" \/><strong data-start=\"461\" data-end=\"475\">Modalidad:<\/strong> Virtual (Teams).<\/p><\/li><\/ul><h3 data-start=\"494\" data-end=\"524\"><strong data-start=\"498\" data-end=\"524\">Martes 11 de noviembre<\/strong><\/h3><ul data-start=\"525\" data-end=\"931\"><li data-start=\"525\" data-end=\"722\"><p data-start=\"527\" data-end=\"722\"><strong data-start=\"527\" data-end=\"554\">Comit\u00e9 Ejecutivo MSPCB:<\/strong> finalizaci\u00f3n de la matriz de acuerdos de la Alcald\u00eda y acuerdos que requieren cambios normativos.<br data-start=\"652\" data-end=\"655\" \/><strong data-start=\"657\" data-end=\"666\">Hora:<\/strong> 7:00 p. m.<br data-start=\"677\" data-end=\"680\" \/><strong data-start=\"682\" data-end=\"696\">Modalidad:<\/strong> Virtual (link pendiente).<\/p><\/li><li data-start=\"724\" data-end=\"931\"><p data-start=\"726\" data-end=\"931\"><strong data-start=\"726\" data-end=\"739\">Mesa TVI:<\/strong> socializaci\u00f3n y revisi\u00f3n de la propuesta del perfil para la ampliaci\u00f3n de la avenida Cabal Pombo y dise\u00f1os geom\u00e9tricos Ret\u00e9n\u2013\u00c9xito.<br data-start=\"871\" data-end=\"874\" \/><strong data-start=\"876\" data-end=\"885\">Hora:<\/strong> 2:30 p. m.<br data-start=\"896\" data-end=\"899\" \/><strong data-start=\"901\" data-end=\"911\">Lugar:<\/strong> Alcald\u00eda Distrital.<\/p><\/li><\/ul><h3 data-start=\"933\" data-end=\"966\"><strong data-start=\"937\" data-end=\"966\">Mi\u00e9rcoles 12 de noviembre<\/strong><\/h3><ul data-start=\"967\" data-end=\"1915\"><li data-start=\"967\" data-end=\"1130\"><p data-start=\"969\" data-end=\"1130\"><strong data-start=\"969\" data-end=\"982\">Mesa TVI:<\/strong> recorrido t\u00e9cnico de reconocimiento en la avenida Cabal Pombo.<br data-start=\"1045\" data-end=\"1048\" \/><strong data-start=\"1050\" data-end=\"1059\">Hora:<\/strong> 8:00 a. m.<br data-start=\"1070\" data-end=\"1073\" \/><strong data-start=\"1075\" data-end=\"1085\">Lugar:<\/strong> punto de encuentro definido el d\u00eda anterior.<\/p><\/li><li data-start=\"1132\" data-end=\"1284\"><p data-start=\"1134\" data-end=\"1284\"><strong data-start=\"1134\" data-end=\"1152\">Mesa MASSBUEN:<\/strong> recorrido a proyectos en seguimiento de la Procuradur\u00eda Delegada.<br data-start=\"1218\" data-end=\"1221\" \/><strong data-start=\"1223\" data-end=\"1232\">Hora:<\/strong> 8:00 a. m.<br data-start=\"1243\" data-end=\"1246\" \/><strong data-start=\"1248\" data-end=\"1258\">Lugar:<\/strong> Plazoleta de la Alcald\u00eda.<\/p><\/li><li data-start=\"1286\" data-end=\"1478\"><p data-start=\"1288\" data-end=\"1478\"><strong data-start=\"1288\" data-end=\"1309\">PIEDB y acuerdos:<\/strong> jornada de trabajo con l\u00edderes del Consejo Comunitario del R\u00edo Naya.<br data-start=\"1378\" data-end=\"1381\" \/><strong data-start=\"1383\" data-end=\"1392\">Hora:<\/strong> 8:00 a. m.<br data-start=\"1403\" data-end=\"1406\" \/><strong data-start=\"1408\" data-end=\"1418\">Lugar:<\/strong> Comunidad de San Jos\u00e9 del Consejo Comunitario del R\u00edo Naya.<\/p><\/li><li data-start=\"1480\" data-end=\"1718\"><p data-start=\"1482\" data-end=\"1718\"><strong data-start=\"1482\" data-end=\"1495\">Mesa TVI:<\/strong> seguimiento para destrabar cuellos de botella sobre estudios, dise\u00f1os y administraci\u00f3n del embarcadero tur\u00edstico (acuerdo 1.10, \u00edtem 2.2.3.H).<br data-start=\"1638\" data-end=\"1641\" \/><strong data-start=\"1643\" data-end=\"1652\">Hora:<\/strong> 9:00 a. m.<br data-start=\"1663\" data-end=\"1666\" \/><strong data-start=\"1668\" data-end=\"1678\">Lugar:<\/strong> Gobernaci\u00f3n del Valle del Cauca \u2013 Cali.<\/p><\/li><li data-start=\"1720\" data-end=\"1915\"><p data-start=\"1722\" data-end=\"1915\"><strong data-start=\"1722\" data-end=\"1751\">Mesa de Derechos Humanos:<\/strong> convocatoria ONU-DDHH para la preparaci\u00f3n de la conmemoraci\u00f3n del 10 de diciembre.<br data-start=\"1834\" data-end=\"1837\" \/><strong data-start=\"1839\" data-end=\"1848\">Hora:<\/strong> 3:00 p. m.<br data-start=\"1859\" data-end=\"1862\" \/><strong data-start=\"1864\" data-end=\"1874\">Lugar:<\/strong> Pastoral Social Barrio San Carlos, Cali.<\/p><\/li><\/ul><h3 data-start=\"1917\" data-end=\"1947\"><strong data-start=\"1921\" data-end=\"1947\">Jueves 13 de noviembre<\/strong><\/h3><ul data-start=\"1948\" data-end=\"2694\"><li data-start=\"1948\" data-end=\"2087\"><p data-start=\"1950\" data-end=\"2087\"><strong data-start=\"1950\" data-end=\"1968\">Mesa MASSBUEN:<\/strong> seguimiento y revisi\u00f3n de pilas.<br data-start=\"2001\" data-end=\"2004\" \/><strong data-start=\"2006\" data-end=\"2015\">Hora:<\/strong> 9:30 a. m.<br data-start=\"2026\" data-end=\"2029\" \/><strong data-start=\"2031\" data-end=\"2041\">Lugar:<\/strong> Oficina MSPCB \u2013 Galer\u00eda Central, oficina 603.<\/p><\/li><li data-start=\"2089\" data-end=\"2221\"><p data-start=\"2091\" data-end=\"2221\"><strong data-start=\"2091\" data-end=\"2123\">Mesa Productividad y Empleo:<\/strong> seguimiento al Plan de manejo DNMI\/Yurupar\u00ed.<br data-start=\"2168\" data-end=\"2171\" \/><strong data-start=\"2173\" data-end=\"2182\">Hora:<\/strong> 9:00 a. m.<br data-start=\"2193\" data-end=\"2196\" \/><strong data-start=\"2198\" data-end=\"2208\">Lugar:<\/strong> Por definir.<\/p><\/li><li data-start=\"2223\" data-end=\"2447\"><p data-start=\"2225\" data-end=\"2447\"><strong data-start=\"2225\" data-end=\"2247\">Mesa de Educaci\u00f3n:<\/strong> seguimiento t\u00e9cnico a acuerdos (planta administrativa, transporte escolar rural, cobertura, recursos de calidad).<br data-start=\"2361\" data-end=\"2364\" \/><strong data-start=\"2366\" data-end=\"2375\">Hora:<\/strong> 2:00 p. m.<br data-start=\"2386\" data-end=\"2389\" \/><strong data-start=\"2391\" data-end=\"2401\">Lugar:<\/strong> Oficina MSPCB \u2013 Galer\u00eda Central, oficina 603.<\/p><\/li><li data-start=\"2449\" data-end=\"2593\"><p data-start=\"2451\" data-end=\"2593\"><strong data-start=\"2451\" data-end=\"2469\">Mesa MASSBUEN:<\/strong> mesa de alto nivel sobre funcionamiento de SAAB como empresa p\u00fablica.<br data-start=\"2539\" data-end=\"2542\" \/><strong data-start=\"2544\" data-end=\"2553\">Hora:<\/strong> 2:00 p. m.<br data-start=\"2564\" data-end=\"2567\" \/><strong data-start=\"2569\" data-end=\"2579\">Lugar:<\/strong> Hotel Cosmos.<\/p><\/li><li data-start=\"2595\" data-end=\"2694\"><p data-start=\"2597\" data-end=\"2694\"><strong data-start=\"2597\" data-end=\"2615\">Mesa Ambiente:<\/strong> revisi\u00f3n de acuerdos.<br data-start=\"2637\" data-end=\"2640\" \/><strong data-start=\"2642\" data-end=\"2651\">Hora:<\/strong> 3:00 p. m.<br data-start=\"2662\" data-end=\"2665\" \/><strong data-start=\"2667\" data-end=\"2681\">Modalidad:<\/strong> Por definir.<\/p><\/li><\/ul><h3 data-start=\"2696\" data-end=\"2727\"><strong data-start=\"2700\" data-end=\"2727\">Viernes 14 de noviembre<\/strong><\/h3><ul data-start=\"2728\" data-end=\"3292\"><li data-start=\"2728\" data-end=\"2908\"><p data-start=\"2730\" data-end=\"2908\"><strong data-start=\"2730\" data-end=\"2740\">PIEDB:<\/strong> taller de planeaci\u00f3n estrat\u00e9gica con enfoque en la proyecci\u00f3n de Fonbuenaventura.<br data-start=\"2822\" data-end=\"2825\" \/><strong data-start=\"2827\" data-end=\"2836\">Hora:<\/strong> 8:00 a. m.<br data-start=\"2847\" data-end=\"2850\" \/><strong data-start=\"2852\" data-end=\"2862\">Lugar:<\/strong> Oficina MSPCB \u2013 Galer\u00eda Central, oficina 603.<\/p><\/li><li data-start=\"2910\" data-end=\"3059\"><p data-start=\"2912\" data-end=\"3059\"><strong data-start=\"2912\" data-end=\"2944\">Mesa Productividad y Empleo:<\/strong> continuaci\u00f3n del seguimiento al Plan de manejo DNMI\/Yurupar\u00ed.<br data-start=\"3006\" data-end=\"3009\" \/><strong data-start=\"3011\" data-end=\"3020\">Hora:<\/strong> 8:30 a. m.<br data-start=\"3031\" data-end=\"3034\" \/><strong data-start=\"3036\" data-end=\"3046\">Lugar:<\/strong> Por definir.<\/p><\/li><li data-start=\"3061\" data-end=\"3292\"><p data-start=\"3063\" data-end=\"3292\"><strong data-start=\"3063\" data-end=\"3090\">Comit\u00e9 Ejecutivo MSPCB:<\/strong> acciones de incidencia para concretar la pr\u00f3rroga de la Ley 1872 de 2017 (con equipo directivo de Fonbuenaventura).<br data-start=\"3206\" data-end=\"3209\" \/><strong data-start=\"3211\" data-end=\"3220\">Hora:<\/strong> 9:00 a. m.<br data-start=\"3231\" data-end=\"3234\" \/><strong data-start=\"3236\" data-end=\"3246\">Lugar:<\/strong> Oficina MSPCB \u2013 Galer\u00eda Central, oficina 603.<\/p><\/li><\/ul><h3 data-start=\"3294\" data-end=\"3324\"><strong data-start=\"3298\" data-end=\"3324\">S\u00e1bado 15 de noviembre<\/strong><\/h3><ul data-start=\"3325\" data-end=\"3489\"><li data-start=\"3325\" data-end=\"3489\"><p data-start=\"3327\" data-end=\"3489\"><strong data-start=\"3327\" data-end=\"3360\">Equipo de Comunicaci\u00f3n MSPCB:<\/strong> reuni\u00f3n semanal del consejo de redacci\u00f3n.<br data-start=\"3402\" data-end=\"3405\" \/><strong data-start=\"3407\" data-end=\"3416\">Hora:<\/strong> 10:00 a. m.<br data-start=\"3428\" data-end=\"3431\" \/><strong data-start=\"3433\" data-end=\"3443\">Lugar:<\/strong> Oficina MSPCB \u2013 Galer\u00eda Central, oficina 603.<\/p><\/li><\/ul>\t\t\t\t\t\t\t\t<\/div>\n\t\t\t\t<\/div>\n\t\t\t\t\t<\/div>\n\t\t<\/div>\n\t\t\t\t\t<\/div>\n\t\t<\/section>\n\t\t\t\t<section data-particle_enable=\"false\" data-particle-mobile-disabled=\"false\" class=\"elementor-section elementor-top-section elementor-element elementor-element-1ef1f1f elementor-section-boxed elementor-section-height-default elementor-section-height-default\" data-id=\"1ef1f1f\" data-element_type=\"section\" data-settings=\"{&quot;jet_parallax_layout_list&quot;:[]}\">\n\t\t\t\t\t\t<div class=\"elementor-container elementor-column-gap-default\">\n\t\t\t\t\t<div class=\"elementor-column elementor-col-100 elementor-top-column elementor-element elementor-element-5631afb\" data-id=\"5631afb\" data-element_type=\"column\">\n\t\t\t<div class=\"elementor-widget-wrap elementor-element-populated\">\n\t\t\t\t\t\t<div class=\"elementor-element elementor-element-b38c387 dce_masking-none elementor-widget elementor-widget-image\" data-id=\"b38c387\" data-element_type=\"widget\" data-widget_type=\"image.default\">\n\t\t\t\t<div class=\"elementor-widget-container\">\n\t\t\t\t\t\t\t\t\t\t\t\t\t\t\t\t<a href=\"http:\/\/comite-civico.org\/wp-content\/uploads\/2025\/11\/Agenda-semana-del-10-al-15-de-noviembre-de-2025.pdf\">\n\t\t\t\t\t\t\t<img fetchpriority=\"high\" decoding=\"async\" width=\"1920\" height=\"400\" src=\"https:\/\/comite-civico.org\/wp-content\/uploads\/2025\/08\/descarga-pdf-paro-civico.jpg\" class=\"attachment-full size-full wp-image-2395\" alt=\"\" srcset=\"https:\/\/comite-civico.org\/wp-content\/uploads\/2025\/08\/descarga-pdf-paro-civico.jpg 1920w, https:\/\/comite-civico.org\/wp-content\/uploads\/2025\/08\/descarga-pdf-paro-civico-300x63.jpg 300w, https:\/\/comite-civico.org\/wp-content\/uploads\/2025\/08\/descarga-pdf-paro-civico-1024x213.jpg 1024w, https:\/\/comite-civico.org\/wp-content\/uploads\/2025\/08\/descarga-pdf-paro-civico-768x160.jpg 768w, https:\/\/comite-civico.org\/wp-content\/uploads\/2025\/08\/descarga-pdf-paro-civico-1536x320.jpg 1536w\" sizes=\"(max-width: 1920px) 100vw, 1920px\" \/>\t\t\t\t\t\t\t\t<\/a>\n\t\t\t\t\t\t\t\t\t\t\t\t\t\t\t<\/div>\n\t\t\t\t<\/div>\n\t\t\t\t\t<\/div>\n\t\t<\/div>\n\t\t\t\t\t<\/div>\n\t\t<\/section>\n\t\t\t\t<\/div>\n\t\t","protected":false},"excerpt":{"rendered":"<p>Agenda del 10 al 15 de noviembre de 2025 Movimiento Social Paro C\u00edvico de Buenaventura\u201cPara vivir con dignidad y en paz en el territorio\u201d Lunes 10 de noviembre Mesa de Salud: seguimiento al acuerdo de la Ciudadela Hospitalaria sobre el dimensionamiento de la obra.Hora: 9:00 a. m.Modalidad: Virtual (Teams). Martes 11 de noviembre Comit\u00e9 Ejecutivo &#8230; <a title=\"Agenda del 10 al 15 de Noviembre\" class=\"read-more\" href=\"https:\/\/comite-civico.org\/?p=3012\" aria-label=\"Read more about Agenda del 10 al 15 de Noviembre\">Leer m\u00e1s<\/a><\/p>\n","protected":false},"author":1,"featured_media":3013,"comment_status":"open","ping_status":"open","sticky":false,"template":"","format":"standard","meta":{"footnotes":""},"categories":[1],"tags":[],"class_list":["post-3012","post","type-post","status-publish","format-standard","has-post-thumbnail","hentry","category-sin-categoria"],"acf":[],"yoast_head":"<!-- This site is optimized with the Yoast SEO plugin v25.0 - https:\/\/yoast.com\/wordpress\/plugins\/seo\/ -->\n<title>Agenda del 10 al 15 de Noviembre - Movimiento Social Paro C\u00edvico de Buenaventura<\/title>\n<meta name=\"robots\" content=\"index, follow, max-snippet:-1, max-image-preview:large, max-video-preview:-1\" \/>\n<link rel=\"canonical\" href=\"https:\/\/comite-civico.org\/?p=3012\" \/>\n<meta property=\"og:locale\" content=\"es_ES\" \/>\n<meta property=\"og:type\" content=\"article\" \/>\n<meta property=\"og:title\" content=\"Agenda del 10 al 15 de Noviembre - Movimiento Social Paro C\u00edvico de Buenaventura\" \/>\n<meta property=\"og:description\" content=\"Agenda del 10 al 15 de noviembre de 2025 Movimiento Social Paro C\u00edvico de Buenaventura\u201cPara vivir con dignidad y en paz en el territorio\u201d Lunes 10 de noviembre Mesa de Salud: seguimiento al acuerdo de la Ciudadela Hospitalaria sobre el dimensionamiento de la obra.Hora: 9:00 a. m.Modalidad: Virtual (Teams). Martes 11 de noviembre Comit\u00e9 Ejecutivo ... Leer m\u00e1s\" \/>\n<meta property=\"og:url\" content=\"https:\/\/comite-civico.org\/?p=3012\" \/>\n<meta property=\"og:site_name\" content=\"Movimiento Social Paro C\u00edvico de Buenaventura\" \/>\n<meta property=\"article:published_time\" content=\"2025-11-10T11:26:34+00:00\" \/>\n<meta property=\"article:modified_time\" content=\"2025-11-10T11:46:15+00:00\" \/>\n<meta property=\"og:image\" content=\"http:\/\/comite-civico.org\/wp-content\/uploads\/2025\/11\/10-al-15-de-noviembre-scaled.jpg\" \/>\n\t<meta property=\"og:image:width\" content=\"2560\" \/>\n\t<meta property=\"og:image:height\" content=\"1440\" \/>\n\t<meta property=\"og:image:type\" content=\"image\/jpeg\" \/>\n<meta name=\"author\" content=\"comiteadmin\" \/>\n<meta name=\"twitter:card\" content=\"summary_large_image\" \/>\n<meta name=\"twitter:label1\" content=\"Escrito por\" \/>\n\t<meta name=\"twitter:data1\" content=\"comiteadmin\" \/>\n\t<meta name=\"twitter:label2\" content=\"Tiempo de lectura\" \/>\n\t<meta name=\"twitter:data2\" content=\"3 minutos\" \/>\n<script type=\"application\/ld+json\" class=\"yoast-schema-graph\">{\"@context\":\"https:\/\/schema.org\",\"@graph\":[{\"@type\":\"Article\",\"@id\":\"https:\/\/comite-civico.org\/?p=3012#article\",\"isPartOf\":{\"@id\":\"https:\/\/comite-civico.org\/?p=3012\"},\"author\":{\"name\":\"comiteadmin\",\"@id\":\"https:\/\/comite-civico.org\/#\/schema\/person\/eebdf569aa3565fa603cc9c5b53cea34\"},\"headline\":\"Agenda del 10 al 15 de Noviembre\",\"datePublished\":\"2025-11-10T11:26:34+00:00\",\"dateModified\":\"2025-11-10T11:46:15+00:00\",\"mainEntityOfPage\":{\"@id\":\"https:\/\/comite-civico.org\/?p=3012\"},\"wordCount\":462,\"commentCount\":0,\"publisher\":{\"@id\":\"https:\/\/comite-civico.org\/#organization\"},\"image\":{\"@id\":\"https:\/\/comite-civico.org\/?p=3012#primaryimage\"},\"thumbnailUrl\":\"https:\/\/comite-civico.org\/wp-content\/uploads\/2025\/11\/10-al-15-de-noviembre-scaled.jpg\",\"inLanguage\":\"es-CO\",\"potentialAction\":[{\"@type\":\"CommentAction\",\"name\":\"Comment\",\"target\":[\"https:\/\/comite-civico.org\/?p=3012#respond\"]}]},{\"@type\":\"WebPage\",\"@id\":\"https:\/\/comite-civico.org\/?p=3012\",\"url\":\"https:\/\/comite-civico.org\/?p=3012\",\"name\":\"Agenda del 10 al 15 de Noviembre - Movimiento Social Paro C\u00edvico de Buenaventura\",\"isPartOf\":{\"@id\":\"https:\/\/comite-civico.org\/#website\"},\"primaryImageOfPage\":{\"@id\":\"https:\/\/comite-civico.org\/?p=3012#primaryimage\"},\"image\":{\"@id\":\"https:\/\/comite-civico.org\/?p=3012#primaryimage\"},\"thumbnailUrl\":\"https:\/\/comite-civico.org\/wp-content\/uploads\/2025\/11\/10-al-15-de-noviembre-scaled.jpg\",\"datePublished\":\"2025-11-10T11:26:34+00:00\",\"dateModified\":\"2025-11-10T11:46:15+00:00\",\"breadcrumb\":{\"@id\":\"https:\/\/comite-civico.org\/?p=3012#breadcrumb\"},\"inLanguage\":\"es-CO\",\"potentialAction\":[{\"@type\":\"ReadAction\",\"target\":[\"https:\/\/comite-civico.org\/?p=3012\"]}]},{\"@type\":\"ImageObject\",\"inLanguage\":\"es-CO\",\"@id\":\"https:\/\/comite-civico.org\/?p=3012#primaryimage\",\"url\":\"https:\/\/comite-civico.org\/wp-content\/uploads\/2025\/11\/10-al-15-de-noviembre-scaled.jpg\",\"contentUrl\":\"https:\/\/comite-civico.org\/wp-content\/uploads\/2025\/11\/10-al-15-de-noviembre-scaled.jpg\",\"width\":2560,\"height\":1440},{\"@type\":\"BreadcrumbList\",\"@id\":\"https:\/\/comite-civico.org\/?p=3012#breadcrumb\",\"itemListElement\":[{\"@type\":\"ListItem\",\"position\":1,\"name\":\"Inicio\",\"item\":\"https:\/\/comite-civico.org\/\"},{\"@type\":\"ListItem\",\"position\":2,\"name\":\"Agenda del 10 al 15 de Noviembre\"}]},{\"@type\":\"WebSite\",\"@id\":\"https:\/\/comite-civico.org\/#website\",\"url\":\"https:\/\/comite-civico.org\/\",\"name\":\"Movimiento Social Paro C\u00edvico de Buenaventura\",\"description\":\"Movimiento Social Paro C\u00edvico de Buenaventura\",\"publisher\":{\"@id\":\"https:\/\/comite-civico.org\/#organization\"},\"potentialAction\":[{\"@type\":\"SearchAction\",\"target\":{\"@type\":\"EntryPoint\",\"urlTemplate\":\"https:\/\/comite-civico.org\/?s={search_term_string}\"},\"query-input\":{\"@type\":\"PropertyValueSpecification\",\"valueRequired\":true,\"valueName\":\"search_term_string\"}}],\"inLanguage\":\"es-CO\"},{\"@type\":\"Organization\",\"@id\":\"https:\/\/comite-civico.org\/#organization\",\"name\":\"Movimiento Social Paro C\u00edvico de Buenaventura\",\"url\":\"https:\/\/comite-civico.org\/\",\"logo\":{\"@type\":\"ImageObject\",\"inLanguage\":\"es-CO\",\"@id\":\"https:\/\/comite-civico.org\/#\/schema\/logo\/image\/\",\"url\":\"https:\/\/comite-civico.org\/wp-content\/uploads\/2021\/03\/Logo-de-Movimiento-Blanco-scaled.png\",\"contentUrl\":\"https:\/\/comite-civico.org\/wp-content\/uploads\/2021\/03\/Logo-de-Movimiento-Blanco-scaled.png\",\"width\":2560,\"height\":1810,\"caption\":\"Movimiento Social Paro C\u00edvico de Buenaventura\"},\"image\":{\"@id\":\"https:\/\/comite-civico.org\/#\/schema\/logo\/image\/\"}},{\"@type\":\"Person\",\"@id\":\"https:\/\/comite-civico.org\/#\/schema\/person\/eebdf569aa3565fa603cc9c5b53cea34\",\"name\":\"comiteadmin\",\"image\":{\"@type\":\"ImageObject\",\"inLanguage\":\"es-CO\",\"@id\":\"https:\/\/comite-civico.org\/#\/schema\/person\/image\/\",\"url\":\"https:\/\/secure.gravatar.com\/avatar\/516fb540621996b28f565fdf033072d55dd3fe76896ef4af5250b5fec1b457fe?s=96&d=mm&r=g\",\"contentUrl\":\"https:\/\/secure.gravatar.com\/avatar\/516fb540621996b28f565fdf033072d55dd3fe76896ef4af5250b5fec1b457fe?s=96&d=mm&r=g\",\"caption\":\"comiteadmin\"},\"sameAs\":[\"https:\/\/comite-civico.org\/\"],\"url\":\"https:\/\/comite-civico.org\/?author=1\"}]}<\/script>\n<!-- \/ Yoast SEO plugin. -->","yoast_head_json":{"title":"Agenda del 10 al 15 de Noviembre - Movimiento Social Paro C\u00edvico de Buenaventura","robots":{"index":"index","follow":"follow","max-snippet":"max-snippet:-1","max-image-preview":"max-image-preview:large","max-video-preview":"max-video-preview:-1"},"canonical":"https:\/\/comite-civico.org\/?p=3012","og_locale":"es_ES","og_type":"article","og_title":"Agenda del 10 al 15 de Noviembre - Movimiento Social Paro C\u00edvico de Buenaventura","og_description":"Agenda del 10 al 15 de noviembre de 2025 Movimiento Social Paro C\u00edvico de Buenaventura\u201cPara vivir con dignidad y en paz en el territorio\u201d Lunes 10 de noviembre Mesa de Salud: seguimiento al acuerdo de la Ciudadela Hospitalaria sobre el dimensionamiento de la obra.Hora: 9:00 a. m.Modalidad: Virtual (Teams). Martes 11 de noviembre Comit\u00e9 Ejecutivo ... Leer m\u00e1s","og_url":"https:\/\/comite-civico.org\/?p=3012","og_site_name":"Movimiento Social Paro C\u00edvico de Buenaventura","article_published_time":"2025-11-10T11:26:34+00:00","article_modified_time":"2025-11-10T11:46:15+00:00","og_image":[{"width":2560,"height":1440,"url":"http:\/\/comite-civico.org\/wp-content\/uploads\/2025\/11\/10-al-15-de-noviembre-scaled.jpg","type":"image\/jpeg"}],"author":"comiteadmin","twitter_card":"summary_large_image","twitter_misc":{"Escrito por":"comiteadmin","Tiempo de lectura":"3 minutos"},"schema":{"@context":"https:\/\/schema.org","@graph":[{"@type":"Article","@id":"https:\/\/comite-civico.org\/?p=3012#article","isPartOf":{"@id":"https:\/\/comite-civico.org\/?p=3012"},"author":{"name":"comiteadmin","@id":"https:\/\/comite-civico.org\/#\/schema\/person\/eebdf569aa3565fa603cc9c5b53cea34"},"headline":"Agenda del 10 al 15 de Noviembre","datePublished":"2025-11-10T11:26:34+00:00","dateModified":"2025-11-10T11:46:15+00:00","mainEntityOfPage":{"@id":"https:\/\/comite-civico.org\/?p=3012"},"wordCount":462,"commentCount":0,"publisher":{"@id":"https:\/\/comite-civico.org\/#organization"},"image":{"@id":"https:\/\/comite-civico.org\/?p=3012#primaryimage"},"thumbnailUrl":"https:\/\/comite-civico.org\/wp-content\/uploads\/2025\/11\/10-al-15-de-noviembre-scaled.jpg","inLanguage":"es-CO","potentialAction":[{"@type":"CommentAction","name":"Comment","target":["https:\/\/comite-civico.org\/?p=3012#respond"]}]},{"@type":"WebPage","@id":"https:\/\/comite-civico.org\/?p=3012","url":"https:\/\/comite-civico.org\/?p=3012","name":"Agenda del 10 al 15 de Noviembre - Movimiento Social Paro C\u00edvico de Buenaventura","isPartOf":{"@id":"https:\/\/comite-civico.org\/#website"},"primaryImageOfPage":{"@id":"https:\/\/comite-civico.org\/?p=3012#primaryimage"},"image":{"@id":"https:\/\/comite-civico.org\/?p=3012#primaryimage"},"thumbnailUrl":"https:\/\/comite-civico.org\/wp-content\/uploads\/2025\/11\/10-al-15-de-noviembre-scaled.jpg","datePublished":"2025-11-10T11:26:34+00:00","dateModified":"2025-11-10T11:46:15+00:00","breadcrumb":{"@id":"https:\/\/comite-civico.org\/?p=3012#breadcrumb"},"inLanguage":"es-CO","potentialAction":[{"@type":"ReadAction","target":["https:\/\/comite-civico.org\/?p=3012"]}]},{"@type":"ImageObject","inLanguage":"es-CO","@id":"https:\/\/comite-civico.org\/?p=3012#primaryimage","url":"https:\/\/comite-civico.org\/wp-content\/uploads\/2025\/11\/10-al-15-de-noviembre-scaled.jpg","contentUrl":"https:\/\/comite-civico.org\/wp-content\/uploads\/2025\/11\/10-al-15-de-noviembre-scaled.jpg","width":2560,"height":1440},{"@type":"BreadcrumbList","@id":"https:\/\/comite-civico.org\/?p=3012#breadcrumb","itemListElement":[{"@type":"ListItem","position":1,"name":"Inicio","item":"https:\/\/comite-civico.org\/"},{"@type":"ListItem","position":2,"name":"Agenda del 10 al 15 de Noviembre"}]},{"@type":"WebSite","@id":"https:\/\/comite-civico.org\/#website","url":"https:\/\/comite-civico.org\/","name":"Movimiento Social Paro C\u00edvico de Buenaventura","description":"Movimiento Social Paro C\u00edvico de Buenaventura","publisher":{"@id":"https:\/\/comite-civico.org\/#organization"},"potentialAction":[{"@type":"SearchAction","target":{"@type":"EntryPoint","urlTemplate":"https:\/\/comite-civico.org\/?s={search_term_string}"},"query-input":{"@type":"PropertyValueSpecification","valueRequired":true,"valueName":"search_term_string"}}],"inLanguage":"es-CO"},{"@type":"Organization","@id":"https:\/\/comite-civico.org\/#organization","name":"Movimiento Social Paro C\u00edvico de Buenaventura","url":"https:\/\/comite-civico.org\/","logo":{"@type":"ImageObject","inLanguage":"es-CO","@id":"https:\/\/comite-civico.org\/#\/schema\/logo\/image\/","url":"https:\/\/comite-civico.org\/wp-content\/uploads\/2021\/03\/Logo-de-Movimiento-Blanco-scaled.png","contentUrl":"https:\/\/comite-civico.org\/wp-content\/uploads\/2021\/03\/Logo-de-Movimiento-Blanco-scaled.png","width":2560,"height":1810,"caption":"Movimiento Social Paro C\u00edvico de Buenaventura"},"image":{"@id":"https:\/\/comite-civico.org\/#\/schema\/logo\/image\/"}},{"@type":"Person","@id":"https:\/\/comite-civico.org\/#\/schema\/person\/eebdf569aa3565fa603cc9c5b53cea34","name":"comiteadmin","image":{"@type":"ImageObject","inLanguage":"es-CO","@id":"https:\/\/comite-civico.org\/#\/schema\/person\/image\/","url":"https:\/\/secure.gravatar.com\/avatar\/516fb540621996b28f565fdf033072d55dd3fe76896ef4af5250b5fec1b457fe?s=96&d=mm&r=g","contentUrl":"https:\/\/secure.gravatar.com\/avatar\/516fb540621996b28f565fdf033072d55dd3fe76896ef4af5250b5fec1b457fe?s=96&d=mm&r=g","caption":"comiteadmin"},"sameAs":["https:\/\/comite-civico.org\/"],"url":"https:\/\/comite-civico.org\/?author=1"}]}},"_links":{"self":[{"href":"https:\/\/comite-civico.org\/index.php?rest_route=\/wp\/v2\/posts\/3012","targetHints":{"allow":["GET"]}}],"collection":[{"href":"https:\/\/comite-civico.org\/index.php?rest_route=\/wp\/v2\/posts"}],"about":[{"href":"https:\/\/comite-civico.org\/index.php?rest_route=\/wp\/v2\/types\/post"}],"author":[{"embeddable":true,"href":"https:\/\/comite-civico.org\/index.php?rest_route=\/wp\/v2\/users\/1"}],"replies":[{"embeddable":true,"href":"https:\/\/comite-civico.org\/index.php?rest_route=%2Fwp%2Fv2%2Fcomments&post=3012"}],"version-history":[{"count":13,"href":"https:\/\/comite-civico.org\/index.php?rest_route=\/wp\/v2\/posts\/3012\/revisions"}],"predecessor-version":[{"id":3033,"href":"https:\/\/comite-civico.org\/index.php?rest_route=\/wp\/v2\/posts\/3012\/revisions\/3033"}],"wp:featuredmedia":[{"embeddable":true,"href":"https:\/\/comite-civico.org\/index.php?rest_route=\/wp\/v2\/media\/3013"}],"wp:attachment":[{"href":"https:\/\/comite-civico.org\/index.php?rest_route=%2Fwp%2Fv2%2Fmedia&parent=3012"}],"wp:term":[{"taxonomy":"category","embeddable":true,"href":"https:\/\/comite-civico.org\/index.php?rest_route=%2Fwp%2Fv2%2Fcategories&post=3012"},{"taxonomy":"post_tag","embeddable":true,"href":"https:\/\/comite-civico.org\/index.php?rest_route=%2Fwp%2Fv2%2Ftags&post=3012"}],"curies":[{"name":"wp","href":"https:\/\/api.w.org\/{rel}","templated":true}]}}