{"id":2940,"date":"2025-11-07T13:53:01","date_gmt":"2025-11-07T18:53:01","guid":{"rendered":"https:\/\/comite-civico.org\/?p=2940"},"modified":"2025-11-09T18:55:40","modified_gmt":"2025-11-09T23:55:40","slug":"seguimos-avanzando-por-la-restauracion-ambiental-de-buenaventura","status":"publish","type":"post","link":"https:\/\/comite-civico.org\/?p=2940","title":{"rendered":"\u00a1Seguimos avanzando por la restauraci\u00f3n ambiental de Buenaventura"},"content":{"rendered":"\t\t<div data-elementor-type=\"wp-post\" data-elementor-id=\"2940\" class=\"elementor elementor-2940\" data-elementor-post-type=\"post\">\n\t\t\t\t\t\t<section data-particle_enable=\"false\" data-particle-mobile-disabled=\"false\" class=\"elementor-section elementor-top-section elementor-element elementor-element-22707bc elementor-section-boxed elementor-section-height-default elementor-section-height-default\" data-id=\"22707bc\" data-element_type=\"section\" data-settings=\"{&quot;jet_parallax_layout_list&quot;:[]}\">\n\t\t\t\t\t\t<div class=\"elementor-container elementor-column-gap-default\">\n\t\t\t\t\t<div class=\"elementor-column elementor-col-100 elementor-top-column elementor-element elementor-element-730da3e\" data-id=\"730da3e\" data-element_type=\"column\">\n\t\t\t<div class=\"elementor-widget-wrap elementor-element-populated\">\n\t\t\t\t\t\t<div class=\"elementor-element elementor-element-3fcbc0a elementor-widget elementor-widget-text-editor\" data-id=\"3fcbc0a\" data-element_type=\"widget\" data-widget_type=\"text-editor.default\">\n\t\t\t\t<div class=\"elementor-widget-container\">\n\t\t\t\t\t\t\t\t\t<h3 style=\"text-align: left;\" data-start=\"329\" data-end=\"628\"><strong>Avanza la restauraci\u00f3n ambiental<\/strong><\/h3>\t\t\t\t\t\t\t\t<\/div>\n\t\t\t\t<\/div>\n\t\t\t\t<div class=\"elementor-element elementor-element-75eddd5 elementor-widget elementor-widget-text-editor\" data-id=\"75eddd5\" data-element_type=\"widget\" data-widget_type=\"text-editor.default\">\n\t\t\t\t<div class=\"elementor-widget-container\">\n\t\t\t\t\t\t\t\t\t<p data-start=\"329\" data-end=\"628\">Durante los d\u00edas 28, 29 y 30 de octubre se realizaron tres jornadas de trabajo para avanzar en la formulaci\u00f3n de la tercera fase del proyecto que busca identificar, valorar y atender los riesgos qu\u00edmicos y f\u00edsicos en \u00e1reas degradadas por miner\u00eda en las cuencas de los r\u00edos Anchicay\u00e1, Raposo y Dagua.<\/p>\n<p data-start=\"630\" data-end=\"882\">Este proyecto es ejecutado por la Fundaci\u00f3n Bios Pac\u00edfico y contratado por <strong>la UNGRD y el Ministerio de Ambiente, con FonBuenaventura<\/strong> como ordenador del gasto, como parte de los acuerdos entre el Gobierno Nacional y <strong>el Movimiento Social Paro C\u00edvico.<\/strong><\/p>\n<p data-start=\"884\" data-end=\"1096\"><strong data-start=\"886\" data-end=\"921\">Reuni\u00f3n t\u00e9cnica de coordinaci\u00f3n<\/strong> en las oficinas del Paro C\u00edvico<br data-start=\"953\" data-end=\"956\"><strong data-start=\"958\" data-end=\"977\">Visita de campo<\/strong> a los pol\u00edgonos Zaragoza y Bendiciones<br data-start=\"1016\" data-end=\"1019\"><strong data-start=\"1021\" data-end=\"1045\">Taller participativo<\/strong> para construir el \u00e1rbol de problemas y objetivos<\/p>\n<p data-start=\"1098\" data-end=\"1424\">\u00d3scar Asprilla, coordinador t\u00e9cnico, destac\u00f3 que <strong data-start=\"1128\" data-end=\"1173\">la duraci\u00f3n del proyecto es de seis meses<\/strong>, con posibilidad de ampliaci\u00f3n debido a las condiciones del territorio. Adem\u00e1s, una de sus fases incluye la <strong data-start=\"1282\" data-end=\"1351\">intervenci\u00f3n directa para la recuperaci\u00f3n de las zonas degradadas<\/strong>, generando nuevas oportunidades econ\u00f3micas para las comunidades rurales.<\/p>\n<p data-start=\"1426\" data-end=\"1644\">Este proceso consolida la articulaci\u00f3n entre el Ministerio de Ambiente, la UNGRD, FonBuenaventura, la Fundaci\u00f3n Bios Pac\u00edfico y las comunidades, fortaleciendo la gobernanza ambiental y la sostenibilidad del territorio.<\/p>\n<p data-start=\"1646\" data-end=\"1740\">\u00a1Buenaventura avanza hacia la protecci\u00f3n de sus cuencas y la vida digna en el territorio!&nbsp;<\/p>\n<p data-start=\"1742\" data-end=\"1910\">#Buenaventura #FonBuenaventura #Restauraci\u00f3nAmbiental #R\u00edoDagua #UNGRD #MinisterioDeAmbiente #ParoC\u00edvico #TerritorioVivo #SostenibilidadAmbiental #GobernanzaTerritorial<\/p>\t\t\t\t\t\t\t\t<\/div>\n\t\t\t\t<\/div>\n\t\t\t\t\t<\/div>\n\t\t<\/div>\n\t\t\t\t\t<\/div>\n\t\t<\/section>\n\t\t\t\t<section data-particle_enable=\"false\" data-particle-mobile-disabled=\"false\" class=\"elementor-section elementor-top-section elementor-element elementor-element-3c00974 elementor-section-boxed elementor-section-height-default elementor-section-height-default\" data-id=\"3c00974\" data-element_type=\"section\" data-settings=\"{&quot;jet_parallax_layout_list&quot;:[]}\">\n\t\t\t\t\t\t<div class=\"elementor-container elementor-column-gap-default\">\n\t\t\t\t\t<div class=\"elementor-column elementor-col-100 elementor-top-column elementor-element elementor-element-425cbb0\" data-id=\"425cbb0\" data-element_type=\"column\">\n\t\t\t<div class=\"elementor-widget-wrap elementor-element-populated\">\n\t\t\t\t\t\t<div class=\"elementor-element elementor-element-32c4c1c dce_masking-none elementor-widget elementor-widget-image\" data-id=\"32c4c1c\" data-element_type=\"widget\" data-widget_type=\"image.default\">\n\t\t\t\t<div class=\"elementor-widget-container\">\n\t\t\t\t\t\t\t\t\t\t\t\t\t\t\t<img fetchpriority=\"high\" decoding=\"async\" width=\"1024\" height=\"576\" src=\"https:\/\/comite-civico.org\/wp-content\/uploads\/2025\/11\/mesa-ambiental-fonbuenaventura-1024x576.jpg\" class=\"attachment-large size-large wp-image-2944\" alt=\"\" srcset=\"https:\/\/comite-civico.org\/wp-content\/uploads\/2025\/11\/mesa-ambiental-fonbuenaventura-1024x576.jpg 1024w, https:\/\/comite-civico.org\/wp-content\/uploads\/2025\/11\/mesa-ambiental-fonbuenaventura-300x169.jpg 300w, https:\/\/comite-civico.org\/wp-content\/uploads\/2025\/11\/mesa-ambiental-fonbuenaventura-768x432.jpg 768w, https:\/\/comite-civico.org\/wp-content\/uploads\/2025\/11\/mesa-ambiental-fonbuenaventura-1536x864.jpg 1536w, https:\/\/comite-civico.org\/wp-content\/uploads\/2025\/11\/mesa-ambiental-fonbuenaventura.jpg 1920w\" sizes=\"(max-width: 1024px) 100vw, 1024px\" \/>\t\t\t\t\t\t\t\t\t\t\t\t\t\t\t<\/div>\n\t\t\t\t<\/div>\n\t\t\t\t\t<\/div>\n\t\t<\/div>\n\t\t\t\t\t<\/div>\n\t\t<\/section>\n\t\t\t\t<section data-particle_enable=\"false\" data-particle-mobile-disabled=\"false\" class=\"elementor-section elementor-top-section elementor-element elementor-element-b897148 elementor-section-boxed elementor-section-height-default elementor-section-height-default\" data-id=\"b897148\" data-element_type=\"section\" data-settings=\"{&quot;jet_parallax_layout_list&quot;:[]}\">\n\t\t\t\t\t\t<div class=\"elementor-container elementor-column-gap-default\">\n\t\t\t\t\t<div class=\"elementor-column elementor-col-100 elementor-top-column elementor-element elementor-element-983a74d\" data-id=\"983a74d\" data-element_type=\"column\">\n\t\t\t<div class=\"elementor-widget-wrap elementor-element-populated\">\n\t\t\t\t\t\t<div class=\"elementor-element elementor-element-0c72e11 dce_masking-none elementor-widget elementor-widget-image\" data-id=\"0c72e11\" data-element_type=\"widget\" data-widget_type=\"image.default\">\n\t\t\t\t<div class=\"elementor-widget-container\">\n\t\t\t\t\t\t\t\t\t\t\t\t\t\t\t\t<a href=\"http:\/\/comite-civico.org\/wp-content\/uploads\/2025\/11\/Boletin-de-Prensa-Ejecucion-proyecto-sobre-mineria-3110205.pdf\">\n\t\t\t\t\t\t\t<img decoding=\"async\" width=\"1024\" height=\"213\" src=\"https:\/\/comite-civico.org\/wp-content\/uploads\/2025\/11\/descarga-PDF-FONBUENAVENTURA-1024x213.jpg\" class=\"attachment-large size-large wp-image-2997\" alt=\"\" srcset=\"https:\/\/comite-civico.org\/wp-content\/uploads\/2025\/11\/descarga-PDF-FONBUENAVENTURA-1024x213.jpg 1024w, https:\/\/comite-civico.org\/wp-content\/uploads\/2025\/11\/descarga-PDF-FONBUENAVENTURA-300x63.jpg 300w, https:\/\/comite-civico.org\/wp-content\/uploads\/2025\/11\/descarga-PDF-FONBUENAVENTURA-768x160.jpg 768w, https:\/\/comite-civico.org\/wp-content\/uploads\/2025\/11\/descarga-PDF-FONBUENAVENTURA-1536x320.jpg 1536w, https:\/\/comite-civico.org\/wp-content\/uploads\/2025\/11\/descarga-PDF-FONBUENAVENTURA.jpg 1920w\" sizes=\"(max-width: 1024px) 100vw, 1024px\" \/>\t\t\t\t\t\t\t\t<\/a>\n\t\t\t\t\t\t\t\t\t\t\t\t\t\t\t<\/div>\n\t\t\t\t<\/div>\n\t\t\t\t\t<\/div>\n\t\t<\/div>\n\t\t\t\t\t<\/div>\n\t\t<\/section>\n\t\t\t\t<\/div>\n\t\t","protected":false},"excerpt":{"rendered":"<p>Avanza la restauraci\u00f3n ambiental Durante los d\u00edas 28, 29 y 30 de octubre se realizaron tres jornadas de trabajo para avanzar en la formulaci\u00f3n de la tercera fase del proyecto que busca identificar, valorar y atender los riesgos qu\u00edmicos y f\u00edsicos en \u00e1reas degradadas por miner\u00eda en las cuencas de los r\u00edos Anchicay\u00e1, Raposo y &#8230; <a title=\"\u00a1Seguimos avanzando por la restauraci\u00f3n ambiental de Buenaventura\" class=\"read-more\" href=\"https:\/\/comite-civico.org\/?p=2940\" aria-label=\"Read more about \u00a1Seguimos avanzando por la restauraci\u00f3n ambiental de Buenaventura\">Leer m\u00e1s<\/a><\/p>\n","protected":false},"author":1,"featured_media":2941,"comment_status":"open","ping_status":"open","sticky":false,"template":"","format":"standard","meta":{"footnotes":""},"categories":[1],"tags":[],"class_list":["post-2940","post","type-post","status-publish","format-standard","has-post-thumbnail","hentry","category-sin-categoria"],"acf":[],"yoast_head":"<!-- This site is optimized with the Yoast SEO plugin v25.0 - https:\/\/yoast.com\/wordpress\/plugins\/seo\/ -->\n<title>\u00a1Seguimos avanzando por la restauraci\u00f3n ambiental de Buenaventura - Movimiento Social Paro C\u00edvico de Buenaventura<\/title>\n<meta name=\"robots\" content=\"index, follow, max-snippet:-1, max-image-preview:large, max-video-preview:-1\" \/>\n<link rel=\"canonical\" href=\"https:\/\/comite-civico.org\/?p=2940\" \/>\n<meta property=\"og:locale\" content=\"es_ES\" \/>\n<meta property=\"og:type\" content=\"article\" \/>\n<meta property=\"og:title\" content=\"\u00a1Seguimos avanzando por la restauraci\u00f3n ambiental de Buenaventura - Movimiento Social Paro C\u00edvico de Buenaventura\" \/>\n<meta property=\"og:description\" content=\"Avanza la restauraci\u00f3n ambiental Durante los d\u00edas 28, 29 y 30 de octubre se realizaron tres jornadas de trabajo para avanzar en la formulaci\u00f3n de la tercera fase del proyecto que busca identificar, valorar y atender los riesgos qu\u00edmicos y f\u00edsicos en \u00e1reas degradadas por miner\u00eda en las cuencas de los r\u00edos Anchicay\u00e1, Raposo y ... Leer m\u00e1s\" \/>\n<meta property=\"og:url\" content=\"https:\/\/comite-civico.org\/?p=2940\" \/>\n<meta property=\"og:site_name\" content=\"Movimiento Social Paro C\u00edvico de Buenaventura\" \/>\n<meta property=\"article:published_time\" content=\"2025-11-07T18:53:01+00:00\" \/>\n<meta property=\"article:modified_time\" content=\"2025-11-09T23:55:40+00:00\" \/>\n<meta property=\"og:image\" content=\"http:\/\/comite-civico.org\/wp-content\/uploads\/2025\/11\/post-paro-civico-amiental-fonbun-scaled.jpg\" \/>\n\t<meta property=\"og:image:width\" content=\"2560\" \/>\n\t<meta property=\"og:image:height\" content=\"1440\" \/>\n\t<meta property=\"og:image:type\" content=\"image\/jpeg\" \/>\n<meta name=\"author\" content=\"comiteadmin\" \/>\n<meta name=\"twitter:card\" content=\"summary_large_image\" \/>\n<meta name=\"twitter:label1\" content=\"Escrito por\" \/>\n\t<meta name=\"twitter:data1\" content=\"comiteadmin\" \/>\n\t<meta name=\"twitter:label2\" content=\"Tiempo de lectura\" \/>\n\t<meta name=\"twitter:data2\" content=\"2 minutos\" \/>\n<script type=\"application\/ld+json\" class=\"yoast-schema-graph\">{\"@context\":\"https:\/\/schema.org\",\"@graph\":[{\"@type\":\"Article\",\"@id\":\"https:\/\/comite-civico.org\/?p=2940#article\",\"isPartOf\":{\"@id\":\"https:\/\/comite-civico.org\/?p=2940\"},\"author\":{\"name\":\"comiteadmin\",\"@id\":\"https:\/\/comite-civico.org\/#\/schema\/person\/eebdf569aa3565fa603cc9c5b53cea34\"},\"headline\":\"\u00a1Seguimos avanzando por la restauraci\u00f3n ambiental de Buenaventura\",\"datePublished\":\"2025-11-07T18:53:01+00:00\",\"dateModified\":\"2025-11-09T23:55:40+00:00\",\"mainEntityOfPage\":{\"@id\":\"https:\/\/comite-civico.org\/?p=2940\"},\"wordCount\":263,\"commentCount\":0,\"publisher\":{\"@id\":\"https:\/\/comite-civico.org\/#organization\"},\"image\":{\"@id\":\"https:\/\/comite-civico.org\/?p=2940#primaryimage\"},\"thumbnailUrl\":\"https:\/\/comite-civico.org\/wp-content\/uploads\/2025\/11\/post-paro-civico-amiental-fonbun-scaled.jpg\",\"inLanguage\":\"es-CO\",\"potentialAction\":[{\"@type\":\"CommentAction\",\"name\":\"Comment\",\"target\":[\"https:\/\/comite-civico.org\/?p=2940#respond\"]}]},{\"@type\":\"WebPage\",\"@id\":\"https:\/\/comite-civico.org\/?p=2940\",\"url\":\"https:\/\/comite-civico.org\/?p=2940\",\"name\":\"\u00a1Seguimos avanzando por la restauraci\u00f3n ambiental de Buenaventura - Movimiento Social Paro C\u00edvico de Buenaventura\",\"isPartOf\":{\"@id\":\"https:\/\/comite-civico.org\/#website\"},\"primaryImageOfPage\":{\"@id\":\"https:\/\/comite-civico.org\/?p=2940#primaryimage\"},\"image\":{\"@id\":\"https:\/\/comite-civico.org\/?p=2940#primaryimage\"},\"thumbnailUrl\":\"https:\/\/comite-civico.org\/wp-content\/uploads\/2025\/11\/post-paro-civico-amiental-fonbun-scaled.jpg\",\"datePublished\":\"2025-11-07T18:53:01+00:00\",\"dateModified\":\"2025-11-09T23:55:40+00:00\",\"breadcrumb\":{\"@id\":\"https:\/\/comite-civico.org\/?p=2940#breadcrumb\"},\"inLanguage\":\"es-CO\",\"potentialAction\":[{\"@type\":\"ReadAction\",\"target\":[\"https:\/\/comite-civico.org\/?p=2940\"]}]},{\"@type\":\"ImageObject\",\"inLanguage\":\"es-CO\",\"@id\":\"https:\/\/comite-civico.org\/?p=2940#primaryimage\",\"url\":\"https:\/\/comite-civico.org\/wp-content\/uploads\/2025\/11\/post-paro-civico-amiental-fonbun-scaled.jpg\",\"contentUrl\":\"https:\/\/comite-civico.org\/wp-content\/uploads\/2025\/11\/post-paro-civico-amiental-fonbun-scaled.jpg\",\"width\":2560,\"height\":1440},{\"@type\":\"BreadcrumbList\",\"@id\":\"https:\/\/comite-civico.org\/?p=2940#breadcrumb\",\"itemListElement\":[{\"@type\":\"ListItem\",\"position\":1,\"name\":\"Inicio\",\"item\":\"https:\/\/comite-civico.org\/\"},{\"@type\":\"ListItem\",\"position\":2,\"name\":\"\u00a1Seguimos avanzando por la restauraci\u00f3n ambiental de Buenaventura\"}]},{\"@type\":\"WebSite\",\"@id\":\"https:\/\/comite-civico.org\/#website\",\"url\":\"https:\/\/comite-civico.org\/\",\"name\":\"Movimiento Social Paro C\u00edvico de Buenaventura\",\"description\":\"Movimiento Social Paro C\u00edvico de Buenaventura\",\"publisher\":{\"@id\":\"https:\/\/comite-civico.org\/#organization\"},\"potentialAction\":[{\"@type\":\"SearchAction\",\"target\":{\"@type\":\"EntryPoint\",\"urlTemplate\":\"https:\/\/comite-civico.org\/?s={search_term_string}\"},\"query-input\":{\"@type\":\"PropertyValueSpecification\",\"valueRequired\":true,\"valueName\":\"search_term_string\"}}],\"inLanguage\":\"es-CO\"},{\"@type\":\"Organization\",\"@id\":\"https:\/\/comite-civico.org\/#organization\",\"name\":\"Movimiento Social Paro C\u00edvico de Buenaventura\",\"url\":\"https:\/\/comite-civico.org\/\",\"logo\":{\"@type\":\"ImageObject\",\"inLanguage\":\"es-CO\",\"@id\":\"https:\/\/comite-civico.org\/#\/schema\/logo\/image\/\",\"url\":\"https:\/\/comite-civico.org\/wp-content\/uploads\/2021\/03\/Logo-de-Movimiento-Blanco-scaled.png\",\"contentUrl\":\"https:\/\/comite-civico.org\/wp-content\/uploads\/2021\/03\/Logo-de-Movimiento-Blanco-scaled.png\",\"width\":2560,\"height\":1810,\"caption\":\"Movimiento Social Paro C\u00edvico de Buenaventura\"},\"image\":{\"@id\":\"https:\/\/comite-civico.org\/#\/schema\/logo\/image\/\"}},{\"@type\":\"Person\",\"@id\":\"https:\/\/comite-civico.org\/#\/schema\/person\/eebdf569aa3565fa603cc9c5b53cea34\",\"name\":\"comiteadmin\",\"image\":{\"@type\":\"ImageObject\",\"inLanguage\":\"es-CO\",\"@id\":\"https:\/\/comite-civico.org\/#\/schema\/person\/image\/\",\"url\":\"https:\/\/secure.gravatar.com\/avatar\/516fb540621996b28f565fdf033072d55dd3fe76896ef4af5250b5fec1b457fe?s=96&d=mm&r=g\",\"contentUrl\":\"https:\/\/secure.gravatar.com\/avatar\/516fb540621996b28f565fdf033072d55dd3fe76896ef4af5250b5fec1b457fe?s=96&d=mm&r=g\",\"caption\":\"comiteadmin\"},\"sameAs\":[\"https:\/\/comite-civico.org\/\"],\"url\":\"https:\/\/comite-civico.org\/?author=1\"}]}<\/script>\n<!-- \/ Yoast SEO plugin. -->","yoast_head_json":{"title":"\u00a1Seguimos avanzando por la restauraci\u00f3n ambiental de Buenaventura - Movimiento Social Paro C\u00edvico de Buenaventura","robots":{"index":"index","follow":"follow","max-snippet":"max-snippet:-1","max-image-preview":"max-image-preview:large","max-video-preview":"max-video-preview:-1"},"canonical":"https:\/\/comite-civico.org\/?p=2940","og_locale":"es_ES","og_type":"article","og_title":"\u00a1Seguimos avanzando por la restauraci\u00f3n ambiental de Buenaventura - Movimiento Social Paro C\u00edvico de Buenaventura","og_description":"Avanza la restauraci\u00f3n ambiental Durante los d\u00edas 28, 29 y 30 de octubre se realizaron tres jornadas de trabajo para avanzar en la formulaci\u00f3n de la tercera fase del proyecto que busca identificar, valorar y atender los riesgos qu\u00edmicos y f\u00edsicos en \u00e1reas degradadas por miner\u00eda en las cuencas de los r\u00edos Anchicay\u00e1, Raposo y ... Leer m\u00e1s","og_url":"https:\/\/comite-civico.org\/?p=2940","og_site_name":"Movimiento Social Paro C\u00edvico de Buenaventura","article_published_time":"2025-11-07T18:53:01+00:00","article_modified_time":"2025-11-09T23:55:40+00:00","og_image":[{"width":2560,"height":1440,"url":"http:\/\/comite-civico.org\/wp-content\/uploads\/2025\/11\/post-paro-civico-amiental-fonbun-scaled.jpg","type":"image\/jpeg"}],"author":"comiteadmin","twitter_card":"summary_large_image","twitter_misc":{"Escrito por":"comiteadmin","Tiempo de lectura":"2 minutos"},"schema":{"@context":"https:\/\/schema.org","@graph":[{"@type":"Article","@id":"https:\/\/comite-civico.org\/?p=2940#article","isPartOf":{"@id":"https:\/\/comite-civico.org\/?p=2940"},"author":{"name":"comiteadmin","@id":"https:\/\/comite-civico.org\/#\/schema\/person\/eebdf569aa3565fa603cc9c5b53cea34"},"headline":"\u00a1Seguimos avanzando por la restauraci\u00f3n ambiental de Buenaventura","datePublished":"2025-11-07T18:53:01+00:00","dateModified":"2025-11-09T23:55:40+00:00","mainEntityOfPage":{"@id":"https:\/\/comite-civico.org\/?p=2940"},"wordCount":263,"commentCount":0,"publisher":{"@id":"https:\/\/comite-civico.org\/#organization"},"image":{"@id":"https:\/\/comite-civico.org\/?p=2940#primaryimage"},"thumbnailUrl":"https:\/\/comite-civico.org\/wp-content\/uploads\/2025\/11\/post-paro-civico-amiental-fonbun-scaled.jpg","inLanguage":"es-CO","potentialAction":[{"@type":"CommentAction","name":"Comment","target":["https:\/\/comite-civico.org\/?p=2940#respond"]}]},{"@type":"WebPage","@id":"https:\/\/comite-civico.org\/?p=2940","url":"https:\/\/comite-civico.org\/?p=2940","name":"\u00a1Seguimos avanzando por la restauraci\u00f3n ambiental de Buenaventura - Movimiento Social Paro C\u00edvico de Buenaventura","isPartOf":{"@id":"https:\/\/comite-civico.org\/#website"},"primaryImageOfPage":{"@id":"https:\/\/comite-civico.org\/?p=2940#primaryimage"},"image":{"@id":"https:\/\/comite-civico.org\/?p=2940#primaryimage"},"thumbnailUrl":"https:\/\/comite-civico.org\/wp-content\/uploads\/2025\/11\/post-paro-civico-amiental-fonbun-scaled.jpg","datePublished":"2025-11-07T18:53:01+00:00","dateModified":"2025-11-09T23:55:40+00:00","breadcrumb":{"@id":"https:\/\/comite-civico.org\/?p=2940#breadcrumb"},"inLanguage":"es-CO","potentialAction":[{"@type":"ReadAction","target":["https:\/\/comite-civico.org\/?p=2940"]}]},{"@type":"ImageObject","inLanguage":"es-CO","@id":"https:\/\/comite-civico.org\/?p=2940#primaryimage","url":"https:\/\/comite-civico.org\/wp-content\/uploads\/2025\/11\/post-paro-civico-amiental-fonbun-scaled.jpg","contentUrl":"https:\/\/comite-civico.org\/wp-content\/uploads\/2025\/11\/post-paro-civico-amiental-fonbun-scaled.jpg","width":2560,"height":1440},{"@type":"BreadcrumbList","@id":"https:\/\/comite-civico.org\/?p=2940#breadcrumb","itemListElement":[{"@type":"ListItem","position":1,"name":"Inicio","item":"https:\/\/comite-civico.org\/"},{"@type":"ListItem","position":2,"name":"\u00a1Seguimos avanzando por la restauraci\u00f3n ambiental de Buenaventura"}]},{"@type":"WebSite","@id":"https:\/\/comite-civico.org\/#website","url":"https:\/\/comite-civico.org\/","name":"Movimiento Social Paro C\u00edvico de Buenaventura","description":"Movimiento Social Paro C\u00edvico de Buenaventura","publisher":{"@id":"https:\/\/comite-civico.org\/#organization"},"potentialAction":[{"@type":"SearchAction","target":{"@type":"EntryPoint","urlTemplate":"https:\/\/comite-civico.org\/?s={search_term_string}"},"query-input":{"@type":"PropertyValueSpecification","valueRequired":true,"valueName":"search_term_string"}}],"inLanguage":"es-CO"},{"@type":"Organization","@id":"https:\/\/comite-civico.org\/#organization","name":"Movimiento Social Paro C\u00edvico de Buenaventura","url":"https:\/\/comite-civico.org\/","logo":{"@type":"ImageObject","inLanguage":"es-CO","@id":"https:\/\/comite-civico.org\/#\/schema\/logo\/image\/","url":"https:\/\/comite-civico.org\/wp-content\/uploads\/2021\/03\/Logo-de-Movimiento-Blanco-scaled.png","contentUrl":"https:\/\/comite-civico.org\/wp-content\/uploads\/2021\/03\/Logo-de-Movimiento-Blanco-scaled.png","width":2560,"height":1810,"caption":"Movimiento Social Paro C\u00edvico de Buenaventura"},"image":{"@id":"https:\/\/comite-civico.org\/#\/schema\/logo\/image\/"}},{"@type":"Person","@id":"https:\/\/comite-civico.org\/#\/schema\/person\/eebdf569aa3565fa603cc9c5b53cea34","name":"comiteadmin","image":{"@type":"ImageObject","inLanguage":"es-CO","@id":"https:\/\/comite-civico.org\/#\/schema\/person\/image\/","url":"https:\/\/secure.gravatar.com\/avatar\/516fb540621996b28f565fdf033072d55dd3fe76896ef4af5250b5fec1b457fe?s=96&d=mm&r=g","contentUrl":"https:\/\/secure.gravatar.com\/avatar\/516fb540621996b28f565fdf033072d55dd3fe76896ef4af5250b5fec1b457fe?s=96&d=mm&r=g","caption":"comiteadmin"},"sameAs":["https:\/\/comite-civico.org\/"],"url":"https:\/\/comite-civico.org\/?author=1"}]}},"_links":{"self":[{"href":"https:\/\/comite-civico.org\/index.php?rest_route=\/wp\/v2\/posts\/2940","targetHints":{"allow":["GET"]}}],"collection":[{"href":"https:\/\/comite-civico.org\/index.php?rest_route=\/wp\/v2\/posts"}],"about":[{"href":"https:\/\/comite-civico.org\/index.php?rest_route=\/wp\/v2\/types\/post"}],"author":[{"embeddable":true,"href":"https:\/\/comite-civico.org\/index.php?rest_route=\/wp\/v2\/users\/1"}],"replies":[{"embeddable":true,"href":"https:\/\/comite-civico.org\/index.php?rest_route=%2Fwp%2Fv2%2Fcomments&post=2940"}],"version-history":[{"count":16,"href":"https:\/\/comite-civico.org\/index.php?rest_route=\/wp\/v2\/posts\/2940\/revisions"}],"predecessor-version":[{"id":3000,"href":"https:\/\/comite-civico.org\/index.php?rest_route=\/wp\/v2\/posts\/2940\/revisions\/3000"}],"wp:featuredmedia":[{"embeddable":true,"href":"https:\/\/comite-civico.org\/index.php?rest_route=\/wp\/v2\/media\/2941"}],"wp:attachment":[{"href":"https:\/\/comite-civico.org\/index.php?rest_route=%2Fwp%2Fv2%2Fmedia&parent=2940"}],"wp:term":[{"taxonomy":"category","embeddable":true,"href":"https:\/\/comite-civico.org\/index.php?rest_route=%2Fwp%2Fv2%2Fcategories&post=2940"},{"taxonomy":"post_tag","embeddable":true,"href":"https:\/\/comite-civico.org\/index.php?rest_route=%2Fwp%2Fv2%2Ftags&post=2940"}],"curies":[{"name":"wp","href":"https:\/\/api.w.org\/{rel}","templated":true}]}}