{"id":2746,"date":"2025-11-04T05:47:39","date_gmt":"2025-11-04T10:47:39","guid":{"rendered":"https:\/\/comite-civico.org\/?p=2746"},"modified":"2025-11-04T05:55:10","modified_gmt":"2025-11-04T10:55:10","slug":"agenda-semanal-4-al-8-de-noviembre","status":"publish","type":"post","link":"https:\/\/comite-civico.org\/?p=2746","title":{"rendered":"Agenda Semanal 4 al 8 de Noviembre"},"content":{"rendered":"\t\t<div data-elementor-type=\"wp-post\" data-elementor-id=\"2746\" class=\"elementor elementor-2746\" data-elementor-post-type=\"post\">\n\t\t\t\t\t\t<section data-particle_enable=\"false\" data-particle-mobile-disabled=\"false\" class=\"elementor-section elementor-top-section elementor-element elementor-element-6415aea elementor-section-boxed elementor-section-height-default elementor-section-height-default\" data-id=\"6415aea\" data-element_type=\"section\" data-settings=\"{&quot;jet_parallax_layout_list&quot;:[]}\">\n\t\t\t\t\t\t<div class=\"elementor-container elementor-column-gap-default\">\n\t\t\t\t\t<div class=\"elementor-column elementor-col-100 elementor-top-column elementor-element elementor-element-be4494e\" data-id=\"be4494e\" data-element_type=\"column\">\n\t\t\t<div class=\"elementor-widget-wrap elementor-element-populated\">\n\t\t\t\t\t\t<div class=\"elementor-element elementor-element-ba655b2 dce_masking-none elementor-widget elementor-widget-image\" data-id=\"ba655b2\" data-element_type=\"widget\" data-widget_type=\"image.default\">\n\t\t\t\t<div class=\"elementor-widget-container\">\n\t\t\t\t\t\t\t\t\t\t\t\t\t\t\t<img fetchpriority=\"high\" decoding=\"async\" width=\"1024\" height=\"576\" src=\"https:\/\/comite-civico.org\/wp-content\/uploads\/2025\/11\/post-paro-civico-1024x576.jpg\" class=\"attachment-large size-large wp-image-2747\" alt=\"\" srcset=\"https:\/\/comite-civico.org\/wp-content\/uploads\/2025\/11\/post-paro-civico-1024x576.jpg 1024w, https:\/\/comite-civico.org\/wp-content\/uploads\/2025\/11\/post-paro-civico-300x169.jpg 300w, https:\/\/comite-civico.org\/wp-content\/uploads\/2025\/11\/post-paro-civico-768x432.jpg 768w, https:\/\/comite-civico.org\/wp-content\/uploads\/2025\/11\/post-paro-civico-1536x864.jpg 1536w, https:\/\/comite-civico.org\/wp-content\/uploads\/2025\/11\/post-paro-civico.jpg 1920w\" sizes=\"(max-width: 1024px) 100vw, 1024px\" \/>\t\t\t\t\t\t\t\t\t\t\t\t\t\t\t<\/div>\n\t\t\t\t<\/div>\n\t\t\t\t\t<\/div>\n\t\t<\/div>\n\t\t\t\t\t<\/div>\n\t\t<\/section>\n\t\t\t\t<section data-particle_enable=\"false\" data-particle-mobile-disabled=\"false\" class=\"elementor-section elementor-top-section elementor-element elementor-element-075edae elementor-section-boxed elementor-section-height-default elementor-section-height-default\" data-id=\"075edae\" data-element_type=\"section\" data-settings=\"{&quot;jet_parallax_layout_list&quot;:[]}\">\n\t\t\t\t\t\t<div class=\"elementor-container elementor-column-gap-default\">\n\t\t\t\t\t<div class=\"elementor-column elementor-col-100 elementor-top-column elementor-element elementor-element-617f256\" data-id=\"617f256\" data-element_type=\"column\">\n\t\t\t<div class=\"elementor-widget-wrap elementor-element-populated\">\n\t\t\t\t\t\t<div class=\"elementor-element elementor-element-758eb35 elementor-widget elementor-widget-text-editor\" data-id=\"758eb35\" data-element_type=\"widget\" data-widget_type=\"text-editor.default\">\n\t\t\t\t<div class=\"elementor-widget-container\">\n\t\t\t\t\t\t\t\t\t<h3 data-start=\"122\" data-end=\"179\"><strong data-start=\"126\" data-end=\"179\">Agenda semanal | 04 al 08 de noviembre de 2025<\/strong><\/h3><p data-start=\"181\" data-end=\"442\">El Movimiento Social Paro C\u00edvico de Buenaventura contin\u00faa avanzando en el seguimiento a los <strong data-start=\"273\" data-end=\"301\">acuerdos del Paro C\u00edvico<\/strong>, con una agenda de trabajo t\u00e9cnico, pol\u00edtico y organizativo que reafirma nuestro compromiso con la <strong data-start=\"401\" data-end=\"439\">dignidad y la paz en el territorio<\/strong>.<\/p><p data-start=\"444\" data-end=\"471\"><strong data-start=\"444\" data-end=\"471\">Actividades destacadas:<\/strong><\/p><ul data-start=\"472\" data-end=\"1337\"><li data-start=\"472\" data-end=\"762\"><p data-start=\"474\" data-end=\"502\"><strong data-start=\"474\" data-end=\"500\">Martes 4 de noviembre:<\/strong><\/p><ul data-start=\"505\" data-end=\"762\"><li data-start=\"505\" data-end=\"591\"><p data-start=\"507\" data-end=\"591\">Mesa de Educaci\u00f3n con el sindicato de etnoeducadores y la Secretar\u00eda de Educaci\u00f3n.<\/p><\/li><li data-start=\"594\" data-end=\"711\"><p data-start=\"596\" data-end=\"711\">Mesa de Territorio, Vivienda e Infraestructura (TVI) para concertar lineamientos de mejoramientos y vivienda VIP.<\/p><\/li><li data-start=\"714\" data-end=\"762\"><p data-start=\"716\" data-end=\"762\">Reuni\u00f3n extraordinaria del Comit\u00e9 Ejecutivo.<\/p><\/li><\/ul><\/li><li data-start=\"764\" data-end=\"926\"><p data-start=\"766\" data-end=\"797\"><strong data-start=\"766\" data-end=\"795\">Mi\u00e9rcoles 5 de noviembre:<\/strong><\/p><ul data-start=\"800\" data-end=\"926\"><li data-start=\"800\" data-end=\"877\"><p data-start=\"802\" data-end=\"877\">Mesa de Derechos Humanos: Pre-CERREM del sujeto colectivo MSPCB (Bogot\u00e1).<\/p><\/li><li data-start=\"880\" data-end=\"926\"><p data-start=\"882\" data-end=\"926\">Mesa de Ambiente: revisi\u00f3n de indicadores.<\/p><\/li><\/ul><\/li><li data-start=\"928\" data-end=\"1149\"><p data-start=\"930\" data-end=\"958\"><strong data-start=\"930\" data-end=\"956\">Jueves 6 de noviembre:<\/strong><\/p><ul data-start=\"961\" data-end=\"1149\"><li data-start=\"961\" data-end=\"993\"><p data-start=\"963\" data-end=\"993\">Continuaci\u00f3n del Pre-CERREM.<\/p><\/li><li data-start=\"996\" data-end=\"1067\"><p data-start=\"998\" data-end=\"1067\">Mesa MASSBUEN: socializaci\u00f3n del Plan de Acci\u00f3n sobre la l\u00ednea 39\u201d.<\/p><\/li><li data-start=\"1070\" data-end=\"1149\"><p data-start=\"1072\" data-end=\"1149\">Mesa de Productividad y Empleo: encuentro con el Ministerio de Agricultura.<\/p><\/li><\/ul><\/li><li data-start=\"1151\" data-end=\"1238\"><p data-start=\"1153\" data-end=\"1182\"><strong data-start=\"1153\" data-end=\"1180\">Viernes 7 de noviembre:<\/strong><\/p><ul data-start=\"1185\" data-end=\"1238\"><li data-start=\"1185\" data-end=\"1238\"><p data-start=\"1187\" data-end=\"1238\">Cierre del Pre-CERREM del sujeto colectivo MSPCB.<\/p><\/li><\/ul><\/li><li data-start=\"1240\" data-end=\"1337\"><p data-start=\"1242\" data-end=\"1270\"><strong data-start=\"1242\" data-end=\"1268\">S\u00e1bado 8 de noviembre:<\/strong><\/p><ul data-start=\"1273\" data-end=\"1337\"><li data-start=\"1273\" data-end=\"1337\"><p data-start=\"1275\" data-end=\"1337\">Reuni\u00f3n del Consejo de Redacci\u00f3n del equipo de comunicaci\u00f3n.<\/p><\/li><\/ul><\/li><\/ul>\t\t\t\t\t\t\t\t<\/div>\n\t\t\t\t<\/div>\n\t\t\t\t\t<\/div>\n\t\t<\/div>\n\t\t\t\t\t<\/div>\n\t\t<\/section>\n\t\t\t\t<section data-particle_enable=\"false\" data-particle-mobile-disabled=\"false\" class=\"elementor-section elementor-top-section elementor-element elementor-element-4021fad elementor-section-boxed elementor-section-height-default elementor-section-height-default\" data-id=\"4021fad\" data-element_type=\"section\" data-settings=\"{&quot;jet_parallax_layout_list&quot;:[]}\">\n\t\t\t\t\t\t<div class=\"elementor-container elementor-column-gap-default\">\n\t\t\t\t\t<div class=\"elementor-column elementor-col-100 elementor-top-column elementor-element elementor-element-15ca9ec\" data-id=\"15ca9ec\" data-element_type=\"column\">\n\t\t\t<div class=\"elementor-widget-wrap elementor-element-populated\">\n\t\t\t\t\t\t<div class=\"elementor-element elementor-element-8e69498 dce_masking-none elementor-widget elementor-widget-image\" data-id=\"8e69498\" data-element_type=\"widget\" data-widget_type=\"image.default\">\n\t\t\t\t<div class=\"elementor-widget-container\">\n\t\t\t\t\t\t\t\t\t\t\t\t\t\t\t\t<a href=\"http:\/\/comite-civico.org\/wp-content\/uploads\/2025\/11\/Agenta-del-04-al-08-de-noviembre-de-2025.pdf\">\n\t\t\t\t\t\t\t<img decoding=\"async\" width=\"1024\" height=\"213\" src=\"https:\/\/comite-civico.org\/wp-content\/uploads\/2025\/08\/intermedio-03-1024x213.jpg\" class=\"attachment-large size-large wp-image-2349\" alt=\"\" srcset=\"https:\/\/comite-civico.org\/wp-content\/uploads\/2025\/08\/intermedio-03-1024x213.jpg 1024w, https:\/\/comite-civico.org\/wp-content\/uploads\/2025\/08\/intermedio-03-300x63.jpg 300w, https:\/\/comite-civico.org\/wp-content\/uploads\/2025\/08\/intermedio-03-768x160.jpg 768w, https:\/\/comite-civico.org\/wp-content\/uploads\/2025\/08\/intermedio-03-1536x320.jpg 1536w, https:\/\/comite-civico.org\/wp-content\/uploads\/2025\/08\/intermedio-03.jpg 1920w\" sizes=\"(max-width: 1024px) 100vw, 1024px\" \/>\t\t\t\t\t\t\t\t<\/a>\n\t\t\t\t\t\t\t\t\t\t\t\t\t\t\t<\/div>\n\t\t\t\t<\/div>\n\t\t\t\t\t<\/div>\n\t\t<\/div>\n\t\t\t\t\t<\/div>\n\t\t<\/section>\n\t\t\t\t<\/div>\n\t\t","protected":false},"excerpt":{"rendered":"<p>Agenda semanal | 04 al 08 de noviembre de 2025 El Movimiento Social Paro C\u00edvico de Buenaventura contin\u00faa avanzando en el seguimiento a los acuerdos del Paro C\u00edvico, con una agenda de trabajo t\u00e9cnico, pol\u00edtico y organizativo que reafirma nuestro compromiso con la dignidad y la paz en el territorio. Actividades destacadas: Martes 4 de &#8230; <a title=\"Agenda Semanal 4 al 8 de Noviembre\" class=\"read-more\" href=\"https:\/\/comite-civico.org\/?p=2746\" aria-label=\"Read more about Agenda Semanal 4 al 8 de Noviembre\">Leer m\u00e1s<\/a><\/p>\n","protected":false},"author":1,"featured_media":2747,"comment_status":"open","ping_status":"open","sticky":false,"template":"elementor_canvas","format":"standard","meta":{"footnotes":""},"categories":[1],"tags":[],"class_list":["post-2746","post","type-post","status-publish","format-standard","has-post-thumbnail","hentry","category-sin-categoria"],"acf":[],"yoast_head":"<!-- This site is optimized with the Yoast SEO plugin v25.0 - https:\/\/yoast.com\/wordpress\/plugins\/seo\/ -->\n<title>Agenda Semanal 4 al 8 de Noviembre - Movimiento Social Paro C\u00edvico de Buenaventura<\/title>\n<meta name=\"robots\" content=\"index, follow, max-snippet:-1, max-image-preview:large, max-video-preview:-1\" \/>\n<link rel=\"canonical\" href=\"https:\/\/comite-civico.org\/?p=2746\" \/>\n<meta property=\"og:locale\" content=\"es_ES\" \/>\n<meta property=\"og:type\" content=\"article\" \/>\n<meta property=\"og:title\" content=\"Agenda Semanal 4 al 8 de Noviembre - Movimiento Social Paro C\u00edvico de Buenaventura\" \/>\n<meta property=\"og:description\" content=\"Agenda semanal | 04 al 08 de noviembre de 2025 El Movimiento Social Paro C\u00edvico de Buenaventura contin\u00faa avanzando en el seguimiento a los acuerdos del Paro C\u00edvico, con una agenda de trabajo t\u00e9cnico, pol\u00edtico y organizativo que reafirma nuestro compromiso con la dignidad y la paz en el territorio. Actividades destacadas: Martes 4 de ... Leer m\u00e1s\" \/>\n<meta property=\"og:url\" content=\"https:\/\/comite-civico.org\/?p=2746\" \/>\n<meta property=\"og:site_name\" content=\"Movimiento Social Paro C\u00edvico de Buenaventura\" \/>\n<meta property=\"article:published_time\" content=\"2025-11-04T10:47:39+00:00\" \/>\n<meta property=\"article:modified_time\" content=\"2025-11-04T10:55:10+00:00\" \/>\n<meta property=\"og:image\" content=\"http:\/\/comite-civico.org\/wp-content\/uploads\/2025\/11\/post-paro-civico.jpg\" \/>\n\t<meta property=\"og:image:width\" content=\"1920\" \/>\n\t<meta property=\"og:image:height\" content=\"1080\" \/>\n\t<meta property=\"og:image:type\" content=\"image\/jpeg\" \/>\n<meta name=\"author\" content=\"comiteadmin\" \/>\n<meta name=\"twitter:card\" content=\"summary_large_image\" \/>\n<meta name=\"twitter:label1\" content=\"Escrito por\" \/>\n\t<meta name=\"twitter:data1\" content=\"comiteadmin\" \/>\n\t<meta name=\"twitter:label2\" content=\"Tiempo de lectura\" \/>\n\t<meta name=\"twitter:data2\" content=\"2 minutos\" \/>\n<script type=\"application\/ld+json\" class=\"yoast-schema-graph\">{\"@context\":\"https:\/\/schema.org\",\"@graph\":[{\"@type\":\"Article\",\"@id\":\"https:\/\/comite-civico.org\/?p=2746#article\",\"isPartOf\":{\"@id\":\"https:\/\/comite-civico.org\/?p=2746\"},\"author\":{\"name\":\"comiteadmin\",\"@id\":\"https:\/\/comite-civico.org\/#\/schema\/person\/eebdf569aa3565fa603cc9c5b53cea34\"},\"headline\":\"Agenda Semanal 4 al 8 de Noviembre\",\"datePublished\":\"2025-11-04T10:47:39+00:00\",\"dateModified\":\"2025-11-04T10:55:10+00:00\",\"mainEntityOfPage\":{\"@id\":\"https:\/\/comite-civico.org\/?p=2746\"},\"wordCount\":176,\"commentCount\":0,\"publisher\":{\"@id\":\"https:\/\/comite-civico.org\/#organization\"},\"image\":{\"@id\":\"https:\/\/comite-civico.org\/?p=2746#primaryimage\"},\"thumbnailUrl\":\"https:\/\/comite-civico.org\/wp-content\/uploads\/2025\/11\/post-paro-civico.jpg\",\"inLanguage\":\"es-CO\",\"potentialAction\":[{\"@type\":\"CommentAction\",\"name\":\"Comment\",\"target\":[\"https:\/\/comite-civico.org\/?p=2746#respond\"]}]},{\"@type\":\"WebPage\",\"@id\":\"https:\/\/comite-civico.org\/?p=2746\",\"url\":\"https:\/\/comite-civico.org\/?p=2746\",\"name\":\"Agenda Semanal 4 al 8 de Noviembre - Movimiento Social Paro C\u00edvico de Buenaventura\",\"isPartOf\":{\"@id\":\"https:\/\/comite-civico.org\/#website\"},\"primaryImageOfPage\":{\"@id\":\"https:\/\/comite-civico.org\/?p=2746#primaryimage\"},\"image\":{\"@id\":\"https:\/\/comite-civico.org\/?p=2746#primaryimage\"},\"thumbnailUrl\":\"https:\/\/comite-civico.org\/wp-content\/uploads\/2025\/11\/post-paro-civico.jpg\",\"datePublished\":\"2025-11-04T10:47:39+00:00\",\"dateModified\":\"2025-11-04T10:55:10+00:00\",\"breadcrumb\":{\"@id\":\"https:\/\/comite-civico.org\/?p=2746#breadcrumb\"},\"inLanguage\":\"es-CO\",\"potentialAction\":[{\"@type\":\"ReadAction\",\"target\":[\"https:\/\/comite-civico.org\/?p=2746\"]}]},{\"@type\":\"ImageObject\",\"inLanguage\":\"es-CO\",\"@id\":\"https:\/\/comite-civico.org\/?p=2746#primaryimage\",\"url\":\"https:\/\/comite-civico.org\/wp-content\/uploads\/2025\/11\/post-paro-civico.jpg\",\"contentUrl\":\"https:\/\/comite-civico.org\/wp-content\/uploads\/2025\/11\/post-paro-civico.jpg\",\"width\":1920,\"height\":1080},{\"@type\":\"BreadcrumbList\",\"@id\":\"https:\/\/comite-civico.org\/?p=2746#breadcrumb\",\"itemListElement\":[{\"@type\":\"ListItem\",\"position\":1,\"name\":\"Inicio\",\"item\":\"https:\/\/comite-civico.org\/\"},{\"@type\":\"ListItem\",\"position\":2,\"name\":\"Agenda Semanal 4 al 8 de Noviembre\"}]},{\"@type\":\"WebSite\",\"@id\":\"https:\/\/comite-civico.org\/#website\",\"url\":\"https:\/\/comite-civico.org\/\",\"name\":\"Movimiento Social Paro C\u00edvico de Buenaventura\",\"description\":\"Movimiento Social Paro C\u00edvico de Buenaventura\",\"publisher\":{\"@id\":\"https:\/\/comite-civico.org\/#organization\"},\"potentialAction\":[{\"@type\":\"SearchAction\",\"target\":{\"@type\":\"EntryPoint\",\"urlTemplate\":\"https:\/\/comite-civico.org\/?s={search_term_string}\"},\"query-input\":{\"@type\":\"PropertyValueSpecification\",\"valueRequired\":true,\"valueName\":\"search_term_string\"}}],\"inLanguage\":\"es-CO\"},{\"@type\":\"Organization\",\"@id\":\"https:\/\/comite-civico.org\/#organization\",\"name\":\"Movimiento Social Paro C\u00edvico de Buenaventura\",\"url\":\"https:\/\/comite-civico.org\/\",\"logo\":{\"@type\":\"ImageObject\",\"inLanguage\":\"es-CO\",\"@id\":\"https:\/\/comite-civico.org\/#\/schema\/logo\/image\/\",\"url\":\"https:\/\/comite-civico.org\/wp-content\/uploads\/2021\/03\/Logo-de-Movimiento-Blanco-scaled.png\",\"contentUrl\":\"https:\/\/comite-civico.org\/wp-content\/uploads\/2021\/03\/Logo-de-Movimiento-Blanco-scaled.png\",\"width\":2560,\"height\":1810,\"caption\":\"Movimiento Social Paro C\u00edvico de Buenaventura\"},\"image\":{\"@id\":\"https:\/\/comite-civico.org\/#\/schema\/logo\/image\/\"}},{\"@type\":\"Person\",\"@id\":\"https:\/\/comite-civico.org\/#\/schema\/person\/eebdf569aa3565fa603cc9c5b53cea34\",\"name\":\"comiteadmin\",\"image\":{\"@type\":\"ImageObject\",\"inLanguage\":\"es-CO\",\"@id\":\"https:\/\/comite-civico.org\/#\/schema\/person\/image\/\",\"url\":\"https:\/\/secure.gravatar.com\/avatar\/516fb540621996b28f565fdf033072d55dd3fe76896ef4af5250b5fec1b457fe?s=96&d=mm&r=g\",\"contentUrl\":\"https:\/\/secure.gravatar.com\/avatar\/516fb540621996b28f565fdf033072d55dd3fe76896ef4af5250b5fec1b457fe?s=96&d=mm&r=g\",\"caption\":\"comiteadmin\"},\"sameAs\":[\"https:\/\/comite-civico.org\/\"],\"url\":\"https:\/\/comite-civico.org\/?author=1\"}]}<\/script>\n<!-- \/ Yoast SEO plugin. -->","yoast_head_json":{"title":"Agenda Semanal 4 al 8 de Noviembre - Movimiento Social Paro C\u00edvico de Buenaventura","robots":{"index":"index","follow":"follow","max-snippet":"max-snippet:-1","max-image-preview":"max-image-preview:large","max-video-preview":"max-video-preview:-1"},"canonical":"https:\/\/comite-civico.org\/?p=2746","og_locale":"es_ES","og_type":"article","og_title":"Agenda Semanal 4 al 8 de Noviembre - Movimiento Social Paro C\u00edvico de Buenaventura","og_description":"Agenda semanal | 04 al 08 de noviembre de 2025 El Movimiento Social Paro C\u00edvico de Buenaventura contin\u00faa avanzando en el seguimiento a los acuerdos del Paro C\u00edvico, con una agenda de trabajo t\u00e9cnico, pol\u00edtico y organizativo que reafirma nuestro compromiso con la dignidad y la paz en el territorio. Actividades destacadas: Martes 4 de ... Leer m\u00e1s","og_url":"https:\/\/comite-civico.org\/?p=2746","og_site_name":"Movimiento Social Paro C\u00edvico de Buenaventura","article_published_time":"2025-11-04T10:47:39+00:00","article_modified_time":"2025-11-04T10:55:10+00:00","og_image":[{"width":1920,"height":1080,"url":"http:\/\/comite-civico.org\/wp-content\/uploads\/2025\/11\/post-paro-civico.jpg","type":"image\/jpeg"}],"author":"comiteadmin","twitter_card":"summary_large_image","twitter_misc":{"Escrito por":"comiteadmin","Tiempo de lectura":"2 minutos"},"schema":{"@context":"https:\/\/schema.org","@graph":[{"@type":"Article","@id":"https:\/\/comite-civico.org\/?p=2746#article","isPartOf":{"@id":"https:\/\/comite-civico.org\/?p=2746"},"author":{"name":"comiteadmin","@id":"https:\/\/comite-civico.org\/#\/schema\/person\/eebdf569aa3565fa603cc9c5b53cea34"},"headline":"Agenda Semanal 4 al 8 de Noviembre","datePublished":"2025-11-04T10:47:39+00:00","dateModified":"2025-11-04T10:55:10+00:00","mainEntityOfPage":{"@id":"https:\/\/comite-civico.org\/?p=2746"},"wordCount":176,"commentCount":0,"publisher":{"@id":"https:\/\/comite-civico.org\/#organization"},"image":{"@id":"https:\/\/comite-civico.org\/?p=2746#primaryimage"},"thumbnailUrl":"https:\/\/comite-civico.org\/wp-content\/uploads\/2025\/11\/post-paro-civico.jpg","inLanguage":"es-CO","potentialAction":[{"@type":"CommentAction","name":"Comment","target":["https:\/\/comite-civico.org\/?p=2746#respond"]}]},{"@type":"WebPage","@id":"https:\/\/comite-civico.org\/?p=2746","url":"https:\/\/comite-civico.org\/?p=2746","name":"Agenda Semanal 4 al 8 de Noviembre - Movimiento Social Paro C\u00edvico de Buenaventura","isPartOf":{"@id":"https:\/\/comite-civico.org\/#website"},"primaryImageOfPage":{"@id":"https:\/\/comite-civico.org\/?p=2746#primaryimage"},"image":{"@id":"https:\/\/comite-civico.org\/?p=2746#primaryimage"},"thumbnailUrl":"https:\/\/comite-civico.org\/wp-content\/uploads\/2025\/11\/post-paro-civico.jpg","datePublished":"2025-11-04T10:47:39+00:00","dateModified":"2025-11-04T10:55:10+00:00","breadcrumb":{"@id":"https:\/\/comite-civico.org\/?p=2746#breadcrumb"},"inLanguage":"es-CO","potentialAction":[{"@type":"ReadAction","target":["https:\/\/comite-civico.org\/?p=2746"]}]},{"@type":"ImageObject","inLanguage":"es-CO","@id":"https:\/\/comite-civico.org\/?p=2746#primaryimage","url":"https:\/\/comite-civico.org\/wp-content\/uploads\/2025\/11\/post-paro-civico.jpg","contentUrl":"https:\/\/comite-civico.org\/wp-content\/uploads\/2025\/11\/post-paro-civico.jpg","width":1920,"height":1080},{"@type":"BreadcrumbList","@id":"https:\/\/comite-civico.org\/?p=2746#breadcrumb","itemListElement":[{"@type":"ListItem","position":1,"name":"Inicio","item":"https:\/\/comite-civico.org\/"},{"@type":"ListItem","position":2,"name":"Agenda Semanal 4 al 8 de Noviembre"}]},{"@type":"WebSite","@id":"https:\/\/comite-civico.org\/#website","url":"https:\/\/comite-civico.org\/","name":"Movimiento Social Paro C\u00edvico de Buenaventura","description":"Movimiento Social Paro C\u00edvico de Buenaventura","publisher":{"@id":"https:\/\/comite-civico.org\/#organization"},"potentialAction":[{"@type":"SearchAction","target":{"@type":"EntryPoint","urlTemplate":"https:\/\/comite-civico.org\/?s={search_term_string}"},"query-input":{"@type":"PropertyValueSpecification","valueRequired":true,"valueName":"search_term_string"}}],"inLanguage":"es-CO"},{"@type":"Organization","@id":"https:\/\/comite-civico.org\/#organization","name":"Movimiento Social Paro C\u00edvico de Buenaventura","url":"https:\/\/comite-civico.org\/","logo":{"@type":"ImageObject","inLanguage":"es-CO","@id":"https:\/\/comite-civico.org\/#\/schema\/logo\/image\/","url":"https:\/\/comite-civico.org\/wp-content\/uploads\/2021\/03\/Logo-de-Movimiento-Blanco-scaled.png","contentUrl":"https:\/\/comite-civico.org\/wp-content\/uploads\/2021\/03\/Logo-de-Movimiento-Blanco-scaled.png","width":2560,"height":1810,"caption":"Movimiento Social Paro C\u00edvico de Buenaventura"},"image":{"@id":"https:\/\/comite-civico.org\/#\/schema\/logo\/image\/"}},{"@type":"Person","@id":"https:\/\/comite-civico.org\/#\/schema\/person\/eebdf569aa3565fa603cc9c5b53cea34","name":"comiteadmin","image":{"@type":"ImageObject","inLanguage":"es-CO","@id":"https:\/\/comite-civico.org\/#\/schema\/person\/image\/","url":"https:\/\/secure.gravatar.com\/avatar\/516fb540621996b28f565fdf033072d55dd3fe76896ef4af5250b5fec1b457fe?s=96&d=mm&r=g","contentUrl":"https:\/\/secure.gravatar.com\/avatar\/516fb540621996b28f565fdf033072d55dd3fe76896ef4af5250b5fec1b457fe?s=96&d=mm&r=g","caption":"comiteadmin"},"sameAs":["https:\/\/comite-civico.org\/"],"url":"https:\/\/comite-civico.org\/?author=1"}]}},"_links":{"self":[{"href":"https:\/\/comite-civico.org\/index.php?rest_route=\/wp\/v2\/posts\/2746","targetHints":{"allow":["GET"]}}],"collection":[{"href":"https:\/\/comite-civico.org\/index.php?rest_route=\/wp\/v2\/posts"}],"about":[{"href":"https:\/\/comite-civico.org\/index.php?rest_route=\/wp\/v2\/types\/post"}],"author":[{"embeddable":true,"href":"https:\/\/comite-civico.org\/index.php?rest_route=\/wp\/v2\/users\/1"}],"replies":[{"embeddable":true,"href":"https:\/\/comite-civico.org\/index.php?rest_route=%2Fwp%2Fv2%2Fcomments&post=2746"}],"version-history":[{"count":7,"href":"https:\/\/comite-civico.org\/index.php?rest_route=\/wp\/v2\/posts\/2746\/revisions"}],"predecessor-version":[{"id":2755,"href":"https:\/\/comite-civico.org\/index.php?rest_route=\/wp\/v2\/posts\/2746\/revisions\/2755"}],"wp:featuredmedia":[{"embeddable":true,"href":"https:\/\/comite-civico.org\/index.php?rest_route=\/wp\/v2\/media\/2747"}],"wp:attachment":[{"href":"https:\/\/comite-civico.org\/index.php?rest_route=%2Fwp%2Fv2%2Fmedia&parent=2746"}],"wp:term":[{"taxonomy":"category","embeddable":true,"href":"https:\/\/comite-civico.org\/index.php?rest_route=%2Fwp%2Fv2%2Fcategories&post=2746"},{"taxonomy":"post_tag","embeddable":true,"href":"https:\/\/comite-civico.org\/index.php?rest_route=%2Fwp%2Fv2%2Ftags&post=2746"}],"curies":[{"name":"wp","href":"https:\/\/api.w.org\/{rel}","templated":true}]}}