{"id":2731,"date":"2025-10-27T00:51:36","date_gmt":"2025-10-27T05:51:36","guid":{"rendered":"https:\/\/comite-civico.org\/?p=2731"},"modified":"2025-10-27T00:57:17","modified_gmt":"2025-10-27T05:57:17","slug":"agensa-semanal-del-27-de-oct-al-1-nov","status":"publish","type":"post","link":"https:\/\/comite-civico.org\/?p=2731","title":{"rendered":"Agenda Semanal del 27 de Oct al 1 Nov"},"content":{"rendered":"\t\t<div data-elementor-type=\"wp-post\" data-elementor-id=\"2731\" class=\"elementor elementor-2731\" data-elementor-post-type=\"post\">\n\t\t\t\t\t\t<section data-particle_enable=\"false\" data-particle-mobile-disabled=\"false\" class=\"elementor-section elementor-top-section elementor-element elementor-element-35e2720 elementor-section-boxed elementor-section-height-default elementor-section-height-default\" data-id=\"35e2720\" data-element_type=\"section\" data-settings=\"{&quot;jet_parallax_layout_list&quot;:[]}\">\n\t\t\t\t\t\t<div class=\"elementor-container elementor-column-gap-default\">\n\t\t\t\t\t<div class=\"elementor-column elementor-col-100 elementor-top-column elementor-element elementor-element-0dfab44\" data-id=\"0dfab44\" data-element_type=\"column\">\n\t\t\t<div class=\"elementor-widget-wrap elementor-element-populated\">\n\t\t\t\t\t\t<div class=\"elementor-element elementor-element-3b71b63 elementor-widget elementor-widget-spacer\" data-id=\"3b71b63\" data-element_type=\"widget\" data-widget_type=\"spacer.default\">\n\t\t\t\t<div class=\"elementor-widget-container\">\n\t\t\t\t\t\t\t<div class=\"elementor-spacer\">\n\t\t\t<div class=\"elementor-spacer-inner\"><\/div>\n\t\t<\/div>\n\t\t\t\t\t\t<\/div>\n\t\t\t\t<\/div>\n\t\t\t\t\t<\/div>\n\t\t<\/div>\n\t\t\t\t\t<\/div>\n\t\t<\/section>\n\t\t\t\t<section data-particle_enable=\"false\" data-particle-mobile-disabled=\"false\" class=\"elementor-section elementor-top-section elementor-element elementor-element-a07dc17 elementor-section-boxed elementor-section-height-default elementor-section-height-default\" data-id=\"a07dc17\" data-element_type=\"section\" data-settings=\"{&quot;jet_parallax_layout_list&quot;:[]}\">\n\t\t\t\t\t\t<div class=\"elementor-container elementor-column-gap-default\">\n\t\t\t\t\t<div class=\"elementor-column elementor-col-100 elementor-top-column elementor-element elementor-element-a3e5d20\" data-id=\"a3e5d20\" data-element_type=\"column\">\n\t\t\t<div class=\"elementor-widget-wrap elementor-element-populated\">\n\t\t\t\t\t\t<div class=\"elementor-element elementor-element-33c9bfe dce_masking-none elementor-widget elementor-widget-image\" data-id=\"33c9bfe\" data-element_type=\"widget\" data-widget_type=\"image.default\">\n\t\t\t\t<div class=\"elementor-widget-container\">\n\t\t\t\t\t\t\t\t\t\t\t\t\t\t\t<img fetchpriority=\"high\" decoding=\"async\" width=\"1024\" height=\"576\" src=\"https:\/\/comite-civico.org\/wp-content\/uploads\/2025\/10\/post-paro-civico-1024x576.jpg\" class=\"attachment-large size-large wp-image-2732\" alt=\"\" srcset=\"https:\/\/comite-civico.org\/wp-content\/uploads\/2025\/10\/post-paro-civico-1024x576.jpg 1024w, https:\/\/comite-civico.org\/wp-content\/uploads\/2025\/10\/post-paro-civico-300x169.jpg 300w, https:\/\/comite-civico.org\/wp-content\/uploads\/2025\/10\/post-paro-civico-768x432.jpg 768w, https:\/\/comite-civico.org\/wp-content\/uploads\/2025\/10\/post-paro-civico-1536x864.jpg 1536w, https:\/\/comite-civico.org\/wp-content\/uploads\/2025\/10\/post-paro-civico-2048x1152.jpg 2048w\" sizes=\"(max-width: 1024px) 100vw, 1024px\" \/>\t\t\t\t\t\t\t\t\t\t\t\t\t\t\t<\/div>\n\t\t\t\t<\/div>\n\t\t\t\t\t<\/div>\n\t\t<\/div>\n\t\t\t\t\t<\/div>\n\t\t<\/section>\n\t\t\t\t<section data-particle_enable=\"false\" data-particle-mobile-disabled=\"false\" class=\"elementor-section elementor-top-section elementor-element elementor-element-289bf56 elementor-section-boxed elementor-section-height-default elementor-section-height-default\" data-id=\"289bf56\" data-element_type=\"section\" data-settings=\"{&quot;jet_parallax_layout_list&quot;:[]}\">\n\t\t\t\t\t\t<div class=\"elementor-container elementor-column-gap-default\">\n\t\t\t\t\t<div class=\"elementor-column elementor-col-100 elementor-top-column elementor-element elementor-element-3b5f4c5\" data-id=\"3b5f4c5\" data-element_type=\"column\">\n\t\t\t<div class=\"elementor-widget-wrap elementor-element-populated\">\n\t\t\t\t\t\t<div class=\"elementor-element elementor-element-2e64ec4 elementor-widget elementor-widget-text-editor\" data-id=\"2e64ec4\" data-element_type=\"widget\" data-widget_type=\"text-editor.default\">\n\t\t\t\t<div class=\"elementor-widget-container\">\n\t\t\t\t\t\t\t\t\t<h3 data-start=\"143\" data-end=\"209\"><strong data-start=\"147\" data-end=\"209\">Agenda semanal del 27 de octubre al 1 de noviembre de 2025<\/strong><\/h3><p data-start=\"211\" data-end=\"484\">El Movimiento Social Paro C\u00edvico \u201cPara Vivir con Dignidad y en Paz en el Territorio\u201d presenta el cronograma de actividades correspondiente a la semana del 27 de octubre al 1 de noviembre de 2025, en el marco del seguimiento a los acuerdos del Paro C\u00edvico de Buenaventura.<\/p><p data-start=\"486\" data-end=\"671\">Durante esta semana se realizar\u00e1n jornadas t\u00e9cnicas, mesas de trabajo y encuentros presenciales y virtuales con la participaci\u00f3n de diferentes sectores institucionales y comunitarios.<\/p><p data-start=\"673\" data-end=\"700\"><strong data-start=\"673\" data-end=\"700\">Listado de actividades:<\/strong><\/p><p data-start=\"702\" data-end=\"735\"><strong data-start=\"702\" data-end=\"733\">Lunes 27 de octubre de 2025<\/strong><\/p><ul data-start=\"736\" data-end=\"1181\"><li data-start=\"736\" data-end=\"966\"><p data-start=\"738\" data-end=\"966\"><strong data-start=\"738\" data-end=\"760\">Mesa de Educaci\u00f3n:<\/strong> jornada t\u00e9cnica con el sindicato de etnoeducadores y participaci\u00f3n del Comit\u00e9 Ejecutivo.<br data-start=\"849\" data-end=\"852\" \/>Hora: 4:00 p.m.<br data-start=\"869\" data-end=\"872\" \/>Lugar: sede Movimiento Social Paro C\u00edvico &#8211; Centro Comercial Galer\u00eda Central, oficina 603.<\/p><\/li><li data-start=\"968\" data-end=\"1181\"><p data-start=\"970\" data-end=\"1181\"><strong data-start=\"970\" data-end=\"1044\">Mesa de Cultura, Recreaci\u00f3n y Deportes, G\u00e9nero y Generacional (CRDGG):<\/strong> seguimiento a la obra de la Casa de la Cultura con la Contralor\u00eda General de la Rep\u00fablica.<br data-start=\"1135\" data-end=\"1138\" \/>Hora: 4:00 p.m.<br data-start=\"1155\" data-end=\"1158\" \/>Modalidad: virtual.<\/p><\/li><\/ul><p data-start=\"1183\" data-end=\"1217\"><strong data-start=\"1183\" data-end=\"1215\">Martes 28 de octubre de 2025<\/strong><\/p><ul data-start=\"1218\" data-end=\"2000\"><li data-start=\"1218\" data-end=\"1425\"><p data-start=\"1220\" data-end=\"1425\"><strong data-start=\"1220\" data-end=\"1238\">Mesa de Salud:<\/strong> jornada t\u00e9cnica con la SuperSalud para revisi\u00f3n del plan de intervenci\u00f3n del Hospital Luis Ablanque de la Plata y su situaci\u00f3n actual.<br data-start=\"1373\" data-end=\"1376\" \/>Hora: 9:00 a.m.<br data-start=\"1393\" data-end=\"1396\" \/>Lugar: Cali, por definir.<\/p><\/li><li data-start=\"1427\" data-end=\"1636\"><p data-start=\"1429\" data-end=\"1636\"><strong data-start=\"1429\" data-end=\"1486\">Mesa de Territorio, Vivienda e Infraestructura (TVI):<\/strong> taller de revisi\u00f3n y ajustes de los lineamientos para la formulaci\u00f3n del POT distrital de Buenaventura.<br data-start=\"1590\" data-end=\"1593\" \/>Hora: 9:00 a.m.<br data-start=\"1610\" data-end=\"1613\" \/>Lugar: por definir.<\/p><\/li><li data-start=\"1638\" data-end=\"1856\"><p data-start=\"1640\" data-end=\"1856\"><strong data-start=\"1640\" data-end=\"1713\">Mesa de Acceso a la Justicia, V\u00edctimas, Protecci\u00f3n y Memoria (ACVPM):<\/strong> jornada t\u00e9cnica para revisi\u00f3n de avances en el cumplimiento del acuerdo de c\u00e1maras de seguridad.<br data-start=\"1810\" data-end=\"1813\" \/>Hora: 2:00 p.m.<br data-start=\"1830\" data-end=\"1833\" \/>Lugar: por definir.<\/p><\/li><li data-start=\"1858\" data-end=\"2000\"><p data-start=\"1860\" data-end=\"2000\"><strong data-start=\"1860\" data-end=\"1881\">Mesa de Ambiente:<\/strong> revisi\u00f3n de la matriz de acuerdos para construir indicadores de impacto.<br data-start=\"1954\" data-end=\"1957\" \/>Hora: 3:00 p.m.<br data-start=\"1974\" data-end=\"1977\" \/>Modalidad: virtual.<\/p><\/li><\/ul><p data-start=\"2002\" data-end=\"2039\"><strong data-start=\"2002\" data-end=\"2037\">Mi\u00e9rcoles 29 de octubre de 2025<\/strong><\/p><ul data-start=\"2040\" data-end=\"2325\"><li data-start=\"2040\" data-end=\"2325\"><p data-start=\"2042\" data-end=\"2325\"><strong data-start=\"2042\" data-end=\"2087\">Comit\u00e9 Ejecutivo Extraordinario Ampliado:<\/strong> finalizaci\u00f3n de la matriz de acuerdos con la Alcald\u00eda y revisi\u00f3n de acuerdos que requieren cambios normativos o legales.<br data-start=\"2208\" data-end=\"2211\" \/>Hora: 9:00 a.m.<br data-start=\"2228\" data-end=\"2231\" \/>Lugar: sede Movimiento Social Paro C\u00edvico &#8211; Centro Comercial Galer\u00eda Central, oficina 603.<\/p><\/li><\/ul><p data-start=\"2327\" data-end=\"2361\"><strong data-start=\"2327\" data-end=\"2359\">Jueves 30 de octubre de 2025<\/strong><\/p><ul data-start=\"2362\" data-end=\"2883\"><li data-start=\"2362\" data-end=\"2577\"><p data-start=\"2364\" data-end=\"2577\"><strong data-start=\"2364\" data-end=\"2421\">Mesa de Territorio, Vivienda e Infraestructura (TVI):<\/strong> jornada de la Junta Administradora del Embarcadero Tur\u00edstico y de Pasajeros de Buenaventura.<br data-start=\"2514\" data-end=\"2517\" \/>Hora: 9:00 a.m.<br data-start=\"2534\" data-end=\"2537\" \/>Modalidad: virtual (pendiente link).<\/p><\/li><li data-start=\"2579\" data-end=\"2729\"><p data-start=\"2581\" data-end=\"2729\"><strong data-start=\"2581\" data-end=\"2603\">Mesa de Educaci\u00f3n:<\/strong> mesa t\u00e9cnica con la Alcald\u00eda Distrital sobre infraestructura educativa.<br data-start=\"2675\" data-end=\"2678\" \/>Hora: 10:00 a.m.<br data-start=\"2696\" data-end=\"2699\" \/>Lugar: Alcald\u00eda Distrital.<\/p><\/li><li data-start=\"2731\" data-end=\"2883\"><p data-start=\"2733\" data-end=\"2883\"><strong data-start=\"2733\" data-end=\"2790\">Mesa de Territorio, Vivienda e Infraestructura (TVI):<\/strong> Comit\u00e9 Local de Seguridad Vial.<br data-start=\"2822\" data-end=\"2825\" \/>Hora: 2:30 p.m.<br data-start=\"2842\" data-end=\"2845\" \/>Lugar: Alcald\u00eda Distrital, piso 9.<\/p><\/li><\/ul><p data-start=\"2885\" data-end=\"2920\"><strong data-start=\"2885\" data-end=\"2918\">Viernes 31 de octubre de 2025<\/strong><\/p><ul data-start=\"2921\" data-end=\"3083\"><li data-start=\"2921\" data-end=\"3083\"><p data-start=\"2923\" data-end=\"3083\"><strong data-start=\"2923\" data-end=\"2952\">Mesa de Derechos Humanos:<\/strong> encuentro aut\u00f3nomo con el Comit\u00e9 Ejecutivo para la preparaci\u00f3n del pre-CERREM.<br data-start=\"3031\" data-end=\"3034\" \/>Hora: 9:00 a.m.<br data-start=\"3051\" data-end=\"3054\" \/>Modalidad: por confirmar.<\/p><\/li><\/ul><p data-start=\"3085\" data-end=\"3120\"><strong data-start=\"3085\" data-end=\"3118\">S\u00e1bado 1 de noviembre de 2025<\/strong><\/p><ul data-start=\"3121\" data-end=\"3344\"><li data-start=\"3121\" data-end=\"3344\"><p data-start=\"3123\" data-end=\"3344\"><strong data-start=\"3123\" data-end=\"3184\">Equipo de Comunicaci\u00f3n del Movimiento Social Paro C\u00edvico:<\/strong> reuni\u00f3n semanal del consejo de redacci\u00f3n.<br data-start=\"3226\" data-end=\"3229\" \/>Hora: 10:00 a.m.<br data-start=\"3247\" data-end=\"3250\" \/>Lugar: sede Movimiento Social Paro C\u00edvico &#8211; Centro Comercial Galer\u00eda Central, oficina 603.<\/p><\/li><\/ul><p data-start=\"3346\" data-end=\"3559\">Consulta y descarga el documento completo aqu\u00ed:<br \/>http:\/\/comite-civico.org\/wp-content\/uploads\/2025\/10\/Agenda-del-27-de-octubre-al-1-de-noviembre-2025.pdf<\/p>\t\t\t\t\t\t\t\t<\/div>\n\t\t\t\t<\/div>\n\t\t\t\t\t<\/div>\n\t\t<\/div>\n\t\t\t\t\t<\/div>\n\t\t<\/section>\n\t\t\t\t<section data-particle_enable=\"false\" data-particle-mobile-disabled=\"false\" class=\"elementor-section elementor-top-section elementor-element elementor-element-b533f4e elementor-section-boxed elementor-section-height-default elementor-section-height-default\" data-id=\"b533f4e\" data-element_type=\"section\" data-settings=\"{&quot;jet_parallax_layout_list&quot;:[]}\">\n\t\t\t\t\t\t<div class=\"elementor-container elementor-column-gap-default\">\n\t\t\t\t\t<div class=\"elementor-column elementor-col-100 elementor-top-column elementor-element elementor-element-9dfb89a\" data-id=\"9dfb89a\" data-element_type=\"column\">\n\t\t\t<div class=\"elementor-widget-wrap elementor-element-populated\">\n\t\t\t\t\t\t<div class=\"elementor-element elementor-element-a122606 dce_masking-none elementor-widget elementor-widget-image\" data-id=\"a122606\" data-element_type=\"widget\" data-widget_type=\"image.default\">\n\t\t\t\t<div class=\"elementor-widget-container\">\n\t\t\t\t\t\t\t\t\t\t\t\t\t\t\t\t<a href=\"http:\/\/comite-civico.org\/wp-content\/uploads\/2025\/10\/Agenda-del-27-de-octubre-al-1-de-noviembre-2025.pdf\">\n\t\t\t\t\t\t\t<img decoding=\"async\" width=\"1024\" height=\"213\" src=\"https:\/\/comite-civico.org\/wp-content\/uploads\/2025\/08\/descarga-pdf-paro-civico-1024x213.jpg\" class=\"attachment-large size-large wp-image-2395\" alt=\"\" srcset=\"https:\/\/comite-civico.org\/wp-content\/uploads\/2025\/08\/descarga-pdf-paro-civico-1024x213.jpg 1024w, https:\/\/comite-civico.org\/wp-content\/uploads\/2025\/08\/descarga-pdf-paro-civico-300x63.jpg 300w, https:\/\/comite-civico.org\/wp-content\/uploads\/2025\/08\/descarga-pdf-paro-civico-768x160.jpg 768w, https:\/\/comite-civico.org\/wp-content\/uploads\/2025\/08\/descarga-pdf-paro-civico-1536x320.jpg 1536w, https:\/\/comite-civico.org\/wp-content\/uploads\/2025\/08\/descarga-pdf-paro-civico.jpg 1920w\" sizes=\"(max-width: 1024px) 100vw, 1024px\" \/>\t\t\t\t\t\t\t\t<\/a>\n\t\t\t\t\t\t\t\t\t\t\t\t\t\t\t<\/div>\n\t\t\t\t<\/div>\n\t\t\t\t\t<\/div>\n\t\t<\/div>\n\t\t\t\t\t<\/div>\n\t\t<\/section>\n\t\t\t\t<\/div>\n\t\t","protected":false},"excerpt":{"rendered":"<p>Agenda semanal del 27 de octubre al 1 de noviembre de 2025 El Movimiento Social Paro C\u00edvico \u201cPara Vivir con Dignidad y en Paz en el Territorio\u201d presenta el cronograma de actividades correspondiente a la semana del 27 de octubre al 1 de noviembre de 2025, en el marco del seguimiento a los acuerdos del &#8230; <a title=\"Agenda Semanal del 27 de Oct al 1 Nov\" class=\"read-more\" href=\"https:\/\/comite-civico.org\/?p=2731\" aria-label=\"Read more about Agenda Semanal del 27 de Oct al 1 Nov\">Leer m\u00e1s<\/a><\/p>\n","protected":false},"author":1,"featured_media":2732,"comment_status":"open","ping_status":"open","sticky":false,"template":"elementor_canvas","format":"standard","meta":{"footnotes":""},"categories":[1],"tags":[],"class_list":["post-2731","post","type-post","status-publish","format-standard","has-post-thumbnail","hentry","category-sin-categoria"],"acf":[],"yoast_head":"<!-- This site is optimized with the Yoast SEO plugin v25.0 - https:\/\/yoast.com\/wordpress\/plugins\/seo\/ -->\n<title>Agenda Semanal del 27 de Oct al 1 Nov - Movimiento Social Paro C\u00edvico de Buenaventura<\/title>\n<meta name=\"robots\" content=\"index, follow, max-snippet:-1, max-image-preview:large, max-video-preview:-1\" \/>\n<link rel=\"canonical\" href=\"https:\/\/comite-civico.org\/?p=2731\" \/>\n<meta property=\"og:locale\" content=\"es_ES\" \/>\n<meta property=\"og:type\" content=\"article\" \/>\n<meta property=\"og:title\" content=\"Agenda Semanal del 27 de Oct al 1 Nov - Movimiento Social Paro C\u00edvico de Buenaventura\" \/>\n<meta property=\"og:description\" content=\"Agenda semanal del 27 de octubre al 1 de noviembre de 2025 El Movimiento Social Paro C\u00edvico \u201cPara Vivir con Dignidad y en Paz en el Territorio\u201d presenta el cronograma de actividades correspondiente a la semana del 27 de octubre al 1 de noviembre de 2025, en el marco del seguimiento a los acuerdos del ... Leer m\u00e1s\" \/>\n<meta property=\"og:url\" content=\"https:\/\/comite-civico.org\/?p=2731\" \/>\n<meta property=\"og:site_name\" content=\"Movimiento Social Paro C\u00edvico de Buenaventura\" \/>\n<meta property=\"article:published_time\" content=\"2025-10-27T05:51:36+00:00\" \/>\n<meta property=\"article:modified_time\" content=\"2025-10-27T05:57:17+00:00\" \/>\n<meta property=\"og:image\" content=\"http:\/\/comite-civico.org\/wp-content\/uploads\/2025\/10\/post-paro-civico-scaled.jpg\" \/>\n\t<meta property=\"og:image:width\" content=\"2560\" \/>\n\t<meta property=\"og:image:height\" content=\"1440\" \/>\n\t<meta property=\"og:image:type\" content=\"image\/jpeg\" \/>\n<meta name=\"author\" content=\"comiteadmin\" \/>\n<meta name=\"twitter:card\" content=\"summary_large_image\" \/>\n<meta name=\"twitter:label1\" content=\"Escrito por\" \/>\n\t<meta name=\"twitter:data1\" content=\"comiteadmin\" \/>\n\t<meta name=\"twitter:label2\" content=\"Tiempo de lectura\" \/>\n\t<meta name=\"twitter:data2\" content=\"3 minutos\" \/>\n<script type=\"application\/ld+json\" class=\"yoast-schema-graph\">{\"@context\":\"https:\/\/schema.org\",\"@graph\":[{\"@type\":\"Article\",\"@id\":\"https:\/\/comite-civico.org\/?p=2731#article\",\"isPartOf\":{\"@id\":\"https:\/\/comite-civico.org\/?p=2731\"},\"author\":{\"name\":\"comiteadmin\",\"@id\":\"https:\/\/comite-civico.org\/#\/schema\/person\/eebdf569aa3565fa603cc9c5b53cea34\"},\"headline\":\"Agenda Semanal del 27 de Oct al 1 Nov\",\"datePublished\":\"2025-10-27T05:51:36+00:00\",\"dateModified\":\"2025-10-27T05:57:17+00:00\",\"mainEntityOfPage\":{\"@id\":\"https:\/\/comite-civico.org\/?p=2731\"},\"wordCount\":500,\"commentCount\":0,\"publisher\":{\"@id\":\"https:\/\/comite-civico.org\/#organization\"},\"image\":{\"@id\":\"https:\/\/comite-civico.org\/?p=2731#primaryimage\"},\"thumbnailUrl\":\"https:\/\/comite-civico.org\/wp-content\/uploads\/2025\/10\/post-paro-civico-scaled.jpg\",\"inLanguage\":\"es-CO\",\"potentialAction\":[{\"@type\":\"CommentAction\",\"name\":\"Comment\",\"target\":[\"https:\/\/comite-civico.org\/?p=2731#respond\"]}]},{\"@type\":\"WebPage\",\"@id\":\"https:\/\/comite-civico.org\/?p=2731\",\"url\":\"https:\/\/comite-civico.org\/?p=2731\",\"name\":\"Agenda Semanal del 27 de Oct al 1 Nov - Movimiento Social Paro C\u00edvico de Buenaventura\",\"isPartOf\":{\"@id\":\"https:\/\/comite-civico.org\/#website\"},\"primaryImageOfPage\":{\"@id\":\"https:\/\/comite-civico.org\/?p=2731#primaryimage\"},\"image\":{\"@id\":\"https:\/\/comite-civico.org\/?p=2731#primaryimage\"},\"thumbnailUrl\":\"https:\/\/comite-civico.org\/wp-content\/uploads\/2025\/10\/post-paro-civico-scaled.jpg\",\"datePublished\":\"2025-10-27T05:51:36+00:00\",\"dateModified\":\"2025-10-27T05:57:17+00:00\",\"breadcrumb\":{\"@id\":\"https:\/\/comite-civico.org\/?p=2731#breadcrumb\"},\"inLanguage\":\"es-CO\",\"potentialAction\":[{\"@type\":\"ReadAction\",\"target\":[\"https:\/\/comite-civico.org\/?p=2731\"]}]},{\"@type\":\"ImageObject\",\"inLanguage\":\"es-CO\",\"@id\":\"https:\/\/comite-civico.org\/?p=2731#primaryimage\",\"url\":\"https:\/\/comite-civico.org\/wp-content\/uploads\/2025\/10\/post-paro-civico-scaled.jpg\",\"contentUrl\":\"https:\/\/comite-civico.org\/wp-content\/uploads\/2025\/10\/post-paro-civico-scaled.jpg\",\"width\":2560,\"height\":1440},{\"@type\":\"BreadcrumbList\",\"@id\":\"https:\/\/comite-civico.org\/?p=2731#breadcrumb\",\"itemListElement\":[{\"@type\":\"ListItem\",\"position\":1,\"name\":\"Inicio\",\"item\":\"https:\/\/comite-civico.org\/\"},{\"@type\":\"ListItem\",\"position\":2,\"name\":\"Agenda Semanal del 27 de Oct al 1 Nov\"}]},{\"@type\":\"WebSite\",\"@id\":\"https:\/\/comite-civico.org\/#website\",\"url\":\"https:\/\/comite-civico.org\/\",\"name\":\"Movimiento Social Paro C\u00edvico de Buenaventura\",\"description\":\"Movimiento Social Paro C\u00edvico de Buenaventura\",\"publisher\":{\"@id\":\"https:\/\/comite-civico.org\/#organization\"},\"potentialAction\":[{\"@type\":\"SearchAction\",\"target\":{\"@type\":\"EntryPoint\",\"urlTemplate\":\"https:\/\/comite-civico.org\/?s={search_term_string}\"},\"query-input\":{\"@type\":\"PropertyValueSpecification\",\"valueRequired\":true,\"valueName\":\"search_term_string\"}}],\"inLanguage\":\"es-CO\"},{\"@type\":\"Organization\",\"@id\":\"https:\/\/comite-civico.org\/#organization\",\"name\":\"Movimiento Social Paro C\u00edvico de Buenaventura\",\"url\":\"https:\/\/comite-civico.org\/\",\"logo\":{\"@type\":\"ImageObject\",\"inLanguage\":\"es-CO\",\"@id\":\"https:\/\/comite-civico.org\/#\/schema\/logo\/image\/\",\"url\":\"https:\/\/comite-civico.org\/wp-content\/uploads\/2021\/03\/Logo-de-Movimiento-Blanco-scaled.png\",\"contentUrl\":\"https:\/\/comite-civico.org\/wp-content\/uploads\/2021\/03\/Logo-de-Movimiento-Blanco-scaled.png\",\"width\":2560,\"height\":1810,\"caption\":\"Movimiento Social Paro C\u00edvico de Buenaventura\"},\"image\":{\"@id\":\"https:\/\/comite-civico.org\/#\/schema\/logo\/image\/\"}},{\"@type\":\"Person\",\"@id\":\"https:\/\/comite-civico.org\/#\/schema\/person\/eebdf569aa3565fa603cc9c5b53cea34\",\"name\":\"comiteadmin\",\"image\":{\"@type\":\"ImageObject\",\"inLanguage\":\"es-CO\",\"@id\":\"https:\/\/comite-civico.org\/#\/schema\/person\/image\/\",\"url\":\"https:\/\/secure.gravatar.com\/avatar\/516fb540621996b28f565fdf033072d55dd3fe76896ef4af5250b5fec1b457fe?s=96&d=mm&r=g\",\"contentUrl\":\"https:\/\/secure.gravatar.com\/avatar\/516fb540621996b28f565fdf033072d55dd3fe76896ef4af5250b5fec1b457fe?s=96&d=mm&r=g\",\"caption\":\"comiteadmin\"},\"sameAs\":[\"https:\/\/comite-civico.org\/\"],\"url\":\"https:\/\/comite-civico.org\/?author=1\"}]}<\/script>\n<!-- \/ Yoast SEO plugin. -->","yoast_head_json":{"title":"Agenda Semanal del 27 de Oct al 1 Nov - Movimiento Social Paro C\u00edvico de Buenaventura","robots":{"index":"index","follow":"follow","max-snippet":"max-snippet:-1","max-image-preview":"max-image-preview:large","max-video-preview":"max-video-preview:-1"},"canonical":"https:\/\/comite-civico.org\/?p=2731","og_locale":"es_ES","og_type":"article","og_title":"Agenda Semanal del 27 de Oct al 1 Nov - Movimiento Social Paro C\u00edvico de Buenaventura","og_description":"Agenda semanal del 27 de octubre al 1 de noviembre de 2025 El Movimiento Social Paro C\u00edvico \u201cPara Vivir con Dignidad y en Paz en el Territorio\u201d presenta el cronograma de actividades correspondiente a la semana del 27 de octubre al 1 de noviembre de 2025, en el marco del seguimiento a los acuerdos del ... Leer m\u00e1s","og_url":"https:\/\/comite-civico.org\/?p=2731","og_site_name":"Movimiento Social Paro C\u00edvico de Buenaventura","article_published_time":"2025-10-27T05:51:36+00:00","article_modified_time":"2025-10-27T05:57:17+00:00","og_image":[{"width":2560,"height":1440,"url":"http:\/\/comite-civico.org\/wp-content\/uploads\/2025\/10\/post-paro-civico-scaled.jpg","type":"image\/jpeg"}],"author":"comiteadmin","twitter_card":"summary_large_image","twitter_misc":{"Escrito por":"comiteadmin","Tiempo de lectura":"3 minutos"},"schema":{"@context":"https:\/\/schema.org","@graph":[{"@type":"Article","@id":"https:\/\/comite-civico.org\/?p=2731#article","isPartOf":{"@id":"https:\/\/comite-civico.org\/?p=2731"},"author":{"name":"comiteadmin","@id":"https:\/\/comite-civico.org\/#\/schema\/person\/eebdf569aa3565fa603cc9c5b53cea34"},"headline":"Agenda Semanal del 27 de Oct al 1 Nov","datePublished":"2025-10-27T05:51:36+00:00","dateModified":"2025-10-27T05:57:17+00:00","mainEntityOfPage":{"@id":"https:\/\/comite-civico.org\/?p=2731"},"wordCount":500,"commentCount":0,"publisher":{"@id":"https:\/\/comite-civico.org\/#organization"},"image":{"@id":"https:\/\/comite-civico.org\/?p=2731#primaryimage"},"thumbnailUrl":"https:\/\/comite-civico.org\/wp-content\/uploads\/2025\/10\/post-paro-civico-scaled.jpg","inLanguage":"es-CO","potentialAction":[{"@type":"CommentAction","name":"Comment","target":["https:\/\/comite-civico.org\/?p=2731#respond"]}]},{"@type":"WebPage","@id":"https:\/\/comite-civico.org\/?p=2731","url":"https:\/\/comite-civico.org\/?p=2731","name":"Agenda Semanal del 27 de Oct al 1 Nov - Movimiento Social Paro C\u00edvico de Buenaventura","isPartOf":{"@id":"https:\/\/comite-civico.org\/#website"},"primaryImageOfPage":{"@id":"https:\/\/comite-civico.org\/?p=2731#primaryimage"},"image":{"@id":"https:\/\/comite-civico.org\/?p=2731#primaryimage"},"thumbnailUrl":"https:\/\/comite-civico.org\/wp-content\/uploads\/2025\/10\/post-paro-civico-scaled.jpg","datePublished":"2025-10-27T05:51:36+00:00","dateModified":"2025-10-27T05:57:17+00:00","breadcrumb":{"@id":"https:\/\/comite-civico.org\/?p=2731#breadcrumb"},"inLanguage":"es-CO","potentialAction":[{"@type":"ReadAction","target":["https:\/\/comite-civico.org\/?p=2731"]}]},{"@type":"ImageObject","inLanguage":"es-CO","@id":"https:\/\/comite-civico.org\/?p=2731#primaryimage","url":"https:\/\/comite-civico.org\/wp-content\/uploads\/2025\/10\/post-paro-civico-scaled.jpg","contentUrl":"https:\/\/comite-civico.org\/wp-content\/uploads\/2025\/10\/post-paro-civico-scaled.jpg","width":2560,"height":1440},{"@type":"BreadcrumbList","@id":"https:\/\/comite-civico.org\/?p=2731#breadcrumb","itemListElement":[{"@type":"ListItem","position":1,"name":"Inicio","item":"https:\/\/comite-civico.org\/"},{"@type":"ListItem","position":2,"name":"Agenda Semanal del 27 de Oct al 1 Nov"}]},{"@type":"WebSite","@id":"https:\/\/comite-civico.org\/#website","url":"https:\/\/comite-civico.org\/","name":"Movimiento Social Paro C\u00edvico de Buenaventura","description":"Movimiento Social Paro C\u00edvico de Buenaventura","publisher":{"@id":"https:\/\/comite-civico.org\/#organization"},"potentialAction":[{"@type":"SearchAction","target":{"@type":"EntryPoint","urlTemplate":"https:\/\/comite-civico.org\/?s={search_term_string}"},"query-input":{"@type":"PropertyValueSpecification","valueRequired":true,"valueName":"search_term_string"}}],"inLanguage":"es-CO"},{"@type":"Organization","@id":"https:\/\/comite-civico.org\/#organization","name":"Movimiento Social Paro C\u00edvico de Buenaventura","url":"https:\/\/comite-civico.org\/","logo":{"@type":"ImageObject","inLanguage":"es-CO","@id":"https:\/\/comite-civico.org\/#\/schema\/logo\/image\/","url":"https:\/\/comite-civico.org\/wp-content\/uploads\/2021\/03\/Logo-de-Movimiento-Blanco-scaled.png","contentUrl":"https:\/\/comite-civico.org\/wp-content\/uploads\/2021\/03\/Logo-de-Movimiento-Blanco-scaled.png","width":2560,"height":1810,"caption":"Movimiento Social Paro C\u00edvico de Buenaventura"},"image":{"@id":"https:\/\/comite-civico.org\/#\/schema\/logo\/image\/"}},{"@type":"Person","@id":"https:\/\/comite-civico.org\/#\/schema\/person\/eebdf569aa3565fa603cc9c5b53cea34","name":"comiteadmin","image":{"@type":"ImageObject","inLanguage":"es-CO","@id":"https:\/\/comite-civico.org\/#\/schema\/person\/image\/","url":"https:\/\/secure.gravatar.com\/avatar\/516fb540621996b28f565fdf033072d55dd3fe76896ef4af5250b5fec1b457fe?s=96&d=mm&r=g","contentUrl":"https:\/\/secure.gravatar.com\/avatar\/516fb540621996b28f565fdf033072d55dd3fe76896ef4af5250b5fec1b457fe?s=96&d=mm&r=g","caption":"comiteadmin"},"sameAs":["https:\/\/comite-civico.org\/"],"url":"https:\/\/comite-civico.org\/?author=1"}]}},"_links":{"self":[{"href":"https:\/\/comite-civico.org\/index.php?rest_route=\/wp\/v2\/posts\/2731","targetHints":{"allow":["GET"]}}],"collection":[{"href":"https:\/\/comite-civico.org\/index.php?rest_route=\/wp\/v2\/posts"}],"about":[{"href":"https:\/\/comite-civico.org\/index.php?rest_route=\/wp\/v2\/types\/post"}],"author":[{"embeddable":true,"href":"https:\/\/comite-civico.org\/index.php?rest_route=\/wp\/v2\/users\/1"}],"replies":[{"embeddable":true,"href":"https:\/\/comite-civico.org\/index.php?rest_route=%2Fwp%2Fv2%2Fcomments&post=2731"}],"version-history":[{"count":8,"href":"https:\/\/comite-civico.org\/index.php?rest_route=\/wp\/v2\/posts\/2731\/revisions"}],"predecessor-version":[{"id":2745,"href":"https:\/\/comite-civico.org\/index.php?rest_route=\/wp\/v2\/posts\/2731\/revisions\/2745"}],"wp:featuredmedia":[{"embeddable":true,"href":"https:\/\/comite-civico.org\/index.php?rest_route=\/wp\/v2\/media\/2732"}],"wp:attachment":[{"href":"https:\/\/comite-civico.org\/index.php?rest_route=%2Fwp%2Fv2%2Fmedia&parent=2731"}],"wp:term":[{"taxonomy":"category","embeddable":true,"href":"https:\/\/comite-civico.org\/index.php?rest_route=%2Fwp%2Fv2%2Fcategories&post=2731"},{"taxonomy":"post_tag","embeddable":true,"href":"https:\/\/comite-civico.org\/index.php?rest_route=%2Fwp%2Fv2%2Ftags&post=2731"}],"curies":[{"name":"wp","href":"https:\/\/api.w.org\/{rel}","templated":true}]}}