{"id":2474,"date":"2025-09-04T15:17:59","date_gmt":"2025-09-04T20:17:59","guid":{"rendered":"https:\/\/comite-civico.org\/?p=2474"},"modified":"2025-09-05T21:03:13","modified_gmt":"2025-09-06T02:03:13","slug":"sutraport-un-paso-hacia-la-dignificacion-del-trabajo-portuario-en-buenaventura","status":"publish","type":"post","link":"https:\/\/comite-civico.org\/?p=2474","title":{"rendered":"Rutraport: un paso hacia la dignificaci\u00f3n del trabajo portuario en Buenaventura"},"content":{"rendered":"\t\t<div data-elementor-type=\"wp-post\" data-elementor-id=\"2474\" class=\"elementor elementor-2474\" data-elementor-post-type=\"post\">\n\t\t\t\t\t\t<section data-particle_enable=\"false\" data-particle-mobile-disabled=\"false\" class=\"elementor-section elementor-top-section elementor-element elementor-element-00b0277 elementor-section-boxed elementor-section-height-default elementor-section-height-default\" data-id=\"00b0277\" data-element_type=\"section\" data-settings=\"{&quot;jet_parallax_layout_list&quot;:[]}\">\n\t\t\t\t\t\t<div class=\"elementor-container elementor-column-gap-default\">\n\t\t\t\t\t<div class=\"elementor-column elementor-col-100 elementor-top-column elementor-element elementor-element-13ab011\" data-id=\"13ab011\" data-element_type=\"column\">\n\t\t\t<div class=\"elementor-widget-wrap elementor-element-populated\">\n\t\t\t\t\t\t<div class=\"elementor-element elementor-element-e30b7f6 dce_masking-none elementor-widget elementor-widget-image\" data-id=\"e30b7f6\" data-element_type=\"widget\" data-widget_type=\"image.default\">\n\t\t\t\t<div class=\"elementor-widget-container\">\n\t\t\t\t\t\t\t\t\t\t\t\t\t\t\t<img fetchpriority=\"high\" decoding=\"async\" width=\"1024\" height=\"576\" src=\"https:\/\/comite-civico.org\/wp-content\/uploads\/2025\/09\/542225418_1107272514938431_6654307310790309956_n-1024x576.jpg\" class=\"attachment-large size-large wp-image-2487\" alt=\"\" srcset=\"https:\/\/comite-civico.org\/wp-content\/uploads\/2025\/09\/542225418_1107272514938431_6654307310790309956_n-1024x576.jpg 1024w, https:\/\/comite-civico.org\/wp-content\/uploads\/2025\/09\/542225418_1107272514938431_6654307310790309956_n-300x169.jpg 300w, https:\/\/comite-civico.org\/wp-content\/uploads\/2025\/09\/542225418_1107272514938431_6654307310790309956_n-768x432.jpg 768w, https:\/\/comite-civico.org\/wp-content\/uploads\/2025\/09\/542225418_1107272514938431_6654307310790309956_n.jpg 1280w\" sizes=\"(max-width: 1024px) 100vw, 1024px\" \/>\t\t\t\t\t\t\t\t\t\t\t\t\t\t\t<\/div>\n\t\t\t\t<\/div>\n\t\t\t\t\t<\/div>\n\t\t<\/div>\n\t\t\t\t\t<\/div>\n\t\t<\/section>\n\t\t\t\t<section data-particle_enable=\"false\" data-particle-mobile-disabled=\"false\" class=\"elementor-section elementor-top-section elementor-element elementor-element-79d073b elementor-section-boxed elementor-section-height-default elementor-section-height-default\" data-id=\"79d073b\" data-element_type=\"section\" data-settings=\"{&quot;jet_parallax_layout_list&quot;:[]}\">\n\t\t\t\t\t\t<div class=\"elementor-container elementor-column-gap-default\">\n\t\t\t\t\t<div class=\"elementor-column elementor-col-100 elementor-top-column elementor-element elementor-element-37bee28\" data-id=\"37bee28\" data-element_type=\"column\">\n\t\t\t<div class=\"elementor-widget-wrap elementor-element-populated\">\n\t\t\t\t\t\t<div class=\"elementor-element elementor-element-877e5d7 elementor-widget elementor-widget-text-editor\" data-id=\"877e5d7\" data-element_type=\"widget\" data-widget_type=\"text-editor.default\">\n\t\t\t\t<div class=\"elementor-widget-container\">\n\t\t\t\t\t\t\t\t\t<p data-start=\"310\" data-end=\"533\">El pasado 3 de septiembre de 2025 se realiz\u00f3 en Buenaventura la socializaci\u00f3n de <strong data-start=\"386\" data-end=\"399\">Rutraport<\/strong>, la nueva herramienta tecnol\u00f3gica del Ministerio de Trabajo que busca transformar las condiciones laborales en el sector portuario.<\/p><p data-start=\"535\" data-end=\"874\">Rutraport nace como un <strong data-start=\"558\" data-end=\"586\">Registro \u00danico Portuario<\/strong>, construido con la participaci\u00f3n de trabajadores, organizaciones sindicales, el Comit\u00e9 del Paro C\u00edvico y el acompa\u00f1amiento del Gobierno Nacional. Su objetivo es claro: <strong data-start=\"755\" data-end=\"871\">acabar con la precarizaci\u00f3n, garantizar la seguridad social y dignificar la labor de los trabajadores portuarios<\/strong>.<\/p><p data-start=\"535\" data-end=\"874\">La <strong data-start=\"803\" data-end=\"857\">Viceministra de Relaciones Laborales, Sandra Mu\u00f1oz<\/strong>, explic\u00f3 que Rutraport corresponde a un <strong data-start=\"898\" data-end=\"926\">Registro \u00danico Portuario<\/strong>, dise\u00f1ado para:<\/p><ul data-start=\"945\" data-end=\"1216\"><li data-start=\"945\" data-end=\"1006\"><p data-start=\"947\" data-end=\"1006\">Identificar y caracterizar a los trabajadores portuarios.<\/p><\/li><li data-start=\"1007\" data-end=\"1051\"><p data-start=\"1009\" data-end=\"1051\">Orientar procesos de inspecci\u00f3n laboral.<\/p><\/li><li data-start=\"1052\" data-end=\"1100\"><p data-start=\"1054\" data-end=\"1100\">Detectar irregularidades en la contrataci\u00f3n.<\/p><\/li><li data-start=\"1101\" data-end=\"1216\"><p data-start=\"1103\" data-end=\"1216\">Servir como insumo para la capacitaci\u00f3n y formaci\u00f3n de mano de obra local.<\/p><\/li><\/ul><p data-start=\"1218\" data-end=\"1446\">Adem\u00e1s, anunci\u00f3 el programa <strong data-start=\"1246\" data-end=\"1272\">\u201cMinisterio al Puerto\u201d<\/strong>, con presencia semanal de funcionarios del Ministerio de Trabajo en los accesos a los puertos, para recibir denuncias, brindar asesor\u00eda y fortalecer la vigilancia laboral.<\/p><h3 data-start=\"876\" data-end=\"932\">Fase 1: socializaci\u00f3n y construcci\u00f3n participativa<\/h3><p data-start=\"933\" data-end=\"1074\">Durante esta primera etapa, se present\u00f3 la herramienta a sindicatos, trabajadores y l\u00edderes sociales, escuchando sus aportes y sugerencias.<\/p><p data-start=\"933\" data-end=\"1074\"><span style=\"font-family: inherit; font-size: 29px; font-style: inherit;\">Fase 2: hacia la implementaci\u00f3n<\/span><\/p><p data-start=\"1344\" data-end=\"1627\">La proyecci\u00f3n de Rutraport es iniciar su implementaci\u00f3n en Buenaventura y posteriormente expandirse a otros puertos del pa\u00eds. La herramienta permitir\u00e1 integrar bases de datos con instituciones como el SENA, orientando procesos de <strong data-start=\"1574\" data-end=\"1624\">capacitaci\u00f3n y formaci\u00f3n de mano de obra local<\/strong>.<\/p>\t\t\t\t\t\t\t\t<\/div>\n\t\t\t\t<\/div>\n\t\t\t\t\t<\/div>\n\t\t<\/div>\n\t\t\t\t\t<\/div>\n\t\t<\/section>\n\t\t\t\t<section data-particle_enable=\"false\" data-particle-mobile-disabled=\"false\" class=\"elementor-section elementor-top-section elementor-element elementor-element-734f4f5 elementor-section-boxed elementor-section-height-default elementor-section-height-default\" data-id=\"734f4f5\" data-element_type=\"section\" data-settings=\"{&quot;jet_parallax_layout_list&quot;:[]}\">\n\t\t\t\t\t\t<div class=\"elementor-container elementor-column-gap-default\">\n\t\t\t\t\t<div class=\"elementor-column elementor-col-33 elementor-top-column elementor-element elementor-element-d631d1e\" data-id=\"d631d1e\" data-element_type=\"column\">\n\t\t\t<div class=\"elementor-widget-wrap elementor-element-populated\">\n\t\t\t\t\t\t<div class=\"elementor-element elementor-element-e79c32a dce_masking-none elementor-widget elementor-widget-image\" data-id=\"e79c32a\" data-element_type=\"widget\" data-widget_type=\"image.default\">\n\t\t\t\t<div class=\"elementor-widget-container\">\n\t\t\t\t\t\t\t\t\t\t\t\t\t\t\t<img decoding=\"async\" width=\"1024\" height=\"576\" src=\"https:\/\/comite-civico.org\/wp-content\/uploads\/2025\/09\/542106933_1107490471583302_825147163428578834_n-1024x576.jpg\" class=\"attachment-large size-large wp-image-2483\" alt=\"\" srcset=\"https:\/\/comite-civico.org\/wp-content\/uploads\/2025\/09\/542106933_1107490471583302_825147163428578834_n-1024x576.jpg 1024w, https:\/\/comite-civico.org\/wp-content\/uploads\/2025\/09\/542106933_1107490471583302_825147163428578834_n-300x169.jpg 300w, https:\/\/comite-civico.org\/wp-content\/uploads\/2025\/09\/542106933_1107490471583302_825147163428578834_n-768x432.jpg 768w, https:\/\/comite-civico.org\/wp-content\/uploads\/2025\/09\/542106933_1107490471583302_825147163428578834_n.jpg 1280w\" sizes=\"(max-width: 1024px) 100vw, 1024px\" \/>\t\t\t\t\t\t\t\t\t\t\t\t\t\t\t<\/div>\n\t\t\t\t<\/div>\n\t\t\t\t\t<\/div>\n\t\t<\/div>\n\t\t\t\t<div class=\"elementor-column elementor-col-33 elementor-top-column elementor-element elementor-element-cb41fdf\" data-id=\"cb41fdf\" data-element_type=\"column\">\n\t\t\t<div class=\"elementor-widget-wrap elementor-element-populated\">\n\t\t\t\t\t\t<div class=\"elementor-element elementor-element-e9ff285 dce_masking-none elementor-widget elementor-widget-image\" data-id=\"e9ff285\" data-element_type=\"widget\" data-widget_type=\"image.default\">\n\t\t\t\t<div class=\"elementor-widget-container\">\n\t\t\t\t\t\t\t\t\t\t\t\t\t\t\t<img decoding=\"async\" width=\"1024\" height=\"576\" src=\"https:\/\/comite-civico.org\/wp-content\/uploads\/2025\/09\/541522758_1107491401583209_4450385134602387781_n-1024x576.jpg\" class=\"attachment-large size-large wp-image-2479\" alt=\"\" srcset=\"https:\/\/comite-civico.org\/wp-content\/uploads\/2025\/09\/541522758_1107491401583209_4450385134602387781_n-1024x576.jpg 1024w, https:\/\/comite-civico.org\/wp-content\/uploads\/2025\/09\/541522758_1107491401583209_4450385134602387781_n-300x169.jpg 300w, https:\/\/comite-civico.org\/wp-content\/uploads\/2025\/09\/541522758_1107491401583209_4450385134602387781_n-768x432.jpg 768w, https:\/\/comite-civico.org\/wp-content\/uploads\/2025\/09\/541522758_1107491401583209_4450385134602387781_n-1536x864.jpg 1536w, https:\/\/comite-civico.org\/wp-content\/uploads\/2025\/09\/541522758_1107491401583209_4450385134602387781_n.jpg 2048w\" sizes=\"(max-width: 1024px) 100vw, 1024px\" \/>\t\t\t\t\t\t\t\t\t\t\t\t\t\t\t<\/div>\n\t\t\t\t<\/div>\n\t\t\t\t\t<\/div>\n\t\t<\/div>\n\t\t\t\t<div class=\"elementor-column elementor-col-33 elementor-top-column elementor-element elementor-element-0ada302\" data-id=\"0ada302\" data-element_type=\"column\">\n\t\t\t<div class=\"elementor-widget-wrap elementor-element-populated\">\n\t\t\t\t\t\t<div class=\"elementor-element elementor-element-26e49d2 dce_masking-none elementor-widget elementor-widget-image\" data-id=\"26e49d2\" data-element_type=\"widget\" data-widget_type=\"image.default\">\n\t\t\t\t<div class=\"elementor-widget-container\">\n\t\t\t\t\t\t\t\t\t\t\t\t\t\t\t<img loading=\"lazy\" decoding=\"async\" width=\"1024\" height=\"576\" src=\"https:\/\/comite-civico.org\/wp-content\/uploads\/2025\/09\/540845000_1107491704916512_1006097283122556875_n-1024x576.jpg\" class=\"attachment-large size-large wp-image-2480\" alt=\"\" srcset=\"https:\/\/comite-civico.org\/wp-content\/uploads\/2025\/09\/540845000_1107491704916512_1006097283122556875_n-1024x576.jpg 1024w, https:\/\/comite-civico.org\/wp-content\/uploads\/2025\/09\/540845000_1107491704916512_1006097283122556875_n-300x169.jpg 300w, https:\/\/comite-civico.org\/wp-content\/uploads\/2025\/09\/540845000_1107491704916512_1006097283122556875_n-768x432.jpg 768w, https:\/\/comite-civico.org\/wp-content\/uploads\/2025\/09\/540845000_1107491704916512_1006097283122556875_n-1536x864.jpg 1536w, https:\/\/comite-civico.org\/wp-content\/uploads\/2025\/09\/540845000_1107491704916512_1006097283122556875_n.jpg 2048w\" sizes=\"(max-width: 1024px) 100vw, 1024px\" \/>\t\t\t\t\t\t\t\t\t\t\t\t\t\t\t<\/div>\n\t\t\t\t<\/div>\n\t\t\t\t\t<\/div>\n\t\t<\/div>\n\t\t\t\t\t<\/div>\n\t\t<\/section>\n\t\t\t\t<section data-particle_enable=\"false\" data-particle-mobile-disabled=\"false\" class=\"elementor-section elementor-top-section elementor-element elementor-element-3767ecf elementor-section-boxed elementor-section-height-default elementor-section-height-default\" data-id=\"3767ecf\" data-element_type=\"section\" data-settings=\"{&quot;jet_parallax_layout_list&quot;:[]}\">\n\t\t\t\t\t\t<div class=\"elementor-container elementor-column-gap-default\">\n\t\t\t\t\t<div class=\"elementor-column elementor-col-100 elementor-top-column elementor-element elementor-element-95025bd\" data-id=\"95025bd\" data-element_type=\"column\">\n\t\t\t<div class=\"elementor-widget-wrap elementor-element-populated\">\n\t\t\t\t\t\t<div class=\"elementor-element elementor-element-064b31b elementor-widget-divider--view-line elementor-widget elementor-widget-divider\" data-id=\"064b31b\" data-element_type=\"widget\" data-widget_type=\"divider.default\">\n\t\t\t\t<div class=\"elementor-widget-container\">\n\t\t\t\t\t\t\t<div class=\"elementor-divider\">\n\t\t\t<span class=\"elementor-divider-separator\">\n\t\t\t\t\t\t<\/span>\n\t\t<\/div>\n\t\t\t\t\t\t<\/div>\n\t\t\t\t<\/div>\n\t\t\t\t\t<\/div>\n\t\t<\/div>\n\t\t\t\t\t<\/div>\n\t\t<\/section>\n\t\t\t\t<section data-particle_enable=\"false\" data-particle-mobile-disabled=\"false\" class=\"elementor-section elementor-top-section elementor-element elementor-element-368411f elementor-section-boxed elementor-section-height-default elementor-section-height-default\" data-id=\"368411f\" data-element_type=\"section\" data-settings=\"{&quot;jet_parallax_layout_list&quot;:[]}\">\n\t\t\t\t\t\t<div class=\"elementor-container elementor-column-gap-default\">\n\t\t\t\t\t<div class=\"elementor-column elementor-col-100 elementor-top-column elementor-element elementor-element-3c3961d\" data-id=\"3c3961d\" data-element_type=\"column\">\n\t\t\t<div class=\"elementor-widget-wrap elementor-element-populated\">\n\t\t\t\t\t\t<div class=\"elementor-element elementor-element-bc3f0d3 dce_masking-none elementor-widget elementor-widget-video\" data-id=\"bc3f0d3\" data-element_type=\"widget\" data-settings=\"{&quot;youtube_url&quot;:&quot;https:\\\/\\\/youtu.be\\\/P7rVxpwopzw&quot;,&quot;video_type&quot;:&quot;youtube&quot;,&quot;controls&quot;:&quot;yes&quot;}\" data-widget_type=\"video.default\">\n\t\t\t\t<div class=\"elementor-widget-container\">\n\t\t\t\t\t\t\t<div class=\"elementor-wrapper elementor-open-inline\">\n\t\t\t<div class=\"elementor-video\"><\/div>\t\t<\/div>\n\t\t\t\t\t\t<\/div>\n\t\t\t\t<\/div>\n\t\t\t\t\t<\/div>\n\t\t<\/div>\n\t\t\t\t\t<\/div>\n\t\t<\/section>\n\t\t\t\t<section data-particle_enable=\"false\" data-particle-mobile-disabled=\"false\" class=\"elementor-section elementor-top-section elementor-element elementor-element-840bdcd elementor-section-boxed elementor-section-height-default elementor-section-height-default\" data-id=\"840bdcd\" data-element_type=\"section\" data-settings=\"{&quot;jet_parallax_layout_list&quot;:[]}\">\n\t\t\t\t\t\t<div class=\"elementor-container elementor-column-gap-default\">\n\t\t\t\t\t<div class=\"elementor-column elementor-col-100 elementor-top-column elementor-element elementor-element-c5087cc\" data-id=\"c5087cc\" data-element_type=\"column\">\n\t\t\t<div class=\"elementor-widget-wrap elementor-element-populated\">\n\t\t\t\t\t\t<div class=\"elementor-element elementor-element-51b397c elementor-widget-divider--view-line elementor-widget elementor-widget-divider\" data-id=\"51b397c\" data-element_type=\"widget\" data-widget_type=\"divider.default\">\n\t\t\t\t<div class=\"elementor-widget-container\">\n\t\t\t\t\t\t\t<div class=\"elementor-divider\">\n\t\t\t<span class=\"elementor-divider-separator\">\n\t\t\t\t\t\t<\/span>\n\t\t<\/div>\n\t\t\t\t\t\t<\/div>\n\t\t\t\t<\/div>\n\t\t\t\t\t<\/div>\n\t\t<\/div>\n\t\t\t\t\t<\/div>\n\t\t<\/section>\n\t\t\t\t<section data-particle_enable=\"false\" data-particle-mobile-disabled=\"false\" class=\"elementor-section elementor-top-section elementor-element elementor-element-da1027b elementor-section-boxed elementor-section-height-default elementor-section-height-default\" data-id=\"da1027b\" data-element_type=\"section\" data-settings=\"{&quot;jet_parallax_layout_list&quot;:[]}\">\n\t\t\t\t\t\t<div class=\"elementor-container elementor-column-gap-default\">\n\t\t\t\t\t<div class=\"elementor-column elementor-col-100 elementor-top-column elementor-element elementor-element-4169d85\" data-id=\"4169d85\" data-element_type=\"column\">\n\t\t\t<div class=\"elementor-widget-wrap elementor-element-populated\">\n\t\t\t\t\t\t<div class=\"elementor-element elementor-element-e0b00de elementor-widget elementor-widget-text-editor\" data-id=\"e0b00de\" data-element_type=\"widget\" data-widget_type=\"text-editor.default\">\n\t\t\t\t<div class=\"elementor-widget-container\">\n\t\t\t\t\t\t\t\t\t<blockquote data-start=\"1628\" data-end=\"1873\"><p><span style=\"font-family: inherit; font-size: 29px; font-style: inherit;\">Un logro de la lucha social<\/span><\/p><\/blockquote><p data-start=\"1909\" data-end=\"2045\">Rutraport es tambi\u00e9n fruto de la lucha hist\u00f3rica del <strong data-start=\"1962\" data-end=\"1985\">Paro C\u00edvico de 2017<\/strong>, que exigi\u00f3 condiciones de vida dignas para Buenaventura.<\/p><blockquote data-start=\"2046\" data-end=\"2279\"><p data-start=\"2048\" data-end=\"2279\">\u201cEsta herramienta es una reivindicaci\u00f3n del Paro C\u00edvico y hoy contamos con toda la voluntad pol\u00edtica para ponerla en marcha\u201d, asegur\u00f3 la <strong data-start=\"2185\" data-end=\"2239\">Viceministra de Relaciones Laborales, Sandra Mu\u00f1oz<\/strong>.<\/p><\/blockquote><h2 data-start=\"1448\" data-end=\"1500\">Intervenciones de l\u00edderes sindicales y sociales<\/h2><ul data-start=\"1501\" data-end=\"2622\"><li data-start=\"1501\" data-end=\"1845\"><h3 data-start=\"209\" data-end=\"247\"><strong data-start=\"213\" data-end=\"245\">F\u00e9lix Villadiego \u2013 CUT Valle<\/strong><\/h3><blockquote data-start=\"248\" data-end=\"466\"><p data-start=\"250\" data-end=\"466\">\u201cEste ejercicio que hoy iniciamos con la herramienta Rutraport en Buenaventura debe convertirse en un modelo a replicar en otros puertos del pa\u00eds. Es un paso hacia la formalizaci\u00f3n laboral que tanto hemos exigido.\u201d<\/p><\/blockquote><hr data-start=\"468\" data-end=\"471\" \/><h3 data-start=\"473\" data-end=\"515\"><strong data-start=\"477\" data-end=\"513\">Javier Marrugo \u2013 Uni\u00f3n Portuaria<\/strong><\/h3><blockquote data-start=\"516\" data-end=\"749\"><p data-start=\"518\" data-end=\"749\">\u201cRutraport no nace de la nada: es fruto de la lucha hist\u00f3rica de los trabajadores portuarios y de la movilizaci\u00f3n social como el Paro C\u00edvico de 2017. Es una construcci\u00f3n colectiva y, como toda herramienta viva, ser\u00e1 perfectible.\u201d<\/p><\/blockquote><hr data-start=\"751\" data-end=\"754\" \/><h3 data-start=\"756\" data-end=\"792\"><strong data-start=\"760\" data-end=\"790\">Wilson S\u00e1enz \u2013 CUT Nacional<\/strong><\/h3><blockquote data-start=\"793\" data-end=\"1008\"><p data-start=\"795\" data-end=\"1008\">\u201cAqu\u00ed estamos hablando de formalizaci\u00f3n laboral, de acabar con la tercerizaci\u00f3n y la explotaci\u00f3n en los puertos. Este es un logro de la unidad sindical y social. Recordemos siempre: <em data-start=\"977\" data-end=\"1004\">sin lucha no hay victoria<\/em>.\u201d<\/p><\/blockquote><hr data-start=\"1407\" data-end=\"1410\" \/><h3 data-start=\"1412\" data-end=\"1463\"><strong data-start=\"1416\" data-end=\"1461\">Padre John Reina \u2013 Comit\u00e9 del Paro C\u00edvico<\/strong><\/h3><blockquote data-start=\"1464\" data-end=\"1688\"><p data-start=\"1466\" data-end=\"1688\">\u201cEl Paro C\u00edvico de 2017 abri\u00f3 la puerta para que hoy estemos hablando de Rutraport. Es un compromiso del Estado y de la sociedad bonaverense. La herramienta funcionar\u00e1 si la asumimos con unidad y sentido de pertenencia.\u201d<\/p><\/blockquote><hr data-start=\"1690\" data-end=\"1693\" \/><h3 data-start=\"1695\" data-end=\"1751\"><strong data-start=\"1699\" data-end=\"1749\">Paula Bravo \u2013 Oficina Especial de Buenaventura<\/strong><\/h3><blockquote data-start=\"1752\" data-end=\"1990\"><p data-start=\"1754\" data-end=\"1990\">\u201cDesde la Oficina Especial hemos venido adelantando inspecciones y sanciones al interior de los puertos. Ahora con Rutraport tendremos un instrumento mucho m\u00e1s fuerte para garantizar derechos laborales y acompa\u00f1ar a los trabajadores.\u201d<\/p><\/blockquote><\/li><\/ul><h2 data-start=\"2624\" data-end=\"2649\">Cierre y compromisos<\/h2><p data-start=\"2650\" data-end=\"3043\">La Viceministra concluy\u00f3 que esta primera fase corresponde a la <strong data-start=\"2714\" data-end=\"2758\">socializaci\u00f3n y ajuste de la herramienta<\/strong>, y que la <strong data-start=\"2769\" data-end=\"2781\">fase dos<\/strong> permitir\u00e1 su implementaci\u00f3n a nivel nacional. Reconoci\u00f3 que este avance responde a las exigencias del Paro C\u00edvico y que el Ministerio de Trabajo mantendr\u00e1 un compromiso firme con la <strong data-start=\"2964\" data-end=\"3003\">dignificaci\u00f3n del trabajo portuario<\/strong>.<\/p><p data-start=\"3045\" data-end=\"3240\">Finalmente, se reiter\u00f3 el mensaje de <strong data-start=\"3082\" data-end=\"3126\">unidad, formaci\u00f3n y participaci\u00f3n activa<\/strong> de todos los actores para que Rutraport sea una herramienta efectiva en la transformaci\u00f3n del sector portuario.<\/p><p data-start=\"2916\" data-end=\"2998\"><img decoding=\"async\" class=\"emoji\" role=\"img\" draggable=\"false\" src=\"https:\/\/s.w.org\/images\/core\/emoji\/16.0.1\/svg\/1f4fa.svg\" alt=\"\ud83d\udcfa\" \/> Revive la transmisi\u00f3n completa en nuestro canal de YouTube:<\/p>\t\t\t\t\t\t\t\t<\/div>\n\t\t\t\t<\/div>\n\t\t\t\t\t<\/div>\n\t\t<\/div>\n\t\t\t\t\t<\/div>\n\t\t<\/section>\n\t\t\t\t<section data-particle_enable=\"false\" data-particle-mobile-disabled=\"false\" class=\"elementor-section elementor-top-section elementor-element elementor-element-ea01d2a elementor-section-boxed elementor-section-height-default elementor-section-height-default\" data-id=\"ea01d2a\" data-element_type=\"section\" data-settings=\"{&quot;jet_parallax_layout_list&quot;:[]}\">\n\t\t\t\t\t\t<div class=\"elementor-container elementor-column-gap-default\">\n\t\t\t\t\t<div class=\"elementor-column elementor-col-100 elementor-top-column elementor-element elementor-element-c5e019f\" data-id=\"c5e019f\" data-element_type=\"column\">\n\t\t\t<div class=\"elementor-widget-wrap elementor-element-populated\">\n\t\t\t\t\t\t<div class=\"elementor-element elementor-element-8976223 dce_masking-none elementor-widget elementor-widget-video\" data-id=\"8976223\" data-element_type=\"widget\" data-settings=\"{&quot;youtube_url&quot;:&quot;https:\\\/\\\/www.youtube.com\\\/watch?v=rvrF3WOMRO4&quot;,&quot;video_type&quot;:&quot;youtube&quot;,&quot;controls&quot;:&quot;yes&quot;}\" data-widget_type=\"video.default\">\n\t\t\t\t<div class=\"elementor-widget-container\">\n\t\t\t\t\t\t\t<div class=\"elementor-wrapper elementor-open-inline\">\n\t\t\t<div class=\"elementor-video\"><\/div>\t\t<\/div>\n\t\t\t\t\t\t<\/div>\n\t\t\t\t<\/div>\n\t\t\t\t\t<\/div>\n\t\t<\/div>\n\t\t\t\t\t<\/div>\n\t\t<\/section>\n\t\t\t\t<\/div>\n\t\t","protected":false},"excerpt":{"rendered":"<p>El pasado 3 de septiembre de 2025 se realiz\u00f3 en Buenaventura la socializaci\u00f3n de Rutraport, la nueva herramienta tecnol\u00f3gica del Ministerio de Trabajo que busca transformar las condiciones laborales en el sector portuario. Rutraport nace como un Registro \u00danico Portuario, construido con la participaci\u00f3n de trabajadores, organizaciones sindicales, el Comit\u00e9 del Paro C\u00edvico y el &#8230; <a title=\"Rutraport: un paso hacia la dignificaci\u00f3n del trabajo portuario en Buenaventura\" class=\"read-more\" href=\"https:\/\/comite-civico.org\/?p=2474\" aria-label=\"Read more about Rutraport: un paso hacia la dignificaci\u00f3n del trabajo portuario en Buenaventura\">Leer m\u00e1s<\/a><\/p>\n","protected":false},"author":1,"featured_media":2521,"comment_status":"open","ping_status":"open","sticky":false,"template":"elementor_canvas","format":"standard","meta":{"footnotes":""},"categories":[1],"tags":[],"class_list":["post-2474","post","type-post","status-publish","format-standard","has-post-thumbnail","hentry","category-sin-categoria"],"acf":[],"yoast_head":"<!-- This site is optimized with the Yoast SEO plugin v25.0 - https:\/\/yoast.com\/wordpress\/plugins\/seo\/ -->\n<title>Rutraport: un paso hacia la dignificaci\u00f3n del trabajo portuario en Buenaventura - Movimiento Social Paro C\u00edvico de Buenaventura<\/title>\n<meta name=\"robots\" content=\"index, follow, max-snippet:-1, max-image-preview:large, max-video-preview:-1\" \/>\n<link rel=\"canonical\" href=\"https:\/\/comite-civico.org\/?p=2474\" \/>\n<meta property=\"og:locale\" content=\"es_ES\" \/>\n<meta property=\"og:type\" content=\"article\" \/>\n<meta property=\"og:title\" content=\"Rutraport: un paso hacia la dignificaci\u00f3n del trabajo portuario en Buenaventura - Movimiento Social Paro C\u00edvico de Buenaventura\" \/>\n<meta property=\"og:description\" content=\"El pasado 3 de septiembre de 2025 se realiz\u00f3 en Buenaventura la socializaci\u00f3n de Rutraport, la nueva herramienta tecnol\u00f3gica del Ministerio de Trabajo que busca transformar las condiciones laborales en el sector portuario. Rutraport nace como un Registro \u00danico Portuario, construido con la participaci\u00f3n de trabajadores, organizaciones sindicales, el Comit\u00e9 del Paro C\u00edvico y el ... Leer m\u00e1s\" \/>\n<meta property=\"og:url\" content=\"https:\/\/comite-civico.org\/?p=2474\" \/>\n<meta property=\"og:site_name\" content=\"Movimiento Social Paro C\u00edvico de Buenaventura\" \/>\n<meta property=\"article:published_time\" content=\"2025-09-04T20:17:59+00:00\" \/>\n<meta property=\"article:modified_time\" content=\"2025-09-06T02:03:13+00:00\" \/>\n<meta property=\"og:image\" content=\"http:\/\/comite-civico.org\/wp-content\/uploads\/2025\/09\/RUTRAPORT.jpg\" \/>\n\t<meta property=\"og:image:width\" content=\"1920\" \/>\n\t<meta property=\"og:image:height\" content=\"1080\" \/>\n\t<meta property=\"og:image:type\" content=\"image\/jpeg\" \/>\n<meta name=\"author\" content=\"comiteadmin\" \/>\n<meta name=\"twitter:card\" content=\"summary_large_image\" \/>\n<meta name=\"twitter:label1\" content=\"Escrito por\" \/>\n\t<meta name=\"twitter:data1\" content=\"comiteadmin\" \/>\n\t<meta name=\"twitter:label2\" content=\"Tiempo de lectura\" \/>\n\t<meta name=\"twitter:data2\" content=\"3 minutos\" \/>\n<script type=\"application\/ld+json\" class=\"yoast-schema-graph\">{\"@context\":\"https:\/\/schema.org\",\"@graph\":[{\"@type\":\"Article\",\"@id\":\"https:\/\/comite-civico.org\/?p=2474#article\",\"isPartOf\":{\"@id\":\"https:\/\/comite-civico.org\/?p=2474\"},\"author\":{\"name\":\"comiteadmin\",\"@id\":\"https:\/\/comite-civico.org\/#\/schema\/person\/eebdf569aa3565fa603cc9c5b53cea34\"},\"headline\":\"Rutraport: un paso hacia la dignificaci\u00f3n del trabajo portuario en Buenaventura\",\"datePublished\":\"2025-09-04T20:17:59+00:00\",\"dateModified\":\"2025-09-06T02:03:13+00:00\",\"mainEntityOfPage\":{\"@id\":\"https:\/\/comite-civico.org\/?p=2474\"},\"wordCount\":659,\"commentCount\":0,\"publisher\":{\"@id\":\"https:\/\/comite-civico.org\/#organization\"},\"image\":{\"@id\":\"https:\/\/comite-civico.org\/?p=2474#primaryimage\"},\"thumbnailUrl\":\"https:\/\/comite-civico.org\/wp-content\/uploads\/2025\/09\/RUTRAPORT.jpg\",\"inLanguage\":\"es-CO\",\"potentialAction\":[{\"@type\":\"CommentAction\",\"name\":\"Comment\",\"target\":[\"https:\/\/comite-civico.org\/?p=2474#respond\"]}]},{\"@type\":\"WebPage\",\"@id\":\"https:\/\/comite-civico.org\/?p=2474\",\"url\":\"https:\/\/comite-civico.org\/?p=2474\",\"name\":\"Rutraport: un paso hacia la dignificaci\u00f3n del trabajo portuario en Buenaventura - Movimiento Social Paro C\u00edvico de Buenaventura\",\"isPartOf\":{\"@id\":\"https:\/\/comite-civico.org\/#website\"},\"primaryImageOfPage\":{\"@id\":\"https:\/\/comite-civico.org\/?p=2474#primaryimage\"},\"image\":{\"@id\":\"https:\/\/comite-civico.org\/?p=2474#primaryimage\"},\"thumbnailUrl\":\"https:\/\/comite-civico.org\/wp-content\/uploads\/2025\/09\/RUTRAPORT.jpg\",\"datePublished\":\"2025-09-04T20:17:59+00:00\",\"dateModified\":\"2025-09-06T02:03:13+00:00\",\"breadcrumb\":{\"@id\":\"https:\/\/comite-civico.org\/?p=2474#breadcrumb\"},\"inLanguage\":\"es-CO\",\"potentialAction\":[{\"@type\":\"ReadAction\",\"target\":[\"https:\/\/comite-civico.org\/?p=2474\"]}]},{\"@type\":\"ImageObject\",\"inLanguage\":\"es-CO\",\"@id\":\"https:\/\/comite-civico.org\/?p=2474#primaryimage\",\"url\":\"https:\/\/comite-civico.org\/wp-content\/uploads\/2025\/09\/RUTRAPORT.jpg\",\"contentUrl\":\"https:\/\/comite-civico.org\/wp-content\/uploads\/2025\/09\/RUTRAPORT.jpg\",\"width\":1920,\"height\":1080},{\"@type\":\"BreadcrumbList\",\"@id\":\"https:\/\/comite-civico.org\/?p=2474#breadcrumb\",\"itemListElement\":[{\"@type\":\"ListItem\",\"position\":1,\"name\":\"Inicio\",\"item\":\"https:\/\/comite-civico.org\/\"},{\"@type\":\"ListItem\",\"position\":2,\"name\":\"Rutraport: un paso hacia la dignificaci\u00f3n del trabajo portuario en Buenaventura\"}]},{\"@type\":\"WebSite\",\"@id\":\"https:\/\/comite-civico.org\/#website\",\"url\":\"https:\/\/comite-civico.org\/\",\"name\":\"Movimiento Social Paro C\u00edvico de Buenaventura\",\"description\":\"Movimiento Social Paro C\u00edvico de Buenaventura\",\"publisher\":{\"@id\":\"https:\/\/comite-civico.org\/#organization\"},\"potentialAction\":[{\"@type\":\"SearchAction\",\"target\":{\"@type\":\"EntryPoint\",\"urlTemplate\":\"https:\/\/comite-civico.org\/?s={search_term_string}\"},\"query-input\":{\"@type\":\"PropertyValueSpecification\",\"valueRequired\":true,\"valueName\":\"search_term_string\"}}],\"inLanguage\":\"es-CO\"},{\"@type\":\"Organization\",\"@id\":\"https:\/\/comite-civico.org\/#organization\",\"name\":\"Movimiento Social Paro C\u00edvico de Buenaventura\",\"url\":\"https:\/\/comite-civico.org\/\",\"logo\":{\"@type\":\"ImageObject\",\"inLanguage\":\"es-CO\",\"@id\":\"https:\/\/comite-civico.org\/#\/schema\/logo\/image\/\",\"url\":\"https:\/\/comite-civico.org\/wp-content\/uploads\/2021\/03\/Logo-de-Movimiento-Blanco-scaled.png\",\"contentUrl\":\"https:\/\/comite-civico.org\/wp-content\/uploads\/2021\/03\/Logo-de-Movimiento-Blanco-scaled.png\",\"width\":2560,\"height\":1810,\"caption\":\"Movimiento Social Paro C\u00edvico de Buenaventura\"},\"image\":{\"@id\":\"https:\/\/comite-civico.org\/#\/schema\/logo\/image\/\"}},{\"@type\":\"Person\",\"@id\":\"https:\/\/comite-civico.org\/#\/schema\/person\/eebdf569aa3565fa603cc9c5b53cea34\",\"name\":\"comiteadmin\",\"image\":{\"@type\":\"ImageObject\",\"inLanguage\":\"es-CO\",\"@id\":\"https:\/\/comite-civico.org\/#\/schema\/person\/image\/\",\"url\":\"https:\/\/secure.gravatar.com\/avatar\/516fb540621996b28f565fdf033072d55dd3fe76896ef4af5250b5fec1b457fe?s=96&d=mm&r=g\",\"contentUrl\":\"https:\/\/secure.gravatar.com\/avatar\/516fb540621996b28f565fdf033072d55dd3fe76896ef4af5250b5fec1b457fe?s=96&d=mm&r=g\",\"caption\":\"comiteadmin\"},\"sameAs\":[\"https:\/\/comite-civico.org\/\"],\"url\":\"https:\/\/comite-civico.org\/?author=1\"}]}<\/script>\n<!-- \/ Yoast SEO plugin. -->","yoast_head_json":{"title":"Rutraport: un paso hacia la dignificaci\u00f3n del trabajo portuario en Buenaventura - Movimiento Social Paro C\u00edvico de Buenaventura","robots":{"index":"index","follow":"follow","max-snippet":"max-snippet:-1","max-image-preview":"max-image-preview:large","max-video-preview":"max-video-preview:-1"},"canonical":"https:\/\/comite-civico.org\/?p=2474","og_locale":"es_ES","og_type":"article","og_title":"Rutraport: un paso hacia la dignificaci\u00f3n del trabajo portuario en Buenaventura - Movimiento Social Paro C\u00edvico de Buenaventura","og_description":"El pasado 3 de septiembre de 2025 se realiz\u00f3 en Buenaventura la socializaci\u00f3n de Rutraport, la nueva herramienta tecnol\u00f3gica del Ministerio de Trabajo que busca transformar las condiciones laborales en el sector portuario. Rutraport nace como un Registro \u00danico Portuario, construido con la participaci\u00f3n de trabajadores, organizaciones sindicales, el Comit\u00e9 del Paro C\u00edvico y el ... Leer m\u00e1s","og_url":"https:\/\/comite-civico.org\/?p=2474","og_site_name":"Movimiento Social Paro C\u00edvico de Buenaventura","article_published_time":"2025-09-04T20:17:59+00:00","article_modified_time":"2025-09-06T02:03:13+00:00","og_image":[{"width":1920,"height":1080,"url":"http:\/\/comite-civico.org\/wp-content\/uploads\/2025\/09\/RUTRAPORT.jpg","type":"image\/jpeg"}],"author":"comiteadmin","twitter_card":"summary_large_image","twitter_misc":{"Escrito por":"comiteadmin","Tiempo de lectura":"3 minutos"},"schema":{"@context":"https:\/\/schema.org","@graph":[{"@type":"Article","@id":"https:\/\/comite-civico.org\/?p=2474#article","isPartOf":{"@id":"https:\/\/comite-civico.org\/?p=2474"},"author":{"name":"comiteadmin","@id":"https:\/\/comite-civico.org\/#\/schema\/person\/eebdf569aa3565fa603cc9c5b53cea34"},"headline":"Rutraport: un paso hacia la dignificaci\u00f3n del trabajo portuario en Buenaventura","datePublished":"2025-09-04T20:17:59+00:00","dateModified":"2025-09-06T02:03:13+00:00","mainEntityOfPage":{"@id":"https:\/\/comite-civico.org\/?p=2474"},"wordCount":659,"commentCount":0,"publisher":{"@id":"https:\/\/comite-civico.org\/#organization"},"image":{"@id":"https:\/\/comite-civico.org\/?p=2474#primaryimage"},"thumbnailUrl":"https:\/\/comite-civico.org\/wp-content\/uploads\/2025\/09\/RUTRAPORT.jpg","inLanguage":"es-CO","potentialAction":[{"@type":"CommentAction","name":"Comment","target":["https:\/\/comite-civico.org\/?p=2474#respond"]}]},{"@type":"WebPage","@id":"https:\/\/comite-civico.org\/?p=2474","url":"https:\/\/comite-civico.org\/?p=2474","name":"Rutraport: un paso hacia la dignificaci\u00f3n del trabajo portuario en Buenaventura - Movimiento Social Paro C\u00edvico de Buenaventura","isPartOf":{"@id":"https:\/\/comite-civico.org\/#website"},"primaryImageOfPage":{"@id":"https:\/\/comite-civico.org\/?p=2474#primaryimage"},"image":{"@id":"https:\/\/comite-civico.org\/?p=2474#primaryimage"},"thumbnailUrl":"https:\/\/comite-civico.org\/wp-content\/uploads\/2025\/09\/RUTRAPORT.jpg","datePublished":"2025-09-04T20:17:59+00:00","dateModified":"2025-09-06T02:03:13+00:00","breadcrumb":{"@id":"https:\/\/comite-civico.org\/?p=2474#breadcrumb"},"inLanguage":"es-CO","potentialAction":[{"@type":"ReadAction","target":["https:\/\/comite-civico.org\/?p=2474"]}]},{"@type":"ImageObject","inLanguage":"es-CO","@id":"https:\/\/comite-civico.org\/?p=2474#primaryimage","url":"https:\/\/comite-civico.org\/wp-content\/uploads\/2025\/09\/RUTRAPORT.jpg","contentUrl":"https:\/\/comite-civico.org\/wp-content\/uploads\/2025\/09\/RUTRAPORT.jpg","width":1920,"height":1080},{"@type":"BreadcrumbList","@id":"https:\/\/comite-civico.org\/?p=2474#breadcrumb","itemListElement":[{"@type":"ListItem","position":1,"name":"Inicio","item":"https:\/\/comite-civico.org\/"},{"@type":"ListItem","position":2,"name":"Rutraport: un paso hacia la dignificaci\u00f3n del trabajo portuario en Buenaventura"}]},{"@type":"WebSite","@id":"https:\/\/comite-civico.org\/#website","url":"https:\/\/comite-civico.org\/","name":"Movimiento Social Paro C\u00edvico de Buenaventura","description":"Movimiento Social Paro C\u00edvico de Buenaventura","publisher":{"@id":"https:\/\/comite-civico.org\/#organization"},"potentialAction":[{"@type":"SearchAction","target":{"@type":"EntryPoint","urlTemplate":"https:\/\/comite-civico.org\/?s={search_term_string}"},"query-input":{"@type":"PropertyValueSpecification","valueRequired":true,"valueName":"search_term_string"}}],"inLanguage":"es-CO"},{"@type":"Organization","@id":"https:\/\/comite-civico.org\/#organization","name":"Movimiento Social Paro C\u00edvico de Buenaventura","url":"https:\/\/comite-civico.org\/","logo":{"@type":"ImageObject","inLanguage":"es-CO","@id":"https:\/\/comite-civico.org\/#\/schema\/logo\/image\/","url":"https:\/\/comite-civico.org\/wp-content\/uploads\/2021\/03\/Logo-de-Movimiento-Blanco-scaled.png","contentUrl":"https:\/\/comite-civico.org\/wp-content\/uploads\/2021\/03\/Logo-de-Movimiento-Blanco-scaled.png","width":2560,"height":1810,"caption":"Movimiento Social Paro C\u00edvico de Buenaventura"},"image":{"@id":"https:\/\/comite-civico.org\/#\/schema\/logo\/image\/"}},{"@type":"Person","@id":"https:\/\/comite-civico.org\/#\/schema\/person\/eebdf569aa3565fa603cc9c5b53cea34","name":"comiteadmin","image":{"@type":"ImageObject","inLanguage":"es-CO","@id":"https:\/\/comite-civico.org\/#\/schema\/person\/image\/","url":"https:\/\/secure.gravatar.com\/avatar\/516fb540621996b28f565fdf033072d55dd3fe76896ef4af5250b5fec1b457fe?s=96&d=mm&r=g","contentUrl":"https:\/\/secure.gravatar.com\/avatar\/516fb540621996b28f565fdf033072d55dd3fe76896ef4af5250b5fec1b457fe?s=96&d=mm&r=g","caption":"comiteadmin"},"sameAs":["https:\/\/comite-civico.org\/"],"url":"https:\/\/comite-civico.org\/?author=1"}]}},"_links":{"self":[{"href":"https:\/\/comite-civico.org\/index.php?rest_route=\/wp\/v2\/posts\/2474","targetHints":{"allow":["GET"]}}],"collection":[{"href":"https:\/\/comite-civico.org\/index.php?rest_route=\/wp\/v2\/posts"}],"about":[{"href":"https:\/\/comite-civico.org\/index.php?rest_route=\/wp\/v2\/types\/post"}],"author":[{"embeddable":true,"href":"https:\/\/comite-civico.org\/index.php?rest_route=\/wp\/v2\/users\/1"}],"replies":[{"embeddable":true,"href":"https:\/\/comite-civico.org\/index.php?rest_route=%2Fwp%2Fv2%2Fcomments&post=2474"}],"version-history":[{"count":50,"href":"https:\/\/comite-civico.org\/index.php?rest_route=\/wp\/v2\/posts\/2474\/revisions"}],"predecessor-version":[{"id":2550,"href":"https:\/\/comite-civico.org\/index.php?rest_route=\/wp\/v2\/posts\/2474\/revisions\/2550"}],"wp:featuredmedia":[{"embeddable":true,"href":"https:\/\/comite-civico.org\/index.php?rest_route=\/wp\/v2\/media\/2521"}],"wp:attachment":[{"href":"https:\/\/comite-civico.org\/index.php?rest_route=%2Fwp%2Fv2%2Fmedia&parent=2474"}],"wp:term":[{"taxonomy":"category","embeddable":true,"href":"https:\/\/comite-civico.org\/index.php?rest_route=%2Fwp%2Fv2%2Fcategories&post=2474"},{"taxonomy":"post_tag","embeddable":true,"href":"https:\/\/comite-civico.org\/index.php?rest_route=%2Fwp%2Fv2%2Ftags&post=2474"}],"curies":[{"name":"wp","href":"https:\/\/api.w.org\/{rel}","templated":true}]}}