{"id":2447,"date":"2025-09-01T16:12:13","date_gmt":"2025-09-01T21:12:13","guid":{"rendered":"https:\/\/comite-civico.org\/?p=2447"},"modified":"2025-09-01T16:12:14","modified_gmt":"2025-09-01T21:12:14","slug":"asamblea-del-paro-civico-reafirma-la-fuerza-comunitaria-y-la-unidad-de-buenaventura","status":"publish","type":"post","link":"https:\/\/comite-civico.org\/?p=2447","title":{"rendered":"Asamblea del Paro C\u00edvico reafirma la fuerza comunitaria y la unidad de Buenaventura"},"content":{"rendered":"\t\t<div data-elementor-type=\"wp-post\" data-elementor-id=\"2447\" class=\"elementor elementor-2447\" data-elementor-post-type=\"post\">\n\t\t\t\t\t\t<section data-particle_enable=\"false\" data-particle-mobile-disabled=\"false\" class=\"elementor-section elementor-top-section elementor-element elementor-element-b491d86 elementor-section-boxed elementor-section-height-default elementor-section-height-default\" data-id=\"b491d86\" data-element_type=\"section\" data-settings=\"{&quot;jet_parallax_layout_list&quot;:[]}\">\n\t\t\t\t\t\t<div class=\"elementor-container elementor-column-gap-default\">\n\t\t\t\t\t<div class=\"elementor-column elementor-col-100 elementor-top-column elementor-element elementor-element-636a2be\" data-id=\"636a2be\" data-element_type=\"column\">\n\t\t\t<div class=\"elementor-widget-wrap elementor-element-populated\">\n\t\t\t\t\t\t<div class=\"elementor-element elementor-element-2d4ffb3 dce_masking-none elementor-widget elementor-widget-image\" data-id=\"2d4ffb3\" data-element_type=\"widget\" data-widget_type=\"image.default\">\n\t\t\t\t<div class=\"elementor-widget-container\">\n\t\t\t\t\t\t\t\t\t\t\t\t\t\t\t<img fetchpriority=\"high\" decoding=\"async\" width=\"2048\" height=\"1152\" src=\"https:\/\/comite-civico.org\/wp-content\/uploads\/2025\/09\/536284763_1100667585598924_4092913937543670909_n-1.jpg\" class=\"attachment-full size-full wp-image-2451\" alt=\"\" srcset=\"https:\/\/comite-civico.org\/wp-content\/uploads\/2025\/09\/536284763_1100667585598924_4092913937543670909_n-1.jpg 2048w, https:\/\/comite-civico.org\/wp-content\/uploads\/2025\/09\/536284763_1100667585598924_4092913937543670909_n-1-300x169.jpg 300w, https:\/\/comite-civico.org\/wp-content\/uploads\/2025\/09\/536284763_1100667585598924_4092913937543670909_n-1-1024x576.jpg 1024w, https:\/\/comite-civico.org\/wp-content\/uploads\/2025\/09\/536284763_1100667585598924_4092913937543670909_n-1-768x432.jpg 768w, https:\/\/comite-civico.org\/wp-content\/uploads\/2025\/09\/536284763_1100667585598924_4092913937543670909_n-1-1536x864.jpg 1536w\" sizes=\"(max-width: 2048px) 100vw, 2048px\" \/>\t\t\t\t\t\t\t\t\t\t\t\t\t\t\t<\/div>\n\t\t\t\t<\/div>\n\t\t\t\t\t<\/div>\n\t\t<\/div>\n\t\t\t\t\t<\/div>\n\t\t<\/section>\n\t\t\t\t<section data-particle_enable=\"false\" data-particle-mobile-disabled=\"false\" class=\"elementor-section elementor-top-section elementor-element elementor-element-0f372fe elementor-section-boxed elementor-section-height-default elementor-section-height-default\" data-id=\"0f372fe\" data-element_type=\"section\" data-settings=\"{&quot;jet_parallax_layout_list&quot;:[]}\">\n\t\t\t\t\t\t<div class=\"elementor-container elementor-column-gap-default\">\n\t\t\t\t\t<div class=\"elementor-column elementor-col-50 elementor-top-column elementor-element elementor-element-8132efe\" data-id=\"8132efe\" data-element_type=\"column\">\n\t\t\t<div class=\"elementor-widget-wrap elementor-element-populated\">\n\t\t\t\t\t\t<div class=\"elementor-element elementor-element-b7ce144 elementor-widget elementor-widget-text-editor\" data-id=\"b7ce144\" data-element_type=\"widget\" data-widget_type=\"text-editor.default\">\n\t\t\t\t<div class=\"elementor-widget-container\">\n\t\t\t\t\t\t\t\t\t<p>Con la participaci\u00f3n de m\u00e1s de 280 organizaciones sociales, el\u00a0<strong>Movimiento Social Paro C\u00edvico de Buenaventura<\/strong>\u00a0realiz\u00f3 | gran asamblea para socializar los avances de los acuerdos y proyectar nuevas estrategias de lucha comunitaria en defensa de la dignidad y el bienestar del territorio.<\/p><p>El encuentro sirvi\u00f3 para renovar el compromiso con la comunidad, fortalecer la veedur\u00eda ciudadana y recordar que el Paro C\u00edvico sigue m\u00e1s vivo que nunca.<\/p><p>Voces de la Asamblea<\/p><p>El\u00a0<strong>Pbro. Jhon Reina Ram\u00edrez<\/strong>, vocero del Movimiento Paro C\u00edvico de Buenaventura, destac\u00f3 que este espacio fue clave para acercar al pueblo con el proceso organizativo:<\/p><p><em>\u201cLa asamblea nos ha permitido socializar los avances de los acuerdos y renovar el acercamiento entre comunidad y comit\u00e9. La gente sigue viva, con disposici\u00f3n de escucharnos y seguir luchando por el bienestar del territorio\u201d.<\/em><\/p><p>Por su parte,\u00a0<strong>Danelly Estupi\u00f1\u00e1n<\/strong>, integrante del Proceso de Comunidades Negras (PCN) y de la Mesa de Derechos Humanos, resalt\u00f3 la importancia de la veedur\u00eda ciudadana:<\/p><p><em>\u201cEs fundamental que la comunidad se mantenga informada y ejerza control social sobre el cumplimiento de los acuerdos. El comit\u00e9 somos todos, porque el Paro C\u00edvico pertenece a toda Buenaventura\u201d.<\/em><\/p><p>El liderazgo juvenil tambi\u00e9n se hizo sentir.\u00a0<strong>Gustavo Castillo<\/strong>, de la organizaci\u00f3n\u00a0<em>J\u00f3venes a Defender Nuestra Buenaventura y el Pac\u00edfico<\/em>, expres\u00f3:<\/p><p><em>\u201cComo j\u00f3venes queremos conocer de primera mano los avances, pero tambi\u00e9n tener espacios de participaci\u00f3n. El futuro del Paro C\u00edvico tambi\u00e9n es nuestro, porque so\u00f1amos con una Buenaventura digna y en paz\u201d.<\/em><\/p><p>Desde el sector laboral,\u00a0<strong>David Hurtado Valencia<\/strong>, secretario del Consejo Laboral Afrocolombiano de Buenaventura, llam\u00f3 la atenci\u00f3n sobre los retos frente a la respuesta estatal:<\/p><p><em>\u201cEste proceso nos muestra el abandono hist\u00f3rico del Estado. A pesar de los esfuerzos comunitarios, las respuestas han sido lentas. Solo hasta ahora, con el gobierno actual, se han empezado a mover los acuerdos que son ley\u201d.<\/em><\/p><p>Finalmente,\u00a0<strong>Mar\u00eda Miyela Riascos<\/strong>, de la Fundaci\u00f3n ARIB\u00cd, resalt\u00f3 el valor del trabajo colectivo y las proyecciones del proceso:<\/p><p><em>\u201cLa asamblea nos deja grandes aprendizajes y la certeza de que debemos seguir ejerciendo veedur\u00eda directa. Relanzamos el movimiento con m\u00e1s fuerza, porque el Paro C\u00edvico est\u00e1 m\u00e1s vivo que nunca\u201d.<\/em><\/p><p>Un proceso que sigue firme<\/p><p>Tras m\u00e1s de ocho a\u00f1os de camino, el Movimiento Social Paro C\u00edvico reafirm\u00f3 que la lucha por la dignidad de Buenaventura contin\u00faa. La asamblea no solo permiti\u00f3 evaluar avances y dificultades, sino tambi\u00e9n proyectar nuevas estrategias colectivas para exigir el cumplimiento de los acuerdos y fortalecer la participaci\u00f3n ciudadana.<\/p><p>El mensaje fue contundente:\u00a0<strong>el Paro C\u00edvico es de toda la comunidad<\/strong>\u00a0y solo con unidad ser\u00e1 posible alcanzar la paz, el bienestar y la justicia social que Buenaventura merece.<\/p><p>\u00a0<\/p>\t\t\t\t\t\t\t\t<\/div>\n\t\t\t\t<\/div>\n\t\t\t\t\t<\/div>\n\t\t<\/div>\n\t\t\t\t<div class=\"elementor-column elementor-col-50 elementor-top-column elementor-element elementor-element-1851349\" data-id=\"1851349\" data-element_type=\"column\">\n\t\t\t<div class=\"elementor-widget-wrap elementor-element-populated\">\n\t\t\t\t\t\t<div class=\"elementor-element elementor-element-3313b16 dce_masking-none elementor-widget elementor-widget-image\" data-id=\"3313b16\" data-element_type=\"widget\" data-widget_type=\"image.default\">\n\t\t\t\t<div class=\"elementor-widget-container\">\n\t\t\t\t\t\t\t\t\t\t\t\t\t\t\t<img decoding=\"async\" width=\"1024\" height=\"609\" src=\"https:\/\/comite-civico.org\/wp-content\/uploads\/2025\/09\/539002232_1100669845598698_7806759864896386272_n-1024x609.jpg\" class=\"attachment-large size-large wp-image-2438\" alt=\"\" srcset=\"https:\/\/comite-civico.org\/wp-content\/uploads\/2025\/09\/539002232_1100669845598698_7806759864896386272_n-1024x609.jpg 1024w, https:\/\/comite-civico.org\/wp-content\/uploads\/2025\/09\/539002232_1100669845598698_7806759864896386272_n-300x178.jpg 300w, https:\/\/comite-civico.org\/wp-content\/uploads\/2025\/09\/539002232_1100669845598698_7806759864896386272_n-768x457.jpg 768w, https:\/\/comite-civico.org\/wp-content\/uploads\/2025\/09\/539002232_1100669845598698_7806759864896386272_n-1536x914.jpg 1536w, https:\/\/comite-civico.org\/wp-content\/uploads\/2025\/09\/539002232_1100669845598698_7806759864896386272_n.jpg 2048w\" sizes=\"(max-width: 1024px) 100vw, 1024px\" \/>\t\t\t\t\t\t\t\t\t\t\t\t\t\t\t<\/div>\n\t\t\t\t<\/div>\n\t\t\t\t<div class=\"elementor-element elementor-element-91eff45 dce_masking-none elementor-widget elementor-widget-image\" data-id=\"91eff45\" data-element_type=\"widget\" data-widget_type=\"image.default\">\n\t\t\t\t<div class=\"elementor-widget-container\">\n\t\t\t\t\t\t\t\t\t\t\t\t\t\t\t<img decoding=\"async\" width=\"1024\" height=\"576\" src=\"https:\/\/comite-civico.org\/wp-content\/uploads\/2025\/09\/538614070_1100671878931828_2103974804617706277_n-1-1024x576.jpg\" class=\"attachment-large size-large wp-image-2435\" alt=\"\" srcset=\"https:\/\/comite-civico.org\/wp-content\/uploads\/2025\/09\/538614070_1100671878931828_2103974804617706277_n-1-1024x576.jpg 1024w, https:\/\/comite-civico.org\/wp-content\/uploads\/2025\/09\/538614070_1100671878931828_2103974804617706277_n-1-300x169.jpg 300w, https:\/\/comite-civico.org\/wp-content\/uploads\/2025\/09\/538614070_1100671878931828_2103974804617706277_n-1-768x432.jpg 768w, https:\/\/comite-civico.org\/wp-content\/uploads\/2025\/09\/538614070_1100671878931828_2103974804617706277_n-1-1536x864.jpg 1536w, https:\/\/comite-civico.org\/wp-content\/uploads\/2025\/09\/538614070_1100671878931828_2103974804617706277_n-1.jpg 2048w\" sizes=\"(max-width: 1024px) 100vw, 1024px\" \/>\t\t\t\t\t\t\t\t\t\t\t\t\t\t\t<\/div>\n\t\t\t\t<\/div>\n\t\t\t\t<div class=\"elementor-element elementor-element-eb5d4c3 dce_masking-none elementor-widget elementor-widget-image\" data-id=\"eb5d4c3\" data-element_type=\"widget\" data-widget_type=\"image.default\">\n\t\t\t\t<div class=\"elementor-widget-container\">\n\t\t\t\t\t\t\t\t\t\t\t\t\t\t\t<img loading=\"lazy\" decoding=\"async\" width=\"1024\" height=\"630\" src=\"https:\/\/comite-civico.org\/wp-content\/uploads\/2025\/09\/536281684_1100670098932006_3348381146445537419_n-1024x630.jpg\" class=\"attachment-large size-large wp-image-2429\" alt=\"\" srcset=\"https:\/\/comite-civico.org\/wp-content\/uploads\/2025\/09\/536281684_1100670098932006_3348381146445537419_n-1024x630.jpg 1024w, https:\/\/comite-civico.org\/wp-content\/uploads\/2025\/09\/536281684_1100670098932006_3348381146445537419_n-300x184.jpg 300w, https:\/\/comite-civico.org\/wp-content\/uploads\/2025\/09\/536281684_1100670098932006_3348381146445537419_n-768x472.jpg 768w, https:\/\/comite-civico.org\/wp-content\/uploads\/2025\/09\/536281684_1100670098932006_3348381146445537419_n-1536x944.jpg 1536w, https:\/\/comite-civico.org\/wp-content\/uploads\/2025\/09\/536281684_1100670098932006_3348381146445537419_n.jpg 2048w\" sizes=\"(max-width: 1024px) 100vw, 1024px\" \/>\t\t\t\t\t\t\t\t\t\t\t\t\t\t\t<\/div>\n\t\t\t\t<\/div>\n\t\t\t\t<div class=\"elementor-element elementor-element-d1072d9 dce_masking-none elementor-widget elementor-widget-image\" data-id=\"d1072d9\" data-element_type=\"widget\" data-widget_type=\"image.default\">\n\t\t\t\t<div class=\"elementor-widget-container\">\n\t\t\t\t\t\t\t\t\t\t\t\t\t\t\t<img loading=\"lazy\" decoding=\"async\" width=\"1024\" height=\"576\" src=\"https:\/\/comite-civico.org\/wp-content\/uploads\/2025\/09\/538780192_1100667845598898_391950387968700191_n-1024x576.jpg\" class=\"attachment-large size-large wp-image-2437\" alt=\"\" srcset=\"https:\/\/comite-civico.org\/wp-content\/uploads\/2025\/09\/538780192_1100667845598898_391950387968700191_n-1024x576.jpg 1024w, https:\/\/comite-civico.org\/wp-content\/uploads\/2025\/09\/538780192_1100667845598898_391950387968700191_n-300x169.jpg 300w, https:\/\/comite-civico.org\/wp-content\/uploads\/2025\/09\/538780192_1100667845598898_391950387968700191_n-768x432.jpg 768w, https:\/\/comite-civico.org\/wp-content\/uploads\/2025\/09\/538780192_1100667845598898_391950387968700191_n-1536x864.jpg 1536w, https:\/\/comite-civico.org\/wp-content\/uploads\/2025\/09\/538780192_1100667845598898_391950387968700191_n.jpg 2048w\" sizes=\"(max-width: 1024px) 100vw, 1024px\" \/>\t\t\t\t\t\t\t\t\t\t\t\t\t\t\t<\/div>\n\t\t\t\t<\/div>\n\t\t\t\t<div class=\"elementor-element elementor-element-2ef2a66 dce_masking-none elementor-widget elementor-widget-image\" data-id=\"2ef2a66\" data-element_type=\"widget\" data-widget_type=\"image.default\">\n\t\t\t\t<div class=\"elementor-widget-container\">\n\t\t\t\t\t\t\t\t\t\t\t\t\t\t\t<img loading=\"lazy\" decoding=\"async\" width=\"1024\" height=\"630\" src=\"https:\/\/comite-civico.org\/wp-content\/uploads\/2025\/09\/538599727_1100671415598541_1018172324694490251_n-1024x630.jpg\" class=\"attachment-large size-large wp-image-2434\" alt=\"\" srcset=\"https:\/\/comite-civico.org\/wp-content\/uploads\/2025\/09\/538599727_1100671415598541_1018172324694490251_n-1024x630.jpg 1024w, https:\/\/comite-civico.org\/wp-content\/uploads\/2025\/09\/538599727_1100671415598541_1018172324694490251_n-300x184.jpg 300w, https:\/\/comite-civico.org\/wp-content\/uploads\/2025\/09\/538599727_1100671415598541_1018172324694490251_n-768x472.jpg 768w, https:\/\/comite-civico.org\/wp-content\/uploads\/2025\/09\/538599727_1100671415598541_1018172324694490251_n-1536x944.jpg 1536w, https:\/\/comite-civico.org\/wp-content\/uploads\/2025\/09\/538599727_1100671415598541_1018172324694490251_n.jpg 2048w\" sizes=\"(max-width: 1024px) 100vw, 1024px\" \/>\t\t\t\t\t\t\t\t\t\t\t\t\t\t\t<\/div>\n\t\t\t\t<\/div>\n\t\t\t\t\t<\/div>\n\t\t<\/div>\n\t\t\t\t\t<\/div>\n\t\t<\/section>\n\t\t\t\t<section data-particle_enable=\"false\" data-particle-mobile-disabled=\"false\" class=\"elementor-section elementor-top-section elementor-element elementor-element-dd0aa66 elementor-section-boxed elementor-section-height-default elementor-section-height-default\" data-id=\"dd0aa66\" data-element_type=\"section\" data-settings=\"{&quot;jet_parallax_layout_list&quot;:[]}\">\n\t\t\t\t\t\t<div class=\"elementor-container elementor-column-gap-default\">\n\t\t\t\t\t<div class=\"elementor-column elementor-col-100 elementor-top-column elementor-element elementor-element-03259b9\" data-id=\"03259b9\" data-element_type=\"column\">\n\t\t\t<div class=\"elementor-widget-wrap elementor-element-populated\">\n\t\t\t\t\t\t<div class=\"elementor-element elementor-element-cfc2cce dce_masking-none elementor-widget elementor-widget-video\" data-id=\"cfc2cce\" data-element_type=\"widget\" data-settings=\"{&quot;youtube_url&quot;:&quot;https:\\\/\\\/youtu.be\\\/2ZAxtpQzqHw&quot;,&quot;video_type&quot;:&quot;youtube&quot;,&quot;controls&quot;:&quot;yes&quot;}\" data-widget_type=\"video.default\">\n\t\t\t\t<div class=\"elementor-widget-container\">\n\t\t\t\t\t\t\t<div class=\"elementor-wrapper elementor-open-inline\">\n\t\t\t<div class=\"elementor-video\"><\/div>\t\t<\/div>\n\t\t\t\t\t\t<\/div>\n\t\t\t\t<\/div>\n\t\t\t\t\t<\/div>\n\t\t<\/div>\n\t\t\t\t\t<\/div>\n\t\t<\/section>\n\t\t\t\t<section data-particle_enable=\"false\" data-particle-mobile-disabled=\"false\" class=\"elementor-section elementor-top-section elementor-element elementor-element-1f70a51 elementor-section-boxed elementor-section-height-default elementor-section-height-default\" data-id=\"1f70a51\" data-element_type=\"section\" data-settings=\"{&quot;jet_parallax_layout_list&quot;:[]}\">\n\t\t\t\t\t\t<div class=\"elementor-container elementor-column-gap-default\">\n\t\t\t\t\t<div class=\"elementor-column elementor-col-100 elementor-top-column elementor-element elementor-element-8962a07\" data-id=\"8962a07\" data-element_type=\"column\">\n\t\t\t<div class=\"elementor-widget-wrap elementor-element-populated\">\n\t\t\t\t\t\t<div class=\"elementor-element elementor-element-e0c5723 dce_masking-none elementor-widget elementor-widget-video\" data-id=\"e0c5723\" data-element_type=\"widget\" data-settings=\"{&quot;youtube_url&quot;:&quot;https:\\\/\\\/web.facebook.com\\\/COMITEPAROCIVICOBUENAVENTURA\\\/videos\\\/746796871573034&quot;,&quot;video_type&quot;:&quot;youtube&quot;,&quot;controls&quot;:&quot;yes&quot;}\" data-widget_type=\"video.default\">\n\t\t\t\t<div class=\"elementor-widget-container\">\n\t\t\t\t\t\t\t<div class=\"elementor-wrapper elementor-open-inline\">\n\t\t\t<div class=\"elementor-video\"><\/div>\t\t<\/div>\n\t\t\t\t\t\t<\/div>\n\t\t\t\t<\/div>\n\t\t\t\t\t<\/div>\n\t\t<\/div>\n\t\t\t\t\t<\/div>\n\t\t<\/section>\n\t\t\t\t<\/div>\n\t\t","protected":false},"excerpt":{"rendered":"<p>Con la participaci\u00f3n de m\u00e1s de 280 organizaciones sociales, el\u00a0Movimiento Social Paro C\u00edvico de Buenaventura\u00a0realiz\u00f3 | gran asamblea para socializar los avances de los acuerdos y proyectar nuevas estrategias de lucha comunitaria en defensa de la dignidad y el bienestar del territorio. El encuentro sirvi\u00f3 para renovar el compromiso con la comunidad, fortalecer la veedur\u00eda &#8230; <a title=\"Asamblea del Paro C\u00edvico reafirma la fuerza comunitaria y la unidad de Buenaventura\" class=\"read-more\" href=\"https:\/\/comite-civico.org\/?p=2447\" aria-label=\"Read more about Asamblea del Paro C\u00edvico reafirma la fuerza comunitaria y la unidad de Buenaventura\">Leer m\u00e1s<\/a><\/p>\n","protected":false},"author":1,"featured_media":2450,"comment_status":"open","ping_status":"open","sticky":false,"template":"elementor_canvas","format":"standard","meta":{"footnotes":""},"categories":[1],"tags":[],"class_list":["post-2447","post","type-post","status-publish","format-standard","has-post-thumbnail","hentry","category-sin-categoria"],"acf":[],"yoast_head":"<!-- This site is optimized with the Yoast SEO plugin v25.0 - https:\/\/yoast.com\/wordpress\/plugins\/seo\/ -->\n<title>Asamblea del Paro C\u00edvico reafirma la fuerza comunitaria y la unidad de Buenaventura - Movimiento Social Paro C\u00edvico de Buenaventura<\/title>\n<meta name=\"robots\" content=\"index, follow, max-snippet:-1, max-image-preview:large, max-video-preview:-1\" \/>\n<link rel=\"canonical\" href=\"https:\/\/comite-civico.org\/?p=2447\" \/>\n<meta property=\"og:locale\" content=\"es_ES\" \/>\n<meta property=\"og:type\" content=\"article\" \/>\n<meta property=\"og:title\" content=\"Asamblea del Paro C\u00edvico reafirma la fuerza comunitaria y la unidad de Buenaventura - Movimiento Social Paro C\u00edvico de Buenaventura\" \/>\n<meta property=\"og:description\" content=\"Con la participaci\u00f3n de m\u00e1s de 280 organizaciones sociales, el\u00a0Movimiento Social Paro C\u00edvico de Buenaventura\u00a0realiz\u00f3 | gran asamblea para socializar los avances de los acuerdos y proyectar nuevas estrategias de lucha comunitaria en defensa de la dignidad y el bienestar del territorio. El encuentro sirvi\u00f3 para renovar el compromiso con la comunidad, fortalecer la veedur\u00eda ... Leer m\u00e1s\" \/>\n<meta property=\"og:url\" content=\"https:\/\/comite-civico.org\/?p=2447\" \/>\n<meta property=\"og:site_name\" content=\"Movimiento Social Paro C\u00edvico de Buenaventura\" \/>\n<meta property=\"article:published_time\" content=\"2025-09-01T21:12:13+00:00\" \/>\n<meta property=\"article:modified_time\" content=\"2025-09-01T21:12:14+00:00\" \/>\n<meta property=\"og:image\" content=\"http:\/\/comite-civico.org\/wp-content\/uploads\/2025\/09\/001-1.jpg\" \/>\n\t<meta property=\"og:image:width\" content=\"1920\" \/>\n\t<meta property=\"og:image:height\" content=\"1080\" \/>\n\t<meta property=\"og:image:type\" content=\"image\/jpeg\" \/>\n<meta name=\"author\" content=\"comiteadmin\" \/>\n<meta name=\"twitter:card\" content=\"summary_large_image\" \/>\n<meta name=\"twitter:label1\" content=\"Escrito por\" \/>\n\t<meta name=\"twitter:data1\" content=\"comiteadmin\" \/>\n\t<meta name=\"twitter:label2\" content=\"Tiempo de lectura\" \/>\n\t<meta name=\"twitter:data2\" content=\"4 minutos\" \/>\n<script type=\"application\/ld+json\" class=\"yoast-schema-graph\">{\"@context\":\"https:\/\/schema.org\",\"@graph\":[{\"@type\":\"Article\",\"@id\":\"https:\/\/comite-civico.org\/?p=2447#article\",\"isPartOf\":{\"@id\":\"https:\/\/comite-civico.org\/?p=2447\"},\"author\":{\"name\":\"comiteadmin\",\"@id\":\"https:\/\/comite-civico.org\/#\/schema\/person\/eebdf569aa3565fa603cc9c5b53cea34\"},\"headline\":\"Asamblea del Paro C\u00edvico reafirma la fuerza comunitaria y la unidad de Buenaventura\",\"datePublished\":\"2025-09-01T21:12:13+00:00\",\"dateModified\":\"2025-09-01T21:12:14+00:00\",\"mainEntityOfPage\":{\"@id\":\"https:\/\/comite-civico.org\/?p=2447\"},\"wordCount\":497,\"commentCount\":0,\"publisher\":{\"@id\":\"https:\/\/comite-civico.org\/#organization\"},\"image\":{\"@id\":\"https:\/\/comite-civico.org\/?p=2447#primaryimage\"},\"thumbnailUrl\":\"https:\/\/comite-civico.org\/wp-content\/uploads\/2025\/09\/001-1.jpg\",\"inLanguage\":\"es-CO\",\"potentialAction\":[{\"@type\":\"CommentAction\",\"name\":\"Comment\",\"target\":[\"https:\/\/comite-civico.org\/?p=2447#respond\"]}]},{\"@type\":\"WebPage\",\"@id\":\"https:\/\/comite-civico.org\/?p=2447\",\"url\":\"https:\/\/comite-civico.org\/?p=2447\",\"name\":\"Asamblea del Paro C\u00edvico reafirma la fuerza comunitaria y la unidad de Buenaventura - Movimiento Social Paro C\u00edvico de Buenaventura\",\"isPartOf\":{\"@id\":\"https:\/\/comite-civico.org\/#website\"},\"primaryImageOfPage\":{\"@id\":\"https:\/\/comite-civico.org\/?p=2447#primaryimage\"},\"image\":{\"@id\":\"https:\/\/comite-civico.org\/?p=2447#primaryimage\"},\"thumbnailUrl\":\"https:\/\/comite-civico.org\/wp-content\/uploads\/2025\/09\/001-1.jpg\",\"datePublished\":\"2025-09-01T21:12:13+00:00\",\"dateModified\":\"2025-09-01T21:12:14+00:00\",\"breadcrumb\":{\"@id\":\"https:\/\/comite-civico.org\/?p=2447#breadcrumb\"},\"inLanguage\":\"es-CO\",\"potentialAction\":[{\"@type\":\"ReadAction\",\"target\":[\"https:\/\/comite-civico.org\/?p=2447\"]}]},{\"@type\":\"ImageObject\",\"inLanguage\":\"es-CO\",\"@id\":\"https:\/\/comite-civico.org\/?p=2447#primaryimage\",\"url\":\"https:\/\/comite-civico.org\/wp-content\/uploads\/2025\/09\/001-1.jpg\",\"contentUrl\":\"https:\/\/comite-civico.org\/wp-content\/uploads\/2025\/09\/001-1.jpg\",\"width\":1920,\"height\":1080},{\"@type\":\"BreadcrumbList\",\"@id\":\"https:\/\/comite-civico.org\/?p=2447#breadcrumb\",\"itemListElement\":[{\"@type\":\"ListItem\",\"position\":1,\"name\":\"Inicio\",\"item\":\"https:\/\/comite-civico.org\/\"},{\"@type\":\"ListItem\",\"position\":2,\"name\":\"Asamblea del Paro C\u00edvico reafirma la fuerza comunitaria y la unidad de Buenaventura\"}]},{\"@type\":\"WebSite\",\"@id\":\"https:\/\/comite-civico.org\/#website\",\"url\":\"https:\/\/comite-civico.org\/\",\"name\":\"Movimiento Social Paro C\u00edvico de Buenaventura\",\"description\":\"Movimiento Social Paro C\u00edvico de Buenaventura\",\"publisher\":{\"@id\":\"https:\/\/comite-civico.org\/#organization\"},\"potentialAction\":[{\"@type\":\"SearchAction\",\"target\":{\"@type\":\"EntryPoint\",\"urlTemplate\":\"https:\/\/comite-civico.org\/?s={search_term_string}\"},\"query-input\":{\"@type\":\"PropertyValueSpecification\",\"valueRequired\":true,\"valueName\":\"search_term_string\"}}],\"inLanguage\":\"es-CO\"},{\"@type\":\"Organization\",\"@id\":\"https:\/\/comite-civico.org\/#organization\",\"name\":\"Movimiento Social Paro C\u00edvico de Buenaventura\",\"url\":\"https:\/\/comite-civico.org\/\",\"logo\":{\"@type\":\"ImageObject\",\"inLanguage\":\"es-CO\",\"@id\":\"https:\/\/comite-civico.org\/#\/schema\/logo\/image\/\",\"url\":\"https:\/\/comite-civico.org\/wp-content\/uploads\/2021\/03\/Logo-de-Movimiento-Blanco-scaled.png\",\"contentUrl\":\"https:\/\/comite-civico.org\/wp-content\/uploads\/2021\/03\/Logo-de-Movimiento-Blanco-scaled.png\",\"width\":2560,\"height\":1810,\"caption\":\"Movimiento Social Paro C\u00edvico de Buenaventura\"},\"image\":{\"@id\":\"https:\/\/comite-civico.org\/#\/schema\/logo\/image\/\"}},{\"@type\":\"Person\",\"@id\":\"https:\/\/comite-civico.org\/#\/schema\/person\/eebdf569aa3565fa603cc9c5b53cea34\",\"name\":\"comiteadmin\",\"image\":{\"@type\":\"ImageObject\",\"inLanguage\":\"es-CO\",\"@id\":\"https:\/\/comite-civico.org\/#\/schema\/person\/image\/\",\"url\":\"https:\/\/secure.gravatar.com\/avatar\/516fb540621996b28f565fdf033072d55dd3fe76896ef4af5250b5fec1b457fe?s=96&d=mm&r=g\",\"contentUrl\":\"https:\/\/secure.gravatar.com\/avatar\/516fb540621996b28f565fdf033072d55dd3fe76896ef4af5250b5fec1b457fe?s=96&d=mm&r=g\",\"caption\":\"comiteadmin\"},\"sameAs\":[\"https:\/\/comite-civico.org\/\"],\"url\":\"https:\/\/comite-civico.org\/?author=1\"}]}<\/script>\n<!-- \/ Yoast SEO plugin. -->","yoast_head_json":{"title":"Asamblea del Paro C\u00edvico reafirma la fuerza comunitaria y la unidad de Buenaventura - Movimiento Social Paro C\u00edvico de Buenaventura","robots":{"index":"index","follow":"follow","max-snippet":"max-snippet:-1","max-image-preview":"max-image-preview:large","max-video-preview":"max-video-preview:-1"},"canonical":"https:\/\/comite-civico.org\/?p=2447","og_locale":"es_ES","og_type":"article","og_title":"Asamblea del Paro C\u00edvico reafirma la fuerza comunitaria y la unidad de Buenaventura - Movimiento Social Paro C\u00edvico de Buenaventura","og_description":"Con la participaci\u00f3n de m\u00e1s de 280 organizaciones sociales, el\u00a0Movimiento Social Paro C\u00edvico de Buenaventura\u00a0realiz\u00f3 | gran asamblea para socializar los avances de los acuerdos y proyectar nuevas estrategias de lucha comunitaria en defensa de la dignidad y el bienestar del territorio. El encuentro sirvi\u00f3 para renovar el compromiso con la comunidad, fortalecer la veedur\u00eda ... Leer m\u00e1s","og_url":"https:\/\/comite-civico.org\/?p=2447","og_site_name":"Movimiento Social Paro C\u00edvico de Buenaventura","article_published_time":"2025-09-01T21:12:13+00:00","article_modified_time":"2025-09-01T21:12:14+00:00","og_image":[{"width":1920,"height":1080,"url":"http:\/\/comite-civico.org\/wp-content\/uploads\/2025\/09\/001-1.jpg","type":"image\/jpeg"}],"author":"comiteadmin","twitter_card":"summary_large_image","twitter_misc":{"Escrito por":"comiteadmin","Tiempo de lectura":"4 minutos"},"schema":{"@context":"https:\/\/schema.org","@graph":[{"@type":"Article","@id":"https:\/\/comite-civico.org\/?p=2447#article","isPartOf":{"@id":"https:\/\/comite-civico.org\/?p=2447"},"author":{"name":"comiteadmin","@id":"https:\/\/comite-civico.org\/#\/schema\/person\/eebdf569aa3565fa603cc9c5b53cea34"},"headline":"Asamblea del Paro C\u00edvico reafirma la fuerza comunitaria y la unidad de Buenaventura","datePublished":"2025-09-01T21:12:13+00:00","dateModified":"2025-09-01T21:12:14+00:00","mainEntityOfPage":{"@id":"https:\/\/comite-civico.org\/?p=2447"},"wordCount":497,"commentCount":0,"publisher":{"@id":"https:\/\/comite-civico.org\/#organization"},"image":{"@id":"https:\/\/comite-civico.org\/?p=2447#primaryimage"},"thumbnailUrl":"https:\/\/comite-civico.org\/wp-content\/uploads\/2025\/09\/001-1.jpg","inLanguage":"es-CO","potentialAction":[{"@type":"CommentAction","name":"Comment","target":["https:\/\/comite-civico.org\/?p=2447#respond"]}]},{"@type":"WebPage","@id":"https:\/\/comite-civico.org\/?p=2447","url":"https:\/\/comite-civico.org\/?p=2447","name":"Asamblea del Paro C\u00edvico reafirma la fuerza comunitaria y la unidad de Buenaventura - Movimiento Social Paro C\u00edvico de Buenaventura","isPartOf":{"@id":"https:\/\/comite-civico.org\/#website"},"primaryImageOfPage":{"@id":"https:\/\/comite-civico.org\/?p=2447#primaryimage"},"image":{"@id":"https:\/\/comite-civico.org\/?p=2447#primaryimage"},"thumbnailUrl":"https:\/\/comite-civico.org\/wp-content\/uploads\/2025\/09\/001-1.jpg","datePublished":"2025-09-01T21:12:13+00:00","dateModified":"2025-09-01T21:12:14+00:00","breadcrumb":{"@id":"https:\/\/comite-civico.org\/?p=2447#breadcrumb"},"inLanguage":"es-CO","potentialAction":[{"@type":"ReadAction","target":["https:\/\/comite-civico.org\/?p=2447"]}]},{"@type":"ImageObject","inLanguage":"es-CO","@id":"https:\/\/comite-civico.org\/?p=2447#primaryimage","url":"https:\/\/comite-civico.org\/wp-content\/uploads\/2025\/09\/001-1.jpg","contentUrl":"https:\/\/comite-civico.org\/wp-content\/uploads\/2025\/09\/001-1.jpg","width":1920,"height":1080},{"@type":"BreadcrumbList","@id":"https:\/\/comite-civico.org\/?p=2447#breadcrumb","itemListElement":[{"@type":"ListItem","position":1,"name":"Inicio","item":"https:\/\/comite-civico.org\/"},{"@type":"ListItem","position":2,"name":"Asamblea del Paro C\u00edvico reafirma la fuerza comunitaria y la unidad de Buenaventura"}]},{"@type":"WebSite","@id":"https:\/\/comite-civico.org\/#website","url":"https:\/\/comite-civico.org\/","name":"Movimiento Social Paro C\u00edvico de Buenaventura","description":"Movimiento Social Paro C\u00edvico de Buenaventura","publisher":{"@id":"https:\/\/comite-civico.org\/#organization"},"potentialAction":[{"@type":"SearchAction","target":{"@type":"EntryPoint","urlTemplate":"https:\/\/comite-civico.org\/?s={search_term_string}"},"query-input":{"@type":"PropertyValueSpecification","valueRequired":true,"valueName":"search_term_string"}}],"inLanguage":"es-CO"},{"@type":"Organization","@id":"https:\/\/comite-civico.org\/#organization","name":"Movimiento Social Paro C\u00edvico de Buenaventura","url":"https:\/\/comite-civico.org\/","logo":{"@type":"ImageObject","inLanguage":"es-CO","@id":"https:\/\/comite-civico.org\/#\/schema\/logo\/image\/","url":"https:\/\/comite-civico.org\/wp-content\/uploads\/2021\/03\/Logo-de-Movimiento-Blanco-scaled.png","contentUrl":"https:\/\/comite-civico.org\/wp-content\/uploads\/2021\/03\/Logo-de-Movimiento-Blanco-scaled.png","width":2560,"height":1810,"caption":"Movimiento Social Paro C\u00edvico de Buenaventura"},"image":{"@id":"https:\/\/comite-civico.org\/#\/schema\/logo\/image\/"}},{"@type":"Person","@id":"https:\/\/comite-civico.org\/#\/schema\/person\/eebdf569aa3565fa603cc9c5b53cea34","name":"comiteadmin","image":{"@type":"ImageObject","inLanguage":"es-CO","@id":"https:\/\/comite-civico.org\/#\/schema\/person\/image\/","url":"https:\/\/secure.gravatar.com\/avatar\/516fb540621996b28f565fdf033072d55dd3fe76896ef4af5250b5fec1b457fe?s=96&d=mm&r=g","contentUrl":"https:\/\/secure.gravatar.com\/avatar\/516fb540621996b28f565fdf033072d55dd3fe76896ef4af5250b5fec1b457fe?s=96&d=mm&r=g","caption":"comiteadmin"},"sameAs":["https:\/\/comite-civico.org\/"],"url":"https:\/\/comite-civico.org\/?author=1"}]}},"_links":{"self":[{"href":"https:\/\/comite-civico.org\/index.php?rest_route=\/wp\/v2\/posts\/2447","targetHints":{"allow":["GET"]}}],"collection":[{"href":"https:\/\/comite-civico.org\/index.php?rest_route=\/wp\/v2\/posts"}],"about":[{"href":"https:\/\/comite-civico.org\/index.php?rest_route=\/wp\/v2\/types\/post"}],"author":[{"embeddable":true,"href":"https:\/\/comite-civico.org\/index.php?rest_route=\/wp\/v2\/users\/1"}],"replies":[{"embeddable":true,"href":"https:\/\/comite-civico.org\/index.php?rest_route=%2Fwp%2Fv2%2Fcomments&post=2447"}],"version-history":[{"count":4,"href":"https:\/\/comite-civico.org\/index.php?rest_route=\/wp\/v2\/posts\/2447\/revisions"}],"predecessor-version":[{"id":2454,"href":"https:\/\/comite-civico.org\/index.php?rest_route=\/wp\/v2\/posts\/2447\/revisions\/2454"}],"wp:featuredmedia":[{"embeddable":true,"href":"https:\/\/comite-civico.org\/index.php?rest_route=\/wp\/v2\/media\/2450"}],"wp:attachment":[{"href":"https:\/\/comite-civico.org\/index.php?rest_route=%2Fwp%2Fv2%2Fmedia&parent=2447"}],"wp:term":[{"taxonomy":"category","embeddable":true,"href":"https:\/\/comite-civico.org\/index.php?rest_route=%2Fwp%2Fv2%2Fcategories&post=2447"},{"taxonomy":"post_tag","embeddable":true,"href":"https:\/\/comite-civico.org\/index.php?rest_route=%2Fwp%2Fv2%2Ftags&post=2447"}],"curies":[{"name":"wp","href":"https:\/\/api.w.org\/{rel}","templated":true}]}}