{"id":2418,"date":"2025-08-20T17:08:25","date_gmt":"2025-08-20T22:08:25","guid":{"rendered":"https:\/\/comite-civico.org\/?p=2418"},"modified":"2025-08-20T17:08:26","modified_gmt":"2025-08-20T22:08:26","slug":"mujeres-de-buenaventura-lideran-propuestas-de-paz-con-enfoque-de-genero","status":"publish","type":"post","link":"https:\/\/comite-civico.org\/?p=2418","title":{"rendered":"Mujeres de Buenaventura lideran propuestas de paz con enfoque de g\u00e9nero"},"content":{"rendered":"\n<p><\/p>\n\n\n\n<p>En el marco de la mesa sociojur\u00eddica de paz del distrito de Buenaventura, se presentaron las propuestas construidas por un amplio grupo de mujeres lideresas, j\u00f3venes y organizaciones sociales que buscan erradicar las violencias basadas en g\u00e9nero y garantizar la participaci\u00f3n activa de las mujeres en los procesos de construcci\u00f3n de paz.<\/p>\n\n\n\n<p><strong>La voz de las mujeres en la mesa<\/strong><\/p>\n\n\n\n<p>Las lideresas destacaron que esta propuesta es fruto de un proceso colectivo de consulta y trabajo en talleres, en el que participaron m\u00e1s de cien mujeres en la Casa del Perd\u00f3n y Reconciliaci\u00f3n. El objetivo principal es claro: que las mujeres no sean v\u00edctimas del conflicto, que puedan ejercer sus derechos y que su voz tenga peso real en los espacios de decisi\u00f3n.<\/p>\n\n\n\n<p>\u201cLas mujeres de Buenaventura no queremos ser parte del conflicto. No se violan, no se desaparecen, no se asesinan. Queremos tener voz y voto en los espacios de conversaci\u00f3n, porque la \u00fanica manera de avanzar hacia la paz es escucharnos entre todos\u201d, expres\u00f3 una de las voceras.<\/p>\n\n\n\n<p>La propuesta recoge, adem\u00e1s, la exigencia de implementar la Resoluci\u00f3n 1325 de Naciones Unidas, que reconoce el papel protag\u00f3nico de las mujeres en la construcci\u00f3n de paz, y plantea la necesidad de recursos para formaci\u00f3n, emprendimientos y apoyo institucional como garant\u00edas para una paz sostenible.<\/p>\n\n\n<div class=\"wp-block-image\">\n<figure class=\"aligncenter size-large is-resized\"><img fetchpriority=\"high\" decoding=\"async\" width=\"1024\" height=\"576\" src=\"https:\/\/comite-civico.org\/wp-content\/uploads\/2025\/08\/DSC09600-1024x576.jpg\" alt=\"\" class=\"wp-image-2421\" style=\"width:336px;height:auto\" srcset=\"https:\/\/comite-civico.org\/wp-content\/uploads\/2025\/08\/DSC09600-1024x576.jpg 1024w, https:\/\/comite-civico.org\/wp-content\/uploads\/2025\/08\/DSC09600-300x169.jpg 300w, https:\/\/comite-civico.org\/wp-content\/uploads\/2025\/08\/DSC09600-768x432.jpg 768w, https:\/\/comite-civico.org\/wp-content\/uploads\/2025\/08\/DSC09600-1536x864.jpg 1536w, https:\/\/comite-civico.org\/wp-content\/uploads\/2025\/08\/DSC09600-2048x1152.jpg 2048w\" sizes=\"(max-width: 1024px) 100vw, 1024px\" \/><\/figure>\n<\/div>\n\n\n<p><strong>Una estrategia colectiva con rostro femenino<\/strong><\/p>\n\n\n\n<p>Otra de las lideresas record\u00f3 que esta iniciativa surgi\u00f3 al evidenciar la escasa representaci\u00f3n femenina en la mesa de conversaciones, lo cual motiv\u00f3 a distintas defensoras a unirse y levantar su voz.<\/p>\n\n\n\n<p>\u201cEste acuerdo no solo busca disminuir la violencia sexual y de g\u00e9nero, sino tambi\u00e9n empoderar a las mujeres j\u00f3venes, ni\u00f1as y adolescentes para que puedan estudiar, fortalecer su identidad \u00e9tnica y participar en espacios de decisi\u00f3n con voz y voto. Nuestro principal reto es poder vivir en paz, libres de violencias\u201d, Annie Viviana Banguera, edil de Buenaventura.<\/p>\n\n\n\n<div class=\"wp-block-columns is-layout-flex wp-container-core-columns-is-layout-9d6595d7 wp-block-columns-is-layout-flex\">\n<div class=\"wp-block-column is-layout-flow wp-block-column-is-layout-flow\">\n<figure class=\"wp-block-image size-large\"><img decoding=\"async\" width=\"1024\" height=\"576\" src=\"https:\/\/comite-civico.org\/wp-content\/uploads\/2025\/08\/DSC09583-1024x576.jpg\" alt=\"\" class=\"wp-image-2422\" srcset=\"https:\/\/comite-civico.org\/wp-content\/uploads\/2025\/08\/DSC09583-1024x576.jpg 1024w, https:\/\/comite-civico.org\/wp-content\/uploads\/2025\/08\/DSC09583-300x169.jpg 300w, https:\/\/comite-civico.org\/wp-content\/uploads\/2025\/08\/DSC09583-768x432.jpg 768w, https:\/\/comite-civico.org\/wp-content\/uploads\/2025\/08\/DSC09583-1536x864.jpg 1536w, https:\/\/comite-civico.org\/wp-content\/uploads\/2025\/08\/DSC09583-2048x1152.jpg 2048w\" sizes=\"(max-width: 1024px) 100vw, 1024px\" \/><\/figure>\n<\/div>\n\n\n\n<div class=\"wp-block-column is-layout-flow wp-block-column-is-layout-flow\">\n<figure class=\"wp-block-image size-large\"><img decoding=\"async\" width=\"1024\" height=\"576\" src=\"https:\/\/comite-civico.org\/wp-content\/uploads\/2025\/08\/DSC09602-1024x576.jpg\" alt=\"\" class=\"wp-image-2423\" srcset=\"https:\/\/comite-civico.org\/wp-content\/uploads\/2025\/08\/DSC09602-1024x576.jpg 1024w, https:\/\/comite-civico.org\/wp-content\/uploads\/2025\/08\/DSC09602-300x169.jpg 300w, https:\/\/comite-civico.org\/wp-content\/uploads\/2025\/08\/DSC09602-768x432.jpg 768w, https:\/\/comite-civico.org\/wp-content\/uploads\/2025\/08\/DSC09602-1536x864.jpg 1536w, https:\/\/comite-civico.org\/wp-content\/uploads\/2025\/08\/DSC09602-2048x1152.jpg 2048w\" sizes=\"(max-width: 1024px) 100vw, 1024px\" \/><\/figure>\n<\/div>\n<\/div>\n\n\n\n<p><strong>El respaldo de la delegaci\u00f3n del gobierno<\/strong><\/p>\n\n\n\n<p>Desde la delegaci\u00f3n del gobierno, se reconoci\u00f3 p\u00fablicamente la importancia de este documento y el valor de las mujeres que lo construyeron. El delegado subray\u00f3 que no se trata de un texto elaborado desde la institucionalidad, sino desde el coraz\u00f3n de las mujeres de Buenaventura, quienes caminaron el territorio, consultaron a las comunidades y plasmaron en \u00e9l sus demandas y compromisos.<\/p>\n\n\n\n<p>\u201cEl documento contiene la propuesta de eliminar todas las formas de violencia contra ni\u00f1as, adolescentes y mujeres en Buenaventura. Tambi\u00e9n invita a derribar fronteras para que las mujeres puedan transitar libremente por el territorio, con dignidad y respeto. Hoy firmamos una alianza muy potente entre el gobierno y las mujeres de Buenaventura, una alianza que debe traducirse en bienestar, derechos y seguridad\u201d, Mercedes Segura, R.L Vida Digna<\/p>\n\n\n\n<p>El funcionario resalt\u00f3 que esta propuesta ser\u00e1 discutida en el espacio de di\u00e1logo sociojur\u00eddico con los actores armados y socializada con la sociedad civil, las instituciones y el sector privado, porque la paz requiere del compromiso de todos. \u201cLos hombres tambi\u00e9n tenemos un papel que jugar: reconocer una nueva realidad donde las mujeres levantan su voz y exigen ser protagonistas en la determinaci\u00f3n de sus destinos\u201d, Fabio Cardozo, Jefe negociador en la mesa de paz de Buenaventura&nbsp;<\/p>\n\n\n<div class=\"wp-block-image\">\n<figure class=\"aligncenter size-large is-resized\"><img loading=\"lazy\" decoding=\"async\" width=\"1024\" height=\"576\" src=\"https:\/\/comite-civico.org\/wp-content\/uploads\/2025\/08\/DSC09597-1024x576.jpg\" alt=\"\" class=\"wp-image-2420\" style=\"width:594px;height:auto\" srcset=\"https:\/\/comite-civico.org\/wp-content\/uploads\/2025\/08\/DSC09597-1024x576.jpg 1024w, https:\/\/comite-civico.org\/wp-content\/uploads\/2025\/08\/DSC09597-300x169.jpg 300w, https:\/\/comite-civico.org\/wp-content\/uploads\/2025\/08\/DSC09597-768x432.jpg 768w, https:\/\/comite-civico.org\/wp-content\/uploads\/2025\/08\/DSC09597-1536x864.jpg 1536w, https:\/\/comite-civico.org\/wp-content\/uploads\/2025\/08\/DSC09597-2048x1152.jpg 2048w\" sizes=\"(max-width: 1024px) 100vw, 1024px\" \/><\/figure>\n<\/div>\n\n\n<p><strong>Un compromiso de todos y todas<\/strong><\/p>\n\n\n\n<p>Las voces de las lideresas y la respuesta del gobierno coinciden en un mensaje central: la paz no se construye sin las mujeres. Su participaci\u00f3n, sus demandas y su visi\u00f3n son fundamentales para avanzar hacia un futuro en el que Buenaventura sea un territorio libre de violencias y con oportunidades reales para ni\u00f1as, adolescentes y mujeres.<\/p>\n","protected":false},"excerpt":{"rendered":"<p>En el marco de la mesa sociojur\u00eddica de paz del distrito de Buenaventura, se presentaron las propuestas construidas por un amplio grupo de mujeres lideresas, j\u00f3venes y organizaciones sociales que buscan erradicar las violencias basadas en g\u00e9nero y garantizar la participaci\u00f3n activa de las mujeres en los procesos de construcci\u00f3n de paz. La voz de &#8230; <a title=\"Mujeres de Buenaventura lideran propuestas de paz con enfoque de g\u00e9nero\" class=\"read-more\" href=\"https:\/\/comite-civico.org\/?p=2418\" aria-label=\"Read more about Mujeres de Buenaventura lideran propuestas de paz con enfoque de g\u00e9nero\">Leer m\u00e1s<\/a><\/p>\n","protected":false},"author":1,"featured_media":2419,"comment_status":"open","ping_status":"open","sticky":false,"template":"","format":"standard","meta":{"footnotes":""},"categories":[1],"tags":[],"class_list":["post-2418","post","type-post","status-publish","format-standard","has-post-thumbnail","hentry","category-sin-categoria"],"acf":[],"yoast_head":"<!-- This site is optimized with the Yoast SEO plugin v25.0 - https:\/\/yoast.com\/wordpress\/plugins\/seo\/ -->\n<title>Mujeres de Buenaventura lideran propuestas de paz con enfoque de g\u00e9nero - Movimiento Social Paro C\u00edvico de Buenaventura<\/title>\n<meta name=\"robots\" content=\"index, follow, max-snippet:-1, max-image-preview:large, max-video-preview:-1\" \/>\n<link rel=\"canonical\" href=\"https:\/\/comite-civico.org\/?p=2418\" \/>\n<meta property=\"og:locale\" content=\"es_ES\" \/>\n<meta property=\"og:type\" content=\"article\" \/>\n<meta property=\"og:title\" content=\"Mujeres de Buenaventura lideran propuestas de paz con enfoque de g\u00e9nero - Movimiento Social Paro C\u00edvico de Buenaventura\" \/>\n<meta property=\"og:description\" content=\"En el marco de la mesa sociojur\u00eddica de paz del distrito de Buenaventura, se presentaron las propuestas construidas por un amplio grupo de mujeres lideresas, j\u00f3venes y organizaciones sociales que buscan erradicar las violencias basadas en g\u00e9nero y garantizar la participaci\u00f3n activa de las mujeres en los procesos de construcci\u00f3n de paz. La voz de ... Leer m\u00e1s\" \/>\n<meta property=\"og:url\" content=\"https:\/\/comite-civico.org\/?p=2418\" \/>\n<meta property=\"og:site_name\" content=\"Movimiento Social Paro C\u00edvico de Buenaventura\" \/>\n<meta property=\"article:published_time\" content=\"2025-08-20T22:08:25+00:00\" \/>\n<meta property=\"article:modified_time\" content=\"2025-08-20T22:08:26+00:00\" \/>\n<meta property=\"og:image\" content=\"http:\/\/comite-civico.org\/wp-content\/uploads\/2025\/08\/Portada-scaled.png\" \/>\n\t<meta property=\"og:image:width\" content=\"2560\" \/>\n\t<meta property=\"og:image:height\" content=\"1440\" \/>\n\t<meta property=\"og:image:type\" content=\"image\/png\" \/>\n<meta name=\"author\" content=\"comiteadmin\" \/>\n<meta name=\"twitter:card\" content=\"summary_large_image\" \/>\n<meta name=\"twitter:label1\" content=\"Escrito por\" \/>\n\t<meta name=\"twitter:data1\" content=\"comiteadmin\" \/>\n\t<meta name=\"twitter:label2\" content=\"Tiempo de lectura\" \/>\n\t<meta name=\"twitter:data2\" content=\"4 minutos\" \/>\n<script type=\"application\/ld+json\" class=\"yoast-schema-graph\">{\"@context\":\"https:\/\/schema.org\",\"@graph\":[{\"@type\":\"Article\",\"@id\":\"https:\/\/comite-civico.org\/?p=2418#article\",\"isPartOf\":{\"@id\":\"https:\/\/comite-civico.org\/?p=2418\"},\"author\":{\"name\":\"comiteadmin\",\"@id\":\"https:\/\/comite-civico.org\/#\/schema\/person\/eebdf569aa3565fa603cc9c5b53cea34\"},\"headline\":\"Mujeres de Buenaventura lideran propuestas de paz con enfoque de g\u00e9nero\",\"datePublished\":\"2025-08-20T22:08:25+00:00\",\"dateModified\":\"2025-08-20T22:08:26+00:00\",\"mainEntityOfPage\":{\"@id\":\"https:\/\/comite-civico.org\/?p=2418\"},\"wordCount\":633,\"commentCount\":0,\"publisher\":{\"@id\":\"https:\/\/comite-civico.org\/#organization\"},\"image\":{\"@id\":\"https:\/\/comite-civico.org\/?p=2418#primaryimage\"},\"thumbnailUrl\":\"https:\/\/comite-civico.org\/wp-content\/uploads\/2025\/08\/Portada-scaled.png\",\"inLanguage\":\"es-CO\",\"potentialAction\":[{\"@type\":\"CommentAction\",\"name\":\"Comment\",\"target\":[\"https:\/\/comite-civico.org\/?p=2418#respond\"]}]},{\"@type\":\"WebPage\",\"@id\":\"https:\/\/comite-civico.org\/?p=2418\",\"url\":\"https:\/\/comite-civico.org\/?p=2418\",\"name\":\"Mujeres de Buenaventura lideran propuestas de paz con enfoque de g\u00e9nero - Movimiento Social Paro C\u00edvico de Buenaventura\",\"isPartOf\":{\"@id\":\"https:\/\/comite-civico.org\/#website\"},\"primaryImageOfPage\":{\"@id\":\"https:\/\/comite-civico.org\/?p=2418#primaryimage\"},\"image\":{\"@id\":\"https:\/\/comite-civico.org\/?p=2418#primaryimage\"},\"thumbnailUrl\":\"https:\/\/comite-civico.org\/wp-content\/uploads\/2025\/08\/Portada-scaled.png\",\"datePublished\":\"2025-08-20T22:08:25+00:00\",\"dateModified\":\"2025-08-20T22:08:26+00:00\",\"breadcrumb\":{\"@id\":\"https:\/\/comite-civico.org\/?p=2418#breadcrumb\"},\"inLanguage\":\"es-CO\",\"potentialAction\":[{\"@type\":\"ReadAction\",\"target\":[\"https:\/\/comite-civico.org\/?p=2418\"]}]},{\"@type\":\"ImageObject\",\"inLanguage\":\"es-CO\",\"@id\":\"https:\/\/comite-civico.org\/?p=2418#primaryimage\",\"url\":\"https:\/\/comite-civico.org\/wp-content\/uploads\/2025\/08\/Portada-scaled.png\",\"contentUrl\":\"https:\/\/comite-civico.org\/wp-content\/uploads\/2025\/08\/Portada-scaled.png\",\"width\":2560,\"height\":1440},{\"@type\":\"BreadcrumbList\",\"@id\":\"https:\/\/comite-civico.org\/?p=2418#breadcrumb\",\"itemListElement\":[{\"@type\":\"ListItem\",\"position\":1,\"name\":\"Inicio\",\"item\":\"https:\/\/comite-civico.org\/\"},{\"@type\":\"ListItem\",\"position\":2,\"name\":\"Mujeres de Buenaventura lideran propuestas de paz con enfoque de g\u00e9nero\"}]},{\"@type\":\"WebSite\",\"@id\":\"https:\/\/comite-civico.org\/#website\",\"url\":\"https:\/\/comite-civico.org\/\",\"name\":\"Movimiento Social Paro C\u00edvico de Buenaventura\",\"description\":\"Movimiento Social Paro C\u00edvico de Buenaventura\",\"publisher\":{\"@id\":\"https:\/\/comite-civico.org\/#organization\"},\"potentialAction\":[{\"@type\":\"SearchAction\",\"target\":{\"@type\":\"EntryPoint\",\"urlTemplate\":\"https:\/\/comite-civico.org\/?s={search_term_string}\"},\"query-input\":{\"@type\":\"PropertyValueSpecification\",\"valueRequired\":true,\"valueName\":\"search_term_string\"}}],\"inLanguage\":\"es-CO\"},{\"@type\":\"Organization\",\"@id\":\"https:\/\/comite-civico.org\/#organization\",\"name\":\"Movimiento Social Paro C\u00edvico de Buenaventura\",\"url\":\"https:\/\/comite-civico.org\/\",\"logo\":{\"@type\":\"ImageObject\",\"inLanguage\":\"es-CO\",\"@id\":\"https:\/\/comite-civico.org\/#\/schema\/logo\/image\/\",\"url\":\"https:\/\/comite-civico.org\/wp-content\/uploads\/2021\/03\/Logo-de-Movimiento-Blanco-scaled.png\",\"contentUrl\":\"https:\/\/comite-civico.org\/wp-content\/uploads\/2021\/03\/Logo-de-Movimiento-Blanco-scaled.png\",\"width\":2560,\"height\":1810,\"caption\":\"Movimiento Social Paro C\u00edvico de Buenaventura\"},\"image\":{\"@id\":\"https:\/\/comite-civico.org\/#\/schema\/logo\/image\/\"}},{\"@type\":\"Person\",\"@id\":\"https:\/\/comite-civico.org\/#\/schema\/person\/eebdf569aa3565fa603cc9c5b53cea34\",\"name\":\"comiteadmin\",\"image\":{\"@type\":\"ImageObject\",\"inLanguage\":\"es-CO\",\"@id\":\"https:\/\/comite-civico.org\/#\/schema\/person\/image\/\",\"url\":\"https:\/\/secure.gravatar.com\/avatar\/516fb540621996b28f565fdf033072d55dd3fe76896ef4af5250b5fec1b457fe?s=96&d=mm&r=g\",\"contentUrl\":\"https:\/\/secure.gravatar.com\/avatar\/516fb540621996b28f565fdf033072d55dd3fe76896ef4af5250b5fec1b457fe?s=96&d=mm&r=g\",\"caption\":\"comiteadmin\"},\"sameAs\":[\"https:\/\/comite-civico.org\/\"],\"url\":\"https:\/\/comite-civico.org\/?author=1\"}]}<\/script>\n<!-- \/ Yoast SEO plugin. -->","yoast_head_json":{"title":"Mujeres de Buenaventura lideran propuestas de paz con enfoque de g\u00e9nero - Movimiento Social Paro C\u00edvico de Buenaventura","robots":{"index":"index","follow":"follow","max-snippet":"max-snippet:-1","max-image-preview":"max-image-preview:large","max-video-preview":"max-video-preview:-1"},"canonical":"https:\/\/comite-civico.org\/?p=2418","og_locale":"es_ES","og_type":"article","og_title":"Mujeres de Buenaventura lideran propuestas de paz con enfoque de g\u00e9nero - Movimiento Social Paro C\u00edvico de Buenaventura","og_description":"En el marco de la mesa sociojur\u00eddica de paz del distrito de Buenaventura, se presentaron las propuestas construidas por un amplio grupo de mujeres lideresas, j\u00f3venes y organizaciones sociales que buscan erradicar las violencias basadas en g\u00e9nero y garantizar la participaci\u00f3n activa de las mujeres en los procesos de construcci\u00f3n de paz. La voz de ... Leer m\u00e1s","og_url":"https:\/\/comite-civico.org\/?p=2418","og_site_name":"Movimiento Social Paro C\u00edvico de Buenaventura","article_published_time":"2025-08-20T22:08:25+00:00","article_modified_time":"2025-08-20T22:08:26+00:00","og_image":[{"width":2560,"height":1440,"url":"http:\/\/comite-civico.org\/wp-content\/uploads\/2025\/08\/Portada-scaled.png","type":"image\/png"}],"author":"comiteadmin","twitter_card":"summary_large_image","twitter_misc":{"Escrito por":"comiteadmin","Tiempo de lectura":"4 minutos"},"schema":{"@context":"https:\/\/schema.org","@graph":[{"@type":"Article","@id":"https:\/\/comite-civico.org\/?p=2418#article","isPartOf":{"@id":"https:\/\/comite-civico.org\/?p=2418"},"author":{"name":"comiteadmin","@id":"https:\/\/comite-civico.org\/#\/schema\/person\/eebdf569aa3565fa603cc9c5b53cea34"},"headline":"Mujeres de Buenaventura lideran propuestas de paz con enfoque de g\u00e9nero","datePublished":"2025-08-20T22:08:25+00:00","dateModified":"2025-08-20T22:08:26+00:00","mainEntityOfPage":{"@id":"https:\/\/comite-civico.org\/?p=2418"},"wordCount":633,"commentCount":0,"publisher":{"@id":"https:\/\/comite-civico.org\/#organization"},"image":{"@id":"https:\/\/comite-civico.org\/?p=2418#primaryimage"},"thumbnailUrl":"https:\/\/comite-civico.org\/wp-content\/uploads\/2025\/08\/Portada-scaled.png","inLanguage":"es-CO","potentialAction":[{"@type":"CommentAction","name":"Comment","target":["https:\/\/comite-civico.org\/?p=2418#respond"]}]},{"@type":"WebPage","@id":"https:\/\/comite-civico.org\/?p=2418","url":"https:\/\/comite-civico.org\/?p=2418","name":"Mujeres de Buenaventura lideran propuestas de paz con enfoque de g\u00e9nero - Movimiento Social Paro C\u00edvico de Buenaventura","isPartOf":{"@id":"https:\/\/comite-civico.org\/#website"},"primaryImageOfPage":{"@id":"https:\/\/comite-civico.org\/?p=2418#primaryimage"},"image":{"@id":"https:\/\/comite-civico.org\/?p=2418#primaryimage"},"thumbnailUrl":"https:\/\/comite-civico.org\/wp-content\/uploads\/2025\/08\/Portada-scaled.png","datePublished":"2025-08-20T22:08:25+00:00","dateModified":"2025-08-20T22:08:26+00:00","breadcrumb":{"@id":"https:\/\/comite-civico.org\/?p=2418#breadcrumb"},"inLanguage":"es-CO","potentialAction":[{"@type":"ReadAction","target":["https:\/\/comite-civico.org\/?p=2418"]}]},{"@type":"ImageObject","inLanguage":"es-CO","@id":"https:\/\/comite-civico.org\/?p=2418#primaryimage","url":"https:\/\/comite-civico.org\/wp-content\/uploads\/2025\/08\/Portada-scaled.png","contentUrl":"https:\/\/comite-civico.org\/wp-content\/uploads\/2025\/08\/Portada-scaled.png","width":2560,"height":1440},{"@type":"BreadcrumbList","@id":"https:\/\/comite-civico.org\/?p=2418#breadcrumb","itemListElement":[{"@type":"ListItem","position":1,"name":"Inicio","item":"https:\/\/comite-civico.org\/"},{"@type":"ListItem","position":2,"name":"Mujeres de Buenaventura lideran propuestas de paz con enfoque de g\u00e9nero"}]},{"@type":"WebSite","@id":"https:\/\/comite-civico.org\/#website","url":"https:\/\/comite-civico.org\/","name":"Movimiento Social Paro C\u00edvico de Buenaventura","description":"Movimiento Social Paro C\u00edvico de Buenaventura","publisher":{"@id":"https:\/\/comite-civico.org\/#organization"},"potentialAction":[{"@type":"SearchAction","target":{"@type":"EntryPoint","urlTemplate":"https:\/\/comite-civico.org\/?s={search_term_string}"},"query-input":{"@type":"PropertyValueSpecification","valueRequired":true,"valueName":"search_term_string"}}],"inLanguage":"es-CO"},{"@type":"Organization","@id":"https:\/\/comite-civico.org\/#organization","name":"Movimiento Social Paro C\u00edvico de Buenaventura","url":"https:\/\/comite-civico.org\/","logo":{"@type":"ImageObject","inLanguage":"es-CO","@id":"https:\/\/comite-civico.org\/#\/schema\/logo\/image\/","url":"https:\/\/comite-civico.org\/wp-content\/uploads\/2021\/03\/Logo-de-Movimiento-Blanco-scaled.png","contentUrl":"https:\/\/comite-civico.org\/wp-content\/uploads\/2021\/03\/Logo-de-Movimiento-Blanco-scaled.png","width":2560,"height":1810,"caption":"Movimiento Social Paro C\u00edvico de Buenaventura"},"image":{"@id":"https:\/\/comite-civico.org\/#\/schema\/logo\/image\/"}},{"@type":"Person","@id":"https:\/\/comite-civico.org\/#\/schema\/person\/eebdf569aa3565fa603cc9c5b53cea34","name":"comiteadmin","image":{"@type":"ImageObject","inLanguage":"es-CO","@id":"https:\/\/comite-civico.org\/#\/schema\/person\/image\/","url":"https:\/\/secure.gravatar.com\/avatar\/516fb540621996b28f565fdf033072d55dd3fe76896ef4af5250b5fec1b457fe?s=96&d=mm&r=g","contentUrl":"https:\/\/secure.gravatar.com\/avatar\/516fb540621996b28f565fdf033072d55dd3fe76896ef4af5250b5fec1b457fe?s=96&d=mm&r=g","caption":"comiteadmin"},"sameAs":["https:\/\/comite-civico.org\/"],"url":"https:\/\/comite-civico.org\/?author=1"}]}},"_links":{"self":[{"href":"https:\/\/comite-civico.org\/index.php?rest_route=\/wp\/v2\/posts\/2418","targetHints":{"allow":["GET"]}}],"collection":[{"href":"https:\/\/comite-civico.org\/index.php?rest_route=\/wp\/v2\/posts"}],"about":[{"href":"https:\/\/comite-civico.org\/index.php?rest_route=\/wp\/v2\/types\/post"}],"author":[{"embeddable":true,"href":"https:\/\/comite-civico.org\/index.php?rest_route=\/wp\/v2\/users\/1"}],"replies":[{"embeddable":true,"href":"https:\/\/comite-civico.org\/index.php?rest_route=%2Fwp%2Fv2%2Fcomments&post=2418"}],"version-history":[{"count":1,"href":"https:\/\/comite-civico.org\/index.php?rest_route=\/wp\/v2\/posts\/2418\/revisions"}],"predecessor-version":[{"id":2424,"href":"https:\/\/comite-civico.org\/index.php?rest_route=\/wp\/v2\/posts\/2418\/revisions\/2424"}],"wp:featuredmedia":[{"embeddable":true,"href":"https:\/\/comite-civico.org\/index.php?rest_route=\/wp\/v2\/media\/2419"}],"wp:attachment":[{"href":"https:\/\/comite-civico.org\/index.php?rest_route=%2Fwp%2Fv2%2Fmedia&parent=2418"}],"wp:term":[{"taxonomy":"category","embeddable":true,"href":"https:\/\/comite-civico.org\/index.php?rest_route=%2Fwp%2Fv2%2Fcategories&post=2418"},{"taxonomy":"post_tag","embeddable":true,"href":"https:\/\/comite-civico.org\/index.php?rest_route=%2Fwp%2Fv2%2Ftags&post=2418"}],"curies":[{"name":"wp","href":"https:\/\/api.w.org\/{rel}","templated":true}]}}