{"id":2360,"date":"2025-08-10T21:32:29","date_gmt":"2025-08-11T02:32:29","guid":{"rendered":"https:\/\/comite-civico.org\/?p=2360"},"modified":"2025-08-10T21:38:09","modified_gmt":"2025-08-11T02:38:09","slug":"no-hay-espacio-para-los-agresores","status":"publish","type":"post","link":"https:\/\/comite-civico.org\/?p=2360","title":{"rendered":"No hay espacio para los agresores"},"content":{"rendered":"\t\t<div data-elementor-type=\"wp-post\" data-elementor-id=\"2360\" class=\"elementor elementor-2360\" data-elementor-post-type=\"post\">\n\t\t\t\t\t\t<section data-particle_enable=\"false\" data-particle-mobile-disabled=\"false\" class=\"elementor-section elementor-top-section elementor-element elementor-element-b45db75 elementor-section-boxed elementor-section-height-default elementor-section-height-default\" data-id=\"b45db75\" data-element_type=\"section\" data-settings=\"{&quot;jet_parallax_layout_list&quot;:[]}\">\n\t\t\t\t\t\t<div class=\"elementor-container elementor-column-gap-default\">\n\t\t\t\t\t<div class=\"elementor-column elementor-col-33 elementor-top-column elementor-element elementor-element-5014dbf\" data-id=\"5014dbf\" data-element_type=\"column\">\n\t\t\t<div class=\"elementor-widget-wrap elementor-element-populated\">\n\t\t\t\t\t\t<div class=\"elementor-element elementor-element-155e060 elementor-widget__width-initial dce_masking-none elementor-widget elementor-widget-image\" data-id=\"155e060\" data-element_type=\"widget\" data-widget_type=\"image.default\">\n\t\t\t\t<div class=\"elementor-widget-container\">\n\t\t\t\t\t\t\t\t\t\t\t\t\t\t\t<img fetchpriority=\"high\" decoding=\"async\" width=\"1024\" height=\"1536\" src=\"https:\/\/comite-civico.org\/wp-content\/uploads\/2025\/08\/No-agresores-Buenaventura.png\" class=\"attachment-full size-full wp-image-2365\" alt=\"\" srcset=\"https:\/\/comite-civico.org\/wp-content\/uploads\/2025\/08\/No-agresores-Buenaventura.png 1024w, https:\/\/comite-civico.org\/wp-content\/uploads\/2025\/08\/No-agresores-Buenaventura-200x300.png 200w, https:\/\/comite-civico.org\/wp-content\/uploads\/2025\/08\/No-agresores-Buenaventura-683x1024.png 683w, https:\/\/comite-civico.org\/wp-content\/uploads\/2025\/08\/No-agresores-Buenaventura-768x1152.png 768w\" sizes=\"(max-width: 1024px) 100vw, 1024px\" \/>\t\t\t\t\t\t\t\t\t\t\t\t\t\t\t<\/div>\n\t\t\t\t<\/div>\n\t\t\t\t\t<\/div>\n\t\t<\/div>\n\t\t\t\t<div class=\"elementor-column elementor-col-66 elementor-top-column elementor-element elementor-element-5497921\" data-id=\"5497921\" data-element_type=\"column\">\n\t\t\t<div class=\"elementor-widget-wrap elementor-element-populated\">\n\t\t\t\t\t\t<div class=\"elementor-element elementor-element-f1071f5 elementor-widget elementor-widget-text-editor\" data-id=\"f1071f5\" data-element_type=\"widget\" data-widget_type=\"text-editor.default\">\n\t\t\t\t<div class=\"elementor-widget-container\">\n\t\t\t\t\t\t\t\t\t<h2>&#8220;Vivas, libres y en paz en nuestro territorio&#8221;<\/h2><p data-start=\"127\" data-end=\"486\"><strong data-start=\"127\" data-end=\"158\">\ud83d\udea8 Comunicado de Rechazo \ud83d\udea8<\/strong><br data-start=\"158\" data-end=\"161\" \/>Desde la Comisi\u00f3n de Mujeres del <em data-start=\"194\" data-end=\"241\">Movimiento Social Paro C\u00edvico de Buenaventura<\/em> alzamos nuevamente la voz para condenar la brutal agresi\u00f3n sexual y f\u00edsica cometida contra una joven de nuestra zona rural.<br data-start=\"365\" data-end=\"368\" \/>Este hecho no es aislado: es el reflejo del abandono hist\u00f3rico y la violencia estructural que enfrentamos d\u00eda a d\u00eda.<\/p><p data-start=\"488\" data-end=\"501\"><strong data-start=\"488\" data-end=\"501\">Exigimos:<\/strong><\/p><ul data-start=\"502\" data-end=\"767\"><li data-start=\"502\" data-end=\"552\"><p data-start=\"504\" data-end=\"552\">Captura inmediata del agresor ya identificado.<\/p><\/li><li data-start=\"553\" data-end=\"657\"><p data-start=\"555\" data-end=\"657\">Condena ejemplar para enviar un mensaje claro: <em data-start=\"602\" data-end=\"655\">\u00a1En Buenaventura no hay espacio para los agresores!<\/em><\/p><\/li><li data-start=\"658\" data-end=\"767\"><p data-start=\"660\" data-end=\"767\">Implementaci\u00f3n urgente y real de rutas de protecci\u00f3n y atenci\u00f3n para mujeres en barrios y corregimientos.<\/p><\/li><\/ul><p data-start=\"769\" data-end=\"964\">Hacemos un llamado a la comunidad a <strong data-start=\"805\" data-end=\"853\">no difundir el material audiovisual filtrado<\/strong>, a abrazar y proteger a la v\u00edctima, y a unirnos en una <strong data-start=\"909\" data-end=\"931\">solidaridad activa<\/strong> contra la violencia de g\u00e9nero.<\/p><p data-start=\"966\" data-end=\"1040\">\ud83d\udc9c <strong data-start=\"969\" data-end=\"1038\">Porque vivas, libres y en paz nos queremos en nuestro territorio.<\/strong><\/p><p data-start=\"1042\" data-end=\"1112\">#ParoC\u00edvico #Buenaventura #NiUnaMenos #JusticiaYa #VivasLibresYEnPaz<\/p>\t\t\t\t\t\t\t\t<\/div>\n\t\t\t\t<\/div>\n\t\t\t\t\t<\/div>\n\t\t<\/div>\n\t\t\t\t\t<\/div>\n\t\t<\/section>\n\t\t\t\t<section data-particle_enable=\"false\" data-particle-mobile-disabled=\"false\" class=\"elementor-section elementor-top-section elementor-element elementor-element-337972b elementor-section-boxed elementor-section-height-default elementor-section-height-default\" data-id=\"337972b\" data-element_type=\"section\" data-settings=\"{&quot;jet_parallax_layout_list&quot;:[]}\">\n\t\t\t\t\t\t<div class=\"elementor-container elementor-column-gap-default\">\n\t\t\t\t\t<div class=\"elementor-column elementor-col-100 elementor-top-column elementor-element elementor-element-0ee7e70\" data-id=\"0ee7e70\" data-element_type=\"column\">\n\t\t\t<div class=\"elementor-widget-wrap elementor-element-populated\">\n\t\t\t\t\t\t<div class=\"elementor-element elementor-element-7522336 dce_masking-none elementor-widget elementor-widget-image\" data-id=\"7522336\" data-element_type=\"widget\" data-widget_type=\"image.default\">\n\t\t\t\t<div class=\"elementor-widget-container\">\n\t\t\t\t\t\t\t\t\t\t\t\t\t\t\t\t<a href=\"http:\/\/comite-civico.org\/wp-content\/uploads\/2025\/08\/Comunicado-de-Rechazo.pdf\">\n\t\t\t\t\t\t\t<img decoding=\"async\" width=\"1920\" height=\"400\" src=\"https:\/\/comite-civico.org\/wp-content\/uploads\/2025\/08\/intermedio-04.jpg\" class=\"attachment-full size-full wp-image-2366\" alt=\"\" srcset=\"https:\/\/comite-civico.org\/wp-content\/uploads\/2025\/08\/intermedio-04.jpg 1920w, https:\/\/comite-civico.org\/wp-content\/uploads\/2025\/08\/intermedio-04-300x63.jpg 300w, https:\/\/comite-civico.org\/wp-content\/uploads\/2025\/08\/intermedio-04-1024x213.jpg 1024w, https:\/\/comite-civico.org\/wp-content\/uploads\/2025\/08\/intermedio-04-768x160.jpg 768w, https:\/\/comite-civico.org\/wp-content\/uploads\/2025\/08\/intermedio-04-1536x320.jpg 1536w\" sizes=\"(max-width: 1920px) 100vw, 1920px\" \/>\t\t\t\t\t\t\t\t<\/a>\n\t\t\t\t\t\t\t\t\t\t\t\t\t\t\t<\/div>\n\t\t\t\t<\/div>\n\t\t\t\t\t<\/div>\n\t\t<\/div>\n\t\t\t\t\t<\/div>\n\t\t<\/section>\n\t\t\t\t<\/div>\n\t\t","protected":false},"excerpt":{"rendered":"<p>&#8220;Vivas, libres y en paz en nuestro territorio&#8221; \ud83d\udea8 Comunicado de Rechazo \ud83d\udea8Desde la Comisi\u00f3n de Mujeres del Movimiento Social Paro C\u00edvico de Buenaventura alzamos nuevamente la voz para condenar la brutal agresi\u00f3n sexual y f\u00edsica cometida contra una joven de nuestra zona rural.Este hecho no es aislado: es el reflejo del abandono hist\u00f3rico y &#8230; <a title=\"No hay espacio para los agresores\" class=\"read-more\" href=\"https:\/\/comite-civico.org\/?p=2360\" aria-label=\"Read more about No hay espacio para los agresores\">Leer m\u00e1s<\/a><\/p>\n","protected":false},"author":1,"featured_media":2362,"comment_status":"open","ping_status":"open","sticky":false,"template":"elementor_canvas","format":"standard","meta":{"footnotes":""},"categories":[1],"tags":[],"class_list":["post-2360","post","type-post","status-publish","format-standard","has-post-thumbnail","hentry","category-sin-categoria"],"acf":[],"yoast_head":"<!-- This site is optimized with the Yoast SEO plugin v25.0 - https:\/\/yoast.com\/wordpress\/plugins\/seo\/ -->\n<title>No hay espacio para los agresores - Movimiento Social Paro C\u00edvico de Buenaventura<\/title>\n<meta name=\"robots\" content=\"index, follow, max-snippet:-1, max-image-preview:large, max-video-preview:-1\" \/>\n<link rel=\"canonical\" href=\"https:\/\/comite-civico.org\/?p=2360\" \/>\n<meta property=\"og:locale\" content=\"es_ES\" \/>\n<meta property=\"og:type\" content=\"article\" \/>\n<meta property=\"og:title\" content=\"No hay espacio para los agresores - Movimiento Social Paro C\u00edvico de Buenaventura\" \/>\n<meta property=\"og:description\" content=\"&#8220;Vivas, libres y en paz en nuestro territorio&#8221; \ud83d\udea8 Comunicado de Rechazo \ud83d\udea8Desde la Comisi\u00f3n de Mujeres del Movimiento Social Paro C\u00edvico de Buenaventura alzamos nuevamente la voz para condenar la brutal agresi\u00f3n sexual y f\u00edsica cometida contra una joven de nuestra zona rural.Este hecho no es aislado: es el reflejo del abandono hist\u00f3rico y ... Leer m\u00e1s\" \/>\n<meta property=\"og:url\" content=\"https:\/\/comite-civico.org\/?p=2360\" \/>\n<meta property=\"og:site_name\" content=\"Movimiento Social Paro C\u00edvico de Buenaventura\" \/>\n<meta property=\"article:published_time\" content=\"2025-08-11T02:32:29+00:00\" \/>\n<meta property=\"article:modified_time\" content=\"2025-08-11T02:38:09+00:00\" \/>\n<meta property=\"og:image\" content=\"http:\/\/comite-civico.org\/wp-content\/uploads\/2025\/08\/agresores-1.jpg\" \/>\n\t<meta property=\"og:image:width\" content=\"1920\" \/>\n\t<meta property=\"og:image:height\" content=\"1080\" \/>\n\t<meta property=\"og:image:type\" content=\"image\/jpeg\" \/>\n<meta name=\"author\" content=\"comiteadmin\" \/>\n<meta name=\"twitter:card\" content=\"summary_large_image\" \/>\n<meta name=\"twitter:label1\" content=\"Escrito por\" \/>\n\t<meta name=\"twitter:data1\" content=\"comiteadmin\" \/>\n\t<meta name=\"twitter:label2\" content=\"Tiempo de lectura\" \/>\n\t<meta name=\"twitter:data2\" content=\"2 minutos\" \/>\n<script type=\"application\/ld+json\" class=\"yoast-schema-graph\">{\"@context\":\"https:\/\/schema.org\",\"@graph\":[{\"@type\":\"Article\",\"@id\":\"https:\/\/comite-civico.org\/?p=2360#article\",\"isPartOf\":{\"@id\":\"https:\/\/comite-civico.org\/?p=2360\"},\"author\":{\"name\":\"comiteadmin\",\"@id\":\"https:\/\/comite-civico.org\/#\/schema\/person\/eebdf569aa3565fa603cc9c5b53cea34\"},\"headline\":\"No hay espacio para los agresores\",\"datePublished\":\"2025-08-11T02:32:29+00:00\",\"dateModified\":\"2025-08-11T02:38:09+00:00\",\"mainEntityOfPage\":{\"@id\":\"https:\/\/comite-civico.org\/?p=2360\"},\"wordCount\":168,\"commentCount\":0,\"publisher\":{\"@id\":\"https:\/\/comite-civico.org\/#organization\"},\"image\":{\"@id\":\"https:\/\/comite-civico.org\/?p=2360#primaryimage\"},\"thumbnailUrl\":\"https:\/\/comite-civico.org\/wp-content\/uploads\/2025\/08\/agresores-1.jpg\",\"inLanguage\":\"es-CO\",\"potentialAction\":[{\"@type\":\"CommentAction\",\"name\":\"Comment\",\"target\":[\"https:\/\/comite-civico.org\/?p=2360#respond\"]}]},{\"@type\":\"WebPage\",\"@id\":\"https:\/\/comite-civico.org\/?p=2360\",\"url\":\"https:\/\/comite-civico.org\/?p=2360\",\"name\":\"No hay espacio para los agresores - Movimiento Social Paro C\u00edvico de Buenaventura\",\"isPartOf\":{\"@id\":\"https:\/\/comite-civico.org\/#website\"},\"primaryImageOfPage\":{\"@id\":\"https:\/\/comite-civico.org\/?p=2360#primaryimage\"},\"image\":{\"@id\":\"https:\/\/comite-civico.org\/?p=2360#primaryimage\"},\"thumbnailUrl\":\"https:\/\/comite-civico.org\/wp-content\/uploads\/2025\/08\/agresores-1.jpg\",\"datePublished\":\"2025-08-11T02:32:29+00:00\",\"dateModified\":\"2025-08-11T02:38:09+00:00\",\"breadcrumb\":{\"@id\":\"https:\/\/comite-civico.org\/?p=2360#breadcrumb\"},\"inLanguage\":\"es-CO\",\"potentialAction\":[{\"@type\":\"ReadAction\",\"target\":[\"https:\/\/comite-civico.org\/?p=2360\"]}]},{\"@type\":\"ImageObject\",\"inLanguage\":\"es-CO\",\"@id\":\"https:\/\/comite-civico.org\/?p=2360#primaryimage\",\"url\":\"https:\/\/comite-civico.org\/wp-content\/uploads\/2025\/08\/agresores-1.jpg\",\"contentUrl\":\"https:\/\/comite-civico.org\/wp-content\/uploads\/2025\/08\/agresores-1.jpg\",\"width\":1920,\"height\":1080},{\"@type\":\"BreadcrumbList\",\"@id\":\"https:\/\/comite-civico.org\/?p=2360#breadcrumb\",\"itemListElement\":[{\"@type\":\"ListItem\",\"position\":1,\"name\":\"Inicio\",\"item\":\"https:\/\/comite-civico.org\/\"},{\"@type\":\"ListItem\",\"position\":2,\"name\":\"No hay espacio para los agresores\"}]},{\"@type\":\"WebSite\",\"@id\":\"https:\/\/comite-civico.org\/#website\",\"url\":\"https:\/\/comite-civico.org\/\",\"name\":\"Movimiento Social Paro C\u00edvico de Buenaventura\",\"description\":\"Movimiento Social Paro C\u00edvico de Buenaventura\",\"publisher\":{\"@id\":\"https:\/\/comite-civico.org\/#organization\"},\"potentialAction\":[{\"@type\":\"SearchAction\",\"target\":{\"@type\":\"EntryPoint\",\"urlTemplate\":\"https:\/\/comite-civico.org\/?s={search_term_string}\"},\"query-input\":{\"@type\":\"PropertyValueSpecification\",\"valueRequired\":true,\"valueName\":\"search_term_string\"}}],\"inLanguage\":\"es-CO\"},{\"@type\":\"Organization\",\"@id\":\"https:\/\/comite-civico.org\/#organization\",\"name\":\"Movimiento Social Paro C\u00edvico de Buenaventura\",\"url\":\"https:\/\/comite-civico.org\/\",\"logo\":{\"@type\":\"ImageObject\",\"inLanguage\":\"es-CO\",\"@id\":\"https:\/\/comite-civico.org\/#\/schema\/logo\/image\/\",\"url\":\"https:\/\/comite-civico.org\/wp-content\/uploads\/2021\/03\/Logo-de-Movimiento-Blanco-scaled.png\",\"contentUrl\":\"https:\/\/comite-civico.org\/wp-content\/uploads\/2021\/03\/Logo-de-Movimiento-Blanco-scaled.png\",\"width\":2560,\"height\":1810,\"caption\":\"Movimiento Social Paro C\u00edvico de Buenaventura\"},\"image\":{\"@id\":\"https:\/\/comite-civico.org\/#\/schema\/logo\/image\/\"}},{\"@type\":\"Person\",\"@id\":\"https:\/\/comite-civico.org\/#\/schema\/person\/eebdf569aa3565fa603cc9c5b53cea34\",\"name\":\"comiteadmin\",\"image\":{\"@type\":\"ImageObject\",\"inLanguage\":\"es-CO\",\"@id\":\"https:\/\/comite-civico.org\/#\/schema\/person\/image\/\",\"url\":\"https:\/\/secure.gravatar.com\/avatar\/516fb540621996b28f565fdf033072d55dd3fe76896ef4af5250b5fec1b457fe?s=96&d=mm&r=g\",\"contentUrl\":\"https:\/\/secure.gravatar.com\/avatar\/516fb540621996b28f565fdf033072d55dd3fe76896ef4af5250b5fec1b457fe?s=96&d=mm&r=g\",\"caption\":\"comiteadmin\"},\"sameAs\":[\"https:\/\/comite-civico.org\/\"],\"url\":\"https:\/\/comite-civico.org\/?author=1\"}]}<\/script>\n<!-- \/ Yoast SEO plugin. -->","yoast_head_json":{"title":"No hay espacio para los agresores - Movimiento Social Paro C\u00edvico de Buenaventura","robots":{"index":"index","follow":"follow","max-snippet":"max-snippet:-1","max-image-preview":"max-image-preview:large","max-video-preview":"max-video-preview:-1"},"canonical":"https:\/\/comite-civico.org\/?p=2360","og_locale":"es_ES","og_type":"article","og_title":"No hay espacio para los agresores - Movimiento Social Paro C\u00edvico de Buenaventura","og_description":"&#8220;Vivas, libres y en paz en nuestro territorio&#8221; \ud83d\udea8 Comunicado de Rechazo \ud83d\udea8Desde la Comisi\u00f3n de Mujeres del Movimiento Social Paro C\u00edvico de Buenaventura alzamos nuevamente la voz para condenar la brutal agresi\u00f3n sexual y f\u00edsica cometida contra una joven de nuestra zona rural.Este hecho no es aislado: es el reflejo del abandono hist\u00f3rico y ... Leer m\u00e1s","og_url":"https:\/\/comite-civico.org\/?p=2360","og_site_name":"Movimiento Social Paro C\u00edvico de Buenaventura","article_published_time":"2025-08-11T02:32:29+00:00","article_modified_time":"2025-08-11T02:38:09+00:00","og_image":[{"width":1920,"height":1080,"url":"http:\/\/comite-civico.org\/wp-content\/uploads\/2025\/08\/agresores-1.jpg","type":"image\/jpeg"}],"author":"comiteadmin","twitter_card":"summary_large_image","twitter_misc":{"Escrito por":"comiteadmin","Tiempo de lectura":"2 minutos"},"schema":{"@context":"https:\/\/schema.org","@graph":[{"@type":"Article","@id":"https:\/\/comite-civico.org\/?p=2360#article","isPartOf":{"@id":"https:\/\/comite-civico.org\/?p=2360"},"author":{"name":"comiteadmin","@id":"https:\/\/comite-civico.org\/#\/schema\/person\/eebdf569aa3565fa603cc9c5b53cea34"},"headline":"No hay espacio para los agresores","datePublished":"2025-08-11T02:32:29+00:00","dateModified":"2025-08-11T02:38:09+00:00","mainEntityOfPage":{"@id":"https:\/\/comite-civico.org\/?p=2360"},"wordCount":168,"commentCount":0,"publisher":{"@id":"https:\/\/comite-civico.org\/#organization"},"image":{"@id":"https:\/\/comite-civico.org\/?p=2360#primaryimage"},"thumbnailUrl":"https:\/\/comite-civico.org\/wp-content\/uploads\/2025\/08\/agresores-1.jpg","inLanguage":"es-CO","potentialAction":[{"@type":"CommentAction","name":"Comment","target":["https:\/\/comite-civico.org\/?p=2360#respond"]}]},{"@type":"WebPage","@id":"https:\/\/comite-civico.org\/?p=2360","url":"https:\/\/comite-civico.org\/?p=2360","name":"No hay espacio para los agresores - Movimiento Social Paro C\u00edvico de Buenaventura","isPartOf":{"@id":"https:\/\/comite-civico.org\/#website"},"primaryImageOfPage":{"@id":"https:\/\/comite-civico.org\/?p=2360#primaryimage"},"image":{"@id":"https:\/\/comite-civico.org\/?p=2360#primaryimage"},"thumbnailUrl":"https:\/\/comite-civico.org\/wp-content\/uploads\/2025\/08\/agresores-1.jpg","datePublished":"2025-08-11T02:32:29+00:00","dateModified":"2025-08-11T02:38:09+00:00","breadcrumb":{"@id":"https:\/\/comite-civico.org\/?p=2360#breadcrumb"},"inLanguage":"es-CO","potentialAction":[{"@type":"ReadAction","target":["https:\/\/comite-civico.org\/?p=2360"]}]},{"@type":"ImageObject","inLanguage":"es-CO","@id":"https:\/\/comite-civico.org\/?p=2360#primaryimage","url":"https:\/\/comite-civico.org\/wp-content\/uploads\/2025\/08\/agresores-1.jpg","contentUrl":"https:\/\/comite-civico.org\/wp-content\/uploads\/2025\/08\/agresores-1.jpg","width":1920,"height":1080},{"@type":"BreadcrumbList","@id":"https:\/\/comite-civico.org\/?p=2360#breadcrumb","itemListElement":[{"@type":"ListItem","position":1,"name":"Inicio","item":"https:\/\/comite-civico.org\/"},{"@type":"ListItem","position":2,"name":"No hay espacio para los agresores"}]},{"@type":"WebSite","@id":"https:\/\/comite-civico.org\/#website","url":"https:\/\/comite-civico.org\/","name":"Movimiento Social Paro C\u00edvico de Buenaventura","description":"Movimiento Social Paro C\u00edvico de Buenaventura","publisher":{"@id":"https:\/\/comite-civico.org\/#organization"},"potentialAction":[{"@type":"SearchAction","target":{"@type":"EntryPoint","urlTemplate":"https:\/\/comite-civico.org\/?s={search_term_string}"},"query-input":{"@type":"PropertyValueSpecification","valueRequired":true,"valueName":"search_term_string"}}],"inLanguage":"es-CO"},{"@type":"Organization","@id":"https:\/\/comite-civico.org\/#organization","name":"Movimiento Social Paro C\u00edvico de Buenaventura","url":"https:\/\/comite-civico.org\/","logo":{"@type":"ImageObject","inLanguage":"es-CO","@id":"https:\/\/comite-civico.org\/#\/schema\/logo\/image\/","url":"https:\/\/comite-civico.org\/wp-content\/uploads\/2021\/03\/Logo-de-Movimiento-Blanco-scaled.png","contentUrl":"https:\/\/comite-civico.org\/wp-content\/uploads\/2021\/03\/Logo-de-Movimiento-Blanco-scaled.png","width":2560,"height":1810,"caption":"Movimiento Social Paro C\u00edvico de Buenaventura"},"image":{"@id":"https:\/\/comite-civico.org\/#\/schema\/logo\/image\/"}},{"@type":"Person","@id":"https:\/\/comite-civico.org\/#\/schema\/person\/eebdf569aa3565fa603cc9c5b53cea34","name":"comiteadmin","image":{"@type":"ImageObject","inLanguage":"es-CO","@id":"https:\/\/comite-civico.org\/#\/schema\/person\/image\/","url":"https:\/\/secure.gravatar.com\/avatar\/516fb540621996b28f565fdf033072d55dd3fe76896ef4af5250b5fec1b457fe?s=96&d=mm&r=g","contentUrl":"https:\/\/secure.gravatar.com\/avatar\/516fb540621996b28f565fdf033072d55dd3fe76896ef4af5250b5fec1b457fe?s=96&d=mm&r=g","caption":"comiteadmin"},"sameAs":["https:\/\/comite-civico.org\/"],"url":"https:\/\/comite-civico.org\/?author=1"}]}},"_links":{"self":[{"href":"https:\/\/comite-civico.org\/index.php?rest_route=\/wp\/v2\/posts\/2360","targetHints":{"allow":["GET"]}}],"collection":[{"href":"https:\/\/comite-civico.org\/index.php?rest_route=\/wp\/v2\/posts"}],"about":[{"href":"https:\/\/comite-civico.org\/index.php?rest_route=\/wp\/v2\/types\/post"}],"author":[{"embeddable":true,"href":"https:\/\/comite-civico.org\/index.php?rest_route=\/wp\/v2\/users\/1"}],"replies":[{"embeddable":true,"href":"https:\/\/comite-civico.org\/index.php?rest_route=%2Fwp%2Fv2%2Fcomments&post=2360"}],"version-history":[{"count":19,"href":"https:\/\/comite-civico.org\/index.php?rest_route=\/wp\/v2\/posts\/2360\/revisions"}],"predecessor-version":[{"id":2385,"href":"https:\/\/comite-civico.org\/index.php?rest_route=\/wp\/v2\/posts\/2360\/revisions\/2385"}],"wp:featuredmedia":[{"embeddable":true,"href":"https:\/\/comite-civico.org\/index.php?rest_route=\/wp\/v2\/media\/2362"}],"wp:attachment":[{"href":"https:\/\/comite-civico.org\/index.php?rest_route=%2Fwp%2Fv2%2Fmedia&parent=2360"}],"wp:term":[{"taxonomy":"category","embeddable":true,"href":"https:\/\/comite-civico.org\/index.php?rest_route=%2Fwp%2Fv2%2Fcategories&post=2360"},{"taxonomy":"post_tag","embeddable":true,"href":"https:\/\/comite-civico.org\/index.php?rest_route=%2Fwp%2Fv2%2Ftags&post=2360"}],"curies":[{"name":"wp","href":"https:\/\/api.w.org\/{rel}","templated":true}]}}