{"id":2321,"date":"2025-08-04T13:10:37","date_gmt":"2025-08-04T18:10:37","guid":{"rendered":"https:\/\/comite-civico.org\/?p=2321"},"modified":"2025-08-08T19:27:41","modified_gmt":"2025-08-09T00:27:41","slug":"capacitacion-para-contratistas-con-fonbuenaventura","status":"publish","type":"post","link":"https:\/\/comite-civico.org\/?p=2321","title":{"rendered":"\u00a1Capacitaci\u00f3n para Contratistas con FONBUENAVENTURA!"},"content":{"rendered":"\t\t<div data-elementor-type=\"wp-post\" data-elementor-id=\"2321\" class=\"elementor elementor-2321\" data-elementor-post-type=\"post\">\n\t\t\t\t\t\t<section data-particle_enable=\"false\" data-particle-mobile-disabled=\"false\" class=\"elementor-section elementor-top-section elementor-element elementor-element-eca193a elementor-section-boxed elementor-section-height-default elementor-section-height-default\" data-id=\"eca193a\" data-element_type=\"section\" data-settings=\"{&quot;jet_parallax_layout_list&quot;:[]}\">\n\t\t\t\t\t\t<div class=\"elementor-container elementor-column-gap-default\">\n\t\t\t\t\t<div class=\"elementor-column elementor-col-100 elementor-top-column elementor-element elementor-element-2aa9db1\" data-id=\"2aa9db1\" data-element_type=\"column\">\n\t\t\t<div class=\"elementor-widget-wrap elementor-element-populated\">\n\t\t\t\t\t\t<div class=\"elementor-element elementor-element-f44b78e elementor-widget elementor-widget-heading\" data-id=\"f44b78e\" data-element_type=\"widget\" data-widget_type=\"heading.default\">\n\t\t\t\t<div class=\"elementor-widget-container\">\n\t\t\t\t\t<h2 class=\"elementor-heading-title elementor-size-default\">Capacitaci\u00f3n para Contratistas con FONBUENAVENTURA se Reprograma para el 19 de Agosto<\/h2>\t\t\t\t<\/div>\n\t\t\t\t<\/div>\n\t\t\t\t\t<\/div>\n\t\t<\/div>\n\t\t\t\t\t<\/div>\n\t\t<\/section>\n\t\t\t\t<section data-particle_enable=\"false\" data-particle-mobile-disabled=\"false\" class=\"elementor-section elementor-top-section elementor-element elementor-element-5cb596d elementor-section-boxed elementor-section-height-default elementor-section-height-default\" data-id=\"5cb596d\" data-element_type=\"section\" data-settings=\"{&quot;jet_parallax_layout_list&quot;:[]}\">\n\t\t\t\t\t\t<div class=\"elementor-container elementor-column-gap-default\">\n\t\t\t\t\t<div class=\"elementor-column elementor-col-100 elementor-top-column elementor-element elementor-element-d15943a\" data-id=\"d15943a\" data-element_type=\"column\">\n\t\t\t<div class=\"elementor-widget-wrap elementor-element-populated\">\n\t\t\t\t\t\t<div class=\"elementor-element elementor-element-2dbfe73 elementor-widget__width-initial elementor-widget elementor-widget-text-editor\" data-id=\"2dbfe73\" data-element_type=\"widget\" data-widget_type=\"text-editor.default\">\n\t\t\t\t<div class=\"elementor-widget-container\">\n\t\t\t\t\t\t\t\t\t<p data-start=\"63\" data-end=\"256\"><strong data-start=\"63\" data-end=\"90\">\u00a1Atenci\u00f3n Contratistas!<\/strong><\/p>\n<p data-start=\"63\" data-end=\"256\">Por motivos de fuerza mayor, se <strong data-start=\"125\" data-end=\"186\">aplaza la capacitaci\u00f3n para contratar con FONBUENAVENTURA<\/strong>, que estaba programada para el d\u00eda, <strong data-start=\"223\" data-end=\"253\">s\u00e1bado 9 de agosto de 2025<\/strong>.<\/p>\n<p data-start=\"258\" data-end=\"470\">La jornada se <strong data-start=\"272\" data-end=\"286\">reprograma<\/strong> para el <strong data-start=\"295\" data-end=\"326\">martes 19 de agosto de 2025<\/strong>, a las <strong data-start=\"334\" data-end=\"347\">9:00 a.m.<\/strong>, en la <strong data-start=\"355\" data-end=\"407\">Oficina 603 del Centro Comercial Galer\u00eda Central<\/strong>, sede del <strong data-start=\"418\" data-end=\"467\">Movimiento Social Paro C\u00edvico de Buenaventura<\/strong>.<\/p>\n<p data-start=\"472\" data-end=\"722\">Agradecemos su comprensi\u00f3n y los invitamos a participar de esta importante capacitaci\u00f3n, que busca fortalecer la participaci\u00f3n de nuestras empresas locales en los procesos de contrataci\u00f3n p\u00fablica, en l\u00ednea con el sue\u00f1o colectivo del <strong data-start=\"705\" data-end=\"719\">PIEDB 2040<\/strong>.<\/p>\n<p><img decoding=\"async\" class=\"emoji\" role=\"img\" draggable=\"false\" src=\"https:\/\/s.w.org\/images\/core\/emoji\/16.0.1\/svg\/1f53d.svg\" alt=\"\ud83d\udd3d\"> <strong data-start=\"1040\" data-end=\"1088\">Descarga el comunicado completo en PDF aqu\u00ed:<\/strong><\/p>\t\t\t\t\t\t\t\t<\/div>\n\t\t\t\t<\/div>\n\t\t\t\t\t<\/div>\n\t\t<\/div>\n\t\t\t\t\t<\/div>\n\t\t<\/section>\n\t\t\t\t<section data-particle_enable=\"false\" data-particle-mobile-disabled=\"false\" class=\"elementor-section elementor-top-section elementor-element elementor-element-f94d1d3 elementor-section-boxed elementor-section-height-default elementor-section-height-default\" data-id=\"f94d1d3\" data-element_type=\"section\" data-settings=\"{&quot;jet_parallax_layout_list&quot;:[]}\">\n\t\t\t\t\t\t<div class=\"elementor-container elementor-column-gap-default\">\n\t\t\t\t\t<div class=\"elementor-column elementor-col-100 elementor-top-column elementor-element elementor-element-2742652\" data-id=\"2742652\" data-element_type=\"column\">\n\t\t\t<div class=\"elementor-widget-wrap elementor-element-populated\">\n\t\t\t\t\t\t<div class=\"elementor-element elementor-element-412550b dce_masking-none elementor-widget elementor-widget-image\" data-id=\"412550b\" data-element_type=\"widget\" data-widget_type=\"image.default\">\n\t\t\t\t<div class=\"elementor-widget-container\">\n\t\t\t\t\t\t\t\t\t\t\t\t\t\t\t\t<a href=\"http:\/\/comite-civico.org\/wp-content\/uploads\/2025\/08\/Invitacion_para_los_profesionales.pdf\">\n\t\t\t\t\t\t\t<img fetchpriority=\"high\" decoding=\"async\" width=\"1920\" height=\"400\" src=\"https:\/\/comite-civico.org\/wp-content\/uploads\/2025\/08\/intermedio-03.jpg\" class=\"attachment-full size-full wp-image-2349\" alt=\"\" srcset=\"https:\/\/comite-civico.org\/wp-content\/uploads\/2025\/08\/intermedio-03.jpg 1920w, https:\/\/comite-civico.org\/wp-content\/uploads\/2025\/08\/intermedio-03-300x63.jpg 300w, https:\/\/comite-civico.org\/wp-content\/uploads\/2025\/08\/intermedio-03-1024x213.jpg 1024w, https:\/\/comite-civico.org\/wp-content\/uploads\/2025\/08\/intermedio-03-768x160.jpg 768w, https:\/\/comite-civico.org\/wp-content\/uploads\/2025\/08\/intermedio-03-1536x320.jpg 1536w\" sizes=\"(max-width: 1920px) 100vw, 1920px\" \/>\t\t\t\t\t\t\t\t<\/a>\n\t\t\t\t\t\t\t\t\t\t\t\t\t\t\t<\/div>\n\t\t\t\t<\/div>\n\t\t\t\t\t<\/div>\n\t\t<\/div>\n\t\t\t\t\t<\/div>\n\t\t<\/section>\n\t\t\t\t<section data-particle_enable=\"false\" data-particle-mobile-disabled=\"false\" class=\"elementor-section elementor-top-section elementor-element elementor-element-3693f3c elementor-section-boxed elementor-section-height-default elementor-section-height-default\" data-id=\"3693f3c\" data-element_type=\"section\" data-settings=\"{&quot;jet_parallax_layout_list&quot;:[]}\">\n\t\t\t\t\t\t<div class=\"elementor-container elementor-column-gap-default\">\n\t\t\t\t\t<div class=\"elementor-column elementor-col-100 elementor-top-column elementor-element elementor-element-8e595f6\" data-id=\"8e595f6\" data-element_type=\"column\">\n\t\t\t<div class=\"elementor-widget-wrap\">\n\t\t\t\t\t\t\t<\/div>\n\t\t<\/div>\n\t\t\t\t\t<\/div>\n\t\t<\/section>\n\t\t\t\t<\/div>\n\t\t","protected":false},"excerpt":{"rendered":"<p>Capacitaci\u00f3n para Contratistas con FONBUENAVENTURA se Reprograma para el 19 de Agosto \u00a1Atenci\u00f3n Contratistas! Por motivos de fuerza mayor, se aplaza la capacitaci\u00f3n para contratar con FONBUENAVENTURA, que estaba programada para el d\u00eda, s\u00e1bado 9 de agosto de 2025. La jornada se reprograma para el martes 19 de agosto de 2025, a las 9:00 a.m., &#8230; <a title=\"\u00a1Capacitaci\u00f3n para Contratistas con FONBUENAVENTURA!\" class=\"read-more\" href=\"https:\/\/comite-civico.org\/?p=2321\" aria-label=\"Read more about \u00a1Capacitaci\u00f3n para Contratistas con FONBUENAVENTURA!\">Leer m\u00e1s<\/a><\/p>\n","protected":false},"author":1,"featured_media":2340,"comment_status":"open","ping_status":"open","sticky":false,"template":"elementor_canvas","format":"standard","meta":{"footnotes":""},"categories":[1],"tags":[],"class_list":["post-2321","post","type-post","status-publish","format-standard","has-post-thumbnail","hentry","category-sin-categoria"],"acf":[],"yoast_head":"<!-- This site is optimized with the Yoast SEO plugin v25.0 - https:\/\/yoast.com\/wordpress\/plugins\/seo\/ -->\n<title>\u00a1Capacitaci\u00f3n para Contratistas con FONBUENAVENTURA! - Movimiento Social Paro C\u00edvico de Buenaventura<\/title>\n<meta name=\"robots\" content=\"index, follow, max-snippet:-1, max-image-preview:large, max-video-preview:-1\" \/>\n<link rel=\"canonical\" href=\"https:\/\/comite-civico.org\/?p=2321\" \/>\n<meta property=\"og:locale\" content=\"es_ES\" \/>\n<meta property=\"og:type\" content=\"article\" \/>\n<meta property=\"og:title\" content=\"\u00a1Capacitaci\u00f3n para Contratistas con FONBUENAVENTURA! - Movimiento Social Paro C\u00edvico de Buenaventura\" \/>\n<meta property=\"og:description\" content=\"Capacitaci\u00f3n para Contratistas con FONBUENAVENTURA se Reprograma para el 19 de Agosto \u00a1Atenci\u00f3n Contratistas! Por motivos de fuerza mayor, se aplaza la capacitaci\u00f3n para contratar con FONBUENAVENTURA, que estaba programada para el d\u00eda, s\u00e1bado 9 de agosto de 2025. La jornada se reprograma para el martes 19 de agosto de 2025, a las 9:00 a.m., ... Leer m\u00e1s\" \/>\n<meta property=\"og:url\" content=\"https:\/\/comite-civico.org\/?p=2321\" \/>\n<meta property=\"og:site_name\" content=\"Movimiento Social Paro C\u00edvico de Buenaventura\" \/>\n<meta property=\"article:published_time\" content=\"2025-08-04T18:10:37+00:00\" \/>\n<meta property=\"article:modified_time\" content=\"2025-08-09T00:27:41+00:00\" \/>\n<meta property=\"og:image\" content=\"http:\/\/comite-civico.org\/wp-content\/uploads\/2025\/08\/capacitacion-paro-civico.jpg\" \/>\n\t<meta property=\"og:image:width\" content=\"1920\" \/>\n\t<meta property=\"og:image:height\" content=\"1080\" \/>\n\t<meta property=\"og:image:type\" content=\"image\/jpeg\" \/>\n<meta name=\"author\" content=\"comiteadmin\" \/>\n<meta name=\"twitter:card\" content=\"summary_large_image\" \/>\n<meta name=\"twitter:label1\" content=\"Escrito por\" \/>\n\t<meta name=\"twitter:data1\" content=\"comiteadmin\" \/>\n\t<meta name=\"twitter:label2\" content=\"Tiempo de lectura\" \/>\n\t<meta name=\"twitter:data2\" content=\"1 minuto\" \/>\n<script type=\"application\/ld+json\" class=\"yoast-schema-graph\">{\"@context\":\"https:\/\/schema.org\",\"@graph\":[{\"@type\":\"Article\",\"@id\":\"https:\/\/comite-civico.org\/?p=2321#article\",\"isPartOf\":{\"@id\":\"https:\/\/comite-civico.org\/?p=2321\"},\"author\":{\"name\":\"comiteadmin\",\"@id\":\"https:\/\/comite-civico.org\/#\/schema\/person\/eebdf569aa3565fa603cc9c5b53cea34\"},\"headline\":\"\u00a1Capacitaci\u00f3n para Contratistas con FONBUENAVENTURA!\",\"datePublished\":\"2025-08-04T18:10:37+00:00\",\"dateModified\":\"2025-08-09T00:27:41+00:00\",\"mainEntityOfPage\":{\"@id\":\"https:\/\/comite-civico.org\/?p=2321\"},\"wordCount\":128,\"commentCount\":0,\"publisher\":{\"@id\":\"https:\/\/comite-civico.org\/#organization\"},\"image\":{\"@id\":\"https:\/\/comite-civico.org\/?p=2321#primaryimage\"},\"thumbnailUrl\":\"https:\/\/comite-civico.org\/wp-content\/uploads\/2025\/08\/capacitacion-paro-civico.jpg\",\"inLanguage\":\"es-CO\",\"potentialAction\":[{\"@type\":\"CommentAction\",\"name\":\"Comment\",\"target\":[\"https:\/\/comite-civico.org\/?p=2321#respond\"]}]},{\"@type\":\"WebPage\",\"@id\":\"https:\/\/comite-civico.org\/?p=2321\",\"url\":\"https:\/\/comite-civico.org\/?p=2321\",\"name\":\"\u00a1Capacitaci\u00f3n para Contratistas con FONBUENAVENTURA! - Movimiento Social Paro C\u00edvico de Buenaventura\",\"isPartOf\":{\"@id\":\"https:\/\/comite-civico.org\/#website\"},\"primaryImageOfPage\":{\"@id\":\"https:\/\/comite-civico.org\/?p=2321#primaryimage\"},\"image\":{\"@id\":\"https:\/\/comite-civico.org\/?p=2321#primaryimage\"},\"thumbnailUrl\":\"https:\/\/comite-civico.org\/wp-content\/uploads\/2025\/08\/capacitacion-paro-civico.jpg\",\"datePublished\":\"2025-08-04T18:10:37+00:00\",\"dateModified\":\"2025-08-09T00:27:41+00:00\",\"breadcrumb\":{\"@id\":\"https:\/\/comite-civico.org\/?p=2321#breadcrumb\"},\"inLanguage\":\"es-CO\",\"potentialAction\":[{\"@type\":\"ReadAction\",\"target\":[\"https:\/\/comite-civico.org\/?p=2321\"]}]},{\"@type\":\"ImageObject\",\"inLanguage\":\"es-CO\",\"@id\":\"https:\/\/comite-civico.org\/?p=2321#primaryimage\",\"url\":\"https:\/\/comite-civico.org\/wp-content\/uploads\/2025\/08\/capacitacion-paro-civico.jpg\",\"contentUrl\":\"https:\/\/comite-civico.org\/wp-content\/uploads\/2025\/08\/capacitacion-paro-civico.jpg\",\"width\":1920,\"height\":1080},{\"@type\":\"BreadcrumbList\",\"@id\":\"https:\/\/comite-civico.org\/?p=2321#breadcrumb\",\"itemListElement\":[{\"@type\":\"ListItem\",\"position\":1,\"name\":\"Inicio\",\"item\":\"https:\/\/comite-civico.org\/\"},{\"@type\":\"ListItem\",\"position\":2,\"name\":\"\u00a1Capacitaci\u00f3n para Contratistas con FONBUENAVENTURA!\"}]},{\"@type\":\"WebSite\",\"@id\":\"https:\/\/comite-civico.org\/#website\",\"url\":\"https:\/\/comite-civico.org\/\",\"name\":\"Movimiento Social Paro C\u00edvico de Buenaventura\",\"description\":\"Movimiento Social Paro C\u00edvico de Buenaventura\",\"publisher\":{\"@id\":\"https:\/\/comite-civico.org\/#organization\"},\"potentialAction\":[{\"@type\":\"SearchAction\",\"target\":{\"@type\":\"EntryPoint\",\"urlTemplate\":\"https:\/\/comite-civico.org\/?s={search_term_string}\"},\"query-input\":{\"@type\":\"PropertyValueSpecification\",\"valueRequired\":true,\"valueName\":\"search_term_string\"}}],\"inLanguage\":\"es-CO\"},{\"@type\":\"Organization\",\"@id\":\"https:\/\/comite-civico.org\/#organization\",\"name\":\"Movimiento Social Paro C\u00edvico de Buenaventura\",\"url\":\"https:\/\/comite-civico.org\/\",\"logo\":{\"@type\":\"ImageObject\",\"inLanguage\":\"es-CO\",\"@id\":\"https:\/\/comite-civico.org\/#\/schema\/logo\/image\/\",\"url\":\"https:\/\/comite-civico.org\/wp-content\/uploads\/2021\/03\/Logo-de-Movimiento-Blanco-scaled.png\",\"contentUrl\":\"https:\/\/comite-civico.org\/wp-content\/uploads\/2021\/03\/Logo-de-Movimiento-Blanco-scaled.png\",\"width\":2560,\"height\":1810,\"caption\":\"Movimiento Social Paro C\u00edvico de Buenaventura\"},\"image\":{\"@id\":\"https:\/\/comite-civico.org\/#\/schema\/logo\/image\/\"}},{\"@type\":\"Person\",\"@id\":\"https:\/\/comite-civico.org\/#\/schema\/person\/eebdf569aa3565fa603cc9c5b53cea34\",\"name\":\"comiteadmin\",\"image\":{\"@type\":\"ImageObject\",\"inLanguage\":\"es-CO\",\"@id\":\"https:\/\/comite-civico.org\/#\/schema\/person\/image\/\",\"url\":\"https:\/\/secure.gravatar.com\/avatar\/516fb540621996b28f565fdf033072d55dd3fe76896ef4af5250b5fec1b457fe?s=96&d=mm&r=g\",\"contentUrl\":\"https:\/\/secure.gravatar.com\/avatar\/516fb540621996b28f565fdf033072d55dd3fe76896ef4af5250b5fec1b457fe?s=96&d=mm&r=g\",\"caption\":\"comiteadmin\"},\"sameAs\":[\"https:\/\/comite-civico.org\/\"],\"url\":\"https:\/\/comite-civico.org\/?author=1\"}]}<\/script>\n<!-- \/ Yoast SEO plugin. -->","yoast_head_json":{"title":"\u00a1Capacitaci\u00f3n para Contratistas con FONBUENAVENTURA! - Movimiento Social Paro C\u00edvico de Buenaventura","robots":{"index":"index","follow":"follow","max-snippet":"max-snippet:-1","max-image-preview":"max-image-preview:large","max-video-preview":"max-video-preview:-1"},"canonical":"https:\/\/comite-civico.org\/?p=2321","og_locale":"es_ES","og_type":"article","og_title":"\u00a1Capacitaci\u00f3n para Contratistas con FONBUENAVENTURA! - Movimiento Social Paro C\u00edvico de Buenaventura","og_description":"Capacitaci\u00f3n para Contratistas con FONBUENAVENTURA se Reprograma para el 19 de Agosto \u00a1Atenci\u00f3n Contratistas! Por motivos de fuerza mayor, se aplaza la capacitaci\u00f3n para contratar con FONBUENAVENTURA, que estaba programada para el d\u00eda, s\u00e1bado 9 de agosto de 2025. La jornada se reprograma para el martes 19 de agosto de 2025, a las 9:00 a.m., ... Leer m\u00e1s","og_url":"https:\/\/comite-civico.org\/?p=2321","og_site_name":"Movimiento Social Paro C\u00edvico de Buenaventura","article_published_time":"2025-08-04T18:10:37+00:00","article_modified_time":"2025-08-09T00:27:41+00:00","og_image":[{"width":1920,"height":1080,"url":"http:\/\/comite-civico.org\/wp-content\/uploads\/2025\/08\/capacitacion-paro-civico.jpg","type":"image\/jpeg"}],"author":"comiteadmin","twitter_card":"summary_large_image","twitter_misc":{"Escrito por":"comiteadmin","Tiempo de lectura":"1 minuto"},"schema":{"@context":"https:\/\/schema.org","@graph":[{"@type":"Article","@id":"https:\/\/comite-civico.org\/?p=2321#article","isPartOf":{"@id":"https:\/\/comite-civico.org\/?p=2321"},"author":{"name":"comiteadmin","@id":"https:\/\/comite-civico.org\/#\/schema\/person\/eebdf569aa3565fa603cc9c5b53cea34"},"headline":"\u00a1Capacitaci\u00f3n para Contratistas con FONBUENAVENTURA!","datePublished":"2025-08-04T18:10:37+00:00","dateModified":"2025-08-09T00:27:41+00:00","mainEntityOfPage":{"@id":"https:\/\/comite-civico.org\/?p=2321"},"wordCount":128,"commentCount":0,"publisher":{"@id":"https:\/\/comite-civico.org\/#organization"},"image":{"@id":"https:\/\/comite-civico.org\/?p=2321#primaryimage"},"thumbnailUrl":"https:\/\/comite-civico.org\/wp-content\/uploads\/2025\/08\/capacitacion-paro-civico.jpg","inLanguage":"es-CO","potentialAction":[{"@type":"CommentAction","name":"Comment","target":["https:\/\/comite-civico.org\/?p=2321#respond"]}]},{"@type":"WebPage","@id":"https:\/\/comite-civico.org\/?p=2321","url":"https:\/\/comite-civico.org\/?p=2321","name":"\u00a1Capacitaci\u00f3n para Contratistas con FONBUENAVENTURA! - Movimiento Social Paro C\u00edvico de Buenaventura","isPartOf":{"@id":"https:\/\/comite-civico.org\/#website"},"primaryImageOfPage":{"@id":"https:\/\/comite-civico.org\/?p=2321#primaryimage"},"image":{"@id":"https:\/\/comite-civico.org\/?p=2321#primaryimage"},"thumbnailUrl":"https:\/\/comite-civico.org\/wp-content\/uploads\/2025\/08\/capacitacion-paro-civico.jpg","datePublished":"2025-08-04T18:10:37+00:00","dateModified":"2025-08-09T00:27:41+00:00","breadcrumb":{"@id":"https:\/\/comite-civico.org\/?p=2321#breadcrumb"},"inLanguage":"es-CO","potentialAction":[{"@type":"ReadAction","target":["https:\/\/comite-civico.org\/?p=2321"]}]},{"@type":"ImageObject","inLanguage":"es-CO","@id":"https:\/\/comite-civico.org\/?p=2321#primaryimage","url":"https:\/\/comite-civico.org\/wp-content\/uploads\/2025\/08\/capacitacion-paro-civico.jpg","contentUrl":"https:\/\/comite-civico.org\/wp-content\/uploads\/2025\/08\/capacitacion-paro-civico.jpg","width":1920,"height":1080},{"@type":"BreadcrumbList","@id":"https:\/\/comite-civico.org\/?p=2321#breadcrumb","itemListElement":[{"@type":"ListItem","position":1,"name":"Inicio","item":"https:\/\/comite-civico.org\/"},{"@type":"ListItem","position":2,"name":"\u00a1Capacitaci\u00f3n para Contratistas con FONBUENAVENTURA!"}]},{"@type":"WebSite","@id":"https:\/\/comite-civico.org\/#website","url":"https:\/\/comite-civico.org\/","name":"Movimiento Social Paro C\u00edvico de Buenaventura","description":"Movimiento Social Paro C\u00edvico de Buenaventura","publisher":{"@id":"https:\/\/comite-civico.org\/#organization"},"potentialAction":[{"@type":"SearchAction","target":{"@type":"EntryPoint","urlTemplate":"https:\/\/comite-civico.org\/?s={search_term_string}"},"query-input":{"@type":"PropertyValueSpecification","valueRequired":true,"valueName":"search_term_string"}}],"inLanguage":"es-CO"},{"@type":"Organization","@id":"https:\/\/comite-civico.org\/#organization","name":"Movimiento Social Paro C\u00edvico de Buenaventura","url":"https:\/\/comite-civico.org\/","logo":{"@type":"ImageObject","inLanguage":"es-CO","@id":"https:\/\/comite-civico.org\/#\/schema\/logo\/image\/","url":"https:\/\/comite-civico.org\/wp-content\/uploads\/2021\/03\/Logo-de-Movimiento-Blanco-scaled.png","contentUrl":"https:\/\/comite-civico.org\/wp-content\/uploads\/2021\/03\/Logo-de-Movimiento-Blanco-scaled.png","width":2560,"height":1810,"caption":"Movimiento Social Paro C\u00edvico de Buenaventura"},"image":{"@id":"https:\/\/comite-civico.org\/#\/schema\/logo\/image\/"}},{"@type":"Person","@id":"https:\/\/comite-civico.org\/#\/schema\/person\/eebdf569aa3565fa603cc9c5b53cea34","name":"comiteadmin","image":{"@type":"ImageObject","inLanguage":"es-CO","@id":"https:\/\/comite-civico.org\/#\/schema\/person\/image\/","url":"https:\/\/secure.gravatar.com\/avatar\/516fb540621996b28f565fdf033072d55dd3fe76896ef4af5250b5fec1b457fe?s=96&d=mm&r=g","contentUrl":"https:\/\/secure.gravatar.com\/avatar\/516fb540621996b28f565fdf033072d55dd3fe76896ef4af5250b5fec1b457fe?s=96&d=mm&r=g","caption":"comiteadmin"},"sameAs":["https:\/\/comite-civico.org\/"],"url":"https:\/\/comite-civico.org\/?author=1"}]}},"_links":{"self":[{"href":"https:\/\/comite-civico.org\/index.php?rest_route=\/wp\/v2\/posts\/2321","targetHints":{"allow":["GET"]}}],"collection":[{"href":"https:\/\/comite-civico.org\/index.php?rest_route=\/wp\/v2\/posts"}],"about":[{"href":"https:\/\/comite-civico.org\/index.php?rest_route=\/wp\/v2\/types\/post"}],"author":[{"embeddable":true,"href":"https:\/\/comite-civico.org\/index.php?rest_route=\/wp\/v2\/users\/1"}],"replies":[{"embeddable":true,"href":"https:\/\/comite-civico.org\/index.php?rest_route=%2Fwp%2Fv2%2Fcomments&post=2321"}],"version-history":[{"count":27,"href":"https:\/\/comite-civico.org\/index.php?rest_route=\/wp\/v2\/posts\/2321\/revisions"}],"predecessor-version":[{"id":2357,"href":"https:\/\/comite-civico.org\/index.php?rest_route=\/wp\/v2\/posts\/2321\/revisions\/2357"}],"wp:featuredmedia":[{"embeddable":true,"href":"https:\/\/comite-civico.org\/index.php?rest_route=\/wp\/v2\/media\/2340"}],"wp:attachment":[{"href":"https:\/\/comite-civico.org\/index.php?rest_route=%2Fwp%2Fv2%2Fmedia&parent=2321"}],"wp:term":[{"taxonomy":"category","embeddable":true,"href":"https:\/\/comite-civico.org\/index.php?rest_route=%2Fwp%2Fv2%2Fcategories&post=2321"},{"taxonomy":"post_tag","embeddable":true,"href":"https:\/\/comite-civico.org\/index.php?rest_route=%2Fwp%2Fv2%2Ftags&post=2321"}],"curies":[{"name":"wp","href":"https:\/\/api.w.org\/{rel}","templated":true}]}}