{"id":2290,"date":"2025-07-04T18:09:19","date_gmt":"2025-07-04T23:09:19","guid":{"rendered":"https:\/\/comite-civico.org\/?p=2290"},"modified":"2025-07-04T18:09:46","modified_gmt":"2025-07-04T23:09:46","slug":"buenaventura-avanza-hacia-la-recuperacion-de-los-terrenos-de-la-antigua-zona-franca-para-el-desarrollo-social-y-economico-del-territorio","status":"publish","type":"post","link":"https:\/\/comite-civico.org\/?p=2290","title":{"rendered":"Buenaventura avanza hacia la recuperaci\u00f3n de los terrenos de la antigua Zona Franca para el desarrollo social y econ\u00f3mico del territorio"},"content":{"rendered":"\n<p><\/p>\n\n\n\n<p>En el marco de una audiencia p\u00fablica convocada recientemente, se abord\u00f3 el destino de los terrenos de la antigua Zona Franca en Buenaventura, un proceso que desde el a\u00f1o 2017 ha sido impulsado por el Movimiento Social Paro C\u00edvico con el objetivo de que estos lotes sean devueltos por el Estado y puestos al servicio del bienestar colectivo de la ciudad.<\/p>\n\n\n\n<p>Durante la audiencia, se reiter\u00f3 la necesidad de que el Gobierno Nacional no solo cumpla con la entrega de este bien, sino que lo haga en condiciones dignas, reconociendo el deterioro en el que se encuentra actualmente. Las organizaciones sociales y comunitarias proponen que se realice una consultor\u00eda especializada que recoja las distintas propuestas existentes y permita definir, de forma t\u00e9cnica y participativa, el uso que m\u00e1s beneficie a Buenaventura desde el punto de vista social, econ\u00f3mico y ambiental.<\/p>\n\n\n\n<div class=\"wp-block-columns is-layout-flex wp-container-core-columns-is-layout-9d6595d7 wp-block-columns-is-layout-flex\">\n<div class=\"wp-block-column is-layout-flow wp-block-column-is-layout-flow\">\n<figure class=\"wp-block-image size-large\"><img fetchpriority=\"high\" decoding=\"async\" width=\"1024\" height=\"484\" src=\"http:\/\/comite-civico.org\/wp-content\/uploads\/2025\/07\/DSC09213-1024x484.jpg\" alt=\"\" class=\"wp-image-2291\" srcset=\"https:\/\/comite-civico.org\/wp-content\/uploads\/2025\/07\/DSC09213-1024x484.jpg 1024w, https:\/\/comite-civico.org\/wp-content\/uploads\/2025\/07\/DSC09213-300x142.jpg 300w, https:\/\/comite-civico.org\/wp-content\/uploads\/2025\/07\/DSC09213-768x363.jpg 768w, https:\/\/comite-civico.org\/wp-content\/uploads\/2025\/07\/DSC09213-1536x727.jpg 1536w, https:\/\/comite-civico.org\/wp-content\/uploads\/2025\/07\/DSC09213-2048x969.jpg 2048w\" sizes=\"(max-width: 1024px) 100vw, 1024px\" \/><\/figure>\n<\/div>\n\n\n\n<div class=\"wp-block-column is-layout-flow wp-block-column-is-layout-flow\">\n<figure class=\"wp-block-image size-large is-resized\"><img decoding=\"async\" width=\"1024\" height=\"576\" src=\"https:\/\/comite-civico.org\/wp-content\/uploads\/2025\/07\/DSC09220-1024x576.jpg\" alt=\"\" class=\"wp-image-2293\" style=\"width:363px;height:auto\" srcset=\"https:\/\/comite-civico.org\/wp-content\/uploads\/2025\/07\/DSC09220-1024x576.jpg 1024w, https:\/\/comite-civico.org\/wp-content\/uploads\/2025\/07\/DSC09220-300x169.jpg 300w, https:\/\/comite-civico.org\/wp-content\/uploads\/2025\/07\/DSC09220-768x432.jpg 768w, https:\/\/comite-civico.org\/wp-content\/uploads\/2025\/07\/DSC09220-1536x864.jpg 1536w, https:\/\/comite-civico.org\/wp-content\/uploads\/2025\/07\/DSC09220-2048x1152.jpg 2048w\" sizes=\"(max-width: 1024px) 100vw, 1024px\" \/><\/figure>\n<\/div>\n<\/div>\n\n\n\n<p>Una de las iniciativas presentadas plantea el desarrollo de una plataforma log\u00edstica, tecnol\u00f3gica, comercial e industrial que permita agregar valor a la carga que transita por el puerto. Esta propuesta se inspira en experiencias internacionales exitosas que han transformado terrenos similares en zonas productivas generadoras de empleo, fortalecimiento empresarial y dinamismo econ\u00f3mico para sus regiones.<\/p>\n\n\n\n<p>Adem\u00e1s de generar ingresos y empleos, esta visi\u00f3n busca fortalecer las competencias del talento humano local y mejorar la competitividad del distrito de Buenaventura. Actividades como el alistamiento y adecuaci\u00f3n de carga importada, incluyendo veh\u00edculos, que actualmente se realizan en otras ciudades, podr\u00edan desarrollarse en Buenaventura, generando beneficios directos a la poblaci\u00f3n.<\/p>\n\n\n\n<div class=\"wp-block-columns is-layout-flex wp-container-core-columns-is-layout-9d6595d7 wp-block-columns-is-layout-flex\">\n<div class=\"wp-block-column is-layout-flow wp-block-column-is-layout-flow\" style=\"flex-basis:66.66%\">\n<figure class=\"wp-block-gallery has-nested-images columns-default is-cropped wp-block-gallery-1 is-layout-flex wp-block-gallery-is-layout-flex\">\n<figure class=\"wp-block-image size-large\"><img decoding=\"async\" width=\"1024\" height=\"1024\" data-id=\"2299\" src=\"https:\/\/comite-civico.org\/wp-content\/uploads\/2025\/07\/DSC09240-edited-2-1024x1024.jpg\" alt=\"\" class=\"wp-image-2299\" srcset=\"https:\/\/comite-civico.org\/wp-content\/uploads\/2025\/07\/DSC09240-edited-2-1024x1024.jpg 1024w, https:\/\/comite-civico.org\/wp-content\/uploads\/2025\/07\/DSC09240-edited-2-300x300.jpg 300w, https:\/\/comite-civico.org\/wp-content\/uploads\/2025\/07\/DSC09240-edited-2-150x150.jpg 150w, https:\/\/comite-civico.org\/wp-content\/uploads\/2025\/07\/DSC09240-edited-2-768x768.jpg 768w, https:\/\/comite-civico.org\/wp-content\/uploads\/2025\/07\/DSC09240-edited-2-1536x1536.jpg 1536w, https:\/\/comite-civico.org\/wp-content\/uploads\/2025\/07\/DSC09240-edited-2-2048x2048.jpg 2048w\" sizes=\"(max-width: 1024px) 100vw, 1024px\" \/><\/figure>\n\n\n\n<figure class=\"wp-block-image size-large is-resized\"><img loading=\"lazy\" decoding=\"async\" width=\"1024\" height=\"576\" data-id=\"2294\" src=\"https:\/\/comite-civico.org\/wp-content\/uploads\/2025\/07\/DSC09217-1024x576.jpg\" alt=\"\" class=\"wp-image-2294\" style=\"width:509px;height:auto\" srcset=\"https:\/\/comite-civico.org\/wp-content\/uploads\/2025\/07\/DSC09217-1024x576.jpg 1024w, https:\/\/comite-civico.org\/wp-content\/uploads\/2025\/07\/DSC09217-300x169.jpg 300w, https:\/\/comite-civico.org\/wp-content\/uploads\/2025\/07\/DSC09217-768x432.jpg 768w, https:\/\/comite-civico.org\/wp-content\/uploads\/2025\/07\/DSC09217-1536x864.jpg 1536w, https:\/\/comite-civico.org\/wp-content\/uploads\/2025\/07\/DSC09217-2048x1152.jpg 2048w\" sizes=\"(max-width: 1024px) 100vw, 1024px\" \/><\/figure>\n<\/figure>\n<\/div>\n\n\n\n<div class=\"wp-block-column is-layout-flow wp-block-column-is-layout-flow\" style=\"flex-basis:33.33%\"><\/div>\n<\/div>\n\n\n\n<p>El proceso contin\u00faa avanzando. Se est\u00e1n llevando a cabo reuniones con la Alcald\u00eda, la Mesa de Territorio, Vivienda e Infraestructura y otras instancias locales para establecer las condiciones del acta de entrega y construir una hoja de ruta que garantice que la devoluci\u00f3n de este bien se traduzca en oportunidades reales para el territorio.<\/p>\n\n\n\n<p>As\u00ed mismo, se hizo un llamado al Gobierno Nacional para que cumpla con los compromisos adquiridos con Buenaventura y el Paro C\u00edvico. A pesar de los retrasos, se reconocen avances en otros frentes, como el reinicio de las obras del estadio Marino Klinger, previsto para los pr\u00f3ximos meses.<\/p>\n\n\n\n<div class=\"wp-block-columns is-layout-flex wp-container-core-columns-is-layout-9d6595d7 wp-block-columns-is-layout-flex\">\n<div class=\"wp-block-column is-layout-flow wp-block-column-is-layout-flow\">\n<figure class=\"wp-block-image size-large is-resized\"><img loading=\"lazy\" decoding=\"async\" width=\"1024\" height=\"576\" src=\"https:\/\/comite-civico.org\/wp-content\/uploads\/2025\/07\/DSC09224-1-1024x576.jpg\" alt=\"\" class=\"wp-image-2304\" style=\"width:368px;height:auto\" srcset=\"https:\/\/comite-civico.org\/wp-content\/uploads\/2025\/07\/DSC09224-1-1024x576.jpg 1024w, https:\/\/comite-civico.org\/wp-content\/uploads\/2025\/07\/DSC09224-1-300x169.jpg 300w, https:\/\/comite-civico.org\/wp-content\/uploads\/2025\/07\/DSC09224-1-768x432.jpg 768w, https:\/\/comite-civico.org\/wp-content\/uploads\/2025\/07\/DSC09224-1-1536x864.jpg 1536w, https:\/\/comite-civico.org\/wp-content\/uploads\/2025\/07\/DSC09224-1-2048x1152.jpg 2048w\" sizes=\"(max-width: 1024px) 100vw, 1024px\" \/><\/figure>\n<\/div>\n\n\n\n<div class=\"wp-block-column is-layout-flow wp-block-column-is-layout-flow\">\n<figure class=\"wp-block-image size-large\"><img loading=\"lazy\" decoding=\"async\" width=\"1024\" height=\"497\" src=\"https:\/\/comite-civico.org\/wp-content\/uploads\/2025\/07\/DSC09215-1024x497.jpg\" alt=\"\" class=\"wp-image-2305\" srcset=\"https:\/\/comite-civico.org\/wp-content\/uploads\/2025\/07\/DSC09215-1024x497.jpg 1024w, https:\/\/comite-civico.org\/wp-content\/uploads\/2025\/07\/DSC09215-300x146.jpg 300w, https:\/\/comite-civico.org\/wp-content\/uploads\/2025\/07\/DSC09215-768x373.jpg 768w, https:\/\/comite-civico.org\/wp-content\/uploads\/2025\/07\/DSC09215-1536x746.jpg 1536w, https:\/\/comite-civico.org\/wp-content\/uploads\/2025\/07\/DSC09215-2048x995.jpg 2048w\" sizes=\"(max-width: 1024px) 100vw, 1024px\" \/><\/figure>\n<\/div>\n<\/div>\n\n\n\n<p>Desde el Movimiento Social Paro C\u00edvico de Buenaventura seguimos insistiendo: no se trata solo de recibir bienes, sino de garantizar que estos se conviertan en herramientas para el desarrollo integral de nuestra gente.<\/p>\n\n\n\n<p><strong>Buenaventura no se rinde. Buenaventura sigue exigiendo. Porque a Buenaventura se le respeta.<\/strong><\/p>\n","protected":false},"excerpt":{"rendered":"<p>En el marco de una audiencia p\u00fablica convocada recientemente, se abord\u00f3 el destino de los terrenos de la antigua Zona Franca en Buenaventura, un proceso que desde el a\u00f1o 2017 ha sido impulsado por el Movimiento Social Paro C\u00edvico con el objetivo de que estos lotes sean devueltos por el Estado y puestos al servicio &#8230; <a title=\"Buenaventura avanza hacia la recuperaci\u00f3n de los terrenos de la antigua Zona Franca para el desarrollo social y econ\u00f3mico del territorio\" class=\"read-more\" href=\"https:\/\/comite-civico.org\/?p=2290\" aria-label=\"Read more about Buenaventura avanza hacia la recuperaci\u00f3n de los terrenos de la antigua Zona Franca para el desarrollo social y econ\u00f3mico del territorio\">Leer m\u00e1s<\/a><\/p>\n","protected":false},"author":1,"featured_media":2292,"comment_status":"open","ping_status":"open","sticky":false,"template":"","format":"standard","meta":{"footnotes":""},"categories":[16],"tags":[],"class_list":["post-2290","post","type-post","status-publish","format-standard","has-post-thumbnail","hentry","category-logros"],"acf":[],"yoast_head":"<!-- This site is optimized with the Yoast SEO plugin v25.0 - https:\/\/yoast.com\/wordpress\/plugins\/seo\/ -->\n<title>Buenaventura avanza hacia la recuperaci\u00f3n de los terrenos de la antigua Zona Franca para el desarrollo social y econ\u00f3mico del territorio - Movimiento Social Paro C\u00edvico de Buenaventura<\/title>\n<meta name=\"robots\" content=\"index, follow, max-snippet:-1, max-image-preview:large, max-video-preview:-1\" \/>\n<link rel=\"canonical\" href=\"https:\/\/comite-civico.org\/?p=2290\" \/>\n<meta property=\"og:locale\" content=\"es_ES\" \/>\n<meta property=\"og:type\" content=\"article\" \/>\n<meta property=\"og:title\" content=\"Buenaventura avanza hacia la recuperaci\u00f3n de los terrenos de la antigua Zona Franca para el desarrollo social y econ\u00f3mico del territorio - Movimiento Social Paro C\u00edvico de Buenaventura\" \/>\n<meta property=\"og:description\" content=\"En el marco de una audiencia p\u00fablica convocada recientemente, se abord\u00f3 el destino de los terrenos de la antigua Zona Franca en Buenaventura, un proceso que desde el a\u00f1o 2017 ha sido impulsado por el Movimiento Social Paro C\u00edvico con el objetivo de que estos lotes sean devueltos por el Estado y puestos al servicio ... Leer m\u00e1s\" \/>\n<meta property=\"og:url\" content=\"https:\/\/comite-civico.org\/?p=2290\" \/>\n<meta property=\"og:site_name\" content=\"Movimiento Social Paro C\u00edvico de Buenaventura\" \/>\n<meta property=\"article:published_time\" content=\"2025-07-04T23:09:19+00:00\" \/>\n<meta property=\"article:modified_time\" content=\"2025-07-04T23:09:46+00:00\" \/>\n<meta property=\"og:image\" content=\"http:\/\/comite-civico.org\/wp-content\/uploads\/2025\/07\/DSC09237-scaled.jpg\" \/>\n\t<meta property=\"og:image:width\" content=\"2560\" \/>\n\t<meta property=\"og:image:height\" content=\"1440\" \/>\n\t<meta property=\"og:image:type\" content=\"image\/jpeg\" \/>\n<meta name=\"author\" content=\"comiteadmin\" \/>\n<meta name=\"twitter:card\" content=\"summary_large_image\" \/>\n<meta name=\"twitter:label1\" content=\"Escrito por\" \/>\n\t<meta name=\"twitter:data1\" content=\"comiteadmin\" \/>\n\t<meta name=\"twitter:label2\" content=\"Tiempo de lectura\" \/>\n\t<meta name=\"twitter:data2\" content=\"4 minutos\" \/>\n<script type=\"application\/ld+json\" class=\"yoast-schema-graph\">{\"@context\":\"https:\/\/schema.org\",\"@graph\":[{\"@type\":\"Article\",\"@id\":\"https:\/\/comite-civico.org\/?p=2290#article\",\"isPartOf\":{\"@id\":\"https:\/\/comite-civico.org\/?p=2290\"},\"author\":{\"name\":\"comiteadmin\",\"@id\":\"https:\/\/comite-civico.org\/#\/schema\/person\/eebdf569aa3565fa603cc9c5b53cea34\"},\"headline\":\"Buenaventura avanza hacia la recuperaci\u00f3n de los terrenos de la antigua Zona Franca para el desarrollo social y econ\u00f3mico del territorio\",\"datePublished\":\"2025-07-04T23:09:19+00:00\",\"dateModified\":\"2025-07-04T23:09:46+00:00\",\"mainEntityOfPage\":{\"@id\":\"https:\/\/comite-civico.org\/?p=2290\"},\"wordCount\":440,\"commentCount\":0,\"publisher\":{\"@id\":\"https:\/\/comite-civico.org\/#organization\"},\"image\":{\"@id\":\"https:\/\/comite-civico.org\/?p=2290#primaryimage\"},\"thumbnailUrl\":\"https:\/\/comite-civico.org\/wp-content\/uploads\/2025\/07\/DSC09237-scaled.jpg\",\"articleSection\":[\"Logros\"],\"inLanguage\":\"es-CO\",\"potentialAction\":[{\"@type\":\"CommentAction\",\"name\":\"Comment\",\"target\":[\"https:\/\/comite-civico.org\/?p=2290#respond\"]}]},{\"@type\":\"WebPage\",\"@id\":\"https:\/\/comite-civico.org\/?p=2290\",\"url\":\"https:\/\/comite-civico.org\/?p=2290\",\"name\":\"Buenaventura avanza hacia la recuperaci\u00f3n de los terrenos de la antigua Zona Franca para el desarrollo social y econ\u00f3mico del territorio - Movimiento Social Paro C\u00edvico de Buenaventura\",\"isPartOf\":{\"@id\":\"https:\/\/comite-civico.org\/#website\"},\"primaryImageOfPage\":{\"@id\":\"https:\/\/comite-civico.org\/?p=2290#primaryimage\"},\"image\":{\"@id\":\"https:\/\/comite-civico.org\/?p=2290#primaryimage\"},\"thumbnailUrl\":\"https:\/\/comite-civico.org\/wp-content\/uploads\/2025\/07\/DSC09237-scaled.jpg\",\"datePublished\":\"2025-07-04T23:09:19+00:00\",\"dateModified\":\"2025-07-04T23:09:46+00:00\",\"breadcrumb\":{\"@id\":\"https:\/\/comite-civico.org\/?p=2290#breadcrumb\"},\"inLanguage\":\"es-CO\",\"potentialAction\":[{\"@type\":\"ReadAction\",\"target\":[\"https:\/\/comite-civico.org\/?p=2290\"]}]},{\"@type\":\"ImageObject\",\"inLanguage\":\"es-CO\",\"@id\":\"https:\/\/comite-civico.org\/?p=2290#primaryimage\",\"url\":\"https:\/\/comite-civico.org\/wp-content\/uploads\/2025\/07\/DSC09237-scaled.jpg\",\"contentUrl\":\"https:\/\/comite-civico.org\/wp-content\/uploads\/2025\/07\/DSC09237-scaled.jpg\",\"width\":2560,\"height\":1440},{\"@type\":\"BreadcrumbList\",\"@id\":\"https:\/\/comite-civico.org\/?p=2290#breadcrumb\",\"itemListElement\":[{\"@type\":\"ListItem\",\"position\":1,\"name\":\"Inicio\",\"item\":\"https:\/\/comite-civico.org\/\"},{\"@type\":\"ListItem\",\"position\":2,\"name\":\"Buenaventura avanza hacia la recuperaci\u00f3n de los terrenos de la antigua Zona Franca para el desarrollo social y econ\u00f3mico del territorio\"}]},{\"@type\":\"WebSite\",\"@id\":\"https:\/\/comite-civico.org\/#website\",\"url\":\"https:\/\/comite-civico.org\/\",\"name\":\"Movimiento Social Paro C\u00edvico de Buenaventura\",\"description\":\"Movimiento Social Paro C\u00edvico de Buenaventura\",\"publisher\":{\"@id\":\"https:\/\/comite-civico.org\/#organization\"},\"potentialAction\":[{\"@type\":\"SearchAction\",\"target\":{\"@type\":\"EntryPoint\",\"urlTemplate\":\"https:\/\/comite-civico.org\/?s={search_term_string}\"},\"query-input\":{\"@type\":\"PropertyValueSpecification\",\"valueRequired\":true,\"valueName\":\"search_term_string\"}}],\"inLanguage\":\"es-CO\"},{\"@type\":\"Organization\",\"@id\":\"https:\/\/comite-civico.org\/#organization\",\"name\":\"Movimiento Social Paro C\u00edvico de Buenaventura\",\"url\":\"https:\/\/comite-civico.org\/\",\"logo\":{\"@type\":\"ImageObject\",\"inLanguage\":\"es-CO\",\"@id\":\"https:\/\/comite-civico.org\/#\/schema\/logo\/image\/\",\"url\":\"https:\/\/comite-civico.org\/wp-content\/uploads\/2021\/03\/Logo-de-Movimiento-Blanco-scaled.png\",\"contentUrl\":\"https:\/\/comite-civico.org\/wp-content\/uploads\/2021\/03\/Logo-de-Movimiento-Blanco-scaled.png\",\"width\":2560,\"height\":1810,\"caption\":\"Movimiento Social Paro C\u00edvico de Buenaventura\"},\"image\":{\"@id\":\"https:\/\/comite-civico.org\/#\/schema\/logo\/image\/\"}},{\"@type\":\"Person\",\"@id\":\"https:\/\/comite-civico.org\/#\/schema\/person\/eebdf569aa3565fa603cc9c5b53cea34\",\"name\":\"comiteadmin\",\"image\":{\"@type\":\"ImageObject\",\"inLanguage\":\"es-CO\",\"@id\":\"https:\/\/comite-civico.org\/#\/schema\/person\/image\/\",\"url\":\"https:\/\/secure.gravatar.com\/avatar\/516fb540621996b28f565fdf033072d55dd3fe76896ef4af5250b5fec1b457fe?s=96&d=mm&r=g\",\"contentUrl\":\"https:\/\/secure.gravatar.com\/avatar\/516fb540621996b28f565fdf033072d55dd3fe76896ef4af5250b5fec1b457fe?s=96&d=mm&r=g\",\"caption\":\"comiteadmin\"},\"sameAs\":[\"https:\/\/comite-civico.org\/\"],\"url\":\"https:\/\/comite-civico.org\/?author=1\"}]}<\/script>\n<!-- \/ Yoast SEO plugin. -->","yoast_head_json":{"title":"Buenaventura avanza hacia la recuperaci\u00f3n de los terrenos de la antigua Zona Franca para el desarrollo social y econ\u00f3mico del territorio - Movimiento Social Paro C\u00edvico de Buenaventura","robots":{"index":"index","follow":"follow","max-snippet":"max-snippet:-1","max-image-preview":"max-image-preview:large","max-video-preview":"max-video-preview:-1"},"canonical":"https:\/\/comite-civico.org\/?p=2290","og_locale":"es_ES","og_type":"article","og_title":"Buenaventura avanza hacia la recuperaci\u00f3n de los terrenos de la antigua Zona Franca para el desarrollo social y econ\u00f3mico del territorio - Movimiento Social Paro C\u00edvico de Buenaventura","og_description":"En el marco de una audiencia p\u00fablica convocada recientemente, se abord\u00f3 el destino de los terrenos de la antigua Zona Franca en Buenaventura, un proceso que desde el a\u00f1o 2017 ha sido impulsado por el Movimiento Social Paro C\u00edvico con el objetivo de que estos lotes sean devueltos por el Estado y puestos al servicio ... Leer m\u00e1s","og_url":"https:\/\/comite-civico.org\/?p=2290","og_site_name":"Movimiento Social Paro C\u00edvico de Buenaventura","article_published_time":"2025-07-04T23:09:19+00:00","article_modified_time":"2025-07-04T23:09:46+00:00","og_image":[{"width":2560,"height":1440,"url":"http:\/\/comite-civico.org\/wp-content\/uploads\/2025\/07\/DSC09237-scaled.jpg","type":"image\/jpeg"}],"author":"comiteadmin","twitter_card":"summary_large_image","twitter_misc":{"Escrito por":"comiteadmin","Tiempo de lectura":"4 minutos"},"schema":{"@context":"https:\/\/schema.org","@graph":[{"@type":"Article","@id":"https:\/\/comite-civico.org\/?p=2290#article","isPartOf":{"@id":"https:\/\/comite-civico.org\/?p=2290"},"author":{"name":"comiteadmin","@id":"https:\/\/comite-civico.org\/#\/schema\/person\/eebdf569aa3565fa603cc9c5b53cea34"},"headline":"Buenaventura avanza hacia la recuperaci\u00f3n de los terrenos de la antigua Zona Franca para el desarrollo social y econ\u00f3mico del territorio","datePublished":"2025-07-04T23:09:19+00:00","dateModified":"2025-07-04T23:09:46+00:00","mainEntityOfPage":{"@id":"https:\/\/comite-civico.org\/?p=2290"},"wordCount":440,"commentCount":0,"publisher":{"@id":"https:\/\/comite-civico.org\/#organization"},"image":{"@id":"https:\/\/comite-civico.org\/?p=2290#primaryimage"},"thumbnailUrl":"https:\/\/comite-civico.org\/wp-content\/uploads\/2025\/07\/DSC09237-scaled.jpg","articleSection":["Logros"],"inLanguage":"es-CO","potentialAction":[{"@type":"CommentAction","name":"Comment","target":["https:\/\/comite-civico.org\/?p=2290#respond"]}]},{"@type":"WebPage","@id":"https:\/\/comite-civico.org\/?p=2290","url":"https:\/\/comite-civico.org\/?p=2290","name":"Buenaventura avanza hacia la recuperaci\u00f3n de los terrenos de la antigua Zona Franca para el desarrollo social y econ\u00f3mico del territorio - Movimiento Social Paro C\u00edvico de Buenaventura","isPartOf":{"@id":"https:\/\/comite-civico.org\/#website"},"primaryImageOfPage":{"@id":"https:\/\/comite-civico.org\/?p=2290#primaryimage"},"image":{"@id":"https:\/\/comite-civico.org\/?p=2290#primaryimage"},"thumbnailUrl":"https:\/\/comite-civico.org\/wp-content\/uploads\/2025\/07\/DSC09237-scaled.jpg","datePublished":"2025-07-04T23:09:19+00:00","dateModified":"2025-07-04T23:09:46+00:00","breadcrumb":{"@id":"https:\/\/comite-civico.org\/?p=2290#breadcrumb"},"inLanguage":"es-CO","potentialAction":[{"@type":"ReadAction","target":["https:\/\/comite-civico.org\/?p=2290"]}]},{"@type":"ImageObject","inLanguage":"es-CO","@id":"https:\/\/comite-civico.org\/?p=2290#primaryimage","url":"https:\/\/comite-civico.org\/wp-content\/uploads\/2025\/07\/DSC09237-scaled.jpg","contentUrl":"https:\/\/comite-civico.org\/wp-content\/uploads\/2025\/07\/DSC09237-scaled.jpg","width":2560,"height":1440},{"@type":"BreadcrumbList","@id":"https:\/\/comite-civico.org\/?p=2290#breadcrumb","itemListElement":[{"@type":"ListItem","position":1,"name":"Inicio","item":"https:\/\/comite-civico.org\/"},{"@type":"ListItem","position":2,"name":"Buenaventura avanza hacia la recuperaci\u00f3n de los terrenos de la antigua Zona Franca para el desarrollo social y econ\u00f3mico del territorio"}]},{"@type":"WebSite","@id":"https:\/\/comite-civico.org\/#website","url":"https:\/\/comite-civico.org\/","name":"Movimiento Social Paro C\u00edvico de Buenaventura","description":"Movimiento Social Paro C\u00edvico de Buenaventura","publisher":{"@id":"https:\/\/comite-civico.org\/#organization"},"potentialAction":[{"@type":"SearchAction","target":{"@type":"EntryPoint","urlTemplate":"https:\/\/comite-civico.org\/?s={search_term_string}"},"query-input":{"@type":"PropertyValueSpecification","valueRequired":true,"valueName":"search_term_string"}}],"inLanguage":"es-CO"},{"@type":"Organization","@id":"https:\/\/comite-civico.org\/#organization","name":"Movimiento Social Paro C\u00edvico de Buenaventura","url":"https:\/\/comite-civico.org\/","logo":{"@type":"ImageObject","inLanguage":"es-CO","@id":"https:\/\/comite-civico.org\/#\/schema\/logo\/image\/","url":"https:\/\/comite-civico.org\/wp-content\/uploads\/2021\/03\/Logo-de-Movimiento-Blanco-scaled.png","contentUrl":"https:\/\/comite-civico.org\/wp-content\/uploads\/2021\/03\/Logo-de-Movimiento-Blanco-scaled.png","width":2560,"height":1810,"caption":"Movimiento Social Paro C\u00edvico de Buenaventura"},"image":{"@id":"https:\/\/comite-civico.org\/#\/schema\/logo\/image\/"}},{"@type":"Person","@id":"https:\/\/comite-civico.org\/#\/schema\/person\/eebdf569aa3565fa603cc9c5b53cea34","name":"comiteadmin","image":{"@type":"ImageObject","inLanguage":"es-CO","@id":"https:\/\/comite-civico.org\/#\/schema\/person\/image\/","url":"https:\/\/secure.gravatar.com\/avatar\/516fb540621996b28f565fdf033072d55dd3fe76896ef4af5250b5fec1b457fe?s=96&d=mm&r=g","contentUrl":"https:\/\/secure.gravatar.com\/avatar\/516fb540621996b28f565fdf033072d55dd3fe76896ef4af5250b5fec1b457fe?s=96&d=mm&r=g","caption":"comiteadmin"},"sameAs":["https:\/\/comite-civico.org\/"],"url":"https:\/\/comite-civico.org\/?author=1"}]}},"_links":{"self":[{"href":"https:\/\/comite-civico.org\/index.php?rest_route=\/wp\/v2\/posts\/2290","targetHints":{"allow":["GET"]}}],"collection":[{"href":"https:\/\/comite-civico.org\/index.php?rest_route=\/wp\/v2\/posts"}],"about":[{"href":"https:\/\/comite-civico.org\/index.php?rest_route=\/wp\/v2\/types\/post"}],"author":[{"embeddable":true,"href":"https:\/\/comite-civico.org\/index.php?rest_route=\/wp\/v2\/users\/1"}],"replies":[{"embeddable":true,"href":"https:\/\/comite-civico.org\/index.php?rest_route=%2Fwp%2Fv2%2Fcomments&post=2290"}],"version-history":[{"count":1,"href":"https:\/\/comite-civico.org\/index.php?rest_route=\/wp\/v2\/posts\/2290\/revisions"}],"predecessor-version":[{"id":2306,"href":"https:\/\/comite-civico.org\/index.php?rest_route=\/wp\/v2\/posts\/2290\/revisions\/2306"}],"wp:featuredmedia":[{"embeddable":true,"href":"https:\/\/comite-civico.org\/index.php?rest_route=\/wp\/v2\/media\/2292"}],"wp:attachment":[{"href":"https:\/\/comite-civico.org\/index.php?rest_route=%2Fwp%2Fv2%2Fmedia&parent=2290"}],"wp:term":[{"taxonomy":"category","embeddable":true,"href":"https:\/\/comite-civico.org\/index.php?rest_route=%2Fwp%2Fv2%2Fcategories&post=2290"},{"taxonomy":"post_tag","embeddable":true,"href":"https:\/\/comite-civico.org\/index.php?rest_route=%2Fwp%2Fv2%2Ftags&post=2290"}],"curies":[{"name":"wp","href":"https:\/\/api.w.org\/{rel}","templated":true}]}}