{"id":2273,"date":"2025-06-27T10:29:25","date_gmt":"2025-06-27T15:29:25","guid":{"rendered":"https:\/\/comite-civico.org\/?p=2273"},"modified":"2025-06-27T12:48:28","modified_gmt":"2025-06-27T17:48:28","slug":"buenaventura-le-apuesta-a-la-dignificacion-de-la-educacion-avances-y-retos-desde-la-mesa-de-educacion-del-paro-civico","status":"publish","type":"post","link":"https:\/\/comite-civico.org\/?p=2273","title":{"rendered":"Buenaventura le apuesta a la dignificaci\u00f3n de la educaci\u00f3n: avances y retos desde la Mesa de Educaci\u00f3n del Paro C\u00edvico"},"content":{"rendered":"<div class=\"wp-block-image\">\n<figure class=\"alignright size-large is-resized\"><img fetchpriority=\"high\" decoding=\"async\" width=\"1024\" height=\"591\" src=\"http:\/\/comite-civico.org\/wp-content\/uploads\/2025\/06\/DSC09054-1024x591.jpg\" alt=\"\" class=\"wp-image-2277\" style=\"width:388px;height:auto\" srcset=\"https:\/\/comite-civico.org\/wp-content\/uploads\/2025\/06\/DSC09054-1024x591.jpg 1024w, https:\/\/comite-civico.org\/wp-content\/uploads\/2025\/06\/DSC09054-300x173.jpg 300w, https:\/\/comite-civico.org\/wp-content\/uploads\/2025\/06\/DSC09054-768x443.jpg 768w, https:\/\/comite-civico.org\/wp-content\/uploads\/2025\/06\/DSC09054-1536x887.jpg 1536w, https:\/\/comite-civico.org\/wp-content\/uploads\/2025\/06\/DSC09054-2048x1182.jpg 2048w\" sizes=\"(max-width: 1024px) 100vw, 1024px\" \/><\/figure>\n<\/div>\n\n\n<p>Buenaventura, junio de 2025 \u2014 En el marco del cumplimiento de los acuerdos del Paro C\u00edvico del 2017, los d\u00edas 25 y 26 de junio de 2025 se llev\u00f3 a cabo una importante jornada de trabajo en las instalaciones del Movimiento Social Paro C\u00edvico de Buenaventura, con el Fondo de Financiamiento de la Infraestructura Educativa (FFIE), la alcald\u00eda Distrital con el objetivo de revisar los avances de las obras en instituciones educativas que actualmente est\u00e1n en proceso de intervenci\u00f3n integral, centradas en el fortalecimiento del derecho a una educaci\u00f3n digna y pertinente para los ni\u00f1os, ni\u00f1as, adolescentes y j\u00f3venes del territorio.<\/p>\n\n\n\n<p>Durante esta jornada, se revisaron cinco sedes educativas priorizadas del distrito para ser intervenidas integralmente, tanto en la zona urbana como rural.<br><br>El rector de la Instituci\u00f3n Educativa Pablo Emilio Carvajal \u201cMarlon Alexis Pozo Varela\u201d y miembro activo de la Mesa de Educaci\u00f3n, calific\u00f3 como positivo el balance de este encuentro:<\/p>\n\n\n<div class=\"wp-block-image\">\n<figure class=\"aligncenter size-large is-resized\"><img decoding=\"async\" width=\"1024\" height=\"576\" src=\"https:\/\/comite-civico.org\/wp-content\/uploads\/2025\/06\/DSC09066-1024x576.jpg\" alt=\"\" class=\"wp-image-2275\" style=\"width:391px;height:auto\" srcset=\"https:\/\/comite-civico.org\/wp-content\/uploads\/2025\/06\/DSC09066-1024x576.jpg 1024w, https:\/\/comite-civico.org\/wp-content\/uploads\/2025\/06\/DSC09066-300x169.jpg 300w, https:\/\/comite-civico.org\/wp-content\/uploads\/2025\/06\/DSC09066-768x432.jpg 768w, https:\/\/comite-civico.org\/wp-content\/uploads\/2025\/06\/DSC09066-1536x864.jpg 1536w, https:\/\/comite-civico.org\/wp-content\/uploads\/2025\/06\/DSC09066-2048x1152.jpg 2048w\" sizes=\"(max-width: 1024px) 100vw, 1024px\" \/><\/figure>\n<\/div>\n\n\n<blockquote class=\"wp-block-quote is-layout-flow wp-block-quote-is-layout-flow\">\n<p><br>\u201cLas intervenciones van a ser de car\u00e1cter general, pensando en dignificar a nuestra poblaci\u00f3n educativa. Vamos a mejorar cubiertas, bater\u00edas sanitarias, fachadas, pintura, manejo de residuos, todo para que los estudiantes puedan aprender en condiciones adecuadas\u201d.<\/p>\n\n\n\n<p><br>Entre las instituciones priorizadas est\u00e1n Jos\u00e9 Mar\u00eda Cabal, Francisco Jos\u00e9 de Caldas (Casco Urbano), y sedes rurales como Santa Cecilia (r\u00edo Naya) y Puerto Espa\u00f1a. Estas intervenciones, seg\u00fan el rector Pozo, son fundamentales para garantizar condiciones de igualdad y competitividad en el acceso a la educaci\u00f3n superior.<\/p>\n\n\n\n<p><br>\u201cUno de los mayores retos hoy es sostener viva esta Mesa de Educaci\u00f3n, mantener la participaci\u00f3n activa, y poner en marcha el Pacto por la Educaci\u00f3n. Buenaventura es el primer territorio con una Secretar\u00eda de Etnoeducaci\u00f3n y un distrito etnoeducador. Ahora nos corresponde demostrar que, a trav\u00e9s de la educaci\u00f3n, podemos transformar realidades\u201d, agreg\u00f3 Pozo.<\/p>\n<\/blockquote>\n\n\n<div class=\"wp-block-image\">\n<figure class=\"aligncenter size-large is-resized\"><img decoding=\"async\" width=\"1024\" height=\"576\" src=\"https:\/\/comite-civico.org\/wp-content\/uploads\/2025\/06\/DSC09060-1024x576.jpg\" alt=\"\" class=\"wp-image-2276\" style=\"width:494px;height:auto\" srcset=\"https:\/\/comite-civico.org\/wp-content\/uploads\/2025\/06\/DSC09060-1024x576.jpg 1024w, https:\/\/comite-civico.org\/wp-content\/uploads\/2025\/06\/DSC09060-300x169.jpg 300w, https:\/\/comite-civico.org\/wp-content\/uploads\/2025\/06\/DSC09060-768x432.jpg 768w, https:\/\/comite-civico.org\/wp-content\/uploads\/2025\/06\/DSC09060-1536x864.jpg 1536w, https:\/\/comite-civico.org\/wp-content\/uploads\/2025\/06\/DSC09060-2048x1152.jpg 2048w\" sizes=\"(max-width: 1024px) 100vw, 1024px\" \/><\/figure>\n<\/div>\n\n\n<p><br>Desde el Movimiento Social Paro C\u00edvico seguimos trabajando con compromiso y esperanza por una educaci\u00f3n transformadora, con pertinencia \u00e9tnica y territorial, que sea una verdadera herramienta de paz, dignidad y futuro para\u00a0Buenaventura.<\/p>\n\n\n\n<p><\/p>\n","protected":false},"excerpt":{"rendered":"<p>Buenaventura, junio de 2025 \u2014 En el marco del cumplimiento de los acuerdos del Paro C\u00edvico del 2017, los d\u00edas 25 y 26 de junio de 2025 se llev\u00f3 a cabo una importante jornada de trabajo en las instalaciones del Movimiento Social Paro C\u00edvico de Buenaventura, con el Fondo de Financiamiento de la Infraestructura Educativa &#8230; <a title=\"Buenaventura le apuesta a la dignificaci\u00f3n de la educaci\u00f3n: avances y retos desde la Mesa de Educaci\u00f3n del Paro C\u00edvico\" class=\"read-more\" href=\"https:\/\/comite-civico.org\/?p=2273\" aria-label=\"Read more about Buenaventura le apuesta a la dignificaci\u00f3n de la educaci\u00f3n: avances y retos desde la Mesa de Educaci\u00f3n del Paro C\u00edvico\">Leer m\u00e1s<\/a><\/p>\n","protected":false},"author":1,"featured_media":2274,"comment_status":"open","ping_status":"open","sticky":false,"template":"","format":"standard","meta":{"footnotes":""},"categories":[42],"tags":[],"class_list":["post-2273","post","type-post","status-publish","format-standard","has-post-thumbnail","hentry","category-educacion"],"acf":[],"yoast_head":"<!-- This site is optimized with the Yoast SEO plugin v25.0 - https:\/\/yoast.com\/wordpress\/plugins\/seo\/ -->\n<title>Buenaventura le apuesta a la dignificaci\u00f3n de la educaci\u00f3n: avances y retos desde la Mesa de Educaci\u00f3n del Paro C\u00edvico - Movimiento Social Paro C\u00edvico de Buenaventura<\/title>\n<meta name=\"robots\" content=\"index, follow, max-snippet:-1, max-image-preview:large, max-video-preview:-1\" \/>\n<link rel=\"canonical\" href=\"https:\/\/comite-civico.org\/?p=2273\" \/>\n<meta property=\"og:locale\" content=\"es_ES\" \/>\n<meta property=\"og:type\" content=\"article\" \/>\n<meta property=\"og:title\" content=\"Buenaventura le apuesta a la dignificaci\u00f3n de la educaci\u00f3n: avances y retos desde la Mesa de Educaci\u00f3n del Paro C\u00edvico - Movimiento Social Paro C\u00edvico de Buenaventura\" \/>\n<meta property=\"og:description\" content=\"Buenaventura, junio de 2025 \u2014 En el marco del cumplimiento de los acuerdos del Paro C\u00edvico del 2017, los d\u00edas 25 y 26 de junio de 2025 se llev\u00f3 a cabo una importante jornada de trabajo en las instalaciones del Movimiento Social Paro C\u00edvico de Buenaventura, con el Fondo de Financiamiento de la Infraestructura Educativa ... Leer m\u00e1s\" \/>\n<meta property=\"og:url\" content=\"https:\/\/comite-civico.org\/?p=2273\" \/>\n<meta property=\"og:site_name\" content=\"Movimiento Social Paro C\u00edvico de Buenaventura\" \/>\n<meta property=\"article:published_time\" content=\"2025-06-27T15:29:25+00:00\" \/>\n<meta property=\"article:modified_time\" content=\"2025-06-27T17:48:28+00:00\" \/>\n<meta property=\"og:image\" content=\"http:\/\/comite-civico.org\/wp-content\/uploads\/2025\/06\/DSC09059-scaled.jpg\" \/>\n\t<meta property=\"og:image:width\" content=\"2560\" \/>\n\t<meta property=\"og:image:height\" content=\"1440\" \/>\n\t<meta property=\"og:image:type\" content=\"image\/jpeg\" \/>\n<meta name=\"author\" content=\"comiteadmin\" \/>\n<meta name=\"twitter:card\" content=\"summary_large_image\" \/>\n<meta name=\"twitter:label1\" content=\"Escrito por\" \/>\n\t<meta name=\"twitter:data1\" content=\"comiteadmin\" \/>\n\t<meta name=\"twitter:label2\" content=\"Tiempo de lectura\" \/>\n\t<meta name=\"twitter:data2\" content=\"2 minutos\" \/>\n<script type=\"application\/ld+json\" class=\"yoast-schema-graph\">{\"@context\":\"https:\/\/schema.org\",\"@graph\":[{\"@type\":\"Article\",\"@id\":\"https:\/\/comite-civico.org\/?p=2273#article\",\"isPartOf\":{\"@id\":\"https:\/\/comite-civico.org\/?p=2273\"},\"author\":{\"name\":\"comiteadmin\",\"@id\":\"https:\/\/comite-civico.org\/#\/schema\/person\/eebdf569aa3565fa603cc9c5b53cea34\"},\"headline\":\"Buenaventura le apuesta a la dignificaci\u00f3n de la educaci\u00f3n: avances y retos desde la Mesa de Educaci\u00f3n del Paro C\u00edvico\",\"datePublished\":\"2025-06-27T15:29:25+00:00\",\"dateModified\":\"2025-06-27T17:48:28+00:00\",\"mainEntityOfPage\":{\"@id\":\"https:\/\/comite-civico.org\/?p=2273\"},\"wordCount\":371,\"commentCount\":0,\"publisher\":{\"@id\":\"https:\/\/comite-civico.org\/#organization\"},\"image\":{\"@id\":\"https:\/\/comite-civico.org\/?p=2273#primaryimage\"},\"thumbnailUrl\":\"https:\/\/comite-civico.org\/wp-content\/uploads\/2025\/06\/DSC09059-scaled.jpg\",\"articleSection\":[\"Educaci\u00f3n\"],\"inLanguage\":\"es-CO\",\"potentialAction\":[{\"@type\":\"CommentAction\",\"name\":\"Comment\",\"target\":[\"https:\/\/comite-civico.org\/?p=2273#respond\"]}]},{\"@type\":\"WebPage\",\"@id\":\"https:\/\/comite-civico.org\/?p=2273\",\"url\":\"https:\/\/comite-civico.org\/?p=2273\",\"name\":\"Buenaventura le apuesta a la dignificaci\u00f3n de la educaci\u00f3n: avances y retos desde la Mesa de Educaci\u00f3n del Paro C\u00edvico - Movimiento Social Paro C\u00edvico de Buenaventura\",\"isPartOf\":{\"@id\":\"https:\/\/comite-civico.org\/#website\"},\"primaryImageOfPage\":{\"@id\":\"https:\/\/comite-civico.org\/?p=2273#primaryimage\"},\"image\":{\"@id\":\"https:\/\/comite-civico.org\/?p=2273#primaryimage\"},\"thumbnailUrl\":\"https:\/\/comite-civico.org\/wp-content\/uploads\/2025\/06\/DSC09059-scaled.jpg\",\"datePublished\":\"2025-06-27T15:29:25+00:00\",\"dateModified\":\"2025-06-27T17:48:28+00:00\",\"breadcrumb\":{\"@id\":\"https:\/\/comite-civico.org\/?p=2273#breadcrumb\"},\"inLanguage\":\"es-CO\",\"potentialAction\":[{\"@type\":\"ReadAction\",\"target\":[\"https:\/\/comite-civico.org\/?p=2273\"]}]},{\"@type\":\"ImageObject\",\"inLanguage\":\"es-CO\",\"@id\":\"https:\/\/comite-civico.org\/?p=2273#primaryimage\",\"url\":\"https:\/\/comite-civico.org\/wp-content\/uploads\/2025\/06\/DSC09059-scaled.jpg\",\"contentUrl\":\"https:\/\/comite-civico.org\/wp-content\/uploads\/2025\/06\/DSC09059-scaled.jpg\",\"width\":2560,\"height\":1440},{\"@type\":\"BreadcrumbList\",\"@id\":\"https:\/\/comite-civico.org\/?p=2273#breadcrumb\",\"itemListElement\":[{\"@type\":\"ListItem\",\"position\":1,\"name\":\"Inicio\",\"item\":\"https:\/\/comite-civico.org\/\"},{\"@type\":\"ListItem\",\"position\":2,\"name\":\"Buenaventura le apuesta a la dignificaci\u00f3n de la educaci\u00f3n: avances y retos desde la Mesa de Educaci\u00f3n del Paro C\u00edvico\"}]},{\"@type\":\"WebSite\",\"@id\":\"https:\/\/comite-civico.org\/#website\",\"url\":\"https:\/\/comite-civico.org\/\",\"name\":\"Movimiento Social Paro C\u00edvico de Buenaventura\",\"description\":\"Movimiento Social Paro C\u00edvico de Buenaventura\",\"publisher\":{\"@id\":\"https:\/\/comite-civico.org\/#organization\"},\"potentialAction\":[{\"@type\":\"SearchAction\",\"target\":{\"@type\":\"EntryPoint\",\"urlTemplate\":\"https:\/\/comite-civico.org\/?s={search_term_string}\"},\"query-input\":{\"@type\":\"PropertyValueSpecification\",\"valueRequired\":true,\"valueName\":\"search_term_string\"}}],\"inLanguage\":\"es-CO\"},{\"@type\":\"Organization\",\"@id\":\"https:\/\/comite-civico.org\/#organization\",\"name\":\"Movimiento Social Paro C\u00edvico de Buenaventura\",\"url\":\"https:\/\/comite-civico.org\/\",\"logo\":{\"@type\":\"ImageObject\",\"inLanguage\":\"es-CO\",\"@id\":\"https:\/\/comite-civico.org\/#\/schema\/logo\/image\/\",\"url\":\"https:\/\/comite-civico.org\/wp-content\/uploads\/2021\/03\/Logo-de-Movimiento-Blanco-scaled.png\",\"contentUrl\":\"https:\/\/comite-civico.org\/wp-content\/uploads\/2021\/03\/Logo-de-Movimiento-Blanco-scaled.png\",\"width\":2560,\"height\":1810,\"caption\":\"Movimiento Social Paro C\u00edvico de Buenaventura\"},\"image\":{\"@id\":\"https:\/\/comite-civico.org\/#\/schema\/logo\/image\/\"}},{\"@type\":\"Person\",\"@id\":\"https:\/\/comite-civico.org\/#\/schema\/person\/eebdf569aa3565fa603cc9c5b53cea34\",\"name\":\"comiteadmin\",\"image\":{\"@type\":\"ImageObject\",\"inLanguage\":\"es-CO\",\"@id\":\"https:\/\/comite-civico.org\/#\/schema\/person\/image\/\",\"url\":\"https:\/\/secure.gravatar.com\/avatar\/516fb540621996b28f565fdf033072d55dd3fe76896ef4af5250b5fec1b457fe?s=96&d=mm&r=g\",\"contentUrl\":\"https:\/\/secure.gravatar.com\/avatar\/516fb540621996b28f565fdf033072d55dd3fe76896ef4af5250b5fec1b457fe?s=96&d=mm&r=g\",\"caption\":\"comiteadmin\"},\"sameAs\":[\"https:\/\/comite-civico.org\/\"],\"url\":\"https:\/\/comite-civico.org\/?author=1\"}]}<\/script>\n<!-- \/ Yoast SEO plugin. -->","yoast_head_json":{"title":"Buenaventura le apuesta a la dignificaci\u00f3n de la educaci\u00f3n: avances y retos desde la Mesa de Educaci\u00f3n del Paro C\u00edvico - Movimiento Social Paro C\u00edvico de Buenaventura","robots":{"index":"index","follow":"follow","max-snippet":"max-snippet:-1","max-image-preview":"max-image-preview:large","max-video-preview":"max-video-preview:-1"},"canonical":"https:\/\/comite-civico.org\/?p=2273","og_locale":"es_ES","og_type":"article","og_title":"Buenaventura le apuesta a la dignificaci\u00f3n de la educaci\u00f3n: avances y retos desde la Mesa de Educaci\u00f3n del Paro C\u00edvico - Movimiento Social Paro C\u00edvico de Buenaventura","og_description":"Buenaventura, junio de 2025 \u2014 En el marco del cumplimiento de los acuerdos del Paro C\u00edvico del 2017, los d\u00edas 25 y 26 de junio de 2025 se llev\u00f3 a cabo una importante jornada de trabajo en las instalaciones del Movimiento Social Paro C\u00edvico de Buenaventura, con el Fondo de Financiamiento de la Infraestructura Educativa ... Leer m\u00e1s","og_url":"https:\/\/comite-civico.org\/?p=2273","og_site_name":"Movimiento Social Paro C\u00edvico de Buenaventura","article_published_time":"2025-06-27T15:29:25+00:00","article_modified_time":"2025-06-27T17:48:28+00:00","og_image":[{"width":2560,"height":1440,"url":"http:\/\/comite-civico.org\/wp-content\/uploads\/2025\/06\/DSC09059-scaled.jpg","type":"image\/jpeg"}],"author":"comiteadmin","twitter_card":"summary_large_image","twitter_misc":{"Escrito por":"comiteadmin","Tiempo de lectura":"2 minutos"},"schema":{"@context":"https:\/\/schema.org","@graph":[{"@type":"Article","@id":"https:\/\/comite-civico.org\/?p=2273#article","isPartOf":{"@id":"https:\/\/comite-civico.org\/?p=2273"},"author":{"name":"comiteadmin","@id":"https:\/\/comite-civico.org\/#\/schema\/person\/eebdf569aa3565fa603cc9c5b53cea34"},"headline":"Buenaventura le apuesta a la dignificaci\u00f3n de la educaci\u00f3n: avances y retos desde la Mesa de Educaci\u00f3n del Paro C\u00edvico","datePublished":"2025-06-27T15:29:25+00:00","dateModified":"2025-06-27T17:48:28+00:00","mainEntityOfPage":{"@id":"https:\/\/comite-civico.org\/?p=2273"},"wordCount":371,"commentCount":0,"publisher":{"@id":"https:\/\/comite-civico.org\/#organization"},"image":{"@id":"https:\/\/comite-civico.org\/?p=2273#primaryimage"},"thumbnailUrl":"https:\/\/comite-civico.org\/wp-content\/uploads\/2025\/06\/DSC09059-scaled.jpg","articleSection":["Educaci\u00f3n"],"inLanguage":"es-CO","potentialAction":[{"@type":"CommentAction","name":"Comment","target":["https:\/\/comite-civico.org\/?p=2273#respond"]}]},{"@type":"WebPage","@id":"https:\/\/comite-civico.org\/?p=2273","url":"https:\/\/comite-civico.org\/?p=2273","name":"Buenaventura le apuesta a la dignificaci\u00f3n de la educaci\u00f3n: avances y retos desde la Mesa de Educaci\u00f3n del Paro C\u00edvico - Movimiento Social Paro C\u00edvico de Buenaventura","isPartOf":{"@id":"https:\/\/comite-civico.org\/#website"},"primaryImageOfPage":{"@id":"https:\/\/comite-civico.org\/?p=2273#primaryimage"},"image":{"@id":"https:\/\/comite-civico.org\/?p=2273#primaryimage"},"thumbnailUrl":"https:\/\/comite-civico.org\/wp-content\/uploads\/2025\/06\/DSC09059-scaled.jpg","datePublished":"2025-06-27T15:29:25+00:00","dateModified":"2025-06-27T17:48:28+00:00","breadcrumb":{"@id":"https:\/\/comite-civico.org\/?p=2273#breadcrumb"},"inLanguage":"es-CO","potentialAction":[{"@type":"ReadAction","target":["https:\/\/comite-civico.org\/?p=2273"]}]},{"@type":"ImageObject","inLanguage":"es-CO","@id":"https:\/\/comite-civico.org\/?p=2273#primaryimage","url":"https:\/\/comite-civico.org\/wp-content\/uploads\/2025\/06\/DSC09059-scaled.jpg","contentUrl":"https:\/\/comite-civico.org\/wp-content\/uploads\/2025\/06\/DSC09059-scaled.jpg","width":2560,"height":1440},{"@type":"BreadcrumbList","@id":"https:\/\/comite-civico.org\/?p=2273#breadcrumb","itemListElement":[{"@type":"ListItem","position":1,"name":"Inicio","item":"https:\/\/comite-civico.org\/"},{"@type":"ListItem","position":2,"name":"Buenaventura le apuesta a la dignificaci\u00f3n de la educaci\u00f3n: avances y retos desde la Mesa de Educaci\u00f3n del Paro C\u00edvico"}]},{"@type":"WebSite","@id":"https:\/\/comite-civico.org\/#website","url":"https:\/\/comite-civico.org\/","name":"Movimiento Social Paro C\u00edvico de Buenaventura","description":"Movimiento Social Paro C\u00edvico de Buenaventura","publisher":{"@id":"https:\/\/comite-civico.org\/#organization"},"potentialAction":[{"@type":"SearchAction","target":{"@type":"EntryPoint","urlTemplate":"https:\/\/comite-civico.org\/?s={search_term_string}"},"query-input":{"@type":"PropertyValueSpecification","valueRequired":true,"valueName":"search_term_string"}}],"inLanguage":"es-CO"},{"@type":"Organization","@id":"https:\/\/comite-civico.org\/#organization","name":"Movimiento Social Paro C\u00edvico de Buenaventura","url":"https:\/\/comite-civico.org\/","logo":{"@type":"ImageObject","inLanguage":"es-CO","@id":"https:\/\/comite-civico.org\/#\/schema\/logo\/image\/","url":"https:\/\/comite-civico.org\/wp-content\/uploads\/2021\/03\/Logo-de-Movimiento-Blanco-scaled.png","contentUrl":"https:\/\/comite-civico.org\/wp-content\/uploads\/2021\/03\/Logo-de-Movimiento-Blanco-scaled.png","width":2560,"height":1810,"caption":"Movimiento Social Paro C\u00edvico de Buenaventura"},"image":{"@id":"https:\/\/comite-civico.org\/#\/schema\/logo\/image\/"}},{"@type":"Person","@id":"https:\/\/comite-civico.org\/#\/schema\/person\/eebdf569aa3565fa603cc9c5b53cea34","name":"comiteadmin","image":{"@type":"ImageObject","inLanguage":"es-CO","@id":"https:\/\/comite-civico.org\/#\/schema\/person\/image\/","url":"https:\/\/secure.gravatar.com\/avatar\/516fb540621996b28f565fdf033072d55dd3fe76896ef4af5250b5fec1b457fe?s=96&d=mm&r=g","contentUrl":"https:\/\/secure.gravatar.com\/avatar\/516fb540621996b28f565fdf033072d55dd3fe76896ef4af5250b5fec1b457fe?s=96&d=mm&r=g","caption":"comiteadmin"},"sameAs":["https:\/\/comite-civico.org\/"],"url":"https:\/\/comite-civico.org\/?author=1"}]}},"_links":{"self":[{"href":"https:\/\/comite-civico.org\/index.php?rest_route=\/wp\/v2\/posts\/2273","targetHints":{"allow":["GET"]}}],"collection":[{"href":"https:\/\/comite-civico.org\/index.php?rest_route=\/wp\/v2\/posts"}],"about":[{"href":"https:\/\/comite-civico.org\/index.php?rest_route=\/wp\/v2\/types\/post"}],"author":[{"embeddable":true,"href":"https:\/\/comite-civico.org\/index.php?rest_route=\/wp\/v2\/users\/1"}],"replies":[{"embeddable":true,"href":"https:\/\/comite-civico.org\/index.php?rest_route=%2Fwp%2Fv2%2Fcomments&post=2273"}],"version-history":[{"count":3,"href":"https:\/\/comite-civico.org\/index.php?rest_route=\/wp\/v2\/posts\/2273\/revisions"}],"predecessor-version":[{"id":2288,"href":"https:\/\/comite-civico.org\/index.php?rest_route=\/wp\/v2\/posts\/2273\/revisions\/2288"}],"wp:featuredmedia":[{"embeddable":true,"href":"https:\/\/comite-civico.org\/index.php?rest_route=\/wp\/v2\/media\/2274"}],"wp:attachment":[{"href":"https:\/\/comite-civico.org\/index.php?rest_route=%2Fwp%2Fv2%2Fmedia&parent=2273"}],"wp:term":[{"taxonomy":"category","embeddable":true,"href":"https:\/\/comite-civico.org\/index.php?rest_route=%2Fwp%2Fv2%2Fcategories&post=2273"},{"taxonomy":"post_tag","embeddable":true,"href":"https:\/\/comite-civico.org\/index.php?rest_route=%2Fwp%2Fv2%2Ftags&post=2273"}],"curies":[{"name":"wp","href":"https:\/\/api.w.org\/{rel}","templated":true}]}}