{"id":2262,"date":"2025-05-19T16:33:46","date_gmt":"2025-05-19T21:33:46","guid":{"rendered":"https:\/\/comite-civico.org\/?p=2262"},"modified":"2025-05-19T16:33:46","modified_gmt":"2025-05-19T21:33:46","slug":"el-dia-que-el-pueblo-no-se-dejo-apagar","status":"publish","type":"post","link":"https:\/\/comite-civico.org\/?p=2262","title":{"rendered":"El d\u00eda que el pueblo no se dej\u00f3 apagar"},"content":{"rendered":"\n<p>Hab\u00eda una vez un pueblo en la costa del Pac\u00edfico llamado Buenaventura. Era un pueblo alegre, lleno de cultura, de tambores, de rezos y de sue\u00f1os. Pero tambi\u00e9n era un pueblo cansado\u2026 cansado del olvido, del abandono, de la injusticia.<\/p>\n\n\n\n<p><br>Un d\u00eda como hoy, hace 8 a\u00f1os, este pueblo decidi\u00f3 alzar su voz. Sali\u00f3 a las calles con fuerza, pero sin armas. Con cantos, pancartas, danzas y esperanza. Quer\u00edan una vida digna, agua, salud, educaci\u00f3n y paz.<\/p>\n\n\n\n<p><br>Pero al caer la tarde del 19 de Mayo del 2017, llegaron tanquetas, motos, escudos y gases. El rugido de las botas intent\u00f3 silenciar los tambores. El Esmad arremeti\u00f3 contra la gente. Hubo miedo, rabia, confusi\u00f3n. Algunos aprovecharon la oscuridad para causar da\u00f1o. Y mientras todo eso pasaba, quienes deb\u00edan cuidar\u2026 no estaban.<br>Esa noche fue dura. Muchos lloraron. Muchos dudaron. Pero el coraz\u00f3n del pueblo es fuerte.<\/p>\n\n\n\n<p><br>Y al d\u00eda siguiente, sin que nadie lo ordenara, ocurri\u00f3 algo m\u00e1gico: m\u00e1s de 50.000 personas salieron a las calles. Gente de todos los barrios, con tambores, con ni\u00f1os, con cantos. Marcharon en paz, con el alma limpia, gritando al mundo que no eran v\u00e1ndalos ni ladrones. Eran un pueblo digno, luchando por su derecho a vivir sabroso.<\/p>\n\n\n\n<p><br>Desde entonces, Buenaventura no es la misma. Porque ese d\u00eda, el pueblo escribi\u00f3 con dignidad una p\u00e1gina de su historia que ni el tiempo podr\u00e1 borrar.<\/p>\n\n\n\n<p><br>Y as\u00ed, entre tambores y resistencia, Buenaventura sigue caminando hacia la paz.<\/p>\n\n\n\n<h1 class=\"wp-block-heading\">ParoC\u00edvico #BuenaventuraResiste #NoGanaUnoGanamosTodos<\/h1>\n\n\n\n<p><\/p>\n","protected":false},"excerpt":{"rendered":"<p>Hab\u00eda una vez un pueblo en la costa del Pac\u00edfico llamado Buenaventura. Era un pueblo alegre, lleno de cultura, de tambores, de rezos y de sue\u00f1os. Pero tambi\u00e9n era un pueblo cansado\u2026 cansado del olvido, del abandono, de la injusticia. Un d\u00eda como hoy, hace 8 a\u00f1os, este pueblo decidi\u00f3 alzar su voz. Sali\u00f3 a &#8230; <a title=\"El d\u00eda que el pueblo no se dej\u00f3 apagar\" class=\"read-more\" href=\"https:\/\/comite-civico.org\/?p=2262\" aria-label=\"Read more about El d\u00eda que el pueblo no se dej\u00f3 apagar\">Leer m\u00e1s<\/a><\/p>\n","protected":false},"author":1,"featured_media":2264,"comment_status":"open","ping_status":"open","sticky":false,"template":"","format":"standard","meta":{"footnotes":""},"categories":[1],"tags":[],"class_list":["post-2262","post","type-post","status-publish","format-standard","has-post-thumbnail","hentry","category-sin-categoria"],"acf":[],"yoast_head":"<!-- This site is optimized with the Yoast SEO plugin v25.0 - https:\/\/yoast.com\/wordpress\/plugins\/seo\/ -->\n<title>El d\u00eda que el pueblo no se dej\u00f3 apagar - Movimiento Social Paro C\u00edvico de Buenaventura<\/title>\n<meta name=\"robots\" content=\"index, follow, max-snippet:-1, max-image-preview:large, max-video-preview:-1\" \/>\n<link rel=\"canonical\" href=\"https:\/\/comite-civico.org\/?p=2262\" \/>\n<meta property=\"og:locale\" content=\"es_ES\" \/>\n<meta property=\"og:type\" content=\"article\" \/>\n<meta property=\"og:title\" content=\"El d\u00eda que el pueblo no se dej\u00f3 apagar - Movimiento Social Paro C\u00edvico de Buenaventura\" \/>\n<meta property=\"og:description\" content=\"Hab\u00eda una vez un pueblo en la costa del Pac\u00edfico llamado Buenaventura. Era un pueblo alegre, lleno de cultura, de tambores, de rezos y de sue\u00f1os. Pero tambi\u00e9n era un pueblo cansado\u2026 cansado del olvido, del abandono, de la injusticia. Un d\u00eda como hoy, hace 8 a\u00f1os, este pueblo decidi\u00f3 alzar su voz. Sali\u00f3 a ... Leer m\u00e1s\" \/>\n<meta property=\"og:url\" content=\"https:\/\/comite-civico.org\/?p=2262\" \/>\n<meta property=\"og:site_name\" content=\"Movimiento Social Paro C\u00edvico de Buenaventura\" \/>\n<meta property=\"article:published_time\" content=\"2025-05-19T21:33:46+00:00\" \/>\n<meta property=\"og:image\" content=\"http:\/\/comite-civico.org\/wp-content\/uploads\/2025\/05\/19-de-Mayo-1-scaled.png\" \/>\n\t<meta property=\"og:image:width\" content=\"2560\" \/>\n\t<meta property=\"og:image:height\" content=\"2538\" \/>\n\t<meta property=\"og:image:type\" content=\"image\/png\" \/>\n<meta name=\"author\" content=\"comiteadmin\" \/>\n<meta name=\"twitter:card\" content=\"summary_large_image\" \/>\n<meta name=\"twitter:label1\" content=\"Escrito por\" \/>\n\t<meta name=\"twitter:data1\" content=\"comiteadmin\" \/>\n\t<meta name=\"twitter:label2\" content=\"Tiempo de lectura\" \/>\n\t<meta name=\"twitter:data2\" content=\"2 minutos\" \/>\n<script type=\"application\/ld+json\" class=\"yoast-schema-graph\">{\"@context\":\"https:\/\/schema.org\",\"@graph\":[{\"@type\":\"Article\",\"@id\":\"https:\/\/comite-civico.org\/?p=2262#article\",\"isPartOf\":{\"@id\":\"https:\/\/comite-civico.org\/?p=2262\"},\"author\":{\"name\":\"comiteadmin\",\"@id\":\"https:\/\/comite-civico.org\/#\/schema\/person\/eebdf569aa3565fa603cc9c5b53cea34\"},\"headline\":\"El d\u00eda que el pueblo no se dej\u00f3 apagar\",\"datePublished\":\"2025-05-19T21:33:46+00:00\",\"mainEntityOfPage\":{\"@id\":\"https:\/\/comite-civico.org\/?p=2262\"},\"wordCount\":270,\"commentCount\":0,\"publisher\":{\"@id\":\"https:\/\/comite-civico.org\/#organization\"},\"image\":{\"@id\":\"https:\/\/comite-civico.org\/?p=2262#primaryimage\"},\"thumbnailUrl\":\"https:\/\/comite-civico.org\/wp-content\/uploads\/2025\/05\/19-de-Mayo-1-scaled.png\",\"inLanguage\":\"es-CO\",\"potentialAction\":[{\"@type\":\"CommentAction\",\"name\":\"Comment\",\"target\":[\"https:\/\/comite-civico.org\/?p=2262#respond\"]}]},{\"@type\":\"WebPage\",\"@id\":\"https:\/\/comite-civico.org\/?p=2262\",\"url\":\"https:\/\/comite-civico.org\/?p=2262\",\"name\":\"El d\u00eda que el pueblo no se dej\u00f3 apagar - Movimiento Social Paro C\u00edvico de Buenaventura\",\"isPartOf\":{\"@id\":\"https:\/\/comite-civico.org\/#website\"},\"primaryImageOfPage\":{\"@id\":\"https:\/\/comite-civico.org\/?p=2262#primaryimage\"},\"image\":{\"@id\":\"https:\/\/comite-civico.org\/?p=2262#primaryimage\"},\"thumbnailUrl\":\"https:\/\/comite-civico.org\/wp-content\/uploads\/2025\/05\/19-de-Mayo-1-scaled.png\",\"datePublished\":\"2025-05-19T21:33:46+00:00\",\"breadcrumb\":{\"@id\":\"https:\/\/comite-civico.org\/?p=2262#breadcrumb\"},\"inLanguage\":\"es-CO\",\"potentialAction\":[{\"@type\":\"ReadAction\",\"target\":[\"https:\/\/comite-civico.org\/?p=2262\"]}]},{\"@type\":\"ImageObject\",\"inLanguage\":\"es-CO\",\"@id\":\"https:\/\/comite-civico.org\/?p=2262#primaryimage\",\"url\":\"https:\/\/comite-civico.org\/wp-content\/uploads\/2025\/05\/19-de-Mayo-1-scaled.png\",\"contentUrl\":\"https:\/\/comite-civico.org\/wp-content\/uploads\/2025\/05\/19-de-Mayo-1-scaled.png\",\"width\":2560,\"height\":2538},{\"@type\":\"BreadcrumbList\",\"@id\":\"https:\/\/comite-civico.org\/?p=2262#breadcrumb\",\"itemListElement\":[{\"@type\":\"ListItem\",\"position\":1,\"name\":\"Inicio\",\"item\":\"https:\/\/comite-civico.org\/\"},{\"@type\":\"ListItem\",\"position\":2,\"name\":\"El d\u00eda que el pueblo no se dej\u00f3 apagar\"}]},{\"@type\":\"WebSite\",\"@id\":\"https:\/\/comite-civico.org\/#website\",\"url\":\"https:\/\/comite-civico.org\/\",\"name\":\"Movimiento Social Paro C\u00edvico de Buenaventura\",\"description\":\"Movimiento Social Paro C\u00edvico de Buenaventura\",\"publisher\":{\"@id\":\"https:\/\/comite-civico.org\/#organization\"},\"potentialAction\":[{\"@type\":\"SearchAction\",\"target\":{\"@type\":\"EntryPoint\",\"urlTemplate\":\"https:\/\/comite-civico.org\/?s={search_term_string}\"},\"query-input\":{\"@type\":\"PropertyValueSpecification\",\"valueRequired\":true,\"valueName\":\"search_term_string\"}}],\"inLanguage\":\"es-CO\"},{\"@type\":\"Organization\",\"@id\":\"https:\/\/comite-civico.org\/#organization\",\"name\":\"Movimiento Social Paro C\u00edvico de Buenaventura\",\"url\":\"https:\/\/comite-civico.org\/\",\"logo\":{\"@type\":\"ImageObject\",\"inLanguage\":\"es-CO\",\"@id\":\"https:\/\/comite-civico.org\/#\/schema\/logo\/image\/\",\"url\":\"https:\/\/comite-civico.org\/wp-content\/uploads\/2021\/03\/Logo-de-Movimiento-Blanco-scaled.png\",\"contentUrl\":\"https:\/\/comite-civico.org\/wp-content\/uploads\/2021\/03\/Logo-de-Movimiento-Blanco-scaled.png\",\"width\":2560,\"height\":1810,\"caption\":\"Movimiento Social Paro C\u00edvico de Buenaventura\"},\"image\":{\"@id\":\"https:\/\/comite-civico.org\/#\/schema\/logo\/image\/\"}},{\"@type\":\"Person\",\"@id\":\"https:\/\/comite-civico.org\/#\/schema\/person\/eebdf569aa3565fa603cc9c5b53cea34\",\"name\":\"comiteadmin\",\"image\":{\"@type\":\"ImageObject\",\"inLanguage\":\"es-CO\",\"@id\":\"https:\/\/comite-civico.org\/#\/schema\/person\/image\/\",\"url\":\"https:\/\/secure.gravatar.com\/avatar\/516fb540621996b28f565fdf033072d55dd3fe76896ef4af5250b5fec1b457fe?s=96&d=mm&r=g\",\"contentUrl\":\"https:\/\/secure.gravatar.com\/avatar\/516fb540621996b28f565fdf033072d55dd3fe76896ef4af5250b5fec1b457fe?s=96&d=mm&r=g\",\"caption\":\"comiteadmin\"},\"sameAs\":[\"https:\/\/comite-civico.org\/\"],\"url\":\"https:\/\/comite-civico.org\/?author=1\"}]}<\/script>\n<!-- \/ Yoast SEO plugin. -->","yoast_head_json":{"title":"El d\u00eda que el pueblo no se dej\u00f3 apagar - Movimiento Social Paro C\u00edvico de Buenaventura","robots":{"index":"index","follow":"follow","max-snippet":"max-snippet:-1","max-image-preview":"max-image-preview:large","max-video-preview":"max-video-preview:-1"},"canonical":"https:\/\/comite-civico.org\/?p=2262","og_locale":"es_ES","og_type":"article","og_title":"El d\u00eda que el pueblo no se dej\u00f3 apagar - Movimiento Social Paro C\u00edvico de Buenaventura","og_description":"Hab\u00eda una vez un pueblo en la costa del Pac\u00edfico llamado Buenaventura. Era un pueblo alegre, lleno de cultura, de tambores, de rezos y de sue\u00f1os. Pero tambi\u00e9n era un pueblo cansado\u2026 cansado del olvido, del abandono, de la injusticia. Un d\u00eda como hoy, hace 8 a\u00f1os, este pueblo decidi\u00f3 alzar su voz. Sali\u00f3 a ... Leer m\u00e1s","og_url":"https:\/\/comite-civico.org\/?p=2262","og_site_name":"Movimiento Social Paro C\u00edvico de Buenaventura","article_published_time":"2025-05-19T21:33:46+00:00","og_image":[{"width":2560,"height":2538,"url":"http:\/\/comite-civico.org\/wp-content\/uploads\/2025\/05\/19-de-Mayo-1-scaled.png","type":"image\/png"}],"author":"comiteadmin","twitter_card":"summary_large_image","twitter_misc":{"Escrito por":"comiteadmin","Tiempo de lectura":"2 minutos"},"schema":{"@context":"https:\/\/schema.org","@graph":[{"@type":"Article","@id":"https:\/\/comite-civico.org\/?p=2262#article","isPartOf":{"@id":"https:\/\/comite-civico.org\/?p=2262"},"author":{"name":"comiteadmin","@id":"https:\/\/comite-civico.org\/#\/schema\/person\/eebdf569aa3565fa603cc9c5b53cea34"},"headline":"El d\u00eda que el pueblo no se dej\u00f3 apagar","datePublished":"2025-05-19T21:33:46+00:00","mainEntityOfPage":{"@id":"https:\/\/comite-civico.org\/?p=2262"},"wordCount":270,"commentCount":0,"publisher":{"@id":"https:\/\/comite-civico.org\/#organization"},"image":{"@id":"https:\/\/comite-civico.org\/?p=2262#primaryimage"},"thumbnailUrl":"https:\/\/comite-civico.org\/wp-content\/uploads\/2025\/05\/19-de-Mayo-1-scaled.png","inLanguage":"es-CO","potentialAction":[{"@type":"CommentAction","name":"Comment","target":["https:\/\/comite-civico.org\/?p=2262#respond"]}]},{"@type":"WebPage","@id":"https:\/\/comite-civico.org\/?p=2262","url":"https:\/\/comite-civico.org\/?p=2262","name":"El d\u00eda que el pueblo no se dej\u00f3 apagar - Movimiento Social Paro C\u00edvico de Buenaventura","isPartOf":{"@id":"https:\/\/comite-civico.org\/#website"},"primaryImageOfPage":{"@id":"https:\/\/comite-civico.org\/?p=2262#primaryimage"},"image":{"@id":"https:\/\/comite-civico.org\/?p=2262#primaryimage"},"thumbnailUrl":"https:\/\/comite-civico.org\/wp-content\/uploads\/2025\/05\/19-de-Mayo-1-scaled.png","datePublished":"2025-05-19T21:33:46+00:00","breadcrumb":{"@id":"https:\/\/comite-civico.org\/?p=2262#breadcrumb"},"inLanguage":"es-CO","potentialAction":[{"@type":"ReadAction","target":["https:\/\/comite-civico.org\/?p=2262"]}]},{"@type":"ImageObject","inLanguage":"es-CO","@id":"https:\/\/comite-civico.org\/?p=2262#primaryimage","url":"https:\/\/comite-civico.org\/wp-content\/uploads\/2025\/05\/19-de-Mayo-1-scaled.png","contentUrl":"https:\/\/comite-civico.org\/wp-content\/uploads\/2025\/05\/19-de-Mayo-1-scaled.png","width":2560,"height":2538},{"@type":"BreadcrumbList","@id":"https:\/\/comite-civico.org\/?p=2262#breadcrumb","itemListElement":[{"@type":"ListItem","position":1,"name":"Inicio","item":"https:\/\/comite-civico.org\/"},{"@type":"ListItem","position":2,"name":"El d\u00eda que el pueblo no se dej\u00f3 apagar"}]},{"@type":"WebSite","@id":"https:\/\/comite-civico.org\/#website","url":"https:\/\/comite-civico.org\/","name":"Movimiento Social Paro C\u00edvico de Buenaventura","description":"Movimiento Social Paro C\u00edvico de Buenaventura","publisher":{"@id":"https:\/\/comite-civico.org\/#organization"},"potentialAction":[{"@type":"SearchAction","target":{"@type":"EntryPoint","urlTemplate":"https:\/\/comite-civico.org\/?s={search_term_string}"},"query-input":{"@type":"PropertyValueSpecification","valueRequired":true,"valueName":"search_term_string"}}],"inLanguage":"es-CO"},{"@type":"Organization","@id":"https:\/\/comite-civico.org\/#organization","name":"Movimiento Social Paro C\u00edvico de Buenaventura","url":"https:\/\/comite-civico.org\/","logo":{"@type":"ImageObject","inLanguage":"es-CO","@id":"https:\/\/comite-civico.org\/#\/schema\/logo\/image\/","url":"https:\/\/comite-civico.org\/wp-content\/uploads\/2021\/03\/Logo-de-Movimiento-Blanco-scaled.png","contentUrl":"https:\/\/comite-civico.org\/wp-content\/uploads\/2021\/03\/Logo-de-Movimiento-Blanco-scaled.png","width":2560,"height":1810,"caption":"Movimiento Social Paro C\u00edvico de Buenaventura"},"image":{"@id":"https:\/\/comite-civico.org\/#\/schema\/logo\/image\/"}},{"@type":"Person","@id":"https:\/\/comite-civico.org\/#\/schema\/person\/eebdf569aa3565fa603cc9c5b53cea34","name":"comiteadmin","image":{"@type":"ImageObject","inLanguage":"es-CO","@id":"https:\/\/comite-civico.org\/#\/schema\/person\/image\/","url":"https:\/\/secure.gravatar.com\/avatar\/516fb540621996b28f565fdf033072d55dd3fe76896ef4af5250b5fec1b457fe?s=96&d=mm&r=g","contentUrl":"https:\/\/secure.gravatar.com\/avatar\/516fb540621996b28f565fdf033072d55dd3fe76896ef4af5250b5fec1b457fe?s=96&d=mm&r=g","caption":"comiteadmin"},"sameAs":["https:\/\/comite-civico.org\/"],"url":"https:\/\/comite-civico.org\/?author=1"}]}},"_links":{"self":[{"href":"https:\/\/comite-civico.org\/index.php?rest_route=\/wp\/v2\/posts\/2262","targetHints":{"allow":["GET"]}}],"collection":[{"href":"https:\/\/comite-civico.org\/index.php?rest_route=\/wp\/v2\/posts"}],"about":[{"href":"https:\/\/comite-civico.org\/index.php?rest_route=\/wp\/v2\/types\/post"}],"author":[{"embeddable":true,"href":"https:\/\/comite-civico.org\/index.php?rest_route=\/wp\/v2\/users\/1"}],"replies":[{"embeddable":true,"href":"https:\/\/comite-civico.org\/index.php?rest_route=%2Fwp%2Fv2%2Fcomments&post=2262"}],"version-history":[{"count":1,"href":"https:\/\/comite-civico.org\/index.php?rest_route=\/wp\/v2\/posts\/2262\/revisions"}],"predecessor-version":[{"id":2265,"href":"https:\/\/comite-civico.org\/index.php?rest_route=\/wp\/v2\/posts\/2262\/revisions\/2265"}],"wp:featuredmedia":[{"embeddable":true,"href":"https:\/\/comite-civico.org\/index.php?rest_route=\/wp\/v2\/media\/2264"}],"wp:attachment":[{"href":"https:\/\/comite-civico.org\/index.php?rest_route=%2Fwp%2Fv2%2Fmedia&parent=2262"}],"wp:term":[{"taxonomy":"category","embeddable":true,"href":"https:\/\/comite-civico.org\/index.php?rest_route=%2Fwp%2Fv2%2Fcategories&post=2262"},{"taxonomy":"post_tag","embeddable":true,"href":"https:\/\/comite-civico.org\/index.php?rest_route=%2Fwp%2Fv2%2Ftags&post=2262"}],"curies":[{"name":"wp","href":"https:\/\/api.w.org\/{rel}","templated":true}]}}