{"id":2248,"date":"2025-05-05T08:04:38","date_gmt":"2025-05-05T13:04:38","guid":{"rendered":"https:\/\/comite-civico.org\/?p=2248"},"modified":"2025-05-05T08:04:38","modified_gmt":"2025-05-05T13:04:38","slug":"comunidades-del-rio-cajambre-fortalecen-la-implementacion-de-los-acuerdos-del-paro-civico-en-buenaventura","status":"publish","type":"post","link":"https:\/\/comite-civico.org\/?p=2248","title":{"rendered":"Comunidades del R\u00edo Cajambre fortalecen la implementaci\u00f3n de los acuerdos del Paro C\u00edvico en Buenaventura"},"content":{"rendered":"\n<p>En el marco del Proyecto #PACEBUENA, los d\u00edas 02 y 03 de mayo de 2025 se llev\u00f3 a cabo un momento clave con delegaciones de comunidades rurales de Buenaventura: el cuarto taller de sensibilizaci\u00f3n sobre los acuerdos del Paro C\u00edvico, su avances y mecanismos de participaci\u00f3n para su exigencia, esta vez en la hermosa vereda de Silva, perteneciente al Consejo Comunitario del R\u00edo Cajambre.<\/p>\n\n\n\n<p>Este espacio no solo represent\u00f3 la continuidad de un proceso hist\u00f3rico de lucha y dignidad, sino tambi\u00e9n un llamado a fortalecer el compromiso colectivo para la exigencia de la implementaci\u00f3n real de los acuerdos concertados entre el pueblo bonaverense y el gobierno colombiano. Con la presencia activa de representantes de los Consejos Comunitarios de los R\u00edos Raposo, Mayorqu\u00edn y Cajambre, la jornada se convirti\u00f3 en una muestra viva de uni\u00f3n territorial.<\/p>\n\n\n\n<p><br>En la comunidad de Silva (r\u00edo Cajambre) se compartieron experiencias, conocimientos y propuestas concretas para seguir avanzando. Se abordaron temas centrales, especialmente de 2 de las 9 mesas tem\u00e1ticas de concertaci\u00f3n para el cumplimiento de los acuerdos:<\/p>\n\n\n\n<div class=\"wp-block-columns is-layout-flex wp-container-core-columns-is-layout-9d6595d7 wp-block-columns-is-layout-flex\">\n<div class=\"wp-block-column is-layout-flow wp-block-column-is-layout-flow\">\n<figure class=\"wp-block-image size-large\"><img fetchpriority=\"high\" decoding=\"async\" width=\"1024\" height=\"526\" src=\"https:\/\/comite-civico.org\/wp-content\/uploads\/2025\/05\/IMG_5320-1024x526.jpg\" alt=\"\" class=\"wp-image-2250\" srcset=\"https:\/\/comite-civico.org\/wp-content\/uploads\/2025\/05\/IMG_5320-1024x526.jpg 1024w, https:\/\/comite-civico.org\/wp-content\/uploads\/2025\/05\/IMG_5320-300x154.jpg 300w, https:\/\/comite-civico.org\/wp-content\/uploads\/2025\/05\/IMG_5320-768x395.jpg 768w, https:\/\/comite-civico.org\/wp-content\/uploads\/2025\/05\/IMG_5320-1536x789.jpg 1536w, https:\/\/comite-civico.org\/wp-content\/uploads\/2025\/05\/IMG_5320.jpg 2048w\" sizes=\"(max-width: 1024px) 100vw, 1024px\" \/><\/figure>\n<\/div>\n\n\n\n<div class=\"wp-block-column is-layout-flow wp-block-column-is-layout-flow\">\n<figure class=\"wp-block-image size-large\"><img decoding=\"async\" width=\"1024\" height=\"691\" src=\"https:\/\/comite-civico.org\/wp-content\/uploads\/2025\/05\/IMG_5407-1024x691.jpg\" alt=\"\" class=\"wp-image-2251\" srcset=\"https:\/\/comite-civico.org\/wp-content\/uploads\/2025\/05\/IMG_5407-1024x691.jpg 1024w, https:\/\/comite-civico.org\/wp-content\/uploads\/2025\/05\/IMG_5407-300x202.jpg 300w, https:\/\/comite-civico.org\/wp-content\/uploads\/2025\/05\/IMG_5407-768x518.jpg 768w, https:\/\/comite-civico.org\/wp-content\/uploads\/2025\/05\/IMG_5407-1536x1037.jpg 1536w, https:\/\/comite-civico.org\/wp-content\/uploads\/2025\/05\/IMG_5407.jpg 2048w\" sizes=\"(max-width: 1024px) 100vw, 1024px\" \/><\/figure>\n<\/div>\n\n\n\n<div class=\"wp-block-column is-layout-flow wp-block-column-is-layout-flow\">\n<figure class=\"wp-block-image size-large\"><img decoding=\"async\" width=\"1024\" height=\"614\" src=\"https:\/\/comite-civico.org\/wp-content\/uploads\/2025\/05\/IMG_5381-1024x614.jpg\" alt=\"\" class=\"wp-image-2252\" srcset=\"https:\/\/comite-civico.org\/wp-content\/uploads\/2025\/05\/IMG_5381-1024x614.jpg 1024w, https:\/\/comite-civico.org\/wp-content\/uploads\/2025\/05\/IMG_5381-300x180.jpg 300w, https:\/\/comite-civico.org\/wp-content\/uploads\/2025\/05\/IMG_5381-768x461.jpg 768w, https:\/\/comite-civico.org\/wp-content\/uploads\/2025\/05\/IMG_5381-1536x921.jpg 1536w, https:\/\/comite-civico.org\/wp-content\/uploads\/2025\/05\/IMG_5381.jpg 2048w\" sizes=\"(max-width: 1024px) 100vw, 1024px\" \/><\/figure>\n<\/div>\n<\/div>\n\n\n\n<p>\ud83d\udd39 Mesa de Acceso a la Justicia, V\u00edctimas, Protecci\u00f3n y Memoria (AJVPM)<br>Se profundiz\u00f3 en los acuerdos orientados a garantizar justicia, reparaci\u00f3n y protecci\u00f3n integral a las v\u00edctimas y la memoria, pilares fundamentales para sanar heridas del conflicto y reconstruir el tejido social de nuestras comunidades.<br>\ud83d\udd39 Mesa de Cultura, Recreaci\u00f3n, Deporte, G\u00e9nero y Generacional (CRDGG)<br>Aqu\u00ed se reflexion\u00f3 sobre la Violencia Basada en G\u00e9nero, utilizando herramientas como el &#8220;violent\u00f3metro&#8221; para visibilizar y hacer conciencia sobre sus diversas y cotidianas manifestaciones y construir colectivamente rutas de prevenci\u00f3n, autoprotecci\u00f3n y conciencia, tanto para mujeres como para hombres.<br>Las metodolog\u00edas participativas implementadas \u2014dramatizaciones, juegos como &#8220;Conc\u00e9ntrese&#8221; y el tradicional &#8220;tingo-tango&#8221;\u2014 no fueron solo din\u00e1micas l\u00fadicas\u2026, fueron potentes mecanismos para despertar la reflexi\u00f3n, generar empat\u00eda y fortalecer la apropiaci\u00f3n comunitaria de los acuerdos.<\/p>\n\n\n\n<div class=\"wp-block-columns is-layout-flex wp-container-core-columns-is-layout-9d6595d7 wp-block-columns-is-layout-flex\">\n<div class=\"wp-block-column is-layout-flow wp-block-column-is-layout-flow\">\n<figure class=\"wp-block-image size-large\"><img loading=\"lazy\" decoding=\"async\" width=\"1024\" height=\"590\" src=\"https:\/\/comite-civico.org\/wp-content\/uploads\/2025\/05\/IMG_5458-1024x590.jpg\" alt=\"\" class=\"wp-image-2253\" srcset=\"https:\/\/comite-civico.org\/wp-content\/uploads\/2025\/05\/IMG_5458-1024x590.jpg 1024w, https:\/\/comite-civico.org\/wp-content\/uploads\/2025\/05\/IMG_5458-300x173.jpg 300w, https:\/\/comite-civico.org\/wp-content\/uploads\/2025\/05\/IMG_5458-768x442.jpg 768w, https:\/\/comite-civico.org\/wp-content\/uploads\/2025\/05\/IMG_5458-1536x884.jpg 1536w, https:\/\/comite-civico.org\/wp-content\/uploads\/2025\/05\/IMG_5458.jpg 2048w\" sizes=\"(max-width: 1024px) 100vw, 1024px\" \/><\/figure>\n<\/div>\n\n\n\n<div class=\"wp-block-column is-layout-flow wp-block-column-is-layout-flow\">\n<figure class=\"wp-block-image size-large\"><img loading=\"lazy\" decoding=\"async\" width=\"1024\" height=\"625\" src=\"https:\/\/comite-civico.org\/wp-content\/uploads\/2025\/05\/IMG_5580-1024x625.jpg\" alt=\"\" class=\"wp-image-2254\" srcset=\"https:\/\/comite-civico.org\/wp-content\/uploads\/2025\/05\/IMG_5580-1024x625.jpg 1024w, https:\/\/comite-civico.org\/wp-content\/uploads\/2025\/05\/IMG_5580-300x183.jpg 300w, https:\/\/comite-civico.org\/wp-content\/uploads\/2025\/05\/IMG_5580-768x469.jpg 768w, https:\/\/comite-civico.org\/wp-content\/uploads\/2025\/05\/IMG_5580-1536x938.jpg 1536w, https:\/\/comite-civico.org\/wp-content\/uploads\/2025\/05\/IMG_5580.jpg 2048w\" sizes=\"(max-width: 1024px) 100vw, 1024px\" \/><\/figure>\n<\/div>\n<\/div>\n\n\n\n<p>Esta experiencia fue posible gracias al liderazgo del Movimiento Social Paro C\u00edvico de Buenaventura, la Fundaci\u00f3n Socioambiental ARIBI y el equipo del Proyecto #PACEBUENA.<\/p>\n\n\n\n<p>Hoy m\u00e1s que nunca, el mensaje es claro: el cambio real comienza y se gesta en el territorio, con la gente, desde la ra\u00edz.En el marco del Proyecto #PACEBUENA, los d\u00edas 02 y 03 de mayo de 2025 se llev\u00f3 a cabo un momento clave con delegaciones de comunidades rurales de Buenaventura: el cuarto taller de sensibilizaci\u00f3n sobre los acuerdos del Paro C\u00edvico, su avances y mecanismos de participaci\u00f3n para su exigencia, esta vez en la hermosa vereda de Silva, perteneciente al Consejo Comunitario del R\u00edo Cajambre.<\/p>\n\n\n\n<p>Este espacio no solo represent\u00f3 la continuidad de un proceso hist\u00f3rico de lucha y dignidad, sino tambi\u00e9n un llamado a fortalecer el compromiso colectivo para la exigencia de la implementaci\u00f3n real de los acuerdos concertados entre el pueblo bonaverense y el gobierno colombiano. Con la presencia activa de representantes de los Consejos Comunitarios de los R\u00edos Raposo, Mayorqu\u00edn y Cajambre, la jornada se convirti\u00f3 en una muestra viva de uni\u00f3n territorial.<br>En la comunidad de Silva (r\u00edo Cajambre) se compartieron experiencias, conocimientos y propuestas concretas para seguir avanzando. Se abordaron temas centrales, especialmente de 2 de las 9 mesas tem\u00e1ticas de concertaci\u00f3n para el cumplimiento de los acuerdos:<\/p>\n\n\n\n<p>\ud83d\udd39 Mesa de Acceso a la Justicia, V\u00edctimas, Protecci\u00f3n y Memoria (AJVPM)<br>Se profundiz\u00f3 en los acuerdos orientados a garantizar justicia, reparaci\u00f3n y protecci\u00f3n integral a las v\u00edctimas y la memoria, pilares fundamentales para sanar heridas del conflicto y reconstruir el tejido social de nuestras comunidades.<br>\ud83d\udd39 Mesa de Cultura, Recreaci\u00f3n, Deporte, G\u00e9nero y Generacional (CRDGG)<br>Aqu\u00ed se reflexion\u00f3 sobre la Violencia Basada en G\u00e9nero, utilizando herramientas como el &#8220;violent\u00f3metro&#8221; para visibilizar y hacer conciencia sobre sus diversas y cotidianas manifestaciones y construir colectivamente rutas de prevenci\u00f3n, autoprotecci\u00f3n y conciencia, tanto para mujeres como para hombres.<\/p>\n\n\n\n<div class=\"wp-block-columns is-layout-flex wp-container-core-columns-is-layout-9d6595d7 wp-block-columns-is-layout-flex\">\n<div class=\"wp-block-column is-layout-flow wp-block-column-is-layout-flow\">\n<figure class=\"wp-block-image size-large\"><img loading=\"lazy\" decoding=\"async\" width=\"1024\" height=\"640\" src=\"https:\/\/comite-civico.org\/wp-content\/uploads\/2025\/05\/IMG_5585-1024x640.jpg\" alt=\"\" class=\"wp-image-2255\" srcset=\"https:\/\/comite-civico.org\/wp-content\/uploads\/2025\/05\/IMG_5585-1024x640.jpg 1024w, https:\/\/comite-civico.org\/wp-content\/uploads\/2025\/05\/IMG_5585-300x187.jpg 300w, https:\/\/comite-civico.org\/wp-content\/uploads\/2025\/05\/IMG_5585-768x480.jpg 768w, https:\/\/comite-civico.org\/wp-content\/uploads\/2025\/05\/IMG_5585-1536x959.jpg 1536w, https:\/\/comite-civico.org\/wp-content\/uploads\/2025\/05\/IMG_5585.jpg 2048w\" sizes=\"(max-width: 1024px) 100vw, 1024px\" \/><\/figure>\n<\/div>\n\n\n\n<div class=\"wp-block-column is-layout-flow wp-block-column-is-layout-flow\">\n<figure class=\"wp-block-image size-large\"><img loading=\"lazy\" decoding=\"async\" width=\"1024\" height=\"668\" src=\"https:\/\/comite-civico.org\/wp-content\/uploads\/2025\/05\/IMG_5599-1024x668.jpg\" alt=\"\" class=\"wp-image-2256\" srcset=\"https:\/\/comite-civico.org\/wp-content\/uploads\/2025\/05\/IMG_5599-1024x668.jpg 1024w, https:\/\/comite-civico.org\/wp-content\/uploads\/2025\/05\/IMG_5599-300x196.jpg 300w, https:\/\/comite-civico.org\/wp-content\/uploads\/2025\/05\/IMG_5599-768x501.jpg 768w, https:\/\/comite-civico.org\/wp-content\/uploads\/2025\/05\/IMG_5599-1536x1002.jpg 1536w, https:\/\/comite-civico.org\/wp-content\/uploads\/2025\/05\/IMG_5599.jpg 2048w\" sizes=\"(max-width: 1024px) 100vw, 1024px\" \/><\/figure>\n<\/div>\n<\/div>\n\n\n\n<p><br>Las metodolog\u00edas participativas implementadas \u2014dramatizaciones, juegos como &#8220;Conc\u00e9ntrese&#8221; y el tradicional &#8220;tingo-tango&#8221;\u2014 no fueron solo din\u00e1micas l\u00fadicas\u2026, fueron potentes mecanismos para despertar la reflexi\u00f3n, generar empat\u00eda y fortalecer la apropiaci\u00f3n comunitaria de los acuerdos.<\/p>\n\n\n\n<p>Esta experiencia fue posible gracias al liderazgo del Movimiento Social Paro C\u00edvico de Buenaventura, la Fundaci\u00f3n Socioambiental ARIBI y el equipo del Proyecto #PACEBUENA.<\/p>\n\n\n\n<p>Hoy m\u00e1s que nunca, el mensaje es claro: el cambio real comienza y se gesta en el territorio, con la gente, desde la ra\u00edz.<\/p>\n\n\n\n<p><\/p>\n","protected":false},"excerpt":{"rendered":"<p>En el marco del Proyecto #PACEBUENA, los d\u00edas 02 y 03 de mayo de 2025 se llev\u00f3 a cabo un momento clave con delegaciones de comunidades rurales de Buenaventura: el cuarto taller de sensibilizaci\u00f3n sobre los acuerdos del Paro C\u00edvico, su avances y mecanismos de participaci\u00f3n para su exigencia, esta vez en la hermosa vereda &#8230; <a title=\"Comunidades del R\u00edo Cajambre fortalecen la implementaci\u00f3n de los acuerdos del Paro C\u00edvico en Buenaventura\" class=\"read-more\" href=\"https:\/\/comite-civico.org\/?p=2248\" aria-label=\"Read more about Comunidades del R\u00edo Cajambre fortalecen la implementaci\u00f3n de los acuerdos del Paro C\u00edvico en Buenaventura\">Leer m\u00e1s<\/a><\/p>\n","protected":false},"author":1,"featured_media":2249,"comment_status":"open","ping_status":"open","sticky":false,"template":"","format":"standard","meta":{"footnotes":""},"categories":[1],"tags":[],"class_list":["post-2248","post","type-post","status-publish","format-standard","has-post-thumbnail","hentry","category-sin-categoria"],"acf":[],"yoast_head":"<!-- This site is optimized with the Yoast SEO plugin v25.0 - https:\/\/yoast.com\/wordpress\/plugins\/seo\/ -->\n<title>Comunidades del R\u00edo Cajambre fortalecen la implementaci\u00f3n de los acuerdos del Paro C\u00edvico en Buenaventura - Movimiento Social Paro C\u00edvico de Buenaventura<\/title>\n<meta name=\"robots\" content=\"index, follow, max-snippet:-1, max-image-preview:large, max-video-preview:-1\" \/>\n<link rel=\"canonical\" href=\"https:\/\/comite-civico.org\/?p=2248\" \/>\n<meta property=\"og:locale\" content=\"es_ES\" \/>\n<meta property=\"og:type\" content=\"article\" \/>\n<meta property=\"og:title\" content=\"Comunidades del R\u00edo Cajambre fortalecen la implementaci\u00f3n de los acuerdos del Paro C\u00edvico en Buenaventura - Movimiento Social Paro C\u00edvico de Buenaventura\" \/>\n<meta property=\"og:description\" content=\"En el marco del Proyecto #PACEBUENA, los d\u00edas 02 y 03 de mayo de 2025 se llev\u00f3 a cabo un momento clave con delegaciones de comunidades rurales de Buenaventura: el cuarto taller de sensibilizaci\u00f3n sobre los acuerdos del Paro C\u00edvico, su avances y mecanismos de participaci\u00f3n para su exigencia, esta vez en la hermosa vereda ... Leer m\u00e1s\" \/>\n<meta property=\"og:url\" content=\"https:\/\/comite-civico.org\/?p=2248\" \/>\n<meta property=\"og:site_name\" content=\"Movimiento Social Paro C\u00edvico de Buenaventura\" \/>\n<meta property=\"article:published_time\" content=\"2025-05-05T13:04:38+00:00\" \/>\n<meta property=\"og:image\" content=\"http:\/\/comite-civico.org\/wp-content\/uploads\/2025\/05\/DJI_FL1.jpg\" \/>\n\t<meta property=\"og:image:width\" content=\"2048\" \/>\n\t<meta property=\"og:image:height\" content=\"1152\" \/>\n\t<meta property=\"og:image:type\" content=\"image\/jpeg\" \/>\n<meta name=\"author\" content=\"comiteadmin\" \/>\n<meta name=\"twitter:card\" content=\"summary_large_image\" \/>\n<meta name=\"twitter:label1\" content=\"Escrito por\" \/>\n\t<meta name=\"twitter:data1\" content=\"comiteadmin\" \/>\n\t<meta name=\"twitter:label2\" content=\"Tiempo de lectura\" \/>\n\t<meta name=\"twitter:data2\" content=\"5 minutos\" \/>\n<script type=\"application\/ld+json\" class=\"yoast-schema-graph\">{\"@context\":\"https:\/\/schema.org\",\"@graph\":[{\"@type\":\"Article\",\"@id\":\"https:\/\/comite-civico.org\/?p=2248#article\",\"isPartOf\":{\"@id\":\"https:\/\/comite-civico.org\/?p=2248\"},\"author\":{\"name\":\"comiteadmin\",\"@id\":\"https:\/\/comite-civico.org\/#\/schema\/person\/eebdf569aa3565fa603cc9c5b53cea34\"},\"headline\":\"Comunidades del R\u00edo Cajambre fortalecen la implementaci\u00f3n de los acuerdos del Paro C\u00edvico en Buenaventura\",\"datePublished\":\"2025-05-05T13:04:38+00:00\",\"mainEntityOfPage\":{\"@id\":\"https:\/\/comite-civico.org\/?p=2248\"},\"wordCount\":776,\"commentCount\":0,\"publisher\":{\"@id\":\"https:\/\/comite-civico.org\/#organization\"},\"image\":{\"@id\":\"https:\/\/comite-civico.org\/?p=2248#primaryimage\"},\"thumbnailUrl\":\"https:\/\/comite-civico.org\/wp-content\/uploads\/2025\/05\/DJI_FL1.jpg\",\"inLanguage\":\"es-CO\",\"potentialAction\":[{\"@type\":\"CommentAction\",\"name\":\"Comment\",\"target\":[\"https:\/\/comite-civico.org\/?p=2248#respond\"]}]},{\"@type\":\"WebPage\",\"@id\":\"https:\/\/comite-civico.org\/?p=2248\",\"url\":\"https:\/\/comite-civico.org\/?p=2248\",\"name\":\"Comunidades del R\u00edo Cajambre fortalecen la implementaci\u00f3n de los acuerdos del Paro C\u00edvico en Buenaventura - Movimiento Social Paro C\u00edvico de Buenaventura\",\"isPartOf\":{\"@id\":\"https:\/\/comite-civico.org\/#website\"},\"primaryImageOfPage\":{\"@id\":\"https:\/\/comite-civico.org\/?p=2248#primaryimage\"},\"image\":{\"@id\":\"https:\/\/comite-civico.org\/?p=2248#primaryimage\"},\"thumbnailUrl\":\"https:\/\/comite-civico.org\/wp-content\/uploads\/2025\/05\/DJI_FL1.jpg\",\"datePublished\":\"2025-05-05T13:04:38+00:00\",\"breadcrumb\":{\"@id\":\"https:\/\/comite-civico.org\/?p=2248#breadcrumb\"},\"inLanguage\":\"es-CO\",\"potentialAction\":[{\"@type\":\"ReadAction\",\"target\":[\"https:\/\/comite-civico.org\/?p=2248\"]}]},{\"@type\":\"ImageObject\",\"inLanguage\":\"es-CO\",\"@id\":\"https:\/\/comite-civico.org\/?p=2248#primaryimage\",\"url\":\"https:\/\/comite-civico.org\/wp-content\/uploads\/2025\/05\/DJI_FL1.jpg\",\"contentUrl\":\"https:\/\/comite-civico.org\/wp-content\/uploads\/2025\/05\/DJI_FL1.jpg\",\"width\":2048,\"height\":1152},{\"@type\":\"BreadcrumbList\",\"@id\":\"https:\/\/comite-civico.org\/?p=2248#breadcrumb\",\"itemListElement\":[{\"@type\":\"ListItem\",\"position\":1,\"name\":\"Inicio\",\"item\":\"https:\/\/comite-civico.org\/\"},{\"@type\":\"ListItem\",\"position\":2,\"name\":\"Comunidades del R\u00edo Cajambre fortalecen la implementaci\u00f3n de los acuerdos del Paro C\u00edvico en Buenaventura\"}]},{\"@type\":\"WebSite\",\"@id\":\"https:\/\/comite-civico.org\/#website\",\"url\":\"https:\/\/comite-civico.org\/\",\"name\":\"Movimiento Social Paro C\u00edvico de Buenaventura\",\"description\":\"Movimiento Social Paro C\u00edvico de Buenaventura\",\"publisher\":{\"@id\":\"https:\/\/comite-civico.org\/#organization\"},\"potentialAction\":[{\"@type\":\"SearchAction\",\"target\":{\"@type\":\"EntryPoint\",\"urlTemplate\":\"https:\/\/comite-civico.org\/?s={search_term_string}\"},\"query-input\":{\"@type\":\"PropertyValueSpecification\",\"valueRequired\":true,\"valueName\":\"search_term_string\"}}],\"inLanguage\":\"es-CO\"},{\"@type\":\"Organization\",\"@id\":\"https:\/\/comite-civico.org\/#organization\",\"name\":\"Movimiento Social Paro C\u00edvico de Buenaventura\",\"url\":\"https:\/\/comite-civico.org\/\",\"logo\":{\"@type\":\"ImageObject\",\"inLanguage\":\"es-CO\",\"@id\":\"https:\/\/comite-civico.org\/#\/schema\/logo\/image\/\",\"url\":\"https:\/\/comite-civico.org\/wp-content\/uploads\/2021\/03\/Logo-de-Movimiento-Blanco-scaled.png\",\"contentUrl\":\"https:\/\/comite-civico.org\/wp-content\/uploads\/2021\/03\/Logo-de-Movimiento-Blanco-scaled.png\",\"width\":2560,\"height\":1810,\"caption\":\"Movimiento Social Paro C\u00edvico de Buenaventura\"},\"image\":{\"@id\":\"https:\/\/comite-civico.org\/#\/schema\/logo\/image\/\"}},{\"@type\":\"Person\",\"@id\":\"https:\/\/comite-civico.org\/#\/schema\/person\/eebdf569aa3565fa603cc9c5b53cea34\",\"name\":\"comiteadmin\",\"image\":{\"@type\":\"ImageObject\",\"inLanguage\":\"es-CO\",\"@id\":\"https:\/\/comite-civico.org\/#\/schema\/person\/image\/\",\"url\":\"https:\/\/secure.gravatar.com\/avatar\/516fb540621996b28f565fdf033072d55dd3fe76896ef4af5250b5fec1b457fe?s=96&d=mm&r=g\",\"contentUrl\":\"https:\/\/secure.gravatar.com\/avatar\/516fb540621996b28f565fdf033072d55dd3fe76896ef4af5250b5fec1b457fe?s=96&d=mm&r=g\",\"caption\":\"comiteadmin\"},\"sameAs\":[\"https:\/\/comite-civico.org\/\"],\"url\":\"https:\/\/comite-civico.org\/?author=1\"}]}<\/script>\n<!-- \/ Yoast SEO plugin. -->","yoast_head_json":{"title":"Comunidades del R\u00edo Cajambre fortalecen la implementaci\u00f3n de los acuerdos del Paro C\u00edvico en Buenaventura - Movimiento Social Paro C\u00edvico de Buenaventura","robots":{"index":"index","follow":"follow","max-snippet":"max-snippet:-1","max-image-preview":"max-image-preview:large","max-video-preview":"max-video-preview:-1"},"canonical":"https:\/\/comite-civico.org\/?p=2248","og_locale":"es_ES","og_type":"article","og_title":"Comunidades del R\u00edo Cajambre fortalecen la implementaci\u00f3n de los acuerdos del Paro C\u00edvico en Buenaventura - Movimiento Social Paro C\u00edvico de Buenaventura","og_description":"En el marco del Proyecto #PACEBUENA, los d\u00edas 02 y 03 de mayo de 2025 se llev\u00f3 a cabo un momento clave con delegaciones de comunidades rurales de Buenaventura: el cuarto taller de sensibilizaci\u00f3n sobre los acuerdos del Paro C\u00edvico, su avances y mecanismos de participaci\u00f3n para su exigencia, esta vez en la hermosa vereda ... Leer m\u00e1s","og_url":"https:\/\/comite-civico.org\/?p=2248","og_site_name":"Movimiento Social Paro C\u00edvico de Buenaventura","article_published_time":"2025-05-05T13:04:38+00:00","og_image":[{"width":2048,"height":1152,"url":"http:\/\/comite-civico.org\/wp-content\/uploads\/2025\/05\/DJI_FL1.jpg","type":"image\/jpeg"}],"author":"comiteadmin","twitter_card":"summary_large_image","twitter_misc":{"Escrito por":"comiteadmin","Tiempo de lectura":"5 minutos"},"schema":{"@context":"https:\/\/schema.org","@graph":[{"@type":"Article","@id":"https:\/\/comite-civico.org\/?p=2248#article","isPartOf":{"@id":"https:\/\/comite-civico.org\/?p=2248"},"author":{"name":"comiteadmin","@id":"https:\/\/comite-civico.org\/#\/schema\/person\/eebdf569aa3565fa603cc9c5b53cea34"},"headline":"Comunidades del R\u00edo Cajambre fortalecen la implementaci\u00f3n de los acuerdos del Paro C\u00edvico en Buenaventura","datePublished":"2025-05-05T13:04:38+00:00","mainEntityOfPage":{"@id":"https:\/\/comite-civico.org\/?p=2248"},"wordCount":776,"commentCount":0,"publisher":{"@id":"https:\/\/comite-civico.org\/#organization"},"image":{"@id":"https:\/\/comite-civico.org\/?p=2248#primaryimage"},"thumbnailUrl":"https:\/\/comite-civico.org\/wp-content\/uploads\/2025\/05\/DJI_FL1.jpg","inLanguage":"es-CO","potentialAction":[{"@type":"CommentAction","name":"Comment","target":["https:\/\/comite-civico.org\/?p=2248#respond"]}]},{"@type":"WebPage","@id":"https:\/\/comite-civico.org\/?p=2248","url":"https:\/\/comite-civico.org\/?p=2248","name":"Comunidades del R\u00edo Cajambre fortalecen la implementaci\u00f3n de los acuerdos del Paro C\u00edvico en Buenaventura - Movimiento Social Paro C\u00edvico de Buenaventura","isPartOf":{"@id":"https:\/\/comite-civico.org\/#website"},"primaryImageOfPage":{"@id":"https:\/\/comite-civico.org\/?p=2248#primaryimage"},"image":{"@id":"https:\/\/comite-civico.org\/?p=2248#primaryimage"},"thumbnailUrl":"https:\/\/comite-civico.org\/wp-content\/uploads\/2025\/05\/DJI_FL1.jpg","datePublished":"2025-05-05T13:04:38+00:00","breadcrumb":{"@id":"https:\/\/comite-civico.org\/?p=2248#breadcrumb"},"inLanguage":"es-CO","potentialAction":[{"@type":"ReadAction","target":["https:\/\/comite-civico.org\/?p=2248"]}]},{"@type":"ImageObject","inLanguage":"es-CO","@id":"https:\/\/comite-civico.org\/?p=2248#primaryimage","url":"https:\/\/comite-civico.org\/wp-content\/uploads\/2025\/05\/DJI_FL1.jpg","contentUrl":"https:\/\/comite-civico.org\/wp-content\/uploads\/2025\/05\/DJI_FL1.jpg","width":2048,"height":1152},{"@type":"BreadcrumbList","@id":"https:\/\/comite-civico.org\/?p=2248#breadcrumb","itemListElement":[{"@type":"ListItem","position":1,"name":"Inicio","item":"https:\/\/comite-civico.org\/"},{"@type":"ListItem","position":2,"name":"Comunidades del R\u00edo Cajambre fortalecen la implementaci\u00f3n de los acuerdos del Paro C\u00edvico en Buenaventura"}]},{"@type":"WebSite","@id":"https:\/\/comite-civico.org\/#website","url":"https:\/\/comite-civico.org\/","name":"Movimiento Social Paro C\u00edvico de Buenaventura","description":"Movimiento Social Paro C\u00edvico de Buenaventura","publisher":{"@id":"https:\/\/comite-civico.org\/#organization"},"potentialAction":[{"@type":"SearchAction","target":{"@type":"EntryPoint","urlTemplate":"https:\/\/comite-civico.org\/?s={search_term_string}"},"query-input":{"@type":"PropertyValueSpecification","valueRequired":true,"valueName":"search_term_string"}}],"inLanguage":"es-CO"},{"@type":"Organization","@id":"https:\/\/comite-civico.org\/#organization","name":"Movimiento Social Paro C\u00edvico de Buenaventura","url":"https:\/\/comite-civico.org\/","logo":{"@type":"ImageObject","inLanguage":"es-CO","@id":"https:\/\/comite-civico.org\/#\/schema\/logo\/image\/","url":"https:\/\/comite-civico.org\/wp-content\/uploads\/2021\/03\/Logo-de-Movimiento-Blanco-scaled.png","contentUrl":"https:\/\/comite-civico.org\/wp-content\/uploads\/2021\/03\/Logo-de-Movimiento-Blanco-scaled.png","width":2560,"height":1810,"caption":"Movimiento Social Paro C\u00edvico de Buenaventura"},"image":{"@id":"https:\/\/comite-civico.org\/#\/schema\/logo\/image\/"}},{"@type":"Person","@id":"https:\/\/comite-civico.org\/#\/schema\/person\/eebdf569aa3565fa603cc9c5b53cea34","name":"comiteadmin","image":{"@type":"ImageObject","inLanguage":"es-CO","@id":"https:\/\/comite-civico.org\/#\/schema\/person\/image\/","url":"https:\/\/secure.gravatar.com\/avatar\/516fb540621996b28f565fdf033072d55dd3fe76896ef4af5250b5fec1b457fe?s=96&d=mm&r=g","contentUrl":"https:\/\/secure.gravatar.com\/avatar\/516fb540621996b28f565fdf033072d55dd3fe76896ef4af5250b5fec1b457fe?s=96&d=mm&r=g","caption":"comiteadmin"},"sameAs":["https:\/\/comite-civico.org\/"],"url":"https:\/\/comite-civico.org\/?author=1"}]}},"_links":{"self":[{"href":"https:\/\/comite-civico.org\/index.php?rest_route=\/wp\/v2\/posts\/2248","targetHints":{"allow":["GET"]}}],"collection":[{"href":"https:\/\/comite-civico.org\/index.php?rest_route=\/wp\/v2\/posts"}],"about":[{"href":"https:\/\/comite-civico.org\/index.php?rest_route=\/wp\/v2\/types\/post"}],"author":[{"embeddable":true,"href":"https:\/\/comite-civico.org\/index.php?rest_route=\/wp\/v2\/users\/1"}],"replies":[{"embeddable":true,"href":"https:\/\/comite-civico.org\/index.php?rest_route=%2Fwp%2Fv2%2Fcomments&post=2248"}],"version-history":[{"count":1,"href":"https:\/\/comite-civico.org\/index.php?rest_route=\/wp\/v2\/posts\/2248\/revisions"}],"predecessor-version":[{"id":2257,"href":"https:\/\/comite-civico.org\/index.php?rest_route=\/wp\/v2\/posts\/2248\/revisions\/2257"}],"wp:featuredmedia":[{"embeddable":true,"href":"https:\/\/comite-civico.org\/index.php?rest_route=\/wp\/v2\/media\/2249"}],"wp:attachment":[{"href":"https:\/\/comite-civico.org\/index.php?rest_route=%2Fwp%2Fv2%2Fmedia&parent=2248"}],"wp:term":[{"taxonomy":"category","embeddable":true,"href":"https:\/\/comite-civico.org\/index.php?rest_route=%2Fwp%2Fv2%2Fcategories&post=2248"},{"taxonomy":"post_tag","embeddable":true,"href":"https:\/\/comite-civico.org\/index.php?rest_route=%2Fwp%2Fv2%2Ftags&post=2248"}],"curies":[{"name":"wp","href":"https:\/\/api.w.org\/{rel}","templated":true}]}}