{"id":2237,"date":"2025-04-27T19:36:46","date_gmt":"2025-04-28T00:36:46","guid":{"rendered":"https:\/\/comite-civico.org\/?p=2237"},"modified":"2025-04-27T19:36:46","modified_gmt":"2025-04-28T00:36:46","slug":"importante-avance-para-el-acceso-al-agua-potable-en-buenaventura","status":"publish","type":"post","link":"https:\/\/comite-civico.org\/?p=2237","title":{"rendered":"Importante avance para el acceso al agua potable en Buenaventura"},"content":{"rendered":"\n<p>El pasado mi\u00e9rcoles 23 de abril de 2025, se llev\u00f3 a cabo una reuni\u00f3n crucial en las instalaciones del Ministerio de Vivienda, en la ciudad de Bogot\u00e1. El encuentro fue liderado por la Mesa de Agua &#8220;Masbuen&#8221; del Movimiento Social Paro C\u00edvico de Buenaventura, en el marco del seguimiento a los acuerdos priorizados. El objetivo principal fue abordar los cuellos de botella que han retrasado los proyectos, con el fin de darles viabilidad y lograr soluciones prontas para mejorar el acceso al agua potable en el puerto.<\/p>\n\n\n\n<p>Durante esta importante jornada, se discutieron temas claves relacionados con obras que permitir\u00e1n garantizar, inicialmente, seis horas de suministro de agua potable para la poblaci\u00f3n, con la meta de seguir ampliando la cobertura en el futuro.<\/p>\n\n\n\n<figure class=\"wp-block-image size-large\"><img fetchpriority=\"high\" decoding=\"async\" width=\"1024\" height=\"562\" src=\"https:\/\/comite-civico.org\/wp-content\/uploads\/2025\/04\/IMG_4901-1024x562.jpg\" alt=\"\" class=\"wp-image-2239\" srcset=\"https:\/\/comite-civico.org\/wp-content\/uploads\/2025\/04\/IMG_4901-1024x562.jpg 1024w, https:\/\/comite-civico.org\/wp-content\/uploads\/2025\/04\/IMG_4901-300x165.jpg 300w, https:\/\/comite-civico.org\/wp-content\/uploads\/2025\/04\/IMG_4901-768x422.jpg 768w, https:\/\/comite-civico.org\/wp-content\/uploads\/2025\/04\/IMG_4901-1536x844.jpg 1536w, https:\/\/comite-civico.org\/wp-content\/uploads\/2025\/04\/IMG_4901-2048x1125.jpg 2048w\" sizes=\"(max-width: 1024px) 100vw, 1024px\" \/><\/figure>\n\n\n\n<p>Las entidades presentes se comprometieron a cumplir con la ejecuci\u00f3n de los siguientes proyectos:<\/p>\n\n\n\n<p>Obras de drenaje para la estabilizaci\u00f3n de talud entre la bocatoma y la PTAP Escalerete.<\/p>\n\n\n\n<p>Tanques de vecindad.<\/p>\n\n\n\n<p>Instalaci\u00f3n de la tuber\u00eda 27 y rehabilitaci\u00f3n de la l\u00ednea de aducci\u00f3n 39.<\/p>\n\n\n\n<p>Redes menores en el sector La Isla.<\/p>\n\n\n\n<p>Red matriz en el tramo Loma Alta &#8211; Gamboa &#8211; R9.<\/p>\n\n\n\n<p>Plan de presurizaci\u00f3n para La Isla.<\/p>\n\n\n\n<div class=\"wp-block-columns is-layout-flex wp-container-core-columns-is-layout-9d6595d7 wp-block-columns-is-layout-flex\">\n<div class=\"wp-block-column is-layout-flow wp-block-column-is-layout-flow\">\n<figure class=\"wp-block-image size-large\"><img decoding=\"async\" width=\"1024\" height=\"666\" src=\"https:\/\/comite-civico.org\/wp-content\/uploads\/2025\/04\/IMG_4736-1024x666.jpg\" alt=\"\" class=\"wp-image-2241\" srcset=\"https:\/\/comite-civico.org\/wp-content\/uploads\/2025\/04\/IMG_4736-1024x666.jpg 1024w, https:\/\/comite-civico.org\/wp-content\/uploads\/2025\/04\/IMG_4736-300x195.jpg 300w, https:\/\/comite-civico.org\/wp-content\/uploads\/2025\/04\/IMG_4736-768x499.jpg 768w, https:\/\/comite-civico.org\/wp-content\/uploads\/2025\/04\/IMG_4736-1536x999.jpg 1536w, https:\/\/comite-civico.org\/wp-content\/uploads\/2025\/04\/IMG_4736-2048x1332.jpg 2048w\" sizes=\"(max-width: 1024px) 100vw, 1024px\" \/><\/figure>\n<\/div>\n\n\n\n<div class=\"wp-block-column is-layout-flow wp-block-column-is-layout-flow\">\n<figure class=\"wp-block-image size-large\"><img decoding=\"async\" width=\"1024\" height=\"616\" src=\"https:\/\/comite-civico.org\/wp-content\/uploads\/2025\/04\/IMG_4745-1024x616.jpg\" alt=\"\" class=\"wp-image-2240\" srcset=\"https:\/\/comite-civico.org\/wp-content\/uploads\/2025\/04\/IMG_4745-1024x616.jpg 1024w, https:\/\/comite-civico.org\/wp-content\/uploads\/2025\/04\/IMG_4745-300x180.jpg 300w, https:\/\/comite-civico.org\/wp-content\/uploads\/2025\/04\/IMG_4745-768x462.jpg 768w, https:\/\/comite-civico.org\/wp-content\/uploads\/2025\/04\/IMG_4745-1536x923.jpg 1536w, https:\/\/comite-civico.org\/wp-content\/uploads\/2025\/04\/IMG_4745-2048x1231.jpg 2048w\" sizes=\"(max-width: 1024px) 100vw, 1024px\" \/><\/figure>\n<\/div>\n<\/div>\n\n\n\n<p>Entidades participantes:<\/p>\n\n\n\n<p>Movimiento Social Paro C\u00edvico de Buenaventura, Alcald\u00eda de Buenaventura, SAAB, Gobernaci\u00f3n del Valle, Vicepresidencia de la Rep\u00fablica, Viceministerio de Agua, Fondo Todos Somos Pac\u00edfico, Departamento Nacional de Planeaci\u00f3n (DNP), Agencia de Renovaci\u00f3n del Territorio (ART), Banco de Desarrollo de Am\u00e9rica Latina (CAF), Viceministerio de Vivienda, Vallecaucana de Aguas, Propac\u00edfico<\/p>\n\n\n\n<p>El compromiso colectivo de estas instituciones refleja una voluntad renovada de garantizar el derecho al agua en Buenaventura y de saldar una deuda hist\u00f3rica&nbsp;con&nbsp;su&nbsp;gente.<\/p>\n","protected":false},"excerpt":{"rendered":"<p>El pasado mi\u00e9rcoles 23 de abril de 2025, se llev\u00f3 a cabo una reuni\u00f3n crucial en las instalaciones del Ministerio de Vivienda, en la ciudad de Bogot\u00e1. El encuentro fue liderado por la Mesa de Agua &#8220;Masbuen&#8221; del Movimiento Social Paro C\u00edvico de Buenaventura, en el marco del seguimiento a los acuerdos priorizados. El objetivo &#8230; <a title=\"Importante avance para el acceso al agua potable en Buenaventura\" class=\"read-more\" href=\"https:\/\/comite-civico.org\/?p=2237\" aria-label=\"Read more about Importante avance para el acceso al agua potable en Buenaventura\">Leer m\u00e1s<\/a><\/p>\n","protected":false},"author":1,"featured_media":2238,"comment_status":"open","ping_status":"open","sticky":false,"template":"","format":"standard","meta":{"footnotes":""},"categories":[1],"tags":[],"class_list":["post-2237","post","type-post","status-publish","format-standard","has-post-thumbnail","hentry","category-sin-categoria"],"acf":[],"yoast_head":"<!-- This site is optimized with the Yoast SEO plugin v25.0 - https:\/\/yoast.com\/wordpress\/plugins\/seo\/ -->\n<title>Importante avance para el acceso al agua potable en Buenaventura - Movimiento Social Paro C\u00edvico de Buenaventura<\/title>\n<meta name=\"robots\" content=\"index, follow, max-snippet:-1, max-image-preview:large, max-video-preview:-1\" \/>\n<link rel=\"canonical\" href=\"https:\/\/comite-civico.org\/?p=2237\" \/>\n<meta property=\"og:locale\" content=\"es_ES\" \/>\n<meta property=\"og:type\" content=\"article\" \/>\n<meta property=\"og:title\" content=\"Importante avance para el acceso al agua potable en Buenaventura - Movimiento Social Paro C\u00edvico de Buenaventura\" \/>\n<meta property=\"og:description\" content=\"El pasado mi\u00e9rcoles 23 de abril de 2025, se llev\u00f3 a cabo una reuni\u00f3n crucial en las instalaciones del Ministerio de Vivienda, en la ciudad de Bogot\u00e1. El encuentro fue liderado por la Mesa de Agua &#8220;Masbuen&#8221; del Movimiento Social Paro C\u00edvico de Buenaventura, en el marco del seguimiento a los acuerdos priorizados. El objetivo ... Leer m\u00e1s\" \/>\n<meta property=\"og:url\" content=\"https:\/\/comite-civico.org\/?p=2237\" \/>\n<meta property=\"og:site_name\" content=\"Movimiento Social Paro C\u00edvico de Buenaventura\" \/>\n<meta property=\"article:published_time\" content=\"2025-04-28T00:36:46+00:00\" \/>\n<meta property=\"og:image\" content=\"https:\/\/comite-civico.org\/wp-content\/uploads\/2025\/04\/IMG_4827-scaled.jpg\" \/>\n\t<meta property=\"og:image:width\" content=\"2560\" \/>\n\t<meta property=\"og:image:height\" content=\"1320\" \/>\n\t<meta property=\"og:image:type\" content=\"image\/jpeg\" \/>\n<meta name=\"author\" content=\"comiteadmin\" \/>\n<meta name=\"twitter:card\" content=\"summary_large_image\" \/>\n<meta name=\"twitter:label1\" content=\"Escrito por\" \/>\n\t<meta name=\"twitter:data1\" content=\"comiteadmin\" \/>\n\t<meta name=\"twitter:label2\" content=\"Tiempo de lectura\" \/>\n\t<meta name=\"twitter:data2\" content=\"1 minuto\" \/>\n<script type=\"application\/ld+json\" class=\"yoast-schema-graph\">{\"@context\":\"https:\/\/schema.org\",\"@graph\":[{\"@type\":\"Article\",\"@id\":\"https:\/\/comite-civico.org\/?p=2237#article\",\"isPartOf\":{\"@id\":\"https:\/\/comite-civico.org\/?p=2237\"},\"author\":{\"name\":\"comiteadmin\",\"@id\":\"https:\/\/comite-civico.org\/#\/schema\/person\/eebdf569aa3565fa603cc9c5b53cea34\"},\"headline\":\"Importante avance para el acceso al agua potable en Buenaventura\",\"datePublished\":\"2025-04-28T00:36:46+00:00\",\"mainEntityOfPage\":{\"@id\":\"https:\/\/comite-civico.org\/?p=2237\"},\"wordCount\":302,\"commentCount\":0,\"publisher\":{\"@id\":\"https:\/\/comite-civico.org\/#organization\"},\"image\":{\"@id\":\"https:\/\/comite-civico.org\/?p=2237#primaryimage\"},\"thumbnailUrl\":\"https:\/\/comite-civico.org\/wp-content\/uploads\/2025\/04\/IMG_4827-scaled.jpg\",\"inLanguage\":\"es-CO\",\"potentialAction\":[{\"@type\":\"CommentAction\",\"name\":\"Comment\",\"target\":[\"https:\/\/comite-civico.org\/?p=2237#respond\"]}]},{\"@type\":\"WebPage\",\"@id\":\"https:\/\/comite-civico.org\/?p=2237\",\"url\":\"https:\/\/comite-civico.org\/?p=2237\",\"name\":\"Importante avance para el acceso al agua potable en Buenaventura - Movimiento Social Paro C\u00edvico de Buenaventura\",\"isPartOf\":{\"@id\":\"https:\/\/comite-civico.org\/#website\"},\"primaryImageOfPage\":{\"@id\":\"https:\/\/comite-civico.org\/?p=2237#primaryimage\"},\"image\":{\"@id\":\"https:\/\/comite-civico.org\/?p=2237#primaryimage\"},\"thumbnailUrl\":\"https:\/\/comite-civico.org\/wp-content\/uploads\/2025\/04\/IMG_4827-scaled.jpg\",\"datePublished\":\"2025-04-28T00:36:46+00:00\",\"breadcrumb\":{\"@id\":\"https:\/\/comite-civico.org\/?p=2237#breadcrumb\"},\"inLanguage\":\"es-CO\",\"potentialAction\":[{\"@type\":\"ReadAction\",\"target\":[\"https:\/\/comite-civico.org\/?p=2237\"]}]},{\"@type\":\"ImageObject\",\"inLanguage\":\"es-CO\",\"@id\":\"https:\/\/comite-civico.org\/?p=2237#primaryimage\",\"url\":\"https:\/\/comite-civico.org\/wp-content\/uploads\/2025\/04\/IMG_4827-scaled.jpg\",\"contentUrl\":\"https:\/\/comite-civico.org\/wp-content\/uploads\/2025\/04\/IMG_4827-scaled.jpg\",\"width\":2560,\"height\":1320},{\"@type\":\"BreadcrumbList\",\"@id\":\"https:\/\/comite-civico.org\/?p=2237#breadcrumb\",\"itemListElement\":[{\"@type\":\"ListItem\",\"position\":1,\"name\":\"Inicio\",\"item\":\"https:\/\/comite-civico.org\/\"},{\"@type\":\"ListItem\",\"position\":2,\"name\":\"Importante avance para el acceso al agua potable en Buenaventura\"}]},{\"@type\":\"WebSite\",\"@id\":\"https:\/\/comite-civico.org\/#website\",\"url\":\"https:\/\/comite-civico.org\/\",\"name\":\"Movimiento Social Paro C\u00edvico de Buenaventura\",\"description\":\"Movimiento Social Paro C\u00edvico de Buenaventura\",\"publisher\":{\"@id\":\"https:\/\/comite-civico.org\/#organization\"},\"potentialAction\":[{\"@type\":\"SearchAction\",\"target\":{\"@type\":\"EntryPoint\",\"urlTemplate\":\"https:\/\/comite-civico.org\/?s={search_term_string}\"},\"query-input\":{\"@type\":\"PropertyValueSpecification\",\"valueRequired\":true,\"valueName\":\"search_term_string\"}}],\"inLanguage\":\"es-CO\"},{\"@type\":\"Organization\",\"@id\":\"https:\/\/comite-civico.org\/#organization\",\"name\":\"Movimiento Social Paro C\u00edvico de Buenaventura\",\"url\":\"https:\/\/comite-civico.org\/\",\"logo\":{\"@type\":\"ImageObject\",\"inLanguage\":\"es-CO\",\"@id\":\"https:\/\/comite-civico.org\/#\/schema\/logo\/image\/\",\"url\":\"https:\/\/comite-civico.org\/wp-content\/uploads\/2021\/03\/Logo-de-Movimiento-Blanco-scaled.png\",\"contentUrl\":\"https:\/\/comite-civico.org\/wp-content\/uploads\/2021\/03\/Logo-de-Movimiento-Blanco-scaled.png\",\"width\":2560,\"height\":1810,\"caption\":\"Movimiento Social Paro C\u00edvico de Buenaventura\"},\"image\":{\"@id\":\"https:\/\/comite-civico.org\/#\/schema\/logo\/image\/\"}},{\"@type\":\"Person\",\"@id\":\"https:\/\/comite-civico.org\/#\/schema\/person\/eebdf569aa3565fa603cc9c5b53cea34\",\"name\":\"comiteadmin\",\"image\":{\"@type\":\"ImageObject\",\"inLanguage\":\"es-CO\",\"@id\":\"https:\/\/comite-civico.org\/#\/schema\/person\/image\/\",\"url\":\"https:\/\/secure.gravatar.com\/avatar\/516fb540621996b28f565fdf033072d55dd3fe76896ef4af5250b5fec1b457fe?s=96&d=mm&r=g\",\"contentUrl\":\"https:\/\/secure.gravatar.com\/avatar\/516fb540621996b28f565fdf033072d55dd3fe76896ef4af5250b5fec1b457fe?s=96&d=mm&r=g\",\"caption\":\"comiteadmin\"},\"sameAs\":[\"https:\/\/comite-civico.org\/\"],\"url\":\"https:\/\/comite-civico.org\/?author=1\"}]}<\/script>\n<!-- \/ Yoast SEO plugin. -->","yoast_head_json":{"title":"Importante avance para el acceso al agua potable en Buenaventura - Movimiento Social Paro C\u00edvico de Buenaventura","robots":{"index":"index","follow":"follow","max-snippet":"max-snippet:-1","max-image-preview":"max-image-preview:large","max-video-preview":"max-video-preview:-1"},"canonical":"https:\/\/comite-civico.org\/?p=2237","og_locale":"es_ES","og_type":"article","og_title":"Importante avance para el acceso al agua potable en Buenaventura - Movimiento Social Paro C\u00edvico de Buenaventura","og_description":"El pasado mi\u00e9rcoles 23 de abril de 2025, se llev\u00f3 a cabo una reuni\u00f3n crucial en las instalaciones del Ministerio de Vivienda, en la ciudad de Bogot\u00e1. El encuentro fue liderado por la Mesa de Agua &#8220;Masbuen&#8221; del Movimiento Social Paro C\u00edvico de Buenaventura, en el marco del seguimiento a los acuerdos priorizados. El objetivo ... Leer m\u00e1s","og_url":"https:\/\/comite-civico.org\/?p=2237","og_site_name":"Movimiento Social Paro C\u00edvico de Buenaventura","article_published_time":"2025-04-28T00:36:46+00:00","og_image":[{"width":2560,"height":1320,"url":"https:\/\/comite-civico.org\/wp-content\/uploads\/2025\/04\/IMG_4827-scaled.jpg","type":"image\/jpeg"}],"author":"comiteadmin","twitter_card":"summary_large_image","twitter_misc":{"Escrito por":"comiteadmin","Tiempo de lectura":"1 minuto"},"schema":{"@context":"https:\/\/schema.org","@graph":[{"@type":"Article","@id":"https:\/\/comite-civico.org\/?p=2237#article","isPartOf":{"@id":"https:\/\/comite-civico.org\/?p=2237"},"author":{"name":"comiteadmin","@id":"https:\/\/comite-civico.org\/#\/schema\/person\/eebdf569aa3565fa603cc9c5b53cea34"},"headline":"Importante avance para el acceso al agua potable en Buenaventura","datePublished":"2025-04-28T00:36:46+00:00","mainEntityOfPage":{"@id":"https:\/\/comite-civico.org\/?p=2237"},"wordCount":302,"commentCount":0,"publisher":{"@id":"https:\/\/comite-civico.org\/#organization"},"image":{"@id":"https:\/\/comite-civico.org\/?p=2237#primaryimage"},"thumbnailUrl":"https:\/\/comite-civico.org\/wp-content\/uploads\/2025\/04\/IMG_4827-scaled.jpg","inLanguage":"es-CO","potentialAction":[{"@type":"CommentAction","name":"Comment","target":["https:\/\/comite-civico.org\/?p=2237#respond"]}]},{"@type":"WebPage","@id":"https:\/\/comite-civico.org\/?p=2237","url":"https:\/\/comite-civico.org\/?p=2237","name":"Importante avance para el acceso al agua potable en Buenaventura - Movimiento Social Paro C\u00edvico de Buenaventura","isPartOf":{"@id":"https:\/\/comite-civico.org\/#website"},"primaryImageOfPage":{"@id":"https:\/\/comite-civico.org\/?p=2237#primaryimage"},"image":{"@id":"https:\/\/comite-civico.org\/?p=2237#primaryimage"},"thumbnailUrl":"https:\/\/comite-civico.org\/wp-content\/uploads\/2025\/04\/IMG_4827-scaled.jpg","datePublished":"2025-04-28T00:36:46+00:00","breadcrumb":{"@id":"https:\/\/comite-civico.org\/?p=2237#breadcrumb"},"inLanguage":"es-CO","potentialAction":[{"@type":"ReadAction","target":["https:\/\/comite-civico.org\/?p=2237"]}]},{"@type":"ImageObject","inLanguage":"es-CO","@id":"https:\/\/comite-civico.org\/?p=2237#primaryimage","url":"https:\/\/comite-civico.org\/wp-content\/uploads\/2025\/04\/IMG_4827-scaled.jpg","contentUrl":"https:\/\/comite-civico.org\/wp-content\/uploads\/2025\/04\/IMG_4827-scaled.jpg","width":2560,"height":1320},{"@type":"BreadcrumbList","@id":"https:\/\/comite-civico.org\/?p=2237#breadcrumb","itemListElement":[{"@type":"ListItem","position":1,"name":"Inicio","item":"https:\/\/comite-civico.org\/"},{"@type":"ListItem","position":2,"name":"Importante avance para el acceso al agua potable en Buenaventura"}]},{"@type":"WebSite","@id":"https:\/\/comite-civico.org\/#website","url":"https:\/\/comite-civico.org\/","name":"Movimiento Social Paro C\u00edvico de Buenaventura","description":"Movimiento Social Paro C\u00edvico de Buenaventura","publisher":{"@id":"https:\/\/comite-civico.org\/#organization"},"potentialAction":[{"@type":"SearchAction","target":{"@type":"EntryPoint","urlTemplate":"https:\/\/comite-civico.org\/?s={search_term_string}"},"query-input":{"@type":"PropertyValueSpecification","valueRequired":true,"valueName":"search_term_string"}}],"inLanguage":"es-CO"},{"@type":"Organization","@id":"https:\/\/comite-civico.org\/#organization","name":"Movimiento Social Paro C\u00edvico de Buenaventura","url":"https:\/\/comite-civico.org\/","logo":{"@type":"ImageObject","inLanguage":"es-CO","@id":"https:\/\/comite-civico.org\/#\/schema\/logo\/image\/","url":"https:\/\/comite-civico.org\/wp-content\/uploads\/2021\/03\/Logo-de-Movimiento-Blanco-scaled.png","contentUrl":"https:\/\/comite-civico.org\/wp-content\/uploads\/2021\/03\/Logo-de-Movimiento-Blanco-scaled.png","width":2560,"height":1810,"caption":"Movimiento Social Paro C\u00edvico de Buenaventura"},"image":{"@id":"https:\/\/comite-civico.org\/#\/schema\/logo\/image\/"}},{"@type":"Person","@id":"https:\/\/comite-civico.org\/#\/schema\/person\/eebdf569aa3565fa603cc9c5b53cea34","name":"comiteadmin","image":{"@type":"ImageObject","inLanguage":"es-CO","@id":"https:\/\/comite-civico.org\/#\/schema\/person\/image\/","url":"https:\/\/secure.gravatar.com\/avatar\/516fb540621996b28f565fdf033072d55dd3fe76896ef4af5250b5fec1b457fe?s=96&d=mm&r=g","contentUrl":"https:\/\/secure.gravatar.com\/avatar\/516fb540621996b28f565fdf033072d55dd3fe76896ef4af5250b5fec1b457fe?s=96&d=mm&r=g","caption":"comiteadmin"},"sameAs":["https:\/\/comite-civico.org\/"],"url":"https:\/\/comite-civico.org\/?author=1"}]}},"_links":{"self":[{"href":"https:\/\/comite-civico.org\/index.php?rest_route=\/wp\/v2\/posts\/2237","targetHints":{"allow":["GET"]}}],"collection":[{"href":"https:\/\/comite-civico.org\/index.php?rest_route=\/wp\/v2\/posts"}],"about":[{"href":"https:\/\/comite-civico.org\/index.php?rest_route=\/wp\/v2\/types\/post"}],"author":[{"embeddable":true,"href":"https:\/\/comite-civico.org\/index.php?rest_route=\/wp\/v2\/users\/1"}],"replies":[{"embeddable":true,"href":"https:\/\/comite-civico.org\/index.php?rest_route=%2Fwp%2Fv2%2Fcomments&post=2237"}],"version-history":[{"count":1,"href":"https:\/\/comite-civico.org\/index.php?rest_route=\/wp\/v2\/posts\/2237\/revisions"}],"predecessor-version":[{"id":2242,"href":"https:\/\/comite-civico.org\/index.php?rest_route=\/wp\/v2\/posts\/2237\/revisions\/2242"}],"wp:featuredmedia":[{"embeddable":true,"href":"https:\/\/comite-civico.org\/index.php?rest_route=\/wp\/v2\/media\/2238"}],"wp:attachment":[{"href":"https:\/\/comite-civico.org\/index.php?rest_route=%2Fwp%2Fv2%2Fmedia&parent=2237"}],"wp:term":[{"taxonomy":"category","embeddable":true,"href":"https:\/\/comite-civico.org\/index.php?rest_route=%2Fwp%2Fv2%2Fcategories&post=2237"},{"taxonomy":"post_tag","embeddable":true,"href":"https:\/\/comite-civico.org\/index.php?rest_route=%2Fwp%2Fv2%2Ftags&post=2237"}],"curies":[{"name":"wp","href":"https:\/\/api.w.org\/{rel}","templated":true}]}}