{"id":2225,"date":"2025-04-27T19:24:49","date_gmt":"2025-04-28T00:24:49","guid":{"rendered":"https:\/\/comite-civico.org\/?p=2225"},"modified":"2025-04-27T19:24:52","modified_gmt":"2025-04-28T00:24:52","slug":"entre-la-memoria-y-la-verdad-buenaventura-analiza-su-crisis-de-seguridad","status":"publish","type":"post","link":"https:\/\/comite-civico.org\/?p=2225","title":{"rendered":"Entre la memoria y la verdad: Buenaventura analiza su crisis de seguridad"},"content":{"rendered":"\n<p>El pasado 25 de abril de 2025, en el auditorio de la Universidad del Valle, seccional Pac\u00edfico, se llev\u00f3 a cabo un conversatorio en el marco de la conmemoraci\u00f3n del D\u00eda Nacional de la Memoria y la Solidaridad con las V\u00edctimas del Conflicto Armado en Colombia, celebrado el 9 de abril.<\/p>\n\n\n\n<p><\/p>\n\n\n\n<figure class=\"wp-block-image size-large\"><img fetchpriority=\"high\" decoding=\"async\" width=\"1024\" height=\"664\" src=\"http:\/\/comite-civico.org\/wp-content\/uploads\/2025\/04\/IMG_4944-1024x664.jpg\" alt=\"\" class=\"wp-image-2233\" srcset=\"https:\/\/comite-civico.org\/wp-content\/uploads\/2025\/04\/IMG_4944-1024x664.jpg 1024w, https:\/\/comite-civico.org\/wp-content\/uploads\/2025\/04\/IMG_4944-300x195.jpg 300w, https:\/\/comite-civico.org\/wp-content\/uploads\/2025\/04\/IMG_4944-768x498.jpg 768w, https:\/\/comite-civico.org\/wp-content\/uploads\/2025\/04\/IMG_4944-1536x997.jpg 1536w, https:\/\/comite-civico.org\/wp-content\/uploads\/2025\/04\/IMG_4944-2048x1329.jpg 2048w\" sizes=\"(max-width: 1024px) 100vw, 1024px\" \/><\/figure>\n\n\n\n<p><\/p>\n\n\n\n<p>En esta jornada participaron representantes de distintos sectores de la poblaci\u00f3n bonaverense, como la Alcald\u00eda Distrital, el Movimiento Paro C\u00edvico de Buenaventura, Sintraunicol, la Unidad para las V\u00edctimas, la Confederaci\u00f3n de Trabajadores de Colombia, la Central Unitaria de Trabajadores (CUT), CPC, FECODE, el SENA, Organizaciones que hacen parte del Proyecto PACEBUENA, la Personer\u00eda Distrital, entre otras organizaciones comprometidas con la defensa de los derechos humanos.<\/p>\n\n\n\n<p><\/p>\n\n\n\n<div class=\"wp-block-columns is-layout-flex wp-container-core-columns-is-layout-9d6595d7 wp-block-columns-is-layout-flex\">\n<div class=\"wp-block-column is-layout-flow wp-block-column-is-layout-flow\" style=\"flex-basis:100%\">\n<figure class=\"wp-block-gallery has-nested-images columns-2 is-cropped wp-block-gallery-1 is-layout-flex wp-block-gallery-is-layout-flex\">\n<figure class=\"wp-block-image size-medium\"><img decoding=\"async\" width=\"300\" height=\"171\" data-id=\"2234\" src=\"https:\/\/comite-civico.org\/wp-content\/uploads\/2025\/04\/IMG_5026-2-300x171.jpg\" alt=\"\" class=\"wp-image-2234\" srcset=\"https:\/\/comite-civico.org\/wp-content\/uploads\/2025\/04\/IMG_5026-2-300x171.jpg 300w, https:\/\/comite-civico.org\/wp-content\/uploads\/2025\/04\/IMG_5026-2-1024x584.jpg 1024w, https:\/\/comite-civico.org\/wp-content\/uploads\/2025\/04\/IMG_5026-2-768x438.jpg 768w, https:\/\/comite-civico.org\/wp-content\/uploads\/2025\/04\/IMG_5026-2-1536x875.jpg 1536w, https:\/\/comite-civico.org\/wp-content\/uploads\/2025\/04\/IMG_5026-2-2048x1167.jpg 2048w\" sizes=\"(max-width: 300px) 100vw, 300px\" \/><\/figure>\n\n\n\n<figure class=\"wp-block-image size-medium is-style-default\"><img decoding=\"async\" width=\"300\" height=\"179\" data-id=\"2235\" src=\"http:\/\/comite-civico.org\/wp-content\/uploads\/2025\/04\/IMG_4971-1-300x179.jpg\" alt=\"\" class=\"wp-image-2235\" srcset=\"https:\/\/comite-civico.org\/wp-content\/uploads\/2025\/04\/IMG_4971-1-300x179.jpg 300w, https:\/\/comite-civico.org\/wp-content\/uploads\/2025\/04\/IMG_4971-1-1024x611.jpg 1024w, https:\/\/comite-civico.org\/wp-content\/uploads\/2025\/04\/IMG_4971-1-768x458.jpg 768w, https:\/\/comite-civico.org\/wp-content\/uploads\/2025\/04\/IMG_4971-1-1536x916.jpg 1536w, https:\/\/comite-civico.org\/wp-content\/uploads\/2025\/04\/IMG_4971-1-2048x1222.jpg 2048w\" sizes=\"(max-width: 300px) 100vw, 300px\" \/><\/figure>\n<\/figure>\n<\/div>\n<\/div>\n\n\n\n<p><\/p>\n\n\n\n<p>El conversatorio gir\u00f3 en torno a la verdad sobre los grupos armados al margen de la ley que operan en Buenaventura, y la postura de las instituciones frente a esta problem\u00e1tica. El objetivo fue ofrecer a la comunidad un espacio de an\u00e1lisis y reflexi\u00f3n sobre la compleja situaci\u00f3n de violencia que, una vez m\u00e1s, atraviesa el distrito.<br>Durante la jornada, los panelistas abordaron preguntas fundamentales como: \u00bfQu\u00e9 est\u00e1 pasando en Buenaventura? \u00bfPor qu\u00e9 el estado de inseguridad es tan alto? \u00bfC\u00f3mo afecta el accionar de los grupos delincuenciales a la gobernabilidad y a la vida comunitaria?<\/p>\n\n\n\n<p>La actividad dej\u00f3 abiertas muchas reflexiones, pero tambi\u00e9n reafirm\u00f3 la necesidad urgente de seguir trabajando desde todos los sectores sociales por la verdad, la justicia y la paz en&nbsp;el&nbsp;territorio.<\/p>\n\n\n\n<p><\/p>\n","protected":false},"excerpt":{"rendered":"<p>El pasado 25 de abril de 2025, en el auditorio de la Universidad del Valle, seccional Pac\u00edfico, se llev\u00f3 a cabo un conversatorio en el marco de la conmemoraci\u00f3n del D\u00eda Nacional de la Memoria y la Solidaridad con las V\u00edctimas del Conflicto Armado en Colombia, celebrado el 9 de abril. En esta jornada participaron &#8230; <a title=\"Entre la memoria y la verdad: Buenaventura analiza su crisis de seguridad\" class=\"read-more\" href=\"https:\/\/comite-civico.org\/?p=2225\" aria-label=\"Read more about Entre la memoria y la verdad: Buenaventura analiza su crisis de seguridad\">Leer m\u00e1s<\/a><\/p>\n","protected":false},"author":1,"featured_media":2232,"comment_status":"open","ping_status":"open","sticky":false,"template":"","format":"standard","meta":{"footnotes":""},"categories":[1],"tags":[],"class_list":["post-2225","post","type-post","status-publish","format-standard","has-post-thumbnail","hentry","category-sin-categoria"],"acf":[],"yoast_head":"<!-- This site is optimized with the Yoast SEO plugin v25.0 - https:\/\/yoast.com\/wordpress\/plugins\/seo\/ -->\n<title>Entre la memoria y la verdad: Buenaventura analiza su crisis de seguridad - Movimiento Social Paro C\u00edvico de Buenaventura<\/title>\n<meta name=\"robots\" content=\"index, follow, max-snippet:-1, max-image-preview:large, max-video-preview:-1\" \/>\n<link rel=\"canonical\" href=\"https:\/\/comite-civico.org\/?p=2225\" \/>\n<meta property=\"og:locale\" content=\"es_ES\" \/>\n<meta property=\"og:type\" content=\"article\" \/>\n<meta property=\"og:title\" content=\"Entre la memoria y la verdad: Buenaventura analiza su crisis de seguridad - Movimiento Social Paro C\u00edvico de Buenaventura\" \/>\n<meta property=\"og:description\" content=\"El pasado 25 de abril de 2025, en el auditorio de la Universidad del Valle, seccional Pac\u00edfico, se llev\u00f3 a cabo un conversatorio en el marco de la conmemoraci\u00f3n del D\u00eda Nacional de la Memoria y la Solidaridad con las V\u00edctimas del Conflicto Armado en Colombia, celebrado el 9 de abril. En esta jornada participaron ... Leer m\u00e1s\" \/>\n<meta property=\"og:url\" content=\"https:\/\/comite-civico.org\/?p=2225\" \/>\n<meta property=\"og:site_name\" content=\"Movimiento Social Paro C\u00edvico de Buenaventura\" \/>\n<meta property=\"article:published_time\" content=\"2025-04-28T00:24:49+00:00\" \/>\n<meta property=\"article:modified_time\" content=\"2025-04-28T00:24:52+00:00\" \/>\n<meta property=\"og:image\" content=\"https:\/\/comite-civico.org\/wp-content\/uploads\/2025\/04\/IMG_5002-2-scaled.jpg\" \/>\n\t<meta property=\"og:image:width\" content=\"2560\" \/>\n\t<meta property=\"og:image:height\" content=\"1541\" \/>\n\t<meta property=\"og:image:type\" content=\"image\/jpeg\" \/>\n<meta name=\"author\" content=\"comiteadmin\" \/>\n<meta name=\"twitter:card\" content=\"summary_large_image\" \/>\n<meta name=\"twitter:label1\" content=\"Escrito por\" \/>\n\t<meta name=\"twitter:data1\" content=\"comiteadmin\" \/>\n\t<meta name=\"twitter:label2\" content=\"Tiempo de lectura\" \/>\n\t<meta name=\"twitter:data2\" content=\"1 minuto\" \/>\n<script type=\"application\/ld+json\" class=\"yoast-schema-graph\">{\"@context\":\"https:\/\/schema.org\",\"@graph\":[{\"@type\":\"Article\",\"@id\":\"https:\/\/comite-civico.org\/?p=2225#article\",\"isPartOf\":{\"@id\":\"https:\/\/comite-civico.org\/?p=2225\"},\"author\":{\"name\":\"comiteadmin\",\"@id\":\"https:\/\/comite-civico.org\/#\/schema\/person\/eebdf569aa3565fa603cc9c5b53cea34\"},\"headline\":\"Entre la memoria y la verdad: Buenaventura analiza su crisis de seguridad\",\"datePublished\":\"2025-04-28T00:24:49+00:00\",\"dateModified\":\"2025-04-28T00:24:52+00:00\",\"mainEntityOfPage\":{\"@id\":\"https:\/\/comite-civico.org\/?p=2225\"},\"wordCount\":271,\"commentCount\":0,\"publisher\":{\"@id\":\"https:\/\/comite-civico.org\/#organization\"},\"image\":{\"@id\":\"https:\/\/comite-civico.org\/?p=2225#primaryimage\"},\"thumbnailUrl\":\"https:\/\/comite-civico.org\/wp-content\/uploads\/2025\/04\/IMG_5002-2-scaled.jpg\",\"inLanguage\":\"es-CO\",\"potentialAction\":[{\"@type\":\"CommentAction\",\"name\":\"Comment\",\"target\":[\"https:\/\/comite-civico.org\/?p=2225#respond\"]}]},{\"@type\":\"WebPage\",\"@id\":\"https:\/\/comite-civico.org\/?p=2225\",\"url\":\"https:\/\/comite-civico.org\/?p=2225\",\"name\":\"Entre la memoria y la verdad: Buenaventura analiza su crisis de seguridad - Movimiento Social Paro C\u00edvico de Buenaventura\",\"isPartOf\":{\"@id\":\"https:\/\/comite-civico.org\/#website\"},\"primaryImageOfPage\":{\"@id\":\"https:\/\/comite-civico.org\/?p=2225#primaryimage\"},\"image\":{\"@id\":\"https:\/\/comite-civico.org\/?p=2225#primaryimage\"},\"thumbnailUrl\":\"https:\/\/comite-civico.org\/wp-content\/uploads\/2025\/04\/IMG_5002-2-scaled.jpg\",\"datePublished\":\"2025-04-28T00:24:49+00:00\",\"dateModified\":\"2025-04-28T00:24:52+00:00\",\"breadcrumb\":{\"@id\":\"https:\/\/comite-civico.org\/?p=2225#breadcrumb\"},\"inLanguage\":\"es-CO\",\"potentialAction\":[{\"@type\":\"ReadAction\",\"target\":[\"https:\/\/comite-civico.org\/?p=2225\"]}]},{\"@type\":\"ImageObject\",\"inLanguage\":\"es-CO\",\"@id\":\"https:\/\/comite-civico.org\/?p=2225#primaryimage\",\"url\":\"https:\/\/comite-civico.org\/wp-content\/uploads\/2025\/04\/IMG_5002-2-scaled.jpg\",\"contentUrl\":\"https:\/\/comite-civico.org\/wp-content\/uploads\/2025\/04\/IMG_5002-2-scaled.jpg\",\"width\":2560,\"height\":1541},{\"@type\":\"BreadcrumbList\",\"@id\":\"https:\/\/comite-civico.org\/?p=2225#breadcrumb\",\"itemListElement\":[{\"@type\":\"ListItem\",\"position\":1,\"name\":\"Inicio\",\"item\":\"https:\/\/comite-civico.org\/\"},{\"@type\":\"ListItem\",\"position\":2,\"name\":\"Entre la memoria y la verdad: Buenaventura analiza su crisis de seguridad\"}]},{\"@type\":\"WebSite\",\"@id\":\"https:\/\/comite-civico.org\/#website\",\"url\":\"https:\/\/comite-civico.org\/\",\"name\":\"Movimiento Social Paro C\u00edvico de Buenaventura\",\"description\":\"Movimiento Social Paro C\u00edvico de Buenaventura\",\"publisher\":{\"@id\":\"https:\/\/comite-civico.org\/#organization\"},\"potentialAction\":[{\"@type\":\"SearchAction\",\"target\":{\"@type\":\"EntryPoint\",\"urlTemplate\":\"https:\/\/comite-civico.org\/?s={search_term_string}\"},\"query-input\":{\"@type\":\"PropertyValueSpecification\",\"valueRequired\":true,\"valueName\":\"search_term_string\"}}],\"inLanguage\":\"es-CO\"},{\"@type\":\"Organization\",\"@id\":\"https:\/\/comite-civico.org\/#organization\",\"name\":\"Movimiento Social Paro C\u00edvico de Buenaventura\",\"url\":\"https:\/\/comite-civico.org\/\",\"logo\":{\"@type\":\"ImageObject\",\"inLanguage\":\"es-CO\",\"@id\":\"https:\/\/comite-civico.org\/#\/schema\/logo\/image\/\",\"url\":\"https:\/\/comite-civico.org\/wp-content\/uploads\/2021\/03\/Logo-de-Movimiento-Blanco-scaled.png\",\"contentUrl\":\"https:\/\/comite-civico.org\/wp-content\/uploads\/2021\/03\/Logo-de-Movimiento-Blanco-scaled.png\",\"width\":2560,\"height\":1810,\"caption\":\"Movimiento Social Paro C\u00edvico de Buenaventura\"},\"image\":{\"@id\":\"https:\/\/comite-civico.org\/#\/schema\/logo\/image\/\"}},{\"@type\":\"Person\",\"@id\":\"https:\/\/comite-civico.org\/#\/schema\/person\/eebdf569aa3565fa603cc9c5b53cea34\",\"name\":\"comiteadmin\",\"image\":{\"@type\":\"ImageObject\",\"inLanguage\":\"es-CO\",\"@id\":\"https:\/\/comite-civico.org\/#\/schema\/person\/image\/\",\"url\":\"https:\/\/secure.gravatar.com\/avatar\/516fb540621996b28f565fdf033072d55dd3fe76896ef4af5250b5fec1b457fe?s=96&d=mm&r=g\",\"contentUrl\":\"https:\/\/secure.gravatar.com\/avatar\/516fb540621996b28f565fdf033072d55dd3fe76896ef4af5250b5fec1b457fe?s=96&d=mm&r=g\",\"caption\":\"comiteadmin\"},\"sameAs\":[\"https:\/\/comite-civico.org\/\"],\"url\":\"https:\/\/comite-civico.org\/?author=1\"}]}<\/script>\n<!-- \/ Yoast SEO plugin. -->","yoast_head_json":{"title":"Entre la memoria y la verdad: Buenaventura analiza su crisis de seguridad - Movimiento Social Paro C\u00edvico de Buenaventura","robots":{"index":"index","follow":"follow","max-snippet":"max-snippet:-1","max-image-preview":"max-image-preview:large","max-video-preview":"max-video-preview:-1"},"canonical":"https:\/\/comite-civico.org\/?p=2225","og_locale":"es_ES","og_type":"article","og_title":"Entre la memoria y la verdad: Buenaventura analiza su crisis de seguridad - Movimiento Social Paro C\u00edvico de Buenaventura","og_description":"El pasado 25 de abril de 2025, en el auditorio de la Universidad del Valle, seccional Pac\u00edfico, se llev\u00f3 a cabo un conversatorio en el marco de la conmemoraci\u00f3n del D\u00eda Nacional de la Memoria y la Solidaridad con las V\u00edctimas del Conflicto Armado en Colombia, celebrado el 9 de abril. En esta jornada participaron ... Leer m\u00e1s","og_url":"https:\/\/comite-civico.org\/?p=2225","og_site_name":"Movimiento Social Paro C\u00edvico de Buenaventura","article_published_time":"2025-04-28T00:24:49+00:00","article_modified_time":"2025-04-28T00:24:52+00:00","og_image":[{"width":2560,"height":1541,"url":"https:\/\/comite-civico.org\/wp-content\/uploads\/2025\/04\/IMG_5002-2-scaled.jpg","type":"image\/jpeg"}],"author":"comiteadmin","twitter_card":"summary_large_image","twitter_misc":{"Escrito por":"comiteadmin","Tiempo de lectura":"1 minuto"},"schema":{"@context":"https:\/\/schema.org","@graph":[{"@type":"Article","@id":"https:\/\/comite-civico.org\/?p=2225#article","isPartOf":{"@id":"https:\/\/comite-civico.org\/?p=2225"},"author":{"name":"comiteadmin","@id":"https:\/\/comite-civico.org\/#\/schema\/person\/eebdf569aa3565fa603cc9c5b53cea34"},"headline":"Entre la memoria y la verdad: Buenaventura analiza su crisis de seguridad","datePublished":"2025-04-28T00:24:49+00:00","dateModified":"2025-04-28T00:24:52+00:00","mainEntityOfPage":{"@id":"https:\/\/comite-civico.org\/?p=2225"},"wordCount":271,"commentCount":0,"publisher":{"@id":"https:\/\/comite-civico.org\/#organization"},"image":{"@id":"https:\/\/comite-civico.org\/?p=2225#primaryimage"},"thumbnailUrl":"https:\/\/comite-civico.org\/wp-content\/uploads\/2025\/04\/IMG_5002-2-scaled.jpg","inLanguage":"es-CO","potentialAction":[{"@type":"CommentAction","name":"Comment","target":["https:\/\/comite-civico.org\/?p=2225#respond"]}]},{"@type":"WebPage","@id":"https:\/\/comite-civico.org\/?p=2225","url":"https:\/\/comite-civico.org\/?p=2225","name":"Entre la memoria y la verdad: Buenaventura analiza su crisis de seguridad - Movimiento Social Paro C\u00edvico de Buenaventura","isPartOf":{"@id":"https:\/\/comite-civico.org\/#website"},"primaryImageOfPage":{"@id":"https:\/\/comite-civico.org\/?p=2225#primaryimage"},"image":{"@id":"https:\/\/comite-civico.org\/?p=2225#primaryimage"},"thumbnailUrl":"https:\/\/comite-civico.org\/wp-content\/uploads\/2025\/04\/IMG_5002-2-scaled.jpg","datePublished":"2025-04-28T00:24:49+00:00","dateModified":"2025-04-28T00:24:52+00:00","breadcrumb":{"@id":"https:\/\/comite-civico.org\/?p=2225#breadcrumb"},"inLanguage":"es-CO","potentialAction":[{"@type":"ReadAction","target":["https:\/\/comite-civico.org\/?p=2225"]}]},{"@type":"ImageObject","inLanguage":"es-CO","@id":"https:\/\/comite-civico.org\/?p=2225#primaryimage","url":"https:\/\/comite-civico.org\/wp-content\/uploads\/2025\/04\/IMG_5002-2-scaled.jpg","contentUrl":"https:\/\/comite-civico.org\/wp-content\/uploads\/2025\/04\/IMG_5002-2-scaled.jpg","width":2560,"height":1541},{"@type":"BreadcrumbList","@id":"https:\/\/comite-civico.org\/?p=2225#breadcrumb","itemListElement":[{"@type":"ListItem","position":1,"name":"Inicio","item":"https:\/\/comite-civico.org\/"},{"@type":"ListItem","position":2,"name":"Entre la memoria y la verdad: Buenaventura analiza su crisis de seguridad"}]},{"@type":"WebSite","@id":"https:\/\/comite-civico.org\/#website","url":"https:\/\/comite-civico.org\/","name":"Movimiento Social Paro C\u00edvico de Buenaventura","description":"Movimiento Social Paro C\u00edvico de Buenaventura","publisher":{"@id":"https:\/\/comite-civico.org\/#organization"},"potentialAction":[{"@type":"SearchAction","target":{"@type":"EntryPoint","urlTemplate":"https:\/\/comite-civico.org\/?s={search_term_string}"},"query-input":{"@type":"PropertyValueSpecification","valueRequired":true,"valueName":"search_term_string"}}],"inLanguage":"es-CO"},{"@type":"Organization","@id":"https:\/\/comite-civico.org\/#organization","name":"Movimiento Social Paro C\u00edvico de Buenaventura","url":"https:\/\/comite-civico.org\/","logo":{"@type":"ImageObject","inLanguage":"es-CO","@id":"https:\/\/comite-civico.org\/#\/schema\/logo\/image\/","url":"https:\/\/comite-civico.org\/wp-content\/uploads\/2021\/03\/Logo-de-Movimiento-Blanco-scaled.png","contentUrl":"https:\/\/comite-civico.org\/wp-content\/uploads\/2021\/03\/Logo-de-Movimiento-Blanco-scaled.png","width":2560,"height":1810,"caption":"Movimiento Social Paro C\u00edvico de Buenaventura"},"image":{"@id":"https:\/\/comite-civico.org\/#\/schema\/logo\/image\/"}},{"@type":"Person","@id":"https:\/\/comite-civico.org\/#\/schema\/person\/eebdf569aa3565fa603cc9c5b53cea34","name":"comiteadmin","image":{"@type":"ImageObject","inLanguage":"es-CO","@id":"https:\/\/comite-civico.org\/#\/schema\/person\/image\/","url":"https:\/\/secure.gravatar.com\/avatar\/516fb540621996b28f565fdf033072d55dd3fe76896ef4af5250b5fec1b457fe?s=96&d=mm&r=g","contentUrl":"https:\/\/secure.gravatar.com\/avatar\/516fb540621996b28f565fdf033072d55dd3fe76896ef4af5250b5fec1b457fe?s=96&d=mm&r=g","caption":"comiteadmin"},"sameAs":["https:\/\/comite-civico.org\/"],"url":"https:\/\/comite-civico.org\/?author=1"}]}},"_links":{"self":[{"href":"https:\/\/comite-civico.org\/index.php?rest_route=\/wp\/v2\/posts\/2225","targetHints":{"allow":["GET"]}}],"collection":[{"href":"https:\/\/comite-civico.org\/index.php?rest_route=\/wp\/v2\/posts"}],"about":[{"href":"https:\/\/comite-civico.org\/index.php?rest_route=\/wp\/v2\/types\/post"}],"author":[{"embeddable":true,"href":"https:\/\/comite-civico.org\/index.php?rest_route=\/wp\/v2\/users\/1"}],"replies":[{"embeddable":true,"href":"https:\/\/comite-civico.org\/index.php?rest_route=%2Fwp%2Fv2%2Fcomments&post=2225"}],"version-history":[{"count":1,"href":"https:\/\/comite-civico.org\/index.php?rest_route=\/wp\/v2\/posts\/2225\/revisions"}],"predecessor-version":[{"id":2236,"href":"https:\/\/comite-civico.org\/index.php?rest_route=\/wp\/v2\/posts\/2225\/revisions\/2236"}],"wp:featuredmedia":[{"embeddable":true,"href":"https:\/\/comite-civico.org\/index.php?rest_route=\/wp\/v2\/media\/2232"}],"wp:attachment":[{"href":"https:\/\/comite-civico.org\/index.php?rest_route=%2Fwp%2Fv2%2Fmedia&parent=2225"}],"wp:term":[{"taxonomy":"category","embeddable":true,"href":"https:\/\/comite-civico.org\/index.php?rest_route=%2Fwp%2Fv2%2Fcategories&post=2225"},{"taxonomy":"post_tag","embeddable":true,"href":"https:\/\/comite-civico.org\/index.php?rest_route=%2Fwp%2Fv2%2Ftags&post=2225"}],"curies":[{"name":"wp","href":"https:\/\/api.w.org\/{rel}","templated":true}]}}