{"id":2219,"date":"2025-04-22T19:28:52","date_gmt":"2025-04-23T00:28:52","guid":{"rendered":"https:\/\/comite-civico.org\/?p=2219"},"modified":"2025-04-22T19:28:53","modified_gmt":"2025-04-23T00:28:53","slug":"jornada-por-la-cultura-en-buenaventura-avanza-la-construccion-del-plan-decenal-y-el-plan-de-salvaguardia","status":"publish","type":"post","link":"https:\/\/comite-civico.org\/?p=2219","title":{"rendered":"Jornada por la Cultura en Buenaventura: Avanza la Construcci\u00f3n del Plan Decenal y el Plan de Salvaguardia"},"content":{"rendered":"\n<p>El martes 22 de abril del presente a\u00f1o, la <em>Mesa de Cultura, Recreaci\u00f3n, Deporte, G\u00e9nero y Generacional<\/em> del <strong>Movimiento Social Paro C\u00edvico de Buenaventura<\/strong>, en articulaci\u00f3n con delegados de <strong>FonBuenaventura<\/strong>, llev\u00f3 a cabo una jornada clave para el desarrollo cultural del Distrito.<\/p>\n\n\n\n<p>Durante este importante encuentro, se abordaron dos temas fundamentales para el presente y el futuro de la cultura en Buenaventura:<\/p>\n\n\n\n<h4 class=\"wp-block-heading\">\u2705 Plan Decenal de Cultura 2024 &#8211; 2034<\/h4>\n\n\n\n<p>Este plan busca trazar una <strong>hoja de ruta participativa y estrat\u00e9gica<\/strong> que fortalezca los procesos culturales del territorio en los pr\u00f3ximos diez a\u00f1os. Su enfoque promueve el <strong>acceso, la diversidad, la inclusi\u00f3n y la sostenibilidad<\/strong> de las expresiones culturales propias de la regi\u00f3n.<\/p>\n\n\n\n<h4 class=\"wp-block-heading\">\u2705 Plan Especial de Salvaguardia (PES)<\/h4>\n\n\n\n<p>Tiene como objetivo <strong>proteger y preservar las manifestaciones culturales<\/strong> que hacen parte del patrimonio inmaterial del pueblo bonaverense, con \u00e9nfasis en el <strong>reconocimiento y la transmisi\u00f3n intergeneracional de los saberes ancestrales<\/strong>.<\/p>\n\n\n\n<figure class=\"wp-block-image size-large\"><img fetchpriority=\"high\" decoding=\"async\" width=\"1024\" height=\"551\" src=\"https:\/\/comite-civico.org\/wp-content\/uploads\/2025\/04\/492009407_1005231735142510_1336417454939781672_n-1024x551.jpg\" alt=\"\" class=\"wp-image-2222\" srcset=\"https:\/\/comite-civico.org\/wp-content\/uploads\/2025\/04\/492009407_1005231735142510_1336417454939781672_n-1024x551.jpg 1024w, https:\/\/comite-civico.org\/wp-content\/uploads\/2025\/04\/492009407_1005231735142510_1336417454939781672_n-300x161.jpg 300w, https:\/\/comite-civico.org\/wp-content\/uploads\/2025\/04\/492009407_1005231735142510_1336417454939781672_n-768x413.jpg 768w, https:\/\/comite-civico.org\/wp-content\/uploads\/2025\/04\/492009407_1005231735142510_1336417454939781672_n-1536x826.jpg 1536w, https:\/\/comite-civico.org\/wp-content\/uploads\/2025\/04\/492009407_1005231735142510_1336417454939781672_n.jpg 2048w\" sizes=\"(max-width: 1024px) 100vw, 1024px\" \/><\/figure>\n\n\n\n<p>La jornada cont\u00f3 con la participaci\u00f3n activa de <em>gestores culturales<\/em> y <em>l\u00edderes comunitarios<\/em>, quienes compartieron reflexiones y aportes valiosos sobre la importancia de estas herramientas para el <strong>fortalecimiento de la identidad, la memoria y el desarrollo integral de Buenaventura<\/strong>.<\/p>\n\n\n\n<p>Desde la Mesa se resalta el compromiso colectivo por <strong>avanzar en pol\u00edticas p\u00fablicas que garanticen el derecho a la cultura<\/strong> y reconozcan el <strong>legado vivo de nuestras comunidades<\/strong>.<\/p>\n\n\n\n<p><\/p>\n","protected":false},"excerpt":{"rendered":"<p>El martes 22 de abril del presente a\u00f1o, la Mesa de Cultura, Recreaci\u00f3n, Deporte, G\u00e9nero y Generacional del Movimiento Social Paro C\u00edvico de Buenaventura, en articulaci\u00f3n con delegados de FonBuenaventura, llev\u00f3 a cabo una jornada clave para el desarrollo cultural del Distrito. Durante este importante encuentro, se abordaron dos temas fundamentales para el presente y &#8230; <a title=\"Jornada por la Cultura en Buenaventura: Avanza la Construcci\u00f3n del Plan Decenal y el Plan de Salvaguardia\" class=\"read-more\" href=\"https:\/\/comite-civico.org\/?p=2219\" aria-label=\"Read more about Jornada por la Cultura en Buenaventura: Avanza la Construcci\u00f3n del Plan Decenal y el Plan de Salvaguardia\">Leer m\u00e1s<\/a><\/p>\n","protected":false},"author":1,"featured_media":2220,"comment_status":"open","ping_status":"open","sticky":false,"template":"","format":"standard","meta":{"footnotes":""},"categories":[36],"tags":[],"class_list":["post-2219","post","type-post","status-publish","format-standard","has-post-thumbnail","hentry","category-cultura"],"acf":[],"yoast_head":"<!-- This site is optimized with the Yoast SEO plugin v25.0 - https:\/\/yoast.com\/wordpress\/plugins\/seo\/ -->\n<title>Jornada por la Cultura en Buenaventura: Avanza la Construcci\u00f3n del Plan Decenal y el Plan de Salvaguardia - Movimiento Social Paro C\u00edvico de Buenaventura<\/title>\n<meta name=\"robots\" content=\"index, follow, max-snippet:-1, max-image-preview:large, max-video-preview:-1\" \/>\n<link rel=\"canonical\" href=\"https:\/\/comite-civico.org\/?p=2219\" \/>\n<meta property=\"og:locale\" content=\"es_ES\" \/>\n<meta property=\"og:type\" content=\"article\" \/>\n<meta property=\"og:title\" content=\"Jornada por la Cultura en Buenaventura: Avanza la Construcci\u00f3n del Plan Decenal y el Plan de Salvaguardia - Movimiento Social Paro C\u00edvico de Buenaventura\" \/>\n<meta property=\"og:description\" content=\"El martes 22 de abril del presente a\u00f1o, la Mesa de Cultura, Recreaci\u00f3n, Deporte, G\u00e9nero y Generacional del Movimiento Social Paro C\u00edvico de Buenaventura, en articulaci\u00f3n con delegados de FonBuenaventura, llev\u00f3 a cabo una jornada clave para el desarrollo cultural del Distrito. Durante este importante encuentro, se abordaron dos temas fundamentales para el presente y ... Leer m\u00e1s\" \/>\n<meta property=\"og:url\" content=\"https:\/\/comite-civico.org\/?p=2219\" \/>\n<meta property=\"og:site_name\" content=\"Movimiento Social Paro C\u00edvico de Buenaventura\" \/>\n<meta property=\"article:published_time\" content=\"2025-04-23T00:28:52+00:00\" \/>\n<meta property=\"article:modified_time\" content=\"2025-04-23T00:28:53+00:00\" \/>\n<meta property=\"og:image\" content=\"https:\/\/comite-civico.org\/wp-content\/uploads\/2025\/04\/491269169_1005230675142616_6602532290103741838_n.jpg\" \/>\n\t<meta property=\"og:image:width\" content=\"600\" \/>\n\t<meta property=\"og:image:height\" content=\"387\" \/>\n\t<meta property=\"og:image:type\" content=\"image\/jpeg\" \/>\n<meta name=\"author\" content=\"comiteadmin\" \/>\n<meta name=\"twitter:card\" content=\"summary_large_image\" \/>\n<meta name=\"twitter:label1\" content=\"Escrito por\" \/>\n\t<meta name=\"twitter:data1\" content=\"comiteadmin\" \/>\n\t<meta name=\"twitter:label2\" content=\"Tiempo de lectura\" \/>\n\t<meta name=\"twitter:data2\" content=\"1 minuto\" \/>\n<script type=\"application\/ld+json\" class=\"yoast-schema-graph\">{\"@context\":\"https:\/\/schema.org\",\"@graph\":[{\"@type\":\"Article\",\"@id\":\"https:\/\/comite-civico.org\/?p=2219#article\",\"isPartOf\":{\"@id\":\"https:\/\/comite-civico.org\/?p=2219\"},\"author\":{\"name\":\"comiteadmin\",\"@id\":\"https:\/\/comite-civico.org\/#\/schema\/person\/eebdf569aa3565fa603cc9c5b53cea34\"},\"headline\":\"Jornada por la Cultura en Buenaventura: Avanza la Construcci\u00f3n del Plan Decenal y el Plan de Salvaguardia\",\"datePublished\":\"2025-04-23T00:28:52+00:00\",\"dateModified\":\"2025-04-23T00:28:53+00:00\",\"mainEntityOfPage\":{\"@id\":\"https:\/\/comite-civico.org\/?p=2219\"},\"wordCount\":245,\"commentCount\":0,\"publisher\":{\"@id\":\"https:\/\/comite-civico.org\/#organization\"},\"image\":{\"@id\":\"https:\/\/comite-civico.org\/?p=2219#primaryimage\"},\"thumbnailUrl\":\"https:\/\/comite-civico.org\/wp-content\/uploads\/2025\/04\/491269169_1005230675142616_6602532290103741838_n.jpg\",\"articleSection\":[\"Cultura\"],\"inLanguage\":\"es-CO\",\"potentialAction\":[{\"@type\":\"CommentAction\",\"name\":\"Comment\",\"target\":[\"https:\/\/comite-civico.org\/?p=2219#respond\"]}]},{\"@type\":\"WebPage\",\"@id\":\"https:\/\/comite-civico.org\/?p=2219\",\"url\":\"https:\/\/comite-civico.org\/?p=2219\",\"name\":\"Jornada por la Cultura en Buenaventura: Avanza la Construcci\u00f3n del Plan Decenal y el Plan de Salvaguardia - Movimiento Social Paro C\u00edvico de Buenaventura\",\"isPartOf\":{\"@id\":\"https:\/\/comite-civico.org\/#website\"},\"primaryImageOfPage\":{\"@id\":\"https:\/\/comite-civico.org\/?p=2219#primaryimage\"},\"image\":{\"@id\":\"https:\/\/comite-civico.org\/?p=2219#primaryimage\"},\"thumbnailUrl\":\"https:\/\/comite-civico.org\/wp-content\/uploads\/2025\/04\/491269169_1005230675142616_6602532290103741838_n.jpg\",\"datePublished\":\"2025-04-23T00:28:52+00:00\",\"dateModified\":\"2025-04-23T00:28:53+00:00\",\"breadcrumb\":{\"@id\":\"https:\/\/comite-civico.org\/?p=2219#breadcrumb\"},\"inLanguage\":\"es-CO\",\"potentialAction\":[{\"@type\":\"ReadAction\",\"target\":[\"https:\/\/comite-civico.org\/?p=2219\"]}]},{\"@type\":\"ImageObject\",\"inLanguage\":\"es-CO\",\"@id\":\"https:\/\/comite-civico.org\/?p=2219#primaryimage\",\"url\":\"https:\/\/comite-civico.org\/wp-content\/uploads\/2025\/04\/491269169_1005230675142616_6602532290103741838_n.jpg\",\"contentUrl\":\"https:\/\/comite-civico.org\/wp-content\/uploads\/2025\/04\/491269169_1005230675142616_6602532290103741838_n.jpg\",\"width\":600,\"height\":387},{\"@type\":\"BreadcrumbList\",\"@id\":\"https:\/\/comite-civico.org\/?p=2219#breadcrumb\",\"itemListElement\":[{\"@type\":\"ListItem\",\"position\":1,\"name\":\"Inicio\",\"item\":\"https:\/\/comite-civico.org\/\"},{\"@type\":\"ListItem\",\"position\":2,\"name\":\"Jornada por la Cultura en Buenaventura: Avanza la Construcci\u00f3n del Plan Decenal y el Plan de Salvaguardia\"}]},{\"@type\":\"WebSite\",\"@id\":\"https:\/\/comite-civico.org\/#website\",\"url\":\"https:\/\/comite-civico.org\/\",\"name\":\"Movimiento Social Paro C\u00edvico de Buenaventura\",\"description\":\"Movimiento Social Paro C\u00edvico de Buenaventura\",\"publisher\":{\"@id\":\"https:\/\/comite-civico.org\/#organization\"},\"potentialAction\":[{\"@type\":\"SearchAction\",\"target\":{\"@type\":\"EntryPoint\",\"urlTemplate\":\"https:\/\/comite-civico.org\/?s={search_term_string}\"},\"query-input\":{\"@type\":\"PropertyValueSpecification\",\"valueRequired\":true,\"valueName\":\"search_term_string\"}}],\"inLanguage\":\"es-CO\"},{\"@type\":\"Organization\",\"@id\":\"https:\/\/comite-civico.org\/#organization\",\"name\":\"Movimiento Social Paro C\u00edvico de Buenaventura\",\"url\":\"https:\/\/comite-civico.org\/\",\"logo\":{\"@type\":\"ImageObject\",\"inLanguage\":\"es-CO\",\"@id\":\"https:\/\/comite-civico.org\/#\/schema\/logo\/image\/\",\"url\":\"https:\/\/comite-civico.org\/wp-content\/uploads\/2021\/03\/Logo-de-Movimiento-Blanco-scaled.png\",\"contentUrl\":\"https:\/\/comite-civico.org\/wp-content\/uploads\/2021\/03\/Logo-de-Movimiento-Blanco-scaled.png\",\"width\":2560,\"height\":1810,\"caption\":\"Movimiento Social Paro C\u00edvico de Buenaventura\"},\"image\":{\"@id\":\"https:\/\/comite-civico.org\/#\/schema\/logo\/image\/\"}},{\"@type\":\"Person\",\"@id\":\"https:\/\/comite-civico.org\/#\/schema\/person\/eebdf569aa3565fa603cc9c5b53cea34\",\"name\":\"comiteadmin\",\"image\":{\"@type\":\"ImageObject\",\"inLanguage\":\"es-CO\",\"@id\":\"https:\/\/comite-civico.org\/#\/schema\/person\/image\/\",\"url\":\"https:\/\/secure.gravatar.com\/avatar\/516fb540621996b28f565fdf033072d55dd3fe76896ef4af5250b5fec1b457fe?s=96&d=mm&r=g\",\"contentUrl\":\"https:\/\/secure.gravatar.com\/avatar\/516fb540621996b28f565fdf033072d55dd3fe76896ef4af5250b5fec1b457fe?s=96&d=mm&r=g\",\"caption\":\"comiteadmin\"},\"sameAs\":[\"https:\/\/comite-civico.org\/\"],\"url\":\"https:\/\/comite-civico.org\/?author=1\"}]}<\/script>\n<!-- \/ Yoast SEO plugin. -->","yoast_head_json":{"title":"Jornada por la Cultura en Buenaventura: Avanza la Construcci\u00f3n del Plan Decenal y el Plan de Salvaguardia - Movimiento Social Paro C\u00edvico de Buenaventura","robots":{"index":"index","follow":"follow","max-snippet":"max-snippet:-1","max-image-preview":"max-image-preview:large","max-video-preview":"max-video-preview:-1"},"canonical":"https:\/\/comite-civico.org\/?p=2219","og_locale":"es_ES","og_type":"article","og_title":"Jornada por la Cultura en Buenaventura: Avanza la Construcci\u00f3n del Plan Decenal y el Plan de Salvaguardia - Movimiento Social Paro C\u00edvico de Buenaventura","og_description":"El martes 22 de abril del presente a\u00f1o, la Mesa de Cultura, Recreaci\u00f3n, Deporte, G\u00e9nero y Generacional del Movimiento Social Paro C\u00edvico de Buenaventura, en articulaci\u00f3n con delegados de FonBuenaventura, llev\u00f3 a cabo una jornada clave para el desarrollo cultural del Distrito. Durante este importante encuentro, se abordaron dos temas fundamentales para el presente y ... Leer m\u00e1s","og_url":"https:\/\/comite-civico.org\/?p=2219","og_site_name":"Movimiento Social Paro C\u00edvico de Buenaventura","article_published_time":"2025-04-23T00:28:52+00:00","article_modified_time":"2025-04-23T00:28:53+00:00","og_image":[{"width":600,"height":387,"url":"https:\/\/comite-civico.org\/wp-content\/uploads\/2025\/04\/491269169_1005230675142616_6602532290103741838_n.jpg","type":"image\/jpeg"}],"author":"comiteadmin","twitter_card":"summary_large_image","twitter_misc":{"Escrito por":"comiteadmin","Tiempo de lectura":"1 minuto"},"schema":{"@context":"https:\/\/schema.org","@graph":[{"@type":"Article","@id":"https:\/\/comite-civico.org\/?p=2219#article","isPartOf":{"@id":"https:\/\/comite-civico.org\/?p=2219"},"author":{"name":"comiteadmin","@id":"https:\/\/comite-civico.org\/#\/schema\/person\/eebdf569aa3565fa603cc9c5b53cea34"},"headline":"Jornada por la Cultura en Buenaventura: Avanza la Construcci\u00f3n del Plan Decenal y el Plan de Salvaguardia","datePublished":"2025-04-23T00:28:52+00:00","dateModified":"2025-04-23T00:28:53+00:00","mainEntityOfPage":{"@id":"https:\/\/comite-civico.org\/?p=2219"},"wordCount":245,"commentCount":0,"publisher":{"@id":"https:\/\/comite-civico.org\/#organization"},"image":{"@id":"https:\/\/comite-civico.org\/?p=2219#primaryimage"},"thumbnailUrl":"https:\/\/comite-civico.org\/wp-content\/uploads\/2025\/04\/491269169_1005230675142616_6602532290103741838_n.jpg","articleSection":["Cultura"],"inLanguage":"es-CO","potentialAction":[{"@type":"CommentAction","name":"Comment","target":["https:\/\/comite-civico.org\/?p=2219#respond"]}]},{"@type":"WebPage","@id":"https:\/\/comite-civico.org\/?p=2219","url":"https:\/\/comite-civico.org\/?p=2219","name":"Jornada por la Cultura en Buenaventura: Avanza la Construcci\u00f3n del Plan Decenal y el Plan de Salvaguardia - Movimiento Social Paro C\u00edvico de Buenaventura","isPartOf":{"@id":"https:\/\/comite-civico.org\/#website"},"primaryImageOfPage":{"@id":"https:\/\/comite-civico.org\/?p=2219#primaryimage"},"image":{"@id":"https:\/\/comite-civico.org\/?p=2219#primaryimage"},"thumbnailUrl":"https:\/\/comite-civico.org\/wp-content\/uploads\/2025\/04\/491269169_1005230675142616_6602532290103741838_n.jpg","datePublished":"2025-04-23T00:28:52+00:00","dateModified":"2025-04-23T00:28:53+00:00","breadcrumb":{"@id":"https:\/\/comite-civico.org\/?p=2219#breadcrumb"},"inLanguage":"es-CO","potentialAction":[{"@type":"ReadAction","target":["https:\/\/comite-civico.org\/?p=2219"]}]},{"@type":"ImageObject","inLanguage":"es-CO","@id":"https:\/\/comite-civico.org\/?p=2219#primaryimage","url":"https:\/\/comite-civico.org\/wp-content\/uploads\/2025\/04\/491269169_1005230675142616_6602532290103741838_n.jpg","contentUrl":"https:\/\/comite-civico.org\/wp-content\/uploads\/2025\/04\/491269169_1005230675142616_6602532290103741838_n.jpg","width":600,"height":387},{"@type":"BreadcrumbList","@id":"https:\/\/comite-civico.org\/?p=2219#breadcrumb","itemListElement":[{"@type":"ListItem","position":1,"name":"Inicio","item":"https:\/\/comite-civico.org\/"},{"@type":"ListItem","position":2,"name":"Jornada por la Cultura en Buenaventura: Avanza la Construcci\u00f3n del Plan Decenal y el Plan de Salvaguardia"}]},{"@type":"WebSite","@id":"https:\/\/comite-civico.org\/#website","url":"https:\/\/comite-civico.org\/","name":"Movimiento Social Paro C\u00edvico de Buenaventura","description":"Movimiento Social Paro C\u00edvico de Buenaventura","publisher":{"@id":"https:\/\/comite-civico.org\/#organization"},"potentialAction":[{"@type":"SearchAction","target":{"@type":"EntryPoint","urlTemplate":"https:\/\/comite-civico.org\/?s={search_term_string}"},"query-input":{"@type":"PropertyValueSpecification","valueRequired":true,"valueName":"search_term_string"}}],"inLanguage":"es-CO"},{"@type":"Organization","@id":"https:\/\/comite-civico.org\/#organization","name":"Movimiento Social Paro C\u00edvico de Buenaventura","url":"https:\/\/comite-civico.org\/","logo":{"@type":"ImageObject","inLanguage":"es-CO","@id":"https:\/\/comite-civico.org\/#\/schema\/logo\/image\/","url":"https:\/\/comite-civico.org\/wp-content\/uploads\/2021\/03\/Logo-de-Movimiento-Blanco-scaled.png","contentUrl":"https:\/\/comite-civico.org\/wp-content\/uploads\/2021\/03\/Logo-de-Movimiento-Blanco-scaled.png","width":2560,"height":1810,"caption":"Movimiento Social Paro C\u00edvico de Buenaventura"},"image":{"@id":"https:\/\/comite-civico.org\/#\/schema\/logo\/image\/"}},{"@type":"Person","@id":"https:\/\/comite-civico.org\/#\/schema\/person\/eebdf569aa3565fa603cc9c5b53cea34","name":"comiteadmin","image":{"@type":"ImageObject","inLanguage":"es-CO","@id":"https:\/\/comite-civico.org\/#\/schema\/person\/image\/","url":"https:\/\/secure.gravatar.com\/avatar\/516fb540621996b28f565fdf033072d55dd3fe76896ef4af5250b5fec1b457fe?s=96&d=mm&r=g","contentUrl":"https:\/\/secure.gravatar.com\/avatar\/516fb540621996b28f565fdf033072d55dd3fe76896ef4af5250b5fec1b457fe?s=96&d=mm&r=g","caption":"comiteadmin"},"sameAs":["https:\/\/comite-civico.org\/"],"url":"https:\/\/comite-civico.org\/?author=1"}]}},"_links":{"self":[{"href":"https:\/\/comite-civico.org\/index.php?rest_route=\/wp\/v2\/posts\/2219","targetHints":{"allow":["GET"]}}],"collection":[{"href":"https:\/\/comite-civico.org\/index.php?rest_route=\/wp\/v2\/posts"}],"about":[{"href":"https:\/\/comite-civico.org\/index.php?rest_route=\/wp\/v2\/types\/post"}],"author":[{"embeddable":true,"href":"https:\/\/comite-civico.org\/index.php?rest_route=\/wp\/v2\/users\/1"}],"replies":[{"embeddable":true,"href":"https:\/\/comite-civico.org\/index.php?rest_route=%2Fwp%2Fv2%2Fcomments&post=2219"}],"version-history":[{"count":1,"href":"https:\/\/comite-civico.org\/index.php?rest_route=\/wp\/v2\/posts\/2219\/revisions"}],"predecessor-version":[{"id":2223,"href":"https:\/\/comite-civico.org\/index.php?rest_route=\/wp\/v2\/posts\/2219\/revisions\/2223"}],"wp:featuredmedia":[{"embeddable":true,"href":"https:\/\/comite-civico.org\/index.php?rest_route=\/wp\/v2\/media\/2220"}],"wp:attachment":[{"href":"https:\/\/comite-civico.org\/index.php?rest_route=%2Fwp%2Fv2%2Fmedia&parent=2219"}],"wp:term":[{"taxonomy":"category","embeddable":true,"href":"https:\/\/comite-civico.org\/index.php?rest_route=%2Fwp%2Fv2%2Fcategories&post=2219"},{"taxonomy":"post_tag","embeddable":true,"href":"https:\/\/comite-civico.org\/index.php?rest_route=%2Fwp%2Fv2%2Ftags&post=2219"}],"curies":[{"name":"wp","href":"https:\/\/api.w.org\/{rel}","templated":true}]}}