{"id":2165,"date":"2024-10-28T12:05:44","date_gmt":"2024-10-28T17:05:44","guid":{"rendered":"http:\/\/comite-civico.org\/?p=2165"},"modified":"2024-10-28T12:19:46","modified_gmt":"2024-10-28T17:19:46","slug":"balance-positivo-en-la-quinta-edicion-de-buenaventura-corre-por-la-biodiversidad","status":"publish","type":"post","link":"https:\/\/comite-civico.org\/?p=2165","title":{"rendered":"Balance positivo en la quinta edici\u00f3n de \u201cBuenaventura Corre por la Biodiversidad\u201d"},"content":{"rendered":"\n<p>Buenaventura se llen\u00f3 de energ\u00eda, alegr\u00eda y esp\u00edritu deportivo con la quinta edici\u00f3n de la<br>carrera &#8220;Buenaventura Corre por la Biodiversidad&#8221;, un evento deportivo que, como cada<br>a\u00f1o, promueve la actividad f\u00edsica y resalta el compromiso con el medio ambiente y la<br>biodiversidad de la regi\u00f3n. Esta edici\u00f3n cont\u00f3 con un cupo lleno de 2.200 personas inscritas,<br>de las cuales 1.638 atletas participaron en las diversas categor\u00edas, desde ni\u00f1os hasta adultos,<br>en un recorrido que se realiz\u00f3 el pasado 27 de octubre.<\/p>\n\n\n\n<p><br>Con el apoyo y respaldo del Ministerio del Deporte, el Comit\u00e9 del Paro C\u00edvico, el Instituto de<br>Deportes y Recreaci\u00f3n de Buenaventura (INDER Buenaventura), y la Alcald\u00eda, el evento fue<br>posible gracias al esfuerzo conjunto de estas instituciones para crear una jornada que reuni\u00f3 a personas de todas las edades, fortaleciendo los lazos de la comunidad y celebrando la<br>biodiversidad del Pac\u00edfico colombiano.<\/p>\n\n\n\n<figure class=\"wp-block-image size-large\"><img fetchpriority=\"high\" decoding=\"async\" width=\"1024\" height=\"576\" src=\"http:\/\/comite-civico.org\/wp-content\/uploads\/2024\/10\/4970074711585304020_121-1024x576.jpg\" alt=\"\" class=\"wp-image-2160\" srcset=\"https:\/\/comite-civico.org\/wp-content\/uploads\/2024\/10\/4970074711585304020_121-1024x576.jpg 1024w, https:\/\/comite-civico.org\/wp-content\/uploads\/2024\/10\/4970074711585304020_121-300x169.jpg 300w, https:\/\/comite-civico.org\/wp-content\/uploads\/2024\/10\/4970074711585304020_121-768x432.jpg 768w, https:\/\/comite-civico.org\/wp-content\/uploads\/2024\/10\/4970074711585304020_121.jpg 1280w\" sizes=\"(max-width: 1024px) 100vw, 1024px\" \/><\/figure>\n\n\n\n<p><br><strong>Ganadores por categor\u00eda<\/strong><\/p>\n\n\n\n<p><strong>Gorriones (6 a 8 a\u00f1os)<\/strong><\/p>\n\n\n\n<ul class=\"wp-block-list\">\n<li>Masculino: Jhon Jairo Hurtado Qui\u00f1ones, Joel Andr\u00e9s Angulo Ortega, Juan Jos\u00e9 P\u00e1ez Rodallega.<\/li>\n\n\n\n<li>Femenino: Arianna Melissa Garc\u00eda P\u00e1jaro, Ehidyn Sof\u00eda Bonilla Alom\u00eda, Britanie Yuliana Sol\u00eds Angulo.<\/li>\n<\/ul>\n\n\n\n<p><strong>Preinfantil (9 a 12 a\u00f1os)<\/strong><\/p>\n\n\n\n<ul class=\"wp-block-list\">\n<li>Masculino: Jes\u00fas Daniel Torres Castillo, Cristian Ter\u00e1n Qui\u00f1\u00f3nez, Juan David Polo<br>\u00c1lvarez.<\/li>\n\n\n\n<li>Femenino: Aranza Monta\u00f1o Mosquera, Laura Michel Hurtado Valencia, Yeris Nathalia<br>Rivas Grueso.<\/li>\n<\/ul>\n\n\n\n<p><strong>Infantil (13 a 15 a\u00f1os)<\/strong><\/p>\n\n\n\n<ul class=\"wp-block-list\">\n<li>Masculino: Eric Santiago S\u00e1nchez, Juli\u00e1n David S\u00e1nchez, Juan Sebasti\u00e1n Valencia.<\/li>\n\n\n\n<li>Femenino: Sharid Juliana Serna, Mar\u00eda Beatriz Torres, Rub\u00ed Gabriela Ceballos.<\/li>\n<\/ul>\n\n\n\n<p><strong>5K (16 a\u00f1os en adelante)<\/strong><\/p>\n\n\n\n<ul class=\"wp-block-list\">\n<li>Masculino: Mateo \u00dasuga, Alfred Dibir Caicedo, David Torres Riascos.<\/li>\n\n\n\n<li>Femenino: Mar\u00eda Fernanda Monta\u00f1o, Leidy Lorena Ortiz, Sonia Monta\u00f1o Cambindo.<\/li>\n<\/ul>\n\n\n\n<p><strong>10K (16 a\u00f1os en adelante)<\/strong><\/p>\n\n\n\n<ul class=\"wp-block-list\">\n<li>Masculino: Jhon Chaux, Wilson Saenz, Concepci\u00f3n A. Bracho.<\/li>\n\n\n\n<li>Femenino: Daniela Monta\u00f1o, Silvena Pashova Velikova, Jackeline Berm\u00fadez Maya.<\/li>\n<\/ul>\n\n\n\n<p>El evento fue una excelente oportunidad para fomentar estilos de vida saludables.<br>Agradecemos a todos los participantes, colaboradores y patrocinadores que hicieron posible<br>esta fiesta deportiva, y esperamos que este espacio de integraci\u00f3n comunitaria siga creciendo en cada edici\u00f3n.<\/p>\n\n\n\n<p class=\"has-text-align-center\"><br>Gracias a todos los participantes y colaboradores por hacer de \u201cBuenaventura Corre<br>por la Biodiversidad\u201d un \u00e9xito rotundo!<\/p>\n\n\n\n<figure class=\"wp-block-image size-large\"><img decoding=\"async\" width=\"1024\" height=\"576\" src=\"http:\/\/comite-civico.org\/wp-content\/uploads\/2024\/10\/DSC09911-1024x576.jpg\" alt=\"\" class=\"wp-image-2161\" srcset=\"https:\/\/comite-civico.org\/wp-content\/uploads\/2024\/10\/DSC09911-1024x576.jpg 1024w, https:\/\/comite-civico.org\/wp-content\/uploads\/2024\/10\/DSC09911-300x169.jpg 300w, https:\/\/comite-civico.org\/wp-content\/uploads\/2024\/10\/DSC09911-768x432.jpg 768w, https:\/\/comite-civico.org\/wp-content\/uploads\/2024\/10\/DSC09911-1536x864.jpg 1536w, https:\/\/comite-civico.org\/wp-content\/uploads\/2024\/10\/DSC09911-2048x1152.jpg 2048w\" sizes=\"(max-width: 1024px) 100vw, 1024px\" \/><\/figure>\n","protected":false},"excerpt":{"rendered":"<p>Buenaventura se llen\u00f3 de energ\u00eda, alegr\u00eda y esp\u00edritu deportivo con la quinta edici\u00f3n de lacarrera &#8220;Buenaventura Corre por la Biodiversidad&#8221;, un evento deportivo que, como cadaa\u00f1o, promueve la actividad f\u00edsica y resalta el compromiso con el medio ambiente y labiodiversidad de la regi\u00f3n. Esta edici\u00f3n cont\u00f3 con un cupo lleno de 2.200 personas inscritas,de las &#8230; <a title=\"Balance positivo en la quinta edici\u00f3n de \u201cBuenaventura Corre por la Biodiversidad\u201d\" class=\"read-more\" href=\"https:\/\/comite-civico.org\/?p=2165\" aria-label=\"Read more about Balance positivo en la quinta edici\u00f3n de \u201cBuenaventura Corre por la Biodiversidad\u201d\">Leer m\u00e1s<\/a><\/p>\n","protected":false},"author":1,"featured_media":2162,"comment_status":"open","ping_status":"open","sticky":false,"template":"","format":"standard","meta":{"footnotes":""},"categories":[24,16],"tags":[56,55,53],"class_list":["post-2165","post","type-post","status-publish","format-standard","has-post-thumbnail","hentry","category-deporte","category-logros","tag-buenaventura-corre-por-la-biodiversidad","tag-buenaventuracorre","tag-movimiento-social-paro-civico-de-buenaventura"],"acf":[],"yoast_head":"<!-- This site is optimized with the Yoast SEO plugin v25.0 - https:\/\/yoast.com\/wordpress\/plugins\/seo\/ -->\n<title>Balance positivo en la quinta edici\u00f3n de \u201cBuenaventura Corre por la Biodiversidad\u201d - Movimiento Social Paro C\u00edvico de Buenaventura<\/title>\n<meta name=\"robots\" content=\"index, follow, max-snippet:-1, max-image-preview:large, max-video-preview:-1\" \/>\n<link rel=\"canonical\" href=\"https:\/\/comite-civico.org\/?p=2165\" \/>\n<meta property=\"og:locale\" content=\"es_ES\" \/>\n<meta property=\"og:type\" content=\"article\" \/>\n<meta property=\"og:title\" content=\"Balance positivo en la quinta edici\u00f3n de \u201cBuenaventura Corre por la Biodiversidad\u201d - Movimiento Social Paro C\u00edvico de Buenaventura\" \/>\n<meta property=\"og:description\" content=\"Buenaventura se llen\u00f3 de energ\u00eda, alegr\u00eda y esp\u00edritu deportivo con la quinta edici\u00f3n de lacarrera &#8220;Buenaventura Corre por la Biodiversidad&#8221;, un evento deportivo que, como cadaa\u00f1o, promueve la actividad f\u00edsica y resalta el compromiso con el medio ambiente y labiodiversidad de la regi\u00f3n. Esta edici\u00f3n cont\u00f3 con un cupo lleno de 2.200 personas inscritas,de las ... Leer m\u00e1s\" \/>\n<meta property=\"og:url\" content=\"https:\/\/comite-civico.org\/?p=2165\" \/>\n<meta property=\"og:site_name\" content=\"Movimiento Social Paro C\u00edvico de Buenaventura\" \/>\n<meta property=\"article:published_time\" content=\"2024-10-28T17:05:44+00:00\" \/>\n<meta property=\"article:modified_time\" content=\"2024-10-28T17:19:46+00:00\" \/>\n<meta property=\"og:image\" content=\"http:\/\/comite-civico.org\/wp-content\/uploads\/2024\/10\/DSC09891-scaled.jpg\" \/>\n\t<meta property=\"og:image:width\" content=\"2560\" \/>\n\t<meta property=\"og:image:height\" content=\"1440\" \/>\n\t<meta property=\"og:image:type\" content=\"image\/jpeg\" \/>\n<meta name=\"author\" content=\"comiteadmin\" \/>\n<meta name=\"twitter:card\" content=\"summary_large_image\" \/>\n<meta name=\"twitter:label1\" content=\"Escrito por\" \/>\n\t<meta name=\"twitter:data1\" content=\"comiteadmin\" \/>\n\t<meta name=\"twitter:label2\" content=\"Tiempo de lectura\" \/>\n\t<meta name=\"twitter:data2\" content=\"3 minutos\" \/>\n<script type=\"application\/ld+json\" class=\"yoast-schema-graph\">{\"@context\":\"https:\/\/schema.org\",\"@graph\":[{\"@type\":\"Article\",\"@id\":\"https:\/\/comite-civico.org\/?p=2165#article\",\"isPartOf\":{\"@id\":\"https:\/\/comite-civico.org\/?p=2165\"},\"author\":{\"name\":\"comiteadmin\",\"@id\":\"https:\/\/comite-civico.org\/#\/schema\/person\/eebdf569aa3565fa603cc9c5b53cea34\"},\"headline\":\"Balance positivo en la quinta edici\u00f3n de \u201cBuenaventura Corre por la Biodiversidad\u201d\",\"datePublished\":\"2024-10-28T17:05:44+00:00\",\"dateModified\":\"2024-10-28T17:19:46+00:00\",\"mainEntityOfPage\":{\"@id\":\"https:\/\/comite-civico.org\/?p=2165\"},\"wordCount\":374,\"commentCount\":0,\"publisher\":{\"@id\":\"https:\/\/comite-civico.org\/#organization\"},\"image\":{\"@id\":\"https:\/\/comite-civico.org\/?p=2165#primaryimage\"},\"thumbnailUrl\":\"https:\/\/comite-civico.org\/wp-content\/uploads\/2024\/10\/DSC09891-scaled.jpg\",\"keywords\":[\"Buenaventura corre por la biodiversidad\",\"Buenaventuracorre\",\"MOVIMIENTO SOCIAL PARO CIVICO DE BUENAVENTURA\"],\"articleSection\":[\"DEPORTE\",\"Logros\"],\"inLanguage\":\"es-CO\",\"potentialAction\":[{\"@type\":\"CommentAction\",\"name\":\"Comment\",\"target\":[\"https:\/\/comite-civico.org\/?p=2165#respond\"]}]},{\"@type\":\"WebPage\",\"@id\":\"https:\/\/comite-civico.org\/?p=2165\",\"url\":\"https:\/\/comite-civico.org\/?p=2165\",\"name\":\"Balance positivo en la quinta edici\u00f3n de \u201cBuenaventura Corre por la Biodiversidad\u201d - Movimiento Social Paro C\u00edvico de Buenaventura\",\"isPartOf\":{\"@id\":\"https:\/\/comite-civico.org\/#website\"},\"primaryImageOfPage\":{\"@id\":\"https:\/\/comite-civico.org\/?p=2165#primaryimage\"},\"image\":{\"@id\":\"https:\/\/comite-civico.org\/?p=2165#primaryimage\"},\"thumbnailUrl\":\"https:\/\/comite-civico.org\/wp-content\/uploads\/2024\/10\/DSC09891-scaled.jpg\",\"datePublished\":\"2024-10-28T17:05:44+00:00\",\"dateModified\":\"2024-10-28T17:19:46+00:00\",\"breadcrumb\":{\"@id\":\"https:\/\/comite-civico.org\/?p=2165#breadcrumb\"},\"inLanguage\":\"es-CO\",\"potentialAction\":[{\"@type\":\"ReadAction\",\"target\":[\"https:\/\/comite-civico.org\/?p=2165\"]}]},{\"@type\":\"ImageObject\",\"inLanguage\":\"es-CO\",\"@id\":\"https:\/\/comite-civico.org\/?p=2165#primaryimage\",\"url\":\"https:\/\/comite-civico.org\/wp-content\/uploads\/2024\/10\/DSC09891-scaled.jpg\",\"contentUrl\":\"https:\/\/comite-civico.org\/wp-content\/uploads\/2024\/10\/DSC09891-scaled.jpg\",\"width\":2560,\"height\":1440},{\"@type\":\"BreadcrumbList\",\"@id\":\"https:\/\/comite-civico.org\/?p=2165#breadcrumb\",\"itemListElement\":[{\"@type\":\"ListItem\",\"position\":1,\"name\":\"Inicio\",\"item\":\"https:\/\/comite-civico.org\/\"},{\"@type\":\"ListItem\",\"position\":2,\"name\":\"Balance positivo en la quinta edici\u00f3n de \u201cBuenaventura Corre por la Biodiversidad\u201d\"}]},{\"@type\":\"WebSite\",\"@id\":\"https:\/\/comite-civico.org\/#website\",\"url\":\"https:\/\/comite-civico.org\/\",\"name\":\"Movimiento Social Paro C\u00edvico de Buenaventura\",\"description\":\"Movimiento Social Paro C\u00edvico de Buenaventura\",\"publisher\":{\"@id\":\"https:\/\/comite-civico.org\/#organization\"},\"potentialAction\":[{\"@type\":\"SearchAction\",\"target\":{\"@type\":\"EntryPoint\",\"urlTemplate\":\"https:\/\/comite-civico.org\/?s={search_term_string}\"},\"query-input\":{\"@type\":\"PropertyValueSpecification\",\"valueRequired\":true,\"valueName\":\"search_term_string\"}}],\"inLanguage\":\"es-CO\"},{\"@type\":\"Organization\",\"@id\":\"https:\/\/comite-civico.org\/#organization\",\"name\":\"Movimiento Social Paro C\u00edvico de Buenaventura\",\"url\":\"https:\/\/comite-civico.org\/\",\"logo\":{\"@type\":\"ImageObject\",\"inLanguage\":\"es-CO\",\"@id\":\"https:\/\/comite-civico.org\/#\/schema\/logo\/image\/\",\"url\":\"https:\/\/comite-civico.org\/wp-content\/uploads\/2021\/03\/Logo-de-Movimiento-Blanco-scaled.png\",\"contentUrl\":\"https:\/\/comite-civico.org\/wp-content\/uploads\/2021\/03\/Logo-de-Movimiento-Blanco-scaled.png\",\"width\":2560,\"height\":1810,\"caption\":\"Movimiento Social Paro C\u00edvico de Buenaventura\"},\"image\":{\"@id\":\"https:\/\/comite-civico.org\/#\/schema\/logo\/image\/\"}},{\"@type\":\"Person\",\"@id\":\"https:\/\/comite-civico.org\/#\/schema\/person\/eebdf569aa3565fa603cc9c5b53cea34\",\"name\":\"comiteadmin\",\"image\":{\"@type\":\"ImageObject\",\"inLanguage\":\"es-CO\",\"@id\":\"https:\/\/comite-civico.org\/#\/schema\/person\/image\/\",\"url\":\"https:\/\/secure.gravatar.com\/avatar\/516fb540621996b28f565fdf033072d55dd3fe76896ef4af5250b5fec1b457fe?s=96&d=mm&r=g\",\"contentUrl\":\"https:\/\/secure.gravatar.com\/avatar\/516fb540621996b28f565fdf033072d55dd3fe76896ef4af5250b5fec1b457fe?s=96&d=mm&r=g\",\"caption\":\"comiteadmin\"},\"sameAs\":[\"https:\/\/comite-civico.org\/\"],\"url\":\"https:\/\/comite-civico.org\/?author=1\"}]}<\/script>\n<!-- \/ Yoast SEO plugin. -->","yoast_head_json":{"title":"Balance positivo en la quinta edici\u00f3n de \u201cBuenaventura Corre por la Biodiversidad\u201d - Movimiento Social Paro C\u00edvico de Buenaventura","robots":{"index":"index","follow":"follow","max-snippet":"max-snippet:-1","max-image-preview":"max-image-preview:large","max-video-preview":"max-video-preview:-1"},"canonical":"https:\/\/comite-civico.org\/?p=2165","og_locale":"es_ES","og_type":"article","og_title":"Balance positivo en la quinta edici\u00f3n de \u201cBuenaventura Corre por la Biodiversidad\u201d - Movimiento Social Paro C\u00edvico de Buenaventura","og_description":"Buenaventura se llen\u00f3 de energ\u00eda, alegr\u00eda y esp\u00edritu deportivo con la quinta edici\u00f3n de lacarrera &#8220;Buenaventura Corre por la Biodiversidad&#8221;, un evento deportivo que, como cadaa\u00f1o, promueve la actividad f\u00edsica y resalta el compromiso con el medio ambiente y labiodiversidad de la regi\u00f3n. Esta edici\u00f3n cont\u00f3 con un cupo lleno de 2.200 personas inscritas,de las ... Leer m\u00e1s","og_url":"https:\/\/comite-civico.org\/?p=2165","og_site_name":"Movimiento Social Paro C\u00edvico de Buenaventura","article_published_time":"2024-10-28T17:05:44+00:00","article_modified_time":"2024-10-28T17:19:46+00:00","og_image":[{"width":2560,"height":1440,"url":"http:\/\/comite-civico.org\/wp-content\/uploads\/2024\/10\/DSC09891-scaled.jpg","type":"image\/jpeg"}],"author":"comiteadmin","twitter_card":"summary_large_image","twitter_misc":{"Escrito por":"comiteadmin","Tiempo de lectura":"3 minutos"},"schema":{"@context":"https:\/\/schema.org","@graph":[{"@type":"Article","@id":"https:\/\/comite-civico.org\/?p=2165#article","isPartOf":{"@id":"https:\/\/comite-civico.org\/?p=2165"},"author":{"name":"comiteadmin","@id":"https:\/\/comite-civico.org\/#\/schema\/person\/eebdf569aa3565fa603cc9c5b53cea34"},"headline":"Balance positivo en la quinta edici\u00f3n de \u201cBuenaventura Corre por la Biodiversidad\u201d","datePublished":"2024-10-28T17:05:44+00:00","dateModified":"2024-10-28T17:19:46+00:00","mainEntityOfPage":{"@id":"https:\/\/comite-civico.org\/?p=2165"},"wordCount":374,"commentCount":0,"publisher":{"@id":"https:\/\/comite-civico.org\/#organization"},"image":{"@id":"https:\/\/comite-civico.org\/?p=2165#primaryimage"},"thumbnailUrl":"https:\/\/comite-civico.org\/wp-content\/uploads\/2024\/10\/DSC09891-scaled.jpg","keywords":["Buenaventura corre por la biodiversidad","Buenaventuracorre","MOVIMIENTO SOCIAL PARO CIVICO DE BUENAVENTURA"],"articleSection":["DEPORTE","Logros"],"inLanguage":"es-CO","potentialAction":[{"@type":"CommentAction","name":"Comment","target":["https:\/\/comite-civico.org\/?p=2165#respond"]}]},{"@type":"WebPage","@id":"https:\/\/comite-civico.org\/?p=2165","url":"https:\/\/comite-civico.org\/?p=2165","name":"Balance positivo en la quinta edici\u00f3n de \u201cBuenaventura Corre por la Biodiversidad\u201d - Movimiento Social Paro C\u00edvico de Buenaventura","isPartOf":{"@id":"https:\/\/comite-civico.org\/#website"},"primaryImageOfPage":{"@id":"https:\/\/comite-civico.org\/?p=2165#primaryimage"},"image":{"@id":"https:\/\/comite-civico.org\/?p=2165#primaryimage"},"thumbnailUrl":"https:\/\/comite-civico.org\/wp-content\/uploads\/2024\/10\/DSC09891-scaled.jpg","datePublished":"2024-10-28T17:05:44+00:00","dateModified":"2024-10-28T17:19:46+00:00","breadcrumb":{"@id":"https:\/\/comite-civico.org\/?p=2165#breadcrumb"},"inLanguage":"es-CO","potentialAction":[{"@type":"ReadAction","target":["https:\/\/comite-civico.org\/?p=2165"]}]},{"@type":"ImageObject","inLanguage":"es-CO","@id":"https:\/\/comite-civico.org\/?p=2165#primaryimage","url":"https:\/\/comite-civico.org\/wp-content\/uploads\/2024\/10\/DSC09891-scaled.jpg","contentUrl":"https:\/\/comite-civico.org\/wp-content\/uploads\/2024\/10\/DSC09891-scaled.jpg","width":2560,"height":1440},{"@type":"BreadcrumbList","@id":"https:\/\/comite-civico.org\/?p=2165#breadcrumb","itemListElement":[{"@type":"ListItem","position":1,"name":"Inicio","item":"https:\/\/comite-civico.org\/"},{"@type":"ListItem","position":2,"name":"Balance positivo en la quinta edici\u00f3n de \u201cBuenaventura Corre por la Biodiversidad\u201d"}]},{"@type":"WebSite","@id":"https:\/\/comite-civico.org\/#website","url":"https:\/\/comite-civico.org\/","name":"Movimiento Social Paro C\u00edvico de Buenaventura","description":"Movimiento Social Paro C\u00edvico de Buenaventura","publisher":{"@id":"https:\/\/comite-civico.org\/#organization"},"potentialAction":[{"@type":"SearchAction","target":{"@type":"EntryPoint","urlTemplate":"https:\/\/comite-civico.org\/?s={search_term_string}"},"query-input":{"@type":"PropertyValueSpecification","valueRequired":true,"valueName":"search_term_string"}}],"inLanguage":"es-CO"},{"@type":"Organization","@id":"https:\/\/comite-civico.org\/#organization","name":"Movimiento Social Paro C\u00edvico de Buenaventura","url":"https:\/\/comite-civico.org\/","logo":{"@type":"ImageObject","inLanguage":"es-CO","@id":"https:\/\/comite-civico.org\/#\/schema\/logo\/image\/","url":"https:\/\/comite-civico.org\/wp-content\/uploads\/2021\/03\/Logo-de-Movimiento-Blanco-scaled.png","contentUrl":"https:\/\/comite-civico.org\/wp-content\/uploads\/2021\/03\/Logo-de-Movimiento-Blanco-scaled.png","width":2560,"height":1810,"caption":"Movimiento Social Paro C\u00edvico de Buenaventura"},"image":{"@id":"https:\/\/comite-civico.org\/#\/schema\/logo\/image\/"}},{"@type":"Person","@id":"https:\/\/comite-civico.org\/#\/schema\/person\/eebdf569aa3565fa603cc9c5b53cea34","name":"comiteadmin","image":{"@type":"ImageObject","inLanguage":"es-CO","@id":"https:\/\/comite-civico.org\/#\/schema\/person\/image\/","url":"https:\/\/secure.gravatar.com\/avatar\/516fb540621996b28f565fdf033072d55dd3fe76896ef4af5250b5fec1b457fe?s=96&d=mm&r=g","contentUrl":"https:\/\/secure.gravatar.com\/avatar\/516fb540621996b28f565fdf033072d55dd3fe76896ef4af5250b5fec1b457fe?s=96&d=mm&r=g","caption":"comiteadmin"},"sameAs":["https:\/\/comite-civico.org\/"],"url":"https:\/\/comite-civico.org\/?author=1"}]}},"_links":{"self":[{"href":"https:\/\/comite-civico.org\/index.php?rest_route=\/wp\/v2\/posts\/2165","targetHints":{"allow":["GET"]}}],"collection":[{"href":"https:\/\/comite-civico.org\/index.php?rest_route=\/wp\/v2\/posts"}],"about":[{"href":"https:\/\/comite-civico.org\/index.php?rest_route=\/wp\/v2\/types\/post"}],"author":[{"embeddable":true,"href":"https:\/\/comite-civico.org\/index.php?rest_route=\/wp\/v2\/users\/1"}],"replies":[{"embeddable":true,"href":"https:\/\/comite-civico.org\/index.php?rest_route=%2Fwp%2Fv2%2Fcomments&post=2165"}],"version-history":[{"count":3,"href":"https:\/\/comite-civico.org\/index.php?rest_route=\/wp\/v2\/posts\/2165\/revisions"}],"predecessor-version":[{"id":2169,"href":"https:\/\/comite-civico.org\/index.php?rest_route=\/wp\/v2\/posts\/2165\/revisions\/2169"}],"wp:featuredmedia":[{"embeddable":true,"href":"https:\/\/comite-civico.org\/index.php?rest_route=\/wp\/v2\/media\/2162"}],"wp:attachment":[{"href":"https:\/\/comite-civico.org\/index.php?rest_route=%2Fwp%2Fv2%2Fmedia&parent=2165"}],"wp:term":[{"taxonomy":"category","embeddable":true,"href":"https:\/\/comite-civico.org\/index.php?rest_route=%2Fwp%2Fv2%2Fcategories&post=2165"},{"taxonomy":"post_tag","embeddable":true,"href":"https:\/\/comite-civico.org\/index.php?rest_route=%2Fwp%2Fv2%2Ftags&post=2165"}],"curies":[{"name":"wp","href":"https:\/\/api.w.org\/{rel}","templated":true}]}}