{"id":2146,"date":"2024-10-25T14:51:02","date_gmt":"2024-10-25T19:51:02","guid":{"rendered":"http:\/\/comite-civico.org\/?p=2146"},"modified":"2024-10-25T14:51:03","modified_gmt":"2024-10-25T19:51:03","slug":"entrega-del-polideportivo-ecosport-san-antonio","status":"publish","type":"post","link":"https:\/\/comite-civico.org\/?p=2146","title":{"rendered":"Entrega del Polideportivo Ecosport San Antonio\u201d"},"content":{"rendered":"\n<p>En el Marco de la Mesa Tem\u00e1tica de Territorio, Vivienda e Infraestructura, el Ministerio de Vivienda, Ciudad y Territorio, el Comit\u00e9 Ejecutivo del Movimiento Social Paro C\u00edvico \u201cPara Vivir con Dignidad y en Paz en el Territorio\u201d, la Alcald\u00eda Distrital, la Veedur\u00eda y la junta de acci\u00f3n comunal de la ciudadela San Antonio, se har\u00e1 entrega del Polideportivo \u201cEcosport San Antonio\u201d en la ciudadela de San Antonio primera etapa, el pr\u00f3ximo marte 29 de octubre del 2024.<\/p>\n\n\n\n<figure class=\"wp-block-image size-large\"><img fetchpriority=\"high\" decoding=\"async\" width=\"1024\" height=\"576\" src=\"http:\/\/comite-civico.org\/wp-content\/uploads\/2024\/10\/5139073221731026098-frame-at-0m5s-1024x576.jpg\" alt=\"\" class=\"wp-image-2148\" srcset=\"https:\/\/comite-civico.org\/wp-content\/uploads\/2024\/10\/5139073221731026098-frame-at-0m5s-1024x576.jpg 1024w, https:\/\/comite-civico.org\/wp-content\/uploads\/2024\/10\/5139073221731026098-frame-at-0m5s-300x169.jpg 300w, https:\/\/comite-civico.org\/wp-content\/uploads\/2024\/10\/5139073221731026098-frame-at-0m5s-768x432.jpg 768w, https:\/\/comite-civico.org\/wp-content\/uploads\/2024\/10\/5139073221731026098-frame-at-0m5s.jpg 1280w\" sizes=\"(max-width: 1024px) 100vw, 1024px\" \/><\/figure>\n\n\n\n<p>Despu\u00e9s de 5 a\u00f1os de discusiones por la reivindicaci\u00f3n de los derechos recreativos, deportivos y culturales, en un esfuerzo mancomunado, se logra terminar esta obra con una alta participaci\u00f3n ciudadana donde prim\u00f3 el bienestar colectivo y no el individual.<\/p>\n\n\n\n<p><\/p>\n","protected":false},"excerpt":{"rendered":"<p>En el Marco de la Mesa Tem\u00e1tica de Territorio, Vivienda e Infraestructura, el Ministerio de Vivienda, Ciudad y Territorio, el Comit\u00e9 Ejecutivo del Movimiento Social Paro C\u00edvico \u201cPara Vivir con Dignidad y en Paz en el Territorio\u201d, la Alcald\u00eda Distrital, la Veedur\u00eda y la junta de acci\u00f3n comunal de la ciudadela San Antonio, se har\u00e1 &#8230; <a title=\"Entrega del Polideportivo Ecosport San Antonio\u201d\" class=\"read-more\" href=\"https:\/\/comite-civico.org\/?p=2146\" aria-label=\"Read more about Entrega del Polideportivo Ecosport San Antonio\u201d\">Leer m\u00e1s<\/a><\/p>\n","protected":false},"author":1,"featured_media":2147,"comment_status":"open","ping_status":"open","sticky":false,"template":"","format":"standard","meta":{"footnotes":""},"categories":[36,24,16],"tags":[44,57],"class_list":["post-2146","post","type-post","status-publish","format-standard","has-post-thumbnail","hentry","category-cultura","category-deporte","category-logros","tag-movimiento-social-paro-civico","tag-polideportivo-san-antonio"],"acf":[],"yoast_head":"<!-- This site is optimized with the Yoast SEO plugin v25.0 - https:\/\/yoast.com\/wordpress\/plugins\/seo\/ -->\n<title>Entrega del Polideportivo Ecosport San Antonio\u201d - Movimiento Social Paro C\u00edvico de Buenaventura<\/title>\n<meta name=\"robots\" content=\"index, follow, max-snippet:-1, max-image-preview:large, max-video-preview:-1\" \/>\n<link rel=\"canonical\" href=\"https:\/\/comite-civico.org\/?p=2146\" \/>\n<meta property=\"og:locale\" content=\"es_ES\" \/>\n<meta property=\"og:type\" content=\"article\" \/>\n<meta property=\"og:title\" content=\"Entrega del Polideportivo Ecosport San Antonio\u201d - Movimiento Social Paro C\u00edvico de Buenaventura\" \/>\n<meta property=\"og:description\" content=\"En el Marco de la Mesa Tem\u00e1tica de Territorio, Vivienda e Infraestructura, el Ministerio de Vivienda, Ciudad y Territorio, el Comit\u00e9 Ejecutivo del Movimiento Social Paro C\u00edvico \u201cPara Vivir con Dignidad y en Paz en el Territorio\u201d, la Alcald\u00eda Distrital, la Veedur\u00eda y la junta de acci\u00f3n comunal de la ciudadela San Antonio, se har\u00e1 ... Leer m\u00e1s\" \/>\n<meta property=\"og:url\" content=\"https:\/\/comite-civico.org\/?p=2146\" \/>\n<meta property=\"og:site_name\" content=\"Movimiento Social Paro C\u00edvico de Buenaventura\" \/>\n<meta property=\"article:published_time\" content=\"2024-10-25T19:51:02+00:00\" \/>\n<meta property=\"article:modified_time\" content=\"2024-10-25T19:51:03+00:00\" \/>\n<meta property=\"og:image\" content=\"http:\/\/comite-civico.org\/wp-content\/uploads\/2024\/10\/Polideportivo-San-Antonio-1024x1024.png\" \/>\n\t<meta property=\"og:image:width\" content=\"1024\" \/>\n\t<meta property=\"og:image:height\" content=\"1024\" \/>\n\t<meta property=\"og:image:type\" content=\"image\/png\" \/>\n<meta name=\"author\" content=\"comiteadmin\" \/>\n<meta name=\"twitter:card\" content=\"summary_large_image\" \/>\n<meta name=\"twitter:label1\" content=\"Escrito por\" \/>\n\t<meta name=\"twitter:data1\" content=\"comiteadmin\" \/>\n\t<meta name=\"twitter:label2\" content=\"Tiempo de lectura\" \/>\n\t<meta name=\"twitter:data2\" content=\"1 minuto\" \/>\n<script type=\"application\/ld+json\" class=\"yoast-schema-graph\">{\"@context\":\"https:\/\/schema.org\",\"@graph\":[{\"@type\":\"Article\",\"@id\":\"https:\/\/comite-civico.org\/?p=2146#article\",\"isPartOf\":{\"@id\":\"https:\/\/comite-civico.org\/?p=2146\"},\"author\":{\"name\":\"comiteadmin\",\"@id\":\"https:\/\/comite-civico.org\/#\/schema\/person\/eebdf569aa3565fa603cc9c5b53cea34\"},\"headline\":\"Entrega del Polideportivo Ecosport San Antonio\u201d\",\"datePublished\":\"2024-10-25T19:51:02+00:00\",\"dateModified\":\"2024-10-25T19:51:03+00:00\",\"mainEntityOfPage\":{\"@id\":\"https:\/\/comite-civico.org\/?p=2146\"},\"wordCount\":129,\"commentCount\":0,\"publisher\":{\"@id\":\"https:\/\/comite-civico.org\/#organization\"},\"image\":{\"@id\":\"https:\/\/comite-civico.org\/?p=2146#primaryimage\"},\"thumbnailUrl\":\"https:\/\/comite-civico.org\/wp-content\/uploads\/2024\/10\/Polideportivo-San-Antonio.png\",\"keywords\":[\"Movimiento social paro civico\",\"Polideportivo San Antonio\"],\"articleSection\":[\"Cultura\",\"DEPORTE\",\"Logros\"],\"inLanguage\":\"es-CO\",\"potentialAction\":[{\"@type\":\"CommentAction\",\"name\":\"Comment\",\"target\":[\"https:\/\/comite-civico.org\/?p=2146#respond\"]}]},{\"@type\":\"WebPage\",\"@id\":\"https:\/\/comite-civico.org\/?p=2146\",\"url\":\"https:\/\/comite-civico.org\/?p=2146\",\"name\":\"Entrega del Polideportivo Ecosport San Antonio\u201d - Movimiento Social Paro C\u00edvico de Buenaventura\",\"isPartOf\":{\"@id\":\"https:\/\/comite-civico.org\/#website\"},\"primaryImageOfPage\":{\"@id\":\"https:\/\/comite-civico.org\/?p=2146#primaryimage\"},\"image\":{\"@id\":\"https:\/\/comite-civico.org\/?p=2146#primaryimage\"},\"thumbnailUrl\":\"https:\/\/comite-civico.org\/wp-content\/uploads\/2024\/10\/Polideportivo-San-Antonio.png\",\"datePublished\":\"2024-10-25T19:51:02+00:00\",\"dateModified\":\"2024-10-25T19:51:03+00:00\",\"breadcrumb\":{\"@id\":\"https:\/\/comite-civico.org\/?p=2146#breadcrumb\"},\"inLanguage\":\"es-CO\",\"potentialAction\":[{\"@type\":\"ReadAction\",\"target\":[\"https:\/\/comite-civico.org\/?p=2146\"]}]},{\"@type\":\"ImageObject\",\"inLanguage\":\"es-CO\",\"@id\":\"https:\/\/comite-civico.org\/?p=2146#primaryimage\",\"url\":\"https:\/\/comite-civico.org\/wp-content\/uploads\/2024\/10\/Polideportivo-San-Antonio.png\",\"contentUrl\":\"https:\/\/comite-civico.org\/wp-content\/uploads\/2024\/10\/Polideportivo-San-Antonio.png\",\"width\":4000,\"height\":4000},{\"@type\":\"BreadcrumbList\",\"@id\":\"https:\/\/comite-civico.org\/?p=2146#breadcrumb\",\"itemListElement\":[{\"@type\":\"ListItem\",\"position\":1,\"name\":\"Inicio\",\"item\":\"https:\/\/comite-civico.org\/\"},{\"@type\":\"ListItem\",\"position\":2,\"name\":\"Entrega del Polideportivo Ecosport San Antonio\u201d\"}]},{\"@type\":\"WebSite\",\"@id\":\"https:\/\/comite-civico.org\/#website\",\"url\":\"https:\/\/comite-civico.org\/\",\"name\":\"Movimiento Social Paro C\u00edvico de Buenaventura\",\"description\":\"Movimiento Social Paro C\u00edvico de Buenaventura\",\"publisher\":{\"@id\":\"https:\/\/comite-civico.org\/#organization\"},\"potentialAction\":[{\"@type\":\"SearchAction\",\"target\":{\"@type\":\"EntryPoint\",\"urlTemplate\":\"https:\/\/comite-civico.org\/?s={search_term_string}\"},\"query-input\":{\"@type\":\"PropertyValueSpecification\",\"valueRequired\":true,\"valueName\":\"search_term_string\"}}],\"inLanguage\":\"es-CO\"},{\"@type\":\"Organization\",\"@id\":\"https:\/\/comite-civico.org\/#organization\",\"name\":\"Movimiento Social Paro C\u00edvico de Buenaventura\",\"url\":\"https:\/\/comite-civico.org\/\",\"logo\":{\"@type\":\"ImageObject\",\"inLanguage\":\"es-CO\",\"@id\":\"https:\/\/comite-civico.org\/#\/schema\/logo\/image\/\",\"url\":\"https:\/\/comite-civico.org\/wp-content\/uploads\/2021\/03\/Logo-de-Movimiento-Blanco-scaled.png\",\"contentUrl\":\"https:\/\/comite-civico.org\/wp-content\/uploads\/2021\/03\/Logo-de-Movimiento-Blanco-scaled.png\",\"width\":2560,\"height\":1810,\"caption\":\"Movimiento Social Paro C\u00edvico de Buenaventura\"},\"image\":{\"@id\":\"https:\/\/comite-civico.org\/#\/schema\/logo\/image\/\"}},{\"@type\":\"Person\",\"@id\":\"https:\/\/comite-civico.org\/#\/schema\/person\/eebdf569aa3565fa603cc9c5b53cea34\",\"name\":\"comiteadmin\",\"image\":{\"@type\":\"ImageObject\",\"inLanguage\":\"es-CO\",\"@id\":\"https:\/\/comite-civico.org\/#\/schema\/person\/image\/\",\"url\":\"https:\/\/secure.gravatar.com\/avatar\/516fb540621996b28f565fdf033072d55dd3fe76896ef4af5250b5fec1b457fe?s=96&d=mm&r=g\",\"contentUrl\":\"https:\/\/secure.gravatar.com\/avatar\/516fb540621996b28f565fdf033072d55dd3fe76896ef4af5250b5fec1b457fe?s=96&d=mm&r=g\",\"caption\":\"comiteadmin\"},\"sameAs\":[\"https:\/\/comite-civico.org\/\"],\"url\":\"https:\/\/comite-civico.org\/?author=1\"}]}<\/script>\n<!-- \/ Yoast SEO plugin. -->","yoast_head_json":{"title":"Entrega del Polideportivo Ecosport San Antonio\u201d - Movimiento Social Paro C\u00edvico de Buenaventura","robots":{"index":"index","follow":"follow","max-snippet":"max-snippet:-1","max-image-preview":"max-image-preview:large","max-video-preview":"max-video-preview:-1"},"canonical":"https:\/\/comite-civico.org\/?p=2146","og_locale":"es_ES","og_type":"article","og_title":"Entrega del Polideportivo Ecosport San Antonio\u201d - Movimiento Social Paro C\u00edvico de Buenaventura","og_description":"En el Marco de la Mesa Tem\u00e1tica de Territorio, Vivienda e Infraestructura, el Ministerio de Vivienda, Ciudad y Territorio, el Comit\u00e9 Ejecutivo del Movimiento Social Paro C\u00edvico \u201cPara Vivir con Dignidad y en Paz en el Territorio\u201d, la Alcald\u00eda Distrital, la Veedur\u00eda y la junta de acci\u00f3n comunal de la ciudadela San Antonio, se har\u00e1 ... Leer m\u00e1s","og_url":"https:\/\/comite-civico.org\/?p=2146","og_site_name":"Movimiento Social Paro C\u00edvico de Buenaventura","article_published_time":"2024-10-25T19:51:02+00:00","article_modified_time":"2024-10-25T19:51:03+00:00","og_image":[{"width":1024,"height":1024,"url":"http:\/\/comite-civico.org\/wp-content\/uploads\/2024\/10\/Polideportivo-San-Antonio-1024x1024.png","type":"image\/png"}],"author":"comiteadmin","twitter_card":"summary_large_image","twitter_misc":{"Escrito por":"comiteadmin","Tiempo de lectura":"1 minuto"},"schema":{"@context":"https:\/\/schema.org","@graph":[{"@type":"Article","@id":"https:\/\/comite-civico.org\/?p=2146#article","isPartOf":{"@id":"https:\/\/comite-civico.org\/?p=2146"},"author":{"name":"comiteadmin","@id":"https:\/\/comite-civico.org\/#\/schema\/person\/eebdf569aa3565fa603cc9c5b53cea34"},"headline":"Entrega del Polideportivo Ecosport San Antonio\u201d","datePublished":"2024-10-25T19:51:02+00:00","dateModified":"2024-10-25T19:51:03+00:00","mainEntityOfPage":{"@id":"https:\/\/comite-civico.org\/?p=2146"},"wordCount":129,"commentCount":0,"publisher":{"@id":"https:\/\/comite-civico.org\/#organization"},"image":{"@id":"https:\/\/comite-civico.org\/?p=2146#primaryimage"},"thumbnailUrl":"https:\/\/comite-civico.org\/wp-content\/uploads\/2024\/10\/Polideportivo-San-Antonio.png","keywords":["Movimiento social paro civico","Polideportivo San Antonio"],"articleSection":["Cultura","DEPORTE","Logros"],"inLanguage":"es-CO","potentialAction":[{"@type":"CommentAction","name":"Comment","target":["https:\/\/comite-civico.org\/?p=2146#respond"]}]},{"@type":"WebPage","@id":"https:\/\/comite-civico.org\/?p=2146","url":"https:\/\/comite-civico.org\/?p=2146","name":"Entrega del Polideportivo Ecosport San Antonio\u201d - Movimiento Social Paro C\u00edvico de Buenaventura","isPartOf":{"@id":"https:\/\/comite-civico.org\/#website"},"primaryImageOfPage":{"@id":"https:\/\/comite-civico.org\/?p=2146#primaryimage"},"image":{"@id":"https:\/\/comite-civico.org\/?p=2146#primaryimage"},"thumbnailUrl":"https:\/\/comite-civico.org\/wp-content\/uploads\/2024\/10\/Polideportivo-San-Antonio.png","datePublished":"2024-10-25T19:51:02+00:00","dateModified":"2024-10-25T19:51:03+00:00","breadcrumb":{"@id":"https:\/\/comite-civico.org\/?p=2146#breadcrumb"},"inLanguage":"es-CO","potentialAction":[{"@type":"ReadAction","target":["https:\/\/comite-civico.org\/?p=2146"]}]},{"@type":"ImageObject","inLanguage":"es-CO","@id":"https:\/\/comite-civico.org\/?p=2146#primaryimage","url":"https:\/\/comite-civico.org\/wp-content\/uploads\/2024\/10\/Polideportivo-San-Antonio.png","contentUrl":"https:\/\/comite-civico.org\/wp-content\/uploads\/2024\/10\/Polideportivo-San-Antonio.png","width":4000,"height":4000},{"@type":"BreadcrumbList","@id":"https:\/\/comite-civico.org\/?p=2146#breadcrumb","itemListElement":[{"@type":"ListItem","position":1,"name":"Inicio","item":"https:\/\/comite-civico.org\/"},{"@type":"ListItem","position":2,"name":"Entrega del Polideportivo Ecosport San Antonio\u201d"}]},{"@type":"WebSite","@id":"https:\/\/comite-civico.org\/#website","url":"https:\/\/comite-civico.org\/","name":"Movimiento Social Paro C\u00edvico de Buenaventura","description":"Movimiento Social Paro C\u00edvico de Buenaventura","publisher":{"@id":"https:\/\/comite-civico.org\/#organization"},"potentialAction":[{"@type":"SearchAction","target":{"@type":"EntryPoint","urlTemplate":"https:\/\/comite-civico.org\/?s={search_term_string}"},"query-input":{"@type":"PropertyValueSpecification","valueRequired":true,"valueName":"search_term_string"}}],"inLanguage":"es-CO"},{"@type":"Organization","@id":"https:\/\/comite-civico.org\/#organization","name":"Movimiento Social Paro C\u00edvico de Buenaventura","url":"https:\/\/comite-civico.org\/","logo":{"@type":"ImageObject","inLanguage":"es-CO","@id":"https:\/\/comite-civico.org\/#\/schema\/logo\/image\/","url":"https:\/\/comite-civico.org\/wp-content\/uploads\/2021\/03\/Logo-de-Movimiento-Blanco-scaled.png","contentUrl":"https:\/\/comite-civico.org\/wp-content\/uploads\/2021\/03\/Logo-de-Movimiento-Blanco-scaled.png","width":2560,"height":1810,"caption":"Movimiento Social Paro C\u00edvico de Buenaventura"},"image":{"@id":"https:\/\/comite-civico.org\/#\/schema\/logo\/image\/"}},{"@type":"Person","@id":"https:\/\/comite-civico.org\/#\/schema\/person\/eebdf569aa3565fa603cc9c5b53cea34","name":"comiteadmin","image":{"@type":"ImageObject","inLanguage":"es-CO","@id":"https:\/\/comite-civico.org\/#\/schema\/person\/image\/","url":"https:\/\/secure.gravatar.com\/avatar\/516fb540621996b28f565fdf033072d55dd3fe76896ef4af5250b5fec1b457fe?s=96&d=mm&r=g","contentUrl":"https:\/\/secure.gravatar.com\/avatar\/516fb540621996b28f565fdf033072d55dd3fe76896ef4af5250b5fec1b457fe?s=96&d=mm&r=g","caption":"comiteadmin"},"sameAs":["https:\/\/comite-civico.org\/"],"url":"https:\/\/comite-civico.org\/?author=1"}]}},"_links":{"self":[{"href":"https:\/\/comite-civico.org\/index.php?rest_route=\/wp\/v2\/posts\/2146","targetHints":{"allow":["GET"]}}],"collection":[{"href":"https:\/\/comite-civico.org\/index.php?rest_route=\/wp\/v2\/posts"}],"about":[{"href":"https:\/\/comite-civico.org\/index.php?rest_route=\/wp\/v2\/types\/post"}],"author":[{"embeddable":true,"href":"https:\/\/comite-civico.org\/index.php?rest_route=\/wp\/v2\/users\/1"}],"replies":[{"embeddable":true,"href":"https:\/\/comite-civico.org\/index.php?rest_route=%2Fwp%2Fv2%2Fcomments&post=2146"}],"version-history":[{"count":1,"href":"https:\/\/comite-civico.org\/index.php?rest_route=\/wp\/v2\/posts\/2146\/revisions"}],"predecessor-version":[{"id":2149,"href":"https:\/\/comite-civico.org\/index.php?rest_route=\/wp\/v2\/posts\/2146\/revisions\/2149"}],"wp:featuredmedia":[{"embeddable":true,"href":"https:\/\/comite-civico.org\/index.php?rest_route=\/wp\/v2\/media\/2147"}],"wp:attachment":[{"href":"https:\/\/comite-civico.org\/index.php?rest_route=%2Fwp%2Fv2%2Fmedia&parent=2146"}],"wp:term":[{"taxonomy":"category","embeddable":true,"href":"https:\/\/comite-civico.org\/index.php?rest_route=%2Fwp%2Fv2%2Fcategories&post=2146"},{"taxonomy":"post_tag","embeddable":true,"href":"https:\/\/comite-civico.org\/index.php?rest_route=%2Fwp%2Fv2%2Ftags&post=2146"}],"curies":[{"name":"wp","href":"https:\/\/api.w.org\/{rel}","templated":true}]}}