{"id":2013,"date":"2024-10-19T10:32:47","date_gmt":"2024-10-19T15:32:47","guid":{"rendered":"http:\/\/comite-civico.org\/?p=2013"},"modified":"2024-10-19T10:59:26","modified_gmt":"2024-10-19T15:59:26","slug":"vuelve-buenaventura-corre-con-su-nueva-version-buenaventura-corre-por-la-biodiversidad","status":"publish","type":"post","link":"https:\/\/comite-civico.org\/?p=2013","title":{"rendered":"\u00a1Vuelve Buenaventura Corre!"},"content":{"rendered":"\n<p>Invitamos a toda la comunidad bonaverense a ser parte de este evento que une deporte y conciencia ambiental. Corre por tu salud, por el entorno y por nuestra riqueza natural. \u00a1No te quedes fuera! Inscr\u00edbete ahora en el enlace que encontrar\u00e1s a continuaci\u00f3n.<\/p>\n\n\n\n<p>Link de la Inscripci\u00f3n:  <a href=\"https:\/\/www.spikessystem.com\/eventos\/carrera-buenaventura\/\">https:\/\/www.spikessystem.com\/eventos\/carrera-buenaventura\/<\/a><\/p>\n\n\n\n<p><\/p>\n","protected":false},"excerpt":{"rendered":"<p>Invitamos a toda la comunidad bonaverense a ser parte de este evento que une deporte y conciencia ambiental. Corre por tu salud, por el entorno y por nuestra riqueza natural. \u00a1No te quedes fuera! Inscr\u00edbete ahora en el enlace que encontrar\u00e1s a continuaci\u00f3n. Link de la Inscripci\u00f3n: https:\/\/www.spikessystem.com\/eventos\/carrera-buenaventura\/<\/p>\n","protected":false},"author":1,"featured_media":2014,"comment_status":"open","ping_status":"open","sticky":false,"template":"","format":"standard","meta":{"footnotes":""},"categories":[24,16],"tags":[56,55,53],"class_list":["post-2013","post","type-post","status-publish","format-standard","has-post-thumbnail","hentry","category-deporte","category-logros","tag-buenaventura-corre-por-la-biodiversidad","tag-buenaventuracorre","tag-movimiento-social-paro-civico-de-buenaventura"],"acf":[],"yoast_head":"<!-- This site is optimized with the Yoast SEO plugin v25.0 - https:\/\/yoast.com\/wordpress\/plugins\/seo\/ -->\n<title>\u00a1Vuelve Buenaventura Corre! - Movimiento Social Paro C\u00edvico de Buenaventura<\/title>\n<meta name=\"robots\" content=\"index, follow, max-snippet:-1, max-image-preview:large, max-video-preview:-1\" \/>\n<link rel=\"canonical\" href=\"https:\/\/comite-civico.org\/?p=2013\" \/>\n<meta property=\"og:locale\" content=\"es_ES\" \/>\n<meta property=\"og:type\" content=\"article\" \/>\n<meta property=\"og:title\" content=\"\u00a1Vuelve Buenaventura Corre! - Movimiento Social Paro C\u00edvico de Buenaventura\" \/>\n<meta property=\"og:description\" content=\"Invitamos a toda la comunidad bonaverense a ser parte de este evento que une deporte y conciencia ambiental. Corre por tu salud, por el entorno y por nuestra riqueza natural. \u00a1No te quedes fuera! Inscr\u00edbete ahora en el enlace que encontrar\u00e1s a continuaci\u00f3n. Link de la Inscripci\u00f3n: https:\/\/www.spikessystem.com\/eventos\/carrera-buenaventura\/\" \/>\n<meta property=\"og:url\" content=\"https:\/\/comite-civico.org\/?p=2013\" \/>\n<meta property=\"og:site_name\" content=\"Movimiento Social Paro C\u00edvico de Buenaventura\" \/>\n<meta property=\"article:published_time\" content=\"2024-10-19T15:32:47+00:00\" \/>\n<meta property=\"article:modified_time\" content=\"2024-10-19T15:59:26+00:00\" \/>\n<meta property=\"og:image\" content=\"http:\/\/comite-civico.org\/wp-content\/uploads\/2024\/10\/Parrilla-Buenaventura-corre-2024-01.png\" \/>\n\t<meta property=\"og:image:width\" content=\"1080\" \/>\n\t<meta property=\"og:image:height\" content=\"1350\" \/>\n\t<meta property=\"og:image:type\" content=\"image\/png\" \/>\n<meta name=\"author\" content=\"comiteadmin\" \/>\n<meta name=\"twitter:card\" content=\"summary_large_image\" \/>\n<meta name=\"twitter:label1\" content=\"Escrito por\" \/>\n\t<meta name=\"twitter:data1\" content=\"comiteadmin\" \/>\n\t<meta name=\"twitter:label2\" content=\"Tiempo de lectura\" \/>\n\t<meta name=\"twitter:data2\" content=\"1 minuto\" \/>\n<script type=\"application\/ld+json\" class=\"yoast-schema-graph\">{\"@context\":\"https:\/\/schema.org\",\"@graph\":[{\"@type\":\"Article\",\"@id\":\"https:\/\/comite-civico.org\/?p=2013#article\",\"isPartOf\":{\"@id\":\"https:\/\/comite-civico.org\/?p=2013\"},\"author\":{\"name\":\"comiteadmin\",\"@id\":\"https:\/\/comite-civico.org\/#\/schema\/person\/eebdf569aa3565fa603cc9c5b53cea34\"},\"headline\":\"\u00a1Vuelve Buenaventura Corre!\",\"datePublished\":\"2024-10-19T15:32:47+00:00\",\"dateModified\":\"2024-10-19T15:59:26+00:00\",\"mainEntityOfPage\":{\"@id\":\"https:\/\/comite-civico.org\/?p=2013\"},\"wordCount\":60,\"commentCount\":0,\"publisher\":{\"@id\":\"https:\/\/comite-civico.org\/#organization\"},\"image\":{\"@id\":\"https:\/\/comite-civico.org\/?p=2013#primaryimage\"},\"thumbnailUrl\":\"https:\/\/comite-civico.org\/wp-content\/uploads\/2024\/10\/Parrilla-Buenaventura-corre-2024-01.png\",\"keywords\":[\"Buenaventura corre por la biodiversidad\",\"Buenaventuracorre\",\"MOVIMIENTO SOCIAL PARO CIVICO DE BUENAVENTURA\"],\"articleSection\":[\"DEPORTE\",\"Logros\"],\"inLanguage\":\"es-CO\",\"potentialAction\":[{\"@type\":\"CommentAction\",\"name\":\"Comment\",\"target\":[\"https:\/\/comite-civico.org\/?p=2013#respond\"]}]},{\"@type\":\"WebPage\",\"@id\":\"https:\/\/comite-civico.org\/?p=2013\",\"url\":\"https:\/\/comite-civico.org\/?p=2013\",\"name\":\"\u00a1Vuelve Buenaventura Corre! - Movimiento Social Paro C\u00edvico de Buenaventura\",\"isPartOf\":{\"@id\":\"https:\/\/comite-civico.org\/#website\"},\"primaryImageOfPage\":{\"@id\":\"https:\/\/comite-civico.org\/?p=2013#primaryimage\"},\"image\":{\"@id\":\"https:\/\/comite-civico.org\/?p=2013#primaryimage\"},\"thumbnailUrl\":\"https:\/\/comite-civico.org\/wp-content\/uploads\/2024\/10\/Parrilla-Buenaventura-corre-2024-01.png\",\"datePublished\":\"2024-10-19T15:32:47+00:00\",\"dateModified\":\"2024-10-19T15:59:26+00:00\",\"breadcrumb\":{\"@id\":\"https:\/\/comite-civico.org\/?p=2013#breadcrumb\"},\"inLanguage\":\"es-CO\",\"potentialAction\":[{\"@type\":\"ReadAction\",\"target\":[\"https:\/\/comite-civico.org\/?p=2013\"]}]},{\"@type\":\"ImageObject\",\"inLanguage\":\"es-CO\",\"@id\":\"https:\/\/comite-civico.org\/?p=2013#primaryimage\",\"url\":\"https:\/\/comite-civico.org\/wp-content\/uploads\/2024\/10\/Parrilla-Buenaventura-corre-2024-01.png\",\"contentUrl\":\"https:\/\/comite-civico.org\/wp-content\/uploads\/2024\/10\/Parrilla-Buenaventura-corre-2024-01.png\",\"width\":1080,\"height\":1350},{\"@type\":\"BreadcrumbList\",\"@id\":\"https:\/\/comite-civico.org\/?p=2013#breadcrumb\",\"itemListElement\":[{\"@type\":\"ListItem\",\"position\":1,\"name\":\"Inicio\",\"item\":\"https:\/\/comite-civico.org\/\"},{\"@type\":\"ListItem\",\"position\":2,\"name\":\"\u00a1Vuelve Buenaventura Corre!\"}]},{\"@type\":\"WebSite\",\"@id\":\"https:\/\/comite-civico.org\/#website\",\"url\":\"https:\/\/comite-civico.org\/\",\"name\":\"Movimiento Social Paro C\u00edvico de Buenaventura\",\"description\":\"Movimiento Social Paro C\u00edvico de Buenaventura\",\"publisher\":{\"@id\":\"https:\/\/comite-civico.org\/#organization\"},\"potentialAction\":[{\"@type\":\"SearchAction\",\"target\":{\"@type\":\"EntryPoint\",\"urlTemplate\":\"https:\/\/comite-civico.org\/?s={search_term_string}\"},\"query-input\":{\"@type\":\"PropertyValueSpecification\",\"valueRequired\":true,\"valueName\":\"search_term_string\"}}],\"inLanguage\":\"es-CO\"},{\"@type\":\"Organization\",\"@id\":\"https:\/\/comite-civico.org\/#organization\",\"name\":\"Movimiento Social Paro C\u00edvico de Buenaventura\",\"url\":\"https:\/\/comite-civico.org\/\",\"logo\":{\"@type\":\"ImageObject\",\"inLanguage\":\"es-CO\",\"@id\":\"https:\/\/comite-civico.org\/#\/schema\/logo\/image\/\",\"url\":\"https:\/\/comite-civico.org\/wp-content\/uploads\/2021\/03\/Logo-de-Movimiento-Blanco-scaled.png\",\"contentUrl\":\"https:\/\/comite-civico.org\/wp-content\/uploads\/2021\/03\/Logo-de-Movimiento-Blanco-scaled.png\",\"width\":2560,\"height\":1810,\"caption\":\"Movimiento Social Paro C\u00edvico de Buenaventura\"},\"image\":{\"@id\":\"https:\/\/comite-civico.org\/#\/schema\/logo\/image\/\"}},{\"@type\":\"Person\",\"@id\":\"https:\/\/comite-civico.org\/#\/schema\/person\/eebdf569aa3565fa603cc9c5b53cea34\",\"name\":\"comiteadmin\",\"image\":{\"@type\":\"ImageObject\",\"inLanguage\":\"es-CO\",\"@id\":\"https:\/\/comite-civico.org\/#\/schema\/person\/image\/\",\"url\":\"https:\/\/secure.gravatar.com\/avatar\/516fb540621996b28f565fdf033072d55dd3fe76896ef4af5250b5fec1b457fe?s=96&d=mm&r=g\",\"contentUrl\":\"https:\/\/secure.gravatar.com\/avatar\/516fb540621996b28f565fdf033072d55dd3fe76896ef4af5250b5fec1b457fe?s=96&d=mm&r=g\",\"caption\":\"comiteadmin\"},\"sameAs\":[\"https:\/\/comite-civico.org\/\"],\"url\":\"https:\/\/comite-civico.org\/?author=1\"}]}<\/script>\n<!-- \/ Yoast SEO plugin. -->","yoast_head_json":{"title":"\u00a1Vuelve Buenaventura Corre! - Movimiento Social Paro C\u00edvico de Buenaventura","robots":{"index":"index","follow":"follow","max-snippet":"max-snippet:-1","max-image-preview":"max-image-preview:large","max-video-preview":"max-video-preview:-1"},"canonical":"https:\/\/comite-civico.org\/?p=2013","og_locale":"es_ES","og_type":"article","og_title":"\u00a1Vuelve Buenaventura Corre! - Movimiento Social Paro C\u00edvico de Buenaventura","og_description":"Invitamos a toda la comunidad bonaverense a ser parte de este evento que une deporte y conciencia ambiental. Corre por tu salud, por el entorno y por nuestra riqueza natural. \u00a1No te quedes fuera! Inscr\u00edbete ahora en el enlace que encontrar\u00e1s a continuaci\u00f3n. Link de la Inscripci\u00f3n: https:\/\/www.spikessystem.com\/eventos\/carrera-buenaventura\/","og_url":"https:\/\/comite-civico.org\/?p=2013","og_site_name":"Movimiento Social Paro C\u00edvico de Buenaventura","article_published_time":"2024-10-19T15:32:47+00:00","article_modified_time":"2024-10-19T15:59:26+00:00","og_image":[{"width":1080,"height":1350,"url":"http:\/\/comite-civico.org\/wp-content\/uploads\/2024\/10\/Parrilla-Buenaventura-corre-2024-01.png","type":"image\/png"}],"author":"comiteadmin","twitter_card":"summary_large_image","twitter_misc":{"Escrito por":"comiteadmin","Tiempo de lectura":"1 minuto"},"schema":{"@context":"https:\/\/schema.org","@graph":[{"@type":"Article","@id":"https:\/\/comite-civico.org\/?p=2013#article","isPartOf":{"@id":"https:\/\/comite-civico.org\/?p=2013"},"author":{"name":"comiteadmin","@id":"https:\/\/comite-civico.org\/#\/schema\/person\/eebdf569aa3565fa603cc9c5b53cea34"},"headline":"\u00a1Vuelve Buenaventura Corre!","datePublished":"2024-10-19T15:32:47+00:00","dateModified":"2024-10-19T15:59:26+00:00","mainEntityOfPage":{"@id":"https:\/\/comite-civico.org\/?p=2013"},"wordCount":60,"commentCount":0,"publisher":{"@id":"https:\/\/comite-civico.org\/#organization"},"image":{"@id":"https:\/\/comite-civico.org\/?p=2013#primaryimage"},"thumbnailUrl":"https:\/\/comite-civico.org\/wp-content\/uploads\/2024\/10\/Parrilla-Buenaventura-corre-2024-01.png","keywords":["Buenaventura corre por la biodiversidad","Buenaventuracorre","MOVIMIENTO SOCIAL PARO CIVICO DE BUENAVENTURA"],"articleSection":["DEPORTE","Logros"],"inLanguage":"es-CO","potentialAction":[{"@type":"CommentAction","name":"Comment","target":["https:\/\/comite-civico.org\/?p=2013#respond"]}]},{"@type":"WebPage","@id":"https:\/\/comite-civico.org\/?p=2013","url":"https:\/\/comite-civico.org\/?p=2013","name":"\u00a1Vuelve Buenaventura Corre! - Movimiento Social Paro C\u00edvico de Buenaventura","isPartOf":{"@id":"https:\/\/comite-civico.org\/#website"},"primaryImageOfPage":{"@id":"https:\/\/comite-civico.org\/?p=2013#primaryimage"},"image":{"@id":"https:\/\/comite-civico.org\/?p=2013#primaryimage"},"thumbnailUrl":"https:\/\/comite-civico.org\/wp-content\/uploads\/2024\/10\/Parrilla-Buenaventura-corre-2024-01.png","datePublished":"2024-10-19T15:32:47+00:00","dateModified":"2024-10-19T15:59:26+00:00","breadcrumb":{"@id":"https:\/\/comite-civico.org\/?p=2013#breadcrumb"},"inLanguage":"es-CO","potentialAction":[{"@type":"ReadAction","target":["https:\/\/comite-civico.org\/?p=2013"]}]},{"@type":"ImageObject","inLanguage":"es-CO","@id":"https:\/\/comite-civico.org\/?p=2013#primaryimage","url":"https:\/\/comite-civico.org\/wp-content\/uploads\/2024\/10\/Parrilla-Buenaventura-corre-2024-01.png","contentUrl":"https:\/\/comite-civico.org\/wp-content\/uploads\/2024\/10\/Parrilla-Buenaventura-corre-2024-01.png","width":1080,"height":1350},{"@type":"BreadcrumbList","@id":"https:\/\/comite-civico.org\/?p=2013#breadcrumb","itemListElement":[{"@type":"ListItem","position":1,"name":"Inicio","item":"https:\/\/comite-civico.org\/"},{"@type":"ListItem","position":2,"name":"\u00a1Vuelve Buenaventura Corre!"}]},{"@type":"WebSite","@id":"https:\/\/comite-civico.org\/#website","url":"https:\/\/comite-civico.org\/","name":"Movimiento Social Paro C\u00edvico de Buenaventura","description":"Movimiento Social Paro C\u00edvico de Buenaventura","publisher":{"@id":"https:\/\/comite-civico.org\/#organization"},"potentialAction":[{"@type":"SearchAction","target":{"@type":"EntryPoint","urlTemplate":"https:\/\/comite-civico.org\/?s={search_term_string}"},"query-input":{"@type":"PropertyValueSpecification","valueRequired":true,"valueName":"search_term_string"}}],"inLanguage":"es-CO"},{"@type":"Organization","@id":"https:\/\/comite-civico.org\/#organization","name":"Movimiento Social Paro C\u00edvico de Buenaventura","url":"https:\/\/comite-civico.org\/","logo":{"@type":"ImageObject","inLanguage":"es-CO","@id":"https:\/\/comite-civico.org\/#\/schema\/logo\/image\/","url":"https:\/\/comite-civico.org\/wp-content\/uploads\/2021\/03\/Logo-de-Movimiento-Blanco-scaled.png","contentUrl":"https:\/\/comite-civico.org\/wp-content\/uploads\/2021\/03\/Logo-de-Movimiento-Blanco-scaled.png","width":2560,"height":1810,"caption":"Movimiento Social Paro C\u00edvico de Buenaventura"},"image":{"@id":"https:\/\/comite-civico.org\/#\/schema\/logo\/image\/"}},{"@type":"Person","@id":"https:\/\/comite-civico.org\/#\/schema\/person\/eebdf569aa3565fa603cc9c5b53cea34","name":"comiteadmin","image":{"@type":"ImageObject","inLanguage":"es-CO","@id":"https:\/\/comite-civico.org\/#\/schema\/person\/image\/","url":"https:\/\/secure.gravatar.com\/avatar\/516fb540621996b28f565fdf033072d55dd3fe76896ef4af5250b5fec1b457fe?s=96&d=mm&r=g","contentUrl":"https:\/\/secure.gravatar.com\/avatar\/516fb540621996b28f565fdf033072d55dd3fe76896ef4af5250b5fec1b457fe?s=96&d=mm&r=g","caption":"comiteadmin"},"sameAs":["https:\/\/comite-civico.org\/"],"url":"https:\/\/comite-civico.org\/?author=1"}]}},"_links":{"self":[{"href":"https:\/\/comite-civico.org\/index.php?rest_route=\/wp\/v2\/posts\/2013","targetHints":{"allow":["GET"]}}],"collection":[{"href":"https:\/\/comite-civico.org\/index.php?rest_route=\/wp\/v2\/posts"}],"about":[{"href":"https:\/\/comite-civico.org\/index.php?rest_route=\/wp\/v2\/types\/post"}],"author":[{"embeddable":true,"href":"https:\/\/comite-civico.org\/index.php?rest_route=\/wp\/v2\/users\/1"}],"replies":[{"embeddable":true,"href":"https:\/\/comite-civico.org\/index.php?rest_route=%2Fwp%2Fv2%2Fcomments&post=2013"}],"version-history":[{"count":7,"href":"https:\/\/comite-civico.org\/index.php?rest_route=\/wp\/v2\/posts\/2013\/revisions"}],"predecessor-version":[{"id":2024,"href":"https:\/\/comite-civico.org\/index.php?rest_route=\/wp\/v2\/posts\/2013\/revisions\/2024"}],"wp:featuredmedia":[{"embeddable":true,"href":"https:\/\/comite-civico.org\/index.php?rest_route=\/wp\/v2\/media\/2014"}],"wp:attachment":[{"href":"https:\/\/comite-civico.org\/index.php?rest_route=%2Fwp%2Fv2%2Fmedia&parent=2013"}],"wp:term":[{"taxonomy":"category","embeddable":true,"href":"https:\/\/comite-civico.org\/index.php?rest_route=%2Fwp%2Fv2%2Fcategories&post=2013"},{"taxonomy":"post_tag","embeddable":true,"href":"https:\/\/comite-civico.org\/index.php?rest_route=%2Fwp%2Fv2%2Ftags&post=2013"}],"curies":[{"name":"wp","href":"https:\/\/api.w.org\/{rel}","templated":true}]}}