{"id":2007,"date":"2024-10-19T10:01:08","date_gmt":"2024-10-19T15:01:08","guid":{"rendered":"http:\/\/comite-civico.org\/?p=2007"},"modified":"2024-10-19T10:02:08","modified_gmt":"2024-10-19T15:02:08","slug":"nueva-junta-administradora-de-fonbuenaventura-asume-compromiso-por-el-bienestar-de-la-comunidad","status":"publish","type":"post","link":"https:\/\/comite-civico.org\/?p=2007","title":{"rendered":"Nueva Junta Administradora de FonBuenaventura Asume Compromiso por el Bienestar de la Comunidad"},"content":{"rendered":"\n<p>El 18 de octubre, en las oficinas del Movimiento Social Paro C\u00edvico, se realiz\u00f3 la posesi\u00f3n oficial de los cinco representantes elegidos por la comunidad, junto con su suplente, ante la Junta Administradora de FonBuenaventura (JAF) para el per\u00edodo 2024-2026.<\/p>\n\n\n\n<p>Como parte de este proceso, el 16 de octubre se llev\u00f3 a cabo un exitoso empalme entre los miembros salientes y los nuevos representantes, fortaleciendo la continuidad de nuestra labor. Nos complace dar la bienvenida a:<\/p>\n\n\n\n<ul class=\"wp-block-list\">\n<li><strong>Diana Patricia Tenorio Sol\u00eds<\/strong><\/li>\n\n\n\n<li><strong>Pedro Conquista Quintero<\/strong><\/li>\n\n\n\n<li><strong>Beatriz Mosquera Rodr\u00edguez<\/strong><\/li>\n\n\n\n<li><strong>Wallis Alomia Riascos<\/strong><\/li>\n\n\n\n<li><strong>Leyla Andrea Arroyo Mu\u00f1oz<\/strong><\/li>\n\n\n\n<li><strong>Suplente:<\/strong> Javier de Jes\u00fas Ocampo Quintero<\/li>\n<\/ul>\n\n\n\n<figure class=\"wp-block-image size-large\"><img fetchpriority=\"high\" decoding=\"async\" width=\"1024\" height=\"576\" src=\"http:\/\/comite-civico.org\/wp-content\/uploads\/2024\/10\/DSC09444-1024x576.jpg\" alt=\"\" class=\"wp-image-2010\" srcset=\"https:\/\/comite-civico.org\/wp-content\/uploads\/2024\/10\/DSC09444-1024x576.jpg 1024w, https:\/\/comite-civico.org\/wp-content\/uploads\/2024\/10\/DSC09444-300x169.jpg 300w, https:\/\/comite-civico.org\/wp-content\/uploads\/2024\/10\/DSC09444-768x432.jpg 768w, https:\/\/comite-civico.org\/wp-content\/uploads\/2024\/10\/DSC09444-1536x864.jpg 1536w, https:\/\/comite-civico.org\/wp-content\/uploads\/2024\/10\/DSC09444-2048x1152.jpg 2048w\" sizes=\"(max-width: 1024px) 100vw, 1024px\" \/><\/figure>\n\n\n\n<p>Este importante paso reafirma nuestro compromiso con el Plan Integral Estrat\u00e9gico de Desarrollo de Buenaventura (PIEDB), impulsando acciones hacia una ciudad m\u00e1s justa, pac\u00edfica y digna para todos sus habitantes.<\/p>\n\n\n\n<p><\/p>\n","protected":false},"excerpt":{"rendered":"<p>El 18 de octubre, en las oficinas del Movimiento Social Paro C\u00edvico, se realiz\u00f3 la posesi\u00f3n oficial de los cinco representantes elegidos por la comunidad, junto con su suplente, ante la Junta Administradora de FonBuenaventura (JAF) para el per\u00edodo 2024-2026. Como parte de este proceso, el 16 de octubre se llev\u00f3 a cabo un exitoso &#8230; <a title=\"Nueva Junta Administradora de FonBuenaventura Asume Compromiso por el Bienestar de la Comunidad\" class=\"read-more\" href=\"https:\/\/comite-civico.org\/?p=2007\" aria-label=\"Read more about Nueva Junta Administradora de FonBuenaventura Asume Compromiso por el Bienestar de la Comunidad\">Leer m\u00e1s<\/a><\/p>\n","protected":false},"author":1,"featured_media":2009,"comment_status":"open","ping_status":"open","sticky":false,"template":"","format":"standard","meta":{"footnotes":""},"categories":[16],"tags":[45,49,44],"class_list":["post-2007","post","type-post","status-publish","format-standard","has-post-thumbnail","hentry","category-logros","tag-buenaventura","tag-fonbuenaventura","tag-movimiento-social-paro-civico"],"acf":[],"yoast_head":"<!-- This site is optimized with the Yoast SEO plugin v25.0 - https:\/\/yoast.com\/wordpress\/plugins\/seo\/ -->\n<title>Nueva Junta Administradora de FonBuenaventura Asume Compromiso por el Bienestar de la Comunidad - Movimiento Social Paro C\u00edvico de Buenaventura<\/title>\n<meta name=\"robots\" content=\"index, follow, max-snippet:-1, max-image-preview:large, max-video-preview:-1\" \/>\n<link rel=\"canonical\" href=\"https:\/\/comite-civico.org\/?p=2007\" \/>\n<meta property=\"og:locale\" content=\"es_ES\" \/>\n<meta property=\"og:type\" content=\"article\" \/>\n<meta property=\"og:title\" content=\"Nueva Junta Administradora de FonBuenaventura Asume Compromiso por el Bienestar de la Comunidad - Movimiento Social Paro C\u00edvico de Buenaventura\" \/>\n<meta property=\"og:description\" content=\"El 18 de octubre, en las oficinas del Movimiento Social Paro C\u00edvico, se realiz\u00f3 la posesi\u00f3n oficial de los cinco representantes elegidos por la comunidad, junto con su suplente, ante la Junta Administradora de FonBuenaventura (JAF) para el per\u00edodo 2024-2026. Como parte de este proceso, el 16 de octubre se llev\u00f3 a cabo un exitoso ... Leer m\u00e1s\" \/>\n<meta property=\"og:url\" content=\"https:\/\/comite-civico.org\/?p=2007\" \/>\n<meta property=\"og:site_name\" content=\"Movimiento Social Paro C\u00edvico de Buenaventura\" \/>\n<meta property=\"article:published_time\" content=\"2024-10-19T15:01:08+00:00\" \/>\n<meta property=\"article:modified_time\" content=\"2024-10-19T15:02:08+00:00\" \/>\n<meta property=\"og:image\" content=\"http:\/\/comite-civico.org\/wp-content\/uploads\/2024\/10\/DSC09411-scaled.jpg\" \/>\n\t<meta property=\"og:image:width\" content=\"2560\" \/>\n\t<meta property=\"og:image:height\" content=\"1440\" \/>\n\t<meta property=\"og:image:type\" content=\"image\/jpeg\" \/>\n<meta name=\"author\" content=\"comiteadmin\" \/>\n<meta name=\"twitter:card\" content=\"summary_large_image\" \/>\n<meta name=\"twitter:label1\" content=\"Escrito por\" \/>\n\t<meta name=\"twitter:data1\" content=\"comiteadmin\" \/>\n\t<meta name=\"twitter:label2\" content=\"Tiempo de lectura\" \/>\n\t<meta name=\"twitter:data2\" content=\"1 minuto\" \/>\n<script type=\"application\/ld+json\" class=\"yoast-schema-graph\">{\"@context\":\"https:\/\/schema.org\",\"@graph\":[{\"@type\":\"Article\",\"@id\":\"https:\/\/comite-civico.org\/?p=2007#article\",\"isPartOf\":{\"@id\":\"https:\/\/comite-civico.org\/?p=2007\"},\"author\":{\"name\":\"comiteadmin\",\"@id\":\"https:\/\/comite-civico.org\/#\/schema\/person\/eebdf569aa3565fa603cc9c5b53cea34\"},\"headline\":\"Nueva Junta Administradora de FonBuenaventura Asume Compromiso por el Bienestar de la Comunidad\",\"datePublished\":\"2024-10-19T15:01:08+00:00\",\"dateModified\":\"2024-10-19T15:02:08+00:00\",\"mainEntityOfPage\":{\"@id\":\"https:\/\/comite-civico.org\/?p=2007\"},\"wordCount\":150,\"commentCount\":0,\"publisher\":{\"@id\":\"https:\/\/comite-civico.org\/#organization\"},\"image\":{\"@id\":\"https:\/\/comite-civico.org\/?p=2007#primaryimage\"},\"thumbnailUrl\":\"https:\/\/comite-civico.org\/wp-content\/uploads\/2024\/10\/DSC09411-scaled.jpg\",\"keywords\":[\"buenaventura\",\"FONBUENAVENTURA\",\"Movimiento social paro civico\"],\"articleSection\":[\"Logros\"],\"inLanguage\":\"es-CO\",\"potentialAction\":[{\"@type\":\"CommentAction\",\"name\":\"Comment\",\"target\":[\"https:\/\/comite-civico.org\/?p=2007#respond\"]}]},{\"@type\":\"WebPage\",\"@id\":\"https:\/\/comite-civico.org\/?p=2007\",\"url\":\"https:\/\/comite-civico.org\/?p=2007\",\"name\":\"Nueva Junta Administradora de FonBuenaventura Asume Compromiso por el Bienestar de la Comunidad - Movimiento Social Paro C\u00edvico de Buenaventura\",\"isPartOf\":{\"@id\":\"https:\/\/comite-civico.org\/#website\"},\"primaryImageOfPage\":{\"@id\":\"https:\/\/comite-civico.org\/?p=2007#primaryimage\"},\"image\":{\"@id\":\"https:\/\/comite-civico.org\/?p=2007#primaryimage\"},\"thumbnailUrl\":\"https:\/\/comite-civico.org\/wp-content\/uploads\/2024\/10\/DSC09411-scaled.jpg\",\"datePublished\":\"2024-10-19T15:01:08+00:00\",\"dateModified\":\"2024-10-19T15:02:08+00:00\",\"breadcrumb\":{\"@id\":\"https:\/\/comite-civico.org\/?p=2007#breadcrumb\"},\"inLanguage\":\"es-CO\",\"potentialAction\":[{\"@type\":\"ReadAction\",\"target\":[\"https:\/\/comite-civico.org\/?p=2007\"]}]},{\"@type\":\"ImageObject\",\"inLanguage\":\"es-CO\",\"@id\":\"https:\/\/comite-civico.org\/?p=2007#primaryimage\",\"url\":\"https:\/\/comite-civico.org\/wp-content\/uploads\/2024\/10\/DSC09411-scaled.jpg\",\"contentUrl\":\"https:\/\/comite-civico.org\/wp-content\/uploads\/2024\/10\/DSC09411-scaled.jpg\",\"width\":2560,\"height\":1440},{\"@type\":\"BreadcrumbList\",\"@id\":\"https:\/\/comite-civico.org\/?p=2007#breadcrumb\",\"itemListElement\":[{\"@type\":\"ListItem\",\"position\":1,\"name\":\"Inicio\",\"item\":\"https:\/\/comite-civico.org\/\"},{\"@type\":\"ListItem\",\"position\":2,\"name\":\"Nueva Junta Administradora de FonBuenaventura Asume Compromiso por el Bienestar de la Comunidad\"}]},{\"@type\":\"WebSite\",\"@id\":\"https:\/\/comite-civico.org\/#website\",\"url\":\"https:\/\/comite-civico.org\/\",\"name\":\"Movimiento Social Paro C\u00edvico de Buenaventura\",\"description\":\"Movimiento Social Paro C\u00edvico de Buenaventura\",\"publisher\":{\"@id\":\"https:\/\/comite-civico.org\/#organization\"},\"potentialAction\":[{\"@type\":\"SearchAction\",\"target\":{\"@type\":\"EntryPoint\",\"urlTemplate\":\"https:\/\/comite-civico.org\/?s={search_term_string}\"},\"query-input\":{\"@type\":\"PropertyValueSpecification\",\"valueRequired\":true,\"valueName\":\"search_term_string\"}}],\"inLanguage\":\"es-CO\"},{\"@type\":\"Organization\",\"@id\":\"https:\/\/comite-civico.org\/#organization\",\"name\":\"Movimiento Social Paro C\u00edvico de Buenaventura\",\"url\":\"https:\/\/comite-civico.org\/\",\"logo\":{\"@type\":\"ImageObject\",\"inLanguage\":\"es-CO\",\"@id\":\"https:\/\/comite-civico.org\/#\/schema\/logo\/image\/\",\"url\":\"https:\/\/comite-civico.org\/wp-content\/uploads\/2021\/03\/Logo-de-Movimiento-Blanco-scaled.png\",\"contentUrl\":\"https:\/\/comite-civico.org\/wp-content\/uploads\/2021\/03\/Logo-de-Movimiento-Blanco-scaled.png\",\"width\":2560,\"height\":1810,\"caption\":\"Movimiento Social Paro C\u00edvico de Buenaventura\"},\"image\":{\"@id\":\"https:\/\/comite-civico.org\/#\/schema\/logo\/image\/\"}},{\"@type\":\"Person\",\"@id\":\"https:\/\/comite-civico.org\/#\/schema\/person\/eebdf569aa3565fa603cc9c5b53cea34\",\"name\":\"comiteadmin\",\"image\":{\"@type\":\"ImageObject\",\"inLanguage\":\"es-CO\",\"@id\":\"https:\/\/comite-civico.org\/#\/schema\/person\/image\/\",\"url\":\"https:\/\/secure.gravatar.com\/avatar\/516fb540621996b28f565fdf033072d55dd3fe76896ef4af5250b5fec1b457fe?s=96&d=mm&r=g\",\"contentUrl\":\"https:\/\/secure.gravatar.com\/avatar\/516fb540621996b28f565fdf033072d55dd3fe76896ef4af5250b5fec1b457fe?s=96&d=mm&r=g\",\"caption\":\"comiteadmin\"},\"sameAs\":[\"https:\/\/comite-civico.org\/\"],\"url\":\"https:\/\/comite-civico.org\/?author=1\"}]}<\/script>\n<!-- \/ Yoast SEO plugin. -->","yoast_head_json":{"title":"Nueva Junta Administradora de FonBuenaventura Asume Compromiso por el Bienestar de la Comunidad - Movimiento Social Paro C\u00edvico de Buenaventura","robots":{"index":"index","follow":"follow","max-snippet":"max-snippet:-1","max-image-preview":"max-image-preview:large","max-video-preview":"max-video-preview:-1"},"canonical":"https:\/\/comite-civico.org\/?p=2007","og_locale":"es_ES","og_type":"article","og_title":"Nueva Junta Administradora de FonBuenaventura Asume Compromiso por el Bienestar de la Comunidad - Movimiento Social Paro C\u00edvico de Buenaventura","og_description":"El 18 de octubre, en las oficinas del Movimiento Social Paro C\u00edvico, se realiz\u00f3 la posesi\u00f3n oficial de los cinco representantes elegidos por la comunidad, junto con su suplente, ante la Junta Administradora de FonBuenaventura (JAF) para el per\u00edodo 2024-2026. Como parte de este proceso, el 16 de octubre se llev\u00f3 a cabo un exitoso ... Leer m\u00e1s","og_url":"https:\/\/comite-civico.org\/?p=2007","og_site_name":"Movimiento Social Paro C\u00edvico de Buenaventura","article_published_time":"2024-10-19T15:01:08+00:00","article_modified_time":"2024-10-19T15:02:08+00:00","og_image":[{"width":2560,"height":1440,"url":"http:\/\/comite-civico.org\/wp-content\/uploads\/2024\/10\/DSC09411-scaled.jpg","type":"image\/jpeg"}],"author":"comiteadmin","twitter_card":"summary_large_image","twitter_misc":{"Escrito por":"comiteadmin","Tiempo de lectura":"1 minuto"},"schema":{"@context":"https:\/\/schema.org","@graph":[{"@type":"Article","@id":"https:\/\/comite-civico.org\/?p=2007#article","isPartOf":{"@id":"https:\/\/comite-civico.org\/?p=2007"},"author":{"name":"comiteadmin","@id":"https:\/\/comite-civico.org\/#\/schema\/person\/eebdf569aa3565fa603cc9c5b53cea34"},"headline":"Nueva Junta Administradora de FonBuenaventura Asume Compromiso por el Bienestar de la Comunidad","datePublished":"2024-10-19T15:01:08+00:00","dateModified":"2024-10-19T15:02:08+00:00","mainEntityOfPage":{"@id":"https:\/\/comite-civico.org\/?p=2007"},"wordCount":150,"commentCount":0,"publisher":{"@id":"https:\/\/comite-civico.org\/#organization"},"image":{"@id":"https:\/\/comite-civico.org\/?p=2007#primaryimage"},"thumbnailUrl":"https:\/\/comite-civico.org\/wp-content\/uploads\/2024\/10\/DSC09411-scaled.jpg","keywords":["buenaventura","FONBUENAVENTURA","Movimiento social paro civico"],"articleSection":["Logros"],"inLanguage":"es-CO","potentialAction":[{"@type":"CommentAction","name":"Comment","target":["https:\/\/comite-civico.org\/?p=2007#respond"]}]},{"@type":"WebPage","@id":"https:\/\/comite-civico.org\/?p=2007","url":"https:\/\/comite-civico.org\/?p=2007","name":"Nueva Junta Administradora de FonBuenaventura Asume Compromiso por el Bienestar de la Comunidad - Movimiento Social Paro C\u00edvico de Buenaventura","isPartOf":{"@id":"https:\/\/comite-civico.org\/#website"},"primaryImageOfPage":{"@id":"https:\/\/comite-civico.org\/?p=2007#primaryimage"},"image":{"@id":"https:\/\/comite-civico.org\/?p=2007#primaryimage"},"thumbnailUrl":"https:\/\/comite-civico.org\/wp-content\/uploads\/2024\/10\/DSC09411-scaled.jpg","datePublished":"2024-10-19T15:01:08+00:00","dateModified":"2024-10-19T15:02:08+00:00","breadcrumb":{"@id":"https:\/\/comite-civico.org\/?p=2007#breadcrumb"},"inLanguage":"es-CO","potentialAction":[{"@type":"ReadAction","target":["https:\/\/comite-civico.org\/?p=2007"]}]},{"@type":"ImageObject","inLanguage":"es-CO","@id":"https:\/\/comite-civico.org\/?p=2007#primaryimage","url":"https:\/\/comite-civico.org\/wp-content\/uploads\/2024\/10\/DSC09411-scaled.jpg","contentUrl":"https:\/\/comite-civico.org\/wp-content\/uploads\/2024\/10\/DSC09411-scaled.jpg","width":2560,"height":1440},{"@type":"BreadcrumbList","@id":"https:\/\/comite-civico.org\/?p=2007#breadcrumb","itemListElement":[{"@type":"ListItem","position":1,"name":"Inicio","item":"https:\/\/comite-civico.org\/"},{"@type":"ListItem","position":2,"name":"Nueva Junta Administradora de FonBuenaventura Asume Compromiso por el Bienestar de la Comunidad"}]},{"@type":"WebSite","@id":"https:\/\/comite-civico.org\/#website","url":"https:\/\/comite-civico.org\/","name":"Movimiento Social Paro C\u00edvico de Buenaventura","description":"Movimiento Social Paro C\u00edvico de Buenaventura","publisher":{"@id":"https:\/\/comite-civico.org\/#organization"},"potentialAction":[{"@type":"SearchAction","target":{"@type":"EntryPoint","urlTemplate":"https:\/\/comite-civico.org\/?s={search_term_string}"},"query-input":{"@type":"PropertyValueSpecification","valueRequired":true,"valueName":"search_term_string"}}],"inLanguage":"es-CO"},{"@type":"Organization","@id":"https:\/\/comite-civico.org\/#organization","name":"Movimiento Social Paro C\u00edvico de Buenaventura","url":"https:\/\/comite-civico.org\/","logo":{"@type":"ImageObject","inLanguage":"es-CO","@id":"https:\/\/comite-civico.org\/#\/schema\/logo\/image\/","url":"https:\/\/comite-civico.org\/wp-content\/uploads\/2021\/03\/Logo-de-Movimiento-Blanco-scaled.png","contentUrl":"https:\/\/comite-civico.org\/wp-content\/uploads\/2021\/03\/Logo-de-Movimiento-Blanco-scaled.png","width":2560,"height":1810,"caption":"Movimiento Social Paro C\u00edvico de Buenaventura"},"image":{"@id":"https:\/\/comite-civico.org\/#\/schema\/logo\/image\/"}},{"@type":"Person","@id":"https:\/\/comite-civico.org\/#\/schema\/person\/eebdf569aa3565fa603cc9c5b53cea34","name":"comiteadmin","image":{"@type":"ImageObject","inLanguage":"es-CO","@id":"https:\/\/comite-civico.org\/#\/schema\/person\/image\/","url":"https:\/\/secure.gravatar.com\/avatar\/516fb540621996b28f565fdf033072d55dd3fe76896ef4af5250b5fec1b457fe?s=96&d=mm&r=g","contentUrl":"https:\/\/secure.gravatar.com\/avatar\/516fb540621996b28f565fdf033072d55dd3fe76896ef4af5250b5fec1b457fe?s=96&d=mm&r=g","caption":"comiteadmin"},"sameAs":["https:\/\/comite-civico.org\/"],"url":"https:\/\/comite-civico.org\/?author=1"}]}},"_links":{"self":[{"href":"https:\/\/comite-civico.org\/index.php?rest_route=\/wp\/v2\/posts\/2007","targetHints":{"allow":["GET"]}}],"collection":[{"href":"https:\/\/comite-civico.org\/index.php?rest_route=\/wp\/v2\/posts"}],"about":[{"href":"https:\/\/comite-civico.org\/index.php?rest_route=\/wp\/v2\/types\/post"}],"author":[{"embeddable":true,"href":"https:\/\/comite-civico.org\/index.php?rest_route=\/wp\/v2\/users\/1"}],"replies":[{"embeddable":true,"href":"https:\/\/comite-civico.org\/index.php?rest_route=%2Fwp%2Fv2%2Fcomments&post=2007"}],"version-history":[{"count":2,"href":"https:\/\/comite-civico.org\/index.php?rest_route=\/wp\/v2\/posts\/2007\/revisions"}],"predecessor-version":[{"id":2012,"href":"https:\/\/comite-civico.org\/index.php?rest_route=\/wp\/v2\/posts\/2007\/revisions\/2012"}],"wp:featuredmedia":[{"embeddable":true,"href":"https:\/\/comite-civico.org\/index.php?rest_route=\/wp\/v2\/media\/2009"}],"wp:attachment":[{"href":"https:\/\/comite-civico.org\/index.php?rest_route=%2Fwp%2Fv2%2Fmedia&parent=2007"}],"wp:term":[{"taxonomy":"category","embeddable":true,"href":"https:\/\/comite-civico.org\/index.php?rest_route=%2Fwp%2Fv2%2Fcategories&post=2007"},{"taxonomy":"post_tag","embeddable":true,"href":"https:\/\/comite-civico.org\/index.php?rest_route=%2Fwp%2Fv2%2Ftags&post=2007"}],"curies":[{"name":"wp","href":"https:\/\/api.w.org\/{rel}","templated":true}]}}