{"id":1963,"date":"2024-10-18T15:40:21","date_gmt":"2024-10-18T20:40:21","guid":{"rendered":"http:\/\/comite-civico.org\/?p=1963"},"modified":"2024-10-18T15:42:09","modified_gmt":"2024-10-18T20:42:09","slug":"gran-movilizacion-del-pueblo-negro-afrocolombiano-palenquero-y-raizal-un-momento-historico-para-colombia","status":"publish","type":"post","link":"https:\/\/comite-civico.org\/?p=1963","title":{"rendered":"Gran Movilizaci\u00f3n del Pueblo Negro, Afrocolombiano, Palenquero y Raizal, un momento hist\u00f3rico para Colombia"},"content":{"rendered":"\n<iframe src=\"https:\/\/www.facebook.com\/plugins\/post.php?href=https%3A%2F%2Fwww.facebook.com%2FCOMITEPAROCIVICOBUENAVENTURA%2Fposts%2Fpfbid0ARH2mEWBo8wXV9Zm98sNzFku95v6qfU1hZxQLCFqN7sKHVgyw7VSJN5aB2Lk3KvWl&#038;show_text=true&#038;width=500\" width=\"500\" height=\"715\" style=\"border:none;overflow:hidden\" scrolling=\"no\" frameborder=\"0\" allowfullscreen=\"true\" allow=\"autoplay; clipboard-write; encrypted-media; picture-in-picture; web-share\"><\/iframe>\n","protected":false},"excerpt":{"rendered":"","protected":false},"author":1,"featured_media":1967,"comment_status":"open","ping_status":"open","sticky":false,"template":"","format":"standard","meta":{"footnotes":""},"categories":[16],"tags":[53,50,54],"class_list":["post-1963","post","type-post","status-publish","format-standard","has-post-thumbnail","hentry","category-logros","tag-movimiento-social-paro-civico-de-buenaventura","tag-mspcb","tag-pueblo-afro"],"acf":[],"yoast_head":"<!-- This site is optimized with the Yoast SEO plugin v25.0 - https:\/\/yoast.com\/wordpress\/plugins\/seo\/ -->\n<title>Gran Movilizaci\u00f3n del Pueblo Negro, Afrocolombiano, Palenquero y Raizal, un momento hist\u00f3rico para Colombia - Movimiento Social Paro C\u00edvico de Buenaventura<\/title>\n<meta name=\"robots\" content=\"index, follow, max-snippet:-1, max-image-preview:large, max-video-preview:-1\" \/>\n<link rel=\"canonical\" href=\"https:\/\/comite-civico.org\/?p=1963\" \/>\n<meta property=\"og:locale\" content=\"es_ES\" \/>\n<meta property=\"og:type\" content=\"article\" \/>\n<meta property=\"og:title\" content=\"Gran Movilizaci\u00f3n del Pueblo Negro, Afrocolombiano, Palenquero y Raizal, un momento hist\u00f3rico para Colombia - Movimiento Social Paro C\u00edvico de Buenaventura\" \/>\n<meta property=\"og:url\" content=\"https:\/\/comite-civico.org\/?p=1963\" \/>\n<meta property=\"og:site_name\" content=\"Movimiento Social Paro C\u00edvico de Buenaventura\" \/>\n<meta property=\"article:published_time\" content=\"2024-10-18T20:40:21+00:00\" \/>\n<meta property=\"article:modified_time\" content=\"2024-10-18T20:42:09+00:00\" \/>\n<meta property=\"og:image\" content=\"http:\/\/comite-civico.org\/wp-content\/uploads\/2024\/10\/porque0.png\" \/>\n\t<meta property=\"og:image:width\" content=\"1000\" \/>\n\t<meta property=\"og:image:height\" content=\"1000\" \/>\n\t<meta property=\"og:image:type\" content=\"image\/png\" \/>\n<meta name=\"author\" content=\"comiteadmin\" \/>\n<meta name=\"twitter:card\" content=\"summary_large_image\" \/>\n<meta name=\"twitter:label1\" content=\"Escrito por\" \/>\n\t<meta name=\"twitter:data1\" content=\"comiteadmin\" \/>\n\t<meta name=\"twitter:label2\" content=\"Tiempo de lectura\" \/>\n\t<meta name=\"twitter:data2\" content=\"1 minuto\" \/>\n<script type=\"application\/ld+json\" class=\"yoast-schema-graph\">{\"@context\":\"https:\/\/schema.org\",\"@graph\":[{\"@type\":\"Article\",\"@id\":\"https:\/\/comite-civico.org\/?p=1963#article\",\"isPartOf\":{\"@id\":\"https:\/\/comite-civico.org\/?p=1963\"},\"author\":{\"name\":\"comiteadmin\",\"@id\":\"https:\/\/comite-civico.org\/#\/schema\/person\/eebdf569aa3565fa603cc9c5b53cea34\"},\"headline\":\"Gran Movilizaci\u00f3n del Pueblo Negro, Afrocolombiano, Palenquero y Raizal, un momento hist\u00f3rico para Colombia\",\"datePublished\":\"2024-10-18T20:40:21+00:00\",\"dateModified\":\"2024-10-18T20:42:09+00:00\",\"mainEntityOfPage\":{\"@id\":\"https:\/\/comite-civico.org\/?p=1963\"},\"wordCount\":16,\"commentCount\":0,\"publisher\":{\"@id\":\"https:\/\/comite-civico.org\/#organization\"},\"image\":{\"@id\":\"https:\/\/comite-civico.org\/?p=1963#primaryimage\"},\"thumbnailUrl\":\"https:\/\/comite-civico.org\/wp-content\/uploads\/2024\/10\/porque0.png\",\"keywords\":[\"MOVIMIENTO SOCIAL PARO CIVICO DE BUENAVENTURA\",\"MSPCB\",\"PUEBLO AFRO\"],\"articleSection\":[\"Logros\"],\"inLanguage\":\"es-CO\",\"potentialAction\":[{\"@type\":\"CommentAction\",\"name\":\"Comment\",\"target\":[\"https:\/\/comite-civico.org\/?p=1963#respond\"]}]},{\"@type\":\"WebPage\",\"@id\":\"https:\/\/comite-civico.org\/?p=1963\",\"url\":\"https:\/\/comite-civico.org\/?p=1963\",\"name\":\"Gran Movilizaci\u00f3n del Pueblo Negro, Afrocolombiano, Palenquero y Raizal, un momento hist\u00f3rico para Colombia - Movimiento Social Paro C\u00edvico de Buenaventura\",\"isPartOf\":{\"@id\":\"https:\/\/comite-civico.org\/#website\"},\"primaryImageOfPage\":{\"@id\":\"https:\/\/comite-civico.org\/?p=1963#primaryimage\"},\"image\":{\"@id\":\"https:\/\/comite-civico.org\/?p=1963#primaryimage\"},\"thumbnailUrl\":\"https:\/\/comite-civico.org\/wp-content\/uploads\/2024\/10\/porque0.png\",\"datePublished\":\"2024-10-18T20:40:21+00:00\",\"dateModified\":\"2024-10-18T20:42:09+00:00\",\"breadcrumb\":{\"@id\":\"https:\/\/comite-civico.org\/?p=1963#breadcrumb\"},\"inLanguage\":\"es-CO\",\"potentialAction\":[{\"@type\":\"ReadAction\",\"target\":[\"https:\/\/comite-civico.org\/?p=1963\"]}]},{\"@type\":\"ImageObject\",\"inLanguage\":\"es-CO\",\"@id\":\"https:\/\/comite-civico.org\/?p=1963#primaryimage\",\"url\":\"https:\/\/comite-civico.org\/wp-content\/uploads\/2024\/10\/porque0.png\",\"contentUrl\":\"https:\/\/comite-civico.org\/wp-content\/uploads\/2024\/10\/porque0.png\",\"width\":1000,\"height\":1000},{\"@type\":\"BreadcrumbList\",\"@id\":\"https:\/\/comite-civico.org\/?p=1963#breadcrumb\",\"itemListElement\":[{\"@type\":\"ListItem\",\"position\":1,\"name\":\"Inicio\",\"item\":\"https:\/\/comite-civico.org\/\"},{\"@type\":\"ListItem\",\"position\":2,\"name\":\"Gran Movilizaci\u00f3n del Pueblo Negro, Afrocolombiano, Palenquero y Raizal, un momento hist\u00f3rico para Colombia\"}]},{\"@type\":\"WebSite\",\"@id\":\"https:\/\/comite-civico.org\/#website\",\"url\":\"https:\/\/comite-civico.org\/\",\"name\":\"Movimiento Social Paro C\u00edvico de Buenaventura\",\"description\":\"Movimiento Social Paro C\u00edvico de Buenaventura\",\"publisher\":{\"@id\":\"https:\/\/comite-civico.org\/#organization\"},\"potentialAction\":[{\"@type\":\"SearchAction\",\"target\":{\"@type\":\"EntryPoint\",\"urlTemplate\":\"https:\/\/comite-civico.org\/?s={search_term_string}\"},\"query-input\":{\"@type\":\"PropertyValueSpecification\",\"valueRequired\":true,\"valueName\":\"search_term_string\"}}],\"inLanguage\":\"es-CO\"},{\"@type\":\"Organization\",\"@id\":\"https:\/\/comite-civico.org\/#organization\",\"name\":\"Movimiento Social Paro C\u00edvico de Buenaventura\",\"url\":\"https:\/\/comite-civico.org\/\",\"logo\":{\"@type\":\"ImageObject\",\"inLanguage\":\"es-CO\",\"@id\":\"https:\/\/comite-civico.org\/#\/schema\/logo\/image\/\",\"url\":\"https:\/\/comite-civico.org\/wp-content\/uploads\/2021\/03\/Logo-de-Movimiento-Blanco-scaled.png\",\"contentUrl\":\"https:\/\/comite-civico.org\/wp-content\/uploads\/2021\/03\/Logo-de-Movimiento-Blanco-scaled.png\",\"width\":2560,\"height\":1810,\"caption\":\"Movimiento Social Paro C\u00edvico de Buenaventura\"},\"image\":{\"@id\":\"https:\/\/comite-civico.org\/#\/schema\/logo\/image\/\"}},{\"@type\":\"Person\",\"@id\":\"https:\/\/comite-civico.org\/#\/schema\/person\/eebdf569aa3565fa603cc9c5b53cea34\",\"name\":\"comiteadmin\",\"image\":{\"@type\":\"ImageObject\",\"inLanguage\":\"es-CO\",\"@id\":\"https:\/\/comite-civico.org\/#\/schema\/person\/image\/\",\"url\":\"https:\/\/secure.gravatar.com\/avatar\/516fb540621996b28f565fdf033072d55dd3fe76896ef4af5250b5fec1b457fe?s=96&d=mm&r=g\",\"contentUrl\":\"https:\/\/secure.gravatar.com\/avatar\/516fb540621996b28f565fdf033072d55dd3fe76896ef4af5250b5fec1b457fe?s=96&d=mm&r=g\",\"caption\":\"comiteadmin\"},\"sameAs\":[\"https:\/\/comite-civico.org\/\"],\"url\":\"https:\/\/comite-civico.org\/?author=1\"}]}<\/script>\n<!-- \/ Yoast SEO plugin. -->","yoast_head_json":{"title":"Gran Movilizaci\u00f3n del Pueblo Negro, Afrocolombiano, Palenquero y Raizal, un momento hist\u00f3rico para Colombia - Movimiento Social Paro C\u00edvico de Buenaventura","robots":{"index":"index","follow":"follow","max-snippet":"max-snippet:-1","max-image-preview":"max-image-preview:large","max-video-preview":"max-video-preview:-1"},"canonical":"https:\/\/comite-civico.org\/?p=1963","og_locale":"es_ES","og_type":"article","og_title":"Gran Movilizaci\u00f3n del Pueblo Negro, Afrocolombiano, Palenquero y Raizal, un momento hist\u00f3rico para Colombia - Movimiento Social Paro C\u00edvico de Buenaventura","og_url":"https:\/\/comite-civico.org\/?p=1963","og_site_name":"Movimiento Social Paro C\u00edvico de Buenaventura","article_published_time":"2024-10-18T20:40:21+00:00","article_modified_time":"2024-10-18T20:42:09+00:00","og_image":[{"width":1000,"height":1000,"url":"http:\/\/comite-civico.org\/wp-content\/uploads\/2024\/10\/porque0.png","type":"image\/png"}],"author":"comiteadmin","twitter_card":"summary_large_image","twitter_misc":{"Escrito por":"comiteadmin","Tiempo de lectura":"1 minuto"},"schema":{"@context":"https:\/\/schema.org","@graph":[{"@type":"Article","@id":"https:\/\/comite-civico.org\/?p=1963#article","isPartOf":{"@id":"https:\/\/comite-civico.org\/?p=1963"},"author":{"name":"comiteadmin","@id":"https:\/\/comite-civico.org\/#\/schema\/person\/eebdf569aa3565fa603cc9c5b53cea34"},"headline":"Gran Movilizaci\u00f3n del Pueblo Negro, Afrocolombiano, Palenquero y Raizal, un momento hist\u00f3rico para Colombia","datePublished":"2024-10-18T20:40:21+00:00","dateModified":"2024-10-18T20:42:09+00:00","mainEntityOfPage":{"@id":"https:\/\/comite-civico.org\/?p=1963"},"wordCount":16,"commentCount":0,"publisher":{"@id":"https:\/\/comite-civico.org\/#organization"},"image":{"@id":"https:\/\/comite-civico.org\/?p=1963#primaryimage"},"thumbnailUrl":"https:\/\/comite-civico.org\/wp-content\/uploads\/2024\/10\/porque0.png","keywords":["MOVIMIENTO SOCIAL PARO CIVICO DE BUENAVENTURA","MSPCB","PUEBLO AFRO"],"articleSection":["Logros"],"inLanguage":"es-CO","potentialAction":[{"@type":"CommentAction","name":"Comment","target":["https:\/\/comite-civico.org\/?p=1963#respond"]}]},{"@type":"WebPage","@id":"https:\/\/comite-civico.org\/?p=1963","url":"https:\/\/comite-civico.org\/?p=1963","name":"Gran Movilizaci\u00f3n del Pueblo Negro, Afrocolombiano, Palenquero y Raizal, un momento hist\u00f3rico para Colombia - Movimiento Social Paro C\u00edvico de Buenaventura","isPartOf":{"@id":"https:\/\/comite-civico.org\/#website"},"primaryImageOfPage":{"@id":"https:\/\/comite-civico.org\/?p=1963#primaryimage"},"image":{"@id":"https:\/\/comite-civico.org\/?p=1963#primaryimage"},"thumbnailUrl":"https:\/\/comite-civico.org\/wp-content\/uploads\/2024\/10\/porque0.png","datePublished":"2024-10-18T20:40:21+00:00","dateModified":"2024-10-18T20:42:09+00:00","breadcrumb":{"@id":"https:\/\/comite-civico.org\/?p=1963#breadcrumb"},"inLanguage":"es-CO","potentialAction":[{"@type":"ReadAction","target":["https:\/\/comite-civico.org\/?p=1963"]}]},{"@type":"ImageObject","inLanguage":"es-CO","@id":"https:\/\/comite-civico.org\/?p=1963#primaryimage","url":"https:\/\/comite-civico.org\/wp-content\/uploads\/2024\/10\/porque0.png","contentUrl":"https:\/\/comite-civico.org\/wp-content\/uploads\/2024\/10\/porque0.png","width":1000,"height":1000},{"@type":"BreadcrumbList","@id":"https:\/\/comite-civico.org\/?p=1963#breadcrumb","itemListElement":[{"@type":"ListItem","position":1,"name":"Inicio","item":"https:\/\/comite-civico.org\/"},{"@type":"ListItem","position":2,"name":"Gran Movilizaci\u00f3n del Pueblo Negro, Afrocolombiano, Palenquero y Raizal, un momento hist\u00f3rico para Colombia"}]},{"@type":"WebSite","@id":"https:\/\/comite-civico.org\/#website","url":"https:\/\/comite-civico.org\/","name":"Movimiento Social Paro C\u00edvico de Buenaventura","description":"Movimiento Social Paro C\u00edvico de Buenaventura","publisher":{"@id":"https:\/\/comite-civico.org\/#organization"},"potentialAction":[{"@type":"SearchAction","target":{"@type":"EntryPoint","urlTemplate":"https:\/\/comite-civico.org\/?s={search_term_string}"},"query-input":{"@type":"PropertyValueSpecification","valueRequired":true,"valueName":"search_term_string"}}],"inLanguage":"es-CO"},{"@type":"Organization","@id":"https:\/\/comite-civico.org\/#organization","name":"Movimiento Social Paro C\u00edvico de Buenaventura","url":"https:\/\/comite-civico.org\/","logo":{"@type":"ImageObject","inLanguage":"es-CO","@id":"https:\/\/comite-civico.org\/#\/schema\/logo\/image\/","url":"https:\/\/comite-civico.org\/wp-content\/uploads\/2021\/03\/Logo-de-Movimiento-Blanco-scaled.png","contentUrl":"https:\/\/comite-civico.org\/wp-content\/uploads\/2021\/03\/Logo-de-Movimiento-Blanco-scaled.png","width":2560,"height":1810,"caption":"Movimiento Social Paro C\u00edvico de Buenaventura"},"image":{"@id":"https:\/\/comite-civico.org\/#\/schema\/logo\/image\/"}},{"@type":"Person","@id":"https:\/\/comite-civico.org\/#\/schema\/person\/eebdf569aa3565fa603cc9c5b53cea34","name":"comiteadmin","image":{"@type":"ImageObject","inLanguage":"es-CO","@id":"https:\/\/comite-civico.org\/#\/schema\/person\/image\/","url":"https:\/\/secure.gravatar.com\/avatar\/516fb540621996b28f565fdf033072d55dd3fe76896ef4af5250b5fec1b457fe?s=96&d=mm&r=g","contentUrl":"https:\/\/secure.gravatar.com\/avatar\/516fb540621996b28f565fdf033072d55dd3fe76896ef4af5250b5fec1b457fe?s=96&d=mm&r=g","caption":"comiteadmin"},"sameAs":["https:\/\/comite-civico.org\/"],"url":"https:\/\/comite-civico.org\/?author=1"}]}},"_links":{"self":[{"href":"https:\/\/comite-civico.org\/index.php?rest_route=\/wp\/v2\/posts\/1963","targetHints":{"allow":["GET"]}}],"collection":[{"href":"https:\/\/comite-civico.org\/index.php?rest_route=\/wp\/v2\/posts"}],"about":[{"href":"https:\/\/comite-civico.org\/index.php?rest_route=\/wp\/v2\/types\/post"}],"author":[{"embeddable":true,"href":"https:\/\/comite-civico.org\/index.php?rest_route=\/wp\/v2\/users\/1"}],"replies":[{"embeddable":true,"href":"https:\/\/comite-civico.org\/index.php?rest_route=%2Fwp%2Fv2%2Fcomments&post=1963"}],"version-history":[{"count":2,"href":"https:\/\/comite-civico.org\/index.php?rest_route=\/wp\/v2\/posts\/1963\/revisions"}],"predecessor-version":[{"id":1966,"href":"https:\/\/comite-civico.org\/index.php?rest_route=\/wp\/v2\/posts\/1963\/revisions\/1966"}],"wp:featuredmedia":[{"embeddable":true,"href":"https:\/\/comite-civico.org\/index.php?rest_route=\/wp\/v2\/media\/1967"}],"wp:attachment":[{"href":"https:\/\/comite-civico.org\/index.php?rest_route=%2Fwp%2Fv2%2Fmedia&parent=1963"}],"wp:term":[{"taxonomy":"category","embeddable":true,"href":"https:\/\/comite-civico.org\/index.php?rest_route=%2Fwp%2Fv2%2Fcategories&post=1963"},{"taxonomy":"post_tag","embeddable":true,"href":"https:\/\/comite-civico.org\/index.php?rest_route=%2Fwp%2Fv2%2Ftags&post=1963"}],"curies":[{"name":"wp","href":"https:\/\/api.w.org\/{rel}","templated":true}]}}