{"id":1915,"date":"2024-09-25T17:00:00","date_gmt":"2024-09-25T22:00:00","guid":{"rendered":"http:\/\/comite-civico.org\/?p=1915"},"modified":"2024-09-25T18:21:26","modified_gmt":"2024-09-25T23:21:26","slug":"recorrido-de-verificacion-revela-incumplimientos-en-los-acuerdos-de-la-via-alterna","status":"publish","type":"post","link":"https:\/\/comite-civico.org\/?p=1915","title":{"rendered":"Recorrido de Verificaci\u00f3n Revela Incumplimientos en los Acuerdos de la V\u00eda Alterna"},"content":{"rendered":"\n<p>En el marco de los acuerdos alcanzados durante el Paro C\u00edvico de 2017, los d\u00edas 23 y 24 de septiembre del 2024 se llev\u00f3 a cabo un recorrido por la v\u00eda alterna, con el objetivo de verificar el cumplimiento de los compromisos establecidos en la consulta previa de 1998-1999. Durante el recorrido, las comunidades constataron que la mayor\u00eda de estos compromisos siguen sin cumplirse. Se evidenci\u00f3 la ausencia de puentes peatonales, la falta de iluminaci\u00f3n adecuada, la existencia de puentes vehiculares incompletos y serios problemas de drenaje que contin\u00faan afectando a varios barrios de la zona.<\/p>\n\n\n\n<figure class=\"wp-block-image size-large\"><img fetchpriority=\"high\" decoding=\"async\" width=\"1024\" height=\"576\" src=\"http:\/\/comite-civico.org\/wp-content\/uploads\/2024\/09\/Imagen-de-WhatsApp-2024-09-24-a-las-15.30.12_76b8666c-1024x576.jpg\" alt=\"\" class=\"wp-image-1918\" srcset=\"https:\/\/comite-civico.org\/wp-content\/uploads\/2024\/09\/Imagen-de-WhatsApp-2024-09-24-a-las-15.30.12_76b8666c-1024x576.jpg 1024w, https:\/\/comite-civico.org\/wp-content\/uploads\/2024\/09\/Imagen-de-WhatsApp-2024-09-24-a-las-15.30.12_76b8666c-300x169.jpg 300w, https:\/\/comite-civico.org\/wp-content\/uploads\/2024\/09\/Imagen-de-WhatsApp-2024-09-24-a-las-15.30.12_76b8666c-768x432.jpg 768w, https:\/\/comite-civico.org\/wp-content\/uploads\/2024\/09\/Imagen-de-WhatsApp-2024-09-24-a-las-15.30.12_76b8666c-1536x864.jpg 1536w, https:\/\/comite-civico.org\/wp-content\/uploads\/2024\/09\/Imagen-de-WhatsApp-2024-09-24-a-las-15.30.12_76b8666c-2048x1152.jpg 2048w\" sizes=\"(max-width: 1024px) 100vw, 1024px\" \/><\/figure>\n\n\n\n<p>En la actividad participaron representantes del Ministerio del Interior, la Autoridad Nacional de Consulta Previa, el Ministerio de Transporte, la Alcald\u00eda de Buenaventura, el movimiento del Paro C\u00edvico, Juntas de Acci\u00f3n Comunal y diversas organizaciones sociales, quienes reiteraron la exigencia de que se honren los compromisos adquiridos hace m\u00e1s de 25 a\u00f1os.<\/p>\n\n\n\n<figure class=\"wp-block-gallery has-nested-images columns-default is-cropped wp-block-gallery-1 is-layout-flex wp-block-gallery-is-layout-flex\"><\/figure>\n\n\n\n<p><\/p>\n","protected":false},"excerpt":{"rendered":"<p>En el marco de los acuerdos alcanzados durante el Paro C\u00edvico de 2017, los d\u00edas 23 y 24 de septiembre del 2024 se llev\u00f3 a cabo un recorrido por la v\u00eda alterna, con el objetivo de verificar el cumplimiento de los compromisos establecidos en la consulta previa de 1998-1999. Durante el recorrido, las comunidades constataron &#8230; <a title=\"Recorrido de Verificaci\u00f3n Revela Incumplimientos en los Acuerdos de la V\u00eda Alterna\" class=\"read-more\" href=\"https:\/\/comite-civico.org\/?p=1915\" aria-label=\"Read more about Recorrido de Verificaci\u00f3n Revela Incumplimientos en los Acuerdos de la V\u00eda Alterna\">Leer m\u00e1s<\/a><\/p>\n","protected":false},"author":1,"featured_media":1910,"comment_status":"open","ping_status":"open","sticky":false,"template":"","format":"standard","meta":{"footnotes":""},"categories":[16],"tags":[19],"class_list":["post-1915","post","type-post","status-publish","format-standard","has-post-thumbnail","hentry","category-logros","tag-noticia"],"acf":[],"yoast_head":"<!-- This site is optimized with the Yoast SEO plugin v25.0 - https:\/\/yoast.com\/wordpress\/plugins\/seo\/ -->\n<title>Recorrido de Verificaci\u00f3n Revela Incumplimientos en los Acuerdos de la V\u00eda Alterna - Movimiento Social Paro C\u00edvico de Buenaventura<\/title>\n<meta name=\"robots\" content=\"index, follow, max-snippet:-1, max-image-preview:large, max-video-preview:-1\" \/>\n<link rel=\"canonical\" href=\"https:\/\/comite-civico.org\/?p=1915\" \/>\n<meta property=\"og:locale\" content=\"es_ES\" \/>\n<meta property=\"og:type\" content=\"article\" \/>\n<meta property=\"og:title\" content=\"Recorrido de Verificaci\u00f3n Revela Incumplimientos en los Acuerdos de la V\u00eda Alterna - Movimiento Social Paro C\u00edvico de Buenaventura\" \/>\n<meta property=\"og:description\" content=\"En el marco de los acuerdos alcanzados durante el Paro C\u00edvico de 2017, los d\u00edas 23 y 24 de septiembre del 2024 se llev\u00f3 a cabo un recorrido por la v\u00eda alterna, con el objetivo de verificar el cumplimiento de los compromisos establecidos en la consulta previa de 1998-1999. Durante el recorrido, las comunidades constataron ... Leer m\u00e1s\" \/>\n<meta property=\"og:url\" content=\"https:\/\/comite-civico.org\/?p=1915\" \/>\n<meta property=\"og:site_name\" content=\"Movimiento Social Paro C\u00edvico de Buenaventura\" \/>\n<meta property=\"article:published_time\" content=\"2024-09-25T22:00:00+00:00\" \/>\n<meta property=\"article:modified_time\" content=\"2024-09-25T23:21:26+00:00\" \/>\n<meta property=\"og:image\" content=\"https:\/\/comite-civico.org\/wp-content\/uploads\/2024\/09\/Imagen-de-WhatsApp-2024-09-24-a-las-15.30.14_94f94574-scaled.jpg\" \/>\n\t<meta property=\"og:image:width\" content=\"2560\" \/>\n\t<meta property=\"og:image:height\" content=\"1404\" \/>\n\t<meta property=\"og:image:type\" content=\"image\/jpeg\" \/>\n<meta name=\"author\" content=\"comiteadmin\" \/>\n<meta name=\"twitter:card\" content=\"summary_large_image\" \/>\n<meta name=\"twitter:label1\" content=\"Escrito por\" \/>\n\t<meta name=\"twitter:data1\" content=\"comiteadmin\" \/>\n\t<meta name=\"twitter:label2\" content=\"Tiempo de lectura\" \/>\n\t<meta name=\"twitter:data2\" content=\"2 minutos\" \/>\n<script type=\"application\/ld+json\" class=\"yoast-schema-graph\">{\"@context\":\"https:\/\/schema.org\",\"@graph\":[{\"@type\":\"Article\",\"@id\":\"https:\/\/comite-civico.org\/?p=1915#article\",\"isPartOf\":{\"@id\":\"https:\/\/comite-civico.org\/?p=1915\"},\"author\":{\"name\":\"comiteadmin\",\"@id\":\"https:\/\/comite-civico.org\/#\/schema\/person\/eebdf569aa3565fa603cc9c5b53cea34\"},\"headline\":\"Recorrido de Verificaci\u00f3n Revela Incumplimientos en los Acuerdos de la V\u00eda Alterna\",\"datePublished\":\"2024-09-25T22:00:00+00:00\",\"dateModified\":\"2024-09-25T23:21:26+00:00\",\"mainEntityOfPage\":{\"@id\":\"https:\/\/comite-civico.org\/?p=1915\"},\"wordCount\":168,\"commentCount\":0,\"publisher\":{\"@id\":\"https:\/\/comite-civico.org\/#organization\"},\"image\":{\"@id\":\"https:\/\/comite-civico.org\/?p=1915#primaryimage\"},\"thumbnailUrl\":\"https:\/\/comite-civico.org\/wp-content\/uploads\/2024\/09\/Imagen-de-WhatsApp-2024-09-24-a-las-15.30.14_94f94574-scaled.jpg\",\"keywords\":[\"Noticia\"],\"articleSection\":[\"Logros\"],\"inLanguage\":\"es-CO\",\"potentialAction\":[{\"@type\":\"CommentAction\",\"name\":\"Comment\",\"target\":[\"https:\/\/comite-civico.org\/?p=1915#respond\"]}]},{\"@type\":\"WebPage\",\"@id\":\"https:\/\/comite-civico.org\/?p=1915\",\"url\":\"https:\/\/comite-civico.org\/?p=1915\",\"name\":\"Recorrido de Verificaci\u00f3n Revela Incumplimientos en los Acuerdos de la V\u00eda Alterna - Movimiento Social Paro C\u00edvico de Buenaventura\",\"isPartOf\":{\"@id\":\"https:\/\/comite-civico.org\/#website\"},\"primaryImageOfPage\":{\"@id\":\"https:\/\/comite-civico.org\/?p=1915#primaryimage\"},\"image\":{\"@id\":\"https:\/\/comite-civico.org\/?p=1915#primaryimage\"},\"thumbnailUrl\":\"https:\/\/comite-civico.org\/wp-content\/uploads\/2024\/09\/Imagen-de-WhatsApp-2024-09-24-a-las-15.30.14_94f94574-scaled.jpg\",\"datePublished\":\"2024-09-25T22:00:00+00:00\",\"dateModified\":\"2024-09-25T23:21:26+00:00\",\"breadcrumb\":{\"@id\":\"https:\/\/comite-civico.org\/?p=1915#breadcrumb\"},\"inLanguage\":\"es-CO\",\"potentialAction\":[{\"@type\":\"ReadAction\",\"target\":[\"https:\/\/comite-civico.org\/?p=1915\"]}]},{\"@type\":\"ImageObject\",\"inLanguage\":\"es-CO\",\"@id\":\"https:\/\/comite-civico.org\/?p=1915#primaryimage\",\"url\":\"https:\/\/comite-civico.org\/wp-content\/uploads\/2024\/09\/Imagen-de-WhatsApp-2024-09-24-a-las-15.30.14_94f94574-scaled.jpg\",\"contentUrl\":\"https:\/\/comite-civico.org\/wp-content\/uploads\/2024\/09\/Imagen-de-WhatsApp-2024-09-24-a-las-15.30.14_94f94574-scaled.jpg\",\"width\":2560,\"height\":1404},{\"@type\":\"BreadcrumbList\",\"@id\":\"https:\/\/comite-civico.org\/?p=1915#breadcrumb\",\"itemListElement\":[{\"@type\":\"ListItem\",\"position\":1,\"name\":\"Inicio\",\"item\":\"https:\/\/comite-civico.org\/\"},{\"@type\":\"ListItem\",\"position\":2,\"name\":\"Recorrido de Verificaci\u00f3n Revela Incumplimientos en los Acuerdos de la V\u00eda Alterna\"}]},{\"@type\":\"WebSite\",\"@id\":\"https:\/\/comite-civico.org\/#website\",\"url\":\"https:\/\/comite-civico.org\/\",\"name\":\"Movimiento Social Paro C\u00edvico de Buenaventura\",\"description\":\"Movimiento Social Paro C\u00edvico de Buenaventura\",\"publisher\":{\"@id\":\"https:\/\/comite-civico.org\/#organization\"},\"potentialAction\":[{\"@type\":\"SearchAction\",\"target\":{\"@type\":\"EntryPoint\",\"urlTemplate\":\"https:\/\/comite-civico.org\/?s={search_term_string}\"},\"query-input\":{\"@type\":\"PropertyValueSpecification\",\"valueRequired\":true,\"valueName\":\"search_term_string\"}}],\"inLanguage\":\"es-CO\"},{\"@type\":\"Organization\",\"@id\":\"https:\/\/comite-civico.org\/#organization\",\"name\":\"Movimiento Social Paro C\u00edvico de Buenaventura\",\"url\":\"https:\/\/comite-civico.org\/\",\"logo\":{\"@type\":\"ImageObject\",\"inLanguage\":\"es-CO\",\"@id\":\"https:\/\/comite-civico.org\/#\/schema\/logo\/image\/\",\"url\":\"https:\/\/comite-civico.org\/wp-content\/uploads\/2021\/03\/Logo-de-Movimiento-Blanco-scaled.png\",\"contentUrl\":\"https:\/\/comite-civico.org\/wp-content\/uploads\/2021\/03\/Logo-de-Movimiento-Blanco-scaled.png\",\"width\":2560,\"height\":1810,\"caption\":\"Movimiento Social Paro C\u00edvico de Buenaventura\"},\"image\":{\"@id\":\"https:\/\/comite-civico.org\/#\/schema\/logo\/image\/\"}},{\"@type\":\"Person\",\"@id\":\"https:\/\/comite-civico.org\/#\/schema\/person\/eebdf569aa3565fa603cc9c5b53cea34\",\"name\":\"comiteadmin\",\"image\":{\"@type\":\"ImageObject\",\"inLanguage\":\"es-CO\",\"@id\":\"https:\/\/comite-civico.org\/#\/schema\/person\/image\/\",\"url\":\"https:\/\/secure.gravatar.com\/avatar\/516fb540621996b28f565fdf033072d55dd3fe76896ef4af5250b5fec1b457fe?s=96&d=mm&r=g\",\"contentUrl\":\"https:\/\/secure.gravatar.com\/avatar\/516fb540621996b28f565fdf033072d55dd3fe76896ef4af5250b5fec1b457fe?s=96&d=mm&r=g\",\"caption\":\"comiteadmin\"},\"sameAs\":[\"https:\/\/comite-civico.org\/\"],\"url\":\"https:\/\/comite-civico.org\/?author=1\"}]}<\/script>\n<!-- \/ Yoast SEO plugin. -->","yoast_head_json":{"title":"Recorrido de Verificaci\u00f3n Revela Incumplimientos en los Acuerdos de la V\u00eda Alterna - Movimiento Social Paro C\u00edvico de Buenaventura","robots":{"index":"index","follow":"follow","max-snippet":"max-snippet:-1","max-image-preview":"max-image-preview:large","max-video-preview":"max-video-preview:-1"},"canonical":"https:\/\/comite-civico.org\/?p=1915","og_locale":"es_ES","og_type":"article","og_title":"Recorrido de Verificaci\u00f3n Revela Incumplimientos en los Acuerdos de la V\u00eda Alterna - Movimiento Social Paro C\u00edvico de Buenaventura","og_description":"En el marco de los acuerdos alcanzados durante el Paro C\u00edvico de 2017, los d\u00edas 23 y 24 de septiembre del 2024 se llev\u00f3 a cabo un recorrido por la v\u00eda alterna, con el objetivo de verificar el cumplimiento de los compromisos establecidos en la consulta previa de 1998-1999. Durante el recorrido, las comunidades constataron ... Leer m\u00e1s","og_url":"https:\/\/comite-civico.org\/?p=1915","og_site_name":"Movimiento Social Paro C\u00edvico de Buenaventura","article_published_time":"2024-09-25T22:00:00+00:00","article_modified_time":"2024-09-25T23:21:26+00:00","og_image":[{"width":2560,"height":1404,"url":"https:\/\/comite-civico.org\/wp-content\/uploads\/2024\/09\/Imagen-de-WhatsApp-2024-09-24-a-las-15.30.14_94f94574-scaled.jpg","type":"image\/jpeg"}],"author":"comiteadmin","twitter_card":"summary_large_image","twitter_misc":{"Escrito por":"comiteadmin","Tiempo de lectura":"2 minutos"},"schema":{"@context":"https:\/\/schema.org","@graph":[{"@type":"Article","@id":"https:\/\/comite-civico.org\/?p=1915#article","isPartOf":{"@id":"https:\/\/comite-civico.org\/?p=1915"},"author":{"name":"comiteadmin","@id":"https:\/\/comite-civico.org\/#\/schema\/person\/eebdf569aa3565fa603cc9c5b53cea34"},"headline":"Recorrido de Verificaci\u00f3n Revela Incumplimientos en los Acuerdos de la V\u00eda Alterna","datePublished":"2024-09-25T22:00:00+00:00","dateModified":"2024-09-25T23:21:26+00:00","mainEntityOfPage":{"@id":"https:\/\/comite-civico.org\/?p=1915"},"wordCount":168,"commentCount":0,"publisher":{"@id":"https:\/\/comite-civico.org\/#organization"},"image":{"@id":"https:\/\/comite-civico.org\/?p=1915#primaryimage"},"thumbnailUrl":"https:\/\/comite-civico.org\/wp-content\/uploads\/2024\/09\/Imagen-de-WhatsApp-2024-09-24-a-las-15.30.14_94f94574-scaled.jpg","keywords":["Noticia"],"articleSection":["Logros"],"inLanguage":"es-CO","potentialAction":[{"@type":"CommentAction","name":"Comment","target":["https:\/\/comite-civico.org\/?p=1915#respond"]}]},{"@type":"WebPage","@id":"https:\/\/comite-civico.org\/?p=1915","url":"https:\/\/comite-civico.org\/?p=1915","name":"Recorrido de Verificaci\u00f3n Revela Incumplimientos en los Acuerdos de la V\u00eda Alterna - Movimiento Social Paro C\u00edvico de Buenaventura","isPartOf":{"@id":"https:\/\/comite-civico.org\/#website"},"primaryImageOfPage":{"@id":"https:\/\/comite-civico.org\/?p=1915#primaryimage"},"image":{"@id":"https:\/\/comite-civico.org\/?p=1915#primaryimage"},"thumbnailUrl":"https:\/\/comite-civico.org\/wp-content\/uploads\/2024\/09\/Imagen-de-WhatsApp-2024-09-24-a-las-15.30.14_94f94574-scaled.jpg","datePublished":"2024-09-25T22:00:00+00:00","dateModified":"2024-09-25T23:21:26+00:00","breadcrumb":{"@id":"https:\/\/comite-civico.org\/?p=1915#breadcrumb"},"inLanguage":"es-CO","potentialAction":[{"@type":"ReadAction","target":["https:\/\/comite-civico.org\/?p=1915"]}]},{"@type":"ImageObject","inLanguage":"es-CO","@id":"https:\/\/comite-civico.org\/?p=1915#primaryimage","url":"https:\/\/comite-civico.org\/wp-content\/uploads\/2024\/09\/Imagen-de-WhatsApp-2024-09-24-a-las-15.30.14_94f94574-scaled.jpg","contentUrl":"https:\/\/comite-civico.org\/wp-content\/uploads\/2024\/09\/Imagen-de-WhatsApp-2024-09-24-a-las-15.30.14_94f94574-scaled.jpg","width":2560,"height":1404},{"@type":"BreadcrumbList","@id":"https:\/\/comite-civico.org\/?p=1915#breadcrumb","itemListElement":[{"@type":"ListItem","position":1,"name":"Inicio","item":"https:\/\/comite-civico.org\/"},{"@type":"ListItem","position":2,"name":"Recorrido de Verificaci\u00f3n Revela Incumplimientos en los Acuerdos de la V\u00eda Alterna"}]},{"@type":"WebSite","@id":"https:\/\/comite-civico.org\/#website","url":"https:\/\/comite-civico.org\/","name":"Movimiento Social Paro C\u00edvico de Buenaventura","description":"Movimiento Social Paro C\u00edvico de Buenaventura","publisher":{"@id":"https:\/\/comite-civico.org\/#organization"},"potentialAction":[{"@type":"SearchAction","target":{"@type":"EntryPoint","urlTemplate":"https:\/\/comite-civico.org\/?s={search_term_string}"},"query-input":{"@type":"PropertyValueSpecification","valueRequired":true,"valueName":"search_term_string"}}],"inLanguage":"es-CO"},{"@type":"Organization","@id":"https:\/\/comite-civico.org\/#organization","name":"Movimiento Social Paro C\u00edvico de Buenaventura","url":"https:\/\/comite-civico.org\/","logo":{"@type":"ImageObject","inLanguage":"es-CO","@id":"https:\/\/comite-civico.org\/#\/schema\/logo\/image\/","url":"https:\/\/comite-civico.org\/wp-content\/uploads\/2021\/03\/Logo-de-Movimiento-Blanco-scaled.png","contentUrl":"https:\/\/comite-civico.org\/wp-content\/uploads\/2021\/03\/Logo-de-Movimiento-Blanco-scaled.png","width":2560,"height":1810,"caption":"Movimiento Social Paro C\u00edvico de Buenaventura"},"image":{"@id":"https:\/\/comite-civico.org\/#\/schema\/logo\/image\/"}},{"@type":"Person","@id":"https:\/\/comite-civico.org\/#\/schema\/person\/eebdf569aa3565fa603cc9c5b53cea34","name":"comiteadmin","image":{"@type":"ImageObject","inLanguage":"es-CO","@id":"https:\/\/comite-civico.org\/#\/schema\/person\/image\/","url":"https:\/\/secure.gravatar.com\/avatar\/516fb540621996b28f565fdf033072d55dd3fe76896ef4af5250b5fec1b457fe?s=96&d=mm&r=g","contentUrl":"https:\/\/secure.gravatar.com\/avatar\/516fb540621996b28f565fdf033072d55dd3fe76896ef4af5250b5fec1b457fe?s=96&d=mm&r=g","caption":"comiteadmin"},"sameAs":["https:\/\/comite-civico.org\/"],"url":"https:\/\/comite-civico.org\/?author=1"}]}},"_links":{"self":[{"href":"https:\/\/comite-civico.org\/index.php?rest_route=\/wp\/v2\/posts\/1915","targetHints":{"allow":["GET"]}}],"collection":[{"href":"https:\/\/comite-civico.org\/index.php?rest_route=\/wp\/v2\/posts"}],"about":[{"href":"https:\/\/comite-civico.org\/index.php?rest_route=\/wp\/v2\/types\/post"}],"author":[{"embeddable":true,"href":"https:\/\/comite-civico.org\/index.php?rest_route=\/wp\/v2\/users\/1"}],"replies":[{"embeddable":true,"href":"https:\/\/comite-civico.org\/index.php?rest_route=%2Fwp%2Fv2%2Fcomments&post=1915"}],"version-history":[{"count":5,"href":"https:\/\/comite-civico.org\/index.php?rest_route=\/wp\/v2\/posts\/1915\/revisions"}],"predecessor-version":[{"id":1923,"href":"https:\/\/comite-civico.org\/index.php?rest_route=\/wp\/v2\/posts\/1915\/revisions\/1923"}],"wp:featuredmedia":[{"embeddable":true,"href":"https:\/\/comite-civico.org\/index.php?rest_route=\/wp\/v2\/media\/1910"}],"wp:attachment":[{"href":"https:\/\/comite-civico.org\/index.php?rest_route=%2Fwp%2Fv2%2Fmedia&parent=1915"}],"wp:term":[{"taxonomy":"category","embeddable":true,"href":"https:\/\/comite-civico.org\/index.php?rest_route=%2Fwp%2Fv2%2Fcategories&post=1915"},{"taxonomy":"post_tag","embeddable":true,"href":"https:\/\/comite-civico.org\/index.php?rest_route=%2Fwp%2Fv2%2Ftags&post=1915"}],"curies":[{"name":"wp","href":"https:\/\/api.w.org\/{rel}","templated":true}]}}